{"id":53925,"date":"2024-06-30T20:37:22","date_gmt":"2024-06-30T19:37:22","guid":{"rendered":"https:\/\/lasentinelle.dz\/?p=53925"},"modified":"2024-06-30T20:37:23","modified_gmt":"2024-06-30T19:37:23","slug":"presidentielle-du-7-septembre-nouveaux-appels-au-president-tebboune-a-briguer-un-second-mandat","status":"publish","type":"post","link":"https:\/\/lasentinelle.dz\/index.php\/2024\/06\/30\/presidentielle-du-7-septembre-nouveaux-appels-au-president-tebboune-a-briguer-un-second-mandat\/","title":{"rendered":"Pr\u00e9sidentielle du 7 septembre: Nouveaux appels au Pr\u00e9sident Tebboune \u00e0 briguer un second mandat"},"content":{"rendered":"\n<p>Alors que les d\u00e9lais impartis aux candidats \u00e0 la candidature s&rsquo;approchent, les appels lanc\u00e9s au pr\u00e9sident de la R\u00e9publique, Abdelmadjid Tebboune, \u00e0 briguer un second mandat se multiplient. Alors que plusieurs formations politiques ont r\u00e9it\u00e9r\u00e9 leur appel ce week-end, des parlementaires se joignent \u00e0 la d\u00e9marche. Ainsi, et alors que la session parlementaire a \u00e9t\u00e9 cl\u00f4tur\u00e9e hier, le groupe parlementaire des ind\u00e9pendants \u00e0 l&rsquo;Assembl\u00e9e populaire nationale a appel\u00e9, hier dans un communiqu\u00e9, le pr\u00e9sident de la R\u00e9publique \u00e0 briguer un deuxi\u00e8me mandat pour parachever le processus d&rsquo;\u00e9dification de l&rsquo;Alg\u00e9rie nouvelle. Le groupe parlementaire a exprim\u00e9, son \u00ab\u00a0soutien total\u00a0\u00bb au pr\u00e9sident de la R\u00e9publique, l&rsquo;appelant \u00ab\u00a0au nom des \u00e9lus ind\u00e9pendants dans les deux chambres du Parlement et les Assembl\u00e9es populaires de wilaya et communales\u00a0\u00bb \u00e0 se porter candidat pour un deuxi\u00e8me mandat en vue de \u00ab\u00a0parachever le processus d&rsquo;\u00e9dification de l&rsquo;Alg\u00e9rie nouvelle, l&rsquo;Alg\u00e9rie de la d\u00e9mocratie, de la justice sociale et des institutions fortes\u00a0\u00bb. Cet appel, ajoute le groupe parlementaire, intervient eu \u00e9gard aux \u00ab\u00a0capacit\u00e9s de leadership du pr\u00e9sident de la R\u00e9publique\u00a0\u00bb et \u00e0 \u00ab\u00a0sa vision clairvoyante ayant permis la concr\u00e9tisation de nombreuses r\u00e9alisations dans notre pays\u00a0\u00bb. Il d\u00e9coule aussi de \u00ab\u00a0notre conviction qu&rsquo;il s&rsquo;agit de la bonne personne pour diriger le pays et qu&rsquo;un deuxi\u00e8me mandat renforcera la stabilit\u00e9 et le d\u00e9veloppement et contribuera \u00e0 la r\u00e9alisation de davantage de progr\u00e8s et de prosp\u00e9rit\u00e9 pour le peuple\u00a0\u00bb, poursuit le communiqu\u00e9. De plus, les \u00e9lus ind\u00e9pendants se sont dits \u00ab\u00a0pleinement dispos\u00e9s \u00e0 concourir \u00e0 la r\u00e9ussite de l&rsquo;\u00e9lection pr\u00e9sidentielle pr\u00e9vue le 7 septembre prochain\u00a0\u00bb, appelant le peuple, toutes composantes confondues, \u00e0 \u00ab\u00a0une participation massive \u00e0 cette importante \u00e9ch\u00e9ance pour consolider la stabilit\u00e9 politique et institutionnelle de notre pays\u00a0\u00bb. Les \u00e9lus ont, par ailleurs, \u00ab\u00a0salu\u00e9 l&rsquo;Arm\u00e9e nationale populaire (ANP), digne h\u00e9riti\u00e8re de l&rsquo;Arm\u00e9e de lib\u00e9ration nationale (ALN), rempart inexpugnable face \u00e0 tous les complots et man\u0153uvres d\u00e9l\u00e9t\u00e8res ciblant la s\u00e9curit\u00e9 et la stabilit\u00e9 du pays\u00a0\u00bb, soutenant que \u00ab\u00a0la forte coh\u00e9sion entre le peuple alg\u00e9rien et sa vaillante Arm\u00e9e demeurera une soupape de s\u00e9curit\u00e9 pour notre pays\u00a0\u00bb.<\/p>\n\n\n\n<p><strong>31 candidats ont retir\u00e9 les formulaires<\/strong><\/p>\n\n\n\n<p>Notons que l&rsquo;Autorit\u00e9 nationale ind\u00e9pendante des \u00e9lections a rappel\u00e9 que le d\u00e9lai constitutionnellement fix\u00e9 aux candidats \u00e0 la candidature pour la pr\u00e9sidentielle \u00e0 40 jours apr\u00e8s la convocation du corps \u00e9lectoral expire le 18 juillet \u00e0 minuit. 31 pr\u00e9tendants ont retir\u00e9 les formulaires de souscriptions \u00e0 ce jour. Une op\u00e9ration pour laquelle plus de 14.000 agents ont \u00e9t\u00e9 mobilis\u00e9s, avait d\u00e9clar\u00e9 le pr\u00e9sident de l&rsquo;ANIE, Mohamed Charfi. &nbsp;Le d\u00e9p\u00f4t des dossiers par les postulants \u00e0 la candidature se fait au niveau des 4.903 points de l\u00e9galisation r\u00e9partis \u00e0 travers le territoire national. La liste des candidats \u00e9ligibles sera publi\u00e9e par l&rsquo;ANIE le 27 juillet, et dont les dossiers seront transmis \u00e0 la Cour constitutionnelle pour validation. Les candidats dont les dossiers ont \u00e9t\u00e9 rejet\u00e9s pourront introduire un recours dans un d\u00e9lai maximum de 48 heures apr\u00e8s la notification finale de l\u2019Autorit\u00e9 transmise \u00e0 cette Cour.<\/p>\n\n\n\n<p>Chokri Hafed<\/p>\n","protected":false},"excerpt":{"rendered":"<p>Alors que les d\u00e9lais impartis aux candidats \u00e0 la candidature s&rsquo;approchent, les appels lanc\u00e9s au pr\u00e9sident de la R\u00e9publique, Abdelmadjid<\/p>\n","protected":false},"author":3,"featured_media":53926,"comment_status":"open","ping_status":"closed","sticky":false,"template":"","format":"standard","meta":{"colormag_page_container_layout":"default_layout","colormag_page_sidebar_layout":"default_layout","om_disable_all_campaigns":false,"_monsterinsights_skip_tracking":false,"_monsterinsights_sitenote_active":false,"_monsterinsights_sitenote_note":"","_monsterinsights_sitenote_category":0,"footnotes":"","_wpscppro_dont_share_socialmedia":false,"_wpscppro_custom_social_share_image":0,"_facebook_share_type":"default","_twitter_share_type":"default","_linkedin_share_type":"default","_pinterest_share_type":"default","_linkedin_share_type_page":"","_instagram_share_type":"default","_medium_share_type":"","_threads_share_type":"","_google_business_share_type":"","_selected_social_profile":[],"_wpsp_enable_custom_social_template":false,"_wpsp_social_scheduling":{"enabled":false,"datetime":null,"platforms":[],"status":"template_only","dateOption":"today","timeOption":"now","customDays":"","customHours":"","customDate":"","customTime":"","schedulingType":"absolute"},"_wpsp_active_default_template":true},"categories":[27],"tags":[],"class_list":["post-53925","post","type-post","status-publish","format-standard","has-post-thumbnail","hentry","category-actualite"],"aioseo_notices":[],"yoast_head":"<!-- This site is optimized with the Yoast SEO plugin v27.5 - https:\/\/yoast.com\/product\/yoast-seo-wordpress\/ -->\n<title>Pr\u00e9sidentielle du 7 septembre: Nouveaux appels au Pr\u00e9sident Tebboune \u00e0 briguer un second mandat - La Sentinelle<\/title>\n<meta name=\"robots\" content=\"index, follow, max-snippet:-1, max-image-preview:large, max-video-preview:-1\" \/>\n<link rel=\"canonical\" href=\"https:\/\/lasentinelle.dz\/index.php\/2024\/06\/30\/presidentielle-du-7-septembre-nouveaux-appels-au-president-tebboune-a-briguer-un-second-mandat\/\" \/>\n<meta property=\"og:locale\" content=\"fr_FR\" \/>\n<meta property=\"og:type\" content=\"article\" \/>\n<meta property=\"og:title\" content=\"Pr\u00e9sidentielle du 7 septembre: Nouveaux appels au Pr\u00e9sident Tebboune \u00e0 briguer un second mandat - La Sentinelle\" \/>\n<meta property=\"og:description\" content=\"Alors que les d\u00e9lais impartis aux candidats \u00e0 la candidature s&rsquo;approchent, les appels lanc\u00e9s au pr\u00e9sident de la R\u00e9publique, Abdelmadjid\" \/>\n<meta property=\"og:url\" content=\"https:\/\/lasentinelle.dz\/index.php\/2024\/06\/30\/presidentielle-du-7-septembre-nouveaux-appels-au-president-tebboune-a-briguer-un-second-mandat\/\" \/>\n<meta property=\"og:site_name\" content=\"La Sentinelle\" \/>\n<meta property=\"article:publisher\" content=\"https:\/\/www.facebook.com\/La-Sentinelle-104059864394773\" \/>\n<meta property=\"article:published_time\" content=\"2024-06-30T19:37:22+00:00\" \/>\n<meta property=\"article:modified_time\" content=\"2024-06-30T19:37:23+00:00\" \/>\n<meta property=\"og:image\" content=\"https:\/\/lasentinelle.dz\/wp-content\/uploads\/2024\/06\/tebboune-2.jpeg\" \/>\n\t<meta property=\"og:image:width\" content=\"308\" \/>\n\t<meta property=\"og:image:height\" content=\"409\" \/>\n\t<meta property=\"og:image:type\" content=\"image\/jpeg\" \/>\n<meta name=\"author\" content=\"La Sentinelle\" \/>\n<meta name=\"twitter:card\" content=\"summary_large_image\" \/>\n<meta name=\"twitter:label1\" content=\"\u00c9crit par\" \/>\n\t<meta name=\"twitter:data1\" content=\"La Sentinelle\" \/>\n\t<meta name=\"twitter:label2\" content=\"Dur\u00e9e de lecture estim\u00e9e\" \/>\n\t<meta name=\"twitter:data2\" content=\"3 minutes\" \/>\n<script type=\"application\/ld+json\" class=\"yoast-schema-graph\">{\"@context\":\"https:\\\/\\\/schema.org\",\"@graph\":[{\"@type\":\"Article\",\"@id\":\"https:\\\/\\\/lasentinelle.dz\\\/index.php\\\/2024\\\/06\\\/30\\\/presidentielle-du-7-septembre-nouveaux-appels-au-president-tebboune-a-briguer-un-second-mandat\\\/#article\",\"isPartOf\":{\"@id\":\"https:\\\/\\\/lasentinelle.dz\\\/index.php\\\/2024\\\/06\\\/30\\\/presidentielle-du-7-septembre-nouveaux-appels-au-president-tebboune-a-briguer-un-second-mandat\\\/\"},\"author\":{\"name\":\"La Sentinelle\",\"@id\":\"https:\\\/\\\/lasentinelle.dz\\\/#\\\/schema\\\/person\\\/d865044e22e70a75174ce8bcad3acfb3\"},\"headline\":\"Pr\u00e9sidentielle du 7 septembre: Nouveaux appels au Pr\u00e9sident Tebboune \u00e0 briguer un second mandat\",\"datePublished\":\"2024-06-30T19:37:22+00:00\",\"dateModified\":\"2024-06-30T19:37:23+00:00\",\"mainEntityOfPage\":{\"@id\":\"https:\\\/\\\/lasentinelle.dz\\\/index.php\\\/2024\\\/06\\\/30\\\/presidentielle-du-7-septembre-nouveaux-appels-au-president-tebboune-a-briguer-un-second-mandat\\\/\"},\"wordCount\":561,\"commentCount\":0,\"publisher\":{\"@id\":\"https:\\\/\\\/lasentinelle.dz\\\/#organization\"},\"image\":{\"@id\":\"https:\\\/\\\/lasentinelle.dz\\\/index.php\\\/2024\\\/06\\\/30\\\/presidentielle-du-7-septembre-nouveaux-appels-au-president-tebboune-a-briguer-un-second-mandat\\\/#primaryimage\"},\"thumbnailUrl\":\"https:\\\/\\\/lasentinelle.dz\\\/wp-content\\\/uploads\\\/2024\\\/06\\\/tebboune-2.jpeg\",\"articleSection\":[\"Actualit\u00e9\"],\"inLanguage\":\"fr-FR\",\"potentialAction\":[{\"@type\":\"CommentAction\",\"name\":\"Comment\",\"target\":[\"https:\\\/\\\/lasentinelle.dz\\\/index.php\\\/2024\\\/06\\\/30\\\/presidentielle-du-7-septembre-nouveaux-appels-au-president-tebboune-a-briguer-un-second-mandat\\\/#respond\"]}]},{\"@type\":\"WebPage\",\"@id\":\"https:\\\/\\\/lasentinelle.dz\\\/index.php\\\/2024\\\/06\\\/30\\\/presidentielle-du-7-septembre-nouveaux-appels-au-president-tebboune-a-briguer-un-second-mandat\\\/\",\"url\":\"https:\\\/\\\/lasentinelle.dz\\\/index.php\\\/2024\\\/06\\\/30\\\/presidentielle-du-7-septembre-nouveaux-appels-au-president-tebboune-a-briguer-un-second-mandat\\\/\",\"name\":\"Pr\u00e9sidentielle du 7 septembre: Nouveaux appels au Pr\u00e9sident Tebboune \u00e0 briguer un second mandat - La Sentinelle\",\"isPartOf\":{\"@id\":\"https:\\\/\\\/lasentinelle.dz\\\/#website\"},\"primaryImageOfPage\":{\"@id\":\"https:\\\/\\\/lasentinelle.dz\\\/index.php\\\/2024\\\/06\\\/30\\\/presidentielle-du-7-septembre-nouveaux-appels-au-president-tebboune-a-briguer-un-second-mandat\\\/#primaryimage\"},\"image\":{\"@id\":\"https:\\\/\\\/lasentinelle.dz\\\/index.php\\\/2024\\\/06\\\/30\\\/presidentielle-du-7-septembre-nouveaux-appels-au-president-tebboune-a-briguer-un-second-mandat\\\/#primaryimage\"},\"thumbnailUrl\":\"https:\\\/\\\/lasentinelle.dz\\\/wp-content\\\/uploads\\\/2024\\\/06\\\/tebboune-2.jpeg\",\"datePublished\":\"2024-06-30T19:37:22+00:00\",\"dateModified\":\"2024-06-30T19:37:23+00:00\",\"breadcrumb\":{\"@id\":\"https:\\\/\\\/lasentinelle.dz\\\/index.php\\\/2024\\\/06\\\/30\\\/presidentielle-du-7-septembre-nouveaux-appels-au-president-tebboune-a-briguer-un-second-mandat\\\/#breadcrumb\"},\"inLanguage\":\"fr-FR\",\"potentialAction\":[{\"@type\":\"ReadAction\",\"target\":[\"https:\\\/\\\/lasentinelle.dz\\\/index.php\\\/2024\\\/06\\\/30\\\/presidentielle-du-7-septembre-nouveaux-appels-au-president-tebboune-a-briguer-un-second-mandat\\\/\"]}]},{\"@type\":\"ImageObject\",\"inLanguage\":\"fr-FR\",\"@id\":\"https:\\\/\\\/lasentinelle.dz\\\/index.php\\\/2024\\\/06\\\/30\\\/presidentielle-du-7-septembre-nouveaux-appels-au-president-tebboune-a-briguer-un-second-mandat\\\/#primaryimage\",\"url\":\"https:\\\/\\\/lasentinelle.dz\\\/wp-content\\\/uploads\\\/2024\\\/06\\\/tebboune-2.jpeg\",\"contentUrl\":\"https:\\\/\\\/lasentinelle.dz\\\/wp-content\\\/uploads\\\/2024\\\/06\\\/tebboune-2.jpeg\",\"width\":308,\"height\":409},{\"@type\":\"BreadcrumbList\",\"@id\":\"https:\\\/\\\/lasentinelle.dz\\\/index.php\\\/2024\\\/06\\\/30\\\/presidentielle-du-7-septembre-nouveaux-appels-au-president-tebboune-a-briguer-un-second-mandat\\\/#breadcrumb\",\"itemListElement\":[{\"@type\":\"ListItem\",\"position\":1,\"name\":\"Accueil\",\"item\":\"https:\\\/\\\/lasentinelle.dz\\\/\"},{\"@type\":\"ListItem\",\"position\":2,\"name\":\"Pr\u00e9sidentielle du 7 septembre: Nouveaux appels au Pr\u00e9sident Tebboune \u00e0 briguer un second mandat\"}]},{\"@type\":\"WebSite\",\"@id\":\"https:\\\/\\\/lasentinelle.dz\\\/#website\",\"url\":\"https:\\\/\\\/lasentinelle.dz\\\/\",\"name\":\"La Sentinelle\",\"description\":\"Quotidien national d&#039;information\",\"publisher\":{\"@id\":\"https:\\\/\\\/lasentinelle.dz\\\/#organization\"},\"potentialAction\":[{\"@type\":\"SearchAction\",\"target\":{\"@type\":\"EntryPoint\",\"urlTemplate\":\"https:\\\/\\\/lasentinelle.dz\\\/?s={search_term_string}\"},\"query-input\":{\"@type\":\"PropertyValueSpecification\",\"valueRequired\":true,\"valueName\":\"search_term_string\"}}],\"inLanguage\":\"fr-FR\"},{\"@type\":\"Organization\",\"@id\":\"https:\\\/\\\/lasentinelle.dz\\\/#organization\",\"name\":\"Quotidien La Sentinelle\",\"url\":\"https:\\\/\\\/lasentinelle.dz\\\/\",\"logo\":{\"@type\":\"ImageObject\",\"inLanguage\":\"fr-FR\",\"@id\":\"https:\\\/\\\/lasentinelle.dz\\\/#\\\/schema\\\/logo\\\/image\\\/\",\"url\":\"https:\\\/\\\/lasentinelle.dz\\\/wp-content\\\/uploads\\\/2021\\\/09\\\/logo-sentinelleSLOGAN-1.png\",\"contentUrl\":\"https:\\\/\\\/lasentinelle.dz\\\/wp-content\\\/uploads\\\/2021\\\/09\\\/logo-sentinelleSLOGAN-1.png\",\"width\":615,\"height\":142,\"caption\":\"Quotidien La Sentinelle\"},\"image\":{\"@id\":\"https:\\\/\\\/lasentinelle.dz\\\/#\\\/schema\\\/logo\\\/image\\\/\"},\"sameAs\":[\"https:\\\/\\\/www.facebook.com\\\/La-Sentinelle-104059864394773\"]},{\"@type\":\"Person\",\"@id\":\"https:\\\/\\\/lasentinelle.dz\\\/#\\\/schema\\\/person\\\/d865044e22e70a75174ce8bcad3acfb3\",\"name\":\"La Sentinelle\",\"image\":{\"@type\":\"ImageObject\",\"inLanguage\":\"fr-FR\",\"@id\":\"https:\\\/\\\/secure.gravatar.com\\\/avatar\\\/57de8e5d4b15d43fb361a71fbb36338450fe67865b528a43dd10ef7c51a20392?s=96&d=mm&r=g\",\"url\":\"https:\\\/\\\/secure.gravatar.com\\\/avatar\\\/57de8e5d4b15d43fb361a71fbb36338450fe67865b528a43dd10ef7c51a20392?s=96&d=mm&r=g\",\"contentUrl\":\"https:\\\/\\\/secure.gravatar.com\\\/avatar\\\/57de8e5d4b15d43fb361a71fbb36338450fe67865b528a43dd10ef7c51a20392?s=96&d=mm&r=g\",\"caption\":\"La Sentinelle\"},\"sameAs\":[\"http:\\\/\\\/www.lasentinelle.dz\"],\"url\":\"https:\\\/\\\/lasentinelle.dz\\\/author\\\/redaction\\\/\"}]}<\/script>\n<!-- \/ Yoast SEO plugin. -->","yoast_head_json":{"title":"Pr\u00e9sidentielle du 7 septembre: Nouveaux appels au Pr\u00e9sident Tebboune \u00e0 briguer un second mandat - La Sentinelle","robots":{"index":"index","follow":"follow","max-snippet":"max-snippet:-1","max-image-preview":"max-image-preview:large","max-video-preview":"max-video-preview:-1"},"canonical":"https:\/\/lasentinelle.dz\/index.php\/2024\/06\/30\/presidentielle-du-7-septembre-nouveaux-appels-au-president-tebboune-a-briguer-un-second-mandat\/","og_locale":"fr_FR","og_type":"article","og_title":"Pr\u00e9sidentielle du 7 septembre: Nouveaux appels au Pr\u00e9sident Tebboune \u00e0 briguer un second mandat - La Sentinelle","og_description":"Alors que les d\u00e9lais impartis aux candidats \u00e0 la candidature s&rsquo;approchent, les appels lanc\u00e9s au pr\u00e9sident de la R\u00e9publique, Abdelmadjid","og_url":"https:\/\/lasentinelle.dz\/index.php\/2024\/06\/30\/presidentielle-du-7-septembre-nouveaux-appels-au-president-tebboune-a-briguer-un-second-mandat\/","og_site_name":"La Sentinelle","article_publisher":"https:\/\/www.facebook.com\/La-Sentinelle-104059864394773","article_published_time":"2024-06-30T19:37:22+00:00","article_modified_time":"2024-06-30T19:37:23+00:00","og_image":[{"width":308,"height":409,"url":"https:\/\/lasentinelle.dz\/wp-content\/uploads\/2024\/06\/tebboune-2.jpeg","type":"image\/jpeg"}],"author":"La Sentinelle","twitter_card":"summary_large_image","twitter_misc":{"\u00c9crit par":"La Sentinelle","Dur\u00e9e de lecture estim\u00e9e":"3 minutes"},"schema":{"@context":"https:\/\/schema.org","@graph":[{"@type":"Article","@id":"https:\/\/lasentinelle.dz\/index.php\/2024\/06\/30\/presidentielle-du-7-septembre-nouveaux-appels-au-president-tebboune-a-briguer-un-second-mandat\/#article","isPartOf":{"@id":"https:\/\/lasentinelle.dz\/index.php\/2024\/06\/30\/presidentielle-du-7-septembre-nouveaux-appels-au-president-tebboune-a-briguer-un-second-mandat\/"},"author":{"name":"La Sentinelle","@id":"https:\/\/lasentinelle.dz\/#\/schema\/person\/d865044e22e70a75174ce8bcad3acfb3"},"headline":"Pr\u00e9sidentielle du 7 septembre: Nouveaux appels au Pr\u00e9sident Tebboune \u00e0 briguer un second mandat","datePublished":"2024-06-30T19:37:22+00:00","dateModified":"2024-06-30T19:37:23+00:00","mainEntityOfPage":{"@id":"https:\/\/lasentinelle.dz\/index.php\/2024\/06\/30\/presidentielle-du-7-septembre-nouveaux-appels-au-president-tebboune-a-briguer-un-second-mandat\/"},"wordCount":561,"commentCount":0,"publisher":{"@id":"https:\/\/lasentinelle.dz\/#organization"},"image":{"@id":"https:\/\/lasentinelle.dz\/index.php\/2024\/06\/30\/presidentielle-du-7-septembre-nouveaux-appels-au-president-tebboune-a-briguer-un-second-mandat\/#primaryimage"},"thumbnailUrl":"https:\/\/lasentinelle.dz\/wp-content\/uploads\/2024\/06\/tebboune-2.jpeg","articleSection":["Actualit\u00e9"],"inLanguage":"fr-FR","potentialAction":[{"@type":"CommentAction","name":"Comment","target":["https:\/\/lasentinelle.dz\/index.php\/2024\/06\/30\/presidentielle-du-7-septembre-nouveaux-appels-au-president-tebboune-a-briguer-un-second-mandat\/#respond"]}]},{"@type":"WebPage","@id":"https:\/\/lasentinelle.dz\/index.php\/2024\/06\/30\/presidentielle-du-7-septembre-nouveaux-appels-au-president-tebboune-a-briguer-un-second-mandat\/","url":"https:\/\/lasentinelle.dz\/index.php\/2024\/06\/30\/presidentielle-du-7-septembre-nouveaux-appels-au-president-tebboune-a-briguer-un-second-mandat\/","name":"Pr\u00e9sidentielle du 7 septembre: Nouveaux appels au Pr\u00e9sident Tebboune \u00e0 briguer un second mandat - La Sentinelle","isPartOf":{"@id":"https:\/\/lasentinelle.dz\/#website"},"primaryImageOfPage":{"@id":"https:\/\/lasentinelle.dz\/index.php\/2024\/06\/30\/presidentielle-du-7-septembre-nouveaux-appels-au-president-tebboune-a-briguer-un-second-mandat\/#primaryimage"},"image":{"@id":"https:\/\/lasentinelle.dz\/index.php\/2024\/06\/30\/presidentielle-du-7-septembre-nouveaux-appels-au-president-tebboune-a-briguer-un-second-mandat\/#primaryimage"},"thumbnailUrl":"https:\/\/lasentinelle.dz\/wp-content\/uploads\/2024\/06\/tebboune-2.jpeg","datePublished":"2024-06-30T19:37:22+00:00","dateModified":"2024-06-30T19:37:23+00:00","breadcrumb":{"@id":"https:\/\/lasentinelle.dz\/index.php\/2024\/06\/30\/presidentielle-du-7-septembre-nouveaux-appels-au-president-tebboune-a-briguer-un-second-mandat\/#breadcrumb"},"inLanguage":"fr-FR","potentialAction":[{"@type":"ReadAction","target":["https:\/\/lasentinelle.dz\/index.php\/2024\/06\/30\/presidentielle-du-7-septembre-nouveaux-appels-au-president-tebboune-a-briguer-un-second-mandat\/"]}]},{"@type":"ImageObject","inLanguage":"fr-FR","@id":"https:\/\/lasentinelle.dz\/index.php\/2024\/06\/30\/presidentielle-du-7-septembre-nouveaux-appels-au-president-tebboune-a-briguer-un-second-mandat\/#primaryimage","url":"https:\/\/lasentinelle.dz\/wp-content\/uploads\/2024\/06\/tebboune-2.jpeg","contentUrl":"https:\/\/lasentinelle.dz\/wp-content\/uploads\/2024\/06\/tebboune-2.jpeg","width":308,"height":409},{"@type":"BreadcrumbList","@id":"https:\/\/lasentinelle.dz\/index.php\/2024\/06\/30\/presidentielle-du-7-septembre-nouveaux-appels-au-president-tebboune-a-briguer-un-second-mandat\/#breadcrumb","itemListElement":[{"@type":"ListItem","position":1,"name":"Accueil","item":"https:\/\/lasentinelle.dz\/"},{"@type":"ListItem","position":2,"name":"Pr\u00e9sidentielle du 7 septembre: Nouveaux appels au Pr\u00e9sident Tebboune \u00e0 briguer un second mandat"}]},{"@type":"WebSite","@id":"https:\/\/lasentinelle.dz\/#website","url":"https:\/\/lasentinelle.dz\/","name":"La Sentinelle","description":"Quotidien national d&#039;information","publisher":{"@id":"https:\/\/lasentinelle.dz\/#organization"},"potentialAction":[{"@type":"SearchAction","target":{"@type":"EntryPoint","urlTemplate":"https:\/\/lasentinelle.dz\/?s={search_term_string}"},"query-input":{"@type":"PropertyValueSpecification","valueRequired":true,"valueName":"search_term_string"}}],"inLanguage":"fr-FR"},{"@type":"Organization","@id":"https:\/\/lasentinelle.dz\/#organization","name":"Quotidien La Sentinelle","url":"https:\/\/lasentinelle.dz\/","logo":{"@type":"ImageObject","inLanguage":"fr-FR","@id":"https:\/\/lasentinelle.dz\/#\/schema\/logo\/image\/","url":"https:\/\/lasentinelle.dz\/wp-content\/uploads\/2021\/09\/logo-sentinelleSLOGAN-1.png","contentUrl":"https:\/\/lasentinelle.dz\/wp-content\/uploads\/2021\/09\/logo-sentinelleSLOGAN-1.png","width":615,"height":142,"caption":"Quotidien La Sentinelle"},"image":{"@id":"https:\/\/lasentinelle.dz\/#\/schema\/logo\/image\/"},"sameAs":["https:\/\/www.facebook.com\/La-Sentinelle-104059864394773"]},{"@type":"Person","@id":"https:\/\/lasentinelle.dz\/#\/schema\/person\/d865044e22e70a75174ce8bcad3acfb3","name":"La Sentinelle","image":{"@type":"ImageObject","inLanguage":"fr-FR","@id":"https:\/\/secure.gravatar.com\/avatar\/57de8e5d4b15d43fb361a71fbb36338450fe67865b528a43dd10ef7c51a20392?s=96&d=mm&r=g","url":"https:\/\/secure.gravatar.com\/avatar\/57de8e5d4b15d43fb361a71fbb36338450fe67865b528a43dd10ef7c51a20392?s=96&d=mm&r=g","contentUrl":"https:\/\/secure.gravatar.com\/avatar\/57de8e5d4b15d43fb361a71fbb36338450fe67865b528a43dd10ef7c51a20392?s=96&d=mm&r=g","caption":"La Sentinelle"},"sameAs":["http:\/\/www.lasentinelle.dz"],"url":"https:\/\/lasentinelle.dz\/author\/redaction\/"}]}},"_links":{"self":[{"href":"https:\/\/lasentinelle.dz\/index.php\/wp-json\/wp\/v2\/posts\/53925","targetHints":{"allow":["GET"]}}],"collection":[{"href":"https:\/\/lasentinelle.dz\/index.php\/wp-json\/wp\/v2\/posts"}],"about":[{"href":"https:\/\/lasentinelle.dz\/index.php\/wp-json\/wp\/v2\/types\/post"}],"author":[{"embeddable":true,"href":"https:\/\/lasentinelle.dz\/index.php\/wp-json\/wp\/v2\/users\/3"}],"replies":[{"embeddable":true,"href":"https:\/\/lasentinelle.dz\/index.php\/wp-json\/wp\/v2\/comments?post=53925"}],"version-history":[{"count":1,"href":"https:\/\/lasentinelle.dz\/index.php\/wp-json\/wp\/v2\/posts\/53925\/revisions"}],"predecessor-version":[{"id":53927,"href":"https:\/\/lasentinelle.dz\/index.php\/wp-json\/wp\/v2\/posts\/53925\/revisions\/53927"}],"wp:featuredmedia":[{"embeddable":true,"href":"https:\/\/lasentinelle.dz\/index.php\/wp-json\/wp\/v2\/media\/53926"}],"wp:attachment":[{"href":"https:\/\/lasentinelle.dz\/index.php\/wp-json\/wp\/v2\/media?parent=53925"}],"wp:term":[{"taxonomy":"category","embeddable":true,"href":"https:\/\/lasentinelle.dz\/index.php\/wp-json\/wp\/v2\/categories?post=53925"},{"taxonomy":"post_tag","embeddable":true,"href":"https:\/\/lasentinelle.dz\/index.php\/wp-json\/wp\/v2\/tags?post=53925"}],"curies":[{"name":"wp","href":"https:\/\/api.w.org\/{rel}","templated":true}]}}