{"id":53959,"date":"2024-07-02T14:11:11","date_gmt":"2024-07-02T13:11:11","guid":{"rendered":"https:\/\/lasentinelle.dz\/?p=53959"},"modified":"2024-07-02T14:11:12","modified_gmt":"2024-07-02T13:11:12","slug":"des-prisonniers-palestiniens-temoignent-la-torture-une-pratique-ancree-dans-le-sionisme","status":"publish","type":"post","link":"https:\/\/lasentinelle.dz\/index.php\/2024\/07\/02\/des-prisonniers-palestiniens-temoignent-la-torture-une-pratique-ancree-dans-le-sionisme\/","title":{"rendered":"Des prisonniers palestiniens t\u00e9moignent: La torture, une pratique ancr\u00e9e dans le sionisme"},"content":{"rendered":"\n<p>La liste des actes criminels de l&rsquo;occupation est infinie. En plus des assassinats et meurtres de masse et de la famine impos\u00e9e de mani\u00e8re pr\u00e9m\u00e9dit\u00e9e \u00e0 la population de Ghaza, les preuves s&rsquo;accumulent concernant le recours syst\u00e9matique \u00e0 la torture contre les prisonniers palestiniens, parmi lesquels figurent beaucoup de femmes, d&rsquo;enfants et personnels de sant\u00e9. Des prisonniers d\u00e9tenus en toute ill\u00e9galit\u00e9 dans les territoires occup\u00e9s et auxquels ont fait subir toutes les formes de s\u00e9vices physiques et psychologiques.<\/p>\n\n\n\n<p>De nouveaux t\u00e9moignages viennent conforter les accusations de recours \u00e0 la torture par les forces d&rsquo;occupation sionistes contre les Palestiniens. Hier, les membres du personnel de sant\u00e9, kidnapp\u00e9s par les forces d&rsquo;occupation lors de l&rsquo;agression lanc\u00e9e contre la bande de Ghaza et d\u00e9tenus de mani\u00e8re ill\u00e9gale et sans aucune forme d&rsquo;inculpation dans les territoires occup\u00e9s ont \u00e9t\u00e9 lib\u00e9r\u00e9s par l&rsquo;occupant qui cherche \u00e0 lib\u00e9rer de l&rsquo;espace dans ses camps de d\u00e9tention. C&rsquo;est le cas du directeur de l&rsquo;h\u00f4pital Al-Shifa, Muhammad Abu Salmiya, lib\u00e9r\u00e9 apr\u00e8s environ 7 mois de d\u00e9tention, et qui avait emmen\u00e9 par les forces d&rsquo;occupation lors du raid meurtrier lanc\u00e9 contre l&rsquo;h\u00f4pital de ville de Ghaza au mois de novembre dernier. Celui-ci a d&rsquo;ailleurs apport\u00e9 un t\u00e9moignage \u00e9difiant sur les pratiques criminels de l&rsquo;occupant. Il a ainsi d\u00e9clar\u00e9 que les m\u00e9decins et infirmi\u00e8res sionistes torturent les prisonniers palestiniens, affirmant avoir laiss\u00e9 derri\u00e8re lui des milliers de Palestiniens d\u00e9tenus par l\u2019occupation dans le cadre de sa guerre g\u00e9nocidaire en cours \u00e0 Ghaza. Abou Salmiya, a indiqu\u00e9, lors d&rsquo;une conf\u00e9rence de presse, que \u00ab\u00a0de nombreux prisonniers sont morts en martyrs dans les cellules d\u2019interrogatoire et nous avons laiss\u00e9 derri\u00e8re nous des milliers de d\u00e9tenus retenus par l\u2019occupation\u00a0\u00bb. Il a rapport\u00e9 \u00e9galement que \u00ab\u00a0les m\u00e9decins et infirmi\u00e8res (sionistes) battent et torturent les prisonniers palestiniens, et traitent les corps des d\u00e9tenus comme s&rsquo;il s&rsquo;agissait d&rsquo;objets inanim\u00e9s\u00a0\u00bb. Il a ajout\u00e9 que \u00ab\u00a0chaque prisonnier d\u00e9tenu par l&rsquo;occupation a perdu environ 30 kilogrammes de poids, \u00e0 cause du refus de nourriture et de la torture\u00a0\u00bb, puisque dit-il, \u00ab\u00a0pendant deux mois, aucun des prisonniers n\u2019a mang\u00e9 plus d\u2019une miche de pain par jour\u00a0\u00bb. Il a fait savoir que l&rsquo;occupation n&rsquo;a port\u00e9 aucune accusation contre lui malgr\u00e9 son proc\u00e8s \u00e0 trois reprises, ce qui signifie, selon lui, qu'\u00a0\u00bbil \u00e9tait arr\u00eat\u00e9 pour des raisons politiques\u00a0\u00bb. Il a d\u00e9nonc\u00e9 enfin le fait qu&rsquo;ils (lui et l&rsquo;ensemble des d\u00e9tenus) n&rsquo;avaient rencontr\u00e9 aucun avocat et le fait qu&rsquo;aucune institution internationale ne leur a rendu visite. &nbsp;Des dizaines de prisonniers palestiniens, dont le directeur d&rsquo;al-Chifa, le plus grand \u00e9tablissement de Ghaza, ont \u00e9t\u00e9 lib\u00e9r\u00e9s hier par l&rsquo;occupant et transf\u00e9r\u00e9s vers des centres m\u00e9dicaux de l&rsquo;enclave, a indiqu\u00e9 une source m\u00e9dicale de l&rsquo;h\u00f4pital des martyrs d&rsquo;Al-Aqsa \u00e0 Deir el-Balah (centre). Cinq d&rsquo;entre eux ont \u00e9t\u00e9 admis dans cet h\u00f4pital et les autres ont \u00e9t\u00e9 transf\u00e9r\u00e9s vers des h\u00f4pitaux de Khan Youn\u00e8s (sud), selon elle. L&rsquo;h\u00f4pital europ\u00e9en de Khan Youn\u00e8s a annonc\u00e9 que le chef de son service orthop\u00e9dique, le docteur Bassam Miqdad, figurait parmi les d\u00e9tenus lib\u00e9r\u00e9s lundi. &nbsp;Il faut dire que depuis le d\u00e9but de l&rsquo;agression contre Ghaza, les forces d&rsquo;occupation isra\u00e9lienne ciblent particuli\u00e8rement les h\u00f4pitaux et le personnel de sant\u00e9, dans le seul objectif de mettre \u00e0 genou le syst\u00e8me de sant\u00e9.<\/p>\n\n\n\n<p>L&rsquo;h\u00f4pital al-Chifa a \u00e9t\u00e9 le th\u00e9\u00e2tre de raids particuli\u00e8rement intenses de l&rsquo;occupant. En avril et mai, au moins trois fosses communes y avaient \u00e9t\u00e9 d\u00e9couvertes. Dans un communiqu\u00e9, le mouvement palestinien de r\u00e9sistance Hamas a estim\u00e9 que \u00ab\u00a0les signes visibles de torture et les t\u00e9moignages terribles sur leurs tragiques conditions de d\u00e9tention r\u00e9affirment le comportement criminel du gouvernement fasciste d&rsquo;occupation\u00a0\u00bb. En mai, des associations palestiniennes de d\u00e9fense des droits des d\u00e9tenus avaient affirm\u00e9 que deux Palestiniens, dont un m\u00e9decin d&rsquo;al-Chifa, \u00e9taient morts dans une prison isra\u00e9lienne, succombant \u00e0 des \u00ab\u00a0tortures\u00a0\u00bb et \u00e0 l&rsquo;absence de soins.<\/p>\n\n\n\n<p><strong>Lyes Sa\u00efdi<\/strong><\/p>\n","protected":false},"excerpt":{"rendered":"<p>La liste des actes criminels de l&rsquo;occupation est infinie. En plus des assassinats et meurtres de masse et de la<\/p>\n","protected":false},"author":3,"featured_media":53960,"comment_status":"open","ping_status":"closed","sticky":false,"template":"","format":"standard","meta":{"colormag_page_container_layout":"default_layout","colormag_page_sidebar_layout":"default_layout","om_disable_all_campaigns":false,"_monsterinsights_skip_tracking":false,"_monsterinsights_sitenote_active":false,"_monsterinsights_sitenote_note":"","_monsterinsights_sitenote_category":0,"footnotes":"","_wpscppro_dont_share_socialmedia":false,"_wpscppro_custom_social_share_image":0,"_facebook_share_type":"default","_twitter_share_type":"default","_linkedin_share_type":"default","_pinterest_share_type":"default","_linkedin_share_type_page":"","_instagram_share_type":"default","_medium_share_type":"","_threads_share_type":"","_google_business_share_type":"","_selected_social_profile":[],"_wpsp_enable_custom_social_template":false,"_wpsp_social_scheduling":{"enabled":false,"datetime":null,"platforms":[],"status":"template_only","dateOption":"today","timeOption":"now","customDays":"","customHours":"","customDate":"","customTime":"","schedulingType":"absolute"},"_wpsp_active_default_template":true},"categories":[52,27],"tags":[],"class_list":["post-53959","post","type-post","status-publish","format-standard","has-post-thumbnail","hentry","category-a-la-une","category-actualite"],"aioseo_notices":[],"yoast_head":"<!-- This site is optimized with the Yoast SEO plugin v27.5 - https:\/\/yoast.com\/product\/yoast-seo-wordpress\/ -->\n<title>Des prisonniers palestiniens t\u00e9moignent: La torture, une pratique ancr\u00e9e dans le sionisme - La Sentinelle<\/title>\n<meta name=\"robots\" content=\"index, follow, max-snippet:-1, max-image-preview:large, max-video-preview:-1\" \/>\n<link rel=\"canonical\" href=\"https:\/\/lasentinelle.dz\/index.php\/2024\/07\/02\/des-prisonniers-palestiniens-temoignent-la-torture-une-pratique-ancree-dans-le-sionisme\/\" \/>\n<meta property=\"og:locale\" content=\"fr_FR\" \/>\n<meta property=\"og:type\" content=\"article\" \/>\n<meta property=\"og:title\" content=\"Des prisonniers palestiniens t\u00e9moignent: La torture, une pratique ancr\u00e9e dans le sionisme - La Sentinelle\" \/>\n<meta property=\"og:description\" content=\"La liste des actes criminels de l&rsquo;occupation est infinie. En plus des assassinats et meurtres de masse et de la\" \/>\n<meta property=\"og:url\" content=\"https:\/\/lasentinelle.dz\/index.php\/2024\/07\/02\/des-prisonniers-palestiniens-temoignent-la-torture-une-pratique-ancree-dans-le-sionisme\/\" \/>\n<meta property=\"og:site_name\" content=\"La Sentinelle\" \/>\n<meta property=\"article:publisher\" content=\"https:\/\/www.facebook.com\/La-Sentinelle-104059864394773\" \/>\n<meta property=\"article:published_time\" content=\"2024-07-02T13:11:11+00:00\" \/>\n<meta property=\"article:modified_time\" content=\"2024-07-02T13:11:12+00:00\" \/>\n<meta property=\"og:image\" content=\"https:\/\/lasentinelle.dz\/wp-content\/uploads\/2024\/07\/medecin.webp\" \/>\n\t<meta property=\"og:image:width\" content=\"760\" \/>\n\t<meta property=\"og:image:height\" content=\"507\" \/>\n\t<meta property=\"og:image:type\" content=\"image\/webp\" \/>\n<meta name=\"author\" content=\"La Sentinelle\" \/>\n<meta name=\"twitter:card\" content=\"summary_large_image\" \/>\n<meta name=\"twitter:label1\" content=\"\u00c9crit par\" \/>\n\t<meta name=\"twitter:data1\" content=\"La Sentinelle\" \/>\n\t<meta name=\"twitter:label2\" content=\"Dur\u00e9e de lecture estim\u00e9e\" \/>\n\t<meta name=\"twitter:data2\" content=\"4 minutes\" \/>\n<script type=\"application\/ld+json\" class=\"yoast-schema-graph\">{\"@context\":\"https:\\\/\\\/schema.org\",\"@graph\":[{\"@type\":\"Article\",\"@id\":\"https:\\\/\\\/lasentinelle.dz\\\/index.php\\\/2024\\\/07\\\/02\\\/des-prisonniers-palestiniens-temoignent-la-torture-une-pratique-ancree-dans-le-sionisme\\\/#article\",\"isPartOf\":{\"@id\":\"https:\\\/\\\/lasentinelle.dz\\\/index.php\\\/2024\\\/07\\\/02\\\/des-prisonniers-palestiniens-temoignent-la-torture-une-pratique-ancree-dans-le-sionisme\\\/\"},\"author\":{\"name\":\"La Sentinelle\",\"@id\":\"https:\\\/\\\/lasentinelle.dz\\\/#\\\/schema\\\/person\\\/d865044e22e70a75174ce8bcad3acfb3\"},\"headline\":\"Des prisonniers palestiniens t\u00e9moignent: La torture, une pratique ancr\u00e9e dans le sionisme\",\"datePublished\":\"2024-07-02T13:11:11+00:00\",\"dateModified\":\"2024-07-02T13:11:12+00:00\",\"mainEntityOfPage\":{\"@id\":\"https:\\\/\\\/lasentinelle.dz\\\/index.php\\\/2024\\\/07\\\/02\\\/des-prisonniers-palestiniens-temoignent-la-torture-une-pratique-ancree-dans-le-sionisme\\\/\"},\"wordCount\":757,\"commentCount\":0,\"publisher\":{\"@id\":\"https:\\\/\\\/lasentinelle.dz\\\/#organization\"},\"image\":{\"@id\":\"https:\\\/\\\/lasentinelle.dz\\\/index.php\\\/2024\\\/07\\\/02\\\/des-prisonniers-palestiniens-temoignent-la-torture-une-pratique-ancree-dans-le-sionisme\\\/#primaryimage\"},\"thumbnailUrl\":\"https:\\\/\\\/lasentinelle.dz\\\/wp-content\\\/uploads\\\/2024\\\/07\\\/medecin.webp\",\"articleSection\":[\"\u00c0 la Une\",\"Actualit\u00e9\"],\"inLanguage\":\"fr-FR\",\"potentialAction\":[{\"@type\":\"CommentAction\",\"name\":\"Comment\",\"target\":[\"https:\\\/\\\/lasentinelle.dz\\\/index.php\\\/2024\\\/07\\\/02\\\/des-prisonniers-palestiniens-temoignent-la-torture-une-pratique-ancree-dans-le-sionisme\\\/#respond\"]}]},{\"@type\":\"WebPage\",\"@id\":\"https:\\\/\\\/lasentinelle.dz\\\/index.php\\\/2024\\\/07\\\/02\\\/des-prisonniers-palestiniens-temoignent-la-torture-une-pratique-ancree-dans-le-sionisme\\\/\",\"url\":\"https:\\\/\\\/lasentinelle.dz\\\/index.php\\\/2024\\\/07\\\/02\\\/des-prisonniers-palestiniens-temoignent-la-torture-une-pratique-ancree-dans-le-sionisme\\\/\",\"name\":\"Des prisonniers palestiniens t\u00e9moignent: La torture, une pratique ancr\u00e9e dans le sionisme - La Sentinelle\",\"isPartOf\":{\"@id\":\"https:\\\/\\\/lasentinelle.dz\\\/#website\"},\"primaryImageOfPage\":{\"@id\":\"https:\\\/\\\/lasentinelle.dz\\\/index.php\\\/2024\\\/07\\\/02\\\/des-prisonniers-palestiniens-temoignent-la-torture-une-pratique-ancree-dans-le-sionisme\\\/#primaryimage\"},\"image\":{\"@id\":\"https:\\\/\\\/lasentinelle.dz\\\/index.php\\\/2024\\\/07\\\/02\\\/des-prisonniers-palestiniens-temoignent-la-torture-une-pratique-ancree-dans-le-sionisme\\\/#primaryimage\"},\"thumbnailUrl\":\"https:\\\/\\\/lasentinelle.dz\\\/wp-content\\\/uploads\\\/2024\\\/07\\\/medecin.webp\",\"datePublished\":\"2024-07-02T13:11:11+00:00\",\"dateModified\":\"2024-07-02T13:11:12+00:00\",\"breadcrumb\":{\"@id\":\"https:\\\/\\\/lasentinelle.dz\\\/index.php\\\/2024\\\/07\\\/02\\\/des-prisonniers-palestiniens-temoignent-la-torture-une-pratique-ancree-dans-le-sionisme\\\/#breadcrumb\"},\"inLanguage\":\"fr-FR\",\"potentialAction\":[{\"@type\":\"ReadAction\",\"target\":[\"https:\\\/\\\/lasentinelle.dz\\\/index.php\\\/2024\\\/07\\\/02\\\/des-prisonniers-palestiniens-temoignent-la-torture-une-pratique-ancree-dans-le-sionisme\\\/\"]}]},{\"@type\":\"ImageObject\",\"inLanguage\":\"fr-FR\",\"@id\":\"https:\\\/\\\/lasentinelle.dz\\\/index.php\\\/2024\\\/07\\\/02\\\/des-prisonniers-palestiniens-temoignent-la-torture-une-pratique-ancree-dans-le-sionisme\\\/#primaryimage\",\"url\":\"https:\\\/\\\/lasentinelle.dz\\\/wp-content\\\/uploads\\\/2024\\\/07\\\/medecin.webp\",\"contentUrl\":\"https:\\\/\\\/lasentinelle.dz\\\/wp-content\\\/uploads\\\/2024\\\/07\\\/medecin.webp\",\"width\":760,\"height\":507},{\"@type\":\"BreadcrumbList\",\"@id\":\"https:\\\/\\\/lasentinelle.dz\\\/index.php\\\/2024\\\/07\\\/02\\\/des-prisonniers-palestiniens-temoignent-la-torture-une-pratique-ancree-dans-le-sionisme\\\/#breadcrumb\",\"itemListElement\":[{\"@type\":\"ListItem\",\"position\":1,\"name\":\"Accueil\",\"item\":\"https:\\\/\\\/lasentinelle.dz\\\/\"},{\"@type\":\"ListItem\",\"position\":2,\"name\":\"Des prisonniers palestiniens t\u00e9moignent: La torture, une pratique ancr\u00e9e dans le sionisme\"}]},{\"@type\":\"WebSite\",\"@id\":\"https:\\\/\\\/lasentinelle.dz\\\/#website\",\"url\":\"https:\\\/\\\/lasentinelle.dz\\\/\",\"name\":\"La Sentinelle\",\"description\":\"Quotidien national d&#039;information\",\"publisher\":{\"@id\":\"https:\\\/\\\/lasentinelle.dz\\\/#organization\"},\"potentialAction\":[{\"@type\":\"SearchAction\",\"target\":{\"@type\":\"EntryPoint\",\"urlTemplate\":\"https:\\\/\\\/lasentinelle.dz\\\/?s={search_term_string}\"},\"query-input\":{\"@type\":\"PropertyValueSpecification\",\"valueRequired\":true,\"valueName\":\"search_term_string\"}}],\"inLanguage\":\"fr-FR\"},{\"@type\":\"Organization\",\"@id\":\"https:\\\/\\\/lasentinelle.dz\\\/#organization\",\"name\":\"Quotidien La Sentinelle\",\"url\":\"https:\\\/\\\/lasentinelle.dz\\\/\",\"logo\":{\"@type\":\"ImageObject\",\"inLanguage\":\"fr-FR\",\"@id\":\"https:\\\/\\\/lasentinelle.dz\\\/#\\\/schema\\\/logo\\\/image\\\/\",\"url\":\"https:\\\/\\\/lasentinelle.dz\\\/wp-content\\\/uploads\\\/2021\\\/09\\\/logo-sentinelleSLOGAN-1.png\",\"contentUrl\":\"https:\\\/\\\/lasentinelle.dz\\\/wp-content\\\/uploads\\\/2021\\\/09\\\/logo-sentinelleSLOGAN-1.png\",\"width\":615,\"height\":142,\"caption\":\"Quotidien La Sentinelle\"},\"image\":{\"@id\":\"https:\\\/\\\/lasentinelle.dz\\\/#\\\/schema\\\/logo\\\/image\\\/\"},\"sameAs\":[\"https:\\\/\\\/www.facebook.com\\\/La-Sentinelle-104059864394773\"]},{\"@type\":\"Person\",\"@id\":\"https:\\\/\\\/lasentinelle.dz\\\/#\\\/schema\\\/person\\\/d865044e22e70a75174ce8bcad3acfb3\",\"name\":\"La Sentinelle\",\"image\":{\"@type\":\"ImageObject\",\"inLanguage\":\"fr-FR\",\"@id\":\"https:\\\/\\\/secure.gravatar.com\\\/avatar\\\/57de8e5d4b15d43fb361a71fbb36338450fe67865b528a43dd10ef7c51a20392?s=96&d=mm&r=g\",\"url\":\"https:\\\/\\\/secure.gravatar.com\\\/avatar\\\/57de8e5d4b15d43fb361a71fbb36338450fe67865b528a43dd10ef7c51a20392?s=96&d=mm&r=g\",\"contentUrl\":\"https:\\\/\\\/secure.gravatar.com\\\/avatar\\\/57de8e5d4b15d43fb361a71fbb36338450fe67865b528a43dd10ef7c51a20392?s=96&d=mm&r=g\",\"caption\":\"La Sentinelle\"},\"sameAs\":[\"http:\\\/\\\/www.lasentinelle.dz\"],\"url\":\"https:\\\/\\\/lasentinelle.dz\\\/author\\\/redaction\\\/\"}]}<\/script>\n<!-- \/ Yoast SEO plugin. -->","yoast_head_json":{"title":"Des prisonniers palestiniens t\u00e9moignent: La torture, une pratique ancr\u00e9e dans le sionisme - La Sentinelle","robots":{"index":"index","follow":"follow","max-snippet":"max-snippet:-1","max-image-preview":"max-image-preview:large","max-video-preview":"max-video-preview:-1"},"canonical":"https:\/\/lasentinelle.dz\/index.php\/2024\/07\/02\/des-prisonniers-palestiniens-temoignent-la-torture-une-pratique-ancree-dans-le-sionisme\/","og_locale":"fr_FR","og_type":"article","og_title":"Des prisonniers palestiniens t\u00e9moignent: La torture, une pratique ancr\u00e9e dans le sionisme - La Sentinelle","og_description":"La liste des actes criminels de l&rsquo;occupation est infinie. En plus des assassinats et meurtres de masse et de la","og_url":"https:\/\/lasentinelle.dz\/index.php\/2024\/07\/02\/des-prisonniers-palestiniens-temoignent-la-torture-une-pratique-ancree-dans-le-sionisme\/","og_site_name":"La Sentinelle","article_publisher":"https:\/\/www.facebook.com\/La-Sentinelle-104059864394773","article_published_time":"2024-07-02T13:11:11+00:00","article_modified_time":"2024-07-02T13:11:12+00:00","og_image":[{"width":760,"height":507,"url":"https:\/\/lasentinelle.dz\/wp-content\/uploads\/2024\/07\/medecin.webp","type":"image\/webp"}],"author":"La Sentinelle","twitter_card":"summary_large_image","twitter_misc":{"\u00c9crit par":"La Sentinelle","Dur\u00e9e de lecture estim\u00e9e":"4 minutes"},"schema":{"@context":"https:\/\/schema.org","@graph":[{"@type":"Article","@id":"https:\/\/lasentinelle.dz\/index.php\/2024\/07\/02\/des-prisonniers-palestiniens-temoignent-la-torture-une-pratique-ancree-dans-le-sionisme\/#article","isPartOf":{"@id":"https:\/\/lasentinelle.dz\/index.php\/2024\/07\/02\/des-prisonniers-palestiniens-temoignent-la-torture-une-pratique-ancree-dans-le-sionisme\/"},"author":{"name":"La Sentinelle","@id":"https:\/\/lasentinelle.dz\/#\/schema\/person\/d865044e22e70a75174ce8bcad3acfb3"},"headline":"Des prisonniers palestiniens t\u00e9moignent: La torture, une pratique ancr\u00e9e dans le sionisme","datePublished":"2024-07-02T13:11:11+00:00","dateModified":"2024-07-02T13:11:12+00:00","mainEntityOfPage":{"@id":"https:\/\/lasentinelle.dz\/index.php\/2024\/07\/02\/des-prisonniers-palestiniens-temoignent-la-torture-une-pratique-ancree-dans-le-sionisme\/"},"wordCount":757,"commentCount":0,"publisher":{"@id":"https:\/\/lasentinelle.dz\/#organization"},"image":{"@id":"https:\/\/lasentinelle.dz\/index.php\/2024\/07\/02\/des-prisonniers-palestiniens-temoignent-la-torture-une-pratique-ancree-dans-le-sionisme\/#primaryimage"},"thumbnailUrl":"https:\/\/lasentinelle.dz\/wp-content\/uploads\/2024\/07\/medecin.webp","articleSection":["\u00c0 la Une","Actualit\u00e9"],"inLanguage":"fr-FR","potentialAction":[{"@type":"CommentAction","name":"Comment","target":["https:\/\/lasentinelle.dz\/index.php\/2024\/07\/02\/des-prisonniers-palestiniens-temoignent-la-torture-une-pratique-ancree-dans-le-sionisme\/#respond"]}]},{"@type":"WebPage","@id":"https:\/\/lasentinelle.dz\/index.php\/2024\/07\/02\/des-prisonniers-palestiniens-temoignent-la-torture-une-pratique-ancree-dans-le-sionisme\/","url":"https:\/\/lasentinelle.dz\/index.php\/2024\/07\/02\/des-prisonniers-palestiniens-temoignent-la-torture-une-pratique-ancree-dans-le-sionisme\/","name":"Des prisonniers palestiniens t\u00e9moignent: La torture, une pratique ancr\u00e9e dans le sionisme - La Sentinelle","isPartOf":{"@id":"https:\/\/lasentinelle.dz\/#website"},"primaryImageOfPage":{"@id":"https:\/\/lasentinelle.dz\/index.php\/2024\/07\/02\/des-prisonniers-palestiniens-temoignent-la-torture-une-pratique-ancree-dans-le-sionisme\/#primaryimage"},"image":{"@id":"https:\/\/lasentinelle.dz\/index.php\/2024\/07\/02\/des-prisonniers-palestiniens-temoignent-la-torture-une-pratique-ancree-dans-le-sionisme\/#primaryimage"},"thumbnailUrl":"https:\/\/lasentinelle.dz\/wp-content\/uploads\/2024\/07\/medecin.webp","datePublished":"2024-07-02T13:11:11+00:00","dateModified":"2024-07-02T13:11:12+00:00","breadcrumb":{"@id":"https:\/\/lasentinelle.dz\/index.php\/2024\/07\/02\/des-prisonniers-palestiniens-temoignent-la-torture-une-pratique-ancree-dans-le-sionisme\/#breadcrumb"},"inLanguage":"fr-FR","potentialAction":[{"@type":"ReadAction","target":["https:\/\/lasentinelle.dz\/index.php\/2024\/07\/02\/des-prisonniers-palestiniens-temoignent-la-torture-une-pratique-ancree-dans-le-sionisme\/"]}]},{"@type":"ImageObject","inLanguage":"fr-FR","@id":"https:\/\/lasentinelle.dz\/index.php\/2024\/07\/02\/des-prisonniers-palestiniens-temoignent-la-torture-une-pratique-ancree-dans-le-sionisme\/#primaryimage","url":"https:\/\/lasentinelle.dz\/wp-content\/uploads\/2024\/07\/medecin.webp","contentUrl":"https:\/\/lasentinelle.dz\/wp-content\/uploads\/2024\/07\/medecin.webp","width":760,"height":507},{"@type":"BreadcrumbList","@id":"https:\/\/lasentinelle.dz\/index.php\/2024\/07\/02\/des-prisonniers-palestiniens-temoignent-la-torture-une-pratique-ancree-dans-le-sionisme\/#breadcrumb","itemListElement":[{"@type":"ListItem","position":1,"name":"Accueil","item":"https:\/\/lasentinelle.dz\/"},{"@type":"ListItem","position":2,"name":"Des prisonniers palestiniens t\u00e9moignent: La torture, une pratique ancr\u00e9e dans le sionisme"}]},{"@type":"WebSite","@id":"https:\/\/lasentinelle.dz\/#website","url":"https:\/\/lasentinelle.dz\/","name":"La Sentinelle","description":"Quotidien national d&#039;information","publisher":{"@id":"https:\/\/lasentinelle.dz\/#organization"},"potentialAction":[{"@type":"SearchAction","target":{"@type":"EntryPoint","urlTemplate":"https:\/\/lasentinelle.dz\/?s={search_term_string}"},"query-input":{"@type":"PropertyValueSpecification","valueRequired":true,"valueName":"search_term_string"}}],"inLanguage":"fr-FR"},{"@type":"Organization","@id":"https:\/\/lasentinelle.dz\/#organization","name":"Quotidien La Sentinelle","url":"https:\/\/lasentinelle.dz\/","logo":{"@type":"ImageObject","inLanguage":"fr-FR","@id":"https:\/\/lasentinelle.dz\/#\/schema\/logo\/image\/","url":"https:\/\/lasentinelle.dz\/wp-content\/uploads\/2021\/09\/logo-sentinelleSLOGAN-1.png","contentUrl":"https:\/\/lasentinelle.dz\/wp-content\/uploads\/2021\/09\/logo-sentinelleSLOGAN-1.png","width":615,"height":142,"caption":"Quotidien La Sentinelle"},"image":{"@id":"https:\/\/lasentinelle.dz\/#\/schema\/logo\/image\/"},"sameAs":["https:\/\/www.facebook.com\/La-Sentinelle-104059864394773"]},{"@type":"Person","@id":"https:\/\/lasentinelle.dz\/#\/schema\/person\/d865044e22e70a75174ce8bcad3acfb3","name":"La Sentinelle","image":{"@type":"ImageObject","inLanguage":"fr-FR","@id":"https:\/\/secure.gravatar.com\/avatar\/57de8e5d4b15d43fb361a71fbb36338450fe67865b528a43dd10ef7c51a20392?s=96&d=mm&r=g","url":"https:\/\/secure.gravatar.com\/avatar\/57de8e5d4b15d43fb361a71fbb36338450fe67865b528a43dd10ef7c51a20392?s=96&d=mm&r=g","contentUrl":"https:\/\/secure.gravatar.com\/avatar\/57de8e5d4b15d43fb361a71fbb36338450fe67865b528a43dd10ef7c51a20392?s=96&d=mm&r=g","caption":"La Sentinelle"},"sameAs":["http:\/\/www.lasentinelle.dz"],"url":"https:\/\/lasentinelle.dz\/author\/redaction\/"}]}},"_links":{"self":[{"href":"https:\/\/lasentinelle.dz\/index.php\/wp-json\/wp\/v2\/posts\/53959","targetHints":{"allow":["GET"]}}],"collection":[{"href":"https:\/\/lasentinelle.dz\/index.php\/wp-json\/wp\/v2\/posts"}],"about":[{"href":"https:\/\/lasentinelle.dz\/index.php\/wp-json\/wp\/v2\/types\/post"}],"author":[{"embeddable":true,"href":"https:\/\/lasentinelle.dz\/index.php\/wp-json\/wp\/v2\/users\/3"}],"replies":[{"embeddable":true,"href":"https:\/\/lasentinelle.dz\/index.php\/wp-json\/wp\/v2\/comments?post=53959"}],"version-history":[{"count":1,"href":"https:\/\/lasentinelle.dz\/index.php\/wp-json\/wp\/v2\/posts\/53959\/revisions"}],"predecessor-version":[{"id":53961,"href":"https:\/\/lasentinelle.dz\/index.php\/wp-json\/wp\/v2\/posts\/53959\/revisions\/53961"}],"wp:featuredmedia":[{"embeddable":true,"href":"https:\/\/lasentinelle.dz\/index.php\/wp-json\/wp\/v2\/media\/53960"}],"wp:attachment":[{"href":"https:\/\/lasentinelle.dz\/index.php\/wp-json\/wp\/v2\/media?parent=53959"}],"wp:term":[{"taxonomy":"category","embeddable":true,"href":"https:\/\/lasentinelle.dz\/index.php\/wp-json\/wp\/v2\/categories?post=53959"},{"taxonomy":"post_tag","embeddable":true,"href":"https:\/\/lasentinelle.dz\/index.php\/wp-json\/wp\/v2\/tags?post=53959"}],"curies":[{"name":"wp","href":"https:\/\/api.w.org\/{rel}","templated":true}]}}