{"id":53962,"date":"2024-07-02T14:13:17","date_gmt":"2024-07-02T13:13:17","guid":{"rendered":"https:\/\/lasentinelle.dz\/?p=53962"},"modified":"2024-07-02T14:13:17","modified_gmt":"2024-07-02T13:13:17","slug":"stockage-de-cereales-lancement-officiel-du-programme-de-realisation-de-30-silos","status":"publish","type":"post","link":"https:\/\/lasentinelle.dz\/index.php\/2024\/07\/02\/stockage-de-cereales-lancement-officiel-du-programme-de-realisation-de-30-silos\/","title":{"rendered":"Stockage de c\u00e9r\u00e9ales: Lancement officiel du programme de r\u00e9alisation de 30 silos"},"content":{"rendered":"\n<p>Le ministre de l&rsquo;Agriculture et du D\u00e9veloppement rural, Youcef Cherfa a pr\u00e9sid\u00e9, lundi \u00e0 Mascara, en compagnie du ministre de l&rsquo;Hydraulique, Taha Derbal, la c\u00e9r\u00e9monie du lancement officiel du programme de r\u00e9alisation de 30 silos de stockage de c\u00e9r\u00e9ales au niveau national. Lors de sa supervision du coup d&rsquo;envoi du lancement de la r\u00e9alisation d&rsquo;un silo de stockage de c\u00e9r\u00e9ales d&rsquo;une capacit\u00e9 de 1 million de quintaux, dans le cadre de sa visite d&rsquo;inspection en compagnie du ministre de l&rsquo;Hydraulique, M. Cherfa a soulign\u00e9 que \u00ab\u00a0le programme de r\u00e9alisation de 30 silos de stockage de c\u00e9r\u00e9ales a \u00e9t\u00e9 lanc\u00e9, aujourd&rsquo;hui, avec le premier projet lanc\u00e9 \u00e0 partir de la wilaya de Mascara\u00a0\u00bb, ajoutant que ces silos sont r\u00e9alis\u00e9s au titre du plan national de d\u00e9veloppement des cultures strat\u00e9giques. Il a signal\u00e9 que \u00ab\u00a0ce plan intervient dans le cadre du programme du pr\u00e9sident de la R\u00e9publique, M. Abdelmadjid Tebboune, portant sur la r\u00e9alisation de 30 silos et 350 centres de proximit\u00e9 de stockage de c\u00e9r\u00e9ales, permettant ainsi d&rsquo;augmenter les capacit\u00e9s de stockage de c\u00e9r\u00e9ales \u00e0 9 millions de tonnes\u00a0\u00bb. Le ministre a annonc\u00e9 que la wilaya de Mascara a b\u00e9n\u00e9fici\u00e9 de neuf centres de proximit\u00e9 de stockage de c\u00e9r\u00e9ales d&rsquo;une capacit\u00e9 de 50.000 quintaux pour chaque centre, dont les travaux seront lanc\u00e9s dans les prochains jours. M. Cherfa a soulign\u00e9 que \u00ab\u00a0la wilaya de Mascara est la premi\u00e8re \u00e0 l&rsquo;\u00e9chelle nationale en mati\u00e8re de taux d&rsquo;avancement de l&rsquo;op\u00e9ration de Recensement g\u00e9n\u00e9ral de l&rsquo;agriculture, qui d\u00e9passe actuellement les 70%\u00a0\u00bb, tout en saluant \u00ab\u00a0les efforts fournis par le secteur de l&rsquo;agriculture en compagnie des autorit\u00e9s de wilaya dans ce domaine\u00a0\u00bb.<\/p>\n\n\n\n<p>APS<\/p>\n","protected":false},"excerpt":{"rendered":"<p>Le ministre de l&rsquo;Agriculture et du D\u00e9veloppement rural, Youcef Cherfa a pr\u00e9sid\u00e9, lundi \u00e0 Mascara, en compagnie du ministre de<\/p>\n","protected":false},"author":3,"featured_media":48603,"comment_status":"open","ping_status":"closed","sticky":false,"template":"","format":"standard","meta":{"colormag_page_container_layout":"default_layout","colormag_page_sidebar_layout":"default_layout","om_disable_all_campaigns":false,"_monsterinsights_skip_tracking":false,"_monsterinsights_sitenote_active":false,"_monsterinsights_sitenote_note":"","_monsterinsights_sitenote_category":0,"footnotes":"","_wpscppro_dont_share_socialmedia":false,"_wpscppro_custom_social_share_image":0,"_facebook_share_type":"default","_twitter_share_type":"default","_linkedin_share_type":"default","_pinterest_share_type":"default","_linkedin_share_type_page":"","_instagram_share_type":"default","_medium_share_type":"","_threads_share_type":"","_google_business_share_type":"","_selected_social_profile":[],"_wpsp_enable_custom_social_template":false,"_wpsp_social_scheduling":{"enabled":false,"datetime":null,"platforms":[],"status":"template_only","dateOption":"today","timeOption":"now","customDays":"","customHours":"","customDate":"","customTime":"","schedulingType":"absolute"},"_wpsp_active_default_template":true},"categories":[29],"tags":[],"class_list":["post-53962","post","type-post","status-publish","format-standard","has-post-thumbnail","hentry","category-economie"],"aioseo_notices":[],"yoast_head":"<!-- This site is optimized with the Yoast SEO plugin v27.5 - https:\/\/yoast.com\/product\/yoast-seo-wordpress\/ -->\n<title>Stockage de c\u00e9r\u00e9ales: Lancement officiel du programme de r\u00e9alisation de 30 silos - La Sentinelle<\/title>\n<meta name=\"robots\" content=\"index, follow, max-snippet:-1, max-image-preview:large, max-video-preview:-1\" \/>\n<link rel=\"canonical\" href=\"https:\/\/lasentinelle.dz\/index.php\/2024\/07\/02\/stockage-de-cereales-lancement-officiel-du-programme-de-realisation-de-30-silos\/\" \/>\n<meta property=\"og:locale\" content=\"fr_FR\" \/>\n<meta property=\"og:type\" content=\"article\" \/>\n<meta property=\"og:title\" content=\"Stockage de c\u00e9r\u00e9ales: Lancement officiel du programme de r\u00e9alisation de 30 silos - La Sentinelle\" \/>\n<meta property=\"og:description\" content=\"Le ministre de l&rsquo;Agriculture et du D\u00e9veloppement rural, Youcef Cherfa a pr\u00e9sid\u00e9, lundi \u00e0 Mascara, en compagnie du ministre de\" \/>\n<meta property=\"og:url\" content=\"https:\/\/lasentinelle.dz\/index.php\/2024\/07\/02\/stockage-de-cereales-lancement-officiel-du-programme-de-realisation-de-30-silos\/\" \/>\n<meta property=\"og:site_name\" content=\"La Sentinelle\" \/>\n<meta property=\"article:publisher\" content=\"https:\/\/www.facebook.com\/La-Sentinelle-104059864394773\" \/>\n<meta property=\"article:published_time\" content=\"2024-07-02T13:13:17+00:00\" \/>\n<meta property=\"og:image\" content=\"https:\/\/lasentinelle.dz\/wp-content\/uploads\/2024\/01\/silos.jpeg\" \/>\n\t<meta property=\"og:image:width\" content=\"576\" \/>\n\t<meta property=\"og:image:height\" content=\"354\" \/>\n\t<meta property=\"og:image:type\" content=\"image\/jpeg\" \/>\n<meta name=\"author\" content=\"La Sentinelle\" \/>\n<meta name=\"twitter:card\" content=\"summary_large_image\" \/>\n<meta name=\"twitter:label1\" content=\"\u00c9crit par\" \/>\n\t<meta name=\"twitter:data1\" content=\"La Sentinelle\" \/>\n\t<meta name=\"twitter:label2\" content=\"Dur\u00e9e de lecture estim\u00e9e\" \/>\n\t<meta name=\"twitter:data2\" content=\"2 minutes\" \/>\n<script type=\"application\/ld+json\" class=\"yoast-schema-graph\">{\"@context\":\"https:\\\/\\\/schema.org\",\"@graph\":[{\"@type\":\"Article\",\"@id\":\"https:\\\/\\\/lasentinelle.dz\\\/index.php\\\/2024\\\/07\\\/02\\\/stockage-de-cereales-lancement-officiel-du-programme-de-realisation-de-30-silos\\\/#article\",\"isPartOf\":{\"@id\":\"https:\\\/\\\/lasentinelle.dz\\\/index.php\\\/2024\\\/07\\\/02\\\/stockage-de-cereales-lancement-officiel-du-programme-de-realisation-de-30-silos\\\/\"},\"author\":{\"name\":\"La Sentinelle\",\"@id\":\"https:\\\/\\\/lasentinelle.dz\\\/#\\\/schema\\\/person\\\/d865044e22e70a75174ce8bcad3acfb3\"},\"headline\":\"Stockage de c\u00e9r\u00e9ales: Lancement officiel du programme de r\u00e9alisation de 30 silos\",\"datePublished\":\"2024-07-02T13:13:17+00:00\",\"mainEntityOfPage\":{\"@id\":\"https:\\\/\\\/lasentinelle.dz\\\/index.php\\\/2024\\\/07\\\/02\\\/stockage-de-cereales-lancement-officiel-du-programme-de-realisation-de-30-silos\\\/\"},\"wordCount\":322,\"commentCount\":0,\"publisher\":{\"@id\":\"https:\\\/\\\/lasentinelle.dz\\\/#organization\"},\"image\":{\"@id\":\"https:\\\/\\\/lasentinelle.dz\\\/index.php\\\/2024\\\/07\\\/02\\\/stockage-de-cereales-lancement-officiel-du-programme-de-realisation-de-30-silos\\\/#primaryimage\"},\"thumbnailUrl\":\"https:\\\/\\\/lasentinelle.dz\\\/wp-content\\\/uploads\\\/2024\\\/01\\\/silos.jpeg\",\"articleSection\":[\"\u00c9conomie\"],\"inLanguage\":\"fr-FR\",\"potentialAction\":[{\"@type\":\"CommentAction\",\"name\":\"Comment\",\"target\":[\"https:\\\/\\\/lasentinelle.dz\\\/index.php\\\/2024\\\/07\\\/02\\\/stockage-de-cereales-lancement-officiel-du-programme-de-realisation-de-30-silos\\\/#respond\"]}]},{\"@type\":\"WebPage\",\"@id\":\"https:\\\/\\\/lasentinelle.dz\\\/index.php\\\/2024\\\/07\\\/02\\\/stockage-de-cereales-lancement-officiel-du-programme-de-realisation-de-30-silos\\\/\",\"url\":\"https:\\\/\\\/lasentinelle.dz\\\/index.php\\\/2024\\\/07\\\/02\\\/stockage-de-cereales-lancement-officiel-du-programme-de-realisation-de-30-silos\\\/\",\"name\":\"Stockage de c\u00e9r\u00e9ales: Lancement officiel du programme de r\u00e9alisation de 30 silos - La Sentinelle\",\"isPartOf\":{\"@id\":\"https:\\\/\\\/lasentinelle.dz\\\/#website\"},\"primaryImageOfPage\":{\"@id\":\"https:\\\/\\\/lasentinelle.dz\\\/index.php\\\/2024\\\/07\\\/02\\\/stockage-de-cereales-lancement-officiel-du-programme-de-realisation-de-30-silos\\\/#primaryimage\"},\"image\":{\"@id\":\"https:\\\/\\\/lasentinelle.dz\\\/index.php\\\/2024\\\/07\\\/02\\\/stockage-de-cereales-lancement-officiel-du-programme-de-realisation-de-30-silos\\\/#primaryimage\"},\"thumbnailUrl\":\"https:\\\/\\\/lasentinelle.dz\\\/wp-content\\\/uploads\\\/2024\\\/01\\\/silos.jpeg\",\"datePublished\":\"2024-07-02T13:13:17+00:00\",\"breadcrumb\":{\"@id\":\"https:\\\/\\\/lasentinelle.dz\\\/index.php\\\/2024\\\/07\\\/02\\\/stockage-de-cereales-lancement-officiel-du-programme-de-realisation-de-30-silos\\\/#breadcrumb\"},\"inLanguage\":\"fr-FR\",\"potentialAction\":[{\"@type\":\"ReadAction\",\"target\":[\"https:\\\/\\\/lasentinelle.dz\\\/index.php\\\/2024\\\/07\\\/02\\\/stockage-de-cereales-lancement-officiel-du-programme-de-realisation-de-30-silos\\\/\"]}]},{\"@type\":\"ImageObject\",\"inLanguage\":\"fr-FR\",\"@id\":\"https:\\\/\\\/lasentinelle.dz\\\/index.php\\\/2024\\\/07\\\/02\\\/stockage-de-cereales-lancement-officiel-du-programme-de-realisation-de-30-silos\\\/#primaryimage\",\"url\":\"https:\\\/\\\/lasentinelle.dz\\\/wp-content\\\/uploads\\\/2024\\\/01\\\/silos.jpeg\",\"contentUrl\":\"https:\\\/\\\/lasentinelle.dz\\\/wp-content\\\/uploads\\\/2024\\\/01\\\/silos.jpeg\",\"width\":576,\"height\":354},{\"@type\":\"BreadcrumbList\",\"@id\":\"https:\\\/\\\/lasentinelle.dz\\\/index.php\\\/2024\\\/07\\\/02\\\/stockage-de-cereales-lancement-officiel-du-programme-de-realisation-de-30-silos\\\/#breadcrumb\",\"itemListElement\":[{\"@type\":\"ListItem\",\"position\":1,\"name\":\"Accueil\",\"item\":\"https:\\\/\\\/lasentinelle.dz\\\/\"},{\"@type\":\"ListItem\",\"position\":2,\"name\":\"Stockage de c\u00e9r\u00e9ales: Lancement officiel du programme de r\u00e9alisation de 30 silos\"}]},{\"@type\":\"WebSite\",\"@id\":\"https:\\\/\\\/lasentinelle.dz\\\/#website\",\"url\":\"https:\\\/\\\/lasentinelle.dz\\\/\",\"name\":\"La Sentinelle\",\"description\":\"Quotidien national d&#039;information\",\"publisher\":{\"@id\":\"https:\\\/\\\/lasentinelle.dz\\\/#organization\"},\"potentialAction\":[{\"@type\":\"SearchAction\",\"target\":{\"@type\":\"EntryPoint\",\"urlTemplate\":\"https:\\\/\\\/lasentinelle.dz\\\/?s={search_term_string}\"},\"query-input\":{\"@type\":\"PropertyValueSpecification\",\"valueRequired\":true,\"valueName\":\"search_term_string\"}}],\"inLanguage\":\"fr-FR\"},{\"@type\":\"Organization\",\"@id\":\"https:\\\/\\\/lasentinelle.dz\\\/#organization\",\"name\":\"Quotidien La Sentinelle\",\"url\":\"https:\\\/\\\/lasentinelle.dz\\\/\",\"logo\":{\"@type\":\"ImageObject\",\"inLanguage\":\"fr-FR\",\"@id\":\"https:\\\/\\\/lasentinelle.dz\\\/#\\\/schema\\\/logo\\\/image\\\/\",\"url\":\"https:\\\/\\\/lasentinelle.dz\\\/wp-content\\\/uploads\\\/2021\\\/09\\\/logo-sentinelleSLOGAN-1.png\",\"contentUrl\":\"https:\\\/\\\/lasentinelle.dz\\\/wp-content\\\/uploads\\\/2021\\\/09\\\/logo-sentinelleSLOGAN-1.png\",\"width\":615,\"height\":142,\"caption\":\"Quotidien La Sentinelle\"},\"image\":{\"@id\":\"https:\\\/\\\/lasentinelle.dz\\\/#\\\/schema\\\/logo\\\/image\\\/\"},\"sameAs\":[\"https:\\\/\\\/www.facebook.com\\\/La-Sentinelle-104059864394773\"]},{\"@type\":\"Person\",\"@id\":\"https:\\\/\\\/lasentinelle.dz\\\/#\\\/schema\\\/person\\\/d865044e22e70a75174ce8bcad3acfb3\",\"name\":\"La Sentinelle\",\"image\":{\"@type\":\"ImageObject\",\"inLanguage\":\"fr-FR\",\"@id\":\"https:\\\/\\\/secure.gravatar.com\\\/avatar\\\/57de8e5d4b15d43fb361a71fbb36338450fe67865b528a43dd10ef7c51a20392?s=96&d=mm&r=g\",\"url\":\"https:\\\/\\\/secure.gravatar.com\\\/avatar\\\/57de8e5d4b15d43fb361a71fbb36338450fe67865b528a43dd10ef7c51a20392?s=96&d=mm&r=g\",\"contentUrl\":\"https:\\\/\\\/secure.gravatar.com\\\/avatar\\\/57de8e5d4b15d43fb361a71fbb36338450fe67865b528a43dd10ef7c51a20392?s=96&d=mm&r=g\",\"caption\":\"La Sentinelle\"},\"sameAs\":[\"http:\\\/\\\/www.lasentinelle.dz\"],\"url\":\"https:\\\/\\\/lasentinelle.dz\\\/author\\\/redaction\\\/\"}]}<\/script>\n<!-- \/ Yoast SEO plugin. -->","yoast_head_json":{"title":"Stockage de c\u00e9r\u00e9ales: Lancement officiel du programme de r\u00e9alisation de 30 silos - La Sentinelle","robots":{"index":"index","follow":"follow","max-snippet":"max-snippet:-1","max-image-preview":"max-image-preview:large","max-video-preview":"max-video-preview:-1"},"canonical":"https:\/\/lasentinelle.dz\/index.php\/2024\/07\/02\/stockage-de-cereales-lancement-officiel-du-programme-de-realisation-de-30-silos\/","og_locale":"fr_FR","og_type":"article","og_title":"Stockage de c\u00e9r\u00e9ales: Lancement officiel du programme de r\u00e9alisation de 30 silos - La Sentinelle","og_description":"Le ministre de l&rsquo;Agriculture et du D\u00e9veloppement rural, Youcef Cherfa a pr\u00e9sid\u00e9, lundi \u00e0 Mascara, en compagnie du ministre de","og_url":"https:\/\/lasentinelle.dz\/index.php\/2024\/07\/02\/stockage-de-cereales-lancement-officiel-du-programme-de-realisation-de-30-silos\/","og_site_name":"La Sentinelle","article_publisher":"https:\/\/www.facebook.com\/La-Sentinelle-104059864394773","article_published_time":"2024-07-02T13:13:17+00:00","og_image":[{"width":576,"height":354,"url":"https:\/\/lasentinelle.dz\/wp-content\/uploads\/2024\/01\/silos.jpeg","type":"image\/jpeg"}],"author":"La Sentinelle","twitter_card":"summary_large_image","twitter_misc":{"\u00c9crit par":"La Sentinelle","Dur\u00e9e de lecture estim\u00e9e":"2 minutes"},"schema":{"@context":"https:\/\/schema.org","@graph":[{"@type":"Article","@id":"https:\/\/lasentinelle.dz\/index.php\/2024\/07\/02\/stockage-de-cereales-lancement-officiel-du-programme-de-realisation-de-30-silos\/#article","isPartOf":{"@id":"https:\/\/lasentinelle.dz\/index.php\/2024\/07\/02\/stockage-de-cereales-lancement-officiel-du-programme-de-realisation-de-30-silos\/"},"author":{"name":"La Sentinelle","@id":"https:\/\/lasentinelle.dz\/#\/schema\/person\/d865044e22e70a75174ce8bcad3acfb3"},"headline":"Stockage de c\u00e9r\u00e9ales: Lancement officiel du programme de r\u00e9alisation de 30 silos","datePublished":"2024-07-02T13:13:17+00:00","mainEntityOfPage":{"@id":"https:\/\/lasentinelle.dz\/index.php\/2024\/07\/02\/stockage-de-cereales-lancement-officiel-du-programme-de-realisation-de-30-silos\/"},"wordCount":322,"commentCount":0,"publisher":{"@id":"https:\/\/lasentinelle.dz\/#organization"},"image":{"@id":"https:\/\/lasentinelle.dz\/index.php\/2024\/07\/02\/stockage-de-cereales-lancement-officiel-du-programme-de-realisation-de-30-silos\/#primaryimage"},"thumbnailUrl":"https:\/\/lasentinelle.dz\/wp-content\/uploads\/2024\/01\/silos.jpeg","articleSection":["\u00c9conomie"],"inLanguage":"fr-FR","potentialAction":[{"@type":"CommentAction","name":"Comment","target":["https:\/\/lasentinelle.dz\/index.php\/2024\/07\/02\/stockage-de-cereales-lancement-officiel-du-programme-de-realisation-de-30-silos\/#respond"]}]},{"@type":"WebPage","@id":"https:\/\/lasentinelle.dz\/index.php\/2024\/07\/02\/stockage-de-cereales-lancement-officiel-du-programme-de-realisation-de-30-silos\/","url":"https:\/\/lasentinelle.dz\/index.php\/2024\/07\/02\/stockage-de-cereales-lancement-officiel-du-programme-de-realisation-de-30-silos\/","name":"Stockage de c\u00e9r\u00e9ales: Lancement officiel du programme de r\u00e9alisation de 30 silos - La Sentinelle","isPartOf":{"@id":"https:\/\/lasentinelle.dz\/#website"},"primaryImageOfPage":{"@id":"https:\/\/lasentinelle.dz\/index.php\/2024\/07\/02\/stockage-de-cereales-lancement-officiel-du-programme-de-realisation-de-30-silos\/#primaryimage"},"image":{"@id":"https:\/\/lasentinelle.dz\/index.php\/2024\/07\/02\/stockage-de-cereales-lancement-officiel-du-programme-de-realisation-de-30-silos\/#primaryimage"},"thumbnailUrl":"https:\/\/lasentinelle.dz\/wp-content\/uploads\/2024\/01\/silos.jpeg","datePublished":"2024-07-02T13:13:17+00:00","breadcrumb":{"@id":"https:\/\/lasentinelle.dz\/index.php\/2024\/07\/02\/stockage-de-cereales-lancement-officiel-du-programme-de-realisation-de-30-silos\/#breadcrumb"},"inLanguage":"fr-FR","potentialAction":[{"@type":"ReadAction","target":["https:\/\/lasentinelle.dz\/index.php\/2024\/07\/02\/stockage-de-cereales-lancement-officiel-du-programme-de-realisation-de-30-silos\/"]}]},{"@type":"ImageObject","inLanguage":"fr-FR","@id":"https:\/\/lasentinelle.dz\/index.php\/2024\/07\/02\/stockage-de-cereales-lancement-officiel-du-programme-de-realisation-de-30-silos\/#primaryimage","url":"https:\/\/lasentinelle.dz\/wp-content\/uploads\/2024\/01\/silos.jpeg","contentUrl":"https:\/\/lasentinelle.dz\/wp-content\/uploads\/2024\/01\/silos.jpeg","width":576,"height":354},{"@type":"BreadcrumbList","@id":"https:\/\/lasentinelle.dz\/index.php\/2024\/07\/02\/stockage-de-cereales-lancement-officiel-du-programme-de-realisation-de-30-silos\/#breadcrumb","itemListElement":[{"@type":"ListItem","position":1,"name":"Accueil","item":"https:\/\/lasentinelle.dz\/"},{"@type":"ListItem","position":2,"name":"Stockage de c\u00e9r\u00e9ales: Lancement officiel du programme de r\u00e9alisation de 30 silos"}]},{"@type":"WebSite","@id":"https:\/\/lasentinelle.dz\/#website","url":"https:\/\/lasentinelle.dz\/","name":"La Sentinelle","description":"Quotidien national d&#039;information","publisher":{"@id":"https:\/\/lasentinelle.dz\/#organization"},"potentialAction":[{"@type":"SearchAction","target":{"@type":"EntryPoint","urlTemplate":"https:\/\/lasentinelle.dz\/?s={search_term_string}"},"query-input":{"@type":"PropertyValueSpecification","valueRequired":true,"valueName":"search_term_string"}}],"inLanguage":"fr-FR"},{"@type":"Organization","@id":"https:\/\/lasentinelle.dz\/#organization","name":"Quotidien La Sentinelle","url":"https:\/\/lasentinelle.dz\/","logo":{"@type":"ImageObject","inLanguage":"fr-FR","@id":"https:\/\/lasentinelle.dz\/#\/schema\/logo\/image\/","url":"https:\/\/lasentinelle.dz\/wp-content\/uploads\/2021\/09\/logo-sentinelleSLOGAN-1.png","contentUrl":"https:\/\/lasentinelle.dz\/wp-content\/uploads\/2021\/09\/logo-sentinelleSLOGAN-1.png","width":615,"height":142,"caption":"Quotidien La Sentinelle"},"image":{"@id":"https:\/\/lasentinelle.dz\/#\/schema\/logo\/image\/"},"sameAs":["https:\/\/www.facebook.com\/La-Sentinelle-104059864394773"]},{"@type":"Person","@id":"https:\/\/lasentinelle.dz\/#\/schema\/person\/d865044e22e70a75174ce8bcad3acfb3","name":"La Sentinelle","image":{"@type":"ImageObject","inLanguage":"fr-FR","@id":"https:\/\/secure.gravatar.com\/avatar\/57de8e5d4b15d43fb361a71fbb36338450fe67865b528a43dd10ef7c51a20392?s=96&d=mm&r=g","url":"https:\/\/secure.gravatar.com\/avatar\/57de8e5d4b15d43fb361a71fbb36338450fe67865b528a43dd10ef7c51a20392?s=96&d=mm&r=g","contentUrl":"https:\/\/secure.gravatar.com\/avatar\/57de8e5d4b15d43fb361a71fbb36338450fe67865b528a43dd10ef7c51a20392?s=96&d=mm&r=g","caption":"La Sentinelle"},"sameAs":["http:\/\/www.lasentinelle.dz"],"url":"https:\/\/lasentinelle.dz\/author\/redaction\/"}]}},"_links":{"self":[{"href":"https:\/\/lasentinelle.dz\/index.php\/wp-json\/wp\/v2\/posts\/53962","targetHints":{"allow":["GET"]}}],"collection":[{"href":"https:\/\/lasentinelle.dz\/index.php\/wp-json\/wp\/v2\/posts"}],"about":[{"href":"https:\/\/lasentinelle.dz\/index.php\/wp-json\/wp\/v2\/types\/post"}],"author":[{"embeddable":true,"href":"https:\/\/lasentinelle.dz\/index.php\/wp-json\/wp\/v2\/users\/3"}],"replies":[{"embeddable":true,"href":"https:\/\/lasentinelle.dz\/index.php\/wp-json\/wp\/v2\/comments?post=53962"}],"version-history":[{"count":1,"href":"https:\/\/lasentinelle.dz\/index.php\/wp-json\/wp\/v2\/posts\/53962\/revisions"}],"predecessor-version":[{"id":53963,"href":"https:\/\/lasentinelle.dz\/index.php\/wp-json\/wp\/v2\/posts\/53962\/revisions\/53963"}],"wp:featuredmedia":[{"embeddable":true,"href":"https:\/\/lasentinelle.dz\/index.php\/wp-json\/wp\/v2\/media\/48603"}],"wp:attachment":[{"href":"https:\/\/lasentinelle.dz\/index.php\/wp-json\/wp\/v2\/media?parent=53962"}],"wp:term":[{"taxonomy":"category","embeddable":true,"href":"https:\/\/lasentinelle.dz\/index.php\/wp-json\/wp\/v2\/categories?post=53962"},{"taxonomy":"post_tag","embeddable":true,"href":"https:\/\/lasentinelle.dz\/index.php\/wp-json\/wp\/v2\/tags?post=53962"}],"curies":[{"name":"wp","href":"https:\/\/api.w.org\/{rel}","templated":true}]}}