{"id":53983,"date":"2024-07-02T20:19:07","date_gmt":"2024-07-02T19:19:07","guid":{"rendered":"https:\/\/lasentinelle.dz\/?p=53983"},"modified":"2024-07-02T20:19:08","modified_gmt":"2024-07-02T19:19:08","slug":"ils-activaient-dans-la-region-du-sahel-cinq-terroristes-arretes-a-bordj-badji-mokhtar","status":"publish","type":"post","link":"https:\/\/lasentinelle.dz\/index.php\/2024\/07\/02\/ils-activaient-dans-la-region-du-sahel-cinq-terroristes-arretes-a-bordj-badji-mokhtar\/","title":{"rendered":"Ils activaient dans la r\u00e9gion du Sahel : Cinq terroristes arr\u00eat\u00e9s \u00e0 Bordj Badji Mokhtar"},"content":{"rendered":"\n<p>Cinq terroristes ont \u00e9t\u00e9 arr\u00eat\u00e9s et une importante quantit\u00e9 d&rsquo;armes et de munitions r\u00e9cup\u00e9r\u00e9e par des d\u00e9tachements combin\u00e9s de l&rsquo;Arm\u00e9e nationale populaire (ANP), dans deux op\u00e9rations distinctes \u00e0 Bordj Badji Mokhtar et Tamanrasset (6e R\u00e9gion militaire) durant la p\u00e9riode du 20 au 23 juin. Dans le cadre de la lutte antiterroriste et gr\u00e2ce l\u2019exploitation efficiente des renseignements, des d\u00e9tachements combin\u00e9s de l&rsquo;Arm\u00e9e Nationale Populaire ont arr\u00eat\u00e9 cinq terroristes dans la p\u00e9riode du 20 au 23 juin 2024, dans deux op\u00e9rations distinctes au niveau du secteur Op\u00e9rationnel Bordj Badji Mokhtar et du Secteur militaire Tamanrasset en 6eme r\u00e9gion militaire a rapport\u00e9 hier lundi, un communiqu\u00e9 du Minist\u00e8re de la D\u00e9fense Nationale. La premi\u00e8re op\u00e9ration men\u00e9e au niveau du secteur militaire \u00e0 Tamanrasset a permis l&rsquo;arrestation de quatre (04) terroristes. Il s&rsquo;agit de \u00a0\u00bbBen Adjna Ahmed \u00a0\u00bb, dit \u00a0\u00bb Ahmed Al-Teragui\u00a0\u00bb, \u00a0\u00bbFougas Abdelkrim \u00a0\u00bb, dit \u00a0\u00bbBakka \u00a0\u00bb et \u00a0\u00bbAberzoulgh Moussa \u00a0\u00bb, alias \u00a0\u00bbMachki \u00a0\u00bb. Et \u00a0\u00bb Hadj Ousmane Boudjemaa \u00a0\u00bb, surnomm\u00e9 \u00a0\u00bb Jouma\u00a0\u00bb. Les terroristes appartenant aux groupes terroristes actifs dans la r\u00e9gion du Sahel \u00e9taient en possession de en leur possession deux (2) fusils mitrailleurs type FMPK, quatre (4) pistolets mitrailleurs de type Kalachnikov, deux (2) cha\u00eenes de munitions garnies de 139 balles de calibre 7.62\u00d754 mm et six (6) chargeurs de munitions garnis de 148 balles de calibre 7.62\u00d739 mm , note le communiqu\u00e9. Quant \u00e0 la deuxi\u00e8me op\u00e9ration, qui a \u00e9t\u00e9 men\u00e9e au niveau du secteur op\u00e9rationnel de Bordj Badji Mokhtar, elle a abouti \u00e0 l&rsquo;arrestation du terroriste recherch\u00e9, \u00a0\u00bbBarbouchi Maata Moulane \u00a0\u00bb, a ajout\u00e9 le dit communiqu\u00e9. Ces r\u00e9sultats t\u00e9moignent encore une fois, la d\u00e9termination des forces de l\u2019ANP et, surtout refl\u00e8tent l\u2019efficacit\u00e9 adopt\u00e9e et les efforts consentis des Forces Arm\u00e9es sur le terrain afin de venir \u00e0 bout du fl\u00e9au du terrorisme dans notre le et asseoir la s\u00e9curit\u00e9 et la qui\u00e9tude \u00e0 travers l\u2019ensemble du territoire national \u00bb, conclut le communiqu\u00e9 du minist\u00e8re.<\/p>\n\n\n\n<p><strong>Sofia Chahine&nbsp;&nbsp;&nbsp;<\/strong><\/p>\n","protected":false},"excerpt":{"rendered":"<p>Cinq terroristes ont \u00e9t\u00e9 arr\u00eat\u00e9s et une importante quantit\u00e9 d&rsquo;armes et de munitions r\u00e9cup\u00e9r\u00e9e par des d\u00e9tachements combin\u00e9s de l&rsquo;Arm\u00e9e<\/p>\n","protected":false},"author":3,"featured_media":27980,"comment_status":"open","ping_status":"closed","sticky":false,"template":"","format":"standard","meta":{"colormag_page_container_layout":"default_layout","colormag_page_sidebar_layout":"default_layout","om_disable_all_campaigns":false,"_monsterinsights_skip_tracking":false,"_monsterinsights_sitenote_active":false,"_monsterinsights_sitenote_note":"","_monsterinsights_sitenote_category":0,"footnotes":"","_wpscppro_dont_share_socialmedia":false,"_wpscppro_custom_social_share_image":0,"_facebook_share_type":"default","_twitter_share_type":"default","_linkedin_share_type":"default","_pinterest_share_type":"default","_linkedin_share_type_page":"","_instagram_share_type":"default","_medium_share_type":"","_threads_share_type":"","_google_business_share_type":"","_selected_social_profile":[],"_wpsp_enable_custom_social_template":false,"_wpsp_social_scheduling":{"enabled":false,"datetime":null,"platforms":[],"status":"template_only","dateOption":"today","timeOption":"now","customDays":"","customHours":"","customDate":"","customTime":"","schedulingType":"absolute"},"_wpsp_active_default_template":true},"categories":[52,27],"tags":[],"class_list":["post-53983","post","type-post","status-publish","format-standard","has-post-thumbnail","hentry","category-a-la-une","category-actualite"],"aioseo_notices":[],"yoast_head":"<!-- This site is optimized with the Yoast SEO plugin v27.5 - https:\/\/yoast.com\/product\/yoast-seo-wordpress\/ -->\n<title>Ils activaient dans la r\u00e9gion du Sahel : Cinq terroristes arr\u00eat\u00e9s \u00e0 Bordj Badji Mokhtar - La Sentinelle<\/title>\n<meta name=\"robots\" content=\"index, follow, max-snippet:-1, max-image-preview:large, max-video-preview:-1\" \/>\n<link rel=\"canonical\" href=\"https:\/\/lasentinelle.dz\/index.php\/2024\/07\/02\/ils-activaient-dans-la-region-du-sahel-cinq-terroristes-arretes-a-bordj-badji-mokhtar\/\" \/>\n<meta property=\"og:locale\" content=\"fr_FR\" \/>\n<meta property=\"og:type\" content=\"article\" \/>\n<meta property=\"og:title\" content=\"Ils activaient dans la r\u00e9gion du Sahel : Cinq terroristes arr\u00eat\u00e9s \u00e0 Bordj Badji Mokhtar - La Sentinelle\" \/>\n<meta property=\"og:description\" content=\"Cinq terroristes ont \u00e9t\u00e9 arr\u00eat\u00e9s et une importante quantit\u00e9 d&rsquo;armes et de munitions r\u00e9cup\u00e9r\u00e9e par des d\u00e9tachements combin\u00e9s de l&rsquo;Arm\u00e9e\" \/>\n<meta property=\"og:url\" content=\"https:\/\/lasentinelle.dz\/index.php\/2024\/07\/02\/ils-activaient-dans-la-region-du-sahel-cinq-terroristes-arretes-a-bordj-badji-mokhtar\/\" \/>\n<meta property=\"og:site_name\" content=\"La Sentinelle\" \/>\n<meta property=\"article:publisher\" content=\"https:\/\/www.facebook.com\/La-Sentinelle-104059864394773\" \/>\n<meta property=\"article:published_time\" content=\"2024-07-02T19:19:07+00:00\" \/>\n<meta property=\"article:modified_time\" content=\"2024-07-02T19:19:08+00:00\" \/>\n<meta property=\"og:image\" content=\"https:\/\/lasentinelle.dz\/wp-content\/uploads\/2022\/09\/MDN.png\" \/>\n\t<meta property=\"og:image:width\" content=\"1350\" \/>\n\t<meta property=\"og:image:height\" content=\"900\" \/>\n\t<meta property=\"og:image:type\" content=\"image\/png\" \/>\n<meta name=\"author\" content=\"La Sentinelle\" \/>\n<meta name=\"twitter:card\" content=\"summary_large_image\" \/>\n<meta name=\"twitter:label1\" content=\"\u00c9crit par\" \/>\n\t<meta name=\"twitter:data1\" content=\"La Sentinelle\" \/>\n\t<meta name=\"twitter:label2\" content=\"Dur\u00e9e de lecture estim\u00e9e\" \/>\n\t<meta name=\"twitter:data2\" content=\"2 minutes\" \/>\n<script type=\"application\/ld+json\" class=\"yoast-schema-graph\">{\"@context\":\"https:\\\/\\\/schema.org\",\"@graph\":[{\"@type\":\"Article\",\"@id\":\"https:\\\/\\\/lasentinelle.dz\\\/index.php\\\/2024\\\/07\\\/02\\\/ils-activaient-dans-la-region-du-sahel-cinq-terroristes-arretes-a-bordj-badji-mokhtar\\\/#article\",\"isPartOf\":{\"@id\":\"https:\\\/\\\/lasentinelle.dz\\\/index.php\\\/2024\\\/07\\\/02\\\/ils-activaient-dans-la-region-du-sahel-cinq-terroristes-arretes-a-bordj-badji-mokhtar\\\/\"},\"author\":{\"name\":\"La Sentinelle\",\"@id\":\"https:\\\/\\\/lasentinelle.dz\\\/#\\\/schema\\\/person\\\/d865044e22e70a75174ce8bcad3acfb3\"},\"headline\":\"Ils activaient dans la r\u00e9gion du Sahel : Cinq terroristes arr\u00eat\u00e9s \u00e0 Bordj Badji Mokhtar\",\"datePublished\":\"2024-07-02T19:19:07+00:00\",\"dateModified\":\"2024-07-02T19:19:08+00:00\",\"mainEntityOfPage\":{\"@id\":\"https:\\\/\\\/lasentinelle.dz\\\/index.php\\\/2024\\\/07\\\/02\\\/ils-activaient-dans-la-region-du-sahel-cinq-terroristes-arretes-a-bordj-badji-mokhtar\\\/\"},\"wordCount\":357,\"commentCount\":0,\"publisher\":{\"@id\":\"https:\\\/\\\/lasentinelle.dz\\\/#organization\"},\"image\":{\"@id\":\"https:\\\/\\\/lasentinelle.dz\\\/index.php\\\/2024\\\/07\\\/02\\\/ils-activaient-dans-la-region-du-sahel-cinq-terroristes-arretes-a-bordj-badji-mokhtar\\\/#primaryimage\"},\"thumbnailUrl\":\"https:\\\/\\\/lasentinelle.dz\\\/wp-content\\\/uploads\\\/2022\\\/09\\\/MDN.png\",\"articleSection\":[\"\u00c0 la Une\",\"Actualit\u00e9\"],\"inLanguage\":\"fr-FR\",\"potentialAction\":[{\"@type\":\"CommentAction\",\"name\":\"Comment\",\"target\":[\"https:\\\/\\\/lasentinelle.dz\\\/index.php\\\/2024\\\/07\\\/02\\\/ils-activaient-dans-la-region-du-sahel-cinq-terroristes-arretes-a-bordj-badji-mokhtar\\\/#respond\"]}]},{\"@type\":\"WebPage\",\"@id\":\"https:\\\/\\\/lasentinelle.dz\\\/index.php\\\/2024\\\/07\\\/02\\\/ils-activaient-dans-la-region-du-sahel-cinq-terroristes-arretes-a-bordj-badji-mokhtar\\\/\",\"url\":\"https:\\\/\\\/lasentinelle.dz\\\/index.php\\\/2024\\\/07\\\/02\\\/ils-activaient-dans-la-region-du-sahel-cinq-terroristes-arretes-a-bordj-badji-mokhtar\\\/\",\"name\":\"Ils activaient dans la r\u00e9gion du Sahel : Cinq terroristes arr\u00eat\u00e9s \u00e0 Bordj Badji Mokhtar - La Sentinelle\",\"isPartOf\":{\"@id\":\"https:\\\/\\\/lasentinelle.dz\\\/#website\"},\"primaryImageOfPage\":{\"@id\":\"https:\\\/\\\/lasentinelle.dz\\\/index.php\\\/2024\\\/07\\\/02\\\/ils-activaient-dans-la-region-du-sahel-cinq-terroristes-arretes-a-bordj-badji-mokhtar\\\/#primaryimage\"},\"image\":{\"@id\":\"https:\\\/\\\/lasentinelle.dz\\\/index.php\\\/2024\\\/07\\\/02\\\/ils-activaient-dans-la-region-du-sahel-cinq-terroristes-arretes-a-bordj-badji-mokhtar\\\/#primaryimage\"},\"thumbnailUrl\":\"https:\\\/\\\/lasentinelle.dz\\\/wp-content\\\/uploads\\\/2022\\\/09\\\/MDN.png\",\"datePublished\":\"2024-07-02T19:19:07+00:00\",\"dateModified\":\"2024-07-02T19:19:08+00:00\",\"breadcrumb\":{\"@id\":\"https:\\\/\\\/lasentinelle.dz\\\/index.php\\\/2024\\\/07\\\/02\\\/ils-activaient-dans-la-region-du-sahel-cinq-terroristes-arretes-a-bordj-badji-mokhtar\\\/#breadcrumb\"},\"inLanguage\":\"fr-FR\",\"potentialAction\":[{\"@type\":\"ReadAction\",\"target\":[\"https:\\\/\\\/lasentinelle.dz\\\/index.php\\\/2024\\\/07\\\/02\\\/ils-activaient-dans-la-region-du-sahel-cinq-terroristes-arretes-a-bordj-badji-mokhtar\\\/\"]}]},{\"@type\":\"ImageObject\",\"inLanguage\":\"fr-FR\",\"@id\":\"https:\\\/\\\/lasentinelle.dz\\\/index.php\\\/2024\\\/07\\\/02\\\/ils-activaient-dans-la-region-du-sahel-cinq-terroristes-arretes-a-bordj-badji-mokhtar\\\/#primaryimage\",\"url\":\"https:\\\/\\\/lasentinelle.dz\\\/wp-content\\\/uploads\\\/2022\\\/09\\\/MDN.png\",\"contentUrl\":\"https:\\\/\\\/lasentinelle.dz\\\/wp-content\\\/uploads\\\/2022\\\/09\\\/MDN.png\",\"width\":1350,\"height\":900},{\"@type\":\"BreadcrumbList\",\"@id\":\"https:\\\/\\\/lasentinelle.dz\\\/index.php\\\/2024\\\/07\\\/02\\\/ils-activaient-dans-la-region-du-sahel-cinq-terroristes-arretes-a-bordj-badji-mokhtar\\\/#breadcrumb\",\"itemListElement\":[{\"@type\":\"ListItem\",\"position\":1,\"name\":\"Accueil\",\"item\":\"https:\\\/\\\/lasentinelle.dz\\\/\"},{\"@type\":\"ListItem\",\"position\":2,\"name\":\"Ils activaient dans la r\u00e9gion du Sahel : Cinq terroristes arr\u00eat\u00e9s \u00e0 Bordj Badji Mokhtar\"}]},{\"@type\":\"WebSite\",\"@id\":\"https:\\\/\\\/lasentinelle.dz\\\/#website\",\"url\":\"https:\\\/\\\/lasentinelle.dz\\\/\",\"name\":\"La Sentinelle\",\"description\":\"Quotidien national d&#039;information\",\"publisher\":{\"@id\":\"https:\\\/\\\/lasentinelle.dz\\\/#organization\"},\"potentialAction\":[{\"@type\":\"SearchAction\",\"target\":{\"@type\":\"EntryPoint\",\"urlTemplate\":\"https:\\\/\\\/lasentinelle.dz\\\/?s={search_term_string}\"},\"query-input\":{\"@type\":\"PropertyValueSpecification\",\"valueRequired\":true,\"valueName\":\"search_term_string\"}}],\"inLanguage\":\"fr-FR\"},{\"@type\":\"Organization\",\"@id\":\"https:\\\/\\\/lasentinelle.dz\\\/#organization\",\"name\":\"Quotidien La Sentinelle\",\"url\":\"https:\\\/\\\/lasentinelle.dz\\\/\",\"logo\":{\"@type\":\"ImageObject\",\"inLanguage\":\"fr-FR\",\"@id\":\"https:\\\/\\\/lasentinelle.dz\\\/#\\\/schema\\\/logo\\\/image\\\/\",\"url\":\"https:\\\/\\\/lasentinelle.dz\\\/wp-content\\\/uploads\\\/2021\\\/09\\\/logo-sentinelleSLOGAN-1.png\",\"contentUrl\":\"https:\\\/\\\/lasentinelle.dz\\\/wp-content\\\/uploads\\\/2021\\\/09\\\/logo-sentinelleSLOGAN-1.png\",\"width\":615,\"height\":142,\"caption\":\"Quotidien La Sentinelle\"},\"image\":{\"@id\":\"https:\\\/\\\/lasentinelle.dz\\\/#\\\/schema\\\/logo\\\/image\\\/\"},\"sameAs\":[\"https:\\\/\\\/www.facebook.com\\\/La-Sentinelle-104059864394773\"]},{\"@type\":\"Person\",\"@id\":\"https:\\\/\\\/lasentinelle.dz\\\/#\\\/schema\\\/person\\\/d865044e22e70a75174ce8bcad3acfb3\",\"name\":\"La Sentinelle\",\"image\":{\"@type\":\"ImageObject\",\"inLanguage\":\"fr-FR\",\"@id\":\"https:\\\/\\\/secure.gravatar.com\\\/avatar\\\/57de8e5d4b15d43fb361a71fbb36338450fe67865b528a43dd10ef7c51a20392?s=96&d=mm&r=g\",\"url\":\"https:\\\/\\\/secure.gravatar.com\\\/avatar\\\/57de8e5d4b15d43fb361a71fbb36338450fe67865b528a43dd10ef7c51a20392?s=96&d=mm&r=g\",\"contentUrl\":\"https:\\\/\\\/secure.gravatar.com\\\/avatar\\\/57de8e5d4b15d43fb361a71fbb36338450fe67865b528a43dd10ef7c51a20392?s=96&d=mm&r=g\",\"caption\":\"La Sentinelle\"},\"sameAs\":[\"http:\\\/\\\/www.lasentinelle.dz\"],\"url\":\"https:\\\/\\\/lasentinelle.dz\\\/author\\\/redaction\\\/\"}]}<\/script>\n<!-- \/ Yoast SEO plugin. -->","yoast_head_json":{"title":"Ils activaient dans la r\u00e9gion du Sahel : Cinq terroristes arr\u00eat\u00e9s \u00e0 Bordj Badji Mokhtar - La Sentinelle","robots":{"index":"index","follow":"follow","max-snippet":"max-snippet:-1","max-image-preview":"max-image-preview:large","max-video-preview":"max-video-preview:-1"},"canonical":"https:\/\/lasentinelle.dz\/index.php\/2024\/07\/02\/ils-activaient-dans-la-region-du-sahel-cinq-terroristes-arretes-a-bordj-badji-mokhtar\/","og_locale":"fr_FR","og_type":"article","og_title":"Ils activaient dans la r\u00e9gion du Sahel : Cinq terroristes arr\u00eat\u00e9s \u00e0 Bordj Badji Mokhtar - La Sentinelle","og_description":"Cinq terroristes ont \u00e9t\u00e9 arr\u00eat\u00e9s et une importante quantit\u00e9 d&rsquo;armes et de munitions r\u00e9cup\u00e9r\u00e9e par des d\u00e9tachements combin\u00e9s de l&rsquo;Arm\u00e9e","og_url":"https:\/\/lasentinelle.dz\/index.php\/2024\/07\/02\/ils-activaient-dans-la-region-du-sahel-cinq-terroristes-arretes-a-bordj-badji-mokhtar\/","og_site_name":"La Sentinelle","article_publisher":"https:\/\/www.facebook.com\/La-Sentinelle-104059864394773","article_published_time":"2024-07-02T19:19:07+00:00","article_modified_time":"2024-07-02T19:19:08+00:00","og_image":[{"width":1350,"height":900,"url":"https:\/\/lasentinelle.dz\/wp-content\/uploads\/2022\/09\/MDN.png","type":"image\/png"}],"author":"La Sentinelle","twitter_card":"summary_large_image","twitter_misc":{"\u00c9crit par":"La Sentinelle","Dur\u00e9e de lecture estim\u00e9e":"2 minutes"},"schema":{"@context":"https:\/\/schema.org","@graph":[{"@type":"Article","@id":"https:\/\/lasentinelle.dz\/index.php\/2024\/07\/02\/ils-activaient-dans-la-region-du-sahel-cinq-terroristes-arretes-a-bordj-badji-mokhtar\/#article","isPartOf":{"@id":"https:\/\/lasentinelle.dz\/index.php\/2024\/07\/02\/ils-activaient-dans-la-region-du-sahel-cinq-terroristes-arretes-a-bordj-badji-mokhtar\/"},"author":{"name":"La Sentinelle","@id":"https:\/\/lasentinelle.dz\/#\/schema\/person\/d865044e22e70a75174ce8bcad3acfb3"},"headline":"Ils activaient dans la r\u00e9gion du Sahel : Cinq terroristes arr\u00eat\u00e9s \u00e0 Bordj Badji Mokhtar","datePublished":"2024-07-02T19:19:07+00:00","dateModified":"2024-07-02T19:19:08+00:00","mainEntityOfPage":{"@id":"https:\/\/lasentinelle.dz\/index.php\/2024\/07\/02\/ils-activaient-dans-la-region-du-sahel-cinq-terroristes-arretes-a-bordj-badji-mokhtar\/"},"wordCount":357,"commentCount":0,"publisher":{"@id":"https:\/\/lasentinelle.dz\/#organization"},"image":{"@id":"https:\/\/lasentinelle.dz\/index.php\/2024\/07\/02\/ils-activaient-dans-la-region-du-sahel-cinq-terroristes-arretes-a-bordj-badji-mokhtar\/#primaryimage"},"thumbnailUrl":"https:\/\/lasentinelle.dz\/wp-content\/uploads\/2022\/09\/MDN.png","articleSection":["\u00c0 la Une","Actualit\u00e9"],"inLanguage":"fr-FR","potentialAction":[{"@type":"CommentAction","name":"Comment","target":["https:\/\/lasentinelle.dz\/index.php\/2024\/07\/02\/ils-activaient-dans-la-region-du-sahel-cinq-terroristes-arretes-a-bordj-badji-mokhtar\/#respond"]}]},{"@type":"WebPage","@id":"https:\/\/lasentinelle.dz\/index.php\/2024\/07\/02\/ils-activaient-dans-la-region-du-sahel-cinq-terroristes-arretes-a-bordj-badji-mokhtar\/","url":"https:\/\/lasentinelle.dz\/index.php\/2024\/07\/02\/ils-activaient-dans-la-region-du-sahel-cinq-terroristes-arretes-a-bordj-badji-mokhtar\/","name":"Ils activaient dans la r\u00e9gion du Sahel : Cinq terroristes arr\u00eat\u00e9s \u00e0 Bordj Badji Mokhtar - La Sentinelle","isPartOf":{"@id":"https:\/\/lasentinelle.dz\/#website"},"primaryImageOfPage":{"@id":"https:\/\/lasentinelle.dz\/index.php\/2024\/07\/02\/ils-activaient-dans-la-region-du-sahel-cinq-terroristes-arretes-a-bordj-badji-mokhtar\/#primaryimage"},"image":{"@id":"https:\/\/lasentinelle.dz\/index.php\/2024\/07\/02\/ils-activaient-dans-la-region-du-sahel-cinq-terroristes-arretes-a-bordj-badji-mokhtar\/#primaryimage"},"thumbnailUrl":"https:\/\/lasentinelle.dz\/wp-content\/uploads\/2022\/09\/MDN.png","datePublished":"2024-07-02T19:19:07+00:00","dateModified":"2024-07-02T19:19:08+00:00","breadcrumb":{"@id":"https:\/\/lasentinelle.dz\/index.php\/2024\/07\/02\/ils-activaient-dans-la-region-du-sahel-cinq-terroristes-arretes-a-bordj-badji-mokhtar\/#breadcrumb"},"inLanguage":"fr-FR","potentialAction":[{"@type":"ReadAction","target":["https:\/\/lasentinelle.dz\/index.php\/2024\/07\/02\/ils-activaient-dans-la-region-du-sahel-cinq-terroristes-arretes-a-bordj-badji-mokhtar\/"]}]},{"@type":"ImageObject","inLanguage":"fr-FR","@id":"https:\/\/lasentinelle.dz\/index.php\/2024\/07\/02\/ils-activaient-dans-la-region-du-sahel-cinq-terroristes-arretes-a-bordj-badji-mokhtar\/#primaryimage","url":"https:\/\/lasentinelle.dz\/wp-content\/uploads\/2022\/09\/MDN.png","contentUrl":"https:\/\/lasentinelle.dz\/wp-content\/uploads\/2022\/09\/MDN.png","width":1350,"height":900},{"@type":"BreadcrumbList","@id":"https:\/\/lasentinelle.dz\/index.php\/2024\/07\/02\/ils-activaient-dans-la-region-du-sahel-cinq-terroristes-arretes-a-bordj-badji-mokhtar\/#breadcrumb","itemListElement":[{"@type":"ListItem","position":1,"name":"Accueil","item":"https:\/\/lasentinelle.dz\/"},{"@type":"ListItem","position":2,"name":"Ils activaient dans la r\u00e9gion du Sahel : Cinq terroristes arr\u00eat\u00e9s \u00e0 Bordj Badji Mokhtar"}]},{"@type":"WebSite","@id":"https:\/\/lasentinelle.dz\/#website","url":"https:\/\/lasentinelle.dz\/","name":"La Sentinelle","description":"Quotidien national d&#039;information","publisher":{"@id":"https:\/\/lasentinelle.dz\/#organization"},"potentialAction":[{"@type":"SearchAction","target":{"@type":"EntryPoint","urlTemplate":"https:\/\/lasentinelle.dz\/?s={search_term_string}"},"query-input":{"@type":"PropertyValueSpecification","valueRequired":true,"valueName":"search_term_string"}}],"inLanguage":"fr-FR"},{"@type":"Organization","@id":"https:\/\/lasentinelle.dz\/#organization","name":"Quotidien La Sentinelle","url":"https:\/\/lasentinelle.dz\/","logo":{"@type":"ImageObject","inLanguage":"fr-FR","@id":"https:\/\/lasentinelle.dz\/#\/schema\/logo\/image\/","url":"https:\/\/lasentinelle.dz\/wp-content\/uploads\/2021\/09\/logo-sentinelleSLOGAN-1.png","contentUrl":"https:\/\/lasentinelle.dz\/wp-content\/uploads\/2021\/09\/logo-sentinelleSLOGAN-1.png","width":615,"height":142,"caption":"Quotidien La Sentinelle"},"image":{"@id":"https:\/\/lasentinelle.dz\/#\/schema\/logo\/image\/"},"sameAs":["https:\/\/www.facebook.com\/La-Sentinelle-104059864394773"]},{"@type":"Person","@id":"https:\/\/lasentinelle.dz\/#\/schema\/person\/d865044e22e70a75174ce8bcad3acfb3","name":"La Sentinelle","image":{"@type":"ImageObject","inLanguage":"fr-FR","@id":"https:\/\/secure.gravatar.com\/avatar\/57de8e5d4b15d43fb361a71fbb36338450fe67865b528a43dd10ef7c51a20392?s=96&d=mm&r=g","url":"https:\/\/secure.gravatar.com\/avatar\/57de8e5d4b15d43fb361a71fbb36338450fe67865b528a43dd10ef7c51a20392?s=96&d=mm&r=g","contentUrl":"https:\/\/secure.gravatar.com\/avatar\/57de8e5d4b15d43fb361a71fbb36338450fe67865b528a43dd10ef7c51a20392?s=96&d=mm&r=g","caption":"La Sentinelle"},"sameAs":["http:\/\/www.lasentinelle.dz"],"url":"https:\/\/lasentinelle.dz\/author\/redaction\/"}]}},"_links":{"self":[{"href":"https:\/\/lasentinelle.dz\/index.php\/wp-json\/wp\/v2\/posts\/53983","targetHints":{"allow":["GET"]}}],"collection":[{"href":"https:\/\/lasentinelle.dz\/index.php\/wp-json\/wp\/v2\/posts"}],"about":[{"href":"https:\/\/lasentinelle.dz\/index.php\/wp-json\/wp\/v2\/types\/post"}],"author":[{"embeddable":true,"href":"https:\/\/lasentinelle.dz\/index.php\/wp-json\/wp\/v2\/users\/3"}],"replies":[{"embeddable":true,"href":"https:\/\/lasentinelle.dz\/index.php\/wp-json\/wp\/v2\/comments?post=53983"}],"version-history":[{"count":1,"href":"https:\/\/lasentinelle.dz\/index.php\/wp-json\/wp\/v2\/posts\/53983\/revisions"}],"predecessor-version":[{"id":53984,"href":"https:\/\/lasentinelle.dz\/index.php\/wp-json\/wp\/v2\/posts\/53983\/revisions\/53984"}],"wp:featuredmedia":[{"embeddable":true,"href":"https:\/\/lasentinelle.dz\/index.php\/wp-json\/wp\/v2\/media\/27980"}],"wp:attachment":[{"href":"https:\/\/lasentinelle.dz\/index.php\/wp-json\/wp\/v2\/media?parent=53983"}],"wp:term":[{"taxonomy":"category","embeddable":true,"href":"https:\/\/lasentinelle.dz\/index.php\/wp-json\/wp\/v2\/categories?post=53983"},{"taxonomy":"post_tag","embeddable":true,"href":"https:\/\/lasentinelle.dz\/index.php\/wp-json\/wp\/v2\/tags?post=53983"}],"curies":[{"name":"wp","href":"https:\/\/api.w.org\/{rel}","templated":true}]}}