{"id":54147,"date":"2024-07-08T14:09:05","date_gmt":"2024-07-08T13:09:05","guid":{"rendered":"https:\/\/lasentinelle.dz\/?p=54147"},"modified":"2024-07-08T14:09:07","modified_gmt":"2024-07-08T13:09:07","slug":"une-enquete-de-lexpress-revele-les-relations-entre-le-makhzen-et-le-rassemblement-national","status":"publish","type":"post","link":"https:\/\/lasentinelle.dz\/index.php\/2024\/07\/08\/une-enquete-de-lexpress-revele-les-relations-entre-le-makhzen-et-le-rassemblement-national\/","title":{"rendered":"Une enqu\u00eate de l&rsquo;Express r\u00e9v\u00e8le les relations entre le Makhzen et le Rassemblement National"},"content":{"rendered":"\n<p><strong>Les alliances f\u00e9lonnes de Mohamed VI<\/strong><\/p>\n\n\n\n<p>Le RN, parti du clan Le Pen, semble b\u00e9n\u00e9ficier d&rsquo;un soutien inconditionnel du Royaume ch\u00e9rifien. Une enqu\u00eate de L&rsquo;Express r\u00e9v\u00e8le les liens in\u00e9dits entre le parti de Jordan Bardella et le r\u00e9gime de Mohamed VI. Selon l\u2019hebdomadaire fran\u00e7ais, cette relation repose sur trois axes majeurs \u00e0 savoir l&rsquo;hostilit\u00e9 envers l&rsquo;Alg\u00e9rie, la question du Sahara occidental et les relations avec l&rsquo;entit\u00e9 sioniste.<\/p>\n\n\n\n<p>Cette connexion entre le RN et le Maroc peut sembler paradoxale, \u00e9tant donn\u00e9 les positions antimusulmanes et anti-immigration du parti fran\u00e7ais d\u2019extr\u00eame droite. Cependant, ces \u00ab&nbsp;divergences&nbsp;\u00bb sont vite \u00e9clips\u00e9es par des int\u00e9r\u00eats communs. Parmi les figures de proue de la Droit et de l\u2019extr\u00eame droite militant en faveur du Maroc on peut ais\u00e9ment trouver en la personne de Thierry Mariani, d\u00e9put\u00e9 europ\u00e9en, un farouche anti -alg\u00e9rien qui se distingue par son soutien sans faille au Maroc. Il d\u00e9fend syst\u00e9matiquement le royaume, y compris dans des affaires controvers\u00e9es telles que l&rsquo;espionnage via Pegasus ou la r\u00e9pression des journalistes marocains, souligne l&rsquo;Express. Mariani ne se contente pas de d\u00e9fendre le Maroc ; il attaque r\u00e9guli\u00e8rement l&rsquo;Alg\u00e9rie pour d\u00e9tourner l&rsquo;attention des critiques adress\u00e9es au royaume ch\u00e9rifien. L\u2019autre fervent soutien du Maroc, l\u2019ancien vice-pr\u00e9sident du Front national, Jean-Claude Martinez, dont les relations remontent \u00e0 son r\u00f4le de conseiller fiscal du roi Hassan II. Malgr\u00e9 son retrait officiel, Martinez continue de d\u00e9fendre les int\u00e9r\u00eats marocains, notamment en critiquant les d\u00e9cisions europ\u00e9ennes favorables au Sahara occidental. L&rsquo;enqu\u00eate de l&rsquo;hebdomadaire fran\u00e7ais met \u00e9galement en avant le r\u00f4le d&rsquo;\u00c9ric Ciotti, pr\u00e9sident du parti Les R\u00e9publicains, devenu alli\u00e9 du RN, qui a r\u00e9cemment r\u00e9affirm\u00e9 son soutien \u00e0 la position marocaine sur le Sahara occidental. Lors d&rsquo;une visite au Maroc en mai 2023, Ciotti a exprim\u00e9 des positions align\u00e9es sur celles de Rabat, malgr\u00e9 la ligne officielle de son parti et de la France. Dans cette harde d\u2019extr\u00e9mistes on retrouve l\u2019historien controvers\u00e9 Bernard Lugan, un autre pilier de cette relation. Natif du Maroc, il est souvent mis en avant par les m\u00e9dias marocains pour ses th\u00e8ses favorables au royaume et hostiles \u00e0 l&rsquo;Alg\u00e9rie, ajoute l&rsquo;enqu\u00eate qui rappelle que Lugan, partisan de la th\u00e9orie du \u00ab\u00a0grand remplacement\u00a0\u00bb en France, a conseill\u00e9 \u00c9ric Zemmour lors des \u00e9lections pr\u00e9sidentielles de 2022, renfor\u00e7ant ainsi les liens entre les extr\u00e9mistes fran\u00e7ais et marocains.<\/p>\n\n\n\n<p>Cette strat\u00e9gie, loin d\u2019\u00eatre gagnante d\u00e9montre que les relations entre le RN et le Maroc qui s&rsquo;intensifient \u00e0 mesure que le parti d&rsquo;extr\u00eame-droite se rapproche du pouvoir en France que le roi du Maroc tente de tisser des alliances contre nature pour renforcer sa position internationale et tenter vainement d\u2019affaiblir ses adversaires. Loin de remodeler les dynamiques politiques en France et au Maghreb comme le pense-on, cette collaboration aux relents de compromissions butera contre les remparts \u00e9rig\u00e9s par l\u2019Alg\u00e9rie qui imposera au futur locataire du palais de Matignon de composer avec les plus forts et les plus puissants, real politique et pragmatisme \u00e9conomique obligent.<\/p>\n\n\n\n<p><strong>Azzedine Belferag<\/strong><\/p>\n","protected":false},"excerpt":{"rendered":"<p>Les alliances f\u00e9lonnes de Mohamed VI Le RN, parti du clan Le Pen, semble b\u00e9n\u00e9ficier d&rsquo;un soutien inconditionnel du Royaume<\/p>\n","protected":false},"author":3,"featured_media":25031,"comment_status":"open","ping_status":"closed","sticky":false,"template":"","format":"standard","meta":{"colormag_page_container_layout":"default_layout","colormag_page_sidebar_layout":"default_layout","om_disable_all_campaigns":false,"_monsterinsights_skip_tracking":false,"_monsterinsights_sitenote_active":false,"_monsterinsights_sitenote_note":"","_monsterinsights_sitenote_category":0,"footnotes":"","_wpscppro_dont_share_socialmedia":false,"_wpscppro_custom_social_share_image":0,"_facebook_share_type":"default","_twitter_share_type":"default","_linkedin_share_type":"default","_pinterest_share_type":"default","_linkedin_share_type_page":"","_instagram_share_type":"default","_medium_share_type":"","_threads_share_type":"","_google_business_share_type":"","_selected_social_profile":[],"_wpsp_enable_custom_social_template":false,"_wpsp_social_scheduling":{"enabled":false,"datetime":null,"platforms":[],"status":"template_only","dateOption":"today","timeOption":"now","customDays":"","customHours":"","customDate":"","customTime":"","schedulingType":"absolute"},"_wpsp_active_default_template":true},"categories":[52,27],"tags":[],"class_list":["post-54147","post","type-post","status-publish","format-standard","has-post-thumbnail","hentry","category-a-la-une","category-actualite"],"aioseo_notices":[],"yoast_head":"<!-- This site is optimized with the Yoast SEO plugin v27.5 - https:\/\/yoast.com\/product\/yoast-seo-wordpress\/ -->\n<title>Une enqu\u00eate de l&rsquo;Express r\u00e9v\u00e8le les relations entre le Makhzen et le Rassemblement National - La Sentinelle<\/title>\n<meta name=\"robots\" content=\"index, follow, max-snippet:-1, max-image-preview:large, max-video-preview:-1\" \/>\n<link rel=\"canonical\" href=\"https:\/\/lasentinelle.dz\/index.php\/2024\/07\/08\/une-enquete-de-lexpress-revele-les-relations-entre-le-makhzen-et-le-rassemblement-national\/\" \/>\n<meta property=\"og:locale\" content=\"fr_FR\" \/>\n<meta property=\"og:type\" content=\"article\" \/>\n<meta property=\"og:title\" content=\"Une enqu\u00eate de l&rsquo;Express r\u00e9v\u00e8le les relations entre le Makhzen et le Rassemblement National - La Sentinelle\" \/>\n<meta property=\"og:description\" content=\"Les alliances f\u00e9lonnes de Mohamed VI Le RN, parti du clan Le Pen, semble b\u00e9n\u00e9ficier d&rsquo;un soutien inconditionnel du Royaume\" \/>\n<meta property=\"og:url\" content=\"https:\/\/lasentinelle.dz\/index.php\/2024\/07\/08\/une-enquete-de-lexpress-revele-les-relations-entre-le-makhzen-et-le-rassemblement-national\/\" \/>\n<meta property=\"og:site_name\" content=\"La Sentinelle\" \/>\n<meta property=\"article:publisher\" content=\"https:\/\/www.facebook.com\/La-Sentinelle-104059864394773\" \/>\n<meta property=\"article:published_time\" content=\"2024-07-08T13:09:05+00:00\" \/>\n<meta property=\"article:modified_time\" content=\"2024-07-08T13:09:07+00:00\" \/>\n<meta property=\"og:image\" content=\"https:\/\/lasentinelle.dz\/wp-content\/uploads\/2022\/07\/M6-1.png\" \/>\n\t<meta property=\"og:image:width\" content=\"1351\" \/>\n\t<meta property=\"og:image:height\" content=\"900\" \/>\n\t<meta property=\"og:image:type\" content=\"image\/png\" \/>\n<meta name=\"author\" content=\"La Sentinelle\" \/>\n<meta name=\"twitter:card\" content=\"summary_large_image\" \/>\n<meta name=\"twitter:label1\" content=\"\u00c9crit par\" \/>\n\t<meta name=\"twitter:data1\" content=\"La Sentinelle\" \/>\n\t<meta name=\"twitter:label2\" content=\"Dur\u00e9e de lecture estim\u00e9e\" \/>\n\t<meta name=\"twitter:data2\" content=\"3 minutes\" \/>\n<script type=\"application\/ld+json\" class=\"yoast-schema-graph\">{\"@context\":\"https:\\\/\\\/schema.org\",\"@graph\":[{\"@type\":\"Article\",\"@id\":\"https:\\\/\\\/lasentinelle.dz\\\/index.php\\\/2024\\\/07\\\/08\\\/une-enquete-de-lexpress-revele-les-relations-entre-le-makhzen-et-le-rassemblement-national\\\/#article\",\"isPartOf\":{\"@id\":\"https:\\\/\\\/lasentinelle.dz\\\/index.php\\\/2024\\\/07\\\/08\\\/une-enquete-de-lexpress-revele-les-relations-entre-le-makhzen-et-le-rassemblement-national\\\/\"},\"author\":{\"name\":\"La Sentinelle\",\"@id\":\"https:\\\/\\\/lasentinelle.dz\\\/#\\\/schema\\\/person\\\/d865044e22e70a75174ce8bcad3acfb3\"},\"headline\":\"Une enqu\u00eate de l&rsquo;Express r\u00e9v\u00e8le les relations entre le Makhzen et le Rassemblement National\",\"datePublished\":\"2024-07-08T13:09:05+00:00\",\"dateModified\":\"2024-07-08T13:09:07+00:00\",\"mainEntityOfPage\":{\"@id\":\"https:\\\/\\\/lasentinelle.dz\\\/index.php\\\/2024\\\/07\\\/08\\\/une-enquete-de-lexpress-revele-les-relations-entre-le-makhzen-et-le-rassemblement-national\\\/\"},\"wordCount\":583,\"commentCount\":0,\"publisher\":{\"@id\":\"https:\\\/\\\/lasentinelle.dz\\\/#organization\"},\"image\":{\"@id\":\"https:\\\/\\\/lasentinelle.dz\\\/index.php\\\/2024\\\/07\\\/08\\\/une-enquete-de-lexpress-revele-les-relations-entre-le-makhzen-et-le-rassemblement-national\\\/#primaryimage\"},\"thumbnailUrl\":\"https:\\\/\\\/lasentinelle.dz\\\/wp-content\\\/uploads\\\/2022\\\/07\\\/M6-1.png\",\"articleSection\":[\"\u00c0 la Une\",\"Actualit\u00e9\"],\"inLanguage\":\"fr-FR\",\"potentialAction\":[{\"@type\":\"CommentAction\",\"name\":\"Comment\",\"target\":[\"https:\\\/\\\/lasentinelle.dz\\\/index.php\\\/2024\\\/07\\\/08\\\/une-enquete-de-lexpress-revele-les-relations-entre-le-makhzen-et-le-rassemblement-national\\\/#respond\"]}]},{\"@type\":\"WebPage\",\"@id\":\"https:\\\/\\\/lasentinelle.dz\\\/index.php\\\/2024\\\/07\\\/08\\\/une-enquete-de-lexpress-revele-les-relations-entre-le-makhzen-et-le-rassemblement-national\\\/\",\"url\":\"https:\\\/\\\/lasentinelle.dz\\\/index.php\\\/2024\\\/07\\\/08\\\/une-enquete-de-lexpress-revele-les-relations-entre-le-makhzen-et-le-rassemblement-national\\\/\",\"name\":\"Une enqu\u00eate de l&rsquo;Express r\u00e9v\u00e8le les relations entre le Makhzen et le Rassemblement National - La Sentinelle\",\"isPartOf\":{\"@id\":\"https:\\\/\\\/lasentinelle.dz\\\/#website\"},\"primaryImageOfPage\":{\"@id\":\"https:\\\/\\\/lasentinelle.dz\\\/index.php\\\/2024\\\/07\\\/08\\\/une-enquete-de-lexpress-revele-les-relations-entre-le-makhzen-et-le-rassemblement-national\\\/#primaryimage\"},\"image\":{\"@id\":\"https:\\\/\\\/lasentinelle.dz\\\/index.php\\\/2024\\\/07\\\/08\\\/une-enquete-de-lexpress-revele-les-relations-entre-le-makhzen-et-le-rassemblement-national\\\/#primaryimage\"},\"thumbnailUrl\":\"https:\\\/\\\/lasentinelle.dz\\\/wp-content\\\/uploads\\\/2022\\\/07\\\/M6-1.png\",\"datePublished\":\"2024-07-08T13:09:05+00:00\",\"dateModified\":\"2024-07-08T13:09:07+00:00\",\"breadcrumb\":{\"@id\":\"https:\\\/\\\/lasentinelle.dz\\\/index.php\\\/2024\\\/07\\\/08\\\/une-enquete-de-lexpress-revele-les-relations-entre-le-makhzen-et-le-rassemblement-national\\\/#breadcrumb\"},\"inLanguage\":\"fr-FR\",\"potentialAction\":[{\"@type\":\"ReadAction\",\"target\":[\"https:\\\/\\\/lasentinelle.dz\\\/index.php\\\/2024\\\/07\\\/08\\\/une-enquete-de-lexpress-revele-les-relations-entre-le-makhzen-et-le-rassemblement-national\\\/\"]}]},{\"@type\":\"ImageObject\",\"inLanguage\":\"fr-FR\",\"@id\":\"https:\\\/\\\/lasentinelle.dz\\\/index.php\\\/2024\\\/07\\\/08\\\/une-enquete-de-lexpress-revele-les-relations-entre-le-makhzen-et-le-rassemblement-national\\\/#primaryimage\",\"url\":\"https:\\\/\\\/lasentinelle.dz\\\/wp-content\\\/uploads\\\/2022\\\/07\\\/M6-1.png\",\"contentUrl\":\"https:\\\/\\\/lasentinelle.dz\\\/wp-content\\\/uploads\\\/2022\\\/07\\\/M6-1.png\",\"width\":1351,\"height\":900},{\"@type\":\"BreadcrumbList\",\"@id\":\"https:\\\/\\\/lasentinelle.dz\\\/index.php\\\/2024\\\/07\\\/08\\\/une-enquete-de-lexpress-revele-les-relations-entre-le-makhzen-et-le-rassemblement-national\\\/#breadcrumb\",\"itemListElement\":[{\"@type\":\"ListItem\",\"position\":1,\"name\":\"Accueil\",\"item\":\"https:\\\/\\\/lasentinelle.dz\\\/\"},{\"@type\":\"ListItem\",\"position\":2,\"name\":\"Une enqu\u00eate de l&rsquo;Express r\u00e9v\u00e8le les relations entre le Makhzen et le Rassemblement National\"}]},{\"@type\":\"WebSite\",\"@id\":\"https:\\\/\\\/lasentinelle.dz\\\/#website\",\"url\":\"https:\\\/\\\/lasentinelle.dz\\\/\",\"name\":\"La Sentinelle\",\"description\":\"Quotidien national d&#039;information\",\"publisher\":{\"@id\":\"https:\\\/\\\/lasentinelle.dz\\\/#organization\"},\"potentialAction\":[{\"@type\":\"SearchAction\",\"target\":{\"@type\":\"EntryPoint\",\"urlTemplate\":\"https:\\\/\\\/lasentinelle.dz\\\/?s={search_term_string}\"},\"query-input\":{\"@type\":\"PropertyValueSpecification\",\"valueRequired\":true,\"valueName\":\"search_term_string\"}}],\"inLanguage\":\"fr-FR\"},{\"@type\":\"Organization\",\"@id\":\"https:\\\/\\\/lasentinelle.dz\\\/#organization\",\"name\":\"Quotidien La Sentinelle\",\"url\":\"https:\\\/\\\/lasentinelle.dz\\\/\",\"logo\":{\"@type\":\"ImageObject\",\"inLanguage\":\"fr-FR\",\"@id\":\"https:\\\/\\\/lasentinelle.dz\\\/#\\\/schema\\\/logo\\\/image\\\/\",\"url\":\"https:\\\/\\\/lasentinelle.dz\\\/wp-content\\\/uploads\\\/2021\\\/09\\\/logo-sentinelleSLOGAN-1.png\",\"contentUrl\":\"https:\\\/\\\/lasentinelle.dz\\\/wp-content\\\/uploads\\\/2021\\\/09\\\/logo-sentinelleSLOGAN-1.png\",\"width\":615,\"height\":142,\"caption\":\"Quotidien La Sentinelle\"},\"image\":{\"@id\":\"https:\\\/\\\/lasentinelle.dz\\\/#\\\/schema\\\/logo\\\/image\\\/\"},\"sameAs\":[\"https:\\\/\\\/www.facebook.com\\\/La-Sentinelle-104059864394773\"]},{\"@type\":\"Person\",\"@id\":\"https:\\\/\\\/lasentinelle.dz\\\/#\\\/schema\\\/person\\\/d865044e22e70a75174ce8bcad3acfb3\",\"name\":\"La Sentinelle\",\"image\":{\"@type\":\"ImageObject\",\"inLanguage\":\"fr-FR\",\"@id\":\"https:\\\/\\\/secure.gravatar.com\\\/avatar\\\/57de8e5d4b15d43fb361a71fbb36338450fe67865b528a43dd10ef7c51a20392?s=96&d=mm&r=g\",\"url\":\"https:\\\/\\\/secure.gravatar.com\\\/avatar\\\/57de8e5d4b15d43fb361a71fbb36338450fe67865b528a43dd10ef7c51a20392?s=96&d=mm&r=g\",\"contentUrl\":\"https:\\\/\\\/secure.gravatar.com\\\/avatar\\\/57de8e5d4b15d43fb361a71fbb36338450fe67865b528a43dd10ef7c51a20392?s=96&d=mm&r=g\",\"caption\":\"La Sentinelle\"},\"sameAs\":[\"http:\\\/\\\/www.lasentinelle.dz\"],\"url\":\"https:\\\/\\\/lasentinelle.dz\\\/author\\\/redaction\\\/\"}]}<\/script>\n<!-- \/ Yoast SEO plugin. -->","yoast_head_json":{"title":"Une enqu\u00eate de l&rsquo;Express r\u00e9v\u00e8le les relations entre le Makhzen et le Rassemblement National - La Sentinelle","robots":{"index":"index","follow":"follow","max-snippet":"max-snippet:-1","max-image-preview":"max-image-preview:large","max-video-preview":"max-video-preview:-1"},"canonical":"https:\/\/lasentinelle.dz\/index.php\/2024\/07\/08\/une-enquete-de-lexpress-revele-les-relations-entre-le-makhzen-et-le-rassemblement-national\/","og_locale":"fr_FR","og_type":"article","og_title":"Une enqu\u00eate de l&rsquo;Express r\u00e9v\u00e8le les relations entre le Makhzen et le Rassemblement National - La Sentinelle","og_description":"Les alliances f\u00e9lonnes de Mohamed VI Le RN, parti du clan Le Pen, semble b\u00e9n\u00e9ficier d&rsquo;un soutien inconditionnel du Royaume","og_url":"https:\/\/lasentinelle.dz\/index.php\/2024\/07\/08\/une-enquete-de-lexpress-revele-les-relations-entre-le-makhzen-et-le-rassemblement-national\/","og_site_name":"La Sentinelle","article_publisher":"https:\/\/www.facebook.com\/La-Sentinelle-104059864394773","article_published_time":"2024-07-08T13:09:05+00:00","article_modified_time":"2024-07-08T13:09:07+00:00","og_image":[{"width":1351,"height":900,"url":"https:\/\/lasentinelle.dz\/wp-content\/uploads\/2022\/07\/M6-1.png","type":"image\/png"}],"author":"La Sentinelle","twitter_card":"summary_large_image","twitter_misc":{"\u00c9crit par":"La Sentinelle","Dur\u00e9e de lecture estim\u00e9e":"3 minutes"},"schema":{"@context":"https:\/\/schema.org","@graph":[{"@type":"Article","@id":"https:\/\/lasentinelle.dz\/index.php\/2024\/07\/08\/une-enquete-de-lexpress-revele-les-relations-entre-le-makhzen-et-le-rassemblement-national\/#article","isPartOf":{"@id":"https:\/\/lasentinelle.dz\/index.php\/2024\/07\/08\/une-enquete-de-lexpress-revele-les-relations-entre-le-makhzen-et-le-rassemblement-national\/"},"author":{"name":"La Sentinelle","@id":"https:\/\/lasentinelle.dz\/#\/schema\/person\/d865044e22e70a75174ce8bcad3acfb3"},"headline":"Une enqu\u00eate de l&rsquo;Express r\u00e9v\u00e8le les relations entre le Makhzen et le Rassemblement National","datePublished":"2024-07-08T13:09:05+00:00","dateModified":"2024-07-08T13:09:07+00:00","mainEntityOfPage":{"@id":"https:\/\/lasentinelle.dz\/index.php\/2024\/07\/08\/une-enquete-de-lexpress-revele-les-relations-entre-le-makhzen-et-le-rassemblement-national\/"},"wordCount":583,"commentCount":0,"publisher":{"@id":"https:\/\/lasentinelle.dz\/#organization"},"image":{"@id":"https:\/\/lasentinelle.dz\/index.php\/2024\/07\/08\/une-enquete-de-lexpress-revele-les-relations-entre-le-makhzen-et-le-rassemblement-national\/#primaryimage"},"thumbnailUrl":"https:\/\/lasentinelle.dz\/wp-content\/uploads\/2022\/07\/M6-1.png","articleSection":["\u00c0 la Une","Actualit\u00e9"],"inLanguage":"fr-FR","potentialAction":[{"@type":"CommentAction","name":"Comment","target":["https:\/\/lasentinelle.dz\/index.php\/2024\/07\/08\/une-enquete-de-lexpress-revele-les-relations-entre-le-makhzen-et-le-rassemblement-national\/#respond"]}]},{"@type":"WebPage","@id":"https:\/\/lasentinelle.dz\/index.php\/2024\/07\/08\/une-enquete-de-lexpress-revele-les-relations-entre-le-makhzen-et-le-rassemblement-national\/","url":"https:\/\/lasentinelle.dz\/index.php\/2024\/07\/08\/une-enquete-de-lexpress-revele-les-relations-entre-le-makhzen-et-le-rassemblement-national\/","name":"Une enqu\u00eate de l&rsquo;Express r\u00e9v\u00e8le les relations entre le Makhzen et le Rassemblement National - La Sentinelle","isPartOf":{"@id":"https:\/\/lasentinelle.dz\/#website"},"primaryImageOfPage":{"@id":"https:\/\/lasentinelle.dz\/index.php\/2024\/07\/08\/une-enquete-de-lexpress-revele-les-relations-entre-le-makhzen-et-le-rassemblement-national\/#primaryimage"},"image":{"@id":"https:\/\/lasentinelle.dz\/index.php\/2024\/07\/08\/une-enquete-de-lexpress-revele-les-relations-entre-le-makhzen-et-le-rassemblement-national\/#primaryimage"},"thumbnailUrl":"https:\/\/lasentinelle.dz\/wp-content\/uploads\/2022\/07\/M6-1.png","datePublished":"2024-07-08T13:09:05+00:00","dateModified":"2024-07-08T13:09:07+00:00","breadcrumb":{"@id":"https:\/\/lasentinelle.dz\/index.php\/2024\/07\/08\/une-enquete-de-lexpress-revele-les-relations-entre-le-makhzen-et-le-rassemblement-national\/#breadcrumb"},"inLanguage":"fr-FR","potentialAction":[{"@type":"ReadAction","target":["https:\/\/lasentinelle.dz\/index.php\/2024\/07\/08\/une-enquete-de-lexpress-revele-les-relations-entre-le-makhzen-et-le-rassemblement-national\/"]}]},{"@type":"ImageObject","inLanguage":"fr-FR","@id":"https:\/\/lasentinelle.dz\/index.php\/2024\/07\/08\/une-enquete-de-lexpress-revele-les-relations-entre-le-makhzen-et-le-rassemblement-national\/#primaryimage","url":"https:\/\/lasentinelle.dz\/wp-content\/uploads\/2022\/07\/M6-1.png","contentUrl":"https:\/\/lasentinelle.dz\/wp-content\/uploads\/2022\/07\/M6-1.png","width":1351,"height":900},{"@type":"BreadcrumbList","@id":"https:\/\/lasentinelle.dz\/index.php\/2024\/07\/08\/une-enquete-de-lexpress-revele-les-relations-entre-le-makhzen-et-le-rassemblement-national\/#breadcrumb","itemListElement":[{"@type":"ListItem","position":1,"name":"Accueil","item":"https:\/\/lasentinelle.dz\/"},{"@type":"ListItem","position":2,"name":"Une enqu\u00eate de l&rsquo;Express r\u00e9v\u00e8le les relations entre le Makhzen et le Rassemblement National"}]},{"@type":"WebSite","@id":"https:\/\/lasentinelle.dz\/#website","url":"https:\/\/lasentinelle.dz\/","name":"La Sentinelle","description":"Quotidien national d&#039;information","publisher":{"@id":"https:\/\/lasentinelle.dz\/#organization"},"potentialAction":[{"@type":"SearchAction","target":{"@type":"EntryPoint","urlTemplate":"https:\/\/lasentinelle.dz\/?s={search_term_string}"},"query-input":{"@type":"PropertyValueSpecification","valueRequired":true,"valueName":"search_term_string"}}],"inLanguage":"fr-FR"},{"@type":"Organization","@id":"https:\/\/lasentinelle.dz\/#organization","name":"Quotidien La Sentinelle","url":"https:\/\/lasentinelle.dz\/","logo":{"@type":"ImageObject","inLanguage":"fr-FR","@id":"https:\/\/lasentinelle.dz\/#\/schema\/logo\/image\/","url":"https:\/\/lasentinelle.dz\/wp-content\/uploads\/2021\/09\/logo-sentinelleSLOGAN-1.png","contentUrl":"https:\/\/lasentinelle.dz\/wp-content\/uploads\/2021\/09\/logo-sentinelleSLOGAN-1.png","width":615,"height":142,"caption":"Quotidien La Sentinelle"},"image":{"@id":"https:\/\/lasentinelle.dz\/#\/schema\/logo\/image\/"},"sameAs":["https:\/\/www.facebook.com\/La-Sentinelle-104059864394773"]},{"@type":"Person","@id":"https:\/\/lasentinelle.dz\/#\/schema\/person\/d865044e22e70a75174ce8bcad3acfb3","name":"La Sentinelle","image":{"@type":"ImageObject","inLanguage":"fr-FR","@id":"https:\/\/secure.gravatar.com\/avatar\/57de8e5d4b15d43fb361a71fbb36338450fe67865b528a43dd10ef7c51a20392?s=96&d=mm&r=g","url":"https:\/\/secure.gravatar.com\/avatar\/57de8e5d4b15d43fb361a71fbb36338450fe67865b528a43dd10ef7c51a20392?s=96&d=mm&r=g","contentUrl":"https:\/\/secure.gravatar.com\/avatar\/57de8e5d4b15d43fb361a71fbb36338450fe67865b528a43dd10ef7c51a20392?s=96&d=mm&r=g","caption":"La Sentinelle"},"sameAs":["http:\/\/www.lasentinelle.dz"],"url":"https:\/\/lasentinelle.dz\/author\/redaction\/"}]}},"_links":{"self":[{"href":"https:\/\/lasentinelle.dz\/index.php\/wp-json\/wp\/v2\/posts\/54147","targetHints":{"allow":["GET"]}}],"collection":[{"href":"https:\/\/lasentinelle.dz\/index.php\/wp-json\/wp\/v2\/posts"}],"about":[{"href":"https:\/\/lasentinelle.dz\/index.php\/wp-json\/wp\/v2\/types\/post"}],"author":[{"embeddable":true,"href":"https:\/\/lasentinelle.dz\/index.php\/wp-json\/wp\/v2\/users\/3"}],"replies":[{"embeddable":true,"href":"https:\/\/lasentinelle.dz\/index.php\/wp-json\/wp\/v2\/comments?post=54147"}],"version-history":[{"count":2,"href":"https:\/\/lasentinelle.dz\/index.php\/wp-json\/wp\/v2\/posts\/54147\/revisions"}],"predecessor-version":[{"id":54149,"href":"https:\/\/lasentinelle.dz\/index.php\/wp-json\/wp\/v2\/posts\/54147\/revisions\/54149"}],"wp:featuredmedia":[{"embeddable":true,"href":"https:\/\/lasentinelle.dz\/index.php\/wp-json\/wp\/v2\/media\/25031"}],"wp:attachment":[{"href":"https:\/\/lasentinelle.dz\/index.php\/wp-json\/wp\/v2\/media?parent=54147"}],"wp:term":[{"taxonomy":"category","embeddable":true,"href":"https:\/\/lasentinelle.dz\/index.php\/wp-json\/wp\/v2\/categories?post=54147"},{"taxonomy":"post_tag","embeddable":true,"href":"https:\/\/lasentinelle.dz\/index.php\/wp-json\/wp\/v2\/tags?post=54147"}],"curies":[{"name":"wp","href":"https:\/\/api.w.org\/{rel}","templated":true}]}}