{"id":54150,"date":"2024-07-08T14:09:49","date_gmt":"2024-07-08T13:09:49","guid":{"rendered":"https:\/\/lasentinelle.dz\/?p=54150"},"modified":"2024-07-08T14:09:50","modified_gmt":"2024-07-08T13:09:50","slug":"legislatives-en-france-la-gauche-defait-lextreme-droite","status":"publish","type":"post","link":"https:\/\/lasentinelle.dz\/index.php\/2024\/07\/08\/legislatives-en-france-la-gauche-defait-lextreme-droite\/","title":{"rendered":"L\u00e9gislatives en France: La gauche d\u00e9fait l&rsquo;extr\u00eame droite"},"content":{"rendered":"\n<p>La France n&rsquo;a finalement pas bascul\u00e9 dans le giron de l&rsquo;extr\u00eame droite. Selon les premi\u00e8res estimations d\u00e9voil\u00e9es hier par les m\u00e9dias locaux, le Nouveau Front populaire -alliance de l&rsquo;ensemble des partis de gauche- est arriv\u00e9 en t\u00eate de l\u00e9gislatives en France. Il serait cr\u00e9dit\u00e9 de 175 \u00e0 215 si\u00e8ges \u00e0 l&rsquo;assembl\u00e9e nationale fran\u00e7aise. Le parti d&rsquo;extr\u00eame droite Rassemblement national, n&rsquo;arrive que troisi\u00e8me derri\u00e8re le parti pr\u00e9sidentiel. Il r\u00e9alise cependant une perc\u00e9e importante.<\/p>\n\n\n\n<p>La gauche a remport\u00e9 hier les \u00e9lections l\u00e9gislatives en France. Apr\u00e8s un premier tour qui avait port\u00e9 le RN et alli\u00e9s en t\u00eate du scrutin, celui-ci a finalement \u00e9t\u00e9 d\u00e9fait au second tour. Il faut dire que la victoire de l&rsquo;extr\u00eame droite lors des europ\u00e9ennes et sa perc\u00e9e lors du premier tour des l\u00e9gislatives anticip\u00e9es convoqu\u00e9es par le pr\u00e9sident fran\u00e7ais Emmanuel Macron a donn\u00e9 de v\u00e9ritables sueurs froides en France. Ce qui s&rsquo;est traduit par la constitution d&rsquo;un \u00ab\u00a0front r\u00e9publicain\u00a0\u00bb pour contrer l&rsquo;extr\u00eame froide avec le retrait de plus de 200 candidats dans les circonscriptions en triangulaires et r\u00e9duire ainsi les chances d&rsquo;\u00e9lection de candidats du RN, ainsi que par une mobilisation des \u00e9lecteurs in\u00e9dite depuis 24 ans. Le taux de participation estim\u00e9 par les instituts de sondage lors de ce deuxi\u00e8me tour serait le plus haut depuis 1981. D&rsquo;apr\u00e8s l&rsquo;Ifop pour TF1-LCI, la participation finale sera de 67,5% en 2024, contre 66,7% lors du premier tour. Ainsi et selon les premi\u00e8res estimations annonc\u00e9es hier par TF1 info, qui reprend les projections de l\u2019institut Ifop, le Nouveau Front populaire, d\u00e9crocherait de 175 \u00e0 215, devant la majorit\u00e9 pr\u00e9sidentielle Ensemble, avec 150 \u00e0 170, et le RN en troisi\u00e8me place, avec 130-160 si\u00e8ges. Les R\u00e9publicains arrivent ensuite, avec 59-94 si\u00e8ges. L\u2019institut OpinionWay donne des chiffres similaires avec NFP 180-210 si\u00e8ges, Ensemble 160-180 si\u00e8ges, RN et alli\u00e9s 130-160 et LR 40-50 si\u00e8ges. Des r\u00e9sultats qui ont \u00e9t\u00e9 re\u00e7us avec un grand ouf de soulagement par le clan pr\u00e9sidentiel, et qui ont fait la satisfaction de la gauche. Ainsi, le leader de La France Insoumise qui est au c\u0153ur de cette alliance des gauches, Jean-Luc M\u00e9lenchon a salu\u00e9 \u00ab\u00a0un magnifique \u00e9lan de mobilisation civique s&rsquo;est affirm\u00e9. Notre peuple a clairement \u00e9cart\u00e9 la solution du pire pour lui\u00a0\u00bb, a d\u00e9clar\u00e9 Jean-Luc M\u00e9lenchon. \u00ab\u00a0Ce soir, le RN est loin d&rsquo;avoir obtenu la majorit\u00e9 absolue. C&rsquo;est m\u00eame tout le contraire, c&rsquo;est un immense soulagement,\u00a0\u00bb ajoute-il. De son c\u00f4t\u00e9, le jeune patron du Rassemblement national, Jordan Bardella qui se r\u00eavait d\u00e9j\u00e0 premier ministre \u00e0 28 ans, a soulign\u00e9 que malgr\u00e9 cette d\u00e9convenue, l&rsquo;extr\u00eame droite \u00ab\u00a0r\u00e9alise une perc\u00e9e historique\u00a0\u00bb.<\/p>\n\n\n\n<p>Qui gouvernera ?<\/p>\n\n\n\n<p>Pour sa part, et selon TF1, Emmanuel Macrpn a \u00e9voqu\u00e9 une contre-performance du RN soulignant que \u00ab\u00a0le barrage r\u00e9publicain a fonctionn\u00e9 [&#8230;] et le bloc central a bien r\u00e9sist\u00e9\u00a0\u00bb, estime Emmanuel Macron. Il faut cependant souligner qu&rsquo;au-del\u00e0 de l&rsquo;enjeu d&rsquo;\u00e9carter l&rsquo;extr\u00eame droite du pouvoir, et sur lequel s&rsquo;est assise la campagne pour le second tour des l\u00e9gislatives, les probl\u00e9matiques \u00e9conomiques et sociales qui secouent la France demeurent. Des probl\u00e9matiques que le nouveau gouvernement devra prendre en charge. Or, aucune des formations politiques en course n&rsquo;a obtenu de majorit\u00e9 absolue. Hier \u00e0 l&rsquo;annonce des premiers r\u00e9sultats, Jean-Luc M\u00e9lenchon a soulign\u00e9 qu&rsquo;il \u00ab\u00a0est du devoir\u00a0\u00bb d&rsquo;Emmanuel Macron d&rsquo;appeler la gauche \u00e0 gouverner. Il a \u00e9galement soulign\u00e9 que sa formation refuserait une coalition avec la \u00ab\u00a0Macronie\u00a0\u00bb, du moment que l&rsquo;objectif de son parti est d&rsquo;appliquer son programme et seulement le sien. De l&rsquo;autre, Emmanuel Macron ne veut pas de Jean-Luc M\u00e9lenchon et de la France Insoumise dans une possible coalition. Une question semble alors tarauder les esprits aujourd&rsquo;hui en France. Y&rsquo;a-t-il une possibilit\u00e9 de constituer une coalition qui pourra gouverner en France, alors que les r\u00e9sultats annonc\u00e9s hier soir rendent la chose impossible ? O\u00f9 le pays de Marianne risque-t-il de devenir un \u00c9tat ingouvernable g\u00e9r\u00e9 par un gouvernement de technocrates ?<\/p>\n\n\n\n<p>Hocine Fadheli<\/p>\n","protected":false},"excerpt":{"rendered":"<p>La France n&rsquo;a finalement pas bascul\u00e9 dans le giron de l&rsquo;extr\u00eame droite. Selon les premi\u00e8res estimations d\u00e9voil\u00e9es hier par les<\/p>\n","protected":false},"author":3,"featured_media":54151,"comment_status":"open","ping_status":"closed","sticky":false,"template":"","format":"standard","meta":{"colormag_page_container_layout":"default_layout","colormag_page_sidebar_layout":"default_layout","om_disable_all_campaigns":false,"_monsterinsights_skip_tracking":false,"_monsterinsights_sitenote_active":false,"_monsterinsights_sitenote_note":"","_monsterinsights_sitenote_category":0,"footnotes":"","_wpscppro_dont_share_socialmedia":false,"_wpscppro_custom_social_share_image":0,"_facebook_share_type":"default","_twitter_share_type":"default","_linkedin_share_type":"default","_pinterest_share_type":"default","_linkedin_share_type_page":"","_instagram_share_type":"default","_medium_share_type":"","_threads_share_type":"","_google_business_share_type":"","_selected_social_profile":[],"_wpsp_enable_custom_social_template":false,"_wpsp_social_scheduling":{"enabled":false,"datetime":null,"platforms":[],"status":"template_only","dateOption":"today","timeOption":"now","customDays":"","customHours":"","customDate":"","customTime":"","schedulingType":"absolute"},"_wpsp_active_default_template":true},"categories":[52,27],"tags":[],"class_list":["post-54150","post","type-post","status-publish","format-standard","has-post-thumbnail","hentry","category-a-la-une","category-actualite"],"aioseo_notices":[],"yoast_head":"<!-- This site is optimized with the Yoast SEO plugin v27.5 - https:\/\/yoast.com\/product\/yoast-seo-wordpress\/ -->\n<title>L\u00e9gislatives en France: La gauche d\u00e9fait l&rsquo;extr\u00eame droite - La Sentinelle<\/title>\n<meta name=\"robots\" content=\"index, follow, max-snippet:-1, max-image-preview:large, max-video-preview:-1\" \/>\n<link rel=\"canonical\" href=\"https:\/\/lasentinelle.dz\/index.php\/2024\/07\/08\/legislatives-en-france-la-gauche-defait-lextreme-droite\/\" \/>\n<meta property=\"og:locale\" content=\"fr_FR\" \/>\n<meta property=\"og:type\" content=\"article\" \/>\n<meta property=\"og:title\" content=\"L\u00e9gislatives en France: La gauche d\u00e9fait l&rsquo;extr\u00eame droite - La Sentinelle\" \/>\n<meta property=\"og:description\" content=\"La France n&rsquo;a finalement pas bascul\u00e9 dans le giron de l&rsquo;extr\u00eame droite. Selon les premi\u00e8res estimations d\u00e9voil\u00e9es hier par les\" \/>\n<meta property=\"og:url\" content=\"https:\/\/lasentinelle.dz\/index.php\/2024\/07\/08\/legislatives-en-france-la-gauche-defait-lextreme-droite\/\" \/>\n<meta property=\"og:site_name\" content=\"La Sentinelle\" \/>\n<meta property=\"article:publisher\" content=\"https:\/\/www.facebook.com\/La-Sentinelle-104059864394773\" \/>\n<meta property=\"article:published_time\" content=\"2024-07-08T13:09:49+00:00\" \/>\n<meta property=\"article:modified_time\" content=\"2024-07-08T13:09:50+00:00\" \/>\n<meta property=\"og:image\" content=\"https:\/\/lasentinelle.dz\/wp-content\/uploads\/2024\/07\/melonchon.jpeg\" \/>\n\t<meta property=\"og:image:width\" content=\"932\" \/>\n\t<meta property=\"og:image:height\" content=\"582\" \/>\n\t<meta property=\"og:image:type\" content=\"image\/jpeg\" \/>\n<meta name=\"author\" content=\"La Sentinelle\" \/>\n<meta name=\"twitter:card\" content=\"summary_large_image\" \/>\n<meta name=\"twitter:label1\" content=\"\u00c9crit par\" \/>\n\t<meta name=\"twitter:data1\" content=\"La Sentinelle\" \/>\n\t<meta name=\"twitter:label2\" content=\"Dur\u00e9e de lecture estim\u00e9e\" \/>\n\t<meta name=\"twitter:data2\" content=\"4 minutes\" \/>\n<script type=\"application\/ld+json\" class=\"yoast-schema-graph\">{\"@context\":\"https:\\\/\\\/schema.org\",\"@graph\":[{\"@type\":\"Article\",\"@id\":\"https:\\\/\\\/lasentinelle.dz\\\/index.php\\\/2024\\\/07\\\/08\\\/legislatives-en-france-la-gauche-defait-lextreme-droite\\\/#article\",\"isPartOf\":{\"@id\":\"https:\\\/\\\/lasentinelle.dz\\\/index.php\\\/2024\\\/07\\\/08\\\/legislatives-en-france-la-gauche-defait-lextreme-droite\\\/\"},\"author\":{\"name\":\"La Sentinelle\",\"@id\":\"https:\\\/\\\/lasentinelle.dz\\\/#\\\/schema\\\/person\\\/d865044e22e70a75174ce8bcad3acfb3\"},\"headline\":\"L\u00e9gislatives en France: La gauche d\u00e9fait l&rsquo;extr\u00eame droite\",\"datePublished\":\"2024-07-08T13:09:49+00:00\",\"dateModified\":\"2024-07-08T13:09:50+00:00\",\"mainEntityOfPage\":{\"@id\":\"https:\\\/\\\/lasentinelle.dz\\\/index.php\\\/2024\\\/07\\\/08\\\/legislatives-en-france-la-gauche-defait-lextreme-droite\\\/\"},\"wordCount\":738,\"commentCount\":0,\"publisher\":{\"@id\":\"https:\\\/\\\/lasentinelle.dz\\\/#organization\"},\"image\":{\"@id\":\"https:\\\/\\\/lasentinelle.dz\\\/index.php\\\/2024\\\/07\\\/08\\\/legislatives-en-france-la-gauche-defait-lextreme-droite\\\/#primaryimage\"},\"thumbnailUrl\":\"https:\\\/\\\/lasentinelle.dz\\\/wp-content\\\/uploads\\\/2024\\\/07\\\/melonchon.jpeg\",\"articleSection\":[\"\u00c0 la Une\",\"Actualit\u00e9\"],\"inLanguage\":\"fr-FR\",\"potentialAction\":[{\"@type\":\"CommentAction\",\"name\":\"Comment\",\"target\":[\"https:\\\/\\\/lasentinelle.dz\\\/index.php\\\/2024\\\/07\\\/08\\\/legislatives-en-france-la-gauche-defait-lextreme-droite\\\/#respond\"]}]},{\"@type\":\"WebPage\",\"@id\":\"https:\\\/\\\/lasentinelle.dz\\\/index.php\\\/2024\\\/07\\\/08\\\/legislatives-en-france-la-gauche-defait-lextreme-droite\\\/\",\"url\":\"https:\\\/\\\/lasentinelle.dz\\\/index.php\\\/2024\\\/07\\\/08\\\/legislatives-en-france-la-gauche-defait-lextreme-droite\\\/\",\"name\":\"L\u00e9gislatives en France: La gauche d\u00e9fait l&rsquo;extr\u00eame droite - La Sentinelle\",\"isPartOf\":{\"@id\":\"https:\\\/\\\/lasentinelle.dz\\\/#website\"},\"primaryImageOfPage\":{\"@id\":\"https:\\\/\\\/lasentinelle.dz\\\/index.php\\\/2024\\\/07\\\/08\\\/legislatives-en-france-la-gauche-defait-lextreme-droite\\\/#primaryimage\"},\"image\":{\"@id\":\"https:\\\/\\\/lasentinelle.dz\\\/index.php\\\/2024\\\/07\\\/08\\\/legislatives-en-france-la-gauche-defait-lextreme-droite\\\/#primaryimage\"},\"thumbnailUrl\":\"https:\\\/\\\/lasentinelle.dz\\\/wp-content\\\/uploads\\\/2024\\\/07\\\/melonchon.jpeg\",\"datePublished\":\"2024-07-08T13:09:49+00:00\",\"dateModified\":\"2024-07-08T13:09:50+00:00\",\"breadcrumb\":{\"@id\":\"https:\\\/\\\/lasentinelle.dz\\\/index.php\\\/2024\\\/07\\\/08\\\/legislatives-en-france-la-gauche-defait-lextreme-droite\\\/#breadcrumb\"},\"inLanguage\":\"fr-FR\",\"potentialAction\":[{\"@type\":\"ReadAction\",\"target\":[\"https:\\\/\\\/lasentinelle.dz\\\/index.php\\\/2024\\\/07\\\/08\\\/legislatives-en-france-la-gauche-defait-lextreme-droite\\\/\"]}]},{\"@type\":\"ImageObject\",\"inLanguage\":\"fr-FR\",\"@id\":\"https:\\\/\\\/lasentinelle.dz\\\/index.php\\\/2024\\\/07\\\/08\\\/legislatives-en-france-la-gauche-defait-lextreme-droite\\\/#primaryimage\",\"url\":\"https:\\\/\\\/lasentinelle.dz\\\/wp-content\\\/uploads\\\/2024\\\/07\\\/melonchon.jpeg\",\"contentUrl\":\"https:\\\/\\\/lasentinelle.dz\\\/wp-content\\\/uploads\\\/2024\\\/07\\\/melonchon.jpeg\",\"width\":932,\"height\":582,\"caption\":\"\u00a9PHOTOPQR\\\/LE PARISIEN\\\/Jean-Baptiste Quentin ; Paris ; 30\\\/06\\\/2024 ; Premier tour des \u00e9l\u00e9ctions l\u00e9gislatives le 30 juin 2024. Si\u00e8ge de LFI 10eme Jean-Luc Melenchon delivers a speech after the results of the first round of parliamentary elections are announced at La Faiencerie in Paris on June 30, 2024. *** Local Caption *** L\u00e9gislatives 1er tour\"},{\"@type\":\"BreadcrumbList\",\"@id\":\"https:\\\/\\\/lasentinelle.dz\\\/index.php\\\/2024\\\/07\\\/08\\\/legislatives-en-france-la-gauche-defait-lextreme-droite\\\/#breadcrumb\",\"itemListElement\":[{\"@type\":\"ListItem\",\"position\":1,\"name\":\"Accueil\",\"item\":\"https:\\\/\\\/lasentinelle.dz\\\/\"},{\"@type\":\"ListItem\",\"position\":2,\"name\":\"L\u00e9gislatives en France: La gauche d\u00e9fait l&rsquo;extr\u00eame droite\"}]},{\"@type\":\"WebSite\",\"@id\":\"https:\\\/\\\/lasentinelle.dz\\\/#website\",\"url\":\"https:\\\/\\\/lasentinelle.dz\\\/\",\"name\":\"La Sentinelle\",\"description\":\"Quotidien national d&#039;information\",\"publisher\":{\"@id\":\"https:\\\/\\\/lasentinelle.dz\\\/#organization\"},\"potentialAction\":[{\"@type\":\"SearchAction\",\"target\":{\"@type\":\"EntryPoint\",\"urlTemplate\":\"https:\\\/\\\/lasentinelle.dz\\\/?s={search_term_string}\"},\"query-input\":{\"@type\":\"PropertyValueSpecification\",\"valueRequired\":true,\"valueName\":\"search_term_string\"}}],\"inLanguage\":\"fr-FR\"},{\"@type\":\"Organization\",\"@id\":\"https:\\\/\\\/lasentinelle.dz\\\/#organization\",\"name\":\"Quotidien La Sentinelle\",\"url\":\"https:\\\/\\\/lasentinelle.dz\\\/\",\"logo\":{\"@type\":\"ImageObject\",\"inLanguage\":\"fr-FR\",\"@id\":\"https:\\\/\\\/lasentinelle.dz\\\/#\\\/schema\\\/logo\\\/image\\\/\",\"url\":\"https:\\\/\\\/lasentinelle.dz\\\/wp-content\\\/uploads\\\/2021\\\/09\\\/logo-sentinelleSLOGAN-1.png\",\"contentUrl\":\"https:\\\/\\\/lasentinelle.dz\\\/wp-content\\\/uploads\\\/2021\\\/09\\\/logo-sentinelleSLOGAN-1.png\",\"width\":615,\"height\":142,\"caption\":\"Quotidien La Sentinelle\"},\"image\":{\"@id\":\"https:\\\/\\\/lasentinelle.dz\\\/#\\\/schema\\\/logo\\\/image\\\/\"},\"sameAs\":[\"https:\\\/\\\/www.facebook.com\\\/La-Sentinelle-104059864394773\"]},{\"@type\":\"Person\",\"@id\":\"https:\\\/\\\/lasentinelle.dz\\\/#\\\/schema\\\/person\\\/d865044e22e70a75174ce8bcad3acfb3\",\"name\":\"La Sentinelle\",\"image\":{\"@type\":\"ImageObject\",\"inLanguage\":\"fr-FR\",\"@id\":\"https:\\\/\\\/secure.gravatar.com\\\/avatar\\\/57de8e5d4b15d43fb361a71fbb36338450fe67865b528a43dd10ef7c51a20392?s=96&d=mm&r=g\",\"url\":\"https:\\\/\\\/secure.gravatar.com\\\/avatar\\\/57de8e5d4b15d43fb361a71fbb36338450fe67865b528a43dd10ef7c51a20392?s=96&d=mm&r=g\",\"contentUrl\":\"https:\\\/\\\/secure.gravatar.com\\\/avatar\\\/57de8e5d4b15d43fb361a71fbb36338450fe67865b528a43dd10ef7c51a20392?s=96&d=mm&r=g\",\"caption\":\"La Sentinelle\"},\"sameAs\":[\"http:\\\/\\\/www.lasentinelle.dz\"],\"url\":\"https:\\\/\\\/lasentinelle.dz\\\/author\\\/redaction\\\/\"}]}<\/script>\n<!-- \/ Yoast SEO plugin. -->","yoast_head_json":{"title":"L\u00e9gislatives en France: La gauche d\u00e9fait l&rsquo;extr\u00eame droite - La Sentinelle","robots":{"index":"index","follow":"follow","max-snippet":"max-snippet:-1","max-image-preview":"max-image-preview:large","max-video-preview":"max-video-preview:-1"},"canonical":"https:\/\/lasentinelle.dz\/index.php\/2024\/07\/08\/legislatives-en-france-la-gauche-defait-lextreme-droite\/","og_locale":"fr_FR","og_type":"article","og_title":"L\u00e9gislatives en France: La gauche d\u00e9fait l&rsquo;extr\u00eame droite - La Sentinelle","og_description":"La France n&rsquo;a finalement pas bascul\u00e9 dans le giron de l&rsquo;extr\u00eame droite. Selon les premi\u00e8res estimations d\u00e9voil\u00e9es hier par les","og_url":"https:\/\/lasentinelle.dz\/index.php\/2024\/07\/08\/legislatives-en-france-la-gauche-defait-lextreme-droite\/","og_site_name":"La Sentinelle","article_publisher":"https:\/\/www.facebook.com\/La-Sentinelle-104059864394773","article_published_time":"2024-07-08T13:09:49+00:00","article_modified_time":"2024-07-08T13:09:50+00:00","og_image":[{"width":932,"height":582,"url":"https:\/\/lasentinelle.dz\/wp-content\/uploads\/2024\/07\/melonchon.jpeg","type":"image\/jpeg"}],"author":"La Sentinelle","twitter_card":"summary_large_image","twitter_misc":{"\u00c9crit par":"La Sentinelle","Dur\u00e9e de lecture estim\u00e9e":"4 minutes"},"schema":{"@context":"https:\/\/schema.org","@graph":[{"@type":"Article","@id":"https:\/\/lasentinelle.dz\/index.php\/2024\/07\/08\/legislatives-en-france-la-gauche-defait-lextreme-droite\/#article","isPartOf":{"@id":"https:\/\/lasentinelle.dz\/index.php\/2024\/07\/08\/legislatives-en-france-la-gauche-defait-lextreme-droite\/"},"author":{"name":"La Sentinelle","@id":"https:\/\/lasentinelle.dz\/#\/schema\/person\/d865044e22e70a75174ce8bcad3acfb3"},"headline":"L\u00e9gislatives en France: La gauche d\u00e9fait l&rsquo;extr\u00eame droite","datePublished":"2024-07-08T13:09:49+00:00","dateModified":"2024-07-08T13:09:50+00:00","mainEntityOfPage":{"@id":"https:\/\/lasentinelle.dz\/index.php\/2024\/07\/08\/legislatives-en-france-la-gauche-defait-lextreme-droite\/"},"wordCount":738,"commentCount":0,"publisher":{"@id":"https:\/\/lasentinelle.dz\/#organization"},"image":{"@id":"https:\/\/lasentinelle.dz\/index.php\/2024\/07\/08\/legislatives-en-france-la-gauche-defait-lextreme-droite\/#primaryimage"},"thumbnailUrl":"https:\/\/lasentinelle.dz\/wp-content\/uploads\/2024\/07\/melonchon.jpeg","articleSection":["\u00c0 la Une","Actualit\u00e9"],"inLanguage":"fr-FR","potentialAction":[{"@type":"CommentAction","name":"Comment","target":["https:\/\/lasentinelle.dz\/index.php\/2024\/07\/08\/legislatives-en-france-la-gauche-defait-lextreme-droite\/#respond"]}]},{"@type":"WebPage","@id":"https:\/\/lasentinelle.dz\/index.php\/2024\/07\/08\/legislatives-en-france-la-gauche-defait-lextreme-droite\/","url":"https:\/\/lasentinelle.dz\/index.php\/2024\/07\/08\/legislatives-en-france-la-gauche-defait-lextreme-droite\/","name":"L\u00e9gislatives en France: La gauche d\u00e9fait l&rsquo;extr\u00eame droite - La Sentinelle","isPartOf":{"@id":"https:\/\/lasentinelle.dz\/#website"},"primaryImageOfPage":{"@id":"https:\/\/lasentinelle.dz\/index.php\/2024\/07\/08\/legislatives-en-france-la-gauche-defait-lextreme-droite\/#primaryimage"},"image":{"@id":"https:\/\/lasentinelle.dz\/index.php\/2024\/07\/08\/legislatives-en-france-la-gauche-defait-lextreme-droite\/#primaryimage"},"thumbnailUrl":"https:\/\/lasentinelle.dz\/wp-content\/uploads\/2024\/07\/melonchon.jpeg","datePublished":"2024-07-08T13:09:49+00:00","dateModified":"2024-07-08T13:09:50+00:00","breadcrumb":{"@id":"https:\/\/lasentinelle.dz\/index.php\/2024\/07\/08\/legislatives-en-france-la-gauche-defait-lextreme-droite\/#breadcrumb"},"inLanguage":"fr-FR","potentialAction":[{"@type":"ReadAction","target":["https:\/\/lasentinelle.dz\/index.php\/2024\/07\/08\/legislatives-en-france-la-gauche-defait-lextreme-droite\/"]}]},{"@type":"ImageObject","inLanguage":"fr-FR","@id":"https:\/\/lasentinelle.dz\/index.php\/2024\/07\/08\/legislatives-en-france-la-gauche-defait-lextreme-droite\/#primaryimage","url":"https:\/\/lasentinelle.dz\/wp-content\/uploads\/2024\/07\/melonchon.jpeg","contentUrl":"https:\/\/lasentinelle.dz\/wp-content\/uploads\/2024\/07\/melonchon.jpeg","width":932,"height":582,"caption":"\u00a9PHOTOPQR\/LE PARISIEN\/Jean-Baptiste Quentin ; Paris ; 30\/06\/2024 ; Premier tour des \u00e9l\u00e9ctions l\u00e9gislatives le 30 juin 2024. Si\u00e8ge de LFI 10eme Jean-Luc Melenchon delivers a speech after the results of the first round of parliamentary elections are announced at La Faiencerie in Paris on June 30, 2024. *** Local Caption *** L\u00e9gislatives 1er tour"},{"@type":"BreadcrumbList","@id":"https:\/\/lasentinelle.dz\/index.php\/2024\/07\/08\/legislatives-en-france-la-gauche-defait-lextreme-droite\/#breadcrumb","itemListElement":[{"@type":"ListItem","position":1,"name":"Accueil","item":"https:\/\/lasentinelle.dz\/"},{"@type":"ListItem","position":2,"name":"L\u00e9gislatives en France: La gauche d\u00e9fait l&rsquo;extr\u00eame droite"}]},{"@type":"WebSite","@id":"https:\/\/lasentinelle.dz\/#website","url":"https:\/\/lasentinelle.dz\/","name":"La Sentinelle","description":"Quotidien national d&#039;information","publisher":{"@id":"https:\/\/lasentinelle.dz\/#organization"},"potentialAction":[{"@type":"SearchAction","target":{"@type":"EntryPoint","urlTemplate":"https:\/\/lasentinelle.dz\/?s={search_term_string}"},"query-input":{"@type":"PropertyValueSpecification","valueRequired":true,"valueName":"search_term_string"}}],"inLanguage":"fr-FR"},{"@type":"Organization","@id":"https:\/\/lasentinelle.dz\/#organization","name":"Quotidien La Sentinelle","url":"https:\/\/lasentinelle.dz\/","logo":{"@type":"ImageObject","inLanguage":"fr-FR","@id":"https:\/\/lasentinelle.dz\/#\/schema\/logo\/image\/","url":"https:\/\/lasentinelle.dz\/wp-content\/uploads\/2021\/09\/logo-sentinelleSLOGAN-1.png","contentUrl":"https:\/\/lasentinelle.dz\/wp-content\/uploads\/2021\/09\/logo-sentinelleSLOGAN-1.png","width":615,"height":142,"caption":"Quotidien La Sentinelle"},"image":{"@id":"https:\/\/lasentinelle.dz\/#\/schema\/logo\/image\/"},"sameAs":["https:\/\/www.facebook.com\/La-Sentinelle-104059864394773"]},{"@type":"Person","@id":"https:\/\/lasentinelle.dz\/#\/schema\/person\/d865044e22e70a75174ce8bcad3acfb3","name":"La Sentinelle","image":{"@type":"ImageObject","inLanguage":"fr-FR","@id":"https:\/\/secure.gravatar.com\/avatar\/57de8e5d4b15d43fb361a71fbb36338450fe67865b528a43dd10ef7c51a20392?s=96&d=mm&r=g","url":"https:\/\/secure.gravatar.com\/avatar\/57de8e5d4b15d43fb361a71fbb36338450fe67865b528a43dd10ef7c51a20392?s=96&d=mm&r=g","contentUrl":"https:\/\/secure.gravatar.com\/avatar\/57de8e5d4b15d43fb361a71fbb36338450fe67865b528a43dd10ef7c51a20392?s=96&d=mm&r=g","caption":"La Sentinelle"},"sameAs":["http:\/\/www.lasentinelle.dz"],"url":"https:\/\/lasentinelle.dz\/author\/redaction\/"}]}},"_links":{"self":[{"href":"https:\/\/lasentinelle.dz\/index.php\/wp-json\/wp\/v2\/posts\/54150","targetHints":{"allow":["GET"]}}],"collection":[{"href":"https:\/\/lasentinelle.dz\/index.php\/wp-json\/wp\/v2\/posts"}],"about":[{"href":"https:\/\/lasentinelle.dz\/index.php\/wp-json\/wp\/v2\/types\/post"}],"author":[{"embeddable":true,"href":"https:\/\/lasentinelle.dz\/index.php\/wp-json\/wp\/v2\/users\/3"}],"replies":[{"embeddable":true,"href":"https:\/\/lasentinelle.dz\/index.php\/wp-json\/wp\/v2\/comments?post=54150"}],"version-history":[{"count":2,"href":"https:\/\/lasentinelle.dz\/index.php\/wp-json\/wp\/v2\/posts\/54150\/revisions"}],"predecessor-version":[{"id":54153,"href":"https:\/\/lasentinelle.dz\/index.php\/wp-json\/wp\/v2\/posts\/54150\/revisions\/54153"}],"wp:featuredmedia":[{"embeddable":true,"href":"https:\/\/lasentinelle.dz\/index.php\/wp-json\/wp\/v2\/media\/54151"}],"wp:attachment":[{"href":"https:\/\/lasentinelle.dz\/index.php\/wp-json\/wp\/v2\/media?parent=54150"}],"wp:term":[{"taxonomy":"category","embeddable":true,"href":"https:\/\/lasentinelle.dz\/index.php\/wp-json\/wp\/v2\/categories?post=54150"},{"taxonomy":"post_tag","embeddable":true,"href":"https:\/\/lasentinelle.dz\/index.php\/wp-json\/wp\/v2\/tags?post=54150"}],"curies":[{"name":"wp","href":"https:\/\/api.w.org\/{rel}","templated":true}]}}