{"id":54195,"date":"2024-07-08T20:35:48","date_gmt":"2024-07-08T19:35:48","guid":{"rendered":"https:\/\/lasentinelle.dz\/?p=54195"},"modified":"2024-07-08T20:35:49","modified_gmt":"2024-07-08T19:35:49","slug":"autoroute-est-ouest-le-tunnel-de-djebel-ouahch-totalement-operationnel-avant-2025","status":"publish","type":"post","link":"https:\/\/lasentinelle.dz\/index.php\/2024\/07\/08\/autoroute-est-ouest-le-tunnel-de-djebel-ouahch-totalement-operationnel-avant-2025\/","title":{"rendered":"Autoroute Est-Ouest: Le tunnel de Djebel Ouahch totalement op\u00e9rationnel avant 2025"},"content":{"rendered":"\n<p>Le tunnel de Djebel Ouahch, sur le trac\u00e9 de l&rsquo;autoroute Est-Ouest a fait l\u2019objet de travaux de r\u00e9paration conform\u00e9ment aux normes techniques de construction et a subi plusieurs expertises g\u00e9ophysiques, g\u00e9otechniques et g\u00e9ologiques.<\/p>\n\n\n\n<p>Le tube gauche du tunnel de Djebel El Ouahch, dans la wilaya de&nbsp; Constantine, a \u00e9t\u00e9 rouvert \u00e0 la circulation en fin de semaine. Cette seconde inauguration intervient apr\u00e8s plusieurs mois de travaux d\u2019excavation et de mise en place de but\u00e9es pour stopper le glissement du sol et les fissures, comblement des vides et r\u00e9habilitation des murs. Un investissement de pr\u00e8s de 13,5 milliards de dinars a \u00e9t\u00e9 allou\u00e9 pour le parach\u00e8vement et la r\u00e9paration de cet ouvrage d&rsquo;art&nbsp;&nbsp; \u00ab n\u00e9vralgique \u00bb de l\u2019autoroute Est-Ouest. Dans le cadre de ce chantier, il a \u00e9t\u00e9 proc\u00e9d\u00e9 \u00e0 plusieurs expertises et campagnes d\u2019investigations compl\u00e9mentaires pour une qualit\u00e9 de travaux r\u00e9pondant aux normes requises. Il s\u2019agit d\u2019investigations topographiques, de campagnes g\u00e9ophysiques, g\u00e9otechniques et structurelles r\u00e9alis\u00e9es qui ont&nbsp; conf\u00e9r\u00e9 \u00e0 ce chantier une qualit\u00e9 de travaux r\u00e9pondant aux normes de s\u00e9curit\u00e9 et de confort. Les travaux de r\u00e9paration de cet ouvrage lanc\u00e9s&nbsp; en 2017, ont n\u00e9cessit\u00e9 une \u00ab technicit\u00e9 de pointe \u00bb qui a \u00e9t\u00e9 \u00ab parfaitement ma\u00eetris\u00e9e \u00bb par l\u2019entreprise nationale Cosider Travaux Publics. Pour rappel,&nbsp; l\u2019\u00e9boulement du tunnel survenu en janvier 2014 avait \u00e9t\u00e9 suivi par un profond glissement de terrain qui avait compliqu\u00e9 davantage les travaux de forage. Le tube gauche du tunnel de Djebel Ouahch a \u00e9t\u00e9 r\u00e9parti en 2 voies de Constantine vers Skikda et une voie de Skikda vers Constantine dans l\u2019attente de la r\u00e9habilitation du tube droit, dont les travaux sont en cours. Pour l\u2019 heure, la r\u00e9ouverture \u00e0 la circulation du tube gauche du tunnel de Djebel Ouahch (1,9 km) fera gagner 20 minutes aux usagers qui empruntent une&nbsp; d\u00e9viation de 13 km, r\u00e9alis\u00e9e apr\u00e8s l\u2019effondrement de cet ouvrage. S\u2019agissant du tube droit, en cours de r\u00e9habilitation, l\u2019op\u00e9ration y aff\u00e9rente, complexe au demeurant, n\u00e9cessite une grande minutie dans la conduite des travaux. Ceux-ci ont connu un retard en raison de plusieurs probl\u00e8mes, g\u00e9otechniques et administratifs, en plus du retard des entreprises de r\u00e9alisation, entra\u00eenant l\u2019argilosit\u00e9 du sol et des dommages aux murs, ce qui a n\u00e9cessit\u00e9 davantage de temps pour le renforcement des murs de b\u00e9ton et des contours. N\u00e9anmoins, il reste que cette partie du tunnel sera livr\u00e9e avant l\u2019ann\u00e9e 2025.<\/p>\n\n\n\n<p><strong>Sofia Chahine<\/strong><\/p>\n","protected":false},"excerpt":{"rendered":"<p>Le tunnel de Djebel Ouahch, sur le trac\u00e9 de l&rsquo;autoroute Est-Ouest a fait l\u2019objet de travaux de r\u00e9paration conform\u00e9ment aux<\/p>\n","protected":false},"author":3,"featured_media":54196,"comment_status":"open","ping_status":"closed","sticky":false,"template":"","format":"standard","meta":{"colormag_page_container_layout":"default_layout","colormag_page_sidebar_layout":"default_layout","om_disable_all_campaigns":false,"_monsterinsights_skip_tracking":false,"_monsterinsights_sitenote_active":false,"_monsterinsights_sitenote_note":"","_monsterinsights_sitenote_category":0,"footnotes":"","_wpscppro_dont_share_socialmedia":false,"_wpscppro_custom_social_share_image":0,"_facebook_share_type":"default","_twitter_share_type":"default","_linkedin_share_type":"default","_pinterest_share_type":"default","_linkedin_share_type_page":"","_instagram_share_type":"default","_medium_share_type":"","_threads_share_type":"","_google_business_share_type":"","_selected_social_profile":[],"_wpsp_enable_custom_social_template":false,"_wpsp_social_scheduling":{"enabled":false,"datetime":null,"platforms":[],"status":"template_only","dateOption":"today","timeOption":"now","customDays":"","customHours":"","customDate":"","customTime":"","schedulingType":"absolute"},"_wpsp_active_default_template":true},"categories":[52,27],"tags":[],"class_list":["post-54195","post","type-post","status-publish","format-standard","has-post-thumbnail","hentry","category-a-la-une","category-actualite"],"aioseo_notices":[],"yoast_head":"<!-- This site is optimized with the Yoast SEO plugin v27.5 - https:\/\/yoast.com\/product\/yoast-seo-wordpress\/ -->\n<title>Autoroute Est-Ouest: Le tunnel de Djebel Ouahch totalement op\u00e9rationnel avant 2025 - La Sentinelle<\/title>\n<meta name=\"robots\" content=\"index, follow, max-snippet:-1, max-image-preview:large, max-video-preview:-1\" \/>\n<link rel=\"canonical\" href=\"https:\/\/lasentinelle.dz\/index.php\/2024\/07\/08\/autoroute-est-ouest-le-tunnel-de-djebel-ouahch-totalement-operationnel-avant-2025\/\" \/>\n<meta property=\"og:locale\" content=\"fr_FR\" \/>\n<meta property=\"og:type\" content=\"article\" \/>\n<meta property=\"og:title\" content=\"Autoroute Est-Ouest: Le tunnel de Djebel Ouahch totalement op\u00e9rationnel avant 2025 - La Sentinelle\" \/>\n<meta property=\"og:description\" content=\"Le tunnel de Djebel Ouahch, sur le trac\u00e9 de l&rsquo;autoroute Est-Ouest a fait l\u2019objet de travaux de r\u00e9paration conform\u00e9ment aux\" \/>\n<meta property=\"og:url\" content=\"https:\/\/lasentinelle.dz\/index.php\/2024\/07\/08\/autoroute-est-ouest-le-tunnel-de-djebel-ouahch-totalement-operationnel-avant-2025\/\" \/>\n<meta property=\"og:site_name\" content=\"La Sentinelle\" \/>\n<meta property=\"article:publisher\" content=\"https:\/\/www.facebook.com\/La-Sentinelle-104059864394773\" \/>\n<meta property=\"article:published_time\" content=\"2024-07-08T19:35:48+00:00\" \/>\n<meta property=\"article:modified_time\" content=\"2024-07-08T19:35:49+00:00\" \/>\n<meta property=\"og:image\" content=\"https:\/\/lasentinelle.dz\/wp-content\/uploads\/2024\/07\/tunnel-de-Djebel-Ouahch.jpeg\" \/>\n\t<meta property=\"og:image:width\" content=\"738\" \/>\n\t<meta property=\"og:image:height\" content=\"417\" \/>\n\t<meta property=\"og:image:type\" content=\"image\/jpeg\" \/>\n<meta name=\"author\" content=\"La Sentinelle\" \/>\n<meta name=\"twitter:card\" content=\"summary_large_image\" \/>\n<meta name=\"twitter:label1\" content=\"\u00c9crit par\" \/>\n\t<meta name=\"twitter:data1\" content=\"La Sentinelle\" \/>\n\t<meta name=\"twitter:label2\" content=\"Dur\u00e9e de lecture estim\u00e9e\" \/>\n\t<meta name=\"twitter:data2\" content=\"2 minutes\" \/>\n<script type=\"application\/ld+json\" class=\"yoast-schema-graph\">{\"@context\":\"https:\\\/\\\/schema.org\",\"@graph\":[{\"@type\":\"Article\",\"@id\":\"https:\\\/\\\/lasentinelle.dz\\\/index.php\\\/2024\\\/07\\\/08\\\/autoroute-est-ouest-le-tunnel-de-djebel-ouahch-totalement-operationnel-avant-2025\\\/#article\",\"isPartOf\":{\"@id\":\"https:\\\/\\\/lasentinelle.dz\\\/index.php\\\/2024\\\/07\\\/08\\\/autoroute-est-ouest-le-tunnel-de-djebel-ouahch-totalement-operationnel-avant-2025\\\/\"},\"author\":{\"name\":\"La Sentinelle\",\"@id\":\"https:\\\/\\\/lasentinelle.dz\\\/#\\\/schema\\\/person\\\/d865044e22e70a75174ce8bcad3acfb3\"},\"headline\":\"Autoroute Est-Ouest: Le tunnel de Djebel Ouahch totalement op\u00e9rationnel avant 2025\",\"datePublished\":\"2024-07-08T19:35:48+00:00\",\"dateModified\":\"2024-07-08T19:35:49+00:00\",\"mainEntityOfPage\":{\"@id\":\"https:\\\/\\\/lasentinelle.dz\\\/index.php\\\/2024\\\/07\\\/08\\\/autoroute-est-ouest-le-tunnel-de-djebel-ouahch-totalement-operationnel-avant-2025\\\/\"},\"wordCount\":454,\"commentCount\":0,\"publisher\":{\"@id\":\"https:\\\/\\\/lasentinelle.dz\\\/#organization\"},\"image\":{\"@id\":\"https:\\\/\\\/lasentinelle.dz\\\/index.php\\\/2024\\\/07\\\/08\\\/autoroute-est-ouest-le-tunnel-de-djebel-ouahch-totalement-operationnel-avant-2025\\\/#primaryimage\"},\"thumbnailUrl\":\"https:\\\/\\\/lasentinelle.dz\\\/wp-content\\\/uploads\\\/2024\\\/07\\\/tunnel-de-Djebel-Ouahch.jpeg\",\"articleSection\":[\"\u00c0 la Une\",\"Actualit\u00e9\"],\"inLanguage\":\"fr-FR\",\"potentialAction\":[{\"@type\":\"CommentAction\",\"name\":\"Comment\",\"target\":[\"https:\\\/\\\/lasentinelle.dz\\\/index.php\\\/2024\\\/07\\\/08\\\/autoroute-est-ouest-le-tunnel-de-djebel-ouahch-totalement-operationnel-avant-2025\\\/#respond\"]}]},{\"@type\":\"WebPage\",\"@id\":\"https:\\\/\\\/lasentinelle.dz\\\/index.php\\\/2024\\\/07\\\/08\\\/autoroute-est-ouest-le-tunnel-de-djebel-ouahch-totalement-operationnel-avant-2025\\\/\",\"url\":\"https:\\\/\\\/lasentinelle.dz\\\/index.php\\\/2024\\\/07\\\/08\\\/autoroute-est-ouest-le-tunnel-de-djebel-ouahch-totalement-operationnel-avant-2025\\\/\",\"name\":\"Autoroute Est-Ouest: Le tunnel de Djebel Ouahch totalement op\u00e9rationnel avant 2025 - La Sentinelle\",\"isPartOf\":{\"@id\":\"https:\\\/\\\/lasentinelle.dz\\\/#website\"},\"primaryImageOfPage\":{\"@id\":\"https:\\\/\\\/lasentinelle.dz\\\/index.php\\\/2024\\\/07\\\/08\\\/autoroute-est-ouest-le-tunnel-de-djebel-ouahch-totalement-operationnel-avant-2025\\\/#primaryimage\"},\"image\":{\"@id\":\"https:\\\/\\\/lasentinelle.dz\\\/index.php\\\/2024\\\/07\\\/08\\\/autoroute-est-ouest-le-tunnel-de-djebel-ouahch-totalement-operationnel-avant-2025\\\/#primaryimage\"},\"thumbnailUrl\":\"https:\\\/\\\/lasentinelle.dz\\\/wp-content\\\/uploads\\\/2024\\\/07\\\/tunnel-de-Djebel-Ouahch.jpeg\",\"datePublished\":\"2024-07-08T19:35:48+00:00\",\"dateModified\":\"2024-07-08T19:35:49+00:00\",\"breadcrumb\":{\"@id\":\"https:\\\/\\\/lasentinelle.dz\\\/index.php\\\/2024\\\/07\\\/08\\\/autoroute-est-ouest-le-tunnel-de-djebel-ouahch-totalement-operationnel-avant-2025\\\/#breadcrumb\"},\"inLanguage\":\"fr-FR\",\"potentialAction\":[{\"@type\":\"ReadAction\",\"target\":[\"https:\\\/\\\/lasentinelle.dz\\\/index.php\\\/2024\\\/07\\\/08\\\/autoroute-est-ouest-le-tunnel-de-djebel-ouahch-totalement-operationnel-avant-2025\\\/\"]}]},{\"@type\":\"ImageObject\",\"inLanguage\":\"fr-FR\",\"@id\":\"https:\\\/\\\/lasentinelle.dz\\\/index.php\\\/2024\\\/07\\\/08\\\/autoroute-est-ouest-le-tunnel-de-djebel-ouahch-totalement-operationnel-avant-2025\\\/#primaryimage\",\"url\":\"https:\\\/\\\/lasentinelle.dz\\\/wp-content\\\/uploads\\\/2024\\\/07\\\/tunnel-de-Djebel-Ouahch.jpeg\",\"contentUrl\":\"https:\\\/\\\/lasentinelle.dz\\\/wp-content\\\/uploads\\\/2024\\\/07\\\/tunnel-de-Djebel-Ouahch.jpeg\",\"width\":738,\"height\":417},{\"@type\":\"BreadcrumbList\",\"@id\":\"https:\\\/\\\/lasentinelle.dz\\\/index.php\\\/2024\\\/07\\\/08\\\/autoroute-est-ouest-le-tunnel-de-djebel-ouahch-totalement-operationnel-avant-2025\\\/#breadcrumb\",\"itemListElement\":[{\"@type\":\"ListItem\",\"position\":1,\"name\":\"Accueil\",\"item\":\"https:\\\/\\\/lasentinelle.dz\\\/\"},{\"@type\":\"ListItem\",\"position\":2,\"name\":\"Autoroute Est-Ouest: Le tunnel de Djebel Ouahch totalement op\u00e9rationnel avant 2025\"}]},{\"@type\":\"WebSite\",\"@id\":\"https:\\\/\\\/lasentinelle.dz\\\/#website\",\"url\":\"https:\\\/\\\/lasentinelle.dz\\\/\",\"name\":\"La Sentinelle\",\"description\":\"Quotidien national d&#039;information\",\"publisher\":{\"@id\":\"https:\\\/\\\/lasentinelle.dz\\\/#organization\"},\"potentialAction\":[{\"@type\":\"SearchAction\",\"target\":{\"@type\":\"EntryPoint\",\"urlTemplate\":\"https:\\\/\\\/lasentinelle.dz\\\/?s={search_term_string}\"},\"query-input\":{\"@type\":\"PropertyValueSpecification\",\"valueRequired\":true,\"valueName\":\"search_term_string\"}}],\"inLanguage\":\"fr-FR\"},{\"@type\":\"Organization\",\"@id\":\"https:\\\/\\\/lasentinelle.dz\\\/#organization\",\"name\":\"Quotidien La Sentinelle\",\"url\":\"https:\\\/\\\/lasentinelle.dz\\\/\",\"logo\":{\"@type\":\"ImageObject\",\"inLanguage\":\"fr-FR\",\"@id\":\"https:\\\/\\\/lasentinelle.dz\\\/#\\\/schema\\\/logo\\\/image\\\/\",\"url\":\"https:\\\/\\\/lasentinelle.dz\\\/wp-content\\\/uploads\\\/2021\\\/09\\\/logo-sentinelleSLOGAN-1.png\",\"contentUrl\":\"https:\\\/\\\/lasentinelle.dz\\\/wp-content\\\/uploads\\\/2021\\\/09\\\/logo-sentinelleSLOGAN-1.png\",\"width\":615,\"height\":142,\"caption\":\"Quotidien La Sentinelle\"},\"image\":{\"@id\":\"https:\\\/\\\/lasentinelle.dz\\\/#\\\/schema\\\/logo\\\/image\\\/\"},\"sameAs\":[\"https:\\\/\\\/www.facebook.com\\\/La-Sentinelle-104059864394773\"]},{\"@type\":\"Person\",\"@id\":\"https:\\\/\\\/lasentinelle.dz\\\/#\\\/schema\\\/person\\\/d865044e22e70a75174ce8bcad3acfb3\",\"name\":\"La Sentinelle\",\"image\":{\"@type\":\"ImageObject\",\"inLanguage\":\"fr-FR\",\"@id\":\"https:\\\/\\\/secure.gravatar.com\\\/avatar\\\/57de8e5d4b15d43fb361a71fbb36338450fe67865b528a43dd10ef7c51a20392?s=96&d=mm&r=g\",\"url\":\"https:\\\/\\\/secure.gravatar.com\\\/avatar\\\/57de8e5d4b15d43fb361a71fbb36338450fe67865b528a43dd10ef7c51a20392?s=96&d=mm&r=g\",\"contentUrl\":\"https:\\\/\\\/secure.gravatar.com\\\/avatar\\\/57de8e5d4b15d43fb361a71fbb36338450fe67865b528a43dd10ef7c51a20392?s=96&d=mm&r=g\",\"caption\":\"La Sentinelle\"},\"sameAs\":[\"http:\\\/\\\/www.lasentinelle.dz\"],\"url\":\"https:\\\/\\\/lasentinelle.dz\\\/author\\\/redaction\\\/\"}]}<\/script>\n<!-- \/ Yoast SEO plugin. -->","yoast_head_json":{"title":"Autoroute Est-Ouest: Le tunnel de Djebel Ouahch totalement op\u00e9rationnel avant 2025 - La Sentinelle","robots":{"index":"index","follow":"follow","max-snippet":"max-snippet:-1","max-image-preview":"max-image-preview:large","max-video-preview":"max-video-preview:-1"},"canonical":"https:\/\/lasentinelle.dz\/index.php\/2024\/07\/08\/autoroute-est-ouest-le-tunnel-de-djebel-ouahch-totalement-operationnel-avant-2025\/","og_locale":"fr_FR","og_type":"article","og_title":"Autoroute Est-Ouest: Le tunnel de Djebel Ouahch totalement op\u00e9rationnel avant 2025 - La Sentinelle","og_description":"Le tunnel de Djebel Ouahch, sur le trac\u00e9 de l&rsquo;autoroute Est-Ouest a fait l\u2019objet de travaux de r\u00e9paration conform\u00e9ment aux","og_url":"https:\/\/lasentinelle.dz\/index.php\/2024\/07\/08\/autoroute-est-ouest-le-tunnel-de-djebel-ouahch-totalement-operationnel-avant-2025\/","og_site_name":"La Sentinelle","article_publisher":"https:\/\/www.facebook.com\/La-Sentinelle-104059864394773","article_published_time":"2024-07-08T19:35:48+00:00","article_modified_time":"2024-07-08T19:35:49+00:00","og_image":[{"width":738,"height":417,"url":"https:\/\/lasentinelle.dz\/wp-content\/uploads\/2024\/07\/tunnel-de-Djebel-Ouahch.jpeg","type":"image\/jpeg"}],"author":"La Sentinelle","twitter_card":"summary_large_image","twitter_misc":{"\u00c9crit par":"La Sentinelle","Dur\u00e9e de lecture estim\u00e9e":"2 minutes"},"schema":{"@context":"https:\/\/schema.org","@graph":[{"@type":"Article","@id":"https:\/\/lasentinelle.dz\/index.php\/2024\/07\/08\/autoroute-est-ouest-le-tunnel-de-djebel-ouahch-totalement-operationnel-avant-2025\/#article","isPartOf":{"@id":"https:\/\/lasentinelle.dz\/index.php\/2024\/07\/08\/autoroute-est-ouest-le-tunnel-de-djebel-ouahch-totalement-operationnel-avant-2025\/"},"author":{"name":"La Sentinelle","@id":"https:\/\/lasentinelle.dz\/#\/schema\/person\/d865044e22e70a75174ce8bcad3acfb3"},"headline":"Autoroute Est-Ouest: Le tunnel de Djebel Ouahch totalement op\u00e9rationnel avant 2025","datePublished":"2024-07-08T19:35:48+00:00","dateModified":"2024-07-08T19:35:49+00:00","mainEntityOfPage":{"@id":"https:\/\/lasentinelle.dz\/index.php\/2024\/07\/08\/autoroute-est-ouest-le-tunnel-de-djebel-ouahch-totalement-operationnel-avant-2025\/"},"wordCount":454,"commentCount":0,"publisher":{"@id":"https:\/\/lasentinelle.dz\/#organization"},"image":{"@id":"https:\/\/lasentinelle.dz\/index.php\/2024\/07\/08\/autoroute-est-ouest-le-tunnel-de-djebel-ouahch-totalement-operationnel-avant-2025\/#primaryimage"},"thumbnailUrl":"https:\/\/lasentinelle.dz\/wp-content\/uploads\/2024\/07\/tunnel-de-Djebel-Ouahch.jpeg","articleSection":["\u00c0 la Une","Actualit\u00e9"],"inLanguage":"fr-FR","potentialAction":[{"@type":"CommentAction","name":"Comment","target":["https:\/\/lasentinelle.dz\/index.php\/2024\/07\/08\/autoroute-est-ouest-le-tunnel-de-djebel-ouahch-totalement-operationnel-avant-2025\/#respond"]}]},{"@type":"WebPage","@id":"https:\/\/lasentinelle.dz\/index.php\/2024\/07\/08\/autoroute-est-ouest-le-tunnel-de-djebel-ouahch-totalement-operationnel-avant-2025\/","url":"https:\/\/lasentinelle.dz\/index.php\/2024\/07\/08\/autoroute-est-ouest-le-tunnel-de-djebel-ouahch-totalement-operationnel-avant-2025\/","name":"Autoroute Est-Ouest: Le tunnel de Djebel Ouahch totalement op\u00e9rationnel avant 2025 - La Sentinelle","isPartOf":{"@id":"https:\/\/lasentinelle.dz\/#website"},"primaryImageOfPage":{"@id":"https:\/\/lasentinelle.dz\/index.php\/2024\/07\/08\/autoroute-est-ouest-le-tunnel-de-djebel-ouahch-totalement-operationnel-avant-2025\/#primaryimage"},"image":{"@id":"https:\/\/lasentinelle.dz\/index.php\/2024\/07\/08\/autoroute-est-ouest-le-tunnel-de-djebel-ouahch-totalement-operationnel-avant-2025\/#primaryimage"},"thumbnailUrl":"https:\/\/lasentinelle.dz\/wp-content\/uploads\/2024\/07\/tunnel-de-Djebel-Ouahch.jpeg","datePublished":"2024-07-08T19:35:48+00:00","dateModified":"2024-07-08T19:35:49+00:00","breadcrumb":{"@id":"https:\/\/lasentinelle.dz\/index.php\/2024\/07\/08\/autoroute-est-ouest-le-tunnel-de-djebel-ouahch-totalement-operationnel-avant-2025\/#breadcrumb"},"inLanguage":"fr-FR","potentialAction":[{"@type":"ReadAction","target":["https:\/\/lasentinelle.dz\/index.php\/2024\/07\/08\/autoroute-est-ouest-le-tunnel-de-djebel-ouahch-totalement-operationnel-avant-2025\/"]}]},{"@type":"ImageObject","inLanguage":"fr-FR","@id":"https:\/\/lasentinelle.dz\/index.php\/2024\/07\/08\/autoroute-est-ouest-le-tunnel-de-djebel-ouahch-totalement-operationnel-avant-2025\/#primaryimage","url":"https:\/\/lasentinelle.dz\/wp-content\/uploads\/2024\/07\/tunnel-de-Djebel-Ouahch.jpeg","contentUrl":"https:\/\/lasentinelle.dz\/wp-content\/uploads\/2024\/07\/tunnel-de-Djebel-Ouahch.jpeg","width":738,"height":417},{"@type":"BreadcrumbList","@id":"https:\/\/lasentinelle.dz\/index.php\/2024\/07\/08\/autoroute-est-ouest-le-tunnel-de-djebel-ouahch-totalement-operationnel-avant-2025\/#breadcrumb","itemListElement":[{"@type":"ListItem","position":1,"name":"Accueil","item":"https:\/\/lasentinelle.dz\/"},{"@type":"ListItem","position":2,"name":"Autoroute Est-Ouest: Le tunnel de Djebel Ouahch totalement op\u00e9rationnel avant 2025"}]},{"@type":"WebSite","@id":"https:\/\/lasentinelle.dz\/#website","url":"https:\/\/lasentinelle.dz\/","name":"La Sentinelle","description":"Quotidien national d&#039;information","publisher":{"@id":"https:\/\/lasentinelle.dz\/#organization"},"potentialAction":[{"@type":"SearchAction","target":{"@type":"EntryPoint","urlTemplate":"https:\/\/lasentinelle.dz\/?s={search_term_string}"},"query-input":{"@type":"PropertyValueSpecification","valueRequired":true,"valueName":"search_term_string"}}],"inLanguage":"fr-FR"},{"@type":"Organization","@id":"https:\/\/lasentinelle.dz\/#organization","name":"Quotidien La Sentinelle","url":"https:\/\/lasentinelle.dz\/","logo":{"@type":"ImageObject","inLanguage":"fr-FR","@id":"https:\/\/lasentinelle.dz\/#\/schema\/logo\/image\/","url":"https:\/\/lasentinelle.dz\/wp-content\/uploads\/2021\/09\/logo-sentinelleSLOGAN-1.png","contentUrl":"https:\/\/lasentinelle.dz\/wp-content\/uploads\/2021\/09\/logo-sentinelleSLOGAN-1.png","width":615,"height":142,"caption":"Quotidien La Sentinelle"},"image":{"@id":"https:\/\/lasentinelle.dz\/#\/schema\/logo\/image\/"},"sameAs":["https:\/\/www.facebook.com\/La-Sentinelle-104059864394773"]},{"@type":"Person","@id":"https:\/\/lasentinelle.dz\/#\/schema\/person\/d865044e22e70a75174ce8bcad3acfb3","name":"La Sentinelle","image":{"@type":"ImageObject","inLanguage":"fr-FR","@id":"https:\/\/secure.gravatar.com\/avatar\/57de8e5d4b15d43fb361a71fbb36338450fe67865b528a43dd10ef7c51a20392?s=96&d=mm&r=g","url":"https:\/\/secure.gravatar.com\/avatar\/57de8e5d4b15d43fb361a71fbb36338450fe67865b528a43dd10ef7c51a20392?s=96&d=mm&r=g","contentUrl":"https:\/\/secure.gravatar.com\/avatar\/57de8e5d4b15d43fb361a71fbb36338450fe67865b528a43dd10ef7c51a20392?s=96&d=mm&r=g","caption":"La Sentinelle"},"sameAs":["http:\/\/www.lasentinelle.dz"],"url":"https:\/\/lasentinelle.dz\/author\/redaction\/"}]}},"_links":{"self":[{"href":"https:\/\/lasentinelle.dz\/index.php\/wp-json\/wp\/v2\/posts\/54195","targetHints":{"allow":["GET"]}}],"collection":[{"href":"https:\/\/lasentinelle.dz\/index.php\/wp-json\/wp\/v2\/posts"}],"about":[{"href":"https:\/\/lasentinelle.dz\/index.php\/wp-json\/wp\/v2\/types\/post"}],"author":[{"embeddable":true,"href":"https:\/\/lasentinelle.dz\/index.php\/wp-json\/wp\/v2\/users\/3"}],"replies":[{"embeddable":true,"href":"https:\/\/lasentinelle.dz\/index.php\/wp-json\/wp\/v2\/comments?post=54195"}],"version-history":[{"count":1,"href":"https:\/\/lasentinelle.dz\/index.php\/wp-json\/wp\/v2\/posts\/54195\/revisions"}],"predecessor-version":[{"id":54197,"href":"https:\/\/lasentinelle.dz\/index.php\/wp-json\/wp\/v2\/posts\/54195\/revisions\/54197"}],"wp:featuredmedia":[{"embeddable":true,"href":"https:\/\/lasentinelle.dz\/index.php\/wp-json\/wp\/v2\/media\/54196"}],"wp:attachment":[{"href":"https:\/\/lasentinelle.dz\/index.php\/wp-json\/wp\/v2\/media?parent=54195"}],"wp:term":[{"taxonomy":"category","embeddable":true,"href":"https:\/\/lasentinelle.dz\/index.php\/wp-json\/wp\/v2\/categories?post=54195"},{"taxonomy":"post_tag","embeddable":true,"href":"https:\/\/lasentinelle.dz\/index.php\/wp-json\/wp\/v2\/tags?post=54195"}],"curies":[{"name":"wp","href":"https:\/\/api.w.org\/{rel}","templated":true}]}}