{"id":54206,"date":"2024-07-08T20:38:24","date_gmt":"2024-07-08T19:38:24","guid":{"rendered":"https:\/\/lasentinelle.dz\/?p=54206"},"modified":"2024-07-08T20:38:25","modified_gmt":"2024-07-08T19:38:25","slug":"developpement-des-cultures-strategiques-de-grands-poles-agricoles-pour-garantir-la-securite-alimentaire","status":"publish","type":"post","link":"https:\/\/lasentinelle.dz\/index.php\/2024\/07\/08\/developpement-des-cultures-strategiques-de-grands-poles-agricoles-pour-garantir-la-securite-alimentaire\/","title":{"rendered":"D\u00e9veloppement des cultures strat\u00e9giques: De grands p\u00f4les agricoles pour garantir la s\u00e9curit\u00e9 alimentaire"},"content":{"rendered":"\n<p>L&rsquo;Alg\u00e9rie intensifie ses efforts pour atteindre la s\u00e9curit\u00e9 alimentaire en misant sur le d\u00e9veloppement des cultures strat\u00e9giques dans les wilayas du Sud. Dans ce sens, la directrice g\u00e9n\u00e9rale de l&rsquo;investissement et des biens fonciers agricoles au minist\u00e8re de l&rsquo;Agriculture et du D\u00e9veloppement rural, Souad Assous, a indiqu\u00e9 hier, lors d&rsquo;une intervention sur les ondes de la Radio alg\u00e9rienne, que cette d\u00e9marche s&rsquo;appuie notamment sur la cr\u00e9ation de p\u00f4les grands p\u00f4le agricoles dans le Sud, avant de souligner que le minist\u00e8re pr\u00e9voit d&rsquo;\u00e9tendre consid\u00e9rablement les surfaces agricoles dans le Sud alg\u00e9rien, en cr\u00e9ant des p\u00f4les d\u00e9di\u00e9s aux cultures strat\u00e9giques et aux produits de grande consommation. L&rsquo;intervenante a \u00e9galement \u00e9voqu\u00e9 la question de la restructuration des fermes pilotes qui sont d\u00e9sormais r\u00e9orient\u00e9es vers un certain type de cultures que les hautes autorit\u00e9s du pays ambitionnent de d\u00e9velopper. Souad Assous a ainsi expliqu\u00e9 que \u00ab\u00a0174 fermes pilotes ont \u00e9t\u00e9 recens\u00e9es \u00e0 travers le territoire national, transform\u00e9es en unit\u00e9s de production d\u00e9di\u00e9es \u00e0 la culture des l\u00e9gumineuses, des cultures ol\u00e9agineuses, des semences et des cultures fruiti\u00e8res.\u00a0\u00bb<\/p>\n\n\n\n<p>Concernant le d\u00e9veloppement de la c\u00e9r\u00e9aliculture, la m\u00eame responsable est revenue sur la signature samedi d&rsquo;un protocole d&rsquo;accord alg\u00e9ro-italien pour la r\u00e9alisation d&rsquo;un important projet dans la wilaya e Timimoun. Elle a r\u00e9affirm\u00e9 que ce projet majeur pr\u00e9voit la mise en valeur de plus de 35 000 hectares de terres dans la wilaya de Timimoun. Ce projet int\u00e9gr\u00e9, allant de la production \u00e0 la transformation, se concentrera sur les c\u00e9r\u00e9ales, les l\u00e9gumineuses et les p\u00e2tes alimentaires, ajoute-elle. Et d&rsquo;expliquer que le projet de Timimoun devrait accro\u00eetre la production nationale de c\u00e9r\u00e9ales de 170 000 tonnes par an, renfor\u00e7ant consid\u00e9rablement la capacit\u00e9 d&rsquo;autosuffisance du pays. Elle a \u00e9galement pr\u00e9cis\u00e9 que ce projet sera mis en \u0153uvre de mani\u00e8re progressive. Il d\u00e9butera en octobre 2024, avec une premi\u00e8re phase de mise de 3 000 hectares pour le bl\u00e9, suivie de 10 000 hectares pour les l\u00e9gumineuses et les cultures ol\u00e9agineuses. L&rsquo;objectif est d&rsquo;atteindre 35 000 hectares mis en valeur d&rsquo;ici 2028. Au-del\u00e0 des c\u00e9r\u00e9ales, l&rsquo;accent est mis sur les l\u00e9gumineuses et les cultures ol\u00e9agineuses, essentielles pour une alimentation \u00e9quilibr\u00e9e et la r\u00e9duction de la d\u00e9pendance aux importations, assure, Mme Assous.<\/p>\n\n\n\n<p>Rappelons dans ce contexte que le pr\u00e9sident de la R\u00e9publique, Abdelmadjid Tebboune a ordonn\u00e9 la mise en valeur de 500.000 hectares dans le Sud pour le d\u00e9veloppement de la c\u00e9r\u00e9aliculture, en prenant en compte le projet alg\u00e9ro-qatari de ferme lait\u00e8re et de production de fourrages et de c\u00e9r\u00e9ales sur 117.000 hectares, ainsi que le projet de Timimoune. La semaine derni\u00e8re, le ministre de l&rsquo;Agriculture et du D\u00e9veloppement rural, Youcef Cherfa a assur\u00e9, lors d&rsquo;une visite dans la wilaya de Blida que cette mise en valeur sera lanc\u00e9e d\u00e8s cette ann\u00e9\u00e9. \u00ab\u00a0La concr\u00e9tisation de ce projet, qui devrait \u00eatre achev\u00e9 dans les trois prochaines ann\u00e9es, sera mis en \u0153uvre en partenariat avec des entreprises internationales, dont des soci\u00e9t\u00e9s italiennes et qataries\u00a0\u00bb, a indiqu\u00e9 M. Cherfa, pr\u00e9cisant que \u00ab\u00a0le plan national de d\u00e9veloppement des cultures strat\u00e9giques, concerne outre l\u2019augmentation des capacit\u00e9s de production des c\u00e9r\u00e9ales, d\u2019autres fili\u00e8res agricoles, telles que la culture des l\u00e9gumineuses, les ol\u00e9agineux et les graines\u00a0\u00bb.Cette politique agricole ambitieuse d\u00e9montre la volont\u00e9 de l&rsquo;Alg\u00e9rie de renforcer sa souverainet\u00e9 alimentaire en exploitant le potentiel agricole de ses r\u00e9gions m\u00e9ridionales. En misant sur les cultures strat\u00e9giques et en modernisant ses pratiques agricoles, le pays vise non seulement \u00e0 r\u00e9duire sa d\u00e9pendance aux importations, mais aussi \u00e0 devenir un acteur majeur de la production agricole dans la r\u00e9gion.<\/p>\n\n\n\n<p>Lyes Benisid<\/p>\n","protected":false},"excerpt":{"rendered":"<p>L&rsquo;Alg\u00e9rie intensifie ses efforts pour atteindre la s\u00e9curit\u00e9 alimentaire en misant sur le d\u00e9veloppement des cultures strat\u00e9giques dans les wilayas<\/p>\n","protected":false},"author":3,"featured_media":52535,"comment_status":"open","ping_status":"closed","sticky":false,"template":"","format":"standard","meta":{"colormag_page_container_layout":"default_layout","colormag_page_sidebar_layout":"default_layout","om_disable_all_campaigns":false,"_monsterinsights_skip_tracking":false,"_monsterinsights_sitenote_active":false,"_monsterinsights_sitenote_note":"","_monsterinsights_sitenote_category":0,"footnotes":"","_wpscppro_dont_share_socialmedia":false,"_wpscppro_custom_social_share_image":0,"_facebook_share_type":"default","_twitter_share_type":"default","_linkedin_share_type":"default","_pinterest_share_type":"default","_linkedin_share_type_page":"","_instagram_share_type":"default","_medium_share_type":"","_threads_share_type":"","_google_business_share_type":"","_selected_social_profile":[],"_wpsp_enable_custom_social_template":false,"_wpsp_social_scheduling":{"enabled":false,"datetime":null,"platforms":[],"status":"template_only","dateOption":"today","timeOption":"now","customDays":"","customHours":"","customDate":"","customTime":"","schedulingType":"absolute"},"_wpsp_active_default_template":true},"categories":[52,29],"tags":[],"class_list":["post-54206","post","type-post","status-publish","format-standard","has-post-thumbnail","hentry","category-a-la-une","category-economie"],"aioseo_notices":[],"yoast_head":"<!-- This site is optimized with the Yoast SEO plugin v27.5 - https:\/\/yoast.com\/product\/yoast-seo-wordpress\/ -->\n<title>D\u00e9veloppement des cultures strat\u00e9giques: De grands p\u00f4les agricoles pour garantir la s\u00e9curit\u00e9 alimentaire - La Sentinelle<\/title>\n<meta name=\"robots\" content=\"index, follow, max-snippet:-1, max-image-preview:large, max-video-preview:-1\" \/>\n<link rel=\"canonical\" href=\"https:\/\/lasentinelle.dz\/index.php\/2024\/07\/08\/developpement-des-cultures-strategiques-de-grands-poles-agricoles-pour-garantir-la-securite-alimentaire\/\" \/>\n<meta property=\"og:locale\" content=\"fr_FR\" \/>\n<meta property=\"og:type\" content=\"article\" \/>\n<meta property=\"og:title\" content=\"D\u00e9veloppement des cultures strat\u00e9giques: De grands p\u00f4les agricoles pour garantir la s\u00e9curit\u00e9 alimentaire - La Sentinelle\" \/>\n<meta property=\"og:description\" content=\"L&rsquo;Alg\u00e9rie intensifie ses efforts pour atteindre la s\u00e9curit\u00e9 alimentaire en misant sur le d\u00e9veloppement des cultures strat\u00e9giques dans les wilayas\" \/>\n<meta property=\"og:url\" content=\"https:\/\/lasentinelle.dz\/index.php\/2024\/07\/08\/developpement-des-cultures-strategiques-de-grands-poles-agricoles-pour-garantir-la-securite-alimentaire\/\" \/>\n<meta property=\"og:site_name\" content=\"La Sentinelle\" \/>\n<meta property=\"article:publisher\" content=\"https:\/\/www.facebook.com\/La-Sentinelle-104059864394773\" \/>\n<meta property=\"article:published_time\" content=\"2024-07-08T19:38:24+00:00\" \/>\n<meta property=\"article:modified_time\" content=\"2024-07-08T19:38:25+00:00\" \/>\n<meta property=\"og:image\" content=\"https:\/\/lasentinelle.dz\/wp-content\/uploads\/2024\/05\/agri-saharienne.jpeg\" \/>\n\t<meta property=\"og:image:width\" content=\"580\" \/>\n\t<meta property=\"og:image:height\" content=\"350\" \/>\n\t<meta property=\"og:image:type\" content=\"image\/jpeg\" \/>\n<meta name=\"author\" content=\"La Sentinelle\" \/>\n<meta name=\"twitter:card\" content=\"summary_large_image\" \/>\n<meta name=\"twitter:label1\" content=\"\u00c9crit par\" \/>\n\t<meta name=\"twitter:data1\" content=\"La Sentinelle\" \/>\n\t<meta name=\"twitter:label2\" content=\"Dur\u00e9e de lecture estim\u00e9e\" \/>\n\t<meta name=\"twitter:data2\" content=\"4 minutes\" \/>\n<script type=\"application\/ld+json\" class=\"yoast-schema-graph\">{\"@context\":\"https:\\\/\\\/schema.org\",\"@graph\":[{\"@type\":\"Article\",\"@id\":\"https:\\\/\\\/lasentinelle.dz\\\/index.php\\\/2024\\\/07\\\/08\\\/developpement-des-cultures-strategiques-de-grands-poles-agricoles-pour-garantir-la-securite-alimentaire\\\/#article\",\"isPartOf\":{\"@id\":\"https:\\\/\\\/lasentinelle.dz\\\/index.php\\\/2024\\\/07\\\/08\\\/developpement-des-cultures-strategiques-de-grands-poles-agricoles-pour-garantir-la-securite-alimentaire\\\/\"},\"author\":{\"name\":\"La Sentinelle\",\"@id\":\"https:\\\/\\\/lasentinelle.dz\\\/#\\\/schema\\\/person\\\/d865044e22e70a75174ce8bcad3acfb3\"},\"headline\":\"D\u00e9veloppement des cultures strat\u00e9giques: De grands p\u00f4les agricoles pour garantir la s\u00e9curit\u00e9 alimentaire\",\"datePublished\":\"2024-07-08T19:38:24+00:00\",\"dateModified\":\"2024-07-08T19:38:25+00:00\",\"mainEntityOfPage\":{\"@id\":\"https:\\\/\\\/lasentinelle.dz\\\/index.php\\\/2024\\\/07\\\/08\\\/developpement-des-cultures-strategiques-de-grands-poles-agricoles-pour-garantir-la-securite-alimentaire\\\/\"},\"wordCount\":697,\"commentCount\":0,\"publisher\":{\"@id\":\"https:\\\/\\\/lasentinelle.dz\\\/#organization\"},\"image\":{\"@id\":\"https:\\\/\\\/lasentinelle.dz\\\/index.php\\\/2024\\\/07\\\/08\\\/developpement-des-cultures-strategiques-de-grands-poles-agricoles-pour-garantir-la-securite-alimentaire\\\/#primaryimage\"},\"thumbnailUrl\":\"https:\\\/\\\/lasentinelle.dz\\\/wp-content\\\/uploads\\\/2024\\\/05\\\/agri-saharienne.jpeg\",\"articleSection\":[\"\u00c0 la Une\",\"\u00c9conomie\"],\"inLanguage\":\"fr-FR\",\"potentialAction\":[{\"@type\":\"CommentAction\",\"name\":\"Comment\",\"target\":[\"https:\\\/\\\/lasentinelle.dz\\\/index.php\\\/2024\\\/07\\\/08\\\/developpement-des-cultures-strategiques-de-grands-poles-agricoles-pour-garantir-la-securite-alimentaire\\\/#respond\"]}]},{\"@type\":\"WebPage\",\"@id\":\"https:\\\/\\\/lasentinelle.dz\\\/index.php\\\/2024\\\/07\\\/08\\\/developpement-des-cultures-strategiques-de-grands-poles-agricoles-pour-garantir-la-securite-alimentaire\\\/\",\"url\":\"https:\\\/\\\/lasentinelle.dz\\\/index.php\\\/2024\\\/07\\\/08\\\/developpement-des-cultures-strategiques-de-grands-poles-agricoles-pour-garantir-la-securite-alimentaire\\\/\",\"name\":\"D\u00e9veloppement des cultures strat\u00e9giques: De grands p\u00f4les agricoles pour garantir la s\u00e9curit\u00e9 alimentaire - La Sentinelle\",\"isPartOf\":{\"@id\":\"https:\\\/\\\/lasentinelle.dz\\\/#website\"},\"primaryImageOfPage\":{\"@id\":\"https:\\\/\\\/lasentinelle.dz\\\/index.php\\\/2024\\\/07\\\/08\\\/developpement-des-cultures-strategiques-de-grands-poles-agricoles-pour-garantir-la-securite-alimentaire\\\/#primaryimage\"},\"image\":{\"@id\":\"https:\\\/\\\/lasentinelle.dz\\\/index.php\\\/2024\\\/07\\\/08\\\/developpement-des-cultures-strategiques-de-grands-poles-agricoles-pour-garantir-la-securite-alimentaire\\\/#primaryimage\"},\"thumbnailUrl\":\"https:\\\/\\\/lasentinelle.dz\\\/wp-content\\\/uploads\\\/2024\\\/05\\\/agri-saharienne.jpeg\",\"datePublished\":\"2024-07-08T19:38:24+00:00\",\"dateModified\":\"2024-07-08T19:38:25+00:00\",\"breadcrumb\":{\"@id\":\"https:\\\/\\\/lasentinelle.dz\\\/index.php\\\/2024\\\/07\\\/08\\\/developpement-des-cultures-strategiques-de-grands-poles-agricoles-pour-garantir-la-securite-alimentaire\\\/#breadcrumb\"},\"inLanguage\":\"fr-FR\",\"potentialAction\":[{\"@type\":\"ReadAction\",\"target\":[\"https:\\\/\\\/lasentinelle.dz\\\/index.php\\\/2024\\\/07\\\/08\\\/developpement-des-cultures-strategiques-de-grands-poles-agricoles-pour-garantir-la-securite-alimentaire\\\/\"]}]},{\"@type\":\"ImageObject\",\"inLanguage\":\"fr-FR\",\"@id\":\"https:\\\/\\\/lasentinelle.dz\\\/index.php\\\/2024\\\/07\\\/08\\\/developpement-des-cultures-strategiques-de-grands-poles-agricoles-pour-garantir-la-securite-alimentaire\\\/#primaryimage\",\"url\":\"https:\\\/\\\/lasentinelle.dz\\\/wp-content\\\/uploads\\\/2024\\\/05\\\/agri-saharienne.jpeg\",\"contentUrl\":\"https:\\\/\\\/lasentinelle.dz\\\/wp-content\\\/uploads\\\/2024\\\/05\\\/agri-saharienne.jpeg\",\"width\":580,\"height\":350},{\"@type\":\"BreadcrumbList\",\"@id\":\"https:\\\/\\\/lasentinelle.dz\\\/index.php\\\/2024\\\/07\\\/08\\\/developpement-des-cultures-strategiques-de-grands-poles-agricoles-pour-garantir-la-securite-alimentaire\\\/#breadcrumb\",\"itemListElement\":[{\"@type\":\"ListItem\",\"position\":1,\"name\":\"Accueil\",\"item\":\"https:\\\/\\\/lasentinelle.dz\\\/\"},{\"@type\":\"ListItem\",\"position\":2,\"name\":\"D\u00e9veloppement des cultures strat\u00e9giques: De grands p\u00f4les agricoles pour garantir la s\u00e9curit\u00e9 alimentaire\"}]},{\"@type\":\"WebSite\",\"@id\":\"https:\\\/\\\/lasentinelle.dz\\\/#website\",\"url\":\"https:\\\/\\\/lasentinelle.dz\\\/\",\"name\":\"La Sentinelle\",\"description\":\"Quotidien national d&#039;information\",\"publisher\":{\"@id\":\"https:\\\/\\\/lasentinelle.dz\\\/#organization\"},\"potentialAction\":[{\"@type\":\"SearchAction\",\"target\":{\"@type\":\"EntryPoint\",\"urlTemplate\":\"https:\\\/\\\/lasentinelle.dz\\\/?s={search_term_string}\"},\"query-input\":{\"@type\":\"PropertyValueSpecification\",\"valueRequired\":true,\"valueName\":\"search_term_string\"}}],\"inLanguage\":\"fr-FR\"},{\"@type\":\"Organization\",\"@id\":\"https:\\\/\\\/lasentinelle.dz\\\/#organization\",\"name\":\"Quotidien La Sentinelle\",\"url\":\"https:\\\/\\\/lasentinelle.dz\\\/\",\"logo\":{\"@type\":\"ImageObject\",\"inLanguage\":\"fr-FR\",\"@id\":\"https:\\\/\\\/lasentinelle.dz\\\/#\\\/schema\\\/logo\\\/image\\\/\",\"url\":\"https:\\\/\\\/lasentinelle.dz\\\/wp-content\\\/uploads\\\/2021\\\/09\\\/logo-sentinelleSLOGAN-1.png\",\"contentUrl\":\"https:\\\/\\\/lasentinelle.dz\\\/wp-content\\\/uploads\\\/2021\\\/09\\\/logo-sentinelleSLOGAN-1.png\",\"width\":615,\"height\":142,\"caption\":\"Quotidien La Sentinelle\"},\"image\":{\"@id\":\"https:\\\/\\\/lasentinelle.dz\\\/#\\\/schema\\\/logo\\\/image\\\/\"},\"sameAs\":[\"https:\\\/\\\/www.facebook.com\\\/La-Sentinelle-104059864394773\"]},{\"@type\":\"Person\",\"@id\":\"https:\\\/\\\/lasentinelle.dz\\\/#\\\/schema\\\/person\\\/d865044e22e70a75174ce8bcad3acfb3\",\"name\":\"La Sentinelle\",\"image\":{\"@type\":\"ImageObject\",\"inLanguage\":\"fr-FR\",\"@id\":\"https:\\\/\\\/secure.gravatar.com\\\/avatar\\\/57de8e5d4b15d43fb361a71fbb36338450fe67865b528a43dd10ef7c51a20392?s=96&d=mm&r=g\",\"url\":\"https:\\\/\\\/secure.gravatar.com\\\/avatar\\\/57de8e5d4b15d43fb361a71fbb36338450fe67865b528a43dd10ef7c51a20392?s=96&d=mm&r=g\",\"contentUrl\":\"https:\\\/\\\/secure.gravatar.com\\\/avatar\\\/57de8e5d4b15d43fb361a71fbb36338450fe67865b528a43dd10ef7c51a20392?s=96&d=mm&r=g\",\"caption\":\"La Sentinelle\"},\"sameAs\":[\"http:\\\/\\\/www.lasentinelle.dz\"],\"url\":\"https:\\\/\\\/lasentinelle.dz\\\/author\\\/redaction\\\/\"}]}<\/script>\n<!-- \/ Yoast SEO plugin. -->","yoast_head_json":{"title":"D\u00e9veloppement des cultures strat\u00e9giques: De grands p\u00f4les agricoles pour garantir la s\u00e9curit\u00e9 alimentaire - La Sentinelle","robots":{"index":"index","follow":"follow","max-snippet":"max-snippet:-1","max-image-preview":"max-image-preview:large","max-video-preview":"max-video-preview:-1"},"canonical":"https:\/\/lasentinelle.dz\/index.php\/2024\/07\/08\/developpement-des-cultures-strategiques-de-grands-poles-agricoles-pour-garantir-la-securite-alimentaire\/","og_locale":"fr_FR","og_type":"article","og_title":"D\u00e9veloppement des cultures strat\u00e9giques: De grands p\u00f4les agricoles pour garantir la s\u00e9curit\u00e9 alimentaire - La Sentinelle","og_description":"L&rsquo;Alg\u00e9rie intensifie ses efforts pour atteindre la s\u00e9curit\u00e9 alimentaire en misant sur le d\u00e9veloppement des cultures strat\u00e9giques dans les wilayas","og_url":"https:\/\/lasentinelle.dz\/index.php\/2024\/07\/08\/developpement-des-cultures-strategiques-de-grands-poles-agricoles-pour-garantir-la-securite-alimentaire\/","og_site_name":"La Sentinelle","article_publisher":"https:\/\/www.facebook.com\/La-Sentinelle-104059864394773","article_published_time":"2024-07-08T19:38:24+00:00","article_modified_time":"2024-07-08T19:38:25+00:00","og_image":[{"width":580,"height":350,"url":"https:\/\/lasentinelle.dz\/wp-content\/uploads\/2024\/05\/agri-saharienne.jpeg","type":"image\/jpeg"}],"author":"La Sentinelle","twitter_card":"summary_large_image","twitter_misc":{"\u00c9crit par":"La Sentinelle","Dur\u00e9e de lecture estim\u00e9e":"4 minutes"},"schema":{"@context":"https:\/\/schema.org","@graph":[{"@type":"Article","@id":"https:\/\/lasentinelle.dz\/index.php\/2024\/07\/08\/developpement-des-cultures-strategiques-de-grands-poles-agricoles-pour-garantir-la-securite-alimentaire\/#article","isPartOf":{"@id":"https:\/\/lasentinelle.dz\/index.php\/2024\/07\/08\/developpement-des-cultures-strategiques-de-grands-poles-agricoles-pour-garantir-la-securite-alimentaire\/"},"author":{"name":"La Sentinelle","@id":"https:\/\/lasentinelle.dz\/#\/schema\/person\/d865044e22e70a75174ce8bcad3acfb3"},"headline":"D\u00e9veloppement des cultures strat\u00e9giques: De grands p\u00f4les agricoles pour garantir la s\u00e9curit\u00e9 alimentaire","datePublished":"2024-07-08T19:38:24+00:00","dateModified":"2024-07-08T19:38:25+00:00","mainEntityOfPage":{"@id":"https:\/\/lasentinelle.dz\/index.php\/2024\/07\/08\/developpement-des-cultures-strategiques-de-grands-poles-agricoles-pour-garantir-la-securite-alimentaire\/"},"wordCount":697,"commentCount":0,"publisher":{"@id":"https:\/\/lasentinelle.dz\/#organization"},"image":{"@id":"https:\/\/lasentinelle.dz\/index.php\/2024\/07\/08\/developpement-des-cultures-strategiques-de-grands-poles-agricoles-pour-garantir-la-securite-alimentaire\/#primaryimage"},"thumbnailUrl":"https:\/\/lasentinelle.dz\/wp-content\/uploads\/2024\/05\/agri-saharienne.jpeg","articleSection":["\u00c0 la Une","\u00c9conomie"],"inLanguage":"fr-FR","potentialAction":[{"@type":"CommentAction","name":"Comment","target":["https:\/\/lasentinelle.dz\/index.php\/2024\/07\/08\/developpement-des-cultures-strategiques-de-grands-poles-agricoles-pour-garantir-la-securite-alimentaire\/#respond"]}]},{"@type":"WebPage","@id":"https:\/\/lasentinelle.dz\/index.php\/2024\/07\/08\/developpement-des-cultures-strategiques-de-grands-poles-agricoles-pour-garantir-la-securite-alimentaire\/","url":"https:\/\/lasentinelle.dz\/index.php\/2024\/07\/08\/developpement-des-cultures-strategiques-de-grands-poles-agricoles-pour-garantir-la-securite-alimentaire\/","name":"D\u00e9veloppement des cultures strat\u00e9giques: De grands p\u00f4les agricoles pour garantir la s\u00e9curit\u00e9 alimentaire - La Sentinelle","isPartOf":{"@id":"https:\/\/lasentinelle.dz\/#website"},"primaryImageOfPage":{"@id":"https:\/\/lasentinelle.dz\/index.php\/2024\/07\/08\/developpement-des-cultures-strategiques-de-grands-poles-agricoles-pour-garantir-la-securite-alimentaire\/#primaryimage"},"image":{"@id":"https:\/\/lasentinelle.dz\/index.php\/2024\/07\/08\/developpement-des-cultures-strategiques-de-grands-poles-agricoles-pour-garantir-la-securite-alimentaire\/#primaryimage"},"thumbnailUrl":"https:\/\/lasentinelle.dz\/wp-content\/uploads\/2024\/05\/agri-saharienne.jpeg","datePublished":"2024-07-08T19:38:24+00:00","dateModified":"2024-07-08T19:38:25+00:00","breadcrumb":{"@id":"https:\/\/lasentinelle.dz\/index.php\/2024\/07\/08\/developpement-des-cultures-strategiques-de-grands-poles-agricoles-pour-garantir-la-securite-alimentaire\/#breadcrumb"},"inLanguage":"fr-FR","potentialAction":[{"@type":"ReadAction","target":["https:\/\/lasentinelle.dz\/index.php\/2024\/07\/08\/developpement-des-cultures-strategiques-de-grands-poles-agricoles-pour-garantir-la-securite-alimentaire\/"]}]},{"@type":"ImageObject","inLanguage":"fr-FR","@id":"https:\/\/lasentinelle.dz\/index.php\/2024\/07\/08\/developpement-des-cultures-strategiques-de-grands-poles-agricoles-pour-garantir-la-securite-alimentaire\/#primaryimage","url":"https:\/\/lasentinelle.dz\/wp-content\/uploads\/2024\/05\/agri-saharienne.jpeg","contentUrl":"https:\/\/lasentinelle.dz\/wp-content\/uploads\/2024\/05\/agri-saharienne.jpeg","width":580,"height":350},{"@type":"BreadcrumbList","@id":"https:\/\/lasentinelle.dz\/index.php\/2024\/07\/08\/developpement-des-cultures-strategiques-de-grands-poles-agricoles-pour-garantir-la-securite-alimentaire\/#breadcrumb","itemListElement":[{"@type":"ListItem","position":1,"name":"Accueil","item":"https:\/\/lasentinelle.dz\/"},{"@type":"ListItem","position":2,"name":"D\u00e9veloppement des cultures strat\u00e9giques: De grands p\u00f4les agricoles pour garantir la s\u00e9curit\u00e9 alimentaire"}]},{"@type":"WebSite","@id":"https:\/\/lasentinelle.dz\/#website","url":"https:\/\/lasentinelle.dz\/","name":"La Sentinelle","description":"Quotidien national d&#039;information","publisher":{"@id":"https:\/\/lasentinelle.dz\/#organization"},"potentialAction":[{"@type":"SearchAction","target":{"@type":"EntryPoint","urlTemplate":"https:\/\/lasentinelle.dz\/?s={search_term_string}"},"query-input":{"@type":"PropertyValueSpecification","valueRequired":true,"valueName":"search_term_string"}}],"inLanguage":"fr-FR"},{"@type":"Organization","@id":"https:\/\/lasentinelle.dz\/#organization","name":"Quotidien La Sentinelle","url":"https:\/\/lasentinelle.dz\/","logo":{"@type":"ImageObject","inLanguage":"fr-FR","@id":"https:\/\/lasentinelle.dz\/#\/schema\/logo\/image\/","url":"https:\/\/lasentinelle.dz\/wp-content\/uploads\/2021\/09\/logo-sentinelleSLOGAN-1.png","contentUrl":"https:\/\/lasentinelle.dz\/wp-content\/uploads\/2021\/09\/logo-sentinelleSLOGAN-1.png","width":615,"height":142,"caption":"Quotidien La Sentinelle"},"image":{"@id":"https:\/\/lasentinelle.dz\/#\/schema\/logo\/image\/"},"sameAs":["https:\/\/www.facebook.com\/La-Sentinelle-104059864394773"]},{"@type":"Person","@id":"https:\/\/lasentinelle.dz\/#\/schema\/person\/d865044e22e70a75174ce8bcad3acfb3","name":"La Sentinelle","image":{"@type":"ImageObject","inLanguage":"fr-FR","@id":"https:\/\/secure.gravatar.com\/avatar\/57de8e5d4b15d43fb361a71fbb36338450fe67865b528a43dd10ef7c51a20392?s=96&d=mm&r=g","url":"https:\/\/secure.gravatar.com\/avatar\/57de8e5d4b15d43fb361a71fbb36338450fe67865b528a43dd10ef7c51a20392?s=96&d=mm&r=g","contentUrl":"https:\/\/secure.gravatar.com\/avatar\/57de8e5d4b15d43fb361a71fbb36338450fe67865b528a43dd10ef7c51a20392?s=96&d=mm&r=g","caption":"La Sentinelle"},"sameAs":["http:\/\/www.lasentinelle.dz"],"url":"https:\/\/lasentinelle.dz\/author\/redaction\/"}]}},"_links":{"self":[{"href":"https:\/\/lasentinelle.dz\/index.php\/wp-json\/wp\/v2\/posts\/54206","targetHints":{"allow":["GET"]}}],"collection":[{"href":"https:\/\/lasentinelle.dz\/index.php\/wp-json\/wp\/v2\/posts"}],"about":[{"href":"https:\/\/lasentinelle.dz\/index.php\/wp-json\/wp\/v2\/types\/post"}],"author":[{"embeddable":true,"href":"https:\/\/lasentinelle.dz\/index.php\/wp-json\/wp\/v2\/users\/3"}],"replies":[{"embeddable":true,"href":"https:\/\/lasentinelle.dz\/index.php\/wp-json\/wp\/v2\/comments?post=54206"}],"version-history":[{"count":1,"href":"https:\/\/lasentinelle.dz\/index.php\/wp-json\/wp\/v2\/posts\/54206\/revisions"}],"predecessor-version":[{"id":54207,"href":"https:\/\/lasentinelle.dz\/index.php\/wp-json\/wp\/v2\/posts\/54206\/revisions\/54207"}],"wp:featuredmedia":[{"embeddable":true,"href":"https:\/\/lasentinelle.dz\/index.php\/wp-json\/wp\/v2\/media\/52535"}],"wp:attachment":[{"href":"https:\/\/lasentinelle.dz\/index.php\/wp-json\/wp\/v2\/media?parent=54206"}],"wp:term":[{"taxonomy":"category","embeddable":true,"href":"https:\/\/lasentinelle.dz\/index.php\/wp-json\/wp\/v2\/categories?post=54206"},{"taxonomy":"post_tag","embeddable":true,"href":"https:\/\/lasentinelle.dz\/index.php\/wp-json\/wp\/v2\/tags?post=54206"}],"curies":[{"name":"wp","href":"https:\/\/api.w.org\/{rel}","templated":true}]}}