{"id":54231,"date":"2024-07-09T20:31:53","date_gmt":"2024-07-09T19:31:53","guid":{"rendered":"https:\/\/lasentinelle.dz\/?p=54231"},"modified":"2024-07-09T20:31:54","modified_gmt":"2024-07-09T19:31:54","slug":"ligue-1-mobilis-un-mercato-estival-agite","status":"publish","type":"post","link":"https:\/\/lasentinelle.dz\/index.php\/2024\/07\/09\/ligue-1-mobilis-un-mercato-estival-agite\/","title":{"rendered":"Ligue 1 Mobilis : Un mercato estival agit\u00e9"},"content":{"rendered":"\n<p>Le march\u00e9 des transferts s&rsquo;anime en Ligue 1 Mobilis, avec plusieurs mouvements notables chez les grands clubs alg\u00e9riens.<\/p>\n\n\n\n<p>Le MC Alger, champion en titre, a frapp\u00e9 fort en recrutant le milieu de terrain Zakaria Draoui pour trois saisons. L&rsquo;ancien joueur du CR Belouizdad et du WA Casablanca apportera son exp\u00e9rience aux Mouloud\u00e9ens. Le club de la Capitale s&rsquo;est \u00e9galement enjoint les services du gardien Taoufik Moussaoui (Paradou AC). D&rsquo;autre joueurs sont annonc\u00e9s du c\u00f4t\u00e9 du Mouloudia, qui aspire \u00e0 jouer les premiers r\u00f4les lors de la prochaine \u00e9dition de la Ligue des champions. L&rsquo;attaquant ivoirien Kipr\u00e9 Tiagori Emmanuel Junior Zunon (FC Azam\/ Tanzanie) sera la troisi\u00e8me recrue. En revanche, le vieux club de la capitale a d\u00e9cid\u00e9 de se passer des services de plusieurs \u00e9l\u00e9ments, tels que Tahar Fathallah, Bardreddine Touki, Khalid Dahamni, Ammar El-Orfi, ou encore le gardien de but Oussama Litim. Le MCA a annonc\u00e9 lundi avoir prolong\u00e9 le contrat de l&rsquo;entra\u00eeneur Amir Patrice Beaumelle jusqu&rsquo;en 2025, privil\u00e9giant la stabilit\u00e9 au niveau du staff technique. L&rsquo;USM Alger a pour sa part enregistr\u00e9 l&rsquo;arriv\u00e9e du d\u00e9fenseur Lyes Chetti, de retour au pays apr\u00e8s des passages \u00e0 l&rsquo;ES Tunis, Angers et le WA Casablanca. Chetti (29 ans) signe ainsi son retour en championnat national, apr\u00e8s une exp\u00e9rience de cinq saisons \u00e0 l&rsquo;\u00e9tranger, au cours de laquelle il avait port\u00e9 les couleurs de l&rsquo;ES Tunis (Tunisie) 2019-2022, d&rsquo;Angers SCO (France) 2022-2023, et du WA Casablanca (2023-2024). Avant d&rsquo;aller monnayer son talent en dehors des fronti\u00e8res, l&rsquo;enfant d&rsquo;Annaba avait \u00e9volu\u00e9 \u00e0 l&rsquo;USM Annaba (2013-2014), \u00e0 l&rsquo;US Chaouia (2014-2017), et \u00e0 la JS Kabylie (2017-2019). Son passage r\u00e9ussi chez l&rsquo;ES Tunis lui a valu d&rsquo;\u00eatre convoqu\u00e9 chez les \u00ab\u00a0Verts\u00a0\u00bb par l&rsquo;ancien s\u00e9lectionneur national Djamel Belmadi, avant de faire partie de l&rsquo;effectif de l&rsquo;\u00e9quipe nationale A&rsquo;, sacr\u00e9e championne arabe de la FIFA 2021 au Qatar. &nbsp;Les Rouge et Noir ont \u00e9galement prolong\u00e9 plusieurs cadres comme Salim Boukhanchouche, mais devront composer avec le d\u00e9part probable de Zin\u00e9dine Bela\u00efd vers la Belgique. En revanche, le club a d\u00e9cid\u00e9 d&rsquo;accorder un bon de sortie au d\u00e9fenseur international Zin\u00e9dine Bela\u00efd, en passe de rejoindre Saint-Trond (Div.1 belge). Le club est toujours \u00e0 la recherche d&rsquo;un nouvel entra\u00eeneur, en remplacement de l&rsquo;Espagnol Juan Carlos Garrido, dont le contrat n&rsquo;a pas \u00e9t\u00e9 prolong\u00e9. Au niveau de la direction, l&rsquo;USMA a fait l&rsquo;objet d&rsquo;un changement au niveau de son staff dirigeant, avec la nomination d&rsquo;Athmane Sehbane \u00e0 la t\u00eate du Conseil d&rsquo;administration (CA) de la SSPA\/USMA, en remplacement de Kamel Hassena, d\u00e9missionnaire, alors que Sid Ali Yahiaoui a \u00e9t\u00e9 nomm\u00e9 secr\u00e9taire g\u00e9n\u00e9ral du club. Du c\u00f4t\u00e9 du CR Belouizdad, c&rsquo;est un d\u00e9part retentissant qui se profile avec la probable r\u00e9siliation du contrat de Rais M&rsquo;Bolhi. Le gardien international, arriv\u00e9 l&rsquo;\u00e9t\u00e9 dernier, n&rsquo;aura disput\u00e9 que 8 matchs avant de dispara\u00eetre des radars depuis janvier. Un \u00e9chec co\u00fbteux pour le club, vainqueur de la derni\u00e8re Coupe d&rsquo;Alg\u00e9rie. Avec ces mouvements, les \u00e9quipes de t\u00eate aff\u00fbtent leurs armes en vue de la prochaine saison, o\u00f9 la course au titre et aux places qualificatives pour les comp\u00e9titions africaines s&rsquo;annonce intense. Rappelons dans ce contexte que le MCA et le CRB sont align\u00e9s en Ligue des champions tandis que le CS Constantine et l&rsquo;USMA joueront en Coupe de la Conf\u00e9d\u00e9ration africaine. Le premier tour pr\u00e9liminaire des deux comp\u00e9titions sera entam\u00e9 le 16 ao\u00fbt prochain.<\/p>\n\n\n\n<p>Moncef Dahleb<\/p>\n","protected":false},"excerpt":{"rendered":"<p>Le march\u00e9 des transferts s&rsquo;anime en Ligue 1 Mobilis, avec plusieurs mouvements notables chez les grands clubs alg\u00e9riens. Le MC<\/p>\n","protected":false},"author":3,"featured_media":54232,"comment_status":"open","ping_status":"closed","sticky":false,"template":"","format":"standard","meta":{"colormag_page_container_layout":"default_layout","colormag_page_sidebar_layout":"default_layout","om_disable_all_campaigns":false,"_monsterinsights_skip_tracking":false,"_monsterinsights_sitenote_active":false,"_monsterinsights_sitenote_note":"","_monsterinsights_sitenote_category":0,"footnotes":"","_wpscppro_dont_share_socialmedia":false,"_wpscppro_custom_social_share_image":0,"_facebook_share_type":"default","_twitter_share_type":"default","_linkedin_share_type":"default","_pinterest_share_type":"default","_linkedin_share_type_page":"","_instagram_share_type":"default","_medium_share_type":"","_threads_share_type":"","_google_business_share_type":"","_selected_social_profile":[],"_wpsp_enable_custom_social_template":false,"_wpsp_social_scheduling":{"enabled":false,"datetime":null,"platforms":[],"status":"template_only","dateOption":"today","timeOption":"now","customDays":"","customHours":"","customDate":"","customTime":"","schedulingType":"absolute"},"_wpsp_active_default_template":true},"categories":[52,33],"tags":[],"class_list":["post-54231","post","type-post","status-publish","format-standard","has-post-thumbnail","hentry","category-a-la-une","category-sports"],"aioseo_notices":[],"yoast_head":"<!-- This site is optimized with the Yoast SEO plugin v27.5 - https:\/\/yoast.com\/product\/yoast-seo-wordpress\/ -->\n<title>Ligue 1 Mobilis : Un mercato estival agit\u00e9 - La Sentinelle<\/title>\n<meta name=\"robots\" content=\"index, follow, max-snippet:-1, max-image-preview:large, max-video-preview:-1\" \/>\n<link rel=\"canonical\" href=\"https:\/\/lasentinelle.dz\/index.php\/2024\/07\/09\/ligue-1-mobilis-un-mercato-estival-agite\/\" \/>\n<meta property=\"og:locale\" content=\"fr_FR\" \/>\n<meta property=\"og:type\" content=\"article\" \/>\n<meta property=\"og:title\" content=\"Ligue 1 Mobilis : Un mercato estival agit\u00e9 - La Sentinelle\" \/>\n<meta property=\"og:description\" content=\"Le march\u00e9 des transferts s&rsquo;anime en Ligue 1 Mobilis, avec plusieurs mouvements notables chez les grands clubs alg\u00e9riens. Le MC\" \/>\n<meta property=\"og:url\" content=\"https:\/\/lasentinelle.dz\/index.php\/2024\/07\/09\/ligue-1-mobilis-un-mercato-estival-agite\/\" \/>\n<meta property=\"og:site_name\" content=\"La Sentinelle\" \/>\n<meta property=\"article:publisher\" content=\"https:\/\/www.facebook.com\/La-Sentinelle-104059864394773\" \/>\n<meta property=\"article:published_time\" content=\"2024-07-09T19:31:53+00:00\" \/>\n<meta property=\"article:modified_time\" content=\"2024-07-09T19:31:54+00:00\" \/>\n<meta property=\"og:image\" content=\"https:\/\/lasentinelle.dz\/wp-content\/uploads\/2024\/07\/MCA.jpeg\" \/>\n\t<meta property=\"og:image:width\" content=\"1418\" \/>\n\t<meta property=\"og:image:height\" content=\"769\" \/>\n\t<meta property=\"og:image:type\" content=\"image\/jpeg\" \/>\n<meta name=\"author\" content=\"La Sentinelle\" \/>\n<meta name=\"twitter:card\" content=\"summary_large_image\" \/>\n<meta name=\"twitter:label1\" content=\"\u00c9crit par\" \/>\n\t<meta name=\"twitter:data1\" content=\"La Sentinelle\" \/>\n\t<meta name=\"twitter:label2\" content=\"Dur\u00e9e de lecture estim\u00e9e\" \/>\n\t<meta name=\"twitter:data2\" content=\"4 minutes\" \/>\n<script type=\"application\/ld+json\" class=\"yoast-schema-graph\">{\"@context\":\"https:\\\/\\\/schema.org\",\"@graph\":[{\"@type\":\"Article\",\"@id\":\"https:\\\/\\\/lasentinelle.dz\\\/index.php\\\/2024\\\/07\\\/09\\\/ligue-1-mobilis-un-mercato-estival-agite\\\/#article\",\"isPartOf\":{\"@id\":\"https:\\\/\\\/lasentinelle.dz\\\/index.php\\\/2024\\\/07\\\/09\\\/ligue-1-mobilis-un-mercato-estival-agite\\\/\"},\"author\":{\"name\":\"La Sentinelle\",\"@id\":\"https:\\\/\\\/lasentinelle.dz\\\/#\\\/schema\\\/person\\\/d865044e22e70a75174ce8bcad3acfb3\"},\"headline\":\"Ligue 1 Mobilis : Un mercato estival agit\u00e9\",\"datePublished\":\"2024-07-09T19:31:53+00:00\",\"dateModified\":\"2024-07-09T19:31:54+00:00\",\"mainEntityOfPage\":{\"@id\":\"https:\\\/\\\/lasentinelle.dz\\\/index.php\\\/2024\\\/07\\\/09\\\/ligue-1-mobilis-un-mercato-estival-agite\\\/\"},\"wordCount\":632,\"commentCount\":0,\"publisher\":{\"@id\":\"https:\\\/\\\/lasentinelle.dz\\\/#organization\"},\"image\":{\"@id\":\"https:\\\/\\\/lasentinelle.dz\\\/index.php\\\/2024\\\/07\\\/09\\\/ligue-1-mobilis-un-mercato-estival-agite\\\/#primaryimage\"},\"thumbnailUrl\":\"https:\\\/\\\/lasentinelle.dz\\\/wp-content\\\/uploads\\\/2024\\\/07\\\/MCA.jpeg\",\"articleSection\":[\"\u00c0 la Une\",\"Sports\"],\"inLanguage\":\"fr-FR\",\"potentialAction\":[{\"@type\":\"CommentAction\",\"name\":\"Comment\",\"target\":[\"https:\\\/\\\/lasentinelle.dz\\\/index.php\\\/2024\\\/07\\\/09\\\/ligue-1-mobilis-un-mercato-estival-agite\\\/#respond\"]}]},{\"@type\":\"WebPage\",\"@id\":\"https:\\\/\\\/lasentinelle.dz\\\/index.php\\\/2024\\\/07\\\/09\\\/ligue-1-mobilis-un-mercato-estival-agite\\\/\",\"url\":\"https:\\\/\\\/lasentinelle.dz\\\/index.php\\\/2024\\\/07\\\/09\\\/ligue-1-mobilis-un-mercato-estival-agite\\\/\",\"name\":\"Ligue 1 Mobilis : Un mercato estival agit\u00e9 - La Sentinelle\",\"isPartOf\":{\"@id\":\"https:\\\/\\\/lasentinelle.dz\\\/#website\"},\"primaryImageOfPage\":{\"@id\":\"https:\\\/\\\/lasentinelle.dz\\\/index.php\\\/2024\\\/07\\\/09\\\/ligue-1-mobilis-un-mercato-estival-agite\\\/#primaryimage\"},\"image\":{\"@id\":\"https:\\\/\\\/lasentinelle.dz\\\/index.php\\\/2024\\\/07\\\/09\\\/ligue-1-mobilis-un-mercato-estival-agite\\\/#primaryimage\"},\"thumbnailUrl\":\"https:\\\/\\\/lasentinelle.dz\\\/wp-content\\\/uploads\\\/2024\\\/07\\\/MCA.jpeg\",\"datePublished\":\"2024-07-09T19:31:53+00:00\",\"dateModified\":\"2024-07-09T19:31:54+00:00\",\"breadcrumb\":{\"@id\":\"https:\\\/\\\/lasentinelle.dz\\\/index.php\\\/2024\\\/07\\\/09\\\/ligue-1-mobilis-un-mercato-estival-agite\\\/#breadcrumb\"},\"inLanguage\":\"fr-FR\",\"potentialAction\":[{\"@type\":\"ReadAction\",\"target\":[\"https:\\\/\\\/lasentinelle.dz\\\/index.php\\\/2024\\\/07\\\/09\\\/ligue-1-mobilis-un-mercato-estival-agite\\\/\"]}]},{\"@type\":\"ImageObject\",\"inLanguage\":\"fr-FR\",\"@id\":\"https:\\\/\\\/lasentinelle.dz\\\/index.php\\\/2024\\\/07\\\/09\\\/ligue-1-mobilis-un-mercato-estival-agite\\\/#primaryimage\",\"url\":\"https:\\\/\\\/lasentinelle.dz\\\/wp-content\\\/uploads\\\/2024\\\/07\\\/MCA.jpeg\",\"contentUrl\":\"https:\\\/\\\/lasentinelle.dz\\\/wp-content\\\/uploads\\\/2024\\\/07\\\/MCA.jpeg\",\"width\":1418,\"height\":769},{\"@type\":\"BreadcrumbList\",\"@id\":\"https:\\\/\\\/lasentinelle.dz\\\/index.php\\\/2024\\\/07\\\/09\\\/ligue-1-mobilis-un-mercato-estival-agite\\\/#breadcrumb\",\"itemListElement\":[{\"@type\":\"ListItem\",\"position\":1,\"name\":\"Accueil\",\"item\":\"https:\\\/\\\/lasentinelle.dz\\\/\"},{\"@type\":\"ListItem\",\"position\":2,\"name\":\"Ligue 1 Mobilis : Un mercato estival agit\u00e9\"}]},{\"@type\":\"WebSite\",\"@id\":\"https:\\\/\\\/lasentinelle.dz\\\/#website\",\"url\":\"https:\\\/\\\/lasentinelle.dz\\\/\",\"name\":\"La Sentinelle\",\"description\":\"Quotidien national d&#039;information\",\"publisher\":{\"@id\":\"https:\\\/\\\/lasentinelle.dz\\\/#organization\"},\"potentialAction\":[{\"@type\":\"SearchAction\",\"target\":{\"@type\":\"EntryPoint\",\"urlTemplate\":\"https:\\\/\\\/lasentinelle.dz\\\/?s={search_term_string}\"},\"query-input\":{\"@type\":\"PropertyValueSpecification\",\"valueRequired\":true,\"valueName\":\"search_term_string\"}}],\"inLanguage\":\"fr-FR\"},{\"@type\":\"Organization\",\"@id\":\"https:\\\/\\\/lasentinelle.dz\\\/#organization\",\"name\":\"Quotidien La Sentinelle\",\"url\":\"https:\\\/\\\/lasentinelle.dz\\\/\",\"logo\":{\"@type\":\"ImageObject\",\"inLanguage\":\"fr-FR\",\"@id\":\"https:\\\/\\\/lasentinelle.dz\\\/#\\\/schema\\\/logo\\\/image\\\/\",\"url\":\"https:\\\/\\\/lasentinelle.dz\\\/wp-content\\\/uploads\\\/2021\\\/09\\\/logo-sentinelleSLOGAN-1.png\",\"contentUrl\":\"https:\\\/\\\/lasentinelle.dz\\\/wp-content\\\/uploads\\\/2021\\\/09\\\/logo-sentinelleSLOGAN-1.png\",\"width\":615,\"height\":142,\"caption\":\"Quotidien La Sentinelle\"},\"image\":{\"@id\":\"https:\\\/\\\/lasentinelle.dz\\\/#\\\/schema\\\/logo\\\/image\\\/\"},\"sameAs\":[\"https:\\\/\\\/www.facebook.com\\\/La-Sentinelle-104059864394773\"]},{\"@type\":\"Person\",\"@id\":\"https:\\\/\\\/lasentinelle.dz\\\/#\\\/schema\\\/person\\\/d865044e22e70a75174ce8bcad3acfb3\",\"name\":\"La Sentinelle\",\"image\":{\"@type\":\"ImageObject\",\"inLanguage\":\"fr-FR\",\"@id\":\"https:\\\/\\\/secure.gravatar.com\\\/avatar\\\/57de8e5d4b15d43fb361a71fbb36338450fe67865b528a43dd10ef7c51a20392?s=96&d=mm&r=g\",\"url\":\"https:\\\/\\\/secure.gravatar.com\\\/avatar\\\/57de8e5d4b15d43fb361a71fbb36338450fe67865b528a43dd10ef7c51a20392?s=96&d=mm&r=g\",\"contentUrl\":\"https:\\\/\\\/secure.gravatar.com\\\/avatar\\\/57de8e5d4b15d43fb361a71fbb36338450fe67865b528a43dd10ef7c51a20392?s=96&d=mm&r=g\",\"caption\":\"La Sentinelle\"},\"sameAs\":[\"http:\\\/\\\/www.lasentinelle.dz\"],\"url\":\"https:\\\/\\\/lasentinelle.dz\\\/author\\\/redaction\\\/\"}]}<\/script>\n<!-- \/ Yoast SEO plugin. -->","yoast_head_json":{"title":"Ligue 1 Mobilis : Un mercato estival agit\u00e9 - La Sentinelle","robots":{"index":"index","follow":"follow","max-snippet":"max-snippet:-1","max-image-preview":"max-image-preview:large","max-video-preview":"max-video-preview:-1"},"canonical":"https:\/\/lasentinelle.dz\/index.php\/2024\/07\/09\/ligue-1-mobilis-un-mercato-estival-agite\/","og_locale":"fr_FR","og_type":"article","og_title":"Ligue 1 Mobilis : Un mercato estival agit\u00e9 - La Sentinelle","og_description":"Le march\u00e9 des transferts s&rsquo;anime en Ligue 1 Mobilis, avec plusieurs mouvements notables chez les grands clubs alg\u00e9riens. Le MC","og_url":"https:\/\/lasentinelle.dz\/index.php\/2024\/07\/09\/ligue-1-mobilis-un-mercato-estival-agite\/","og_site_name":"La Sentinelle","article_publisher":"https:\/\/www.facebook.com\/La-Sentinelle-104059864394773","article_published_time":"2024-07-09T19:31:53+00:00","article_modified_time":"2024-07-09T19:31:54+00:00","og_image":[{"width":1418,"height":769,"url":"https:\/\/lasentinelle.dz\/wp-content\/uploads\/2024\/07\/MCA.jpeg","type":"image\/jpeg"}],"author":"La Sentinelle","twitter_card":"summary_large_image","twitter_misc":{"\u00c9crit par":"La Sentinelle","Dur\u00e9e de lecture estim\u00e9e":"4 minutes"},"schema":{"@context":"https:\/\/schema.org","@graph":[{"@type":"Article","@id":"https:\/\/lasentinelle.dz\/index.php\/2024\/07\/09\/ligue-1-mobilis-un-mercato-estival-agite\/#article","isPartOf":{"@id":"https:\/\/lasentinelle.dz\/index.php\/2024\/07\/09\/ligue-1-mobilis-un-mercato-estival-agite\/"},"author":{"name":"La Sentinelle","@id":"https:\/\/lasentinelle.dz\/#\/schema\/person\/d865044e22e70a75174ce8bcad3acfb3"},"headline":"Ligue 1 Mobilis : Un mercato estival agit\u00e9","datePublished":"2024-07-09T19:31:53+00:00","dateModified":"2024-07-09T19:31:54+00:00","mainEntityOfPage":{"@id":"https:\/\/lasentinelle.dz\/index.php\/2024\/07\/09\/ligue-1-mobilis-un-mercato-estival-agite\/"},"wordCount":632,"commentCount":0,"publisher":{"@id":"https:\/\/lasentinelle.dz\/#organization"},"image":{"@id":"https:\/\/lasentinelle.dz\/index.php\/2024\/07\/09\/ligue-1-mobilis-un-mercato-estival-agite\/#primaryimage"},"thumbnailUrl":"https:\/\/lasentinelle.dz\/wp-content\/uploads\/2024\/07\/MCA.jpeg","articleSection":["\u00c0 la Une","Sports"],"inLanguage":"fr-FR","potentialAction":[{"@type":"CommentAction","name":"Comment","target":["https:\/\/lasentinelle.dz\/index.php\/2024\/07\/09\/ligue-1-mobilis-un-mercato-estival-agite\/#respond"]}]},{"@type":"WebPage","@id":"https:\/\/lasentinelle.dz\/index.php\/2024\/07\/09\/ligue-1-mobilis-un-mercato-estival-agite\/","url":"https:\/\/lasentinelle.dz\/index.php\/2024\/07\/09\/ligue-1-mobilis-un-mercato-estival-agite\/","name":"Ligue 1 Mobilis : Un mercato estival agit\u00e9 - La Sentinelle","isPartOf":{"@id":"https:\/\/lasentinelle.dz\/#website"},"primaryImageOfPage":{"@id":"https:\/\/lasentinelle.dz\/index.php\/2024\/07\/09\/ligue-1-mobilis-un-mercato-estival-agite\/#primaryimage"},"image":{"@id":"https:\/\/lasentinelle.dz\/index.php\/2024\/07\/09\/ligue-1-mobilis-un-mercato-estival-agite\/#primaryimage"},"thumbnailUrl":"https:\/\/lasentinelle.dz\/wp-content\/uploads\/2024\/07\/MCA.jpeg","datePublished":"2024-07-09T19:31:53+00:00","dateModified":"2024-07-09T19:31:54+00:00","breadcrumb":{"@id":"https:\/\/lasentinelle.dz\/index.php\/2024\/07\/09\/ligue-1-mobilis-un-mercato-estival-agite\/#breadcrumb"},"inLanguage":"fr-FR","potentialAction":[{"@type":"ReadAction","target":["https:\/\/lasentinelle.dz\/index.php\/2024\/07\/09\/ligue-1-mobilis-un-mercato-estival-agite\/"]}]},{"@type":"ImageObject","inLanguage":"fr-FR","@id":"https:\/\/lasentinelle.dz\/index.php\/2024\/07\/09\/ligue-1-mobilis-un-mercato-estival-agite\/#primaryimage","url":"https:\/\/lasentinelle.dz\/wp-content\/uploads\/2024\/07\/MCA.jpeg","contentUrl":"https:\/\/lasentinelle.dz\/wp-content\/uploads\/2024\/07\/MCA.jpeg","width":1418,"height":769},{"@type":"BreadcrumbList","@id":"https:\/\/lasentinelle.dz\/index.php\/2024\/07\/09\/ligue-1-mobilis-un-mercato-estival-agite\/#breadcrumb","itemListElement":[{"@type":"ListItem","position":1,"name":"Accueil","item":"https:\/\/lasentinelle.dz\/"},{"@type":"ListItem","position":2,"name":"Ligue 1 Mobilis : Un mercato estival agit\u00e9"}]},{"@type":"WebSite","@id":"https:\/\/lasentinelle.dz\/#website","url":"https:\/\/lasentinelle.dz\/","name":"La Sentinelle","description":"Quotidien national d&#039;information","publisher":{"@id":"https:\/\/lasentinelle.dz\/#organization"},"potentialAction":[{"@type":"SearchAction","target":{"@type":"EntryPoint","urlTemplate":"https:\/\/lasentinelle.dz\/?s={search_term_string}"},"query-input":{"@type":"PropertyValueSpecification","valueRequired":true,"valueName":"search_term_string"}}],"inLanguage":"fr-FR"},{"@type":"Organization","@id":"https:\/\/lasentinelle.dz\/#organization","name":"Quotidien La Sentinelle","url":"https:\/\/lasentinelle.dz\/","logo":{"@type":"ImageObject","inLanguage":"fr-FR","@id":"https:\/\/lasentinelle.dz\/#\/schema\/logo\/image\/","url":"https:\/\/lasentinelle.dz\/wp-content\/uploads\/2021\/09\/logo-sentinelleSLOGAN-1.png","contentUrl":"https:\/\/lasentinelle.dz\/wp-content\/uploads\/2021\/09\/logo-sentinelleSLOGAN-1.png","width":615,"height":142,"caption":"Quotidien La Sentinelle"},"image":{"@id":"https:\/\/lasentinelle.dz\/#\/schema\/logo\/image\/"},"sameAs":["https:\/\/www.facebook.com\/La-Sentinelle-104059864394773"]},{"@type":"Person","@id":"https:\/\/lasentinelle.dz\/#\/schema\/person\/d865044e22e70a75174ce8bcad3acfb3","name":"La Sentinelle","image":{"@type":"ImageObject","inLanguage":"fr-FR","@id":"https:\/\/secure.gravatar.com\/avatar\/57de8e5d4b15d43fb361a71fbb36338450fe67865b528a43dd10ef7c51a20392?s=96&d=mm&r=g","url":"https:\/\/secure.gravatar.com\/avatar\/57de8e5d4b15d43fb361a71fbb36338450fe67865b528a43dd10ef7c51a20392?s=96&d=mm&r=g","contentUrl":"https:\/\/secure.gravatar.com\/avatar\/57de8e5d4b15d43fb361a71fbb36338450fe67865b528a43dd10ef7c51a20392?s=96&d=mm&r=g","caption":"La Sentinelle"},"sameAs":["http:\/\/www.lasentinelle.dz"],"url":"https:\/\/lasentinelle.dz\/author\/redaction\/"}]}},"_links":{"self":[{"href":"https:\/\/lasentinelle.dz\/index.php\/wp-json\/wp\/v2\/posts\/54231","targetHints":{"allow":["GET"]}}],"collection":[{"href":"https:\/\/lasentinelle.dz\/index.php\/wp-json\/wp\/v2\/posts"}],"about":[{"href":"https:\/\/lasentinelle.dz\/index.php\/wp-json\/wp\/v2\/types\/post"}],"author":[{"embeddable":true,"href":"https:\/\/lasentinelle.dz\/index.php\/wp-json\/wp\/v2\/users\/3"}],"replies":[{"embeddable":true,"href":"https:\/\/lasentinelle.dz\/index.php\/wp-json\/wp\/v2\/comments?post=54231"}],"version-history":[{"count":1,"href":"https:\/\/lasentinelle.dz\/index.php\/wp-json\/wp\/v2\/posts\/54231\/revisions"}],"predecessor-version":[{"id":54233,"href":"https:\/\/lasentinelle.dz\/index.php\/wp-json\/wp\/v2\/posts\/54231\/revisions\/54233"}],"wp:featuredmedia":[{"embeddable":true,"href":"https:\/\/lasentinelle.dz\/index.php\/wp-json\/wp\/v2\/media\/54232"}],"wp:attachment":[{"href":"https:\/\/lasentinelle.dz\/index.php\/wp-json\/wp\/v2\/media?parent=54231"}],"wp:term":[{"taxonomy":"category","embeddable":true,"href":"https:\/\/lasentinelle.dz\/index.php\/wp-json\/wp\/v2\/categories?post=54231"},{"taxonomy":"post_tag","embeddable":true,"href":"https:\/\/lasentinelle.dz\/index.php\/wp-json\/wp\/v2\/tags?post=54231"}],"curies":[{"name":"wp","href":"https:\/\/api.w.org\/{rel}","templated":true}]}}