{"id":54395,"date":"2024-07-13T19:55:34","date_gmt":"2024-07-13T18:55:34","guid":{"rendered":"https:\/\/lasentinelle.dz\/?p=54395"},"modified":"2024-07-13T19:55:35","modified_gmt":"2024-07-13T18:55:35","slug":"hausse-remarquable-de-lesperance-de-vie-en-algerie","status":"publish","type":"post","link":"https:\/\/lasentinelle.dz\/index.php\/2024\/07\/13\/hausse-remarquable-de-lesperance-de-vie-en-algerie\/","title":{"rendered":"Hausse remarquable de l&rsquo;esp\u00e9rance de vie en Alg\u00e9rie"},"content":{"rendered":"\n<p>L&rsquo;Alg\u00e9rie a connu une hausse remarquable de l&rsquo;esp\u00e9rance de vie en 2023, gr\u00e2ce aux efforts d\u00e9ploy\u00e9s par les autorit\u00e9s publiques pour am\u00e9liorer le bien-\u00eatre de la population. A cet effet, les derniers chiffres de l&rsquo;Office national des statistiques (ONS) font ressortir une nette am\u00e9lioration de plusieurs indicateurs li\u00e9s au cadre de vie, notamment le niveau de l&rsquo;esp\u00e9rance de vie en Alg\u00e9rie qui a atteint 79,6 ans au cours des quatre derni\u00e8res ann\u00e9es (2020-2023). Cette progression met en lumi\u00e8re les efforts d\u00e9ploy\u00e9s par l&rsquo;Etat afin d&rsquo;am\u00e9liorer le bien-\u00eatre de sa population, notamment ces derni\u00e8res ann\u00e9es qui ont vu les autorit\u00e9s mettre en place une politique ambitieuse visant \u00e0 renforcer et consolider le syst\u00e8me sanitaire du pays, ainsi qu&rsquo;aux facteurs de d\u00e9veloppent global. Ce syst\u00e8me qui s&rsquo;articule autour de plusieurs axes majeurs, s&rsquo;appuie plus particuli\u00e8rement sur la num\u00e9risation, la r\u00e9alisation de nouvelles infrastructures hospitali\u00e8res et la modernisation des \u00e9quipements m\u00e9dicaux. A cela, s&rsquo;ajoutent les projets r\u00e9alis\u00e9s dans le cadre de la concr\u00e9tisation des engagements du pr\u00e9sident de la R\u00e9publique, M. Abdelmadjid Tebboune, li\u00e9s au domaine de la sant\u00e9, telles que la pr\u00e9vention et la lutte contre les maladies transmissibles, la prise en charge sanitaire, l&rsquo;\u00e9laboration d&rsquo;un guide de travail sur la sant\u00e9 de la m\u00e8re et de l&rsquo;enfant. Le taux de mortalit\u00e9 infantile a consid\u00e9rablement diminu\u00e9 ces derni\u00e8res ann\u00e9es, gr\u00e2ce \u00e0 l&rsquo;am\u00e9lioration des soins maternels et infantiles. Il s&rsquo;agit aussi de programmes nationaux de pr\u00e9vention et de prise en charge des maladies chroniques comme le diab\u00e8te et l&rsquo;hypertension art\u00e9rielle. Dans le domaine des m\u00e9dicaments, l&rsquo;ann\u00e9e 2023 n&rsquo;a pas connu de p\u00e9nuries majeures, alors que la g\u00e9n\u00e9ralisation de la couverture sanitaire compl\u00e9mentaire a permis \u00e0 une frange plus large de la population d&rsquo;acc\u00e9der \u00e0 des soins de qualit\u00e9. L&rsquo;am\u00e9lioration de l&rsquo;esp\u00e9rance de vie en Alg\u00e9rie est une nouvelle illustration des progr\u00e8s socio-\u00e9conomiques r\u00e9alis\u00e9s par le pays et devrait se poursuivre dans les ann\u00e9es \u00e0 venir, selon les estimations, gr\u00e2ce \u00e0 la volont\u00e9 politique affich\u00e9e et aux investissements importants consentis par les pouvoirs publics. La r\u00e9forme budg\u00e9taire lanc\u00e9e il y a plus d&rsquo;une ann\u00e9e, a consacr\u00e9, quant \u00e0 elle, un changement radical dans la gestion des finances et du budget de l&rsquo;Etat, en ce sens qu&rsquo;elle est bas\u00e9e sur l&rsquo;efficacit\u00e9 et la transparence de la gestion des donn\u00e9es financi\u00e8res. A cet effet, la Loi de finances 2024 est venue concr\u00e9tiser le caract\u00e8re social de l&rsquo;Etat, notamment \u00e0 travers l&rsquo;am\u00e9lioration du pouvoir d&rsquo;achat des citoyens par la revalorisation des salaires des fonctionnaires et l&rsquo;augmentation de la valeur des d\u00e9penses des transferts qui ont atteint 4.208 milliards de dinars. Ainsi, la valeur des transferts sociaux, \u00e0 savoir les allocations, pensions et aides octroy\u00e9es par l&rsquo;Etat est pass\u00e9e de 1.900 milliards de DA en 2020 \u00e0 2.900 milliards de DA au titre de l&rsquo;ann\u00e9e en cours avec 704 milliards de DA allou\u00e9s \u00e0 la subvention des produits de base de large consommation.<\/p>\n\n\n\n<p>APS<\/p>\n","protected":false},"excerpt":{"rendered":"<p>L&rsquo;Alg\u00e9rie a connu une hausse remarquable de l&rsquo;esp\u00e9rance de vie en 2023, gr\u00e2ce aux efforts d\u00e9ploy\u00e9s par les autorit\u00e9s publiques<\/p>\n","protected":false},"author":3,"featured_media":44597,"comment_status":"open","ping_status":"closed","sticky":false,"template":"","format":"standard","meta":{"colormag_page_container_layout":"default_layout","colormag_page_sidebar_layout":"default_layout","om_disable_all_campaigns":false,"_monsterinsights_skip_tracking":false,"_monsterinsights_sitenote_active":false,"_monsterinsights_sitenote_note":"","_monsterinsights_sitenote_category":0,"footnotes":"","_wpscppro_dont_share_socialmedia":false,"_wpscppro_custom_social_share_image":0,"_facebook_share_type":"default","_twitter_share_type":"default","_linkedin_share_type":"default","_pinterest_share_type":"default","_linkedin_share_type_page":"","_instagram_share_type":"default","_medium_share_type":"","_threads_share_type":"","_google_business_share_type":"","_selected_social_profile":[],"_wpsp_enable_custom_social_template":false,"_wpsp_social_scheduling":{"enabled":false,"datetime":null,"platforms":[],"status":"template_only","dateOption":"today","timeOption":"now","customDays":"","customHours":"","customDate":"","customTime":"","schedulingType":"absolute"},"_wpsp_active_default_template":true},"categories":[27],"tags":[],"class_list":["post-54395","post","type-post","status-publish","format-standard","has-post-thumbnail","hentry","category-actualite"],"aioseo_notices":[],"yoast_head":"<!-- This site is optimized with the Yoast SEO plugin v27.5 - https:\/\/yoast.com\/product\/yoast-seo-wordpress\/ -->\n<title>Hausse remarquable de l&rsquo;esp\u00e9rance de vie en Alg\u00e9rie - La Sentinelle<\/title>\n<meta name=\"robots\" content=\"index, follow, max-snippet:-1, max-image-preview:large, max-video-preview:-1\" \/>\n<link rel=\"canonical\" href=\"https:\/\/lasentinelle.dz\/index.php\/2024\/07\/13\/hausse-remarquable-de-lesperance-de-vie-en-algerie\/\" \/>\n<meta property=\"og:locale\" content=\"fr_FR\" \/>\n<meta property=\"og:type\" content=\"article\" \/>\n<meta property=\"og:title\" content=\"Hausse remarquable de l&rsquo;esp\u00e9rance de vie en Alg\u00e9rie - La Sentinelle\" \/>\n<meta property=\"og:description\" content=\"L&rsquo;Alg\u00e9rie a connu une hausse remarquable de l&rsquo;esp\u00e9rance de vie en 2023, gr\u00e2ce aux efforts d\u00e9ploy\u00e9s par les autorit\u00e9s publiques\" \/>\n<meta property=\"og:url\" content=\"https:\/\/lasentinelle.dz\/index.php\/2024\/07\/13\/hausse-remarquable-de-lesperance-de-vie-en-algerie\/\" \/>\n<meta property=\"og:site_name\" content=\"La Sentinelle\" \/>\n<meta property=\"article:publisher\" content=\"https:\/\/www.facebook.com\/La-Sentinelle-104059864394773\" \/>\n<meta property=\"article:published_time\" content=\"2024-07-13T18:55:34+00:00\" \/>\n<meta property=\"article:modified_time\" content=\"2024-07-13T18:55:35+00:00\" \/>\n<meta property=\"og:image\" content=\"https:\/\/lasentinelle.dz\/wp-content\/uploads\/2023\/08\/algerie-population.jpeg\" \/>\n\t<meta property=\"og:image:width\" content=\"745\" \/>\n\t<meta property=\"og:image:height\" content=\"470\" \/>\n\t<meta property=\"og:image:type\" content=\"image\/jpeg\" \/>\n<meta name=\"author\" content=\"La Sentinelle\" \/>\n<meta name=\"twitter:card\" content=\"summary_large_image\" \/>\n<meta name=\"twitter:label1\" content=\"\u00c9crit par\" \/>\n\t<meta name=\"twitter:data1\" content=\"La Sentinelle\" \/>\n\t<meta name=\"twitter:label2\" content=\"Dur\u00e9e de lecture estim\u00e9e\" \/>\n\t<meta name=\"twitter:data2\" content=\"3 minutes\" \/>\n<script type=\"application\/ld+json\" class=\"yoast-schema-graph\">{\"@context\":\"https:\\\/\\\/schema.org\",\"@graph\":[{\"@type\":\"Article\",\"@id\":\"https:\\\/\\\/lasentinelle.dz\\\/index.php\\\/2024\\\/07\\\/13\\\/hausse-remarquable-de-lesperance-de-vie-en-algerie\\\/#article\",\"isPartOf\":{\"@id\":\"https:\\\/\\\/lasentinelle.dz\\\/index.php\\\/2024\\\/07\\\/13\\\/hausse-remarquable-de-lesperance-de-vie-en-algerie\\\/\"},\"author\":{\"name\":\"La Sentinelle\",\"@id\":\"https:\\\/\\\/lasentinelle.dz\\\/#\\\/schema\\\/person\\\/d865044e22e70a75174ce8bcad3acfb3\"},\"headline\":\"Hausse remarquable de l&rsquo;esp\u00e9rance de vie en Alg\u00e9rie\",\"datePublished\":\"2024-07-13T18:55:34+00:00\",\"dateModified\":\"2024-07-13T18:55:35+00:00\",\"mainEntityOfPage\":{\"@id\":\"https:\\\/\\\/lasentinelle.dz\\\/index.php\\\/2024\\\/07\\\/13\\\/hausse-remarquable-de-lesperance-de-vie-en-algerie\\\/\"},\"wordCount\":577,\"commentCount\":0,\"publisher\":{\"@id\":\"https:\\\/\\\/lasentinelle.dz\\\/#organization\"},\"image\":{\"@id\":\"https:\\\/\\\/lasentinelle.dz\\\/index.php\\\/2024\\\/07\\\/13\\\/hausse-remarquable-de-lesperance-de-vie-en-algerie\\\/#primaryimage\"},\"thumbnailUrl\":\"https:\\\/\\\/lasentinelle.dz\\\/wp-content\\\/uploads\\\/2023\\\/08\\\/algerie-population.jpeg\",\"articleSection\":[\"Actualit\u00e9\"],\"inLanguage\":\"fr-FR\",\"potentialAction\":[{\"@type\":\"CommentAction\",\"name\":\"Comment\",\"target\":[\"https:\\\/\\\/lasentinelle.dz\\\/index.php\\\/2024\\\/07\\\/13\\\/hausse-remarquable-de-lesperance-de-vie-en-algerie\\\/#respond\"]}]},{\"@type\":\"WebPage\",\"@id\":\"https:\\\/\\\/lasentinelle.dz\\\/index.php\\\/2024\\\/07\\\/13\\\/hausse-remarquable-de-lesperance-de-vie-en-algerie\\\/\",\"url\":\"https:\\\/\\\/lasentinelle.dz\\\/index.php\\\/2024\\\/07\\\/13\\\/hausse-remarquable-de-lesperance-de-vie-en-algerie\\\/\",\"name\":\"Hausse remarquable de l&rsquo;esp\u00e9rance de vie en Alg\u00e9rie - La Sentinelle\",\"isPartOf\":{\"@id\":\"https:\\\/\\\/lasentinelle.dz\\\/#website\"},\"primaryImageOfPage\":{\"@id\":\"https:\\\/\\\/lasentinelle.dz\\\/index.php\\\/2024\\\/07\\\/13\\\/hausse-remarquable-de-lesperance-de-vie-en-algerie\\\/#primaryimage\"},\"image\":{\"@id\":\"https:\\\/\\\/lasentinelle.dz\\\/index.php\\\/2024\\\/07\\\/13\\\/hausse-remarquable-de-lesperance-de-vie-en-algerie\\\/#primaryimage\"},\"thumbnailUrl\":\"https:\\\/\\\/lasentinelle.dz\\\/wp-content\\\/uploads\\\/2023\\\/08\\\/algerie-population.jpeg\",\"datePublished\":\"2024-07-13T18:55:34+00:00\",\"dateModified\":\"2024-07-13T18:55:35+00:00\",\"breadcrumb\":{\"@id\":\"https:\\\/\\\/lasentinelle.dz\\\/index.php\\\/2024\\\/07\\\/13\\\/hausse-remarquable-de-lesperance-de-vie-en-algerie\\\/#breadcrumb\"},\"inLanguage\":\"fr-FR\",\"potentialAction\":[{\"@type\":\"ReadAction\",\"target\":[\"https:\\\/\\\/lasentinelle.dz\\\/index.php\\\/2024\\\/07\\\/13\\\/hausse-remarquable-de-lesperance-de-vie-en-algerie\\\/\"]}]},{\"@type\":\"ImageObject\",\"inLanguage\":\"fr-FR\",\"@id\":\"https:\\\/\\\/lasentinelle.dz\\\/index.php\\\/2024\\\/07\\\/13\\\/hausse-remarquable-de-lesperance-de-vie-en-algerie\\\/#primaryimage\",\"url\":\"https:\\\/\\\/lasentinelle.dz\\\/wp-content\\\/uploads\\\/2023\\\/08\\\/algerie-population.jpeg\",\"contentUrl\":\"https:\\\/\\\/lasentinelle.dz\\\/wp-content\\\/uploads\\\/2023\\\/08\\\/algerie-population.jpeg\",\"width\":745,\"height\":470},{\"@type\":\"BreadcrumbList\",\"@id\":\"https:\\\/\\\/lasentinelle.dz\\\/index.php\\\/2024\\\/07\\\/13\\\/hausse-remarquable-de-lesperance-de-vie-en-algerie\\\/#breadcrumb\",\"itemListElement\":[{\"@type\":\"ListItem\",\"position\":1,\"name\":\"Accueil\",\"item\":\"https:\\\/\\\/lasentinelle.dz\\\/\"},{\"@type\":\"ListItem\",\"position\":2,\"name\":\"Hausse remarquable de l&rsquo;esp\u00e9rance de vie en Alg\u00e9rie\"}]},{\"@type\":\"WebSite\",\"@id\":\"https:\\\/\\\/lasentinelle.dz\\\/#website\",\"url\":\"https:\\\/\\\/lasentinelle.dz\\\/\",\"name\":\"La Sentinelle\",\"description\":\"Quotidien national d&#039;information\",\"publisher\":{\"@id\":\"https:\\\/\\\/lasentinelle.dz\\\/#organization\"},\"potentialAction\":[{\"@type\":\"SearchAction\",\"target\":{\"@type\":\"EntryPoint\",\"urlTemplate\":\"https:\\\/\\\/lasentinelle.dz\\\/?s={search_term_string}\"},\"query-input\":{\"@type\":\"PropertyValueSpecification\",\"valueRequired\":true,\"valueName\":\"search_term_string\"}}],\"inLanguage\":\"fr-FR\"},{\"@type\":\"Organization\",\"@id\":\"https:\\\/\\\/lasentinelle.dz\\\/#organization\",\"name\":\"Quotidien La Sentinelle\",\"url\":\"https:\\\/\\\/lasentinelle.dz\\\/\",\"logo\":{\"@type\":\"ImageObject\",\"inLanguage\":\"fr-FR\",\"@id\":\"https:\\\/\\\/lasentinelle.dz\\\/#\\\/schema\\\/logo\\\/image\\\/\",\"url\":\"https:\\\/\\\/lasentinelle.dz\\\/wp-content\\\/uploads\\\/2021\\\/09\\\/logo-sentinelleSLOGAN-1.png\",\"contentUrl\":\"https:\\\/\\\/lasentinelle.dz\\\/wp-content\\\/uploads\\\/2021\\\/09\\\/logo-sentinelleSLOGAN-1.png\",\"width\":615,\"height\":142,\"caption\":\"Quotidien La Sentinelle\"},\"image\":{\"@id\":\"https:\\\/\\\/lasentinelle.dz\\\/#\\\/schema\\\/logo\\\/image\\\/\"},\"sameAs\":[\"https:\\\/\\\/www.facebook.com\\\/La-Sentinelle-104059864394773\"]},{\"@type\":\"Person\",\"@id\":\"https:\\\/\\\/lasentinelle.dz\\\/#\\\/schema\\\/person\\\/d865044e22e70a75174ce8bcad3acfb3\",\"name\":\"La Sentinelle\",\"image\":{\"@type\":\"ImageObject\",\"inLanguage\":\"fr-FR\",\"@id\":\"https:\\\/\\\/secure.gravatar.com\\\/avatar\\\/57de8e5d4b15d43fb361a71fbb36338450fe67865b528a43dd10ef7c51a20392?s=96&d=mm&r=g\",\"url\":\"https:\\\/\\\/secure.gravatar.com\\\/avatar\\\/57de8e5d4b15d43fb361a71fbb36338450fe67865b528a43dd10ef7c51a20392?s=96&d=mm&r=g\",\"contentUrl\":\"https:\\\/\\\/secure.gravatar.com\\\/avatar\\\/57de8e5d4b15d43fb361a71fbb36338450fe67865b528a43dd10ef7c51a20392?s=96&d=mm&r=g\",\"caption\":\"La Sentinelle\"},\"sameAs\":[\"http:\\\/\\\/www.lasentinelle.dz\"],\"url\":\"https:\\\/\\\/lasentinelle.dz\\\/author\\\/redaction\\\/\"}]}<\/script>\n<!-- \/ Yoast SEO plugin. -->","yoast_head_json":{"title":"Hausse remarquable de l&rsquo;esp\u00e9rance de vie en Alg\u00e9rie - La Sentinelle","robots":{"index":"index","follow":"follow","max-snippet":"max-snippet:-1","max-image-preview":"max-image-preview:large","max-video-preview":"max-video-preview:-1"},"canonical":"https:\/\/lasentinelle.dz\/index.php\/2024\/07\/13\/hausse-remarquable-de-lesperance-de-vie-en-algerie\/","og_locale":"fr_FR","og_type":"article","og_title":"Hausse remarquable de l&rsquo;esp\u00e9rance de vie en Alg\u00e9rie - La Sentinelle","og_description":"L&rsquo;Alg\u00e9rie a connu une hausse remarquable de l&rsquo;esp\u00e9rance de vie en 2023, gr\u00e2ce aux efforts d\u00e9ploy\u00e9s par les autorit\u00e9s publiques","og_url":"https:\/\/lasentinelle.dz\/index.php\/2024\/07\/13\/hausse-remarquable-de-lesperance-de-vie-en-algerie\/","og_site_name":"La Sentinelle","article_publisher":"https:\/\/www.facebook.com\/La-Sentinelle-104059864394773","article_published_time":"2024-07-13T18:55:34+00:00","article_modified_time":"2024-07-13T18:55:35+00:00","og_image":[{"width":745,"height":470,"url":"https:\/\/lasentinelle.dz\/wp-content\/uploads\/2023\/08\/algerie-population.jpeg","type":"image\/jpeg"}],"author":"La Sentinelle","twitter_card":"summary_large_image","twitter_misc":{"\u00c9crit par":"La Sentinelle","Dur\u00e9e de lecture estim\u00e9e":"3 minutes"},"schema":{"@context":"https:\/\/schema.org","@graph":[{"@type":"Article","@id":"https:\/\/lasentinelle.dz\/index.php\/2024\/07\/13\/hausse-remarquable-de-lesperance-de-vie-en-algerie\/#article","isPartOf":{"@id":"https:\/\/lasentinelle.dz\/index.php\/2024\/07\/13\/hausse-remarquable-de-lesperance-de-vie-en-algerie\/"},"author":{"name":"La Sentinelle","@id":"https:\/\/lasentinelle.dz\/#\/schema\/person\/d865044e22e70a75174ce8bcad3acfb3"},"headline":"Hausse remarquable de l&rsquo;esp\u00e9rance de vie en Alg\u00e9rie","datePublished":"2024-07-13T18:55:34+00:00","dateModified":"2024-07-13T18:55:35+00:00","mainEntityOfPage":{"@id":"https:\/\/lasentinelle.dz\/index.php\/2024\/07\/13\/hausse-remarquable-de-lesperance-de-vie-en-algerie\/"},"wordCount":577,"commentCount":0,"publisher":{"@id":"https:\/\/lasentinelle.dz\/#organization"},"image":{"@id":"https:\/\/lasentinelle.dz\/index.php\/2024\/07\/13\/hausse-remarquable-de-lesperance-de-vie-en-algerie\/#primaryimage"},"thumbnailUrl":"https:\/\/lasentinelle.dz\/wp-content\/uploads\/2023\/08\/algerie-population.jpeg","articleSection":["Actualit\u00e9"],"inLanguage":"fr-FR","potentialAction":[{"@type":"CommentAction","name":"Comment","target":["https:\/\/lasentinelle.dz\/index.php\/2024\/07\/13\/hausse-remarquable-de-lesperance-de-vie-en-algerie\/#respond"]}]},{"@type":"WebPage","@id":"https:\/\/lasentinelle.dz\/index.php\/2024\/07\/13\/hausse-remarquable-de-lesperance-de-vie-en-algerie\/","url":"https:\/\/lasentinelle.dz\/index.php\/2024\/07\/13\/hausse-remarquable-de-lesperance-de-vie-en-algerie\/","name":"Hausse remarquable de l&rsquo;esp\u00e9rance de vie en Alg\u00e9rie - La Sentinelle","isPartOf":{"@id":"https:\/\/lasentinelle.dz\/#website"},"primaryImageOfPage":{"@id":"https:\/\/lasentinelle.dz\/index.php\/2024\/07\/13\/hausse-remarquable-de-lesperance-de-vie-en-algerie\/#primaryimage"},"image":{"@id":"https:\/\/lasentinelle.dz\/index.php\/2024\/07\/13\/hausse-remarquable-de-lesperance-de-vie-en-algerie\/#primaryimage"},"thumbnailUrl":"https:\/\/lasentinelle.dz\/wp-content\/uploads\/2023\/08\/algerie-population.jpeg","datePublished":"2024-07-13T18:55:34+00:00","dateModified":"2024-07-13T18:55:35+00:00","breadcrumb":{"@id":"https:\/\/lasentinelle.dz\/index.php\/2024\/07\/13\/hausse-remarquable-de-lesperance-de-vie-en-algerie\/#breadcrumb"},"inLanguage":"fr-FR","potentialAction":[{"@type":"ReadAction","target":["https:\/\/lasentinelle.dz\/index.php\/2024\/07\/13\/hausse-remarquable-de-lesperance-de-vie-en-algerie\/"]}]},{"@type":"ImageObject","inLanguage":"fr-FR","@id":"https:\/\/lasentinelle.dz\/index.php\/2024\/07\/13\/hausse-remarquable-de-lesperance-de-vie-en-algerie\/#primaryimage","url":"https:\/\/lasentinelle.dz\/wp-content\/uploads\/2023\/08\/algerie-population.jpeg","contentUrl":"https:\/\/lasentinelle.dz\/wp-content\/uploads\/2023\/08\/algerie-population.jpeg","width":745,"height":470},{"@type":"BreadcrumbList","@id":"https:\/\/lasentinelle.dz\/index.php\/2024\/07\/13\/hausse-remarquable-de-lesperance-de-vie-en-algerie\/#breadcrumb","itemListElement":[{"@type":"ListItem","position":1,"name":"Accueil","item":"https:\/\/lasentinelle.dz\/"},{"@type":"ListItem","position":2,"name":"Hausse remarquable de l&rsquo;esp\u00e9rance de vie en Alg\u00e9rie"}]},{"@type":"WebSite","@id":"https:\/\/lasentinelle.dz\/#website","url":"https:\/\/lasentinelle.dz\/","name":"La Sentinelle","description":"Quotidien national d&#039;information","publisher":{"@id":"https:\/\/lasentinelle.dz\/#organization"},"potentialAction":[{"@type":"SearchAction","target":{"@type":"EntryPoint","urlTemplate":"https:\/\/lasentinelle.dz\/?s={search_term_string}"},"query-input":{"@type":"PropertyValueSpecification","valueRequired":true,"valueName":"search_term_string"}}],"inLanguage":"fr-FR"},{"@type":"Organization","@id":"https:\/\/lasentinelle.dz\/#organization","name":"Quotidien La Sentinelle","url":"https:\/\/lasentinelle.dz\/","logo":{"@type":"ImageObject","inLanguage":"fr-FR","@id":"https:\/\/lasentinelle.dz\/#\/schema\/logo\/image\/","url":"https:\/\/lasentinelle.dz\/wp-content\/uploads\/2021\/09\/logo-sentinelleSLOGAN-1.png","contentUrl":"https:\/\/lasentinelle.dz\/wp-content\/uploads\/2021\/09\/logo-sentinelleSLOGAN-1.png","width":615,"height":142,"caption":"Quotidien La Sentinelle"},"image":{"@id":"https:\/\/lasentinelle.dz\/#\/schema\/logo\/image\/"},"sameAs":["https:\/\/www.facebook.com\/La-Sentinelle-104059864394773"]},{"@type":"Person","@id":"https:\/\/lasentinelle.dz\/#\/schema\/person\/d865044e22e70a75174ce8bcad3acfb3","name":"La Sentinelle","image":{"@type":"ImageObject","inLanguage":"fr-FR","@id":"https:\/\/secure.gravatar.com\/avatar\/57de8e5d4b15d43fb361a71fbb36338450fe67865b528a43dd10ef7c51a20392?s=96&d=mm&r=g","url":"https:\/\/secure.gravatar.com\/avatar\/57de8e5d4b15d43fb361a71fbb36338450fe67865b528a43dd10ef7c51a20392?s=96&d=mm&r=g","contentUrl":"https:\/\/secure.gravatar.com\/avatar\/57de8e5d4b15d43fb361a71fbb36338450fe67865b528a43dd10ef7c51a20392?s=96&d=mm&r=g","caption":"La Sentinelle"},"sameAs":["http:\/\/www.lasentinelle.dz"],"url":"https:\/\/lasentinelle.dz\/author\/redaction\/"}]}},"_links":{"self":[{"href":"https:\/\/lasentinelle.dz\/index.php\/wp-json\/wp\/v2\/posts\/54395","targetHints":{"allow":["GET"]}}],"collection":[{"href":"https:\/\/lasentinelle.dz\/index.php\/wp-json\/wp\/v2\/posts"}],"about":[{"href":"https:\/\/lasentinelle.dz\/index.php\/wp-json\/wp\/v2\/types\/post"}],"author":[{"embeddable":true,"href":"https:\/\/lasentinelle.dz\/index.php\/wp-json\/wp\/v2\/users\/3"}],"replies":[{"embeddable":true,"href":"https:\/\/lasentinelle.dz\/index.php\/wp-json\/wp\/v2\/comments?post=54395"}],"version-history":[{"count":2,"href":"https:\/\/lasentinelle.dz\/index.php\/wp-json\/wp\/v2\/posts\/54395\/revisions"}],"predecessor-version":[{"id":54397,"href":"https:\/\/lasentinelle.dz\/index.php\/wp-json\/wp\/v2\/posts\/54395\/revisions\/54397"}],"wp:featuredmedia":[{"embeddable":true,"href":"https:\/\/lasentinelle.dz\/index.php\/wp-json\/wp\/v2\/media\/44597"}],"wp:attachment":[{"href":"https:\/\/lasentinelle.dz\/index.php\/wp-json\/wp\/v2\/media?parent=54395"}],"wp:term":[{"taxonomy":"category","embeddable":true,"href":"https:\/\/lasentinelle.dz\/index.php\/wp-json\/wp\/v2\/categories?post=54395"},{"taxonomy":"post_tag","embeddable":true,"href":"https:\/\/lasentinelle.dz\/index.php\/wp-json\/wp\/v2\/tags?post=54395"}],"curies":[{"name":"wp","href":"https:\/\/api.w.org\/{rel}","templated":true}]}}