{"id":54398,"date":"2024-07-13T19:56:42","date_gmt":"2024-07-13T18:56:42","guid":{"rendered":"https:\/\/lasentinelle.dz\/?p=54398"},"modified":"2024-07-13T19:56:43","modified_gmt":"2024-07-13T18:56:43","slug":"le-soutien-au-pouvoir-dachat-une-priorite","status":"publish","type":"post","link":"https:\/\/lasentinelle.dz\/index.php\/2024\/07\/13\/le-soutien-au-pouvoir-dachat-une-priorite\/","title":{"rendered":"Le soutien au pouvoir d&rsquo;achat, une priorit\u00e9"},"content":{"rendered":"\n<p>Le ministre du Travail, de l\u2019Emploi et de la s\u00e9curit\u00e9 sociale, Fay\u00e7al Bentaleb a soulign\u00e9 que le gouvernement veille au soutien du pouvoir d\u2019achat du citoyen \u00e0 travers notamment un ensemble de mesures. Des mesures qui co\u00fbtent 1.100 milliards de dinars au budget de l&rsquo;\u00c9tat.<\/p>\n\n\n\n<p>Le ministre du Travail, de l\u2019Emploi et de la s\u00e9curit\u00e9 sociale, Fay\u00e7al Bentaleb a indiqu\u00e9, hier \u00e0 Alger, lors d\u2019une journ\u00e9e d\u2019information sur les r\u00e9alisations du secteur dans le domaine de la num\u00e9risation que le gouvernement veille \u00e0 l\u2019\u00e9largissement de la couverture sociale pour toucher l\u2019ensemble des citoyens, consacrant les valeurs et principes de la justice sociale, qui constituent les piliers de l\u2019\u00c9tat alg\u00e9rien. Ces principes et valeurs s\u2019inspirent, selon le ministre, des textes fondateurs de l\u2019\u00c9tat alg\u00e9rien, \u00e0 savoir la d\u00e9claration du 1<sup>er<\/sup> novembre 1954, la plateforme de la Soummam du 20 aout 1956 et le programme de Tripoli en 1962, qui ont consacr\u00e9 le caract\u00e8re social de l\u2019\u00c9tat. &nbsp;Le premier responsable du secteur du travail a affirm\u00e9 que le gouvernement veille, \u00e9galement,&nbsp;au soutien du pouvoir d\u2019achat du citoyen \u00e0 travers notamment un ensemble de mesures dont quatre augmentations cons\u00e9cutives des salaires durant la p\u00e9riode 2020-2024 au profit de plus de 2,8 millions de fonctionnaires et contractuels de la fonction publique, l\u2019exon\u00e9ration des salaires qui ne d\u00e9passent pas 30&nbsp;000 DA de l\u2019IRG (imp\u00f4t sur le revenu g\u00e9n\u00e9ral) et une revalorisation annuelle et une revalorisation exceptionnelle des pensions et allocations de retraites durant ces quatre derni\u00e8res ann\u00e9es (2020-2024) avec une enveloppe financi\u00e8re de pr\u00e8s de 1.100 milliards de DA dont 172 milliards de DA pour la revalorisation des pensions de retraite pour le mois de mai 2024.<\/p>\n\n\n\n<p>Continuant sur sa lanc\u00e9e, Fay\u00e7al Bentaleb a cit\u00e9 la revalorisation de l\u2019allocation ch\u00f4mage de 13&nbsp;000 \u00e0 15&nbsp;000 DA depuis janvier 2023 et le lancement d\u2019un programme qui comprend l\u2019octroi de 60&nbsp;000 aides au profit des travailleurs salari\u00e9s et des retrait\u00e9s au titre de l\u2019ann\u00e9e 2024 pour la construction rurale. Ce programme est dot\u00e9, selon le ministre, d\u2019une enveloppe financi\u00e8re de 30 milliards de DA.<\/p>\n\n\n\n<p><strong>127 services publics num\u00e9riques<\/strong><\/p>\n\n\n\n<p>Concernant la num\u00e9risation, le ministre a soulign\u00e9 que le secteur conna\u00eet une dynamique prometteuse avec 127 services publics num\u00e9riques et la mise en service du portail \u00e9lectronique \u00ab&nbsp;Khadamati&nbsp;\u00bb qui permet l\u2019acc\u00e8s \u00e0 102 services publics et le passage vers la deuxi\u00e8me g\u00e9n\u00e9ration de la carte d\u2019assurance sociale \u00ab&nbsp;Chifa&nbsp;\u00bb dont le nombre de b\u00e9n\u00e9ficiaires d\u00e9passent 30 millions de citoyens. A cela s\u2019ajoute, selon la m\u00eame source, le lancement de la carte Chifa virtuelle au profit des \u00e9tudiants universitaires, ajoutant que les caisses de s\u00e9curit\u00e9 sociale assurent 87 services num\u00e9riques. En ce qui concerne le secteur de l\u2019emploi, le ministre a indiqu\u00e9 que trois plateformes num\u00e9riques sp\u00e9cialis\u00e9es ont \u00e9t\u00e9 d\u00e9velopp\u00e9es par les services de l\u2019ANEM (agence nationale de l\u2019emploi) pour la gestion de l\u2019allocation ch\u00f4mage \u00ab&nbsp;Minha&nbsp;\u00bb, la plateforme \u00ab&nbsp;Tawdjih&nbsp;\u00bb d\u00e9di\u00e9e essentiellement \u00e0 la formation et la plateforme \u00ab&nbsp;Takwin&nbsp;\u00bb pour le suivi de la formation des b\u00e9n\u00e9ficiaires de l\u2019allocation ch\u00f4mage. Plus explicite, il a ajout\u00e9 que le nombre des syst\u00e8mes d\u2019aide \u00e0 la d\u00e9cision est \u00e9valu\u00e9 \u00e0 34 syst\u00e8mes avec 1.283 indices et 48 interfaces num\u00e9riques pour l\u2019interconnexion. &nbsp;Ces r\u00e9alisations qui s\u2019appuient sur les technologies num\u00e9riques s\u2019ajoutant \u00e0 un r\u00e9seau de 821 de charg\u00e9 de l\u2019\u00e9coute qui veillent, selon lui, \u00e0 assurer une meilleure prise en charge des pr\u00e9occupations des citoyens et un service public de qualit\u00e9.&nbsp;<\/p>\n\n\n\n<p><strong>Hakim Aomar<\/strong><\/p>\n","protected":false},"excerpt":{"rendered":"<p>Le ministre du Travail, de l\u2019Emploi et de la s\u00e9curit\u00e9 sociale, Fay\u00e7al Bentaleb a soulign\u00e9 que le gouvernement veille au<\/p>\n","protected":false},"author":3,"featured_media":54399,"comment_status":"open","ping_status":"closed","sticky":false,"template":"","format":"standard","meta":{"colormag_page_container_layout":"default_layout","colormag_page_sidebar_layout":"default_layout","om_disable_all_campaigns":false,"_monsterinsights_skip_tracking":false,"_monsterinsights_sitenote_active":false,"_monsterinsights_sitenote_note":"","_monsterinsights_sitenote_category":0,"footnotes":"","_wpscppro_dont_share_socialmedia":false,"_wpscppro_custom_social_share_image":0,"_facebook_share_type":"default","_twitter_share_type":"default","_linkedin_share_type":"default","_pinterest_share_type":"default","_linkedin_share_type_page":"","_instagram_share_type":"default","_medium_share_type":"","_threads_share_type":"","_google_business_share_type":"","_selected_social_profile":[],"_wpsp_enable_custom_social_template":false,"_wpsp_social_scheduling":{"enabled":false,"datetime":null,"platforms":[],"status":"template_only","dateOption":"today","timeOption":"now","customDays":"","customHours":"","customDate":"","customTime":"","schedulingType":"absolute"},"_wpsp_active_default_template":true},"categories":[52,27],"tags":[],"class_list":["post-54398","post","type-post","status-publish","format-standard","has-post-thumbnail","hentry","category-a-la-une","category-actualite"],"aioseo_notices":[],"yoast_head":"<!-- This site is optimized with the Yoast SEO plugin v27.5 - https:\/\/yoast.com\/product\/yoast-seo-wordpress\/ -->\n<title>Le soutien au pouvoir d&rsquo;achat, une priorit\u00e9 - La Sentinelle<\/title>\n<meta name=\"robots\" content=\"index, follow, max-snippet:-1, max-image-preview:large, max-video-preview:-1\" \/>\n<link rel=\"canonical\" href=\"https:\/\/lasentinelle.dz\/index.php\/2024\/07\/13\/le-soutien-au-pouvoir-dachat-une-priorite\/\" \/>\n<meta property=\"og:locale\" content=\"fr_FR\" \/>\n<meta property=\"og:type\" content=\"article\" \/>\n<meta property=\"og:title\" content=\"Le soutien au pouvoir d&rsquo;achat, une priorit\u00e9 - La Sentinelle\" \/>\n<meta property=\"og:description\" content=\"Le ministre du Travail, de l\u2019Emploi et de la s\u00e9curit\u00e9 sociale, Fay\u00e7al Bentaleb a soulign\u00e9 que le gouvernement veille au\" \/>\n<meta property=\"og:url\" content=\"https:\/\/lasentinelle.dz\/index.php\/2024\/07\/13\/le-soutien-au-pouvoir-dachat-une-priorite\/\" \/>\n<meta property=\"og:site_name\" content=\"La Sentinelle\" \/>\n<meta property=\"article:publisher\" content=\"https:\/\/www.facebook.com\/La-Sentinelle-104059864394773\" \/>\n<meta property=\"article:published_time\" content=\"2024-07-13T18:56:42+00:00\" \/>\n<meta property=\"article:modified_time\" content=\"2024-07-13T18:56:43+00:00\" \/>\n<meta property=\"og:image\" content=\"https:\/\/lasentinelle.dz\/wp-content\/uploads\/2024\/07\/bentaleb.jpeg\" \/>\n\t<meta property=\"og:image:width\" content=\"2048\" \/>\n\t<meta property=\"og:image:height\" content=\"1365\" \/>\n\t<meta property=\"og:image:type\" content=\"image\/jpeg\" \/>\n<meta name=\"author\" content=\"La Sentinelle\" \/>\n<meta name=\"twitter:card\" content=\"summary_large_image\" \/>\n<meta name=\"twitter:label1\" content=\"\u00c9crit par\" \/>\n\t<meta name=\"twitter:data1\" content=\"La Sentinelle\" \/>\n\t<meta name=\"twitter:label2\" content=\"Dur\u00e9e de lecture estim\u00e9e\" \/>\n\t<meta name=\"twitter:data2\" content=\"4 minutes\" \/>\n<script type=\"application\/ld+json\" class=\"yoast-schema-graph\">{\"@context\":\"https:\\\/\\\/schema.org\",\"@graph\":[{\"@type\":\"Article\",\"@id\":\"https:\\\/\\\/lasentinelle.dz\\\/index.php\\\/2024\\\/07\\\/13\\\/le-soutien-au-pouvoir-dachat-une-priorite\\\/#article\",\"isPartOf\":{\"@id\":\"https:\\\/\\\/lasentinelle.dz\\\/index.php\\\/2024\\\/07\\\/13\\\/le-soutien-au-pouvoir-dachat-une-priorite\\\/\"},\"author\":{\"name\":\"La Sentinelle\",\"@id\":\"https:\\\/\\\/lasentinelle.dz\\\/#\\\/schema\\\/person\\\/d865044e22e70a75174ce8bcad3acfb3\"},\"headline\":\"Le soutien au pouvoir d&rsquo;achat, une priorit\u00e9\",\"datePublished\":\"2024-07-13T18:56:42+00:00\",\"dateModified\":\"2024-07-13T18:56:43+00:00\",\"mainEntityOfPage\":{\"@id\":\"https:\\\/\\\/lasentinelle.dz\\\/index.php\\\/2024\\\/07\\\/13\\\/le-soutien-au-pouvoir-dachat-une-priorite\\\/\"},\"wordCount\":643,\"commentCount\":0,\"publisher\":{\"@id\":\"https:\\\/\\\/lasentinelle.dz\\\/#organization\"},\"image\":{\"@id\":\"https:\\\/\\\/lasentinelle.dz\\\/index.php\\\/2024\\\/07\\\/13\\\/le-soutien-au-pouvoir-dachat-une-priorite\\\/#primaryimage\"},\"thumbnailUrl\":\"https:\\\/\\\/lasentinelle.dz\\\/wp-content\\\/uploads\\\/2024\\\/07\\\/bentaleb.jpeg\",\"articleSection\":[\"\u00c0 la Une\",\"Actualit\u00e9\"],\"inLanguage\":\"fr-FR\",\"potentialAction\":[{\"@type\":\"CommentAction\",\"name\":\"Comment\",\"target\":[\"https:\\\/\\\/lasentinelle.dz\\\/index.php\\\/2024\\\/07\\\/13\\\/le-soutien-au-pouvoir-dachat-une-priorite\\\/#respond\"]}]},{\"@type\":\"WebPage\",\"@id\":\"https:\\\/\\\/lasentinelle.dz\\\/index.php\\\/2024\\\/07\\\/13\\\/le-soutien-au-pouvoir-dachat-une-priorite\\\/\",\"url\":\"https:\\\/\\\/lasentinelle.dz\\\/index.php\\\/2024\\\/07\\\/13\\\/le-soutien-au-pouvoir-dachat-une-priorite\\\/\",\"name\":\"Le soutien au pouvoir d&rsquo;achat, une priorit\u00e9 - La Sentinelle\",\"isPartOf\":{\"@id\":\"https:\\\/\\\/lasentinelle.dz\\\/#website\"},\"primaryImageOfPage\":{\"@id\":\"https:\\\/\\\/lasentinelle.dz\\\/index.php\\\/2024\\\/07\\\/13\\\/le-soutien-au-pouvoir-dachat-une-priorite\\\/#primaryimage\"},\"image\":{\"@id\":\"https:\\\/\\\/lasentinelle.dz\\\/index.php\\\/2024\\\/07\\\/13\\\/le-soutien-au-pouvoir-dachat-une-priorite\\\/#primaryimage\"},\"thumbnailUrl\":\"https:\\\/\\\/lasentinelle.dz\\\/wp-content\\\/uploads\\\/2024\\\/07\\\/bentaleb.jpeg\",\"datePublished\":\"2024-07-13T18:56:42+00:00\",\"dateModified\":\"2024-07-13T18:56:43+00:00\",\"breadcrumb\":{\"@id\":\"https:\\\/\\\/lasentinelle.dz\\\/index.php\\\/2024\\\/07\\\/13\\\/le-soutien-au-pouvoir-dachat-une-priorite\\\/#breadcrumb\"},\"inLanguage\":\"fr-FR\",\"potentialAction\":[{\"@type\":\"ReadAction\",\"target\":[\"https:\\\/\\\/lasentinelle.dz\\\/index.php\\\/2024\\\/07\\\/13\\\/le-soutien-au-pouvoir-dachat-une-priorite\\\/\"]}]},{\"@type\":\"ImageObject\",\"inLanguage\":\"fr-FR\",\"@id\":\"https:\\\/\\\/lasentinelle.dz\\\/index.php\\\/2024\\\/07\\\/13\\\/le-soutien-au-pouvoir-dachat-une-priorite\\\/#primaryimage\",\"url\":\"https:\\\/\\\/lasentinelle.dz\\\/wp-content\\\/uploads\\\/2024\\\/07\\\/bentaleb.jpeg\",\"contentUrl\":\"https:\\\/\\\/lasentinelle.dz\\\/wp-content\\\/uploads\\\/2024\\\/07\\\/bentaleb.jpeg\",\"width\":2048,\"height\":1365},{\"@type\":\"BreadcrumbList\",\"@id\":\"https:\\\/\\\/lasentinelle.dz\\\/index.php\\\/2024\\\/07\\\/13\\\/le-soutien-au-pouvoir-dachat-une-priorite\\\/#breadcrumb\",\"itemListElement\":[{\"@type\":\"ListItem\",\"position\":1,\"name\":\"Accueil\",\"item\":\"https:\\\/\\\/lasentinelle.dz\\\/\"},{\"@type\":\"ListItem\",\"position\":2,\"name\":\"Le soutien au pouvoir d&rsquo;achat, une priorit\u00e9\"}]},{\"@type\":\"WebSite\",\"@id\":\"https:\\\/\\\/lasentinelle.dz\\\/#website\",\"url\":\"https:\\\/\\\/lasentinelle.dz\\\/\",\"name\":\"La Sentinelle\",\"description\":\"Quotidien national d&#039;information\",\"publisher\":{\"@id\":\"https:\\\/\\\/lasentinelle.dz\\\/#organization\"},\"potentialAction\":[{\"@type\":\"SearchAction\",\"target\":{\"@type\":\"EntryPoint\",\"urlTemplate\":\"https:\\\/\\\/lasentinelle.dz\\\/?s={search_term_string}\"},\"query-input\":{\"@type\":\"PropertyValueSpecification\",\"valueRequired\":true,\"valueName\":\"search_term_string\"}}],\"inLanguage\":\"fr-FR\"},{\"@type\":\"Organization\",\"@id\":\"https:\\\/\\\/lasentinelle.dz\\\/#organization\",\"name\":\"Quotidien La Sentinelle\",\"url\":\"https:\\\/\\\/lasentinelle.dz\\\/\",\"logo\":{\"@type\":\"ImageObject\",\"inLanguage\":\"fr-FR\",\"@id\":\"https:\\\/\\\/lasentinelle.dz\\\/#\\\/schema\\\/logo\\\/image\\\/\",\"url\":\"https:\\\/\\\/lasentinelle.dz\\\/wp-content\\\/uploads\\\/2021\\\/09\\\/logo-sentinelleSLOGAN-1.png\",\"contentUrl\":\"https:\\\/\\\/lasentinelle.dz\\\/wp-content\\\/uploads\\\/2021\\\/09\\\/logo-sentinelleSLOGAN-1.png\",\"width\":615,\"height\":142,\"caption\":\"Quotidien La Sentinelle\"},\"image\":{\"@id\":\"https:\\\/\\\/lasentinelle.dz\\\/#\\\/schema\\\/logo\\\/image\\\/\"},\"sameAs\":[\"https:\\\/\\\/www.facebook.com\\\/La-Sentinelle-104059864394773\"]},{\"@type\":\"Person\",\"@id\":\"https:\\\/\\\/lasentinelle.dz\\\/#\\\/schema\\\/person\\\/d865044e22e70a75174ce8bcad3acfb3\",\"name\":\"La Sentinelle\",\"image\":{\"@type\":\"ImageObject\",\"inLanguage\":\"fr-FR\",\"@id\":\"https:\\\/\\\/secure.gravatar.com\\\/avatar\\\/57de8e5d4b15d43fb361a71fbb36338450fe67865b528a43dd10ef7c51a20392?s=96&d=mm&r=g\",\"url\":\"https:\\\/\\\/secure.gravatar.com\\\/avatar\\\/57de8e5d4b15d43fb361a71fbb36338450fe67865b528a43dd10ef7c51a20392?s=96&d=mm&r=g\",\"contentUrl\":\"https:\\\/\\\/secure.gravatar.com\\\/avatar\\\/57de8e5d4b15d43fb361a71fbb36338450fe67865b528a43dd10ef7c51a20392?s=96&d=mm&r=g\",\"caption\":\"La Sentinelle\"},\"sameAs\":[\"http:\\\/\\\/www.lasentinelle.dz\"],\"url\":\"https:\\\/\\\/lasentinelle.dz\\\/author\\\/redaction\\\/\"}]}<\/script>\n<!-- \/ Yoast SEO plugin. -->","yoast_head_json":{"title":"Le soutien au pouvoir d&rsquo;achat, une priorit\u00e9 - La Sentinelle","robots":{"index":"index","follow":"follow","max-snippet":"max-snippet:-1","max-image-preview":"max-image-preview:large","max-video-preview":"max-video-preview:-1"},"canonical":"https:\/\/lasentinelle.dz\/index.php\/2024\/07\/13\/le-soutien-au-pouvoir-dachat-une-priorite\/","og_locale":"fr_FR","og_type":"article","og_title":"Le soutien au pouvoir d&rsquo;achat, une priorit\u00e9 - La Sentinelle","og_description":"Le ministre du Travail, de l\u2019Emploi et de la s\u00e9curit\u00e9 sociale, Fay\u00e7al Bentaleb a soulign\u00e9 que le gouvernement veille au","og_url":"https:\/\/lasentinelle.dz\/index.php\/2024\/07\/13\/le-soutien-au-pouvoir-dachat-une-priorite\/","og_site_name":"La Sentinelle","article_publisher":"https:\/\/www.facebook.com\/La-Sentinelle-104059864394773","article_published_time":"2024-07-13T18:56:42+00:00","article_modified_time":"2024-07-13T18:56:43+00:00","og_image":[{"width":2048,"height":1365,"url":"https:\/\/lasentinelle.dz\/wp-content\/uploads\/2024\/07\/bentaleb.jpeg","type":"image\/jpeg"}],"author":"La Sentinelle","twitter_card":"summary_large_image","twitter_misc":{"\u00c9crit par":"La Sentinelle","Dur\u00e9e de lecture estim\u00e9e":"4 minutes"},"schema":{"@context":"https:\/\/schema.org","@graph":[{"@type":"Article","@id":"https:\/\/lasentinelle.dz\/index.php\/2024\/07\/13\/le-soutien-au-pouvoir-dachat-une-priorite\/#article","isPartOf":{"@id":"https:\/\/lasentinelle.dz\/index.php\/2024\/07\/13\/le-soutien-au-pouvoir-dachat-une-priorite\/"},"author":{"name":"La Sentinelle","@id":"https:\/\/lasentinelle.dz\/#\/schema\/person\/d865044e22e70a75174ce8bcad3acfb3"},"headline":"Le soutien au pouvoir d&rsquo;achat, une priorit\u00e9","datePublished":"2024-07-13T18:56:42+00:00","dateModified":"2024-07-13T18:56:43+00:00","mainEntityOfPage":{"@id":"https:\/\/lasentinelle.dz\/index.php\/2024\/07\/13\/le-soutien-au-pouvoir-dachat-une-priorite\/"},"wordCount":643,"commentCount":0,"publisher":{"@id":"https:\/\/lasentinelle.dz\/#organization"},"image":{"@id":"https:\/\/lasentinelle.dz\/index.php\/2024\/07\/13\/le-soutien-au-pouvoir-dachat-une-priorite\/#primaryimage"},"thumbnailUrl":"https:\/\/lasentinelle.dz\/wp-content\/uploads\/2024\/07\/bentaleb.jpeg","articleSection":["\u00c0 la Une","Actualit\u00e9"],"inLanguage":"fr-FR","potentialAction":[{"@type":"CommentAction","name":"Comment","target":["https:\/\/lasentinelle.dz\/index.php\/2024\/07\/13\/le-soutien-au-pouvoir-dachat-une-priorite\/#respond"]}]},{"@type":"WebPage","@id":"https:\/\/lasentinelle.dz\/index.php\/2024\/07\/13\/le-soutien-au-pouvoir-dachat-une-priorite\/","url":"https:\/\/lasentinelle.dz\/index.php\/2024\/07\/13\/le-soutien-au-pouvoir-dachat-une-priorite\/","name":"Le soutien au pouvoir d&rsquo;achat, une priorit\u00e9 - La Sentinelle","isPartOf":{"@id":"https:\/\/lasentinelle.dz\/#website"},"primaryImageOfPage":{"@id":"https:\/\/lasentinelle.dz\/index.php\/2024\/07\/13\/le-soutien-au-pouvoir-dachat-une-priorite\/#primaryimage"},"image":{"@id":"https:\/\/lasentinelle.dz\/index.php\/2024\/07\/13\/le-soutien-au-pouvoir-dachat-une-priorite\/#primaryimage"},"thumbnailUrl":"https:\/\/lasentinelle.dz\/wp-content\/uploads\/2024\/07\/bentaleb.jpeg","datePublished":"2024-07-13T18:56:42+00:00","dateModified":"2024-07-13T18:56:43+00:00","breadcrumb":{"@id":"https:\/\/lasentinelle.dz\/index.php\/2024\/07\/13\/le-soutien-au-pouvoir-dachat-une-priorite\/#breadcrumb"},"inLanguage":"fr-FR","potentialAction":[{"@type":"ReadAction","target":["https:\/\/lasentinelle.dz\/index.php\/2024\/07\/13\/le-soutien-au-pouvoir-dachat-une-priorite\/"]}]},{"@type":"ImageObject","inLanguage":"fr-FR","@id":"https:\/\/lasentinelle.dz\/index.php\/2024\/07\/13\/le-soutien-au-pouvoir-dachat-une-priorite\/#primaryimage","url":"https:\/\/lasentinelle.dz\/wp-content\/uploads\/2024\/07\/bentaleb.jpeg","contentUrl":"https:\/\/lasentinelle.dz\/wp-content\/uploads\/2024\/07\/bentaleb.jpeg","width":2048,"height":1365},{"@type":"BreadcrumbList","@id":"https:\/\/lasentinelle.dz\/index.php\/2024\/07\/13\/le-soutien-au-pouvoir-dachat-une-priorite\/#breadcrumb","itemListElement":[{"@type":"ListItem","position":1,"name":"Accueil","item":"https:\/\/lasentinelle.dz\/"},{"@type":"ListItem","position":2,"name":"Le soutien au pouvoir d&rsquo;achat, une priorit\u00e9"}]},{"@type":"WebSite","@id":"https:\/\/lasentinelle.dz\/#website","url":"https:\/\/lasentinelle.dz\/","name":"La Sentinelle","description":"Quotidien national d&#039;information","publisher":{"@id":"https:\/\/lasentinelle.dz\/#organization"},"potentialAction":[{"@type":"SearchAction","target":{"@type":"EntryPoint","urlTemplate":"https:\/\/lasentinelle.dz\/?s={search_term_string}"},"query-input":{"@type":"PropertyValueSpecification","valueRequired":true,"valueName":"search_term_string"}}],"inLanguage":"fr-FR"},{"@type":"Organization","@id":"https:\/\/lasentinelle.dz\/#organization","name":"Quotidien La Sentinelle","url":"https:\/\/lasentinelle.dz\/","logo":{"@type":"ImageObject","inLanguage":"fr-FR","@id":"https:\/\/lasentinelle.dz\/#\/schema\/logo\/image\/","url":"https:\/\/lasentinelle.dz\/wp-content\/uploads\/2021\/09\/logo-sentinelleSLOGAN-1.png","contentUrl":"https:\/\/lasentinelle.dz\/wp-content\/uploads\/2021\/09\/logo-sentinelleSLOGAN-1.png","width":615,"height":142,"caption":"Quotidien La Sentinelle"},"image":{"@id":"https:\/\/lasentinelle.dz\/#\/schema\/logo\/image\/"},"sameAs":["https:\/\/www.facebook.com\/La-Sentinelle-104059864394773"]},{"@type":"Person","@id":"https:\/\/lasentinelle.dz\/#\/schema\/person\/d865044e22e70a75174ce8bcad3acfb3","name":"La Sentinelle","image":{"@type":"ImageObject","inLanguage":"fr-FR","@id":"https:\/\/secure.gravatar.com\/avatar\/57de8e5d4b15d43fb361a71fbb36338450fe67865b528a43dd10ef7c51a20392?s=96&d=mm&r=g","url":"https:\/\/secure.gravatar.com\/avatar\/57de8e5d4b15d43fb361a71fbb36338450fe67865b528a43dd10ef7c51a20392?s=96&d=mm&r=g","contentUrl":"https:\/\/secure.gravatar.com\/avatar\/57de8e5d4b15d43fb361a71fbb36338450fe67865b528a43dd10ef7c51a20392?s=96&d=mm&r=g","caption":"La Sentinelle"},"sameAs":["http:\/\/www.lasentinelle.dz"],"url":"https:\/\/lasentinelle.dz\/author\/redaction\/"}]}},"_links":{"self":[{"href":"https:\/\/lasentinelle.dz\/index.php\/wp-json\/wp\/v2\/posts\/54398","targetHints":{"allow":["GET"]}}],"collection":[{"href":"https:\/\/lasentinelle.dz\/index.php\/wp-json\/wp\/v2\/posts"}],"about":[{"href":"https:\/\/lasentinelle.dz\/index.php\/wp-json\/wp\/v2\/types\/post"}],"author":[{"embeddable":true,"href":"https:\/\/lasentinelle.dz\/index.php\/wp-json\/wp\/v2\/users\/3"}],"replies":[{"embeddable":true,"href":"https:\/\/lasentinelle.dz\/index.php\/wp-json\/wp\/v2\/comments?post=54398"}],"version-history":[{"count":2,"href":"https:\/\/lasentinelle.dz\/index.php\/wp-json\/wp\/v2\/posts\/54398\/revisions"}],"predecessor-version":[{"id":54401,"href":"https:\/\/lasentinelle.dz\/index.php\/wp-json\/wp\/v2\/posts\/54398\/revisions\/54401"}],"wp:featuredmedia":[{"embeddable":true,"href":"https:\/\/lasentinelle.dz\/index.php\/wp-json\/wp\/v2\/media\/54399"}],"wp:attachment":[{"href":"https:\/\/lasentinelle.dz\/index.php\/wp-json\/wp\/v2\/media?parent=54398"}],"wp:term":[{"taxonomy":"category","embeddable":true,"href":"https:\/\/lasentinelle.dz\/index.php\/wp-json\/wp\/v2\/categories?post=54398"},{"taxonomy":"post_tag","embeddable":true,"href":"https:\/\/lasentinelle.dz\/index.php\/wp-json\/wp\/v2\/tags?post=54398"}],"curies":[{"name":"wp","href":"https:\/\/api.w.org\/{rel}","templated":true}]}}