{"id":54404,"date":"2024-07-13T19:58:42","date_gmt":"2024-07-13T18:58:42","guid":{"rendered":"https:\/\/lasentinelle.dz\/?p=54404"},"modified":"2024-07-13T19:58:43","modified_gmt":"2024-07-13T18:58:43","slug":"partis-et-societe-civile-se-mobilisent","status":"publish","type":"post","link":"https:\/\/lasentinelle.dz\/index.php\/2024\/07\/13\/partis-et-societe-civile-se-mobilisent\/","title":{"rendered":"Partis et soci\u00e9t\u00e9 civile se mobilisent"},"content":{"rendered":"\n<p>Un large \u00e9ventail de partis politiques et d&rsquo;organisations de la soci\u00e9t\u00e9 civile ont exprim\u00e9 leur soutien, suite \u00e0 l&rsquo;annonce jeudi de la candidature du pr\u00e9sident Abdelmadjid Tebboune pour un second mandat lors de l&rsquo;\u00e9lection pr\u00e9sidentielle anticip\u00e9e du 7 septembre 2024.<\/p>\n\n\n\n<p>La coalition des partis de la majorit\u00e9, compos\u00e9e du Front de lib\u00e9ration nationale (FLN), du Rassemblement national d\u00e9mocratique (RND) et du Front El Moustakbal, a ainsi affirm\u00e9 sa d\u00e9termination \u00e0 contribuer \u00e0 la r\u00e9ussite de la campagne \u00e9lectorale de Tebboune. Dans un communiqu\u00e9 conjoint, ces partis ont soulign\u00e9 que la d\u00e9cision du pr\u00e9sident de se repr\u00e9senter \u00ab\u00a0est venue en r\u00e9ponse \u00e0 l&rsquo;appel de la patrie et \u00e0 celui de larges franges de la soci\u00e9t\u00e9\u00a0\u00bb. Ils se sont engag\u00e9s \u00e0 mobiliser leurs militants et \u00e9lecteurs \u00e0 toutes les \u00e9tapes du processus \u00e9lectoral. Les partis de la coalition ont expliqu\u00e9 que leur soutien \u00e0 la candidature du Pr\u00e9sident Abdelmadjid Tebboune pour un deuxi\u00e8me mandat \u00e9tait motiv\u00e9 par \u00ab\u00a0la n\u00e9cessaire poursuite de son programme et des r\u00e9formes qu&rsquo;il a initi\u00e9es, la pr\u00e9servation du caract\u00e8re social de l&rsquo;Etat et le renforcement de la protection sociale\u00a0\u00bb, rappelant, dans ce contexte, \u00ab\u00a0les r\u00e9alisations de l&rsquo;Alg\u00e9rie sur le plan diplomatique, sous la conduite du pr\u00e9sident de la R\u00e9publique, et ses positions honorables dans les fora internationaux en faveur des cause justes, les causes palestinienne et sahraouie en t\u00eate\u00a0\u00bb. Pour sa part, le Mouvement El-Bina, par la voix de son pr\u00e9sident Abdelkader Bengrina, a \u00e9galement apport\u00e9 son soutien \u00e0 la candidature de Tebboune. Lors d&rsquo;un meeting \u00e0 Laghouat, Bengrina a d\u00e9clar\u00e9 que cette \u00e9lection constituait \u00ab\u00a0la pierre angulaire du parach\u00e8vement de l&rsquo;\u00e9dification de l&rsquo;Alg\u00e9rie nouvelle\u00a0\u00bb, appelant \u00e0 une large participation populaire. Le Mouvement El-Bina compte sur \u00ab\u00a0une forte participation de l&rsquo;ensemble des partis et acteurs politiques \u00e0 cette \u00e9ch\u00e9ance nationale pour soutenir ce processus dans le cadre de la d\u00e9mocratie participative\u00a0\u00bb, a-t-il dit, soulignant que \u00ab\u00a0l&rsquo;\u00e9dification de l&rsquo;Alg\u00e9rie se fait dans le cadre de la tol\u00e9rance et de la fraternit\u00e9 et loin des discours de haine et de l&rsquo;exclusion\u00a0\u00bb. M. Bengrina a expliqu\u00e9 que le soutien de sa formation politique \u00e0 la candidature du pr\u00e9sident de la R\u00e9publique, M. Abdelmadjid Tebboune, pour un deuxi\u00e8me mandat, visait \u00e0 \u00ab\u00a0assurer la coh\u00e9sion entre les institutions de l&rsquo;Etat dans l&rsquo;accomplissement de leurs missions, aider les cat\u00e9gories vuln\u00e9rables et prot\u00e9ger la d\u00e9cision nationale\u00a0\u00bb.<\/p>\n\n\n\n<p>Du c\u00f4t\u00e9 de la soci\u00e9t\u00e9 civile, l&rsquo;Union g\u00e9n\u00e9rale des commer\u00e7ants et artisans alg\u00e9riens (UGCAA) a salu\u00e9 la d\u00e9cision du pr\u00e9sident, s&rsquo;engageant \u00e0 participer aux campagnes de sensibilisation des citoyens sur l&rsquo;importance du vote. Le Secr\u00e9taire g\u00e9n\u00e9ral de l&rsquo;UGCAA, Issam Bedrissi, a mis en avant les \u00ab\u00a0r\u00e9alisations accomplies durant le premier mandat\u00a0\u00bb et la n\u00e9cessit\u00e9 d&rsquo;assurer \u00ab\u00a0la poursuite du processus de r\u00e9formes\u00a0\u00bb.<\/p>\n\n\n\n<p>Dans la r\u00e9gion de Gharda\u00efa, le Madjlis \u00ab\u00a0Cheikh Ba Abderrahmane El Kourti\u00a0\u00bb, une haute instance regroupant les notables de la vall\u00e9e du M&rsquo;Zab, a exprim\u00e9 son soutien \u00e0 Tebboune. Le conseil estime qu&rsquo;un second mandat permettrait de \u00ab\u00a0poursuivre le processus de r\u00e9formes et de parachever le programme et les r\u00e9alisations enregistr\u00e9es sur tous les plans\u00a0\u00bb.<\/p>\n\n\n\n<p>Les partisans de Tebboune mettent en avant plusieurs r\u00e9alisations de son premier mandat, notamment la stabilit\u00e9 politique et socio-\u00e9conomique malgr\u00e9 un contexte difficile, la modernisation de l&rsquo;Arm\u00e9e nationale populaire, la lutte contre la bureaucratie et les efforts pour diversifier l&rsquo;\u00e9conomie. Ils soulignent \u00e9galement les positions diplomatiques de l&rsquo;Alg\u00e9rie en faveur des causes palestinienne et sahraouie.<\/p>\n\n\n\n<p>Hocine Fadheli<\/p>\n","protected":false},"excerpt":{"rendered":"<p>Un large \u00e9ventail de partis politiques et d&rsquo;organisations de la soci\u00e9t\u00e9 civile ont exprim\u00e9 leur soutien, suite \u00e0 l&rsquo;annonce jeudi<\/p>\n","protected":false},"author":3,"featured_media":54405,"comment_status":"open","ping_status":"closed","sticky":false,"template":"","format":"standard","meta":{"colormag_page_container_layout":"default_layout","colormag_page_sidebar_layout":"default_layout","om_disable_all_campaigns":false,"_monsterinsights_skip_tracking":false,"_monsterinsights_sitenote_active":false,"_monsterinsights_sitenote_note":"","_monsterinsights_sitenote_category":0,"footnotes":"","_wpscppro_dont_share_socialmedia":false,"_wpscppro_custom_social_share_image":0,"_facebook_share_type":"default","_twitter_share_type":"default","_linkedin_share_type":"default","_pinterest_share_type":"default","_linkedin_share_type_page":"","_instagram_share_type":"default","_medium_share_type":"","_threads_share_type":"","_google_business_share_type":"","_selected_social_profile":[],"_wpsp_enable_custom_social_template":false,"_wpsp_social_scheduling":{"enabled":false,"datetime":null,"platforms":[],"status":"template_only","dateOption":"today","timeOption":"now","customDays":"","customHours":"","customDate":"","customTime":"","schedulingType":"absolute"},"_wpsp_active_default_template":true},"categories":[27],"tags":[],"class_list":["post-54404","post","type-post","status-publish","format-standard","has-post-thumbnail","hentry","category-actualite"],"aioseo_notices":[],"yoast_head":"<!-- This site is optimized with the Yoast SEO plugin v27.5 - https:\/\/yoast.com\/product\/yoast-seo-wordpress\/ -->\n<title>Partis et soci\u00e9t\u00e9 civile se mobilisent - La Sentinelle<\/title>\n<meta name=\"robots\" content=\"index, follow, max-snippet:-1, max-image-preview:large, max-video-preview:-1\" \/>\n<link rel=\"canonical\" href=\"https:\/\/lasentinelle.dz\/index.php\/2024\/07\/13\/partis-et-societe-civile-se-mobilisent\/\" \/>\n<meta property=\"og:locale\" content=\"fr_FR\" \/>\n<meta property=\"og:type\" content=\"article\" \/>\n<meta property=\"og:title\" content=\"Partis et soci\u00e9t\u00e9 civile se mobilisent - La Sentinelle\" \/>\n<meta property=\"og:description\" content=\"Un large \u00e9ventail de partis politiques et d&rsquo;organisations de la soci\u00e9t\u00e9 civile ont exprim\u00e9 leur soutien, suite \u00e0 l&rsquo;annonce jeudi\" \/>\n<meta property=\"og:url\" content=\"https:\/\/lasentinelle.dz\/index.php\/2024\/07\/13\/partis-et-societe-civile-se-mobilisent\/\" \/>\n<meta property=\"og:site_name\" content=\"La Sentinelle\" \/>\n<meta property=\"article:publisher\" content=\"https:\/\/www.facebook.com\/La-Sentinelle-104059864394773\" \/>\n<meta property=\"article:published_time\" content=\"2024-07-13T18:58:42+00:00\" \/>\n<meta property=\"article:modified_time\" content=\"2024-07-13T18:58:43+00:00\" \/>\n<meta property=\"og:image\" content=\"https:\/\/lasentinelle.dz\/wp-content\/uploads\/2024\/07\/partis-majorite.webp\" \/>\n\t<meta property=\"og:image:width\" content=\"900\" \/>\n\t<meta property=\"og:image:height\" content=\"675\" \/>\n\t<meta property=\"og:image:type\" content=\"image\/webp\" \/>\n<meta name=\"author\" content=\"La Sentinelle\" \/>\n<meta name=\"twitter:card\" content=\"summary_large_image\" \/>\n<meta name=\"twitter:label1\" content=\"\u00c9crit par\" \/>\n\t<meta name=\"twitter:data1\" content=\"La Sentinelle\" \/>\n\t<meta name=\"twitter:label2\" content=\"Dur\u00e9e de lecture estim\u00e9e\" \/>\n\t<meta name=\"twitter:data2\" content=\"4 minutes\" \/>\n<script type=\"application\/ld+json\" class=\"yoast-schema-graph\">{\"@context\":\"https:\\\/\\\/schema.org\",\"@graph\":[{\"@type\":\"Article\",\"@id\":\"https:\\\/\\\/lasentinelle.dz\\\/index.php\\\/2024\\\/07\\\/13\\\/partis-et-societe-civile-se-mobilisent\\\/#article\",\"isPartOf\":{\"@id\":\"https:\\\/\\\/lasentinelle.dz\\\/index.php\\\/2024\\\/07\\\/13\\\/partis-et-societe-civile-se-mobilisent\\\/\"},\"author\":{\"name\":\"La Sentinelle\",\"@id\":\"https:\\\/\\\/lasentinelle.dz\\\/#\\\/schema\\\/person\\\/d865044e22e70a75174ce8bcad3acfb3\"},\"headline\":\"Partis et soci\u00e9t\u00e9 civile se mobilisent\",\"datePublished\":\"2024-07-13T18:58:42+00:00\",\"dateModified\":\"2024-07-13T18:58:43+00:00\",\"mainEntityOfPage\":{\"@id\":\"https:\\\/\\\/lasentinelle.dz\\\/index.php\\\/2024\\\/07\\\/13\\\/partis-et-societe-civile-se-mobilisent\\\/\"},\"wordCount\":636,\"commentCount\":0,\"publisher\":{\"@id\":\"https:\\\/\\\/lasentinelle.dz\\\/#organization\"},\"image\":{\"@id\":\"https:\\\/\\\/lasentinelle.dz\\\/index.php\\\/2024\\\/07\\\/13\\\/partis-et-societe-civile-se-mobilisent\\\/#primaryimage\"},\"thumbnailUrl\":\"https:\\\/\\\/lasentinelle.dz\\\/wp-content\\\/uploads\\\/2024\\\/07\\\/partis-majorite.webp\",\"articleSection\":[\"Actualit\u00e9\"],\"inLanguage\":\"fr-FR\",\"potentialAction\":[{\"@type\":\"CommentAction\",\"name\":\"Comment\",\"target\":[\"https:\\\/\\\/lasentinelle.dz\\\/index.php\\\/2024\\\/07\\\/13\\\/partis-et-societe-civile-se-mobilisent\\\/#respond\"]}]},{\"@type\":\"WebPage\",\"@id\":\"https:\\\/\\\/lasentinelle.dz\\\/index.php\\\/2024\\\/07\\\/13\\\/partis-et-societe-civile-se-mobilisent\\\/\",\"url\":\"https:\\\/\\\/lasentinelle.dz\\\/index.php\\\/2024\\\/07\\\/13\\\/partis-et-societe-civile-se-mobilisent\\\/\",\"name\":\"Partis et soci\u00e9t\u00e9 civile se mobilisent - La Sentinelle\",\"isPartOf\":{\"@id\":\"https:\\\/\\\/lasentinelle.dz\\\/#website\"},\"primaryImageOfPage\":{\"@id\":\"https:\\\/\\\/lasentinelle.dz\\\/index.php\\\/2024\\\/07\\\/13\\\/partis-et-societe-civile-se-mobilisent\\\/#primaryimage\"},\"image\":{\"@id\":\"https:\\\/\\\/lasentinelle.dz\\\/index.php\\\/2024\\\/07\\\/13\\\/partis-et-societe-civile-se-mobilisent\\\/#primaryimage\"},\"thumbnailUrl\":\"https:\\\/\\\/lasentinelle.dz\\\/wp-content\\\/uploads\\\/2024\\\/07\\\/partis-majorite.webp\",\"datePublished\":\"2024-07-13T18:58:42+00:00\",\"dateModified\":\"2024-07-13T18:58:43+00:00\",\"breadcrumb\":{\"@id\":\"https:\\\/\\\/lasentinelle.dz\\\/index.php\\\/2024\\\/07\\\/13\\\/partis-et-societe-civile-se-mobilisent\\\/#breadcrumb\"},\"inLanguage\":\"fr-FR\",\"potentialAction\":[{\"@type\":\"ReadAction\",\"target\":[\"https:\\\/\\\/lasentinelle.dz\\\/index.php\\\/2024\\\/07\\\/13\\\/partis-et-societe-civile-se-mobilisent\\\/\"]}]},{\"@type\":\"ImageObject\",\"inLanguage\":\"fr-FR\",\"@id\":\"https:\\\/\\\/lasentinelle.dz\\\/index.php\\\/2024\\\/07\\\/13\\\/partis-et-societe-civile-se-mobilisent\\\/#primaryimage\",\"url\":\"https:\\\/\\\/lasentinelle.dz\\\/wp-content\\\/uploads\\\/2024\\\/07\\\/partis-majorite.webp\",\"contentUrl\":\"https:\\\/\\\/lasentinelle.dz\\\/wp-content\\\/uploads\\\/2024\\\/07\\\/partis-majorite.webp\",\"width\":900,\"height\":675},{\"@type\":\"BreadcrumbList\",\"@id\":\"https:\\\/\\\/lasentinelle.dz\\\/index.php\\\/2024\\\/07\\\/13\\\/partis-et-societe-civile-se-mobilisent\\\/#breadcrumb\",\"itemListElement\":[{\"@type\":\"ListItem\",\"position\":1,\"name\":\"Accueil\",\"item\":\"https:\\\/\\\/lasentinelle.dz\\\/\"},{\"@type\":\"ListItem\",\"position\":2,\"name\":\"Partis et soci\u00e9t\u00e9 civile se mobilisent\"}]},{\"@type\":\"WebSite\",\"@id\":\"https:\\\/\\\/lasentinelle.dz\\\/#website\",\"url\":\"https:\\\/\\\/lasentinelle.dz\\\/\",\"name\":\"La Sentinelle\",\"description\":\"Quotidien national d&#039;information\",\"publisher\":{\"@id\":\"https:\\\/\\\/lasentinelle.dz\\\/#organization\"},\"potentialAction\":[{\"@type\":\"SearchAction\",\"target\":{\"@type\":\"EntryPoint\",\"urlTemplate\":\"https:\\\/\\\/lasentinelle.dz\\\/?s={search_term_string}\"},\"query-input\":{\"@type\":\"PropertyValueSpecification\",\"valueRequired\":true,\"valueName\":\"search_term_string\"}}],\"inLanguage\":\"fr-FR\"},{\"@type\":\"Organization\",\"@id\":\"https:\\\/\\\/lasentinelle.dz\\\/#organization\",\"name\":\"Quotidien La Sentinelle\",\"url\":\"https:\\\/\\\/lasentinelle.dz\\\/\",\"logo\":{\"@type\":\"ImageObject\",\"inLanguage\":\"fr-FR\",\"@id\":\"https:\\\/\\\/lasentinelle.dz\\\/#\\\/schema\\\/logo\\\/image\\\/\",\"url\":\"https:\\\/\\\/lasentinelle.dz\\\/wp-content\\\/uploads\\\/2021\\\/09\\\/logo-sentinelleSLOGAN-1.png\",\"contentUrl\":\"https:\\\/\\\/lasentinelle.dz\\\/wp-content\\\/uploads\\\/2021\\\/09\\\/logo-sentinelleSLOGAN-1.png\",\"width\":615,\"height\":142,\"caption\":\"Quotidien La Sentinelle\"},\"image\":{\"@id\":\"https:\\\/\\\/lasentinelle.dz\\\/#\\\/schema\\\/logo\\\/image\\\/\"},\"sameAs\":[\"https:\\\/\\\/www.facebook.com\\\/La-Sentinelle-104059864394773\"]},{\"@type\":\"Person\",\"@id\":\"https:\\\/\\\/lasentinelle.dz\\\/#\\\/schema\\\/person\\\/d865044e22e70a75174ce8bcad3acfb3\",\"name\":\"La Sentinelle\",\"image\":{\"@type\":\"ImageObject\",\"inLanguage\":\"fr-FR\",\"@id\":\"https:\\\/\\\/secure.gravatar.com\\\/avatar\\\/57de8e5d4b15d43fb361a71fbb36338450fe67865b528a43dd10ef7c51a20392?s=96&d=mm&r=g\",\"url\":\"https:\\\/\\\/secure.gravatar.com\\\/avatar\\\/57de8e5d4b15d43fb361a71fbb36338450fe67865b528a43dd10ef7c51a20392?s=96&d=mm&r=g\",\"contentUrl\":\"https:\\\/\\\/secure.gravatar.com\\\/avatar\\\/57de8e5d4b15d43fb361a71fbb36338450fe67865b528a43dd10ef7c51a20392?s=96&d=mm&r=g\",\"caption\":\"La Sentinelle\"},\"sameAs\":[\"http:\\\/\\\/www.lasentinelle.dz\"],\"url\":\"https:\\\/\\\/lasentinelle.dz\\\/author\\\/redaction\\\/\"}]}<\/script>\n<!-- \/ Yoast SEO plugin. -->","yoast_head_json":{"title":"Partis et soci\u00e9t\u00e9 civile se mobilisent - La Sentinelle","robots":{"index":"index","follow":"follow","max-snippet":"max-snippet:-1","max-image-preview":"max-image-preview:large","max-video-preview":"max-video-preview:-1"},"canonical":"https:\/\/lasentinelle.dz\/index.php\/2024\/07\/13\/partis-et-societe-civile-se-mobilisent\/","og_locale":"fr_FR","og_type":"article","og_title":"Partis et soci\u00e9t\u00e9 civile se mobilisent - La Sentinelle","og_description":"Un large \u00e9ventail de partis politiques et d&rsquo;organisations de la soci\u00e9t\u00e9 civile ont exprim\u00e9 leur soutien, suite \u00e0 l&rsquo;annonce jeudi","og_url":"https:\/\/lasentinelle.dz\/index.php\/2024\/07\/13\/partis-et-societe-civile-se-mobilisent\/","og_site_name":"La Sentinelle","article_publisher":"https:\/\/www.facebook.com\/La-Sentinelle-104059864394773","article_published_time":"2024-07-13T18:58:42+00:00","article_modified_time":"2024-07-13T18:58:43+00:00","og_image":[{"width":900,"height":675,"url":"https:\/\/lasentinelle.dz\/wp-content\/uploads\/2024\/07\/partis-majorite.webp","type":"image\/webp"}],"author":"La Sentinelle","twitter_card":"summary_large_image","twitter_misc":{"\u00c9crit par":"La Sentinelle","Dur\u00e9e de lecture estim\u00e9e":"4 minutes"},"schema":{"@context":"https:\/\/schema.org","@graph":[{"@type":"Article","@id":"https:\/\/lasentinelle.dz\/index.php\/2024\/07\/13\/partis-et-societe-civile-se-mobilisent\/#article","isPartOf":{"@id":"https:\/\/lasentinelle.dz\/index.php\/2024\/07\/13\/partis-et-societe-civile-se-mobilisent\/"},"author":{"name":"La Sentinelle","@id":"https:\/\/lasentinelle.dz\/#\/schema\/person\/d865044e22e70a75174ce8bcad3acfb3"},"headline":"Partis et soci\u00e9t\u00e9 civile se mobilisent","datePublished":"2024-07-13T18:58:42+00:00","dateModified":"2024-07-13T18:58:43+00:00","mainEntityOfPage":{"@id":"https:\/\/lasentinelle.dz\/index.php\/2024\/07\/13\/partis-et-societe-civile-se-mobilisent\/"},"wordCount":636,"commentCount":0,"publisher":{"@id":"https:\/\/lasentinelle.dz\/#organization"},"image":{"@id":"https:\/\/lasentinelle.dz\/index.php\/2024\/07\/13\/partis-et-societe-civile-se-mobilisent\/#primaryimage"},"thumbnailUrl":"https:\/\/lasentinelle.dz\/wp-content\/uploads\/2024\/07\/partis-majorite.webp","articleSection":["Actualit\u00e9"],"inLanguage":"fr-FR","potentialAction":[{"@type":"CommentAction","name":"Comment","target":["https:\/\/lasentinelle.dz\/index.php\/2024\/07\/13\/partis-et-societe-civile-se-mobilisent\/#respond"]}]},{"@type":"WebPage","@id":"https:\/\/lasentinelle.dz\/index.php\/2024\/07\/13\/partis-et-societe-civile-se-mobilisent\/","url":"https:\/\/lasentinelle.dz\/index.php\/2024\/07\/13\/partis-et-societe-civile-se-mobilisent\/","name":"Partis et soci\u00e9t\u00e9 civile se mobilisent - La Sentinelle","isPartOf":{"@id":"https:\/\/lasentinelle.dz\/#website"},"primaryImageOfPage":{"@id":"https:\/\/lasentinelle.dz\/index.php\/2024\/07\/13\/partis-et-societe-civile-se-mobilisent\/#primaryimage"},"image":{"@id":"https:\/\/lasentinelle.dz\/index.php\/2024\/07\/13\/partis-et-societe-civile-se-mobilisent\/#primaryimage"},"thumbnailUrl":"https:\/\/lasentinelle.dz\/wp-content\/uploads\/2024\/07\/partis-majorite.webp","datePublished":"2024-07-13T18:58:42+00:00","dateModified":"2024-07-13T18:58:43+00:00","breadcrumb":{"@id":"https:\/\/lasentinelle.dz\/index.php\/2024\/07\/13\/partis-et-societe-civile-se-mobilisent\/#breadcrumb"},"inLanguage":"fr-FR","potentialAction":[{"@type":"ReadAction","target":["https:\/\/lasentinelle.dz\/index.php\/2024\/07\/13\/partis-et-societe-civile-se-mobilisent\/"]}]},{"@type":"ImageObject","inLanguage":"fr-FR","@id":"https:\/\/lasentinelle.dz\/index.php\/2024\/07\/13\/partis-et-societe-civile-se-mobilisent\/#primaryimage","url":"https:\/\/lasentinelle.dz\/wp-content\/uploads\/2024\/07\/partis-majorite.webp","contentUrl":"https:\/\/lasentinelle.dz\/wp-content\/uploads\/2024\/07\/partis-majorite.webp","width":900,"height":675},{"@type":"BreadcrumbList","@id":"https:\/\/lasentinelle.dz\/index.php\/2024\/07\/13\/partis-et-societe-civile-se-mobilisent\/#breadcrumb","itemListElement":[{"@type":"ListItem","position":1,"name":"Accueil","item":"https:\/\/lasentinelle.dz\/"},{"@type":"ListItem","position":2,"name":"Partis et soci\u00e9t\u00e9 civile se mobilisent"}]},{"@type":"WebSite","@id":"https:\/\/lasentinelle.dz\/#website","url":"https:\/\/lasentinelle.dz\/","name":"La Sentinelle","description":"Quotidien national d&#039;information","publisher":{"@id":"https:\/\/lasentinelle.dz\/#organization"},"potentialAction":[{"@type":"SearchAction","target":{"@type":"EntryPoint","urlTemplate":"https:\/\/lasentinelle.dz\/?s={search_term_string}"},"query-input":{"@type":"PropertyValueSpecification","valueRequired":true,"valueName":"search_term_string"}}],"inLanguage":"fr-FR"},{"@type":"Organization","@id":"https:\/\/lasentinelle.dz\/#organization","name":"Quotidien La Sentinelle","url":"https:\/\/lasentinelle.dz\/","logo":{"@type":"ImageObject","inLanguage":"fr-FR","@id":"https:\/\/lasentinelle.dz\/#\/schema\/logo\/image\/","url":"https:\/\/lasentinelle.dz\/wp-content\/uploads\/2021\/09\/logo-sentinelleSLOGAN-1.png","contentUrl":"https:\/\/lasentinelle.dz\/wp-content\/uploads\/2021\/09\/logo-sentinelleSLOGAN-1.png","width":615,"height":142,"caption":"Quotidien La Sentinelle"},"image":{"@id":"https:\/\/lasentinelle.dz\/#\/schema\/logo\/image\/"},"sameAs":["https:\/\/www.facebook.com\/La-Sentinelle-104059864394773"]},{"@type":"Person","@id":"https:\/\/lasentinelle.dz\/#\/schema\/person\/d865044e22e70a75174ce8bcad3acfb3","name":"La Sentinelle","image":{"@type":"ImageObject","inLanguage":"fr-FR","@id":"https:\/\/secure.gravatar.com\/avatar\/57de8e5d4b15d43fb361a71fbb36338450fe67865b528a43dd10ef7c51a20392?s=96&d=mm&r=g","url":"https:\/\/secure.gravatar.com\/avatar\/57de8e5d4b15d43fb361a71fbb36338450fe67865b528a43dd10ef7c51a20392?s=96&d=mm&r=g","contentUrl":"https:\/\/secure.gravatar.com\/avatar\/57de8e5d4b15d43fb361a71fbb36338450fe67865b528a43dd10ef7c51a20392?s=96&d=mm&r=g","caption":"La Sentinelle"},"sameAs":["http:\/\/www.lasentinelle.dz"],"url":"https:\/\/lasentinelle.dz\/author\/redaction\/"}]}},"_links":{"self":[{"href":"https:\/\/lasentinelle.dz\/index.php\/wp-json\/wp\/v2\/posts\/54404","targetHints":{"allow":["GET"]}}],"collection":[{"href":"https:\/\/lasentinelle.dz\/index.php\/wp-json\/wp\/v2\/posts"}],"about":[{"href":"https:\/\/lasentinelle.dz\/index.php\/wp-json\/wp\/v2\/types\/post"}],"author":[{"embeddable":true,"href":"https:\/\/lasentinelle.dz\/index.php\/wp-json\/wp\/v2\/users\/3"}],"replies":[{"embeddable":true,"href":"https:\/\/lasentinelle.dz\/index.php\/wp-json\/wp\/v2\/comments?post=54404"}],"version-history":[{"count":1,"href":"https:\/\/lasentinelle.dz\/index.php\/wp-json\/wp\/v2\/posts\/54404\/revisions"}],"predecessor-version":[{"id":54406,"href":"https:\/\/lasentinelle.dz\/index.php\/wp-json\/wp\/v2\/posts\/54404\/revisions\/54406"}],"wp:featuredmedia":[{"embeddable":true,"href":"https:\/\/lasentinelle.dz\/index.php\/wp-json\/wp\/v2\/media\/54405"}],"wp:attachment":[{"href":"https:\/\/lasentinelle.dz\/index.php\/wp-json\/wp\/v2\/media?parent=54404"}],"wp:term":[{"taxonomy":"category","embeddable":true,"href":"https:\/\/lasentinelle.dz\/index.php\/wp-json\/wp\/v2\/categories?post=54404"},{"taxonomy":"post_tag","embeddable":true,"href":"https:\/\/lasentinelle.dz\/index.php\/wp-json\/wp\/v2\/tags?post=54404"}],"curies":[{"name":"wp","href":"https:\/\/api.w.org\/{rel}","templated":true}]}}