{"id":54418,"date":"2024-07-14T20:14:47","date_gmt":"2024-07-14T19:14:47","guid":{"rendered":"https:\/\/lasentinelle.dz\/?p=54418"},"modified":"2024-07-14T20:14:47","modified_gmt":"2024-07-14T19:14:47","slug":"onu-une-nouvelle-victoire-dans-la-lutte-du-peuple-sahraoui-pour-lindependance","status":"publish","type":"post","link":"https:\/\/lasentinelle.dz\/index.php\/2024\/07\/14\/onu-une-nouvelle-victoire-dans-la-lutte-du-peuple-sahraoui-pour-lindependance\/","title":{"rendered":"ONU : Une nouvelle victoire dans la lutte du peuple sahraoui pour l&rsquo;ind\u00e9pendance"},"content":{"rendered":"\n<p>a lutte l\u00e9gitime du peuple sahraoui pour l&rsquo;ind\u00e9pendance reconnue par l&rsquo;ONU<\/p>\n\n\n\n<p>Une \u00e9tape importante a \u00e9t\u00e9 franchie dans la reconnaissance internationale de la cause sahraouie. Le message du Front Polisario adress\u00e9 au Conseil de s\u00e9curit\u00e9 de l&rsquo;ONU concernant la situation juridique du Sahara Occidental a \u00e9t\u00e9 officiellement diffus\u00e9 aux \u00c9tats membres en tant que document du Conseil de s\u00e9curit\u00e9. Cette diffusion, confirm\u00e9e par l&rsquo;ambassadeur Sidi Mohamed Ammar, repr\u00e9sentant du Front Polisario et coordinateur avec la MINURSO, renforce la l\u00e9gitimit\u00e9 de la lutte du peuple sahraoui pour son autod\u00e9termination. Le document, transmis par l&rsquo;ambassadrice sud-africaine Mathu Joyini, r\u00e9fute avec des preuves solides la propagande marocaine et d\u00e9nonce les ambitions expansionnistes du Maroc dans la r\u00e9gion. Selon un communiqu\u00e9 du repr\u00e9sentant du Front Polisario, l&rsquo;ambassadrice permanente de l&rsquo;Afrique du Sud aupr\u00e8s de l&rsquo;ONU, l&rsquo;ambassadrice Mathu Joyini, a transmis au pr\u00e9sident du Conseil de s\u00e9curit\u00e9 la lettre de l&rsquo;ambassadeur Sidi Mohamed Ammar dat\u00e9e du 5 juillet, enregistr\u00e9e sous le num\u00e9ro (S\/2024\/320), adress\u00e9e au pr\u00e9sident du Conseil de s\u00e9curit\u00e9 par l&rsquo;ambassadeur Sidi Mohamed Ammar, dans laquelle il r\u00e9fute avec des preuves document\u00e9es et des arguments juridiques la propagande trompeuse du repr\u00e9sentant de l&rsquo;\u00c9tat occupant marocain lors de la session th\u00e9matique du Comit\u00e9 sp\u00e9cial charg\u00e9 de l&rsquo;application de la D\u00e9claration sur l&rsquo;octroi de l&rsquo;ind\u00e9pendance aux pays et aux peuples coloniaux (Comit\u00e9 des 24) sur la situation juridique du Sahara Occidental, inscrit parmi les territoires \u00e0 d\u00e9coloniser, et d\u00e9nonce ses ambitions expansionnistes dans la r\u00e9gion.<\/p>\n\n\n\n<p>Le diplomate sahraoui a pr\u00e9sent\u00e9 des faits historiques irr\u00e9futables, remontant \u00e0 1963, lorsque le Comit\u00e9 des Quatre a reconnu le Sahara Occidental comme territoire non autonome. Il a \u00e9galement rappel\u00e9 l&rsquo;avis consultatif de 1975 de la Cour internationale de justice, qui n&rsquo;a pas reconnu la pseudo souverainet\u00e9 marocaine sur le territoire.<\/p>\n\n\n\n<p>Cette communication diplomatique met en lumi\u00e8re les efforts constants du peuple sahraoui pour faire valoir son droit \u00e0 l&rsquo;autod\u00e9termination, reconnu par le droit international. Elle souligne \u00e9galement les tentatives r\u00e9p\u00e9t\u00e9es du Maroc de d\u00e9former les faits historiques et juridiques, notamment concernant l&rsquo;accord de Madrid de 1975, que l&rsquo;ONU n&rsquo;a jamais approuv\u00e9 ni ratifi\u00e9.<\/p>\n\n\n\n<p>Le statut du Sahara Occidental comme territoire \u00e0 d\u00e9coloniser est ainsi r\u00e9affirm\u00e9, renfor\u00e7ant la position du Front Polisario comme repr\u00e9sentant l\u00e9gitime d&rsquo;un peuple sahraoui en lutte pour son ind\u00e9pendance. Cette reconnaissance au plus haut niveau de l&rsquo;ONU est un pas important vers la r\u00e9solution pacifique du conflit, conform\u00e9ment au droit international et aux r\u00e9solutions de l&rsquo;ONU. La diffusion de ce document rappelle \u00e0 la communaut\u00e9 internationale son devoir de soutenir le processus d&rsquo;autod\u00e9termination du peuple sahraoui et de s&rsquo;opposer \u00e0 toute tentative d&rsquo;annexion ill\u00e9gale. Elle souligne l&rsquo;urgence de mettre fin \u00e0 l&rsquo;occupation du Sahara Occidental et de permettre enfin au peuple sahraoui d&rsquo;exercer son droit inali\u00e9nable \u00e0 l&rsquo;autod\u00e9termination et \u00e0 l&rsquo;ind\u00e9pendance.<\/p>\n\n\n\n<p><strong>R.I.<\/strong><\/p>\n","protected":false},"excerpt":{"rendered":"<p>a lutte l\u00e9gitime du peuple sahraoui pour l&rsquo;ind\u00e9pendance reconnue par l&rsquo;ONU Une \u00e9tape importante a \u00e9t\u00e9 franchie dans la reconnaissance<\/p>\n","protected":false},"author":3,"featured_media":47913,"comment_status":"open","ping_status":"closed","sticky":false,"template":"","format":"standard","meta":{"colormag_page_container_layout":"default_layout","colormag_page_sidebar_layout":"default_layout","om_disable_all_campaigns":false,"_monsterinsights_skip_tracking":false,"_monsterinsights_sitenote_active":false,"_monsterinsights_sitenote_note":"","_monsterinsights_sitenote_category":0,"footnotes":"","_wpscppro_dont_share_socialmedia":false,"_wpscppro_custom_social_share_image":0,"_facebook_share_type":"default","_twitter_share_type":"default","_linkedin_share_type":"default","_pinterest_share_type":"default","_linkedin_share_type_page":"","_instagram_share_type":"default","_medium_share_type":"","_threads_share_type":"","_google_business_share_type":"","_selected_social_profile":[],"_wpsp_enable_custom_social_template":false,"_wpsp_social_scheduling":{"enabled":false,"datetime":null,"platforms":[],"status":"template_only","dateOption":"today","timeOption":"now","customDays":"","customHours":"","customDate":"","customTime":"","schedulingType":"absolute"},"_wpsp_active_default_template":true},"categories":[37],"tags":[],"class_list":["post-54418","post","type-post","status-publish","format-standard","has-post-thumbnail","hentry","category-monde"],"aioseo_notices":[],"yoast_head":"<!-- This site is optimized with the Yoast SEO plugin v27.5 - https:\/\/yoast.com\/product\/yoast-seo-wordpress\/ -->\n<title>ONU : Une nouvelle victoire dans la lutte du peuple sahraoui pour l&rsquo;ind\u00e9pendance - La Sentinelle<\/title>\n<meta name=\"robots\" content=\"index, follow, max-snippet:-1, max-image-preview:large, max-video-preview:-1\" \/>\n<link rel=\"canonical\" href=\"https:\/\/lasentinelle.dz\/index.php\/2024\/07\/14\/onu-une-nouvelle-victoire-dans-la-lutte-du-peuple-sahraoui-pour-lindependance\/\" \/>\n<meta property=\"og:locale\" content=\"fr_FR\" \/>\n<meta property=\"og:type\" content=\"article\" \/>\n<meta property=\"og:title\" content=\"ONU : Une nouvelle victoire dans la lutte du peuple sahraoui pour l&rsquo;ind\u00e9pendance - La Sentinelle\" \/>\n<meta property=\"og:description\" content=\"a lutte l\u00e9gitime du peuple sahraoui pour l&rsquo;ind\u00e9pendance reconnue par l&rsquo;ONU Une \u00e9tape importante a \u00e9t\u00e9 franchie dans la reconnaissance\" \/>\n<meta property=\"og:url\" content=\"https:\/\/lasentinelle.dz\/index.php\/2024\/07\/14\/onu-une-nouvelle-victoire-dans-la-lutte-du-peuple-sahraoui-pour-lindependance\/\" \/>\n<meta property=\"og:site_name\" content=\"La Sentinelle\" \/>\n<meta property=\"article:publisher\" content=\"https:\/\/www.facebook.com\/La-Sentinelle-104059864394773\" \/>\n<meta property=\"article:published_time\" content=\"2024-07-14T19:14:47+00:00\" \/>\n<meta property=\"og:image\" content=\"https:\/\/lasentinelle.dz\/wp-content\/uploads\/2023\/12\/Sahara-occidental.jpeg\" \/>\n\t<meta property=\"og:image:width\" content=\"745\" \/>\n\t<meta property=\"og:image:height\" content=\"470\" \/>\n\t<meta property=\"og:image:type\" content=\"image\/jpeg\" \/>\n<meta name=\"author\" content=\"La Sentinelle\" \/>\n<meta name=\"twitter:card\" content=\"summary_large_image\" \/>\n<meta name=\"twitter:label1\" content=\"\u00c9crit par\" \/>\n\t<meta name=\"twitter:data1\" content=\"La Sentinelle\" \/>\n\t<meta name=\"twitter:label2\" content=\"Dur\u00e9e de lecture estim\u00e9e\" \/>\n\t<meta name=\"twitter:data2\" content=\"3 minutes\" \/>\n<script type=\"application\/ld+json\" class=\"yoast-schema-graph\">{\"@context\":\"https:\\\/\\\/schema.org\",\"@graph\":[{\"@type\":\"Article\",\"@id\":\"https:\\\/\\\/lasentinelle.dz\\\/index.php\\\/2024\\\/07\\\/14\\\/onu-une-nouvelle-victoire-dans-la-lutte-du-peuple-sahraoui-pour-lindependance\\\/#article\",\"isPartOf\":{\"@id\":\"https:\\\/\\\/lasentinelle.dz\\\/index.php\\\/2024\\\/07\\\/14\\\/onu-une-nouvelle-victoire-dans-la-lutte-du-peuple-sahraoui-pour-lindependance\\\/\"},\"author\":{\"name\":\"La Sentinelle\",\"@id\":\"https:\\\/\\\/lasentinelle.dz\\\/#\\\/schema\\\/person\\\/d865044e22e70a75174ce8bcad3acfb3\"},\"headline\":\"ONU : Une nouvelle victoire dans la lutte du peuple sahraoui pour l&rsquo;ind\u00e9pendance\",\"datePublished\":\"2024-07-14T19:14:47+00:00\",\"mainEntityOfPage\":{\"@id\":\"https:\\\/\\\/lasentinelle.dz\\\/index.php\\\/2024\\\/07\\\/14\\\/onu-une-nouvelle-victoire-dans-la-lutte-du-peuple-sahraoui-pour-lindependance\\\/\"},\"wordCount\":542,\"commentCount\":0,\"publisher\":{\"@id\":\"https:\\\/\\\/lasentinelle.dz\\\/#organization\"},\"image\":{\"@id\":\"https:\\\/\\\/lasentinelle.dz\\\/index.php\\\/2024\\\/07\\\/14\\\/onu-une-nouvelle-victoire-dans-la-lutte-du-peuple-sahraoui-pour-lindependance\\\/#primaryimage\"},\"thumbnailUrl\":\"https:\\\/\\\/lasentinelle.dz\\\/wp-content\\\/uploads\\\/2023\\\/12\\\/Sahara-occidental.jpeg\",\"articleSection\":[\"Monde\"],\"inLanguage\":\"fr-FR\",\"potentialAction\":[{\"@type\":\"CommentAction\",\"name\":\"Comment\",\"target\":[\"https:\\\/\\\/lasentinelle.dz\\\/index.php\\\/2024\\\/07\\\/14\\\/onu-une-nouvelle-victoire-dans-la-lutte-du-peuple-sahraoui-pour-lindependance\\\/#respond\"]}]},{\"@type\":\"WebPage\",\"@id\":\"https:\\\/\\\/lasentinelle.dz\\\/index.php\\\/2024\\\/07\\\/14\\\/onu-une-nouvelle-victoire-dans-la-lutte-du-peuple-sahraoui-pour-lindependance\\\/\",\"url\":\"https:\\\/\\\/lasentinelle.dz\\\/index.php\\\/2024\\\/07\\\/14\\\/onu-une-nouvelle-victoire-dans-la-lutte-du-peuple-sahraoui-pour-lindependance\\\/\",\"name\":\"ONU : Une nouvelle victoire dans la lutte du peuple sahraoui pour l&rsquo;ind\u00e9pendance - La Sentinelle\",\"isPartOf\":{\"@id\":\"https:\\\/\\\/lasentinelle.dz\\\/#website\"},\"primaryImageOfPage\":{\"@id\":\"https:\\\/\\\/lasentinelle.dz\\\/index.php\\\/2024\\\/07\\\/14\\\/onu-une-nouvelle-victoire-dans-la-lutte-du-peuple-sahraoui-pour-lindependance\\\/#primaryimage\"},\"image\":{\"@id\":\"https:\\\/\\\/lasentinelle.dz\\\/index.php\\\/2024\\\/07\\\/14\\\/onu-une-nouvelle-victoire-dans-la-lutte-du-peuple-sahraoui-pour-lindependance\\\/#primaryimage\"},\"thumbnailUrl\":\"https:\\\/\\\/lasentinelle.dz\\\/wp-content\\\/uploads\\\/2023\\\/12\\\/Sahara-occidental.jpeg\",\"datePublished\":\"2024-07-14T19:14:47+00:00\",\"breadcrumb\":{\"@id\":\"https:\\\/\\\/lasentinelle.dz\\\/index.php\\\/2024\\\/07\\\/14\\\/onu-une-nouvelle-victoire-dans-la-lutte-du-peuple-sahraoui-pour-lindependance\\\/#breadcrumb\"},\"inLanguage\":\"fr-FR\",\"potentialAction\":[{\"@type\":\"ReadAction\",\"target\":[\"https:\\\/\\\/lasentinelle.dz\\\/index.php\\\/2024\\\/07\\\/14\\\/onu-une-nouvelle-victoire-dans-la-lutte-du-peuple-sahraoui-pour-lindependance\\\/\"]}]},{\"@type\":\"ImageObject\",\"inLanguage\":\"fr-FR\",\"@id\":\"https:\\\/\\\/lasentinelle.dz\\\/index.php\\\/2024\\\/07\\\/14\\\/onu-une-nouvelle-victoire-dans-la-lutte-du-peuple-sahraoui-pour-lindependance\\\/#primaryimage\",\"url\":\"https:\\\/\\\/lasentinelle.dz\\\/wp-content\\\/uploads\\\/2023\\\/12\\\/Sahara-occidental.jpeg\",\"contentUrl\":\"https:\\\/\\\/lasentinelle.dz\\\/wp-content\\\/uploads\\\/2023\\\/12\\\/Sahara-occidental.jpeg\",\"width\":745,\"height\":470},{\"@type\":\"BreadcrumbList\",\"@id\":\"https:\\\/\\\/lasentinelle.dz\\\/index.php\\\/2024\\\/07\\\/14\\\/onu-une-nouvelle-victoire-dans-la-lutte-du-peuple-sahraoui-pour-lindependance\\\/#breadcrumb\",\"itemListElement\":[{\"@type\":\"ListItem\",\"position\":1,\"name\":\"Accueil\",\"item\":\"https:\\\/\\\/lasentinelle.dz\\\/\"},{\"@type\":\"ListItem\",\"position\":2,\"name\":\"ONU : Une nouvelle victoire dans la lutte du peuple sahraoui pour l&rsquo;ind\u00e9pendance\"}]},{\"@type\":\"WebSite\",\"@id\":\"https:\\\/\\\/lasentinelle.dz\\\/#website\",\"url\":\"https:\\\/\\\/lasentinelle.dz\\\/\",\"name\":\"La Sentinelle\",\"description\":\"Quotidien national d&#039;information\",\"publisher\":{\"@id\":\"https:\\\/\\\/lasentinelle.dz\\\/#organization\"},\"potentialAction\":[{\"@type\":\"SearchAction\",\"target\":{\"@type\":\"EntryPoint\",\"urlTemplate\":\"https:\\\/\\\/lasentinelle.dz\\\/?s={search_term_string}\"},\"query-input\":{\"@type\":\"PropertyValueSpecification\",\"valueRequired\":true,\"valueName\":\"search_term_string\"}}],\"inLanguage\":\"fr-FR\"},{\"@type\":\"Organization\",\"@id\":\"https:\\\/\\\/lasentinelle.dz\\\/#organization\",\"name\":\"Quotidien La Sentinelle\",\"url\":\"https:\\\/\\\/lasentinelle.dz\\\/\",\"logo\":{\"@type\":\"ImageObject\",\"inLanguage\":\"fr-FR\",\"@id\":\"https:\\\/\\\/lasentinelle.dz\\\/#\\\/schema\\\/logo\\\/image\\\/\",\"url\":\"https:\\\/\\\/lasentinelle.dz\\\/wp-content\\\/uploads\\\/2021\\\/09\\\/logo-sentinelleSLOGAN-1.png\",\"contentUrl\":\"https:\\\/\\\/lasentinelle.dz\\\/wp-content\\\/uploads\\\/2021\\\/09\\\/logo-sentinelleSLOGAN-1.png\",\"width\":615,\"height\":142,\"caption\":\"Quotidien La Sentinelle\"},\"image\":{\"@id\":\"https:\\\/\\\/lasentinelle.dz\\\/#\\\/schema\\\/logo\\\/image\\\/\"},\"sameAs\":[\"https:\\\/\\\/www.facebook.com\\\/La-Sentinelle-104059864394773\"]},{\"@type\":\"Person\",\"@id\":\"https:\\\/\\\/lasentinelle.dz\\\/#\\\/schema\\\/person\\\/d865044e22e70a75174ce8bcad3acfb3\",\"name\":\"La Sentinelle\",\"image\":{\"@type\":\"ImageObject\",\"inLanguage\":\"fr-FR\",\"@id\":\"https:\\\/\\\/secure.gravatar.com\\\/avatar\\\/57de8e5d4b15d43fb361a71fbb36338450fe67865b528a43dd10ef7c51a20392?s=96&d=mm&r=g\",\"url\":\"https:\\\/\\\/secure.gravatar.com\\\/avatar\\\/57de8e5d4b15d43fb361a71fbb36338450fe67865b528a43dd10ef7c51a20392?s=96&d=mm&r=g\",\"contentUrl\":\"https:\\\/\\\/secure.gravatar.com\\\/avatar\\\/57de8e5d4b15d43fb361a71fbb36338450fe67865b528a43dd10ef7c51a20392?s=96&d=mm&r=g\",\"caption\":\"La Sentinelle\"},\"sameAs\":[\"http:\\\/\\\/www.lasentinelle.dz\"],\"url\":\"https:\\\/\\\/lasentinelle.dz\\\/author\\\/redaction\\\/\"}]}<\/script>\n<!-- \/ Yoast SEO plugin. -->","yoast_head_json":{"title":"ONU : Une nouvelle victoire dans la lutte du peuple sahraoui pour l&rsquo;ind\u00e9pendance - La Sentinelle","robots":{"index":"index","follow":"follow","max-snippet":"max-snippet:-1","max-image-preview":"max-image-preview:large","max-video-preview":"max-video-preview:-1"},"canonical":"https:\/\/lasentinelle.dz\/index.php\/2024\/07\/14\/onu-une-nouvelle-victoire-dans-la-lutte-du-peuple-sahraoui-pour-lindependance\/","og_locale":"fr_FR","og_type":"article","og_title":"ONU : Une nouvelle victoire dans la lutte du peuple sahraoui pour l&rsquo;ind\u00e9pendance - La Sentinelle","og_description":"a lutte l\u00e9gitime du peuple sahraoui pour l&rsquo;ind\u00e9pendance reconnue par l&rsquo;ONU Une \u00e9tape importante a \u00e9t\u00e9 franchie dans la reconnaissance","og_url":"https:\/\/lasentinelle.dz\/index.php\/2024\/07\/14\/onu-une-nouvelle-victoire-dans-la-lutte-du-peuple-sahraoui-pour-lindependance\/","og_site_name":"La Sentinelle","article_publisher":"https:\/\/www.facebook.com\/La-Sentinelle-104059864394773","article_published_time":"2024-07-14T19:14:47+00:00","og_image":[{"width":745,"height":470,"url":"https:\/\/lasentinelle.dz\/wp-content\/uploads\/2023\/12\/Sahara-occidental.jpeg","type":"image\/jpeg"}],"author":"La Sentinelle","twitter_card":"summary_large_image","twitter_misc":{"\u00c9crit par":"La Sentinelle","Dur\u00e9e de lecture estim\u00e9e":"3 minutes"},"schema":{"@context":"https:\/\/schema.org","@graph":[{"@type":"Article","@id":"https:\/\/lasentinelle.dz\/index.php\/2024\/07\/14\/onu-une-nouvelle-victoire-dans-la-lutte-du-peuple-sahraoui-pour-lindependance\/#article","isPartOf":{"@id":"https:\/\/lasentinelle.dz\/index.php\/2024\/07\/14\/onu-une-nouvelle-victoire-dans-la-lutte-du-peuple-sahraoui-pour-lindependance\/"},"author":{"name":"La Sentinelle","@id":"https:\/\/lasentinelle.dz\/#\/schema\/person\/d865044e22e70a75174ce8bcad3acfb3"},"headline":"ONU : Une nouvelle victoire dans la lutte du peuple sahraoui pour l&rsquo;ind\u00e9pendance","datePublished":"2024-07-14T19:14:47+00:00","mainEntityOfPage":{"@id":"https:\/\/lasentinelle.dz\/index.php\/2024\/07\/14\/onu-une-nouvelle-victoire-dans-la-lutte-du-peuple-sahraoui-pour-lindependance\/"},"wordCount":542,"commentCount":0,"publisher":{"@id":"https:\/\/lasentinelle.dz\/#organization"},"image":{"@id":"https:\/\/lasentinelle.dz\/index.php\/2024\/07\/14\/onu-une-nouvelle-victoire-dans-la-lutte-du-peuple-sahraoui-pour-lindependance\/#primaryimage"},"thumbnailUrl":"https:\/\/lasentinelle.dz\/wp-content\/uploads\/2023\/12\/Sahara-occidental.jpeg","articleSection":["Monde"],"inLanguage":"fr-FR","potentialAction":[{"@type":"CommentAction","name":"Comment","target":["https:\/\/lasentinelle.dz\/index.php\/2024\/07\/14\/onu-une-nouvelle-victoire-dans-la-lutte-du-peuple-sahraoui-pour-lindependance\/#respond"]}]},{"@type":"WebPage","@id":"https:\/\/lasentinelle.dz\/index.php\/2024\/07\/14\/onu-une-nouvelle-victoire-dans-la-lutte-du-peuple-sahraoui-pour-lindependance\/","url":"https:\/\/lasentinelle.dz\/index.php\/2024\/07\/14\/onu-une-nouvelle-victoire-dans-la-lutte-du-peuple-sahraoui-pour-lindependance\/","name":"ONU : Une nouvelle victoire dans la lutte du peuple sahraoui pour l&rsquo;ind\u00e9pendance - La Sentinelle","isPartOf":{"@id":"https:\/\/lasentinelle.dz\/#website"},"primaryImageOfPage":{"@id":"https:\/\/lasentinelle.dz\/index.php\/2024\/07\/14\/onu-une-nouvelle-victoire-dans-la-lutte-du-peuple-sahraoui-pour-lindependance\/#primaryimage"},"image":{"@id":"https:\/\/lasentinelle.dz\/index.php\/2024\/07\/14\/onu-une-nouvelle-victoire-dans-la-lutte-du-peuple-sahraoui-pour-lindependance\/#primaryimage"},"thumbnailUrl":"https:\/\/lasentinelle.dz\/wp-content\/uploads\/2023\/12\/Sahara-occidental.jpeg","datePublished":"2024-07-14T19:14:47+00:00","breadcrumb":{"@id":"https:\/\/lasentinelle.dz\/index.php\/2024\/07\/14\/onu-une-nouvelle-victoire-dans-la-lutte-du-peuple-sahraoui-pour-lindependance\/#breadcrumb"},"inLanguage":"fr-FR","potentialAction":[{"@type":"ReadAction","target":["https:\/\/lasentinelle.dz\/index.php\/2024\/07\/14\/onu-une-nouvelle-victoire-dans-la-lutte-du-peuple-sahraoui-pour-lindependance\/"]}]},{"@type":"ImageObject","inLanguage":"fr-FR","@id":"https:\/\/lasentinelle.dz\/index.php\/2024\/07\/14\/onu-une-nouvelle-victoire-dans-la-lutte-du-peuple-sahraoui-pour-lindependance\/#primaryimage","url":"https:\/\/lasentinelle.dz\/wp-content\/uploads\/2023\/12\/Sahara-occidental.jpeg","contentUrl":"https:\/\/lasentinelle.dz\/wp-content\/uploads\/2023\/12\/Sahara-occidental.jpeg","width":745,"height":470},{"@type":"BreadcrumbList","@id":"https:\/\/lasentinelle.dz\/index.php\/2024\/07\/14\/onu-une-nouvelle-victoire-dans-la-lutte-du-peuple-sahraoui-pour-lindependance\/#breadcrumb","itemListElement":[{"@type":"ListItem","position":1,"name":"Accueil","item":"https:\/\/lasentinelle.dz\/"},{"@type":"ListItem","position":2,"name":"ONU : Une nouvelle victoire dans la lutte du peuple sahraoui pour l&rsquo;ind\u00e9pendance"}]},{"@type":"WebSite","@id":"https:\/\/lasentinelle.dz\/#website","url":"https:\/\/lasentinelle.dz\/","name":"La Sentinelle","description":"Quotidien national d&#039;information","publisher":{"@id":"https:\/\/lasentinelle.dz\/#organization"},"potentialAction":[{"@type":"SearchAction","target":{"@type":"EntryPoint","urlTemplate":"https:\/\/lasentinelle.dz\/?s={search_term_string}"},"query-input":{"@type":"PropertyValueSpecification","valueRequired":true,"valueName":"search_term_string"}}],"inLanguage":"fr-FR"},{"@type":"Organization","@id":"https:\/\/lasentinelle.dz\/#organization","name":"Quotidien La Sentinelle","url":"https:\/\/lasentinelle.dz\/","logo":{"@type":"ImageObject","inLanguage":"fr-FR","@id":"https:\/\/lasentinelle.dz\/#\/schema\/logo\/image\/","url":"https:\/\/lasentinelle.dz\/wp-content\/uploads\/2021\/09\/logo-sentinelleSLOGAN-1.png","contentUrl":"https:\/\/lasentinelle.dz\/wp-content\/uploads\/2021\/09\/logo-sentinelleSLOGAN-1.png","width":615,"height":142,"caption":"Quotidien La Sentinelle"},"image":{"@id":"https:\/\/lasentinelle.dz\/#\/schema\/logo\/image\/"},"sameAs":["https:\/\/www.facebook.com\/La-Sentinelle-104059864394773"]},{"@type":"Person","@id":"https:\/\/lasentinelle.dz\/#\/schema\/person\/d865044e22e70a75174ce8bcad3acfb3","name":"La Sentinelle","image":{"@type":"ImageObject","inLanguage":"fr-FR","@id":"https:\/\/secure.gravatar.com\/avatar\/57de8e5d4b15d43fb361a71fbb36338450fe67865b528a43dd10ef7c51a20392?s=96&d=mm&r=g","url":"https:\/\/secure.gravatar.com\/avatar\/57de8e5d4b15d43fb361a71fbb36338450fe67865b528a43dd10ef7c51a20392?s=96&d=mm&r=g","contentUrl":"https:\/\/secure.gravatar.com\/avatar\/57de8e5d4b15d43fb361a71fbb36338450fe67865b528a43dd10ef7c51a20392?s=96&d=mm&r=g","caption":"La Sentinelle"},"sameAs":["http:\/\/www.lasentinelle.dz"],"url":"https:\/\/lasentinelle.dz\/author\/redaction\/"}]}},"_links":{"self":[{"href":"https:\/\/lasentinelle.dz\/index.php\/wp-json\/wp\/v2\/posts\/54418","targetHints":{"allow":["GET"]}}],"collection":[{"href":"https:\/\/lasentinelle.dz\/index.php\/wp-json\/wp\/v2\/posts"}],"about":[{"href":"https:\/\/lasentinelle.dz\/index.php\/wp-json\/wp\/v2\/types\/post"}],"author":[{"embeddable":true,"href":"https:\/\/lasentinelle.dz\/index.php\/wp-json\/wp\/v2\/users\/3"}],"replies":[{"embeddable":true,"href":"https:\/\/lasentinelle.dz\/index.php\/wp-json\/wp\/v2\/comments?post=54418"}],"version-history":[{"count":2,"href":"https:\/\/lasentinelle.dz\/index.php\/wp-json\/wp\/v2\/posts\/54418\/revisions"}],"predecessor-version":[{"id":54420,"href":"https:\/\/lasentinelle.dz\/index.php\/wp-json\/wp\/v2\/posts\/54418\/revisions\/54420"}],"wp:featuredmedia":[{"embeddable":true,"href":"https:\/\/lasentinelle.dz\/index.php\/wp-json\/wp\/v2\/media\/47913"}],"wp:attachment":[{"href":"https:\/\/lasentinelle.dz\/index.php\/wp-json\/wp\/v2\/media?parent=54418"}],"wp:term":[{"taxonomy":"category","embeddable":true,"href":"https:\/\/lasentinelle.dz\/index.php\/wp-json\/wp\/v2\/categories?post=54418"},{"taxonomy":"post_tag","embeddable":true,"href":"https:\/\/lasentinelle.dz\/index.php\/wp-json\/wp\/v2\/tags?post=54418"}],"curies":[{"name":"wp","href":"https:\/\/api.w.org\/{rel}","templated":true}]}}