{"id":54428,"date":"2024-07-14T20:17:35","date_gmt":"2024-07-14T19:17:35","guid":{"rendered":"https:\/\/lasentinelle.dz\/?p=54428"},"modified":"2024-07-14T20:17:36","modified_gmt":"2024-07-14T19:17:36","slug":"rehabilitation-imminente-de-la-casbah-de-tenes-un-joyau-historique-millenaire-du-bassin-mediterraneen","status":"publish","type":"post","link":"https:\/\/lasentinelle.dz\/index.php\/2024\/07\/14\/rehabilitation-imminente-de-la-casbah-de-tenes-un-joyau-historique-millenaire-du-bassin-mediterraneen\/","title":{"rendered":"R\u00e9habilitation imminente de la Casbah de T\u00e9n\u00e8s: Un joyau historique mill\u00e9naire du bassin m\u00e9diterran\u00e9en"},"content":{"rendered":"\n<p>La ministre de la Culture et des Arts, Soraya Mouloudji, a annonc\u00e9 hier \u00e0 Chlef la lev\u00e9e du gel sur l&rsquo;\u00e9tude et les travaux urgents de r\u00e9habilitation de la Casbah de T\u00e9n\u00e8s, tr\u00e9sor architectural vieux de plus de 1200 ans.<\/p>\n\n\n\n<p>Lors de sa visite de travail et d\u2019inspection de plusieurs \u00e9tablissements relevant de son secteur dans la wilaya de Chlef, Mouloudji a r\u00e9v\u00e9l\u00e9, apr\u00e8s avoir pris connaissance du plan permanent de pr\u00e9servation et de r\u00e9habilitation du secteur sauvegard\u00e9 de la vieille ville de T\u00e9n\u00e8s, la lev\u00e9e du gel sur l\u2019\u00e9tude compl\u00e9mentaire et le suivi de la r\u00e9alisation des travaux urgents pour la r\u00e9habilitation de la Casbah de T\u00e9n\u00e8s,<\/p>\n\n\n\n<p>Fond\u00e9e en 785 par des marins andalous, la Casbah de T\u00e9n\u00e8s t\u00e9moigne de l&rsquo;histoire riche et mouvement\u00e9e du bassin m\u00e9diterran\u00e9en. Ce site exceptionnel, s&rsquo;\u00e9tendant sur 12 hectares, abrite plus de 300 b\u00e2tisses anciennes et 13 monuments historiques, faisant de T\u00e9n\u00e8s l&rsquo;une des villes les plus anciennes de la r\u00e9gion.<\/p>\n\n\n\n<p>La Casbah, class\u00e9e secteur sauvegard\u00e9 en 2007, rec\u00e8le un patrimoine inestimable : mosqu\u00e9es s\u00e9culaires, murailles imposantes, tours de guet, thermes anciens et ensembles r\u00e9sidentiels traditionnels. Ces \u00e9l\u00e9ments racontent l&rsquo;histoire des nombreuses civilisations qui se sont succ\u00e9d\u00e9 dans ce port strat\u00e9gique. En 2010, elle a b\u00e9n\u00e9fici\u00e9 d\u2019une \u00e9tude pour l\u2019\u00e9laboration d\u2019un plan permanent de pr\u00e9servation et de r\u00e9habilitation du secteur sauvegard\u00e9, et en 2018, d\u2019un projet de travaux urgents en faveur de 63 logements et des monuments class\u00e9s en premi\u00e8re cat\u00e9gorie de danger, qui avaient \u00e9t\u00e9 gel\u00e9s.<\/p>\n\n\n\n<p>Consciente de l&rsquo;importance capitale de ce site, la ministre a insist\u00e9 sur l&rsquo;utilisation de mat\u00e9riaux d&rsquo;origine lors des travaux de restauration, afin de pr\u00e9server l&rsquo;authenticit\u00e9 et la dimension historique et religieuse de ces monuments. Un budget de 100 millions de dinars a \u00e9t\u00e9 allou\u00e9 \u00e0 ce projet crucial. La ministre a insist\u00e9 sur la n\u00e9cessit\u00e9 d\u2019acc\u00e9l\u00e9rer la pr\u00e9paration des cahiers des charges et des diff\u00e9rentes proc\u00e9dures administratives pour lancer les travaux de restauration<\/p>\n\n\n\n<p>Cette d\u00e9cision marque un tournant dans la sauvegarde de ce patrimoine unique, gel\u00e9 depuis 2018 malgr\u00e9 son classement en premi\u00e8re cat\u00e9gorie de danger. La r\u00e9habilitation de la Casbah de T\u00e9n\u00e8s repr\u00e9sente non seulement un enjeu culturel majeur, mais aussi une opportunit\u00e9 de raviver l&rsquo;int\u00e9r\u00eat pour ce t\u00e9moin mill\u00e9naire de l&rsquo;histoire m\u00e9diterran\u00e9enne.<\/p>\n\n\n\n<p>La visite de la ministre s&rsquo;inscrit dans une d\u00e9marche plus large de valorisation du patrimoine culturel de la r\u00e9gion, incluant \u00e9galement l&rsquo;inspection d&rsquo;autres sites historiques et culturels de la wilaya de Chlef. Cette initiative promet de redonner \u00e0 la Casbah de T\u00e9n\u00e8s la place qu&rsquo;elle m\u00e9rite dans le paysage historique et touristique de l&rsquo;Alg\u00e9rie. La ministre de la Culture et des Arts est en visite de travail dans son secteur \u00e0 Chlef, o\u00f9 elle a visit\u00e9 la vieille Casbah de T\u00e9n\u00e8s, l\u2019annexe de l\u2019Agence nationale des secteurs sauvegard\u00e9s, et a \u00e9galement, accompagn\u00e9e d\u2019un groupe d\u2019artistes, visit\u00e9 et honor\u00e9 un artiste de T\u00e9n\u00e8s sp\u00e9cialis\u00e9 dans le genre populaire, l\u2019artiste Mendil Ali. Elle devait donner le coup d\u2019envoi du projet de r\u00e9habilitation du th\u00e9\u00e2tre de plein air et inaugurera l\u2019Institut r\u00e9gional de formation musicale, une salle de cin\u00e9ma \u00e0 T\u00e9n\u00e8s et deux biblioth\u00e8ques.<\/p>\n\n\n\n<p><strong>Mohamed Seghir<\/strong><\/p>\n","protected":false},"excerpt":{"rendered":"<p>La ministre de la Culture et des Arts, Soraya Mouloudji, a annonc\u00e9 hier \u00e0 Chlef la lev\u00e9e du gel sur<\/p>\n","protected":false},"author":3,"featured_media":54429,"comment_status":"open","ping_status":"closed","sticky":false,"template":"","format":"standard","meta":{"colormag_page_container_layout":"default_layout","colormag_page_sidebar_layout":"default_layout","om_disable_all_campaigns":false,"_monsterinsights_skip_tracking":false,"_monsterinsights_sitenote_active":false,"_monsterinsights_sitenote_note":"","_monsterinsights_sitenote_category":0,"footnotes":"","_wpscppro_dont_share_socialmedia":false,"_wpscppro_custom_social_share_image":0,"_facebook_share_type":"default","_twitter_share_type":"default","_linkedin_share_type":"default","_pinterest_share_type":"default","_linkedin_share_type_page":"","_instagram_share_type":"default","_medium_share_type":"","_threads_share_type":"","_google_business_share_type":"","_selected_social_profile":[],"_wpsp_enable_custom_social_template":false,"_wpsp_social_scheduling":{"enabled":false,"datetime":null,"platforms":[],"status":"template_only","dateOption":"today","timeOption":"now","customDays":"","customHours":"","customDate":"","customTime":"","schedulingType":"absolute"},"_wpsp_active_default_template":true},"categories":[36],"tags":[],"class_list":["post-54428","post","type-post","status-publish","format-standard","has-post-thumbnail","hentry","category-culture"],"aioseo_notices":[],"yoast_head":"<!-- This site is optimized with the Yoast SEO plugin v27.5 - https:\/\/yoast.com\/product\/yoast-seo-wordpress\/ -->\n<title>R\u00e9habilitation imminente de la Casbah de T\u00e9n\u00e8s: Un joyau historique mill\u00e9naire du bassin m\u00e9diterran\u00e9en - La Sentinelle<\/title>\n<meta name=\"robots\" content=\"index, follow, max-snippet:-1, max-image-preview:large, max-video-preview:-1\" \/>\n<link rel=\"canonical\" href=\"https:\/\/lasentinelle.dz\/index.php\/2024\/07\/14\/rehabilitation-imminente-de-la-casbah-de-tenes-un-joyau-historique-millenaire-du-bassin-mediterraneen\/\" \/>\n<meta property=\"og:locale\" content=\"fr_FR\" \/>\n<meta property=\"og:type\" content=\"article\" \/>\n<meta property=\"og:title\" content=\"R\u00e9habilitation imminente de la Casbah de T\u00e9n\u00e8s: Un joyau historique mill\u00e9naire du bassin m\u00e9diterran\u00e9en - La Sentinelle\" \/>\n<meta property=\"og:description\" content=\"La ministre de la Culture et des Arts, Soraya Mouloudji, a annonc\u00e9 hier \u00e0 Chlef la lev\u00e9e du gel sur\" \/>\n<meta property=\"og:url\" content=\"https:\/\/lasentinelle.dz\/index.php\/2024\/07\/14\/rehabilitation-imminente-de-la-casbah-de-tenes-un-joyau-historique-millenaire-du-bassin-mediterraneen\/\" \/>\n<meta property=\"og:site_name\" content=\"La Sentinelle\" \/>\n<meta property=\"article:publisher\" content=\"https:\/\/www.facebook.com\/La-Sentinelle-104059864394773\" \/>\n<meta property=\"article:published_time\" content=\"2024-07-14T19:17:35+00:00\" \/>\n<meta property=\"article:modified_time\" content=\"2024-07-14T19:17:36+00:00\" \/>\n<meta property=\"og:image\" content=\"https:\/\/lasentinelle.dz\/wp-content\/uploads\/2024\/07\/casbah-de-tenes.jpeg\" \/>\n\t<meta property=\"og:image:width\" content=\"1440\" \/>\n\t<meta property=\"og:image:height\" content=\"810\" \/>\n\t<meta property=\"og:image:type\" content=\"image\/jpeg\" \/>\n<meta name=\"author\" content=\"La Sentinelle\" \/>\n<meta name=\"twitter:card\" content=\"summary_large_image\" \/>\n<meta name=\"twitter:label1\" content=\"\u00c9crit par\" \/>\n\t<meta name=\"twitter:data1\" content=\"La Sentinelle\" \/>\n\t<meta name=\"twitter:label2\" content=\"Dur\u00e9e de lecture estim\u00e9e\" \/>\n\t<meta name=\"twitter:data2\" content=\"3 minutes\" \/>\n<script type=\"application\/ld+json\" class=\"yoast-schema-graph\">{\"@context\":\"https:\\\/\\\/schema.org\",\"@graph\":[{\"@type\":\"Article\",\"@id\":\"https:\\\/\\\/lasentinelle.dz\\\/index.php\\\/2024\\\/07\\\/14\\\/rehabilitation-imminente-de-la-casbah-de-tenes-un-joyau-historique-millenaire-du-bassin-mediterraneen\\\/#article\",\"isPartOf\":{\"@id\":\"https:\\\/\\\/lasentinelle.dz\\\/index.php\\\/2024\\\/07\\\/14\\\/rehabilitation-imminente-de-la-casbah-de-tenes-un-joyau-historique-millenaire-du-bassin-mediterraneen\\\/\"},\"author\":{\"name\":\"La Sentinelle\",\"@id\":\"https:\\\/\\\/lasentinelle.dz\\\/#\\\/schema\\\/person\\\/d865044e22e70a75174ce8bcad3acfb3\"},\"headline\":\"R\u00e9habilitation imminente de la Casbah de T\u00e9n\u00e8s: Un joyau historique mill\u00e9naire du bassin m\u00e9diterran\u00e9en\",\"datePublished\":\"2024-07-14T19:17:35+00:00\",\"dateModified\":\"2024-07-14T19:17:36+00:00\",\"mainEntityOfPage\":{\"@id\":\"https:\\\/\\\/lasentinelle.dz\\\/index.php\\\/2024\\\/07\\\/14\\\/rehabilitation-imminente-de-la-casbah-de-tenes-un-joyau-historique-millenaire-du-bassin-mediterraneen\\\/\"},\"wordCount\":629,\"commentCount\":0,\"publisher\":{\"@id\":\"https:\\\/\\\/lasentinelle.dz\\\/#organization\"},\"image\":{\"@id\":\"https:\\\/\\\/lasentinelle.dz\\\/index.php\\\/2024\\\/07\\\/14\\\/rehabilitation-imminente-de-la-casbah-de-tenes-un-joyau-historique-millenaire-du-bassin-mediterraneen\\\/#primaryimage\"},\"thumbnailUrl\":\"https:\\\/\\\/lasentinelle.dz\\\/wp-content\\\/uploads\\\/2024\\\/07\\\/casbah-de-tenes.jpeg\",\"articleSection\":[\"Culture\"],\"inLanguage\":\"fr-FR\",\"potentialAction\":[{\"@type\":\"CommentAction\",\"name\":\"Comment\",\"target\":[\"https:\\\/\\\/lasentinelle.dz\\\/index.php\\\/2024\\\/07\\\/14\\\/rehabilitation-imminente-de-la-casbah-de-tenes-un-joyau-historique-millenaire-du-bassin-mediterraneen\\\/#respond\"]}]},{\"@type\":\"WebPage\",\"@id\":\"https:\\\/\\\/lasentinelle.dz\\\/index.php\\\/2024\\\/07\\\/14\\\/rehabilitation-imminente-de-la-casbah-de-tenes-un-joyau-historique-millenaire-du-bassin-mediterraneen\\\/\",\"url\":\"https:\\\/\\\/lasentinelle.dz\\\/index.php\\\/2024\\\/07\\\/14\\\/rehabilitation-imminente-de-la-casbah-de-tenes-un-joyau-historique-millenaire-du-bassin-mediterraneen\\\/\",\"name\":\"R\u00e9habilitation imminente de la Casbah de T\u00e9n\u00e8s: Un joyau historique mill\u00e9naire du bassin m\u00e9diterran\u00e9en - La Sentinelle\",\"isPartOf\":{\"@id\":\"https:\\\/\\\/lasentinelle.dz\\\/#website\"},\"primaryImageOfPage\":{\"@id\":\"https:\\\/\\\/lasentinelle.dz\\\/index.php\\\/2024\\\/07\\\/14\\\/rehabilitation-imminente-de-la-casbah-de-tenes-un-joyau-historique-millenaire-du-bassin-mediterraneen\\\/#primaryimage\"},\"image\":{\"@id\":\"https:\\\/\\\/lasentinelle.dz\\\/index.php\\\/2024\\\/07\\\/14\\\/rehabilitation-imminente-de-la-casbah-de-tenes-un-joyau-historique-millenaire-du-bassin-mediterraneen\\\/#primaryimage\"},\"thumbnailUrl\":\"https:\\\/\\\/lasentinelle.dz\\\/wp-content\\\/uploads\\\/2024\\\/07\\\/casbah-de-tenes.jpeg\",\"datePublished\":\"2024-07-14T19:17:35+00:00\",\"dateModified\":\"2024-07-14T19:17:36+00:00\",\"breadcrumb\":{\"@id\":\"https:\\\/\\\/lasentinelle.dz\\\/index.php\\\/2024\\\/07\\\/14\\\/rehabilitation-imminente-de-la-casbah-de-tenes-un-joyau-historique-millenaire-du-bassin-mediterraneen\\\/#breadcrumb\"},\"inLanguage\":\"fr-FR\",\"potentialAction\":[{\"@type\":\"ReadAction\",\"target\":[\"https:\\\/\\\/lasentinelle.dz\\\/index.php\\\/2024\\\/07\\\/14\\\/rehabilitation-imminente-de-la-casbah-de-tenes-un-joyau-historique-millenaire-du-bassin-mediterraneen\\\/\"]}]},{\"@type\":\"ImageObject\",\"inLanguage\":\"fr-FR\",\"@id\":\"https:\\\/\\\/lasentinelle.dz\\\/index.php\\\/2024\\\/07\\\/14\\\/rehabilitation-imminente-de-la-casbah-de-tenes-un-joyau-historique-millenaire-du-bassin-mediterraneen\\\/#primaryimage\",\"url\":\"https:\\\/\\\/lasentinelle.dz\\\/wp-content\\\/uploads\\\/2024\\\/07\\\/casbah-de-tenes.jpeg\",\"contentUrl\":\"https:\\\/\\\/lasentinelle.dz\\\/wp-content\\\/uploads\\\/2024\\\/07\\\/casbah-de-tenes.jpeg\",\"width\":1440,\"height\":810},{\"@type\":\"BreadcrumbList\",\"@id\":\"https:\\\/\\\/lasentinelle.dz\\\/index.php\\\/2024\\\/07\\\/14\\\/rehabilitation-imminente-de-la-casbah-de-tenes-un-joyau-historique-millenaire-du-bassin-mediterraneen\\\/#breadcrumb\",\"itemListElement\":[{\"@type\":\"ListItem\",\"position\":1,\"name\":\"Accueil\",\"item\":\"https:\\\/\\\/lasentinelle.dz\\\/\"},{\"@type\":\"ListItem\",\"position\":2,\"name\":\"R\u00e9habilitation imminente de la Casbah de T\u00e9n\u00e8s: Un joyau historique mill\u00e9naire du bassin m\u00e9diterran\u00e9en\"}]},{\"@type\":\"WebSite\",\"@id\":\"https:\\\/\\\/lasentinelle.dz\\\/#website\",\"url\":\"https:\\\/\\\/lasentinelle.dz\\\/\",\"name\":\"La Sentinelle\",\"description\":\"Quotidien national d&#039;information\",\"publisher\":{\"@id\":\"https:\\\/\\\/lasentinelle.dz\\\/#organization\"},\"potentialAction\":[{\"@type\":\"SearchAction\",\"target\":{\"@type\":\"EntryPoint\",\"urlTemplate\":\"https:\\\/\\\/lasentinelle.dz\\\/?s={search_term_string}\"},\"query-input\":{\"@type\":\"PropertyValueSpecification\",\"valueRequired\":true,\"valueName\":\"search_term_string\"}}],\"inLanguage\":\"fr-FR\"},{\"@type\":\"Organization\",\"@id\":\"https:\\\/\\\/lasentinelle.dz\\\/#organization\",\"name\":\"Quotidien La Sentinelle\",\"url\":\"https:\\\/\\\/lasentinelle.dz\\\/\",\"logo\":{\"@type\":\"ImageObject\",\"inLanguage\":\"fr-FR\",\"@id\":\"https:\\\/\\\/lasentinelle.dz\\\/#\\\/schema\\\/logo\\\/image\\\/\",\"url\":\"https:\\\/\\\/lasentinelle.dz\\\/wp-content\\\/uploads\\\/2021\\\/09\\\/logo-sentinelleSLOGAN-1.png\",\"contentUrl\":\"https:\\\/\\\/lasentinelle.dz\\\/wp-content\\\/uploads\\\/2021\\\/09\\\/logo-sentinelleSLOGAN-1.png\",\"width\":615,\"height\":142,\"caption\":\"Quotidien La Sentinelle\"},\"image\":{\"@id\":\"https:\\\/\\\/lasentinelle.dz\\\/#\\\/schema\\\/logo\\\/image\\\/\"},\"sameAs\":[\"https:\\\/\\\/www.facebook.com\\\/La-Sentinelle-104059864394773\"]},{\"@type\":\"Person\",\"@id\":\"https:\\\/\\\/lasentinelle.dz\\\/#\\\/schema\\\/person\\\/d865044e22e70a75174ce8bcad3acfb3\",\"name\":\"La Sentinelle\",\"image\":{\"@type\":\"ImageObject\",\"inLanguage\":\"fr-FR\",\"@id\":\"https:\\\/\\\/secure.gravatar.com\\\/avatar\\\/57de8e5d4b15d43fb361a71fbb36338450fe67865b528a43dd10ef7c51a20392?s=96&d=mm&r=g\",\"url\":\"https:\\\/\\\/secure.gravatar.com\\\/avatar\\\/57de8e5d4b15d43fb361a71fbb36338450fe67865b528a43dd10ef7c51a20392?s=96&d=mm&r=g\",\"contentUrl\":\"https:\\\/\\\/secure.gravatar.com\\\/avatar\\\/57de8e5d4b15d43fb361a71fbb36338450fe67865b528a43dd10ef7c51a20392?s=96&d=mm&r=g\",\"caption\":\"La Sentinelle\"},\"sameAs\":[\"http:\\\/\\\/www.lasentinelle.dz\"],\"url\":\"https:\\\/\\\/lasentinelle.dz\\\/author\\\/redaction\\\/\"}]}<\/script>\n<!-- \/ Yoast SEO plugin. -->","yoast_head_json":{"title":"R\u00e9habilitation imminente de la Casbah de T\u00e9n\u00e8s: Un joyau historique mill\u00e9naire du bassin m\u00e9diterran\u00e9en - La Sentinelle","robots":{"index":"index","follow":"follow","max-snippet":"max-snippet:-1","max-image-preview":"max-image-preview:large","max-video-preview":"max-video-preview:-1"},"canonical":"https:\/\/lasentinelle.dz\/index.php\/2024\/07\/14\/rehabilitation-imminente-de-la-casbah-de-tenes-un-joyau-historique-millenaire-du-bassin-mediterraneen\/","og_locale":"fr_FR","og_type":"article","og_title":"R\u00e9habilitation imminente de la Casbah de T\u00e9n\u00e8s: Un joyau historique mill\u00e9naire du bassin m\u00e9diterran\u00e9en - La Sentinelle","og_description":"La ministre de la Culture et des Arts, Soraya Mouloudji, a annonc\u00e9 hier \u00e0 Chlef la lev\u00e9e du gel sur","og_url":"https:\/\/lasentinelle.dz\/index.php\/2024\/07\/14\/rehabilitation-imminente-de-la-casbah-de-tenes-un-joyau-historique-millenaire-du-bassin-mediterraneen\/","og_site_name":"La Sentinelle","article_publisher":"https:\/\/www.facebook.com\/La-Sentinelle-104059864394773","article_published_time":"2024-07-14T19:17:35+00:00","article_modified_time":"2024-07-14T19:17:36+00:00","og_image":[{"width":1440,"height":810,"url":"https:\/\/lasentinelle.dz\/wp-content\/uploads\/2024\/07\/casbah-de-tenes.jpeg","type":"image\/jpeg"}],"author":"La Sentinelle","twitter_card":"summary_large_image","twitter_misc":{"\u00c9crit par":"La Sentinelle","Dur\u00e9e de lecture estim\u00e9e":"3 minutes"},"schema":{"@context":"https:\/\/schema.org","@graph":[{"@type":"Article","@id":"https:\/\/lasentinelle.dz\/index.php\/2024\/07\/14\/rehabilitation-imminente-de-la-casbah-de-tenes-un-joyau-historique-millenaire-du-bassin-mediterraneen\/#article","isPartOf":{"@id":"https:\/\/lasentinelle.dz\/index.php\/2024\/07\/14\/rehabilitation-imminente-de-la-casbah-de-tenes-un-joyau-historique-millenaire-du-bassin-mediterraneen\/"},"author":{"name":"La Sentinelle","@id":"https:\/\/lasentinelle.dz\/#\/schema\/person\/d865044e22e70a75174ce8bcad3acfb3"},"headline":"R\u00e9habilitation imminente de la Casbah de T\u00e9n\u00e8s: Un joyau historique mill\u00e9naire du bassin m\u00e9diterran\u00e9en","datePublished":"2024-07-14T19:17:35+00:00","dateModified":"2024-07-14T19:17:36+00:00","mainEntityOfPage":{"@id":"https:\/\/lasentinelle.dz\/index.php\/2024\/07\/14\/rehabilitation-imminente-de-la-casbah-de-tenes-un-joyau-historique-millenaire-du-bassin-mediterraneen\/"},"wordCount":629,"commentCount":0,"publisher":{"@id":"https:\/\/lasentinelle.dz\/#organization"},"image":{"@id":"https:\/\/lasentinelle.dz\/index.php\/2024\/07\/14\/rehabilitation-imminente-de-la-casbah-de-tenes-un-joyau-historique-millenaire-du-bassin-mediterraneen\/#primaryimage"},"thumbnailUrl":"https:\/\/lasentinelle.dz\/wp-content\/uploads\/2024\/07\/casbah-de-tenes.jpeg","articleSection":["Culture"],"inLanguage":"fr-FR","potentialAction":[{"@type":"CommentAction","name":"Comment","target":["https:\/\/lasentinelle.dz\/index.php\/2024\/07\/14\/rehabilitation-imminente-de-la-casbah-de-tenes-un-joyau-historique-millenaire-du-bassin-mediterraneen\/#respond"]}]},{"@type":"WebPage","@id":"https:\/\/lasentinelle.dz\/index.php\/2024\/07\/14\/rehabilitation-imminente-de-la-casbah-de-tenes-un-joyau-historique-millenaire-du-bassin-mediterraneen\/","url":"https:\/\/lasentinelle.dz\/index.php\/2024\/07\/14\/rehabilitation-imminente-de-la-casbah-de-tenes-un-joyau-historique-millenaire-du-bassin-mediterraneen\/","name":"R\u00e9habilitation imminente de la Casbah de T\u00e9n\u00e8s: Un joyau historique mill\u00e9naire du bassin m\u00e9diterran\u00e9en - La Sentinelle","isPartOf":{"@id":"https:\/\/lasentinelle.dz\/#website"},"primaryImageOfPage":{"@id":"https:\/\/lasentinelle.dz\/index.php\/2024\/07\/14\/rehabilitation-imminente-de-la-casbah-de-tenes-un-joyau-historique-millenaire-du-bassin-mediterraneen\/#primaryimage"},"image":{"@id":"https:\/\/lasentinelle.dz\/index.php\/2024\/07\/14\/rehabilitation-imminente-de-la-casbah-de-tenes-un-joyau-historique-millenaire-du-bassin-mediterraneen\/#primaryimage"},"thumbnailUrl":"https:\/\/lasentinelle.dz\/wp-content\/uploads\/2024\/07\/casbah-de-tenes.jpeg","datePublished":"2024-07-14T19:17:35+00:00","dateModified":"2024-07-14T19:17:36+00:00","breadcrumb":{"@id":"https:\/\/lasentinelle.dz\/index.php\/2024\/07\/14\/rehabilitation-imminente-de-la-casbah-de-tenes-un-joyau-historique-millenaire-du-bassin-mediterraneen\/#breadcrumb"},"inLanguage":"fr-FR","potentialAction":[{"@type":"ReadAction","target":["https:\/\/lasentinelle.dz\/index.php\/2024\/07\/14\/rehabilitation-imminente-de-la-casbah-de-tenes-un-joyau-historique-millenaire-du-bassin-mediterraneen\/"]}]},{"@type":"ImageObject","inLanguage":"fr-FR","@id":"https:\/\/lasentinelle.dz\/index.php\/2024\/07\/14\/rehabilitation-imminente-de-la-casbah-de-tenes-un-joyau-historique-millenaire-du-bassin-mediterraneen\/#primaryimage","url":"https:\/\/lasentinelle.dz\/wp-content\/uploads\/2024\/07\/casbah-de-tenes.jpeg","contentUrl":"https:\/\/lasentinelle.dz\/wp-content\/uploads\/2024\/07\/casbah-de-tenes.jpeg","width":1440,"height":810},{"@type":"BreadcrumbList","@id":"https:\/\/lasentinelle.dz\/index.php\/2024\/07\/14\/rehabilitation-imminente-de-la-casbah-de-tenes-un-joyau-historique-millenaire-du-bassin-mediterraneen\/#breadcrumb","itemListElement":[{"@type":"ListItem","position":1,"name":"Accueil","item":"https:\/\/lasentinelle.dz\/"},{"@type":"ListItem","position":2,"name":"R\u00e9habilitation imminente de la Casbah de T\u00e9n\u00e8s: Un joyau historique mill\u00e9naire du bassin m\u00e9diterran\u00e9en"}]},{"@type":"WebSite","@id":"https:\/\/lasentinelle.dz\/#website","url":"https:\/\/lasentinelle.dz\/","name":"La Sentinelle","description":"Quotidien national d&#039;information","publisher":{"@id":"https:\/\/lasentinelle.dz\/#organization"},"potentialAction":[{"@type":"SearchAction","target":{"@type":"EntryPoint","urlTemplate":"https:\/\/lasentinelle.dz\/?s={search_term_string}"},"query-input":{"@type":"PropertyValueSpecification","valueRequired":true,"valueName":"search_term_string"}}],"inLanguage":"fr-FR"},{"@type":"Organization","@id":"https:\/\/lasentinelle.dz\/#organization","name":"Quotidien La Sentinelle","url":"https:\/\/lasentinelle.dz\/","logo":{"@type":"ImageObject","inLanguage":"fr-FR","@id":"https:\/\/lasentinelle.dz\/#\/schema\/logo\/image\/","url":"https:\/\/lasentinelle.dz\/wp-content\/uploads\/2021\/09\/logo-sentinelleSLOGAN-1.png","contentUrl":"https:\/\/lasentinelle.dz\/wp-content\/uploads\/2021\/09\/logo-sentinelleSLOGAN-1.png","width":615,"height":142,"caption":"Quotidien La Sentinelle"},"image":{"@id":"https:\/\/lasentinelle.dz\/#\/schema\/logo\/image\/"},"sameAs":["https:\/\/www.facebook.com\/La-Sentinelle-104059864394773"]},{"@type":"Person","@id":"https:\/\/lasentinelle.dz\/#\/schema\/person\/d865044e22e70a75174ce8bcad3acfb3","name":"La Sentinelle","image":{"@type":"ImageObject","inLanguage":"fr-FR","@id":"https:\/\/secure.gravatar.com\/avatar\/57de8e5d4b15d43fb361a71fbb36338450fe67865b528a43dd10ef7c51a20392?s=96&d=mm&r=g","url":"https:\/\/secure.gravatar.com\/avatar\/57de8e5d4b15d43fb361a71fbb36338450fe67865b528a43dd10ef7c51a20392?s=96&d=mm&r=g","contentUrl":"https:\/\/secure.gravatar.com\/avatar\/57de8e5d4b15d43fb361a71fbb36338450fe67865b528a43dd10ef7c51a20392?s=96&d=mm&r=g","caption":"La Sentinelle"},"sameAs":["http:\/\/www.lasentinelle.dz"],"url":"https:\/\/lasentinelle.dz\/author\/redaction\/"}]}},"_links":{"self":[{"href":"https:\/\/lasentinelle.dz\/index.php\/wp-json\/wp\/v2\/posts\/54428","targetHints":{"allow":["GET"]}}],"collection":[{"href":"https:\/\/lasentinelle.dz\/index.php\/wp-json\/wp\/v2\/posts"}],"about":[{"href":"https:\/\/lasentinelle.dz\/index.php\/wp-json\/wp\/v2\/types\/post"}],"author":[{"embeddable":true,"href":"https:\/\/lasentinelle.dz\/index.php\/wp-json\/wp\/v2\/users\/3"}],"replies":[{"embeddable":true,"href":"https:\/\/lasentinelle.dz\/index.php\/wp-json\/wp\/v2\/comments?post=54428"}],"version-history":[{"count":1,"href":"https:\/\/lasentinelle.dz\/index.php\/wp-json\/wp\/v2\/posts\/54428\/revisions"}],"predecessor-version":[{"id":54430,"href":"https:\/\/lasentinelle.dz\/index.php\/wp-json\/wp\/v2\/posts\/54428\/revisions\/54430"}],"wp:featuredmedia":[{"embeddable":true,"href":"https:\/\/lasentinelle.dz\/index.php\/wp-json\/wp\/v2\/media\/54429"}],"wp:attachment":[{"href":"https:\/\/lasentinelle.dz\/index.php\/wp-json\/wp\/v2\/media?parent=54428"}],"wp:term":[{"taxonomy":"category","embeddable":true,"href":"https:\/\/lasentinelle.dz\/index.php\/wp-json\/wp\/v2\/categories?post=54428"},{"taxonomy":"post_tag","embeddable":true,"href":"https:\/\/lasentinelle.dz\/index.php\/wp-json\/wp\/v2\/tags?post=54428"}],"curies":[{"name":"wp","href":"https:\/\/api.w.org\/{rel}","templated":true}]}}