{"id":54436,"date":"2024-07-14T20:20:31","date_gmt":"2024-07-14T19:20:31","guid":{"rendered":"https:\/\/lasentinelle.dz\/?p=54436"},"modified":"2024-07-14T20:20:32","modified_gmt":"2024-07-14T19:20:32","slug":"qualification-a-la-can-2025-u17-les-verts-peaufinent-leur-preparation","status":"publish","type":"post","link":"https:\/\/lasentinelle.dz\/index.php\/2024\/07\/14\/qualification-a-la-can-2025-u17-les-verts-peaufinent-leur-preparation\/","title":{"rendered":"Qualification \u00e0 la CAN-2025 (U17): Les Verts peaufinent leur pr\u00e9paration"},"content":{"rendered":"\n<p>La s\u00e9lection nationale alg\u00e9rienne des moins de 17 ans poursuit activement sa pr\u00e9paration en vue de la Coupe d&rsquo;Afrique des Nations (CAN) 2025.<\/p>\n\n\n\n<p>&nbsp;Dans le cadre de cette intensification des efforts, les jeunes Fennecs ont disput\u00e9 samedi un match amical crucial contre les U20 soudanais au stade Mustapha Tchaker de Blida. Bien que le r\u00e9sultat final (2-3) n&rsquo;ait pas \u00e9t\u00e9 en faveur des Alg\u00e9riens, cette rencontre s&rsquo;inscrit dans une strat\u00e9gie plus large de d\u00e9veloppement et d&rsquo;\u00e9valuation de l&rsquo;\u00e9quipe. Mercredi, les cadets avaient d\u00e9j\u00e0 disput\u00e9 un match contre les juniors soudanais, et ont \u00e9t\u00e9 d\u00e9faits sur un score de 1-2 bien qu&rsquo;ils aient tenu t\u00eate \u00e0 leurs a\u00een\u00e9s. Le s\u00e9lectionneur national, Aziz Lahoussine, nomm\u00e9 en f\u00e9vrier dernier, utilise ces confrontations pour affiner ses choix tactiques et techniques en vue de l&rsquo;\u00e9ch\u00e9ance continentale.<\/p>\n\n\n\n<p>Le match a \u00e9t\u00e9 riche en enseignements, avec des buts de Fettouche Benaissa sur penalty et Akram Chebli pour l&rsquo;Alg\u00e9rie. Ces performances individuelles, coupl\u00e9es \u00e0 l&rsquo;exp\u00e9rience collective acquise face \u00e0 un adversaire de qualit\u00e9, sont autant d&rsquo;\u00e9l\u00e9ments pr\u00e9cieux dans la construction d&rsquo;une \u00e9quipe comp\u00e9titive pour la CAN 2025. La s\u00e9lection nationale U17 se pr\u00e9pare rappelons-le pour le tournoi de l\u2019Union nord-africaine de football qualificatif pour la phase finale de la CAN de la cat\u00e9gorie.<\/p>\n\n\n\n<p>La S\u00e9lection des U17 a d\u00e9j\u00e0 pris part \u00e0 un tournoi de l&rsquo;UNAF en avril dernier, dans lequel a fini deuxi\u00e8me derri\u00e8re l&rsquo;\u00c9gypte, d\u00e9montrant la volont\u00e9 de la F\u00e9d\u00e9ration alg\u00e9rienne de football de multiplier les occasions de comp\u00e9tition pour ces jeunes talents.<\/p>\n\n\n\n<p>La pr\u00e9paration des U17 a d\u00e9but\u00e9 bien en amont, avec une vaste campagne de d\u00e9tection men\u00e9e par Lahoussine et son staff \u00e0 travers tout le pays. Des s\u00e9ances d&rsquo;\u00e9valuation ont eu lieu dans plusieurs r\u00e9gions, dont Oran, B\u00e9char, Constantine, Alger et Blida, compl\u00e9t\u00e9es par l&rsquo;observation attentive des matchs de championnat et de Coupe d&rsquo;Alg\u00e9rie. Cette approche exhaustive vise \u00e0 constituer le groupe le plus talentueux et le mieux pr\u00e9par\u00e9 possible pour relever le d\u00e9fi de la qualification \u00e0 la CAN-2025.<\/p>\n\n\n\n<p>L&rsquo;engagement et la d\u00e9termination affich\u00e9s par les jeunes joueurs lors de ce match amical contre le Soudan, malgr\u00e9 la d\u00e9faite, t\u00e9moignent de l&rsquo;\u00e9tat d&rsquo;esprit positif qui r\u00e8gne au sein de l&rsquo;\u00e9quipe. Chaque rencontre est per\u00e7ue comme une opportunit\u00e9 d&rsquo;apprentissage et de progression, dans l&rsquo;optique de former une g\u00e9n\u00e9ration capable de briller sur la sc\u00e8ne continentale.<\/p>\n\n\n\n<p>Alors que la CAN 2025 se profile \u00e0 l&rsquo;horizon, la f\u00e9d\u00e9ration et le staff technique restent focalis\u00e9s sur l&rsquo;objectif de qualification et de performance. Les prochains mois seront cruciaux dans la pr\u00e9paration de ces jeunes talents, avec probablement d&rsquo;autres matchs amicaux et stages intensifs au programme, pour fa\u00e7onner une \u00e9quipe comp\u00e9titive et ambitieuse, pr\u00eate \u00e0 porter haut les couleurs de l&rsquo;Alg\u00e9rie lors de ce rendez-vous majeur du football africain.<\/p>\n\n\n\n<p>Moncef Dahleb<\/p>\n","protected":false},"excerpt":{"rendered":"<p>La s\u00e9lection nationale alg\u00e9rienne des moins de 17 ans poursuit activement sa pr\u00e9paration en vue de la Coupe d&rsquo;Afrique des<\/p>\n","protected":false},"author":3,"featured_media":54437,"comment_status":"open","ping_status":"closed","sticky":false,"template":"","format":"standard","meta":{"colormag_page_container_layout":"default_layout","colormag_page_sidebar_layout":"default_layout","om_disable_all_campaigns":false,"_monsterinsights_skip_tracking":false,"_monsterinsights_sitenote_active":false,"_monsterinsights_sitenote_note":"","_monsterinsights_sitenote_category":0,"footnotes":"","_wpscppro_dont_share_socialmedia":false,"_wpscppro_custom_social_share_image":0,"_facebook_share_type":"default","_twitter_share_type":"default","_linkedin_share_type":"default","_pinterest_share_type":"default","_linkedin_share_type_page":"","_instagram_share_type":"default","_medium_share_type":"","_threads_share_type":"","_google_business_share_type":"","_selected_social_profile":[],"_wpsp_enable_custom_social_template":false,"_wpsp_social_scheduling":{"enabled":false,"datetime":null,"platforms":[],"status":"template_only","dateOption":"today","timeOption":"now","customDays":"","customHours":"","customDate":"","customTime":"","schedulingType":"absolute"},"_wpsp_active_default_template":true},"categories":[33],"tags":[],"class_list":["post-54436","post","type-post","status-publish","format-standard","has-post-thumbnail","hentry","category-sports"],"aioseo_notices":[],"yoast_head":"<!-- This site is optimized with the Yoast SEO plugin v27.5 - https:\/\/yoast.com\/product\/yoast-seo-wordpress\/ -->\n<title>Qualification \u00e0 la CAN-2025 (U17): Les Verts peaufinent leur pr\u00e9paration - La Sentinelle<\/title>\n<meta name=\"robots\" content=\"index, follow, max-snippet:-1, max-image-preview:large, max-video-preview:-1\" \/>\n<link rel=\"canonical\" href=\"https:\/\/lasentinelle.dz\/index.php\/2024\/07\/14\/qualification-a-la-can-2025-u17-les-verts-peaufinent-leur-preparation\/\" \/>\n<meta property=\"og:locale\" content=\"fr_FR\" \/>\n<meta property=\"og:type\" content=\"article\" \/>\n<meta property=\"og:title\" content=\"Qualification \u00e0 la CAN-2025 (U17): Les Verts peaufinent leur pr\u00e9paration - La Sentinelle\" \/>\n<meta property=\"og:description\" content=\"La s\u00e9lection nationale alg\u00e9rienne des moins de 17 ans poursuit activement sa pr\u00e9paration en vue de la Coupe d&rsquo;Afrique des\" \/>\n<meta property=\"og:url\" content=\"https:\/\/lasentinelle.dz\/index.php\/2024\/07\/14\/qualification-a-la-can-2025-u17-les-verts-peaufinent-leur-preparation\/\" \/>\n<meta property=\"og:site_name\" content=\"La Sentinelle\" \/>\n<meta property=\"article:publisher\" content=\"https:\/\/www.facebook.com\/La-Sentinelle-104059864394773\" \/>\n<meta property=\"article:published_time\" content=\"2024-07-14T19:20:31+00:00\" \/>\n<meta property=\"article:modified_time\" content=\"2024-07-14T19:20:32+00:00\" \/>\n<meta property=\"og:image\" content=\"https:\/\/lasentinelle.dz\/wp-content\/uploads\/2024\/07\/EN-1.jpeg\" \/>\n\t<meta property=\"og:image:width\" content=\"1313\" \/>\n\t<meta property=\"og:image:height\" content=\"871\" \/>\n\t<meta property=\"og:image:type\" content=\"image\/jpeg\" \/>\n<meta name=\"author\" content=\"La Sentinelle\" \/>\n<meta name=\"twitter:card\" content=\"summary_large_image\" \/>\n<meta name=\"twitter:label1\" content=\"\u00c9crit par\" \/>\n\t<meta name=\"twitter:data1\" content=\"La Sentinelle\" \/>\n\t<meta name=\"twitter:label2\" content=\"Dur\u00e9e de lecture estim\u00e9e\" \/>\n\t<meta name=\"twitter:data2\" content=\"3 minutes\" \/>\n<script type=\"application\/ld+json\" class=\"yoast-schema-graph\">{\"@context\":\"https:\\\/\\\/schema.org\",\"@graph\":[{\"@type\":\"Article\",\"@id\":\"https:\\\/\\\/lasentinelle.dz\\\/index.php\\\/2024\\\/07\\\/14\\\/qualification-a-la-can-2025-u17-les-verts-peaufinent-leur-preparation\\\/#article\",\"isPartOf\":{\"@id\":\"https:\\\/\\\/lasentinelle.dz\\\/index.php\\\/2024\\\/07\\\/14\\\/qualification-a-la-can-2025-u17-les-verts-peaufinent-leur-preparation\\\/\"},\"author\":{\"name\":\"La Sentinelle\",\"@id\":\"https:\\\/\\\/lasentinelle.dz\\\/#\\\/schema\\\/person\\\/d865044e22e70a75174ce8bcad3acfb3\"},\"headline\":\"Qualification \u00e0 la CAN-2025 (U17): Les Verts peaufinent leur pr\u00e9paration\",\"datePublished\":\"2024-07-14T19:20:31+00:00\",\"dateModified\":\"2024-07-14T19:20:32+00:00\",\"mainEntityOfPage\":{\"@id\":\"https:\\\/\\\/lasentinelle.dz\\\/index.php\\\/2024\\\/07\\\/14\\\/qualification-a-la-can-2025-u17-les-verts-peaufinent-leur-preparation\\\/\"},\"wordCount\":540,\"commentCount\":0,\"publisher\":{\"@id\":\"https:\\\/\\\/lasentinelle.dz\\\/#organization\"},\"image\":{\"@id\":\"https:\\\/\\\/lasentinelle.dz\\\/index.php\\\/2024\\\/07\\\/14\\\/qualification-a-la-can-2025-u17-les-verts-peaufinent-leur-preparation\\\/#primaryimage\"},\"thumbnailUrl\":\"https:\\\/\\\/lasentinelle.dz\\\/wp-content\\\/uploads\\\/2024\\\/07\\\/EN-1.jpeg\",\"articleSection\":[\"Sports\"],\"inLanguage\":\"fr-FR\",\"potentialAction\":[{\"@type\":\"CommentAction\",\"name\":\"Comment\",\"target\":[\"https:\\\/\\\/lasentinelle.dz\\\/index.php\\\/2024\\\/07\\\/14\\\/qualification-a-la-can-2025-u17-les-verts-peaufinent-leur-preparation\\\/#respond\"]}]},{\"@type\":\"WebPage\",\"@id\":\"https:\\\/\\\/lasentinelle.dz\\\/index.php\\\/2024\\\/07\\\/14\\\/qualification-a-la-can-2025-u17-les-verts-peaufinent-leur-preparation\\\/\",\"url\":\"https:\\\/\\\/lasentinelle.dz\\\/index.php\\\/2024\\\/07\\\/14\\\/qualification-a-la-can-2025-u17-les-verts-peaufinent-leur-preparation\\\/\",\"name\":\"Qualification \u00e0 la CAN-2025 (U17): Les Verts peaufinent leur pr\u00e9paration - La Sentinelle\",\"isPartOf\":{\"@id\":\"https:\\\/\\\/lasentinelle.dz\\\/#website\"},\"primaryImageOfPage\":{\"@id\":\"https:\\\/\\\/lasentinelle.dz\\\/index.php\\\/2024\\\/07\\\/14\\\/qualification-a-la-can-2025-u17-les-verts-peaufinent-leur-preparation\\\/#primaryimage\"},\"image\":{\"@id\":\"https:\\\/\\\/lasentinelle.dz\\\/index.php\\\/2024\\\/07\\\/14\\\/qualification-a-la-can-2025-u17-les-verts-peaufinent-leur-preparation\\\/#primaryimage\"},\"thumbnailUrl\":\"https:\\\/\\\/lasentinelle.dz\\\/wp-content\\\/uploads\\\/2024\\\/07\\\/EN-1.jpeg\",\"datePublished\":\"2024-07-14T19:20:31+00:00\",\"dateModified\":\"2024-07-14T19:20:32+00:00\",\"breadcrumb\":{\"@id\":\"https:\\\/\\\/lasentinelle.dz\\\/index.php\\\/2024\\\/07\\\/14\\\/qualification-a-la-can-2025-u17-les-verts-peaufinent-leur-preparation\\\/#breadcrumb\"},\"inLanguage\":\"fr-FR\",\"potentialAction\":[{\"@type\":\"ReadAction\",\"target\":[\"https:\\\/\\\/lasentinelle.dz\\\/index.php\\\/2024\\\/07\\\/14\\\/qualification-a-la-can-2025-u17-les-verts-peaufinent-leur-preparation\\\/\"]}]},{\"@type\":\"ImageObject\",\"inLanguage\":\"fr-FR\",\"@id\":\"https:\\\/\\\/lasentinelle.dz\\\/index.php\\\/2024\\\/07\\\/14\\\/qualification-a-la-can-2025-u17-les-verts-peaufinent-leur-preparation\\\/#primaryimage\",\"url\":\"https:\\\/\\\/lasentinelle.dz\\\/wp-content\\\/uploads\\\/2024\\\/07\\\/EN-1.jpeg\",\"contentUrl\":\"https:\\\/\\\/lasentinelle.dz\\\/wp-content\\\/uploads\\\/2024\\\/07\\\/EN-1.jpeg\",\"width\":1313,\"height\":871},{\"@type\":\"BreadcrumbList\",\"@id\":\"https:\\\/\\\/lasentinelle.dz\\\/index.php\\\/2024\\\/07\\\/14\\\/qualification-a-la-can-2025-u17-les-verts-peaufinent-leur-preparation\\\/#breadcrumb\",\"itemListElement\":[{\"@type\":\"ListItem\",\"position\":1,\"name\":\"Accueil\",\"item\":\"https:\\\/\\\/lasentinelle.dz\\\/\"},{\"@type\":\"ListItem\",\"position\":2,\"name\":\"Qualification \u00e0 la CAN-2025 (U17): Les Verts peaufinent leur pr\u00e9paration\"}]},{\"@type\":\"WebSite\",\"@id\":\"https:\\\/\\\/lasentinelle.dz\\\/#website\",\"url\":\"https:\\\/\\\/lasentinelle.dz\\\/\",\"name\":\"La Sentinelle\",\"description\":\"Quotidien national d&#039;information\",\"publisher\":{\"@id\":\"https:\\\/\\\/lasentinelle.dz\\\/#organization\"},\"potentialAction\":[{\"@type\":\"SearchAction\",\"target\":{\"@type\":\"EntryPoint\",\"urlTemplate\":\"https:\\\/\\\/lasentinelle.dz\\\/?s={search_term_string}\"},\"query-input\":{\"@type\":\"PropertyValueSpecification\",\"valueRequired\":true,\"valueName\":\"search_term_string\"}}],\"inLanguage\":\"fr-FR\"},{\"@type\":\"Organization\",\"@id\":\"https:\\\/\\\/lasentinelle.dz\\\/#organization\",\"name\":\"Quotidien La Sentinelle\",\"url\":\"https:\\\/\\\/lasentinelle.dz\\\/\",\"logo\":{\"@type\":\"ImageObject\",\"inLanguage\":\"fr-FR\",\"@id\":\"https:\\\/\\\/lasentinelle.dz\\\/#\\\/schema\\\/logo\\\/image\\\/\",\"url\":\"https:\\\/\\\/lasentinelle.dz\\\/wp-content\\\/uploads\\\/2021\\\/09\\\/logo-sentinelleSLOGAN-1.png\",\"contentUrl\":\"https:\\\/\\\/lasentinelle.dz\\\/wp-content\\\/uploads\\\/2021\\\/09\\\/logo-sentinelleSLOGAN-1.png\",\"width\":615,\"height\":142,\"caption\":\"Quotidien La Sentinelle\"},\"image\":{\"@id\":\"https:\\\/\\\/lasentinelle.dz\\\/#\\\/schema\\\/logo\\\/image\\\/\"},\"sameAs\":[\"https:\\\/\\\/www.facebook.com\\\/La-Sentinelle-104059864394773\"]},{\"@type\":\"Person\",\"@id\":\"https:\\\/\\\/lasentinelle.dz\\\/#\\\/schema\\\/person\\\/d865044e22e70a75174ce8bcad3acfb3\",\"name\":\"La Sentinelle\",\"image\":{\"@type\":\"ImageObject\",\"inLanguage\":\"fr-FR\",\"@id\":\"https:\\\/\\\/secure.gravatar.com\\\/avatar\\\/57de8e5d4b15d43fb361a71fbb36338450fe67865b528a43dd10ef7c51a20392?s=96&d=mm&r=g\",\"url\":\"https:\\\/\\\/secure.gravatar.com\\\/avatar\\\/57de8e5d4b15d43fb361a71fbb36338450fe67865b528a43dd10ef7c51a20392?s=96&d=mm&r=g\",\"contentUrl\":\"https:\\\/\\\/secure.gravatar.com\\\/avatar\\\/57de8e5d4b15d43fb361a71fbb36338450fe67865b528a43dd10ef7c51a20392?s=96&d=mm&r=g\",\"caption\":\"La Sentinelle\"},\"sameAs\":[\"http:\\\/\\\/www.lasentinelle.dz\"],\"url\":\"https:\\\/\\\/lasentinelle.dz\\\/author\\\/redaction\\\/\"}]}<\/script>\n<!-- \/ Yoast SEO plugin. -->","yoast_head_json":{"title":"Qualification \u00e0 la CAN-2025 (U17): Les Verts peaufinent leur pr\u00e9paration - La Sentinelle","robots":{"index":"index","follow":"follow","max-snippet":"max-snippet:-1","max-image-preview":"max-image-preview:large","max-video-preview":"max-video-preview:-1"},"canonical":"https:\/\/lasentinelle.dz\/index.php\/2024\/07\/14\/qualification-a-la-can-2025-u17-les-verts-peaufinent-leur-preparation\/","og_locale":"fr_FR","og_type":"article","og_title":"Qualification \u00e0 la CAN-2025 (U17): Les Verts peaufinent leur pr\u00e9paration - La Sentinelle","og_description":"La s\u00e9lection nationale alg\u00e9rienne des moins de 17 ans poursuit activement sa pr\u00e9paration en vue de la Coupe d&rsquo;Afrique des","og_url":"https:\/\/lasentinelle.dz\/index.php\/2024\/07\/14\/qualification-a-la-can-2025-u17-les-verts-peaufinent-leur-preparation\/","og_site_name":"La Sentinelle","article_publisher":"https:\/\/www.facebook.com\/La-Sentinelle-104059864394773","article_published_time":"2024-07-14T19:20:31+00:00","article_modified_time":"2024-07-14T19:20:32+00:00","og_image":[{"width":1313,"height":871,"url":"https:\/\/lasentinelle.dz\/wp-content\/uploads\/2024\/07\/EN-1.jpeg","type":"image\/jpeg"}],"author":"La Sentinelle","twitter_card":"summary_large_image","twitter_misc":{"\u00c9crit par":"La Sentinelle","Dur\u00e9e de lecture estim\u00e9e":"3 minutes"},"schema":{"@context":"https:\/\/schema.org","@graph":[{"@type":"Article","@id":"https:\/\/lasentinelle.dz\/index.php\/2024\/07\/14\/qualification-a-la-can-2025-u17-les-verts-peaufinent-leur-preparation\/#article","isPartOf":{"@id":"https:\/\/lasentinelle.dz\/index.php\/2024\/07\/14\/qualification-a-la-can-2025-u17-les-verts-peaufinent-leur-preparation\/"},"author":{"name":"La Sentinelle","@id":"https:\/\/lasentinelle.dz\/#\/schema\/person\/d865044e22e70a75174ce8bcad3acfb3"},"headline":"Qualification \u00e0 la CAN-2025 (U17): Les Verts peaufinent leur pr\u00e9paration","datePublished":"2024-07-14T19:20:31+00:00","dateModified":"2024-07-14T19:20:32+00:00","mainEntityOfPage":{"@id":"https:\/\/lasentinelle.dz\/index.php\/2024\/07\/14\/qualification-a-la-can-2025-u17-les-verts-peaufinent-leur-preparation\/"},"wordCount":540,"commentCount":0,"publisher":{"@id":"https:\/\/lasentinelle.dz\/#organization"},"image":{"@id":"https:\/\/lasentinelle.dz\/index.php\/2024\/07\/14\/qualification-a-la-can-2025-u17-les-verts-peaufinent-leur-preparation\/#primaryimage"},"thumbnailUrl":"https:\/\/lasentinelle.dz\/wp-content\/uploads\/2024\/07\/EN-1.jpeg","articleSection":["Sports"],"inLanguage":"fr-FR","potentialAction":[{"@type":"CommentAction","name":"Comment","target":["https:\/\/lasentinelle.dz\/index.php\/2024\/07\/14\/qualification-a-la-can-2025-u17-les-verts-peaufinent-leur-preparation\/#respond"]}]},{"@type":"WebPage","@id":"https:\/\/lasentinelle.dz\/index.php\/2024\/07\/14\/qualification-a-la-can-2025-u17-les-verts-peaufinent-leur-preparation\/","url":"https:\/\/lasentinelle.dz\/index.php\/2024\/07\/14\/qualification-a-la-can-2025-u17-les-verts-peaufinent-leur-preparation\/","name":"Qualification \u00e0 la CAN-2025 (U17): Les Verts peaufinent leur pr\u00e9paration - La Sentinelle","isPartOf":{"@id":"https:\/\/lasentinelle.dz\/#website"},"primaryImageOfPage":{"@id":"https:\/\/lasentinelle.dz\/index.php\/2024\/07\/14\/qualification-a-la-can-2025-u17-les-verts-peaufinent-leur-preparation\/#primaryimage"},"image":{"@id":"https:\/\/lasentinelle.dz\/index.php\/2024\/07\/14\/qualification-a-la-can-2025-u17-les-verts-peaufinent-leur-preparation\/#primaryimage"},"thumbnailUrl":"https:\/\/lasentinelle.dz\/wp-content\/uploads\/2024\/07\/EN-1.jpeg","datePublished":"2024-07-14T19:20:31+00:00","dateModified":"2024-07-14T19:20:32+00:00","breadcrumb":{"@id":"https:\/\/lasentinelle.dz\/index.php\/2024\/07\/14\/qualification-a-la-can-2025-u17-les-verts-peaufinent-leur-preparation\/#breadcrumb"},"inLanguage":"fr-FR","potentialAction":[{"@type":"ReadAction","target":["https:\/\/lasentinelle.dz\/index.php\/2024\/07\/14\/qualification-a-la-can-2025-u17-les-verts-peaufinent-leur-preparation\/"]}]},{"@type":"ImageObject","inLanguage":"fr-FR","@id":"https:\/\/lasentinelle.dz\/index.php\/2024\/07\/14\/qualification-a-la-can-2025-u17-les-verts-peaufinent-leur-preparation\/#primaryimage","url":"https:\/\/lasentinelle.dz\/wp-content\/uploads\/2024\/07\/EN-1.jpeg","contentUrl":"https:\/\/lasentinelle.dz\/wp-content\/uploads\/2024\/07\/EN-1.jpeg","width":1313,"height":871},{"@type":"BreadcrumbList","@id":"https:\/\/lasentinelle.dz\/index.php\/2024\/07\/14\/qualification-a-la-can-2025-u17-les-verts-peaufinent-leur-preparation\/#breadcrumb","itemListElement":[{"@type":"ListItem","position":1,"name":"Accueil","item":"https:\/\/lasentinelle.dz\/"},{"@type":"ListItem","position":2,"name":"Qualification \u00e0 la CAN-2025 (U17): Les Verts peaufinent leur pr\u00e9paration"}]},{"@type":"WebSite","@id":"https:\/\/lasentinelle.dz\/#website","url":"https:\/\/lasentinelle.dz\/","name":"La Sentinelle","description":"Quotidien national d&#039;information","publisher":{"@id":"https:\/\/lasentinelle.dz\/#organization"},"potentialAction":[{"@type":"SearchAction","target":{"@type":"EntryPoint","urlTemplate":"https:\/\/lasentinelle.dz\/?s={search_term_string}"},"query-input":{"@type":"PropertyValueSpecification","valueRequired":true,"valueName":"search_term_string"}}],"inLanguage":"fr-FR"},{"@type":"Organization","@id":"https:\/\/lasentinelle.dz\/#organization","name":"Quotidien La Sentinelle","url":"https:\/\/lasentinelle.dz\/","logo":{"@type":"ImageObject","inLanguage":"fr-FR","@id":"https:\/\/lasentinelle.dz\/#\/schema\/logo\/image\/","url":"https:\/\/lasentinelle.dz\/wp-content\/uploads\/2021\/09\/logo-sentinelleSLOGAN-1.png","contentUrl":"https:\/\/lasentinelle.dz\/wp-content\/uploads\/2021\/09\/logo-sentinelleSLOGAN-1.png","width":615,"height":142,"caption":"Quotidien La Sentinelle"},"image":{"@id":"https:\/\/lasentinelle.dz\/#\/schema\/logo\/image\/"},"sameAs":["https:\/\/www.facebook.com\/La-Sentinelle-104059864394773"]},{"@type":"Person","@id":"https:\/\/lasentinelle.dz\/#\/schema\/person\/d865044e22e70a75174ce8bcad3acfb3","name":"La Sentinelle","image":{"@type":"ImageObject","inLanguage":"fr-FR","@id":"https:\/\/secure.gravatar.com\/avatar\/57de8e5d4b15d43fb361a71fbb36338450fe67865b528a43dd10ef7c51a20392?s=96&d=mm&r=g","url":"https:\/\/secure.gravatar.com\/avatar\/57de8e5d4b15d43fb361a71fbb36338450fe67865b528a43dd10ef7c51a20392?s=96&d=mm&r=g","contentUrl":"https:\/\/secure.gravatar.com\/avatar\/57de8e5d4b15d43fb361a71fbb36338450fe67865b528a43dd10ef7c51a20392?s=96&d=mm&r=g","caption":"La Sentinelle"},"sameAs":["http:\/\/www.lasentinelle.dz"],"url":"https:\/\/lasentinelle.dz\/author\/redaction\/"}]}},"_links":{"self":[{"href":"https:\/\/lasentinelle.dz\/index.php\/wp-json\/wp\/v2\/posts\/54436","targetHints":{"allow":["GET"]}}],"collection":[{"href":"https:\/\/lasentinelle.dz\/index.php\/wp-json\/wp\/v2\/posts"}],"about":[{"href":"https:\/\/lasentinelle.dz\/index.php\/wp-json\/wp\/v2\/types\/post"}],"author":[{"embeddable":true,"href":"https:\/\/lasentinelle.dz\/index.php\/wp-json\/wp\/v2\/users\/3"}],"replies":[{"embeddable":true,"href":"https:\/\/lasentinelle.dz\/index.php\/wp-json\/wp\/v2\/comments?post=54436"}],"version-history":[{"count":1,"href":"https:\/\/lasentinelle.dz\/index.php\/wp-json\/wp\/v2\/posts\/54436\/revisions"}],"predecessor-version":[{"id":54438,"href":"https:\/\/lasentinelle.dz\/index.php\/wp-json\/wp\/v2\/posts\/54436\/revisions\/54438"}],"wp:featuredmedia":[{"embeddable":true,"href":"https:\/\/lasentinelle.dz\/index.php\/wp-json\/wp\/v2\/media\/54437"}],"wp:attachment":[{"href":"https:\/\/lasentinelle.dz\/index.php\/wp-json\/wp\/v2\/media?parent=54436"}],"wp:term":[{"taxonomy":"category","embeddable":true,"href":"https:\/\/lasentinelle.dz\/index.php\/wp-json\/wp\/v2\/categories?post=54436"},{"taxonomy":"post_tag","embeddable":true,"href":"https:\/\/lasentinelle.dz\/index.php\/wp-json\/wp\/v2\/tags?post=54436"}],"curies":[{"name":"wp","href":"https:\/\/api.w.org\/{rel}","templated":true}]}}