{"id":54443,"date":"2024-07-14T20:22:02","date_gmt":"2024-07-14T19:22:02","guid":{"rendered":"https:\/\/lasentinelle.dz\/?p=54443"},"modified":"2024-07-14T20:22:03","modified_gmt":"2024-07-14T19:22:03","slug":"centre-hospitalo-universitaire-dannaba-reprise-progressive-du-service-gynecologie-obstetrique","status":"publish","type":"post","link":"https:\/\/lasentinelle.dz\/index.php\/2024\/07\/14\/centre-hospitalo-universitaire-dannaba-reprise-progressive-du-service-gynecologie-obstetrique\/","title":{"rendered":"Centre Hospitalo-universitaire d\u2019Annaba\u00a0: Reprise progressive du service gyn\u00e9cologie-obst\u00e9trique"},"content":{"rendered":"\n<p>L\u2019unit\u00e9 gyn\u00e9cologie-obst\u00e9trique du CHU d&rsquo;Annaba, qui fait l\u2019objet de vastes travaux de r\u00e9habilitation et de r\u00e9novation, a progressivement repris son activit\u00e9, apr\u00e8s l\u2019avanc\u00e9e significative des travaux du chantier, engag\u00e9 depuis le d\u00e9but de l\u2019ann\u00e9e en cours. C\u2019est ce qu\u2019a rapport\u00e9, hier, la cellule de communication du Centre Hospitalo-universitaire Ibn Roched d\u2019Annaba, via son compte Facebook. Selon la m\u00eame source, le projet a fait l\u2019objet d\u2019un suivi rigoureux et quasi-quotidien, afin qu\u2019il puisse \u00eatre livr\u00e9 dans les d\u00e9lais impartis et surtout r\u00e9pondre aux normes requises dans le cahier de charges. Ainsi, l\u2019acc\u00e9l\u00e9ration de la cadence des travaux a permis la remise en service progressive de l\u2019unit\u00e9. \u00c0 noter que le service, m\u00eame \u00e9tant en plein travaux, a assur\u00e9 une couverture m\u00e9dicale \u00e0 hauteur de 75%. Cette prise en charge a concern\u00e9 notamment les femmes enceintes n\u00e9cessitant des examens m\u00e9dicaux avant l\u2019accouchement naturel, les c\u00e9sariennes ainsi que les cas critiques. Un engagement de la direction auquel elle n\u2019a pas failli. Avec la fin des travaux le service de gyn\u00e9cologie-obst\u00e9trique assurera une totale prise en charge des patientes toutes cat\u00e9gories confondues, au sein des conditions auxquelles aspire la direction g\u00e9n\u00e9rale du CHU Ibn Roched d\u2019Annaba, surtout que la politique de cette derni\u00e8re vise \u00e0 procurer le climat idoine pour les futures mamans. D\u2019o\u00f9, cette vaste op\u00e9ration de r\u00e9habilitation, de r\u00e9novation et surtout de modernisation. \u00c0 cet effet, une enveloppe budg\u00e9taire cons\u00e9quente a \u00e9t\u00e9 allou\u00e9e \u00e0 cette op\u00e9ration qui a englob\u00e9, entre autres, l\u2019unit\u00e9 post-partum, post-op\u00e9ratoire, de gyn\u00e9cologie ainsi que celles d\u2019accouchement naturel, de grossesse \u00e0 risque, du bloc op\u00e9ratoire ainsi que de r\u00e9animation. Ainsi, l\u2019objectif de ces travaux consiste \u00e0 moderniser le service de gyn\u00e9cologie-obst\u00e9trique, insufflant ainsi une nouvelle vie \u00e0 cet emplacement qui assure une multitude de prestations aux parturientes et \u00e0 celles souffrant de maladies courantes ou graves. L\u2019autre objectif est de fournir des \u00e9quipements et des installations de pointe garantissant des soins de qualit\u00e9 aux malades de la wilaya d\u2019Annaba ainsi qu\u2019\u00e0 ceux des wilayas avoisinantes. Car, convient-il de rappeler, le CHU est un \u00e9tablissement r\u00e9gional. Ainsi, d\u00e9passant les 80% de taux de travaux de r\u00e9habilitation, de r\u00e9novation et de modernisation, c\u2019est une reprise progressive qui est annonc\u00e9e. Suite \u00e0 quoi, l\u2019unit\u00e9 gyn\u00e9cologie-obst\u00e9trique d\u2019Ibn Rochd va offrir une prise en charge optimale aux parturientes et aux femmes enceintes. Cette modernisation a \u00e9galement pour objectif d&rsquo;assurer une bonne prise en charge m\u00e9dicale durant la saison estivale.<\/p>\n\n\n\n<p>Sofia Chahine<\/p>\n","protected":false},"excerpt":{"rendered":"<p>L\u2019unit\u00e9 gyn\u00e9cologie-obst\u00e9trique du CHU d&rsquo;Annaba, qui fait l\u2019objet de vastes travaux de r\u00e9habilitation et de r\u00e9novation, a progressivement repris son<\/p>\n","protected":false},"author":3,"featured_media":13962,"comment_status":"open","ping_status":"closed","sticky":false,"template":"","format":"standard","meta":{"colormag_page_container_layout":"default_layout","colormag_page_sidebar_layout":"default_layout","om_disable_all_campaigns":false,"_monsterinsights_skip_tracking":false,"_monsterinsights_sitenote_active":false,"_monsterinsights_sitenote_note":"","_monsterinsights_sitenote_category":0,"footnotes":"","_wpscppro_dont_share_socialmedia":false,"_wpscppro_custom_social_share_image":0,"_facebook_share_type":"default","_twitter_share_type":"default","_linkedin_share_type":"default","_pinterest_share_type":"default","_linkedin_share_type_page":"","_instagram_share_type":"default","_medium_share_type":"","_threads_share_type":"","_google_business_share_type":"","_selected_social_profile":[],"_wpsp_enable_custom_social_template":false,"_wpsp_social_scheduling":{"enabled":false,"datetime":null,"platforms":[],"status":"template_only","dateOption":"today","timeOption":"now","customDays":"","customHours":"","customDate":"","customTime":"","schedulingType":"absolute"},"_wpsp_active_default_template":true},"categories":[31],"tags":[],"class_list":["post-54443","post","type-post","status-publish","format-standard","has-post-thumbnail","hentry","category-regions"],"aioseo_notices":[],"yoast_head":"<!-- This site is optimized with the Yoast SEO plugin v27.5 - https:\/\/yoast.com\/product\/yoast-seo-wordpress\/ -->\n<title>Centre Hospitalo-universitaire d\u2019Annaba\u00a0: Reprise progressive du service gyn\u00e9cologie-obst\u00e9trique - La Sentinelle<\/title>\n<meta name=\"robots\" content=\"index, follow, max-snippet:-1, max-image-preview:large, max-video-preview:-1\" \/>\n<link rel=\"canonical\" href=\"https:\/\/lasentinelle.dz\/index.php\/2024\/07\/14\/centre-hospitalo-universitaire-dannaba-reprise-progressive-du-service-gynecologie-obstetrique\/\" \/>\n<meta property=\"og:locale\" content=\"fr_FR\" \/>\n<meta property=\"og:type\" content=\"article\" \/>\n<meta property=\"og:title\" content=\"Centre Hospitalo-universitaire d\u2019Annaba\u00a0: Reprise progressive du service gyn\u00e9cologie-obst\u00e9trique - La Sentinelle\" \/>\n<meta property=\"og:description\" content=\"L\u2019unit\u00e9 gyn\u00e9cologie-obst\u00e9trique du CHU d&rsquo;Annaba, qui fait l\u2019objet de vastes travaux de r\u00e9habilitation et de r\u00e9novation, a progressivement repris son\" \/>\n<meta property=\"og:url\" content=\"https:\/\/lasentinelle.dz\/index.php\/2024\/07\/14\/centre-hospitalo-universitaire-dannaba-reprise-progressive-du-service-gynecologie-obstetrique\/\" \/>\n<meta property=\"og:site_name\" content=\"La Sentinelle\" \/>\n<meta property=\"article:publisher\" content=\"https:\/\/www.facebook.com\/La-Sentinelle-104059864394773\" \/>\n<meta property=\"article:published_time\" content=\"2024-07-14T19:22:02+00:00\" \/>\n<meta property=\"article:modified_time\" content=\"2024-07-14T19:22:03+00:00\" \/>\n<meta property=\"og:image\" content=\"https:\/\/lasentinelle.dz\/wp-content\/uploads\/2021\/11\/CHU-annaba.gif\" \/>\n\t<meta property=\"og:image:width\" content=\"1000\" \/>\n\t<meta property=\"og:image:height\" content=\"704\" \/>\n\t<meta property=\"og:image:type\" content=\"image\/gif\" \/>\n<meta name=\"author\" content=\"La Sentinelle\" \/>\n<meta name=\"twitter:card\" content=\"summary_large_image\" \/>\n<meta name=\"twitter:label1\" content=\"\u00c9crit par\" \/>\n\t<meta name=\"twitter:data1\" content=\"La Sentinelle\" \/>\n\t<meta name=\"twitter:label2\" content=\"Dur\u00e9e de lecture estim\u00e9e\" \/>\n\t<meta name=\"twitter:data2\" content=\"3 minutes\" \/>\n<script type=\"application\/ld+json\" class=\"yoast-schema-graph\">{\"@context\":\"https:\\\/\\\/schema.org\",\"@graph\":[{\"@type\":\"Article\",\"@id\":\"https:\\\/\\\/lasentinelle.dz\\\/index.php\\\/2024\\\/07\\\/14\\\/centre-hospitalo-universitaire-dannaba-reprise-progressive-du-service-gynecologie-obstetrique\\\/#article\",\"isPartOf\":{\"@id\":\"https:\\\/\\\/lasentinelle.dz\\\/index.php\\\/2024\\\/07\\\/14\\\/centre-hospitalo-universitaire-dannaba-reprise-progressive-du-service-gynecologie-obstetrique\\\/\"},\"author\":{\"name\":\"La Sentinelle\",\"@id\":\"https:\\\/\\\/lasentinelle.dz\\\/#\\\/schema\\\/person\\\/d865044e22e70a75174ce8bcad3acfb3\"},\"headline\":\"Centre Hospitalo-universitaire d\u2019Annaba\u00a0: Reprise progressive du service gyn\u00e9cologie-obst\u00e9trique\",\"datePublished\":\"2024-07-14T19:22:02+00:00\",\"dateModified\":\"2024-07-14T19:22:03+00:00\",\"mainEntityOfPage\":{\"@id\":\"https:\\\/\\\/lasentinelle.dz\\\/index.php\\\/2024\\\/07\\\/14\\\/centre-hospitalo-universitaire-dannaba-reprise-progressive-du-service-gynecologie-obstetrique\\\/\"},\"wordCount\":467,\"commentCount\":0,\"publisher\":{\"@id\":\"https:\\\/\\\/lasentinelle.dz\\\/#organization\"},\"image\":{\"@id\":\"https:\\\/\\\/lasentinelle.dz\\\/index.php\\\/2024\\\/07\\\/14\\\/centre-hospitalo-universitaire-dannaba-reprise-progressive-du-service-gynecologie-obstetrique\\\/#primaryimage\"},\"thumbnailUrl\":\"https:\\\/\\\/lasentinelle.dz\\\/wp-content\\\/uploads\\\/2021\\\/11\\\/CHU-annaba.gif\",\"articleSection\":[\"R\u00e9gions\"],\"inLanguage\":\"fr-FR\",\"potentialAction\":[{\"@type\":\"CommentAction\",\"name\":\"Comment\",\"target\":[\"https:\\\/\\\/lasentinelle.dz\\\/index.php\\\/2024\\\/07\\\/14\\\/centre-hospitalo-universitaire-dannaba-reprise-progressive-du-service-gynecologie-obstetrique\\\/#respond\"]}]},{\"@type\":\"WebPage\",\"@id\":\"https:\\\/\\\/lasentinelle.dz\\\/index.php\\\/2024\\\/07\\\/14\\\/centre-hospitalo-universitaire-dannaba-reprise-progressive-du-service-gynecologie-obstetrique\\\/\",\"url\":\"https:\\\/\\\/lasentinelle.dz\\\/index.php\\\/2024\\\/07\\\/14\\\/centre-hospitalo-universitaire-dannaba-reprise-progressive-du-service-gynecologie-obstetrique\\\/\",\"name\":\"Centre Hospitalo-universitaire d\u2019Annaba\u00a0: Reprise progressive du service gyn\u00e9cologie-obst\u00e9trique - La Sentinelle\",\"isPartOf\":{\"@id\":\"https:\\\/\\\/lasentinelle.dz\\\/#website\"},\"primaryImageOfPage\":{\"@id\":\"https:\\\/\\\/lasentinelle.dz\\\/index.php\\\/2024\\\/07\\\/14\\\/centre-hospitalo-universitaire-dannaba-reprise-progressive-du-service-gynecologie-obstetrique\\\/#primaryimage\"},\"image\":{\"@id\":\"https:\\\/\\\/lasentinelle.dz\\\/index.php\\\/2024\\\/07\\\/14\\\/centre-hospitalo-universitaire-dannaba-reprise-progressive-du-service-gynecologie-obstetrique\\\/#primaryimage\"},\"thumbnailUrl\":\"https:\\\/\\\/lasentinelle.dz\\\/wp-content\\\/uploads\\\/2021\\\/11\\\/CHU-annaba.gif\",\"datePublished\":\"2024-07-14T19:22:02+00:00\",\"dateModified\":\"2024-07-14T19:22:03+00:00\",\"breadcrumb\":{\"@id\":\"https:\\\/\\\/lasentinelle.dz\\\/index.php\\\/2024\\\/07\\\/14\\\/centre-hospitalo-universitaire-dannaba-reprise-progressive-du-service-gynecologie-obstetrique\\\/#breadcrumb\"},\"inLanguage\":\"fr-FR\",\"potentialAction\":[{\"@type\":\"ReadAction\",\"target\":[\"https:\\\/\\\/lasentinelle.dz\\\/index.php\\\/2024\\\/07\\\/14\\\/centre-hospitalo-universitaire-dannaba-reprise-progressive-du-service-gynecologie-obstetrique\\\/\"]}]},{\"@type\":\"ImageObject\",\"inLanguage\":\"fr-FR\",\"@id\":\"https:\\\/\\\/lasentinelle.dz\\\/index.php\\\/2024\\\/07\\\/14\\\/centre-hospitalo-universitaire-dannaba-reprise-progressive-du-service-gynecologie-obstetrique\\\/#primaryimage\",\"url\":\"https:\\\/\\\/lasentinelle.dz\\\/wp-content\\\/uploads\\\/2021\\\/11\\\/CHU-annaba.gif\",\"contentUrl\":\"https:\\\/\\\/lasentinelle.dz\\\/wp-content\\\/uploads\\\/2021\\\/11\\\/CHU-annaba.gif\",\"width\":1000,\"height\":704},{\"@type\":\"BreadcrumbList\",\"@id\":\"https:\\\/\\\/lasentinelle.dz\\\/index.php\\\/2024\\\/07\\\/14\\\/centre-hospitalo-universitaire-dannaba-reprise-progressive-du-service-gynecologie-obstetrique\\\/#breadcrumb\",\"itemListElement\":[{\"@type\":\"ListItem\",\"position\":1,\"name\":\"Accueil\",\"item\":\"https:\\\/\\\/lasentinelle.dz\\\/\"},{\"@type\":\"ListItem\",\"position\":2,\"name\":\"Centre Hospitalo-universitaire d\u2019Annaba\u00a0: Reprise progressive du service gyn\u00e9cologie-obst\u00e9trique\"}]},{\"@type\":\"WebSite\",\"@id\":\"https:\\\/\\\/lasentinelle.dz\\\/#website\",\"url\":\"https:\\\/\\\/lasentinelle.dz\\\/\",\"name\":\"La Sentinelle\",\"description\":\"Quotidien national d&#039;information\",\"publisher\":{\"@id\":\"https:\\\/\\\/lasentinelle.dz\\\/#organization\"},\"potentialAction\":[{\"@type\":\"SearchAction\",\"target\":{\"@type\":\"EntryPoint\",\"urlTemplate\":\"https:\\\/\\\/lasentinelle.dz\\\/?s={search_term_string}\"},\"query-input\":{\"@type\":\"PropertyValueSpecification\",\"valueRequired\":true,\"valueName\":\"search_term_string\"}}],\"inLanguage\":\"fr-FR\"},{\"@type\":\"Organization\",\"@id\":\"https:\\\/\\\/lasentinelle.dz\\\/#organization\",\"name\":\"Quotidien La Sentinelle\",\"url\":\"https:\\\/\\\/lasentinelle.dz\\\/\",\"logo\":{\"@type\":\"ImageObject\",\"inLanguage\":\"fr-FR\",\"@id\":\"https:\\\/\\\/lasentinelle.dz\\\/#\\\/schema\\\/logo\\\/image\\\/\",\"url\":\"https:\\\/\\\/lasentinelle.dz\\\/wp-content\\\/uploads\\\/2021\\\/09\\\/logo-sentinelleSLOGAN-1.png\",\"contentUrl\":\"https:\\\/\\\/lasentinelle.dz\\\/wp-content\\\/uploads\\\/2021\\\/09\\\/logo-sentinelleSLOGAN-1.png\",\"width\":615,\"height\":142,\"caption\":\"Quotidien La Sentinelle\"},\"image\":{\"@id\":\"https:\\\/\\\/lasentinelle.dz\\\/#\\\/schema\\\/logo\\\/image\\\/\"},\"sameAs\":[\"https:\\\/\\\/www.facebook.com\\\/La-Sentinelle-104059864394773\"]},{\"@type\":\"Person\",\"@id\":\"https:\\\/\\\/lasentinelle.dz\\\/#\\\/schema\\\/person\\\/d865044e22e70a75174ce8bcad3acfb3\",\"name\":\"La Sentinelle\",\"image\":{\"@type\":\"ImageObject\",\"inLanguage\":\"fr-FR\",\"@id\":\"https:\\\/\\\/secure.gravatar.com\\\/avatar\\\/57de8e5d4b15d43fb361a71fbb36338450fe67865b528a43dd10ef7c51a20392?s=96&d=mm&r=g\",\"url\":\"https:\\\/\\\/secure.gravatar.com\\\/avatar\\\/57de8e5d4b15d43fb361a71fbb36338450fe67865b528a43dd10ef7c51a20392?s=96&d=mm&r=g\",\"contentUrl\":\"https:\\\/\\\/secure.gravatar.com\\\/avatar\\\/57de8e5d4b15d43fb361a71fbb36338450fe67865b528a43dd10ef7c51a20392?s=96&d=mm&r=g\",\"caption\":\"La Sentinelle\"},\"sameAs\":[\"http:\\\/\\\/www.lasentinelle.dz\"],\"url\":\"https:\\\/\\\/lasentinelle.dz\\\/author\\\/redaction\\\/\"}]}<\/script>\n<!-- \/ Yoast SEO plugin. -->","yoast_head_json":{"title":"Centre Hospitalo-universitaire d\u2019Annaba\u00a0: Reprise progressive du service gyn\u00e9cologie-obst\u00e9trique - La Sentinelle","robots":{"index":"index","follow":"follow","max-snippet":"max-snippet:-1","max-image-preview":"max-image-preview:large","max-video-preview":"max-video-preview:-1"},"canonical":"https:\/\/lasentinelle.dz\/index.php\/2024\/07\/14\/centre-hospitalo-universitaire-dannaba-reprise-progressive-du-service-gynecologie-obstetrique\/","og_locale":"fr_FR","og_type":"article","og_title":"Centre Hospitalo-universitaire d\u2019Annaba\u00a0: Reprise progressive du service gyn\u00e9cologie-obst\u00e9trique - La Sentinelle","og_description":"L\u2019unit\u00e9 gyn\u00e9cologie-obst\u00e9trique du CHU d&rsquo;Annaba, qui fait l\u2019objet de vastes travaux de r\u00e9habilitation et de r\u00e9novation, a progressivement repris son","og_url":"https:\/\/lasentinelle.dz\/index.php\/2024\/07\/14\/centre-hospitalo-universitaire-dannaba-reprise-progressive-du-service-gynecologie-obstetrique\/","og_site_name":"La Sentinelle","article_publisher":"https:\/\/www.facebook.com\/La-Sentinelle-104059864394773","article_published_time":"2024-07-14T19:22:02+00:00","article_modified_time":"2024-07-14T19:22:03+00:00","og_image":[{"width":1000,"height":704,"url":"https:\/\/lasentinelle.dz\/wp-content\/uploads\/2021\/11\/CHU-annaba.gif","type":"image\/gif"}],"author":"La Sentinelle","twitter_card":"summary_large_image","twitter_misc":{"\u00c9crit par":"La Sentinelle","Dur\u00e9e de lecture estim\u00e9e":"3 minutes"},"schema":{"@context":"https:\/\/schema.org","@graph":[{"@type":"Article","@id":"https:\/\/lasentinelle.dz\/index.php\/2024\/07\/14\/centre-hospitalo-universitaire-dannaba-reprise-progressive-du-service-gynecologie-obstetrique\/#article","isPartOf":{"@id":"https:\/\/lasentinelle.dz\/index.php\/2024\/07\/14\/centre-hospitalo-universitaire-dannaba-reprise-progressive-du-service-gynecologie-obstetrique\/"},"author":{"name":"La Sentinelle","@id":"https:\/\/lasentinelle.dz\/#\/schema\/person\/d865044e22e70a75174ce8bcad3acfb3"},"headline":"Centre Hospitalo-universitaire d\u2019Annaba\u00a0: Reprise progressive du service gyn\u00e9cologie-obst\u00e9trique","datePublished":"2024-07-14T19:22:02+00:00","dateModified":"2024-07-14T19:22:03+00:00","mainEntityOfPage":{"@id":"https:\/\/lasentinelle.dz\/index.php\/2024\/07\/14\/centre-hospitalo-universitaire-dannaba-reprise-progressive-du-service-gynecologie-obstetrique\/"},"wordCount":467,"commentCount":0,"publisher":{"@id":"https:\/\/lasentinelle.dz\/#organization"},"image":{"@id":"https:\/\/lasentinelle.dz\/index.php\/2024\/07\/14\/centre-hospitalo-universitaire-dannaba-reprise-progressive-du-service-gynecologie-obstetrique\/#primaryimage"},"thumbnailUrl":"https:\/\/lasentinelle.dz\/wp-content\/uploads\/2021\/11\/CHU-annaba.gif","articleSection":["R\u00e9gions"],"inLanguage":"fr-FR","potentialAction":[{"@type":"CommentAction","name":"Comment","target":["https:\/\/lasentinelle.dz\/index.php\/2024\/07\/14\/centre-hospitalo-universitaire-dannaba-reprise-progressive-du-service-gynecologie-obstetrique\/#respond"]}]},{"@type":"WebPage","@id":"https:\/\/lasentinelle.dz\/index.php\/2024\/07\/14\/centre-hospitalo-universitaire-dannaba-reprise-progressive-du-service-gynecologie-obstetrique\/","url":"https:\/\/lasentinelle.dz\/index.php\/2024\/07\/14\/centre-hospitalo-universitaire-dannaba-reprise-progressive-du-service-gynecologie-obstetrique\/","name":"Centre Hospitalo-universitaire d\u2019Annaba\u00a0: Reprise progressive du service gyn\u00e9cologie-obst\u00e9trique - La Sentinelle","isPartOf":{"@id":"https:\/\/lasentinelle.dz\/#website"},"primaryImageOfPage":{"@id":"https:\/\/lasentinelle.dz\/index.php\/2024\/07\/14\/centre-hospitalo-universitaire-dannaba-reprise-progressive-du-service-gynecologie-obstetrique\/#primaryimage"},"image":{"@id":"https:\/\/lasentinelle.dz\/index.php\/2024\/07\/14\/centre-hospitalo-universitaire-dannaba-reprise-progressive-du-service-gynecologie-obstetrique\/#primaryimage"},"thumbnailUrl":"https:\/\/lasentinelle.dz\/wp-content\/uploads\/2021\/11\/CHU-annaba.gif","datePublished":"2024-07-14T19:22:02+00:00","dateModified":"2024-07-14T19:22:03+00:00","breadcrumb":{"@id":"https:\/\/lasentinelle.dz\/index.php\/2024\/07\/14\/centre-hospitalo-universitaire-dannaba-reprise-progressive-du-service-gynecologie-obstetrique\/#breadcrumb"},"inLanguage":"fr-FR","potentialAction":[{"@type":"ReadAction","target":["https:\/\/lasentinelle.dz\/index.php\/2024\/07\/14\/centre-hospitalo-universitaire-dannaba-reprise-progressive-du-service-gynecologie-obstetrique\/"]}]},{"@type":"ImageObject","inLanguage":"fr-FR","@id":"https:\/\/lasentinelle.dz\/index.php\/2024\/07\/14\/centre-hospitalo-universitaire-dannaba-reprise-progressive-du-service-gynecologie-obstetrique\/#primaryimage","url":"https:\/\/lasentinelle.dz\/wp-content\/uploads\/2021\/11\/CHU-annaba.gif","contentUrl":"https:\/\/lasentinelle.dz\/wp-content\/uploads\/2021\/11\/CHU-annaba.gif","width":1000,"height":704},{"@type":"BreadcrumbList","@id":"https:\/\/lasentinelle.dz\/index.php\/2024\/07\/14\/centre-hospitalo-universitaire-dannaba-reprise-progressive-du-service-gynecologie-obstetrique\/#breadcrumb","itemListElement":[{"@type":"ListItem","position":1,"name":"Accueil","item":"https:\/\/lasentinelle.dz\/"},{"@type":"ListItem","position":2,"name":"Centre Hospitalo-universitaire d\u2019Annaba\u00a0: Reprise progressive du service gyn\u00e9cologie-obst\u00e9trique"}]},{"@type":"WebSite","@id":"https:\/\/lasentinelle.dz\/#website","url":"https:\/\/lasentinelle.dz\/","name":"La Sentinelle","description":"Quotidien national d&#039;information","publisher":{"@id":"https:\/\/lasentinelle.dz\/#organization"},"potentialAction":[{"@type":"SearchAction","target":{"@type":"EntryPoint","urlTemplate":"https:\/\/lasentinelle.dz\/?s={search_term_string}"},"query-input":{"@type":"PropertyValueSpecification","valueRequired":true,"valueName":"search_term_string"}}],"inLanguage":"fr-FR"},{"@type":"Organization","@id":"https:\/\/lasentinelle.dz\/#organization","name":"Quotidien La Sentinelle","url":"https:\/\/lasentinelle.dz\/","logo":{"@type":"ImageObject","inLanguage":"fr-FR","@id":"https:\/\/lasentinelle.dz\/#\/schema\/logo\/image\/","url":"https:\/\/lasentinelle.dz\/wp-content\/uploads\/2021\/09\/logo-sentinelleSLOGAN-1.png","contentUrl":"https:\/\/lasentinelle.dz\/wp-content\/uploads\/2021\/09\/logo-sentinelleSLOGAN-1.png","width":615,"height":142,"caption":"Quotidien La Sentinelle"},"image":{"@id":"https:\/\/lasentinelle.dz\/#\/schema\/logo\/image\/"},"sameAs":["https:\/\/www.facebook.com\/La-Sentinelle-104059864394773"]},{"@type":"Person","@id":"https:\/\/lasentinelle.dz\/#\/schema\/person\/d865044e22e70a75174ce8bcad3acfb3","name":"La Sentinelle","image":{"@type":"ImageObject","inLanguage":"fr-FR","@id":"https:\/\/secure.gravatar.com\/avatar\/57de8e5d4b15d43fb361a71fbb36338450fe67865b528a43dd10ef7c51a20392?s=96&d=mm&r=g","url":"https:\/\/secure.gravatar.com\/avatar\/57de8e5d4b15d43fb361a71fbb36338450fe67865b528a43dd10ef7c51a20392?s=96&d=mm&r=g","contentUrl":"https:\/\/secure.gravatar.com\/avatar\/57de8e5d4b15d43fb361a71fbb36338450fe67865b528a43dd10ef7c51a20392?s=96&d=mm&r=g","caption":"La Sentinelle"},"sameAs":["http:\/\/www.lasentinelle.dz"],"url":"https:\/\/lasentinelle.dz\/author\/redaction\/"}]}},"_links":{"self":[{"href":"https:\/\/lasentinelle.dz\/index.php\/wp-json\/wp\/v2\/posts\/54443","targetHints":{"allow":["GET"]}}],"collection":[{"href":"https:\/\/lasentinelle.dz\/index.php\/wp-json\/wp\/v2\/posts"}],"about":[{"href":"https:\/\/lasentinelle.dz\/index.php\/wp-json\/wp\/v2\/types\/post"}],"author":[{"embeddable":true,"href":"https:\/\/lasentinelle.dz\/index.php\/wp-json\/wp\/v2\/users\/3"}],"replies":[{"embeddable":true,"href":"https:\/\/lasentinelle.dz\/index.php\/wp-json\/wp\/v2\/comments?post=54443"}],"version-history":[{"count":1,"href":"https:\/\/lasentinelle.dz\/index.php\/wp-json\/wp\/v2\/posts\/54443\/revisions"}],"predecessor-version":[{"id":54444,"href":"https:\/\/lasentinelle.dz\/index.php\/wp-json\/wp\/v2\/posts\/54443\/revisions\/54444"}],"wp:featuredmedia":[{"embeddable":true,"href":"https:\/\/lasentinelle.dz\/index.php\/wp-json\/wp\/v2\/media\/13962"}],"wp:attachment":[{"href":"https:\/\/lasentinelle.dz\/index.php\/wp-json\/wp\/v2\/media?parent=54443"}],"wp:term":[{"taxonomy":"category","embeddable":true,"href":"https:\/\/lasentinelle.dz\/index.php\/wp-json\/wp\/v2\/categories?post=54443"},{"taxonomy":"post_tag","embeddable":true,"href":"https:\/\/lasentinelle.dz\/index.php\/wp-json\/wp\/v2\/tags?post=54443"}],"curies":[{"name":"wp","href":"https:\/\/api.w.org\/{rel}","templated":true}]}}