{"id":54447,"date":"2024-07-15T12:21:35","date_gmt":"2024-07-15T11:21:35","guid":{"rendered":"https:\/\/lasentinelle.dz\/?p=54447"},"modified":"2024-07-15T12:21:37","modified_gmt":"2024-07-15T11:21:37","slug":"protection-des-donnees-personnelles-lanpdp-appelle-a-la-securisation-des-systemes-dhebergement","status":"publish","type":"post","link":"https:\/\/lasentinelle.dz\/index.php\/2024\/07\/15\/protection-des-donnees-personnelles-lanpdp-appelle-a-la-securisation-des-systemes-dhebergement\/","title":{"rendered":"Protection des donn\u00e9es personnelles: L&rsquo;ANPDP appelle \u00e0 la s\u00e9curisation des syst\u00e8mes d&rsquo;h\u00e9bergement"},"content":{"rendered":"\n<p>L&rsquo;Autorit\u00e9 nationale de protection des donn\u00e9es \u00e0 caract\u00e8re personnel (ANPDP) a lanc\u00e9 hier un appel pour renforcer la s\u00e9curit\u00e9 des donn\u00e9es personnelles dans les processus de num\u00e9risation. Dans un communiqu\u00e9, l&rsquo;ANPDP souligne l&rsquo;imp\u00e9ratif de prot\u00e9ger ces informations sensibles, tant dans le secteur public que priv\u00e9. \u00ab\u00a0Afin d&rsquo;assurer la sacralit\u00e9 des donn\u00e9es \u00e0 caract\u00e8re personnel de mani\u00e8re efficace conform\u00e9ment \u00e0 la loi 18-07, les responsables de la num\u00e9risation et de l&rsquo;interconnexion des fichiers de donn\u00e9es \u00e0 caract\u00e8re personnel dans les secteurs publics et priv\u00e9s doivent soigneusement prendre en compte la s\u00e9curit\u00e9 des informations et des syst\u00e8mes qui h\u00e9bergent ces donn\u00e9es\u00a0\u00bb, a pr\u00e9cis\u00e9 l&rsquo;ANPDP, dans un communiqu\u00e9, tout en r\u00e9affirmant sa \u00ab\u00a0disponibilit\u00e9 permanente pour tout accompagnement n\u00e9cessaire\u00a0\u00bb. \u00ab\u00a0La protection des donn\u00e9es personnelles est un droit fondamental qui ne peut \u00eatre n\u00e9glig\u00e9 dans l&rsquo;\u00e8re num\u00e9rique\u00a0\u00bb, affirme l&rsquo;ANPDP. L&rsquo;Autorit\u00e9 insiste sur la n\u00e9cessit\u00e9 de mettre en place des mesures de s\u00e9curit\u00e9 robustes \u00e0 chaque \u00e9tape du traitement des donn\u00e9es : collecte, transfert, traitement, acc\u00e8s, h\u00e9bergement et sous-traitance.<\/p>\n\n\n\n<p>Pour garantir le respect de la vie priv\u00e9e des citoyens, l&rsquo;ANPDP exhorte les organismes \u00e0 acc\u00e9l\u00e9rer leur mise en conformit\u00e9 avec la loi 18-07. Cette l\u00e9gislation vise \u00e0 \u00ab\u00a0\u00e9tablir des r\u00e8gles pour que le traitement des donn\u00e9es se r\u00e9alise dans le respect de la dignit\u00e9 humaine, la vie priv\u00e9e et les libert\u00e9s publiques\u00a0\u00bb. L&rsquo;Autorit\u00e9 adopte une approche collaborative, organisant des tables rondes et des rencontres pour aider les organisations \u00e0 surmonter les obstacles techniques, proc\u00e9duraux ou juridiques. Elle a \u00e9galement mis en place des ressources de formation sur son site web pour faciliter la compr\u00e9hension et l&rsquo;application de la loi.<\/p>\n\n\n\n<p>\u00ab\u00a0La protection des donn\u00e9es personnelles n&rsquo;est pas seulement une obligation l\u00e9gale, c&rsquo;est un imp\u00e9ratif \u00e9thique et une responsabilit\u00e9 soci\u00e9tale\u00a0\u00bb, rappelle l&rsquo;ANPDP. L&rsquo;Autorit\u00e9 r\u00e9affirme sa disponibilit\u00e9 pour accompagner les organismes dans cette d\u00e9marche essentielle de protection de la vie priv\u00e9e des citoyens. A ce titre, l&rsquo;Autorit\u00e9 indique avoir adopt\u00e9 \u00ab\u00a0une strat\u00e9gie inclusive \u00e0 l&rsquo;endroit de l&rsquo;ensemble des parties prenantes par la mise en \u0153uvre d&rsquo;une approche participative en organisant de fa\u00e7on r\u00e9guli\u00e8re des tables rondes et des rencontres avec les organismes et institutions des secteurs public et priv\u00e9, l&rsquo;objectif principal est de discuter et r\u00e9soudre les difficult\u00e9s (quelles soient techniques, proc\u00e9durales ou juridiques) rencontr\u00e9es pendant le processus de conformit\u00e9\u00a0\u00bb. Selon la m\u00eame d\u00e9marche et dans la continuit\u00e9 de cette approche, l&rsquo;Autorit\u00e9 a inclus sur son site web (www.anpdp.dz) un nouvel espace d\u00e9di\u00e9 \u00e0 la formation et a commenc\u00e9 \u00e0 publier des documents explicatifs et des guides de formation concernant la loi 18-07 afin de \u00ab\u00a0simplifier la compr\u00e9hension de la terminologie et les proc\u00e9dures y aff\u00e9rentes\u00a0\u00bb.<\/p>\n\n\n\n<p>En priorisant ainsi la s\u00e9curit\u00e9 des donn\u00e9es personnelles, l&rsquo;ANPDP vise \u00e0 cr\u00e9er un environnement num\u00e9rique de confiance, respectueux des droits fondamentaux et propice au d\u00e9veloppement d&rsquo;une soci\u00e9t\u00e9 digitale responsable.<\/p>\n\n\n\n<p>Sabrina Aziouez<\/p>\n","protected":false},"excerpt":{"rendered":"<p>L&rsquo;Autorit\u00e9 nationale de protection des donn\u00e9es \u00e0 caract\u00e8re personnel (ANPDP) a lanc\u00e9 hier un appel pour renforcer la s\u00e9curit\u00e9 des<\/p>\n","protected":false},"author":3,"featured_media":42512,"comment_status":"open","ping_status":"closed","sticky":false,"template":"","format":"standard","meta":{"colormag_page_container_layout":"default_layout","colormag_page_sidebar_layout":"default_layout","om_disable_all_campaigns":false,"_monsterinsights_skip_tracking":false,"_monsterinsights_sitenote_active":false,"_monsterinsights_sitenote_note":"","_monsterinsights_sitenote_category":0,"footnotes":"","_wpscppro_dont_share_socialmedia":false,"_wpscppro_custom_social_share_image":0,"_facebook_share_type":"default","_twitter_share_type":"default","_linkedin_share_type":"default","_pinterest_share_type":"default","_linkedin_share_type_page":"","_instagram_share_type":"default","_medium_share_type":"","_threads_share_type":"","_google_business_share_type":"","_selected_social_profile":[],"_wpsp_enable_custom_social_template":false,"_wpsp_social_scheduling":{"enabled":false,"datetime":null,"platforms":[],"status":"template_only","dateOption":"today","timeOption":"now","customDays":"","customHours":"","customDate":"","customTime":"","schedulingType":"absolute"},"_wpsp_active_default_template":true},"categories":[27],"tags":[],"class_list":["post-54447","post","type-post","status-publish","format-standard","has-post-thumbnail","hentry","category-actualite"],"aioseo_notices":[],"yoast_head":"<!-- This site is optimized with the Yoast SEO plugin v27.4 - https:\/\/yoast.com\/product\/yoast-seo-wordpress\/ -->\n<title>Protection des donn\u00e9es personnelles: L&rsquo;ANPDP appelle \u00e0 la s\u00e9curisation des syst\u00e8mes d&rsquo;h\u00e9bergement - La Sentinelle<\/title>\n<meta name=\"robots\" content=\"index, follow, max-snippet:-1, max-image-preview:large, max-video-preview:-1\" \/>\n<link rel=\"canonical\" href=\"https:\/\/lasentinelle.dz\/index.php\/2024\/07\/15\/protection-des-donnees-personnelles-lanpdp-appelle-a-la-securisation-des-systemes-dhebergement\/\" \/>\n<meta property=\"og:locale\" content=\"fr_FR\" \/>\n<meta property=\"og:type\" content=\"article\" \/>\n<meta property=\"og:title\" content=\"Protection des donn\u00e9es personnelles: L&rsquo;ANPDP appelle \u00e0 la s\u00e9curisation des syst\u00e8mes d&rsquo;h\u00e9bergement - La Sentinelle\" \/>\n<meta property=\"og:description\" content=\"L&rsquo;Autorit\u00e9 nationale de protection des donn\u00e9es \u00e0 caract\u00e8re personnel (ANPDP) a lanc\u00e9 hier un appel pour renforcer la s\u00e9curit\u00e9 des\" \/>\n<meta property=\"og:url\" content=\"https:\/\/lasentinelle.dz\/index.php\/2024\/07\/15\/protection-des-donnees-personnelles-lanpdp-appelle-a-la-securisation-des-systemes-dhebergement\/\" \/>\n<meta property=\"og:site_name\" content=\"La Sentinelle\" \/>\n<meta property=\"article:publisher\" content=\"https:\/\/www.facebook.com\/La-Sentinelle-104059864394773\" \/>\n<meta property=\"article:published_time\" content=\"2024-07-15T11:21:35+00:00\" \/>\n<meta property=\"article:modified_time\" content=\"2024-07-15T11:21:37+00:00\" \/>\n<meta property=\"og:image\" content=\"https:\/\/lasentinelle.dz\/wp-content\/uploads\/2023\/06\/cyber-resilience.png\" \/>\n\t<meta property=\"og:image:width\" content=\"1349\" \/>\n\t<meta property=\"og:image:height\" content=\"900\" \/>\n\t<meta property=\"og:image:type\" content=\"image\/png\" \/>\n<meta name=\"author\" content=\"La Sentinelle\" \/>\n<meta name=\"twitter:card\" content=\"summary_large_image\" \/>\n<meta name=\"twitter:label1\" content=\"\u00c9crit par\" \/>\n\t<meta name=\"twitter:data1\" content=\"La Sentinelle\" \/>\n\t<meta name=\"twitter:label2\" content=\"Dur\u00e9e de lecture estim\u00e9e\" \/>\n\t<meta name=\"twitter:data2\" content=\"3 minutes\" \/>\n<script type=\"application\/ld+json\" class=\"yoast-schema-graph\">{\"@context\":\"https:\\\/\\\/schema.org\",\"@graph\":[{\"@type\":\"Article\",\"@id\":\"https:\\\/\\\/lasentinelle.dz\\\/index.php\\\/2024\\\/07\\\/15\\\/protection-des-donnees-personnelles-lanpdp-appelle-a-la-securisation-des-systemes-dhebergement\\\/#article\",\"isPartOf\":{\"@id\":\"https:\\\/\\\/lasentinelle.dz\\\/index.php\\\/2024\\\/07\\\/15\\\/protection-des-donnees-personnelles-lanpdp-appelle-a-la-securisation-des-systemes-dhebergement\\\/\"},\"author\":{\"name\":\"La Sentinelle\",\"@id\":\"https:\\\/\\\/lasentinelle.dz\\\/#\\\/schema\\\/person\\\/d865044e22e70a75174ce8bcad3acfb3\"},\"headline\":\"Protection des donn\u00e9es personnelles: L&rsquo;ANPDP appelle \u00e0 la s\u00e9curisation des syst\u00e8mes d&rsquo;h\u00e9bergement\",\"datePublished\":\"2024-07-15T11:21:35+00:00\",\"dateModified\":\"2024-07-15T11:21:37+00:00\",\"mainEntityOfPage\":{\"@id\":\"https:\\\/\\\/lasentinelle.dz\\\/index.php\\\/2024\\\/07\\\/15\\\/protection-des-donnees-personnelles-lanpdp-appelle-a-la-securisation-des-systemes-dhebergement\\\/\"},\"wordCount\":558,\"commentCount\":0,\"publisher\":{\"@id\":\"https:\\\/\\\/lasentinelle.dz\\\/#organization\"},\"image\":{\"@id\":\"https:\\\/\\\/lasentinelle.dz\\\/index.php\\\/2024\\\/07\\\/15\\\/protection-des-donnees-personnelles-lanpdp-appelle-a-la-securisation-des-systemes-dhebergement\\\/#primaryimage\"},\"thumbnailUrl\":\"https:\\\/\\\/lasentinelle.dz\\\/wp-content\\\/uploads\\\/2023\\\/06\\\/cyber-resilience.png\",\"articleSection\":[\"Actualit\u00e9\"],\"inLanguage\":\"fr-FR\",\"potentialAction\":[{\"@type\":\"CommentAction\",\"name\":\"Comment\",\"target\":[\"https:\\\/\\\/lasentinelle.dz\\\/index.php\\\/2024\\\/07\\\/15\\\/protection-des-donnees-personnelles-lanpdp-appelle-a-la-securisation-des-systemes-dhebergement\\\/#respond\"]}]},{\"@type\":\"WebPage\",\"@id\":\"https:\\\/\\\/lasentinelle.dz\\\/index.php\\\/2024\\\/07\\\/15\\\/protection-des-donnees-personnelles-lanpdp-appelle-a-la-securisation-des-systemes-dhebergement\\\/\",\"url\":\"https:\\\/\\\/lasentinelle.dz\\\/index.php\\\/2024\\\/07\\\/15\\\/protection-des-donnees-personnelles-lanpdp-appelle-a-la-securisation-des-systemes-dhebergement\\\/\",\"name\":\"Protection des donn\u00e9es personnelles: L&rsquo;ANPDP appelle \u00e0 la s\u00e9curisation des syst\u00e8mes d&rsquo;h\u00e9bergement - La Sentinelle\",\"isPartOf\":{\"@id\":\"https:\\\/\\\/lasentinelle.dz\\\/#website\"},\"primaryImageOfPage\":{\"@id\":\"https:\\\/\\\/lasentinelle.dz\\\/index.php\\\/2024\\\/07\\\/15\\\/protection-des-donnees-personnelles-lanpdp-appelle-a-la-securisation-des-systemes-dhebergement\\\/#primaryimage\"},\"image\":{\"@id\":\"https:\\\/\\\/lasentinelle.dz\\\/index.php\\\/2024\\\/07\\\/15\\\/protection-des-donnees-personnelles-lanpdp-appelle-a-la-securisation-des-systemes-dhebergement\\\/#primaryimage\"},\"thumbnailUrl\":\"https:\\\/\\\/lasentinelle.dz\\\/wp-content\\\/uploads\\\/2023\\\/06\\\/cyber-resilience.png\",\"datePublished\":\"2024-07-15T11:21:35+00:00\",\"dateModified\":\"2024-07-15T11:21:37+00:00\",\"breadcrumb\":{\"@id\":\"https:\\\/\\\/lasentinelle.dz\\\/index.php\\\/2024\\\/07\\\/15\\\/protection-des-donnees-personnelles-lanpdp-appelle-a-la-securisation-des-systemes-dhebergement\\\/#breadcrumb\"},\"inLanguage\":\"fr-FR\",\"potentialAction\":[{\"@type\":\"ReadAction\",\"target\":[\"https:\\\/\\\/lasentinelle.dz\\\/index.php\\\/2024\\\/07\\\/15\\\/protection-des-donnees-personnelles-lanpdp-appelle-a-la-securisation-des-systemes-dhebergement\\\/\"]}]},{\"@type\":\"ImageObject\",\"inLanguage\":\"fr-FR\",\"@id\":\"https:\\\/\\\/lasentinelle.dz\\\/index.php\\\/2024\\\/07\\\/15\\\/protection-des-donnees-personnelles-lanpdp-appelle-a-la-securisation-des-systemes-dhebergement\\\/#primaryimage\",\"url\":\"https:\\\/\\\/lasentinelle.dz\\\/wp-content\\\/uploads\\\/2023\\\/06\\\/cyber-resilience.png\",\"contentUrl\":\"https:\\\/\\\/lasentinelle.dz\\\/wp-content\\\/uploads\\\/2023\\\/06\\\/cyber-resilience.png\",\"width\":1349,\"height\":900},{\"@type\":\"BreadcrumbList\",\"@id\":\"https:\\\/\\\/lasentinelle.dz\\\/index.php\\\/2024\\\/07\\\/15\\\/protection-des-donnees-personnelles-lanpdp-appelle-a-la-securisation-des-systemes-dhebergement\\\/#breadcrumb\",\"itemListElement\":[{\"@type\":\"ListItem\",\"position\":1,\"name\":\"Accueil\",\"item\":\"https:\\\/\\\/lasentinelle.dz\\\/\"},{\"@type\":\"ListItem\",\"position\":2,\"name\":\"Protection des donn\u00e9es personnelles: L&rsquo;ANPDP appelle \u00e0 la s\u00e9curisation des syst\u00e8mes d&rsquo;h\u00e9bergement\"}]},{\"@type\":\"WebSite\",\"@id\":\"https:\\\/\\\/lasentinelle.dz\\\/#website\",\"url\":\"https:\\\/\\\/lasentinelle.dz\\\/\",\"name\":\"La Sentinelle\",\"description\":\"Quotidien national d&#039;information\",\"publisher\":{\"@id\":\"https:\\\/\\\/lasentinelle.dz\\\/#organization\"},\"potentialAction\":[{\"@type\":\"SearchAction\",\"target\":{\"@type\":\"EntryPoint\",\"urlTemplate\":\"https:\\\/\\\/lasentinelle.dz\\\/?s={search_term_string}\"},\"query-input\":{\"@type\":\"PropertyValueSpecification\",\"valueRequired\":true,\"valueName\":\"search_term_string\"}}],\"inLanguage\":\"fr-FR\"},{\"@type\":\"Organization\",\"@id\":\"https:\\\/\\\/lasentinelle.dz\\\/#organization\",\"name\":\"Quotidien La Sentinelle\",\"url\":\"https:\\\/\\\/lasentinelle.dz\\\/\",\"logo\":{\"@type\":\"ImageObject\",\"inLanguage\":\"fr-FR\",\"@id\":\"https:\\\/\\\/lasentinelle.dz\\\/#\\\/schema\\\/logo\\\/image\\\/\",\"url\":\"https:\\\/\\\/lasentinelle.dz\\\/wp-content\\\/uploads\\\/2021\\\/09\\\/logo-sentinelleSLOGAN-1.png\",\"contentUrl\":\"https:\\\/\\\/lasentinelle.dz\\\/wp-content\\\/uploads\\\/2021\\\/09\\\/logo-sentinelleSLOGAN-1.png\",\"width\":615,\"height\":142,\"caption\":\"Quotidien La Sentinelle\"},\"image\":{\"@id\":\"https:\\\/\\\/lasentinelle.dz\\\/#\\\/schema\\\/logo\\\/image\\\/\"},\"sameAs\":[\"https:\\\/\\\/www.facebook.com\\\/La-Sentinelle-104059864394773\"]},{\"@type\":\"Person\",\"@id\":\"https:\\\/\\\/lasentinelle.dz\\\/#\\\/schema\\\/person\\\/d865044e22e70a75174ce8bcad3acfb3\",\"name\":\"La Sentinelle\",\"image\":{\"@type\":\"ImageObject\",\"inLanguage\":\"fr-FR\",\"@id\":\"https:\\\/\\\/secure.gravatar.com\\\/avatar\\\/57de8e5d4b15d43fb361a71fbb36338450fe67865b528a43dd10ef7c51a20392?s=96&d=mm&r=g\",\"url\":\"https:\\\/\\\/secure.gravatar.com\\\/avatar\\\/57de8e5d4b15d43fb361a71fbb36338450fe67865b528a43dd10ef7c51a20392?s=96&d=mm&r=g\",\"contentUrl\":\"https:\\\/\\\/secure.gravatar.com\\\/avatar\\\/57de8e5d4b15d43fb361a71fbb36338450fe67865b528a43dd10ef7c51a20392?s=96&d=mm&r=g\",\"caption\":\"La Sentinelle\"},\"sameAs\":[\"http:\\\/\\\/www.lasentinelle.dz\"],\"url\":\"https:\\\/\\\/lasentinelle.dz\\\/author\\\/redaction\\\/\"}]}<\/script>\n<!-- \/ Yoast SEO plugin. -->","yoast_head_json":{"title":"Protection des donn\u00e9es personnelles: L&rsquo;ANPDP appelle \u00e0 la s\u00e9curisation des syst\u00e8mes d&rsquo;h\u00e9bergement - La Sentinelle","robots":{"index":"index","follow":"follow","max-snippet":"max-snippet:-1","max-image-preview":"max-image-preview:large","max-video-preview":"max-video-preview:-1"},"canonical":"https:\/\/lasentinelle.dz\/index.php\/2024\/07\/15\/protection-des-donnees-personnelles-lanpdp-appelle-a-la-securisation-des-systemes-dhebergement\/","og_locale":"fr_FR","og_type":"article","og_title":"Protection des donn\u00e9es personnelles: L&rsquo;ANPDP appelle \u00e0 la s\u00e9curisation des syst\u00e8mes d&rsquo;h\u00e9bergement - La Sentinelle","og_description":"L&rsquo;Autorit\u00e9 nationale de protection des donn\u00e9es \u00e0 caract\u00e8re personnel (ANPDP) a lanc\u00e9 hier un appel pour renforcer la s\u00e9curit\u00e9 des","og_url":"https:\/\/lasentinelle.dz\/index.php\/2024\/07\/15\/protection-des-donnees-personnelles-lanpdp-appelle-a-la-securisation-des-systemes-dhebergement\/","og_site_name":"La Sentinelle","article_publisher":"https:\/\/www.facebook.com\/La-Sentinelle-104059864394773","article_published_time":"2024-07-15T11:21:35+00:00","article_modified_time":"2024-07-15T11:21:37+00:00","og_image":[{"width":1349,"height":900,"url":"https:\/\/lasentinelle.dz\/wp-content\/uploads\/2023\/06\/cyber-resilience.png","type":"image\/png"}],"author":"La Sentinelle","twitter_card":"summary_large_image","twitter_misc":{"\u00c9crit par":"La Sentinelle","Dur\u00e9e de lecture estim\u00e9e":"3 minutes"},"schema":{"@context":"https:\/\/schema.org","@graph":[{"@type":"Article","@id":"https:\/\/lasentinelle.dz\/index.php\/2024\/07\/15\/protection-des-donnees-personnelles-lanpdp-appelle-a-la-securisation-des-systemes-dhebergement\/#article","isPartOf":{"@id":"https:\/\/lasentinelle.dz\/index.php\/2024\/07\/15\/protection-des-donnees-personnelles-lanpdp-appelle-a-la-securisation-des-systemes-dhebergement\/"},"author":{"name":"La Sentinelle","@id":"https:\/\/lasentinelle.dz\/#\/schema\/person\/d865044e22e70a75174ce8bcad3acfb3"},"headline":"Protection des donn\u00e9es personnelles: L&rsquo;ANPDP appelle \u00e0 la s\u00e9curisation des syst\u00e8mes d&rsquo;h\u00e9bergement","datePublished":"2024-07-15T11:21:35+00:00","dateModified":"2024-07-15T11:21:37+00:00","mainEntityOfPage":{"@id":"https:\/\/lasentinelle.dz\/index.php\/2024\/07\/15\/protection-des-donnees-personnelles-lanpdp-appelle-a-la-securisation-des-systemes-dhebergement\/"},"wordCount":558,"commentCount":0,"publisher":{"@id":"https:\/\/lasentinelle.dz\/#organization"},"image":{"@id":"https:\/\/lasentinelle.dz\/index.php\/2024\/07\/15\/protection-des-donnees-personnelles-lanpdp-appelle-a-la-securisation-des-systemes-dhebergement\/#primaryimage"},"thumbnailUrl":"https:\/\/lasentinelle.dz\/wp-content\/uploads\/2023\/06\/cyber-resilience.png","articleSection":["Actualit\u00e9"],"inLanguage":"fr-FR","potentialAction":[{"@type":"CommentAction","name":"Comment","target":["https:\/\/lasentinelle.dz\/index.php\/2024\/07\/15\/protection-des-donnees-personnelles-lanpdp-appelle-a-la-securisation-des-systemes-dhebergement\/#respond"]}]},{"@type":"WebPage","@id":"https:\/\/lasentinelle.dz\/index.php\/2024\/07\/15\/protection-des-donnees-personnelles-lanpdp-appelle-a-la-securisation-des-systemes-dhebergement\/","url":"https:\/\/lasentinelle.dz\/index.php\/2024\/07\/15\/protection-des-donnees-personnelles-lanpdp-appelle-a-la-securisation-des-systemes-dhebergement\/","name":"Protection des donn\u00e9es personnelles: L&rsquo;ANPDP appelle \u00e0 la s\u00e9curisation des syst\u00e8mes d&rsquo;h\u00e9bergement - La Sentinelle","isPartOf":{"@id":"https:\/\/lasentinelle.dz\/#website"},"primaryImageOfPage":{"@id":"https:\/\/lasentinelle.dz\/index.php\/2024\/07\/15\/protection-des-donnees-personnelles-lanpdp-appelle-a-la-securisation-des-systemes-dhebergement\/#primaryimage"},"image":{"@id":"https:\/\/lasentinelle.dz\/index.php\/2024\/07\/15\/protection-des-donnees-personnelles-lanpdp-appelle-a-la-securisation-des-systemes-dhebergement\/#primaryimage"},"thumbnailUrl":"https:\/\/lasentinelle.dz\/wp-content\/uploads\/2023\/06\/cyber-resilience.png","datePublished":"2024-07-15T11:21:35+00:00","dateModified":"2024-07-15T11:21:37+00:00","breadcrumb":{"@id":"https:\/\/lasentinelle.dz\/index.php\/2024\/07\/15\/protection-des-donnees-personnelles-lanpdp-appelle-a-la-securisation-des-systemes-dhebergement\/#breadcrumb"},"inLanguage":"fr-FR","potentialAction":[{"@type":"ReadAction","target":["https:\/\/lasentinelle.dz\/index.php\/2024\/07\/15\/protection-des-donnees-personnelles-lanpdp-appelle-a-la-securisation-des-systemes-dhebergement\/"]}]},{"@type":"ImageObject","inLanguage":"fr-FR","@id":"https:\/\/lasentinelle.dz\/index.php\/2024\/07\/15\/protection-des-donnees-personnelles-lanpdp-appelle-a-la-securisation-des-systemes-dhebergement\/#primaryimage","url":"https:\/\/lasentinelle.dz\/wp-content\/uploads\/2023\/06\/cyber-resilience.png","contentUrl":"https:\/\/lasentinelle.dz\/wp-content\/uploads\/2023\/06\/cyber-resilience.png","width":1349,"height":900},{"@type":"BreadcrumbList","@id":"https:\/\/lasentinelle.dz\/index.php\/2024\/07\/15\/protection-des-donnees-personnelles-lanpdp-appelle-a-la-securisation-des-systemes-dhebergement\/#breadcrumb","itemListElement":[{"@type":"ListItem","position":1,"name":"Accueil","item":"https:\/\/lasentinelle.dz\/"},{"@type":"ListItem","position":2,"name":"Protection des donn\u00e9es personnelles: L&rsquo;ANPDP appelle \u00e0 la s\u00e9curisation des syst\u00e8mes d&rsquo;h\u00e9bergement"}]},{"@type":"WebSite","@id":"https:\/\/lasentinelle.dz\/#website","url":"https:\/\/lasentinelle.dz\/","name":"La Sentinelle","description":"Quotidien national d&#039;information","publisher":{"@id":"https:\/\/lasentinelle.dz\/#organization"},"potentialAction":[{"@type":"SearchAction","target":{"@type":"EntryPoint","urlTemplate":"https:\/\/lasentinelle.dz\/?s={search_term_string}"},"query-input":{"@type":"PropertyValueSpecification","valueRequired":true,"valueName":"search_term_string"}}],"inLanguage":"fr-FR"},{"@type":"Organization","@id":"https:\/\/lasentinelle.dz\/#organization","name":"Quotidien La Sentinelle","url":"https:\/\/lasentinelle.dz\/","logo":{"@type":"ImageObject","inLanguage":"fr-FR","@id":"https:\/\/lasentinelle.dz\/#\/schema\/logo\/image\/","url":"https:\/\/lasentinelle.dz\/wp-content\/uploads\/2021\/09\/logo-sentinelleSLOGAN-1.png","contentUrl":"https:\/\/lasentinelle.dz\/wp-content\/uploads\/2021\/09\/logo-sentinelleSLOGAN-1.png","width":615,"height":142,"caption":"Quotidien La Sentinelle"},"image":{"@id":"https:\/\/lasentinelle.dz\/#\/schema\/logo\/image\/"},"sameAs":["https:\/\/www.facebook.com\/La-Sentinelle-104059864394773"]},{"@type":"Person","@id":"https:\/\/lasentinelle.dz\/#\/schema\/person\/d865044e22e70a75174ce8bcad3acfb3","name":"La Sentinelle","image":{"@type":"ImageObject","inLanguage":"fr-FR","@id":"https:\/\/secure.gravatar.com\/avatar\/57de8e5d4b15d43fb361a71fbb36338450fe67865b528a43dd10ef7c51a20392?s=96&d=mm&r=g","url":"https:\/\/secure.gravatar.com\/avatar\/57de8e5d4b15d43fb361a71fbb36338450fe67865b528a43dd10ef7c51a20392?s=96&d=mm&r=g","contentUrl":"https:\/\/secure.gravatar.com\/avatar\/57de8e5d4b15d43fb361a71fbb36338450fe67865b528a43dd10ef7c51a20392?s=96&d=mm&r=g","caption":"La Sentinelle"},"sameAs":["http:\/\/www.lasentinelle.dz"],"url":"https:\/\/lasentinelle.dz\/author\/redaction\/"}]}},"_links":{"self":[{"href":"https:\/\/lasentinelle.dz\/index.php\/wp-json\/wp\/v2\/posts\/54447","targetHints":{"allow":["GET"]}}],"collection":[{"href":"https:\/\/lasentinelle.dz\/index.php\/wp-json\/wp\/v2\/posts"}],"about":[{"href":"https:\/\/lasentinelle.dz\/index.php\/wp-json\/wp\/v2\/types\/post"}],"author":[{"embeddable":true,"href":"https:\/\/lasentinelle.dz\/index.php\/wp-json\/wp\/v2\/users\/3"}],"replies":[{"embeddable":true,"href":"https:\/\/lasentinelle.dz\/index.php\/wp-json\/wp\/v2\/comments?post=54447"}],"version-history":[{"count":2,"href":"https:\/\/lasentinelle.dz\/index.php\/wp-json\/wp\/v2\/posts\/54447\/revisions"}],"predecessor-version":[{"id":54449,"href":"https:\/\/lasentinelle.dz\/index.php\/wp-json\/wp\/v2\/posts\/54447\/revisions\/54449"}],"wp:featuredmedia":[{"embeddable":true,"href":"https:\/\/lasentinelle.dz\/index.php\/wp-json\/wp\/v2\/media\/42512"}],"wp:attachment":[{"href":"https:\/\/lasentinelle.dz\/index.php\/wp-json\/wp\/v2\/media?parent=54447"}],"wp:term":[{"taxonomy":"category","embeddable":true,"href":"https:\/\/lasentinelle.dz\/index.php\/wp-json\/wp\/v2\/categories?post=54447"},{"taxonomy":"post_tag","embeddable":true,"href":"https:\/\/lasentinelle.dz\/index.php\/wp-json\/wp\/v2\/tags?post=54447"}],"curies":[{"name":"wp","href":"https:\/\/api.w.org\/{rel}","templated":true}]}}