{"id":5445,"date":"2021-08-26T00:02:00","date_gmt":"2021-08-25T23:02:00","guid":{"rendered":"https:\/\/lasentinelle.dz\/?p=5445"},"modified":"2021-08-25T20:18:01","modified_gmt":"2021-08-25T19:18:01","slug":"ahmed-ben-saada-enseignant-universitaire-lalgerie-est-sous-le-feu-nourri-dune-guerre","status":"publish","type":"post","link":"https:\/\/lasentinelle.dz\/index.php\/2021\/08\/26\/ahmed-ben-saada-enseignant-universitaire-lalgerie-est-sous-le-feu-nourri-dune-guerre\/","title":{"rendered":"Ahmed Ben saada, enseignant universitaire : L\u2019Alg\u00e9rie \u00ab est sous le feu nourri d\u2019une guerre \u00bb"},"content":{"rendered":"\n<p>En plus des attaques qui ciblent la population, via des actes de sabotage et des incendies criminels, l\u2019Alg\u00e9rie est sous le feu nourri d\u2019une guerre d\u2019un autre type. Une guerre qui s\u2019appuie sur la d\u00e9sinformation afin de cr\u00e9er les conditions d\u2019une d\u00e9stabilisation.&nbsp;<\/p>\n\n\n\n<p>L\u2019enseignant universitaire, Ahmed Ben Saada, estime dans ce sens que l\u2019Alg\u00e9rie \u00ab est sous le feu nourri d\u2019une guerre de quatri\u00e8me g\u00e9n\u00e9ration \u00bb.C\u2019est en r\u00e9action au rapport \u00e9tabli la soci\u00e9t\u00e9 Am\u00e9ricaine \u00ab Graphica \u00bb sur l\u2019Alg\u00e9rie que cet universitaire&nbsp; a indiqu\u00e9 que ce rapport pondu par une soci\u00e9t\u00e9, soi-disant sp\u00e9cialis\u00e9e dans l\u2019analyse des r\u00e9seaux \u00ab est une \u00e9vidente ing\u00e9rence dans la politique int\u00e9rieure de l\u2019Alg\u00e9rie et cherche \u00e0 cr\u00e9er une nouvelle agitation malsaine dans la vie politique du pays \u00bb.<\/p>\n\n\n\n<p>Dans une \u00e9tude publi\u00e9e dimanche 22 ao\u00fbt 2021 dans la revue Afrique-Asie, sous le titre \u00ab\u00a0Le rapport de Graphika : soft power et guerre de 4e g\u00e9n\u00e9ration contre l\u2019Alg\u00e9rie\u00a0\u00bb, l\u2019universitaire s\u2019interroge sur le timing \u00e9tabli par la soci\u00e9t\u00e9 US pour publier son rapport. Et d\u2019ajouter qu\u2019\u00ab il est quand m\u00eame \u00e9trange que sa publication intervienne juste apr\u00e8s le scandale Pegasus qui a cibl\u00e9 l\u2019Alg\u00e9rie \u00bb, indiquant que \u00ab de victime, l\u2019Alg\u00e9rie est pr\u00e9sent\u00e9e comme coupable par Graphica \u00bb.<\/p>\n\n\n\n<p>Ahmed Ben Saada \u00e9met une s\u00e9rie d\u2019interrogation sur les motivations de Graphica&nbsp;: pourquoi l\u2019Alg\u00e9rie ? pourquoi maintenant ? quel est le but recherch\u00e9 ? qui a command\u00e9 l\u2019\u00e9tude ? qui l\u2019a financ\u00e9 et qui a collabor\u00e9 avec eux? Ce sont autant de questionnements que cet universitaire s\u2019est pos\u00e9es avant d\u2019avancer une d\u00e9duction \u00e0 travers laquelle il affirmera que \u00ab si Graphica s\u2019est int\u00e9ress\u00e9e \u00e0 l\u2019Alg\u00e9rie, c\u2019est que ce pays repr\u00e9sente un enjeu g\u00e9ostrat\u00e9gique important pour les \u00c9tats-Unis \u00bb. Il r\u00e9v\u00e8lera aussi qu\u2019\u00ab en plus de l\u2019institution pr\u00e9sidentielle, c\u2019est l\u2019institution militaire alg\u00e9rienne qui a \u00e9t\u00e9 d\u00e9nigr\u00e9e \u00bb par Graphica. Et de rappeler que l\u2019Alg\u00e9rie, comme tous les pays du monde \u00ab a ses institutions \u00e9tatiques et s\u2019exprime dans les m\u00e9dias&nbsp; qu\u2019elle juge ad\u00e9quat \u00e0 son message \u00bb.L\u2019enseignant universitaire estime, \u00e9galement, que le rapport Graphica, \u00e9met des critiques \u00e0 l\u2019\u00e9gard \u00ab du droit de l\u2019institution militaire de faire des reportages sur les \u00ab&nbsp;fake news&nbsp;\u00bb et de d\u00e9noncer les agissements de certains groupes qui menacent la s\u00e9curit\u00e9 et la souverainet\u00e9 de l\u2019Alg\u00e9rie \u00bb.<\/p>\n\n\n\n<p>Concernant les conclusions tir\u00e9es par \u00ab Graphica \u00bb, l\u2019universitaire a affirm\u00e9 que \u00ab des sites jug\u00e9s ind\u00e9sirables sont supprim\u00e9s sur recommandations de Graphica qui fait de la politique et non de l\u2019analyse de r\u00e9seaux \u00bb, indiquant pour conclure son \u00e9tude&nbsp; que \u00ab la d\u00e9marche constitutionnelle de l\u2019Etat alg\u00e9rien pour sortir de l\u2019impasse ne plait pas \u00e0 Graphica \u00bb. Il ajoute que cette m\u00eame soci\u00e9t\u00e9 am\u00e9ricaine \u00ab supporte la politique de \u00ab&nbsp;yetnahaou g\u00e2a \u00bb, pr\u00f4n\u00e9e en particulier par les Ongistes, form\u00e9es et financ\u00e9es par les organismes am\u00e9ricains \u2018d\u2019exportation\u2019 de la d\u00e9mocratie \u00bb.<\/p>\n\n\n\n<p>Selon la m\u00eame \u00e9tude, la soci\u00e9t\u00e9 Graphica \u00ab se positionne&nbsp; contre les institutions de l\u2019Etat alg\u00e9rien et soutien les groupes cit\u00e9s pr\u00e9c\u00e9demment dont deux sont consid\u00e9r\u00e9s comme organisations terroristes \u00bb.<\/p>\n\n\n\n<p>Par ailleurs, l\u2019\u00e9tude faite par cet universitaire est revenue longuement sur le r\u00f4le de ces organismes am\u00e9ricains \u00ab d\u2019exportation de la d\u00e9mocratie \u00bb dans le chaos pr\u00e9valant aujourd\u2019hui dans plusieurs pays arabes. Cette \u00e9tude a \u00e9galement mis l\u2019accent sur les sources de financements de ces ONG, dirig\u00e9es par des hommes politiques influents et des membres de grandes agences de renseignement US, dont la soci\u00e9t\u00e9 Graphica qui est fianc\u00e9e par \u00ab des entit\u00e9s directement ou indirectement reli\u00e9es \u00e0 l\u2019administration am\u00e9ricaine, \u00e0 l\u2019administration britannique et&nbsp; \u00e0 l\u2019OTAN \u00bb.\u00ab Le r\u00e9seau social Facebook encourage des manifestations en ligne pour ceux qui militent pour la phase transitoire en Alg\u00e9rie mais ferme les comptes de ceux qui soutiennent la d\u00e9marche constitutionnelle \u00bb, conclut Ahmed Ben Saada.<\/p>\n\n\n\n<p><strong>Boubekeur Amrani<\/strong><\/p>\n","protected":false},"excerpt":{"rendered":"<p>En plus des attaques qui ciblent la population, via des actes de sabotage et des incendies criminels, l\u2019Alg\u00e9rie est sous<\/p>\n","protected":false},"author":3,"featured_media":5450,"comment_status":"open","ping_status":"closed","sticky":false,"template":"","format":"standard","meta":{"colormag_page_container_layout":"default_layout","colormag_page_sidebar_layout":"default_layout","om_disable_all_campaigns":false,"_monsterinsights_skip_tracking":false,"_monsterinsights_sitenote_active":false,"_monsterinsights_sitenote_note":"","_monsterinsights_sitenote_category":0,"footnotes":"","_wpscppro_dont_share_socialmedia":false,"_wpscppro_custom_social_share_image":0,"_facebook_share_type":"","_twitter_share_type":"","_linkedin_share_type":"","_pinterest_share_type":"","_linkedin_share_type_page":"","_instagram_share_type":"","_medium_share_type":"","_threads_share_type":"","_google_business_share_type":"","_selected_social_profile":[],"_wpsp_enable_custom_social_template":false,"_wpsp_social_scheduling":{"enabled":false,"datetime":null,"platforms":[],"status":"template_only","dateOption":"today","timeOption":"now","customDays":"","customHours":"","customDate":"","customTime":"","schedulingType":"absolute"},"_wpsp_active_default_template":true},"categories":[52,27],"tags":[],"class_list":["post-5445","post","type-post","status-publish","format-standard","has-post-thumbnail","hentry","category-a-la-une","category-actualite"],"aioseo_notices":[],"yoast_head":"<!-- This site is optimized with the Yoast SEO plugin v27.5 - https:\/\/yoast.com\/product\/yoast-seo-wordpress\/ -->\n<title>Ahmed Ben saada, enseignant universitaire : L\u2019Alg\u00e9rie \u00ab est sous le feu nourri d\u2019une guerre \u00bb - La Sentinelle<\/title>\n<meta name=\"robots\" content=\"index, follow, max-snippet:-1, max-image-preview:large, max-video-preview:-1\" \/>\n<link rel=\"canonical\" href=\"https:\/\/lasentinelle.dz\/index.php\/2021\/08\/26\/ahmed-ben-saada-enseignant-universitaire-lalgerie-est-sous-le-feu-nourri-dune-guerre\/\" \/>\n<meta property=\"og:locale\" content=\"fr_FR\" \/>\n<meta property=\"og:type\" content=\"article\" \/>\n<meta property=\"og:title\" content=\"Ahmed Ben saada, enseignant universitaire : L\u2019Alg\u00e9rie \u00ab est sous le feu nourri d\u2019une guerre \u00bb - La Sentinelle\" \/>\n<meta property=\"og:description\" content=\"En plus des attaques qui ciblent la population, via des actes de sabotage et des incendies criminels, l\u2019Alg\u00e9rie est sous\" \/>\n<meta property=\"og:url\" content=\"https:\/\/lasentinelle.dz\/index.php\/2021\/08\/26\/ahmed-ben-saada-enseignant-universitaire-lalgerie-est-sous-le-feu-nourri-dune-guerre\/\" \/>\n<meta property=\"og:site_name\" content=\"La Sentinelle\" \/>\n<meta property=\"article:publisher\" content=\"https:\/\/www.facebook.com\/La-Sentinelle-104059864394773\" \/>\n<meta property=\"article:published_time\" content=\"2021-08-25T23:02:00+00:00\" \/>\n<meta property=\"og:image\" content=\"https:\/\/lasentinelle.dz\/wp-content\/uploads\/2021\/08\/cyberguerre.jpeg\" \/>\n\t<meta property=\"og:image:width\" content=\"512\" \/>\n\t<meta property=\"og:image:height\" content=\"275\" \/>\n\t<meta property=\"og:image:type\" content=\"image\/jpeg\" \/>\n<meta name=\"author\" content=\"La Sentinelle\" \/>\n<meta name=\"twitter:card\" content=\"summary_large_image\" \/>\n<meta name=\"twitter:label1\" content=\"\u00c9crit par\" \/>\n\t<meta name=\"twitter:data1\" content=\"La Sentinelle\" \/>\n\t<meta name=\"twitter:label2\" content=\"Dur\u00e9e de lecture estim\u00e9e\" \/>\n\t<meta name=\"twitter:data2\" content=\"3 minutes\" \/>\n<script type=\"application\/ld+json\" class=\"yoast-schema-graph\">{\"@context\":\"https:\\\/\\\/schema.org\",\"@graph\":[{\"@type\":\"Article\",\"@id\":\"https:\\\/\\\/lasentinelle.dz\\\/index.php\\\/2021\\\/08\\\/26\\\/ahmed-ben-saada-enseignant-universitaire-lalgerie-est-sous-le-feu-nourri-dune-guerre\\\/#article\",\"isPartOf\":{\"@id\":\"https:\\\/\\\/lasentinelle.dz\\\/index.php\\\/2021\\\/08\\\/26\\\/ahmed-ben-saada-enseignant-universitaire-lalgerie-est-sous-le-feu-nourri-dune-guerre\\\/\"},\"author\":{\"name\":\"La Sentinelle\",\"@id\":\"https:\\\/\\\/lasentinelle.dz\\\/#\\\/schema\\\/person\\\/d865044e22e70a75174ce8bcad3acfb3\"},\"headline\":\"Ahmed Ben saada, enseignant universitaire : L\u2019Alg\u00e9rie \u00ab est sous le feu nourri d\u2019une guerre \u00bb\",\"datePublished\":\"2021-08-25T23:02:00+00:00\",\"mainEntityOfPage\":{\"@id\":\"https:\\\/\\\/lasentinelle.dz\\\/index.php\\\/2021\\\/08\\\/26\\\/ahmed-ben-saada-enseignant-universitaire-lalgerie-est-sous-le-feu-nourri-dune-guerre\\\/\"},\"wordCount\":736,\"commentCount\":0,\"publisher\":{\"@id\":\"https:\\\/\\\/lasentinelle.dz\\\/#organization\"},\"image\":{\"@id\":\"https:\\\/\\\/lasentinelle.dz\\\/index.php\\\/2021\\\/08\\\/26\\\/ahmed-ben-saada-enseignant-universitaire-lalgerie-est-sous-le-feu-nourri-dune-guerre\\\/#primaryimage\"},\"thumbnailUrl\":\"https:\\\/\\\/lasentinelle.dz\\\/wp-content\\\/uploads\\\/2021\\\/08\\\/cyberguerre.jpeg\",\"articleSection\":[\"\u00c0 la Une\",\"Actualit\u00e9\"],\"inLanguage\":\"fr-FR\",\"potentialAction\":[{\"@type\":\"CommentAction\",\"name\":\"Comment\",\"target\":[\"https:\\\/\\\/lasentinelle.dz\\\/index.php\\\/2021\\\/08\\\/26\\\/ahmed-ben-saada-enseignant-universitaire-lalgerie-est-sous-le-feu-nourri-dune-guerre\\\/#respond\"]}]},{\"@type\":\"WebPage\",\"@id\":\"https:\\\/\\\/lasentinelle.dz\\\/index.php\\\/2021\\\/08\\\/26\\\/ahmed-ben-saada-enseignant-universitaire-lalgerie-est-sous-le-feu-nourri-dune-guerre\\\/\",\"url\":\"https:\\\/\\\/lasentinelle.dz\\\/index.php\\\/2021\\\/08\\\/26\\\/ahmed-ben-saada-enseignant-universitaire-lalgerie-est-sous-le-feu-nourri-dune-guerre\\\/\",\"name\":\"Ahmed Ben saada, enseignant universitaire : L\u2019Alg\u00e9rie \u00ab est sous le feu nourri d\u2019une guerre \u00bb - La Sentinelle\",\"isPartOf\":{\"@id\":\"https:\\\/\\\/lasentinelle.dz\\\/#website\"},\"primaryImageOfPage\":{\"@id\":\"https:\\\/\\\/lasentinelle.dz\\\/index.php\\\/2021\\\/08\\\/26\\\/ahmed-ben-saada-enseignant-universitaire-lalgerie-est-sous-le-feu-nourri-dune-guerre\\\/#primaryimage\"},\"image\":{\"@id\":\"https:\\\/\\\/lasentinelle.dz\\\/index.php\\\/2021\\\/08\\\/26\\\/ahmed-ben-saada-enseignant-universitaire-lalgerie-est-sous-le-feu-nourri-dune-guerre\\\/#primaryimage\"},\"thumbnailUrl\":\"https:\\\/\\\/lasentinelle.dz\\\/wp-content\\\/uploads\\\/2021\\\/08\\\/cyberguerre.jpeg\",\"datePublished\":\"2021-08-25T23:02:00+00:00\",\"breadcrumb\":{\"@id\":\"https:\\\/\\\/lasentinelle.dz\\\/index.php\\\/2021\\\/08\\\/26\\\/ahmed-ben-saada-enseignant-universitaire-lalgerie-est-sous-le-feu-nourri-dune-guerre\\\/#breadcrumb\"},\"inLanguage\":\"fr-FR\",\"potentialAction\":[{\"@type\":\"ReadAction\",\"target\":[\"https:\\\/\\\/lasentinelle.dz\\\/index.php\\\/2021\\\/08\\\/26\\\/ahmed-ben-saada-enseignant-universitaire-lalgerie-est-sous-le-feu-nourri-dune-guerre\\\/\"]}]},{\"@type\":\"ImageObject\",\"inLanguage\":\"fr-FR\",\"@id\":\"https:\\\/\\\/lasentinelle.dz\\\/index.php\\\/2021\\\/08\\\/26\\\/ahmed-ben-saada-enseignant-universitaire-lalgerie-est-sous-le-feu-nourri-dune-guerre\\\/#primaryimage\",\"url\":\"https:\\\/\\\/lasentinelle.dz\\\/wp-content\\\/uploads\\\/2021\\\/08\\\/cyberguerre.jpeg\",\"contentUrl\":\"https:\\\/\\\/lasentinelle.dz\\\/wp-content\\\/uploads\\\/2021\\\/08\\\/cyberguerre.jpeg\",\"width\":512,\"height\":275},{\"@type\":\"BreadcrumbList\",\"@id\":\"https:\\\/\\\/lasentinelle.dz\\\/index.php\\\/2021\\\/08\\\/26\\\/ahmed-ben-saada-enseignant-universitaire-lalgerie-est-sous-le-feu-nourri-dune-guerre\\\/#breadcrumb\",\"itemListElement\":[{\"@type\":\"ListItem\",\"position\":1,\"name\":\"Accueil\",\"item\":\"https:\\\/\\\/lasentinelle.dz\\\/\"},{\"@type\":\"ListItem\",\"position\":2,\"name\":\"Ahmed Ben saada, enseignant universitaire : L\u2019Alg\u00e9rie \u00ab est sous le feu nourri d\u2019une guerre \u00bb\"}]},{\"@type\":\"WebSite\",\"@id\":\"https:\\\/\\\/lasentinelle.dz\\\/#website\",\"url\":\"https:\\\/\\\/lasentinelle.dz\\\/\",\"name\":\"La Sentinelle\",\"description\":\"Quotidien national d&#039;information\",\"publisher\":{\"@id\":\"https:\\\/\\\/lasentinelle.dz\\\/#organization\"},\"potentialAction\":[{\"@type\":\"SearchAction\",\"target\":{\"@type\":\"EntryPoint\",\"urlTemplate\":\"https:\\\/\\\/lasentinelle.dz\\\/?s={search_term_string}\"},\"query-input\":{\"@type\":\"PropertyValueSpecification\",\"valueRequired\":true,\"valueName\":\"search_term_string\"}}],\"inLanguage\":\"fr-FR\"},{\"@type\":\"Organization\",\"@id\":\"https:\\\/\\\/lasentinelle.dz\\\/#organization\",\"name\":\"Quotidien La Sentinelle\",\"url\":\"https:\\\/\\\/lasentinelle.dz\\\/\",\"logo\":{\"@type\":\"ImageObject\",\"inLanguage\":\"fr-FR\",\"@id\":\"https:\\\/\\\/lasentinelle.dz\\\/#\\\/schema\\\/logo\\\/image\\\/\",\"url\":\"https:\\\/\\\/lasentinelle.dz\\\/wp-content\\\/uploads\\\/2021\\\/09\\\/logo-sentinelleSLOGAN-1.png\",\"contentUrl\":\"https:\\\/\\\/lasentinelle.dz\\\/wp-content\\\/uploads\\\/2021\\\/09\\\/logo-sentinelleSLOGAN-1.png\",\"width\":615,\"height\":142,\"caption\":\"Quotidien La Sentinelle\"},\"image\":{\"@id\":\"https:\\\/\\\/lasentinelle.dz\\\/#\\\/schema\\\/logo\\\/image\\\/\"},\"sameAs\":[\"https:\\\/\\\/www.facebook.com\\\/La-Sentinelle-104059864394773\"]},{\"@type\":\"Person\",\"@id\":\"https:\\\/\\\/lasentinelle.dz\\\/#\\\/schema\\\/person\\\/d865044e22e70a75174ce8bcad3acfb3\",\"name\":\"La Sentinelle\",\"image\":{\"@type\":\"ImageObject\",\"inLanguage\":\"fr-FR\",\"@id\":\"https:\\\/\\\/secure.gravatar.com\\\/avatar\\\/57de8e5d4b15d43fb361a71fbb36338450fe67865b528a43dd10ef7c51a20392?s=96&d=mm&r=g\",\"url\":\"https:\\\/\\\/secure.gravatar.com\\\/avatar\\\/57de8e5d4b15d43fb361a71fbb36338450fe67865b528a43dd10ef7c51a20392?s=96&d=mm&r=g\",\"contentUrl\":\"https:\\\/\\\/secure.gravatar.com\\\/avatar\\\/57de8e5d4b15d43fb361a71fbb36338450fe67865b528a43dd10ef7c51a20392?s=96&d=mm&r=g\",\"caption\":\"La Sentinelle\"},\"sameAs\":[\"http:\\\/\\\/www.lasentinelle.dz\"],\"url\":\"https:\\\/\\\/lasentinelle.dz\\\/author\\\/redaction\\\/\"}]}<\/script>\n<!-- \/ Yoast SEO plugin. -->","yoast_head_json":{"title":"Ahmed Ben saada, enseignant universitaire : L\u2019Alg\u00e9rie \u00ab est sous le feu nourri d\u2019une guerre \u00bb - La Sentinelle","robots":{"index":"index","follow":"follow","max-snippet":"max-snippet:-1","max-image-preview":"max-image-preview:large","max-video-preview":"max-video-preview:-1"},"canonical":"https:\/\/lasentinelle.dz\/index.php\/2021\/08\/26\/ahmed-ben-saada-enseignant-universitaire-lalgerie-est-sous-le-feu-nourri-dune-guerre\/","og_locale":"fr_FR","og_type":"article","og_title":"Ahmed Ben saada, enseignant universitaire : L\u2019Alg\u00e9rie \u00ab est sous le feu nourri d\u2019une guerre \u00bb - La Sentinelle","og_description":"En plus des attaques qui ciblent la population, via des actes de sabotage et des incendies criminels, l\u2019Alg\u00e9rie est sous","og_url":"https:\/\/lasentinelle.dz\/index.php\/2021\/08\/26\/ahmed-ben-saada-enseignant-universitaire-lalgerie-est-sous-le-feu-nourri-dune-guerre\/","og_site_name":"La Sentinelle","article_publisher":"https:\/\/www.facebook.com\/La-Sentinelle-104059864394773","article_published_time":"2021-08-25T23:02:00+00:00","og_image":[{"width":512,"height":275,"url":"https:\/\/lasentinelle.dz\/wp-content\/uploads\/2021\/08\/cyberguerre.jpeg","type":"image\/jpeg"}],"author":"La Sentinelle","twitter_card":"summary_large_image","twitter_misc":{"\u00c9crit par":"La Sentinelle","Dur\u00e9e de lecture estim\u00e9e":"3 minutes"},"schema":{"@context":"https:\/\/schema.org","@graph":[{"@type":"Article","@id":"https:\/\/lasentinelle.dz\/index.php\/2021\/08\/26\/ahmed-ben-saada-enseignant-universitaire-lalgerie-est-sous-le-feu-nourri-dune-guerre\/#article","isPartOf":{"@id":"https:\/\/lasentinelle.dz\/index.php\/2021\/08\/26\/ahmed-ben-saada-enseignant-universitaire-lalgerie-est-sous-le-feu-nourri-dune-guerre\/"},"author":{"name":"La Sentinelle","@id":"https:\/\/lasentinelle.dz\/#\/schema\/person\/d865044e22e70a75174ce8bcad3acfb3"},"headline":"Ahmed Ben saada, enseignant universitaire : L\u2019Alg\u00e9rie \u00ab est sous le feu nourri d\u2019une guerre \u00bb","datePublished":"2021-08-25T23:02:00+00:00","mainEntityOfPage":{"@id":"https:\/\/lasentinelle.dz\/index.php\/2021\/08\/26\/ahmed-ben-saada-enseignant-universitaire-lalgerie-est-sous-le-feu-nourri-dune-guerre\/"},"wordCount":736,"commentCount":0,"publisher":{"@id":"https:\/\/lasentinelle.dz\/#organization"},"image":{"@id":"https:\/\/lasentinelle.dz\/index.php\/2021\/08\/26\/ahmed-ben-saada-enseignant-universitaire-lalgerie-est-sous-le-feu-nourri-dune-guerre\/#primaryimage"},"thumbnailUrl":"https:\/\/lasentinelle.dz\/wp-content\/uploads\/2021\/08\/cyberguerre.jpeg","articleSection":["\u00c0 la Une","Actualit\u00e9"],"inLanguage":"fr-FR","potentialAction":[{"@type":"CommentAction","name":"Comment","target":["https:\/\/lasentinelle.dz\/index.php\/2021\/08\/26\/ahmed-ben-saada-enseignant-universitaire-lalgerie-est-sous-le-feu-nourri-dune-guerre\/#respond"]}]},{"@type":"WebPage","@id":"https:\/\/lasentinelle.dz\/index.php\/2021\/08\/26\/ahmed-ben-saada-enseignant-universitaire-lalgerie-est-sous-le-feu-nourri-dune-guerre\/","url":"https:\/\/lasentinelle.dz\/index.php\/2021\/08\/26\/ahmed-ben-saada-enseignant-universitaire-lalgerie-est-sous-le-feu-nourri-dune-guerre\/","name":"Ahmed Ben saada, enseignant universitaire : L\u2019Alg\u00e9rie \u00ab est sous le feu nourri d\u2019une guerre \u00bb - La Sentinelle","isPartOf":{"@id":"https:\/\/lasentinelle.dz\/#website"},"primaryImageOfPage":{"@id":"https:\/\/lasentinelle.dz\/index.php\/2021\/08\/26\/ahmed-ben-saada-enseignant-universitaire-lalgerie-est-sous-le-feu-nourri-dune-guerre\/#primaryimage"},"image":{"@id":"https:\/\/lasentinelle.dz\/index.php\/2021\/08\/26\/ahmed-ben-saada-enseignant-universitaire-lalgerie-est-sous-le-feu-nourri-dune-guerre\/#primaryimage"},"thumbnailUrl":"https:\/\/lasentinelle.dz\/wp-content\/uploads\/2021\/08\/cyberguerre.jpeg","datePublished":"2021-08-25T23:02:00+00:00","breadcrumb":{"@id":"https:\/\/lasentinelle.dz\/index.php\/2021\/08\/26\/ahmed-ben-saada-enseignant-universitaire-lalgerie-est-sous-le-feu-nourri-dune-guerre\/#breadcrumb"},"inLanguage":"fr-FR","potentialAction":[{"@type":"ReadAction","target":["https:\/\/lasentinelle.dz\/index.php\/2021\/08\/26\/ahmed-ben-saada-enseignant-universitaire-lalgerie-est-sous-le-feu-nourri-dune-guerre\/"]}]},{"@type":"ImageObject","inLanguage":"fr-FR","@id":"https:\/\/lasentinelle.dz\/index.php\/2021\/08\/26\/ahmed-ben-saada-enseignant-universitaire-lalgerie-est-sous-le-feu-nourri-dune-guerre\/#primaryimage","url":"https:\/\/lasentinelle.dz\/wp-content\/uploads\/2021\/08\/cyberguerre.jpeg","contentUrl":"https:\/\/lasentinelle.dz\/wp-content\/uploads\/2021\/08\/cyberguerre.jpeg","width":512,"height":275},{"@type":"BreadcrumbList","@id":"https:\/\/lasentinelle.dz\/index.php\/2021\/08\/26\/ahmed-ben-saada-enseignant-universitaire-lalgerie-est-sous-le-feu-nourri-dune-guerre\/#breadcrumb","itemListElement":[{"@type":"ListItem","position":1,"name":"Accueil","item":"https:\/\/lasentinelle.dz\/"},{"@type":"ListItem","position":2,"name":"Ahmed Ben saada, enseignant universitaire : L\u2019Alg\u00e9rie \u00ab est sous le feu nourri d\u2019une guerre \u00bb"}]},{"@type":"WebSite","@id":"https:\/\/lasentinelle.dz\/#website","url":"https:\/\/lasentinelle.dz\/","name":"La Sentinelle","description":"Quotidien national d&#039;information","publisher":{"@id":"https:\/\/lasentinelle.dz\/#organization"},"potentialAction":[{"@type":"SearchAction","target":{"@type":"EntryPoint","urlTemplate":"https:\/\/lasentinelle.dz\/?s={search_term_string}"},"query-input":{"@type":"PropertyValueSpecification","valueRequired":true,"valueName":"search_term_string"}}],"inLanguage":"fr-FR"},{"@type":"Organization","@id":"https:\/\/lasentinelle.dz\/#organization","name":"Quotidien La Sentinelle","url":"https:\/\/lasentinelle.dz\/","logo":{"@type":"ImageObject","inLanguage":"fr-FR","@id":"https:\/\/lasentinelle.dz\/#\/schema\/logo\/image\/","url":"https:\/\/lasentinelle.dz\/wp-content\/uploads\/2021\/09\/logo-sentinelleSLOGAN-1.png","contentUrl":"https:\/\/lasentinelle.dz\/wp-content\/uploads\/2021\/09\/logo-sentinelleSLOGAN-1.png","width":615,"height":142,"caption":"Quotidien La Sentinelle"},"image":{"@id":"https:\/\/lasentinelle.dz\/#\/schema\/logo\/image\/"},"sameAs":["https:\/\/www.facebook.com\/La-Sentinelle-104059864394773"]},{"@type":"Person","@id":"https:\/\/lasentinelle.dz\/#\/schema\/person\/d865044e22e70a75174ce8bcad3acfb3","name":"La Sentinelle","image":{"@type":"ImageObject","inLanguage":"fr-FR","@id":"https:\/\/secure.gravatar.com\/avatar\/57de8e5d4b15d43fb361a71fbb36338450fe67865b528a43dd10ef7c51a20392?s=96&d=mm&r=g","url":"https:\/\/secure.gravatar.com\/avatar\/57de8e5d4b15d43fb361a71fbb36338450fe67865b528a43dd10ef7c51a20392?s=96&d=mm&r=g","contentUrl":"https:\/\/secure.gravatar.com\/avatar\/57de8e5d4b15d43fb361a71fbb36338450fe67865b528a43dd10ef7c51a20392?s=96&d=mm&r=g","caption":"La Sentinelle"},"sameAs":["http:\/\/www.lasentinelle.dz"],"url":"https:\/\/lasentinelle.dz\/author\/redaction\/"}]}},"_links":{"self":[{"href":"https:\/\/lasentinelle.dz\/index.php\/wp-json\/wp\/v2\/posts\/5445","targetHints":{"allow":["GET"]}}],"collection":[{"href":"https:\/\/lasentinelle.dz\/index.php\/wp-json\/wp\/v2\/posts"}],"about":[{"href":"https:\/\/lasentinelle.dz\/index.php\/wp-json\/wp\/v2\/types\/post"}],"author":[{"embeddable":true,"href":"https:\/\/lasentinelle.dz\/index.php\/wp-json\/wp\/v2\/users\/3"}],"replies":[{"embeddable":true,"href":"https:\/\/lasentinelle.dz\/index.php\/wp-json\/wp\/v2\/comments?post=5445"}],"version-history":[{"count":1,"href":"https:\/\/lasentinelle.dz\/index.php\/wp-json\/wp\/v2\/posts\/5445\/revisions"}],"predecessor-version":[{"id":5451,"href":"https:\/\/lasentinelle.dz\/index.php\/wp-json\/wp\/v2\/posts\/5445\/revisions\/5451"}],"wp:featuredmedia":[{"embeddable":true,"href":"https:\/\/lasentinelle.dz\/index.php\/wp-json\/wp\/v2\/media\/5450"}],"wp:attachment":[{"href":"https:\/\/lasentinelle.dz\/index.php\/wp-json\/wp\/v2\/media?parent=5445"}],"wp:term":[{"taxonomy":"category","embeddable":true,"href":"https:\/\/lasentinelle.dz\/index.php\/wp-json\/wp\/v2\/categories?post=5445"},{"taxonomy":"post_tag","embeddable":true,"href":"https:\/\/lasentinelle.dz\/index.php\/wp-json\/wp\/v2\/tags?post=5445"}],"curies":[{"name":"wp","href":"https:\/\/api.w.org\/{rel}","templated":true}]}}