{"id":54466,"date":"2024-07-15T12:31:18","date_gmt":"2024-07-15T11:31:18","guid":{"rendered":"https:\/\/lasentinelle.dz\/?p=54466"},"modified":"2024-07-15T12:31:19","modified_gmt":"2024-07-15T11:31:19","slug":"presidentielle-du-7-septembre-les-acteurs-de-la-societe-civile-saluent-la-candidature-dabdelmadjid-tebboune","status":"publish","type":"post","link":"https:\/\/lasentinelle.dz\/index.php\/2024\/07\/15\/presidentielle-du-7-septembre-les-acteurs-de-la-societe-civile-saluent-la-candidature-dabdelmadjid-tebboune\/","title":{"rendered":"Pr\u00e9sidentielle du 7 septembre : Les acteurs de la soci\u00e9t\u00e9 civile saluent la candidature d&rsquo;Abdelmadjid Tebboune"},"content":{"rendered":"\n<p>Les acteurs de la soci\u00e9t\u00e9 civile ont salu\u00e9, dimanche dans un communiqu\u00e9, la d\u00e9cision du pr\u00e9sident de la R\u00e9publique, M. Abdelmadjid Tebboune, de se porter candidat \u00e0 l&rsquo;\u00e9lection pr\u00e9sidentielle du 7 septembre prochain en vue de \u00ab\u00a0r\u00e9aliser davantage d&rsquo;aspirations du peuple alg\u00e9rien\u00a0\u00bb. \u00ab\u00a0Lors d&rsquo;une rencontre, tenue samedi \u00e0 Alger, les acteurs de la soci\u00e9t\u00e9 civile ont salu\u00e9 la d\u00e9cision du pr\u00e9sident de la R\u00e9publique d&rsquo;annoncer sa candidature \u00e0 la prochaine \u00e9lection pr\u00e9sidentielle, en r\u00e9ponse aux appels des diff\u00e9rentes cat\u00e9gories de la soci\u00e9t\u00e9, pour r\u00e9aliser davantage d&rsquo;aspirations du peuple alg\u00e9rien et poursuivre, ainsi, le processus de r\u00e9forme qu&rsquo;il a engag\u00e9\u00a0\u00bb, lit-on dans le communiqu\u00e9. Le soutien apport\u00e9 par les acteurs de la soci\u00e9t\u00e9 civile au pr\u00e9sident de la R\u00e9publique \u00ab\u00a0\u00e9mane de notre responsabilit\u00e9 nationale et intervient, aussi, en consid\u00e9ration du progr\u00e8s \u00e9conomique, du d\u00e9veloppement des secteurs vitaux et de la mise en \u0153uvre de nombre de projets d&rsquo;envergure visant \u00e0 renforcer le d\u00e9veloppement durable dans plusieurs volets\u00a0\u00bb, selon la m\u00eame source. De ce fait, \u00ab\u00a0nous soutenons la poursuite du processus de d\u00e9veloppement et de r\u00e9forme initi\u00e9 par le pr\u00e9sident de la R\u00e9publique, d\u00e8s son investiture \u00e0 la magistrature supr\u00eame en 2019 jusqu&rsquo;\u00e0 l&rsquo;annonce de sa candidature pour un nouveau mandat, notamment en mati\u00e8re de constitutionnalisation de la soci\u00e9t\u00e9 civile et de la jeunesse dans la Constitution de novembre 2020\u00a0\u00bb. \u00ab\u00a0Les acteurs de la soci\u00e9t\u00e9 civile annonceront, en soutien au pr\u00e9sident de la R\u00e9publique, la cr\u00e9ation de l&rsquo;initiative de la soci\u00e9t\u00e9 civile pour l&rsquo;Alg\u00e9rie, du fait que la date du 7 septembre repr\u00e9sente une \u00e9tape cl\u00e9 dans l&rsquo;histoire de l&rsquo;Alg\u00e9rie exigeant la conjugaison des efforts de tout un chacun pour faire pr\u00e9valoir l&rsquo;int\u00e9r\u00eat supr\u00eame du pays\u00a0\u00bb, conclut le communiqu\u00e9.<\/p>\n\n\n\n<p>APS<\/p>\n","protected":false},"excerpt":{"rendered":"<p>Les acteurs de la soci\u00e9t\u00e9 civile ont salu\u00e9, dimanche dans un communiqu\u00e9, la d\u00e9cision du pr\u00e9sident de la R\u00e9publique, M.<\/p>\n","protected":false},"author":3,"featured_media":500,"comment_status":"open","ping_status":"closed","sticky":false,"template":"","format":"standard","meta":{"colormag_page_container_layout":"default_layout","colormag_page_sidebar_layout":"default_layout","om_disable_all_campaigns":false,"_monsterinsights_skip_tracking":false,"_monsterinsights_sitenote_active":false,"_monsterinsights_sitenote_note":"","_monsterinsights_sitenote_category":0,"footnotes":"","_wpscppro_dont_share_socialmedia":false,"_wpscppro_custom_social_share_image":0,"_facebook_share_type":"default","_twitter_share_type":"default","_linkedin_share_type":"default","_pinterest_share_type":"default","_linkedin_share_type_page":"","_instagram_share_type":"default","_medium_share_type":"","_threads_share_type":"","_google_business_share_type":"","_selected_social_profile":[],"_wpsp_enable_custom_social_template":false,"_wpsp_social_scheduling":{"enabled":false,"datetime":null,"platforms":[],"status":"template_only","dateOption":"today","timeOption":"now","customDays":"","customHours":"","customDate":"","customTime":"","schedulingType":"absolute"},"_wpsp_active_default_template":true},"categories":[28],"tags":[],"class_list":["post-54466","post","type-post","status-publish","format-standard","has-post-thumbnail","hentry","category-politique"],"aioseo_notices":[],"yoast_head":"<!-- This site is optimized with the Yoast SEO plugin v27.5 - https:\/\/yoast.com\/product\/yoast-seo-wordpress\/ -->\n<title>Pr\u00e9sidentielle du 7 septembre : Les acteurs de la soci\u00e9t\u00e9 civile saluent la candidature d&rsquo;Abdelmadjid Tebboune - La Sentinelle<\/title>\n<meta name=\"robots\" content=\"index, follow, max-snippet:-1, max-image-preview:large, max-video-preview:-1\" \/>\n<link rel=\"canonical\" href=\"https:\/\/lasentinelle.dz\/index.php\/2024\/07\/15\/presidentielle-du-7-septembre-les-acteurs-de-la-societe-civile-saluent-la-candidature-dabdelmadjid-tebboune\/\" \/>\n<meta property=\"og:locale\" content=\"fr_FR\" \/>\n<meta property=\"og:type\" content=\"article\" \/>\n<meta property=\"og:title\" content=\"Pr\u00e9sidentielle du 7 septembre : Les acteurs de la soci\u00e9t\u00e9 civile saluent la candidature d&rsquo;Abdelmadjid Tebboune - La Sentinelle\" \/>\n<meta property=\"og:description\" content=\"Les acteurs de la soci\u00e9t\u00e9 civile ont salu\u00e9, dimanche dans un communiqu\u00e9, la d\u00e9cision du pr\u00e9sident de la R\u00e9publique, M.\" \/>\n<meta property=\"og:url\" content=\"https:\/\/lasentinelle.dz\/index.php\/2024\/07\/15\/presidentielle-du-7-septembre-les-acteurs-de-la-societe-civile-saluent-la-candidature-dabdelmadjid-tebboune\/\" \/>\n<meta property=\"og:site_name\" content=\"La Sentinelle\" \/>\n<meta property=\"article:publisher\" content=\"https:\/\/www.facebook.com\/La-Sentinelle-104059864394773\" \/>\n<meta property=\"article:published_time\" content=\"2024-07-15T11:31:18+00:00\" \/>\n<meta property=\"article:modified_time\" content=\"2024-07-15T11:31:19+00:00\" \/>\n<meta property=\"og:image\" content=\"https:\/\/lasentinelle.dz\/wp-content\/uploads\/2020\/12\/tebboune-Une.jpg\" \/>\n\t<meta property=\"og:image:width\" content=\"1280\" \/>\n\t<meta property=\"og:image:height\" content=\"720\" \/>\n\t<meta property=\"og:image:type\" content=\"image\/jpeg\" \/>\n<meta name=\"author\" content=\"La Sentinelle\" \/>\n<meta name=\"twitter:card\" content=\"summary_large_image\" \/>\n<meta name=\"twitter:label1\" content=\"\u00c9crit par\" \/>\n\t<meta name=\"twitter:data1\" content=\"La Sentinelle\" \/>\n\t<meta name=\"twitter:label2\" content=\"Dur\u00e9e de lecture estim\u00e9e\" \/>\n\t<meta name=\"twitter:data2\" content=\"2 minutes\" \/>\n<script type=\"application\/ld+json\" class=\"yoast-schema-graph\">{\"@context\":\"https:\\\/\\\/schema.org\",\"@graph\":[{\"@type\":\"Article\",\"@id\":\"https:\\\/\\\/lasentinelle.dz\\\/index.php\\\/2024\\\/07\\\/15\\\/presidentielle-du-7-septembre-les-acteurs-de-la-societe-civile-saluent-la-candidature-dabdelmadjid-tebboune\\\/#article\",\"isPartOf\":{\"@id\":\"https:\\\/\\\/lasentinelle.dz\\\/index.php\\\/2024\\\/07\\\/15\\\/presidentielle-du-7-septembre-les-acteurs-de-la-societe-civile-saluent-la-candidature-dabdelmadjid-tebboune\\\/\"},\"author\":{\"name\":\"La Sentinelle\",\"@id\":\"https:\\\/\\\/lasentinelle.dz\\\/#\\\/schema\\\/person\\\/d865044e22e70a75174ce8bcad3acfb3\"},\"headline\":\"Pr\u00e9sidentielle du 7 septembre : Les acteurs de la soci\u00e9t\u00e9 civile saluent la candidature d&rsquo;Abdelmadjid Tebboune\",\"datePublished\":\"2024-07-15T11:31:18+00:00\",\"dateModified\":\"2024-07-15T11:31:19+00:00\",\"mainEntityOfPage\":{\"@id\":\"https:\\\/\\\/lasentinelle.dz\\\/index.php\\\/2024\\\/07\\\/15\\\/presidentielle-du-7-septembre-les-acteurs-de-la-societe-civile-saluent-la-candidature-dabdelmadjid-tebboune\\\/\"},\"wordCount\":347,\"commentCount\":0,\"publisher\":{\"@id\":\"https:\\\/\\\/lasentinelle.dz\\\/#organization\"},\"image\":{\"@id\":\"https:\\\/\\\/lasentinelle.dz\\\/index.php\\\/2024\\\/07\\\/15\\\/presidentielle-du-7-septembre-les-acteurs-de-la-societe-civile-saluent-la-candidature-dabdelmadjid-tebboune\\\/#primaryimage\"},\"thumbnailUrl\":\"https:\\\/\\\/lasentinelle.dz\\\/wp-content\\\/uploads\\\/2020\\\/12\\\/tebboune-Une.jpg\",\"articleSection\":[\"Politique\"],\"inLanguage\":\"fr-FR\",\"potentialAction\":[{\"@type\":\"CommentAction\",\"name\":\"Comment\",\"target\":[\"https:\\\/\\\/lasentinelle.dz\\\/index.php\\\/2024\\\/07\\\/15\\\/presidentielle-du-7-septembre-les-acteurs-de-la-societe-civile-saluent-la-candidature-dabdelmadjid-tebboune\\\/#respond\"]}]},{\"@type\":\"WebPage\",\"@id\":\"https:\\\/\\\/lasentinelle.dz\\\/index.php\\\/2024\\\/07\\\/15\\\/presidentielle-du-7-septembre-les-acteurs-de-la-societe-civile-saluent-la-candidature-dabdelmadjid-tebboune\\\/\",\"url\":\"https:\\\/\\\/lasentinelle.dz\\\/index.php\\\/2024\\\/07\\\/15\\\/presidentielle-du-7-septembre-les-acteurs-de-la-societe-civile-saluent-la-candidature-dabdelmadjid-tebboune\\\/\",\"name\":\"Pr\u00e9sidentielle du 7 septembre : Les acteurs de la soci\u00e9t\u00e9 civile saluent la candidature d&rsquo;Abdelmadjid Tebboune - La Sentinelle\",\"isPartOf\":{\"@id\":\"https:\\\/\\\/lasentinelle.dz\\\/#website\"},\"primaryImageOfPage\":{\"@id\":\"https:\\\/\\\/lasentinelle.dz\\\/index.php\\\/2024\\\/07\\\/15\\\/presidentielle-du-7-septembre-les-acteurs-de-la-societe-civile-saluent-la-candidature-dabdelmadjid-tebboune\\\/#primaryimage\"},\"image\":{\"@id\":\"https:\\\/\\\/lasentinelle.dz\\\/index.php\\\/2024\\\/07\\\/15\\\/presidentielle-du-7-septembre-les-acteurs-de-la-societe-civile-saluent-la-candidature-dabdelmadjid-tebboune\\\/#primaryimage\"},\"thumbnailUrl\":\"https:\\\/\\\/lasentinelle.dz\\\/wp-content\\\/uploads\\\/2020\\\/12\\\/tebboune-Une.jpg\",\"datePublished\":\"2024-07-15T11:31:18+00:00\",\"dateModified\":\"2024-07-15T11:31:19+00:00\",\"breadcrumb\":{\"@id\":\"https:\\\/\\\/lasentinelle.dz\\\/index.php\\\/2024\\\/07\\\/15\\\/presidentielle-du-7-septembre-les-acteurs-de-la-societe-civile-saluent-la-candidature-dabdelmadjid-tebboune\\\/#breadcrumb\"},\"inLanguage\":\"fr-FR\",\"potentialAction\":[{\"@type\":\"ReadAction\",\"target\":[\"https:\\\/\\\/lasentinelle.dz\\\/index.php\\\/2024\\\/07\\\/15\\\/presidentielle-du-7-septembre-les-acteurs-de-la-societe-civile-saluent-la-candidature-dabdelmadjid-tebboune\\\/\"]}]},{\"@type\":\"ImageObject\",\"inLanguage\":\"fr-FR\",\"@id\":\"https:\\\/\\\/lasentinelle.dz\\\/index.php\\\/2024\\\/07\\\/15\\\/presidentielle-du-7-septembre-les-acteurs-de-la-societe-civile-saluent-la-candidature-dabdelmadjid-tebboune\\\/#primaryimage\",\"url\":\"https:\\\/\\\/lasentinelle.dz\\\/wp-content\\\/uploads\\\/2020\\\/12\\\/tebboune-Une.jpg\",\"contentUrl\":\"https:\\\/\\\/lasentinelle.dz\\\/wp-content\\\/uploads\\\/2020\\\/12\\\/tebboune-Une.jpg\",\"width\":1280,\"height\":720},{\"@type\":\"BreadcrumbList\",\"@id\":\"https:\\\/\\\/lasentinelle.dz\\\/index.php\\\/2024\\\/07\\\/15\\\/presidentielle-du-7-septembre-les-acteurs-de-la-societe-civile-saluent-la-candidature-dabdelmadjid-tebboune\\\/#breadcrumb\",\"itemListElement\":[{\"@type\":\"ListItem\",\"position\":1,\"name\":\"Accueil\",\"item\":\"https:\\\/\\\/lasentinelle.dz\\\/\"},{\"@type\":\"ListItem\",\"position\":2,\"name\":\"Pr\u00e9sidentielle du 7 septembre : Les acteurs de la soci\u00e9t\u00e9 civile saluent la candidature d&rsquo;Abdelmadjid Tebboune\"}]},{\"@type\":\"WebSite\",\"@id\":\"https:\\\/\\\/lasentinelle.dz\\\/#website\",\"url\":\"https:\\\/\\\/lasentinelle.dz\\\/\",\"name\":\"La Sentinelle\",\"description\":\"Quotidien national d&#039;information\",\"publisher\":{\"@id\":\"https:\\\/\\\/lasentinelle.dz\\\/#organization\"},\"potentialAction\":[{\"@type\":\"SearchAction\",\"target\":{\"@type\":\"EntryPoint\",\"urlTemplate\":\"https:\\\/\\\/lasentinelle.dz\\\/?s={search_term_string}\"},\"query-input\":{\"@type\":\"PropertyValueSpecification\",\"valueRequired\":true,\"valueName\":\"search_term_string\"}}],\"inLanguage\":\"fr-FR\"},{\"@type\":\"Organization\",\"@id\":\"https:\\\/\\\/lasentinelle.dz\\\/#organization\",\"name\":\"Quotidien La Sentinelle\",\"url\":\"https:\\\/\\\/lasentinelle.dz\\\/\",\"logo\":{\"@type\":\"ImageObject\",\"inLanguage\":\"fr-FR\",\"@id\":\"https:\\\/\\\/lasentinelle.dz\\\/#\\\/schema\\\/logo\\\/image\\\/\",\"url\":\"https:\\\/\\\/lasentinelle.dz\\\/wp-content\\\/uploads\\\/2021\\\/09\\\/logo-sentinelleSLOGAN-1.png\",\"contentUrl\":\"https:\\\/\\\/lasentinelle.dz\\\/wp-content\\\/uploads\\\/2021\\\/09\\\/logo-sentinelleSLOGAN-1.png\",\"width\":615,\"height\":142,\"caption\":\"Quotidien La Sentinelle\"},\"image\":{\"@id\":\"https:\\\/\\\/lasentinelle.dz\\\/#\\\/schema\\\/logo\\\/image\\\/\"},\"sameAs\":[\"https:\\\/\\\/www.facebook.com\\\/La-Sentinelle-104059864394773\"]},{\"@type\":\"Person\",\"@id\":\"https:\\\/\\\/lasentinelle.dz\\\/#\\\/schema\\\/person\\\/d865044e22e70a75174ce8bcad3acfb3\",\"name\":\"La Sentinelle\",\"image\":{\"@type\":\"ImageObject\",\"inLanguage\":\"fr-FR\",\"@id\":\"https:\\\/\\\/secure.gravatar.com\\\/avatar\\\/57de8e5d4b15d43fb361a71fbb36338450fe67865b528a43dd10ef7c51a20392?s=96&d=mm&r=g\",\"url\":\"https:\\\/\\\/secure.gravatar.com\\\/avatar\\\/57de8e5d4b15d43fb361a71fbb36338450fe67865b528a43dd10ef7c51a20392?s=96&d=mm&r=g\",\"contentUrl\":\"https:\\\/\\\/secure.gravatar.com\\\/avatar\\\/57de8e5d4b15d43fb361a71fbb36338450fe67865b528a43dd10ef7c51a20392?s=96&d=mm&r=g\",\"caption\":\"La Sentinelle\"},\"sameAs\":[\"http:\\\/\\\/www.lasentinelle.dz\"],\"url\":\"https:\\\/\\\/lasentinelle.dz\\\/author\\\/redaction\\\/\"}]}<\/script>\n<!-- \/ Yoast SEO plugin. -->","yoast_head_json":{"title":"Pr\u00e9sidentielle du 7 septembre : Les acteurs de la soci\u00e9t\u00e9 civile saluent la candidature d&rsquo;Abdelmadjid Tebboune - La Sentinelle","robots":{"index":"index","follow":"follow","max-snippet":"max-snippet:-1","max-image-preview":"max-image-preview:large","max-video-preview":"max-video-preview:-1"},"canonical":"https:\/\/lasentinelle.dz\/index.php\/2024\/07\/15\/presidentielle-du-7-septembre-les-acteurs-de-la-societe-civile-saluent-la-candidature-dabdelmadjid-tebboune\/","og_locale":"fr_FR","og_type":"article","og_title":"Pr\u00e9sidentielle du 7 septembre : Les acteurs de la soci\u00e9t\u00e9 civile saluent la candidature d&rsquo;Abdelmadjid Tebboune - La Sentinelle","og_description":"Les acteurs de la soci\u00e9t\u00e9 civile ont salu\u00e9, dimanche dans un communiqu\u00e9, la d\u00e9cision du pr\u00e9sident de la R\u00e9publique, M.","og_url":"https:\/\/lasentinelle.dz\/index.php\/2024\/07\/15\/presidentielle-du-7-septembre-les-acteurs-de-la-societe-civile-saluent-la-candidature-dabdelmadjid-tebboune\/","og_site_name":"La Sentinelle","article_publisher":"https:\/\/www.facebook.com\/La-Sentinelle-104059864394773","article_published_time":"2024-07-15T11:31:18+00:00","article_modified_time":"2024-07-15T11:31:19+00:00","og_image":[{"width":1280,"height":720,"url":"https:\/\/lasentinelle.dz\/wp-content\/uploads\/2020\/12\/tebboune-Une.jpg","type":"image\/jpeg"}],"author":"La Sentinelle","twitter_card":"summary_large_image","twitter_misc":{"\u00c9crit par":"La Sentinelle","Dur\u00e9e de lecture estim\u00e9e":"2 minutes"},"schema":{"@context":"https:\/\/schema.org","@graph":[{"@type":"Article","@id":"https:\/\/lasentinelle.dz\/index.php\/2024\/07\/15\/presidentielle-du-7-septembre-les-acteurs-de-la-societe-civile-saluent-la-candidature-dabdelmadjid-tebboune\/#article","isPartOf":{"@id":"https:\/\/lasentinelle.dz\/index.php\/2024\/07\/15\/presidentielle-du-7-septembre-les-acteurs-de-la-societe-civile-saluent-la-candidature-dabdelmadjid-tebboune\/"},"author":{"name":"La Sentinelle","@id":"https:\/\/lasentinelle.dz\/#\/schema\/person\/d865044e22e70a75174ce8bcad3acfb3"},"headline":"Pr\u00e9sidentielle du 7 septembre : Les acteurs de la soci\u00e9t\u00e9 civile saluent la candidature d&rsquo;Abdelmadjid Tebboune","datePublished":"2024-07-15T11:31:18+00:00","dateModified":"2024-07-15T11:31:19+00:00","mainEntityOfPage":{"@id":"https:\/\/lasentinelle.dz\/index.php\/2024\/07\/15\/presidentielle-du-7-septembre-les-acteurs-de-la-societe-civile-saluent-la-candidature-dabdelmadjid-tebboune\/"},"wordCount":347,"commentCount":0,"publisher":{"@id":"https:\/\/lasentinelle.dz\/#organization"},"image":{"@id":"https:\/\/lasentinelle.dz\/index.php\/2024\/07\/15\/presidentielle-du-7-septembre-les-acteurs-de-la-societe-civile-saluent-la-candidature-dabdelmadjid-tebboune\/#primaryimage"},"thumbnailUrl":"https:\/\/lasentinelle.dz\/wp-content\/uploads\/2020\/12\/tebboune-Une.jpg","articleSection":["Politique"],"inLanguage":"fr-FR","potentialAction":[{"@type":"CommentAction","name":"Comment","target":["https:\/\/lasentinelle.dz\/index.php\/2024\/07\/15\/presidentielle-du-7-septembre-les-acteurs-de-la-societe-civile-saluent-la-candidature-dabdelmadjid-tebboune\/#respond"]}]},{"@type":"WebPage","@id":"https:\/\/lasentinelle.dz\/index.php\/2024\/07\/15\/presidentielle-du-7-septembre-les-acteurs-de-la-societe-civile-saluent-la-candidature-dabdelmadjid-tebboune\/","url":"https:\/\/lasentinelle.dz\/index.php\/2024\/07\/15\/presidentielle-du-7-septembre-les-acteurs-de-la-societe-civile-saluent-la-candidature-dabdelmadjid-tebboune\/","name":"Pr\u00e9sidentielle du 7 septembre : Les acteurs de la soci\u00e9t\u00e9 civile saluent la candidature d&rsquo;Abdelmadjid Tebboune - La Sentinelle","isPartOf":{"@id":"https:\/\/lasentinelle.dz\/#website"},"primaryImageOfPage":{"@id":"https:\/\/lasentinelle.dz\/index.php\/2024\/07\/15\/presidentielle-du-7-septembre-les-acteurs-de-la-societe-civile-saluent-la-candidature-dabdelmadjid-tebboune\/#primaryimage"},"image":{"@id":"https:\/\/lasentinelle.dz\/index.php\/2024\/07\/15\/presidentielle-du-7-septembre-les-acteurs-de-la-societe-civile-saluent-la-candidature-dabdelmadjid-tebboune\/#primaryimage"},"thumbnailUrl":"https:\/\/lasentinelle.dz\/wp-content\/uploads\/2020\/12\/tebboune-Une.jpg","datePublished":"2024-07-15T11:31:18+00:00","dateModified":"2024-07-15T11:31:19+00:00","breadcrumb":{"@id":"https:\/\/lasentinelle.dz\/index.php\/2024\/07\/15\/presidentielle-du-7-septembre-les-acteurs-de-la-societe-civile-saluent-la-candidature-dabdelmadjid-tebboune\/#breadcrumb"},"inLanguage":"fr-FR","potentialAction":[{"@type":"ReadAction","target":["https:\/\/lasentinelle.dz\/index.php\/2024\/07\/15\/presidentielle-du-7-septembre-les-acteurs-de-la-societe-civile-saluent-la-candidature-dabdelmadjid-tebboune\/"]}]},{"@type":"ImageObject","inLanguage":"fr-FR","@id":"https:\/\/lasentinelle.dz\/index.php\/2024\/07\/15\/presidentielle-du-7-septembre-les-acteurs-de-la-societe-civile-saluent-la-candidature-dabdelmadjid-tebboune\/#primaryimage","url":"https:\/\/lasentinelle.dz\/wp-content\/uploads\/2020\/12\/tebboune-Une.jpg","contentUrl":"https:\/\/lasentinelle.dz\/wp-content\/uploads\/2020\/12\/tebboune-Une.jpg","width":1280,"height":720},{"@type":"BreadcrumbList","@id":"https:\/\/lasentinelle.dz\/index.php\/2024\/07\/15\/presidentielle-du-7-septembre-les-acteurs-de-la-societe-civile-saluent-la-candidature-dabdelmadjid-tebboune\/#breadcrumb","itemListElement":[{"@type":"ListItem","position":1,"name":"Accueil","item":"https:\/\/lasentinelle.dz\/"},{"@type":"ListItem","position":2,"name":"Pr\u00e9sidentielle du 7 septembre : Les acteurs de la soci\u00e9t\u00e9 civile saluent la candidature d&rsquo;Abdelmadjid Tebboune"}]},{"@type":"WebSite","@id":"https:\/\/lasentinelle.dz\/#website","url":"https:\/\/lasentinelle.dz\/","name":"La Sentinelle","description":"Quotidien national d&#039;information","publisher":{"@id":"https:\/\/lasentinelle.dz\/#organization"},"potentialAction":[{"@type":"SearchAction","target":{"@type":"EntryPoint","urlTemplate":"https:\/\/lasentinelle.dz\/?s={search_term_string}"},"query-input":{"@type":"PropertyValueSpecification","valueRequired":true,"valueName":"search_term_string"}}],"inLanguage":"fr-FR"},{"@type":"Organization","@id":"https:\/\/lasentinelle.dz\/#organization","name":"Quotidien La Sentinelle","url":"https:\/\/lasentinelle.dz\/","logo":{"@type":"ImageObject","inLanguage":"fr-FR","@id":"https:\/\/lasentinelle.dz\/#\/schema\/logo\/image\/","url":"https:\/\/lasentinelle.dz\/wp-content\/uploads\/2021\/09\/logo-sentinelleSLOGAN-1.png","contentUrl":"https:\/\/lasentinelle.dz\/wp-content\/uploads\/2021\/09\/logo-sentinelleSLOGAN-1.png","width":615,"height":142,"caption":"Quotidien La Sentinelle"},"image":{"@id":"https:\/\/lasentinelle.dz\/#\/schema\/logo\/image\/"},"sameAs":["https:\/\/www.facebook.com\/La-Sentinelle-104059864394773"]},{"@type":"Person","@id":"https:\/\/lasentinelle.dz\/#\/schema\/person\/d865044e22e70a75174ce8bcad3acfb3","name":"La Sentinelle","image":{"@type":"ImageObject","inLanguage":"fr-FR","@id":"https:\/\/secure.gravatar.com\/avatar\/57de8e5d4b15d43fb361a71fbb36338450fe67865b528a43dd10ef7c51a20392?s=96&d=mm&r=g","url":"https:\/\/secure.gravatar.com\/avatar\/57de8e5d4b15d43fb361a71fbb36338450fe67865b528a43dd10ef7c51a20392?s=96&d=mm&r=g","contentUrl":"https:\/\/secure.gravatar.com\/avatar\/57de8e5d4b15d43fb361a71fbb36338450fe67865b528a43dd10ef7c51a20392?s=96&d=mm&r=g","caption":"La Sentinelle"},"sameAs":["http:\/\/www.lasentinelle.dz"],"url":"https:\/\/lasentinelle.dz\/author\/redaction\/"}]}},"_links":{"self":[{"href":"https:\/\/lasentinelle.dz\/index.php\/wp-json\/wp\/v2\/posts\/54466","targetHints":{"allow":["GET"]}}],"collection":[{"href":"https:\/\/lasentinelle.dz\/index.php\/wp-json\/wp\/v2\/posts"}],"about":[{"href":"https:\/\/lasentinelle.dz\/index.php\/wp-json\/wp\/v2\/types\/post"}],"author":[{"embeddable":true,"href":"https:\/\/lasentinelle.dz\/index.php\/wp-json\/wp\/v2\/users\/3"}],"replies":[{"embeddable":true,"href":"https:\/\/lasentinelle.dz\/index.php\/wp-json\/wp\/v2\/comments?post=54466"}],"version-history":[{"count":2,"href":"https:\/\/lasentinelle.dz\/index.php\/wp-json\/wp\/v2\/posts\/54466\/revisions"}],"predecessor-version":[{"id":54468,"href":"https:\/\/lasentinelle.dz\/index.php\/wp-json\/wp\/v2\/posts\/54466\/revisions\/54468"}],"wp:featuredmedia":[{"embeddable":true,"href":"https:\/\/lasentinelle.dz\/index.php\/wp-json\/wp\/v2\/media\/500"}],"wp:attachment":[{"href":"https:\/\/lasentinelle.dz\/index.php\/wp-json\/wp\/v2\/media?parent=54466"}],"wp:term":[{"taxonomy":"category","embeddable":true,"href":"https:\/\/lasentinelle.dz\/index.php\/wp-json\/wp\/v2\/categories?post=54466"},{"taxonomy":"post_tag","embeddable":true,"href":"https:\/\/lasentinelle.dz\/index.php\/wp-json\/wp\/v2\/tags?post=54466"}],"curies":[{"name":"wp","href":"https:\/\/api.w.org\/{rel}","templated":true}]}}