{"id":54469,"date":"2024-07-15T12:32:23","date_gmt":"2024-07-15T11:32:23","guid":{"rendered":"https:\/\/lasentinelle.dz\/?p=54469"},"modified":"2024-07-15T12:32:24","modified_gmt":"2024-07-15T11:32:24","slug":"lalgerie-un-modele-de-resilience","status":"publish","type":"post","link":"https:\/\/lasentinelle.dz\/index.php\/2024\/07\/15\/lalgerie-un-modele-de-resilience\/","title":{"rendered":"L&rsquo;Alg\u00e9rie, un mod\u00e8le de r\u00e9silience"},"content":{"rendered":"\n<p>L&rsquo;\u00e9conomie alg\u00e9rienne fait preuve d&rsquo;un dynamisme remarquable malgr\u00e9 les turbulences mondiales, selon Kamel Braham, repr\u00e9sentant r\u00e9sident de la Banque mondiale pour l&rsquo;Alg\u00e9rie. Lors d&rsquo;une intervention au Forum du quotidien El Moudjahid, M. Braham a dress\u00e9 hier un constat positif de la performance \u00e9conomique du pays. \u00ab\u00a0Ces trois derni\u00e8res ann\u00e9es, l&rsquo;\u00e9conomie alg\u00e9rienne a eu un taux de croissance proche de 4%, un taux maintenu dans un contexte o\u00f9 des pays peinaient \u00e0 avoir une croissance positive\u00a0\u00bb, a affirm\u00e9 M. Braham. Il a soulign\u00e9 que cette performance est \u00ab\u00a0visible \u00e0 travers le terrain et les chiffres enregistr\u00e9s\u00a0\u00bb.<\/p>\n\n\n\n<p>Contrairement \u00e0 de nombreux pays, l&rsquo;Alg\u00e9rie semble avoir tir\u00e9 parti de la crise sanitaire. \u00ab\u00a0La p\u00e9riode de Covid-19 a stimul\u00e9 l&rsquo;\u00e9conomie alg\u00e9rienne avec l&rsquo;industrie qui s&rsquo;est d\u00e9velopp\u00e9e pour r\u00e9pondre \u00e0 la demande int\u00e9rieure\u00a0\u00bb, a expliqu\u00e9 M. Braham, ajoutant que \u00ab\u00a0l&rsquo;\u00e9conomie alg\u00e9rienne avait d\u00e9j\u00e0 retrouv\u00e9 son niveau d&rsquo;avant Covid-19 en 2022\u00a0\u00bb.<\/p>\n\n\n\n<p>Le repr\u00e9sentant de la Banque mondiale a salu\u00e9 les efforts du gouvernement alg\u00e9rien, citant \u00ab\u00a0une politique financi\u00e8re assez rigoureuse\u00a0\u00bb et \u00ab\u00a0d&rsquo;importantes mesures\u00a0\u00bb pour soutenir l&rsquo;\u00e9conomie nationale. Il a notamment \u00e9voqu\u00e9 \u00ab\u00a0la promulgation d&rsquo;un nouveau code des investissements\u00a0\u00bb et \u00ab\u00a0la mise en place de l&rsquo;Agence alg\u00e9rienne de promotion de l&rsquo;investissement (APPI)\u00a0\u00bb. La nouvelle loi bancaire qui va ouvrir, a-t-ajout\u00e9, de \u00abnouvelles possibilit\u00e9s\u00bb de financements en introduisant des concepts tels que la digitalisation, la finance islamique et verte. Il a cit\u00e9 \u00e9galement les mesures prises pour l&rsquo;acc\u00e8s au foncier et les facilit\u00e9s dans les services accord\u00e9s aux entreprises.<\/p>\n\n\n\n<p>Interrog\u00e9 sur l&rsquo;objectif des autorit\u00e9s d&rsquo;atteindre un PIB de 400 milliards de dollars \u00e0 l&rsquo;horizon 2027, M. Braham s&rsquo;est montr\u00e9 optimiste : \u00ab\u00a0Nous avons de nombreux indicateurs qui peuvent permettre d&rsquo;atteindre cet objectif dans deux ans. L&rsquo;ann\u00e9e 2026 pourrait \u00eatre l&rsquo;ann\u00e9e de d\u00e9collage et d&rsquo;aller vers un autre palier de d\u00e9veloppement \u00e9conomique\u00a0\u00bb.<\/p>\n\n\n\n<p>Il a conclu en soulignant les atouts du pays : \u00ab\u00a0L&rsquo;Alg\u00e9rie dispose de richesses naturelles qu&rsquo;elle peut exploiter pour d\u00e9velopper son \u00e9conomie, notamment dans le secteur minier outre les possibilit\u00e9s de transformation industrielle et de cr\u00e9ation de valeur ajout\u00e9e\u00a0\u00bb. L&rsquo;Alg\u00e9rie d\u00e9montre une r\u00e9silience \u00e9conomique impressionnante, port\u00e9e par des r\u00e9formes structurelles, une gestion financi\u00e8re prudente et un secteur industriel dynamique. Cette performance, reconnue par les institutions internationales, positionne le pays sur une trajectoire de croissance prometteuse pour les ann\u00e9es \u00e0 venir. Rappelons que la Banque mondiale a r\u00e9cemment reclass\u00e9 l&rsquo;Alg\u00e9rie, la faisant passer de la cat\u00e9gorie des pays \u00e0 revenu interm\u00e9diaire inf\u00e9rieur \u00e0 celle des pays \u00e0 revenu interm\u00e9diaire sup\u00e9rieur. Cette progression refl\u00e8te une hausse significative du revenu national brut par habitant, passant de 3.900 USD \u00e0 4.960 USD en un an. Rappelons que le dernier rapport de la Banque mondiale sur la situation \u00e9conomique de l\u2019Alg\u00e9rie, publi\u00e9 au mois de mai dernier, souligne le dynamisme de l\u2019activit\u00e9 \u00e9conomique du pays et rel\u00e8ve une baisse de l\u2019inflation. La BM a ainsi soulign\u00e9 que la croissance \u00e9conomique de l\u2019Alg\u00e9rie est rest\u00e9e dynamique en 2023, le PIB enregistrant une hausse de 4,1 %, tir\u00e9e par les solides performances des secteurs hors hydrocarbures et des hydrocarbures. Et d\u2019ajouter que l\u2019activit\u00e9 \u00e9conomique a \u00e9t\u00e9 stimul\u00e9e par une consommation priv\u00e9e dynamique et une forte croissance de l\u2019investissement. Le rapport pr\u00e9voit une reprise robuste en 2025.<\/p>\n\n\n\n<p><strong>Samira Ghrib<\/strong><\/p>\n","protected":false},"excerpt":{"rendered":"<p>L&rsquo;\u00e9conomie alg\u00e9rienne fait preuve d&rsquo;un dynamisme remarquable malgr\u00e9 les turbulences mondiales, selon Kamel Braham, repr\u00e9sentant r\u00e9sident de la Banque mondiale<\/p>\n","protected":false},"author":3,"featured_media":10575,"comment_status":"open","ping_status":"closed","sticky":false,"template":"","format":"standard","meta":{"colormag_page_container_layout":"default_layout","colormag_page_sidebar_layout":"default_layout","om_disable_all_campaigns":false,"_monsterinsights_skip_tracking":false,"_monsterinsights_sitenote_active":false,"_monsterinsights_sitenote_note":"","_monsterinsights_sitenote_category":0,"footnotes":"","_wpscppro_dont_share_socialmedia":false,"_wpscppro_custom_social_share_image":0,"_facebook_share_type":"default","_twitter_share_type":"default","_linkedin_share_type":"default","_pinterest_share_type":"default","_linkedin_share_type_page":"","_instagram_share_type":"default","_medium_share_type":"","_threads_share_type":"","_google_business_share_type":"","_selected_social_profile":[],"_wpsp_enable_custom_social_template":false,"_wpsp_social_scheduling":{"enabled":false,"datetime":null,"platforms":[],"status":"template_only","dateOption":"today","timeOption":"now","customDays":"","customHours":"","customDate":"","customTime":"","schedulingType":"absolute"},"_wpsp_active_default_template":true},"categories":[52,29],"tags":[],"class_list":["post-54469","post","type-post","status-publish","format-standard","has-post-thumbnail","hentry","category-a-la-une","category-economie"],"aioseo_notices":[],"yoast_head":"<!-- This site is optimized with the Yoast SEO plugin v27.5 - https:\/\/yoast.com\/product\/yoast-seo-wordpress\/ -->\n<title>L&rsquo;Alg\u00e9rie, un mod\u00e8le de r\u00e9silience - La Sentinelle<\/title>\n<meta name=\"robots\" content=\"index, follow, max-snippet:-1, max-image-preview:large, max-video-preview:-1\" \/>\n<link rel=\"canonical\" href=\"https:\/\/lasentinelle.dz\/index.php\/2024\/07\/15\/lalgerie-un-modele-de-resilience\/\" \/>\n<meta property=\"og:locale\" content=\"fr_FR\" \/>\n<meta property=\"og:type\" content=\"article\" \/>\n<meta property=\"og:title\" content=\"L&rsquo;Alg\u00e9rie, un mod\u00e8le de r\u00e9silience - La Sentinelle\" \/>\n<meta property=\"og:description\" content=\"L&rsquo;\u00e9conomie alg\u00e9rienne fait preuve d&rsquo;un dynamisme remarquable malgr\u00e9 les turbulences mondiales, selon Kamel Braham, repr\u00e9sentant r\u00e9sident de la Banque mondiale\" \/>\n<meta property=\"og:url\" content=\"https:\/\/lasentinelle.dz\/index.php\/2024\/07\/15\/lalgerie-un-modele-de-resilience\/\" \/>\n<meta property=\"og:site_name\" content=\"La Sentinelle\" \/>\n<meta property=\"article:publisher\" content=\"https:\/\/www.facebook.com\/La-Sentinelle-104059864394773\" \/>\n<meta property=\"article:published_time\" content=\"2024-07-15T11:32:23+00:00\" \/>\n<meta property=\"article:modified_time\" content=\"2024-07-15T11:32:24+00:00\" \/>\n<meta property=\"og:image\" content=\"https:\/\/lasentinelle.dz\/wp-content\/uploads\/2021\/10\/banque-mondiale-1.jpeg\" \/>\n\t<meta property=\"og:image:width\" content=\"798\" \/>\n\t<meta property=\"og:image:height\" content=\"532\" \/>\n\t<meta property=\"og:image:type\" content=\"image\/jpeg\" \/>\n<meta name=\"author\" content=\"La Sentinelle\" \/>\n<meta name=\"twitter:card\" content=\"summary_large_image\" \/>\n<meta name=\"twitter:label1\" content=\"\u00c9crit par\" \/>\n\t<meta name=\"twitter:data1\" content=\"La Sentinelle\" \/>\n\t<meta name=\"twitter:label2\" content=\"Dur\u00e9e de lecture estim\u00e9e\" \/>\n\t<meta name=\"twitter:data2\" content=\"3 minutes\" \/>\n<script type=\"application\/ld+json\" class=\"yoast-schema-graph\">{\"@context\":\"https:\\\/\\\/schema.org\",\"@graph\":[{\"@type\":\"Article\",\"@id\":\"https:\\\/\\\/lasentinelle.dz\\\/index.php\\\/2024\\\/07\\\/15\\\/lalgerie-un-modele-de-resilience\\\/#article\",\"isPartOf\":{\"@id\":\"https:\\\/\\\/lasentinelle.dz\\\/index.php\\\/2024\\\/07\\\/15\\\/lalgerie-un-modele-de-resilience\\\/\"},\"author\":{\"name\":\"La Sentinelle\",\"@id\":\"https:\\\/\\\/lasentinelle.dz\\\/#\\\/schema\\\/person\\\/d865044e22e70a75174ce8bcad3acfb3\"},\"headline\":\"L&rsquo;Alg\u00e9rie, un mod\u00e8le de r\u00e9silience\",\"datePublished\":\"2024-07-15T11:32:23+00:00\",\"dateModified\":\"2024-07-15T11:32:24+00:00\",\"mainEntityOfPage\":{\"@id\":\"https:\\\/\\\/lasentinelle.dz\\\/index.php\\\/2024\\\/07\\\/15\\\/lalgerie-un-modele-de-resilience\\\/\"},\"wordCount\":605,\"commentCount\":0,\"publisher\":{\"@id\":\"https:\\\/\\\/lasentinelle.dz\\\/#organization\"},\"image\":{\"@id\":\"https:\\\/\\\/lasentinelle.dz\\\/index.php\\\/2024\\\/07\\\/15\\\/lalgerie-un-modele-de-resilience\\\/#primaryimage\"},\"thumbnailUrl\":\"https:\\\/\\\/lasentinelle.dz\\\/wp-content\\\/uploads\\\/2021\\\/10\\\/banque-mondiale-1.jpeg\",\"articleSection\":[\"\u00c0 la Une\",\"\u00c9conomie\"],\"inLanguage\":\"fr-FR\",\"potentialAction\":[{\"@type\":\"CommentAction\",\"name\":\"Comment\",\"target\":[\"https:\\\/\\\/lasentinelle.dz\\\/index.php\\\/2024\\\/07\\\/15\\\/lalgerie-un-modele-de-resilience\\\/#respond\"]}]},{\"@type\":\"WebPage\",\"@id\":\"https:\\\/\\\/lasentinelle.dz\\\/index.php\\\/2024\\\/07\\\/15\\\/lalgerie-un-modele-de-resilience\\\/\",\"url\":\"https:\\\/\\\/lasentinelle.dz\\\/index.php\\\/2024\\\/07\\\/15\\\/lalgerie-un-modele-de-resilience\\\/\",\"name\":\"L&rsquo;Alg\u00e9rie, un mod\u00e8le de r\u00e9silience - La Sentinelle\",\"isPartOf\":{\"@id\":\"https:\\\/\\\/lasentinelle.dz\\\/#website\"},\"primaryImageOfPage\":{\"@id\":\"https:\\\/\\\/lasentinelle.dz\\\/index.php\\\/2024\\\/07\\\/15\\\/lalgerie-un-modele-de-resilience\\\/#primaryimage\"},\"image\":{\"@id\":\"https:\\\/\\\/lasentinelle.dz\\\/index.php\\\/2024\\\/07\\\/15\\\/lalgerie-un-modele-de-resilience\\\/#primaryimage\"},\"thumbnailUrl\":\"https:\\\/\\\/lasentinelle.dz\\\/wp-content\\\/uploads\\\/2021\\\/10\\\/banque-mondiale-1.jpeg\",\"datePublished\":\"2024-07-15T11:32:23+00:00\",\"dateModified\":\"2024-07-15T11:32:24+00:00\",\"breadcrumb\":{\"@id\":\"https:\\\/\\\/lasentinelle.dz\\\/index.php\\\/2024\\\/07\\\/15\\\/lalgerie-un-modele-de-resilience\\\/#breadcrumb\"},\"inLanguage\":\"fr-FR\",\"potentialAction\":[{\"@type\":\"ReadAction\",\"target\":[\"https:\\\/\\\/lasentinelle.dz\\\/index.php\\\/2024\\\/07\\\/15\\\/lalgerie-un-modele-de-resilience\\\/\"]}]},{\"@type\":\"ImageObject\",\"inLanguage\":\"fr-FR\",\"@id\":\"https:\\\/\\\/lasentinelle.dz\\\/index.php\\\/2024\\\/07\\\/15\\\/lalgerie-un-modele-de-resilience\\\/#primaryimage\",\"url\":\"https:\\\/\\\/lasentinelle.dz\\\/wp-content\\\/uploads\\\/2021\\\/10\\\/banque-mondiale-1.jpeg\",\"contentUrl\":\"https:\\\/\\\/lasentinelle.dz\\\/wp-content\\\/uploads\\\/2021\\\/10\\\/banque-mondiale-1.jpeg\",\"width\":798,\"height\":532},{\"@type\":\"BreadcrumbList\",\"@id\":\"https:\\\/\\\/lasentinelle.dz\\\/index.php\\\/2024\\\/07\\\/15\\\/lalgerie-un-modele-de-resilience\\\/#breadcrumb\",\"itemListElement\":[{\"@type\":\"ListItem\",\"position\":1,\"name\":\"Accueil\",\"item\":\"https:\\\/\\\/lasentinelle.dz\\\/\"},{\"@type\":\"ListItem\",\"position\":2,\"name\":\"L&rsquo;Alg\u00e9rie, un mod\u00e8le de r\u00e9silience\"}]},{\"@type\":\"WebSite\",\"@id\":\"https:\\\/\\\/lasentinelle.dz\\\/#website\",\"url\":\"https:\\\/\\\/lasentinelle.dz\\\/\",\"name\":\"La Sentinelle\",\"description\":\"Quotidien national d&#039;information\",\"publisher\":{\"@id\":\"https:\\\/\\\/lasentinelle.dz\\\/#organization\"},\"potentialAction\":[{\"@type\":\"SearchAction\",\"target\":{\"@type\":\"EntryPoint\",\"urlTemplate\":\"https:\\\/\\\/lasentinelle.dz\\\/?s={search_term_string}\"},\"query-input\":{\"@type\":\"PropertyValueSpecification\",\"valueRequired\":true,\"valueName\":\"search_term_string\"}}],\"inLanguage\":\"fr-FR\"},{\"@type\":\"Organization\",\"@id\":\"https:\\\/\\\/lasentinelle.dz\\\/#organization\",\"name\":\"Quotidien La Sentinelle\",\"url\":\"https:\\\/\\\/lasentinelle.dz\\\/\",\"logo\":{\"@type\":\"ImageObject\",\"inLanguage\":\"fr-FR\",\"@id\":\"https:\\\/\\\/lasentinelle.dz\\\/#\\\/schema\\\/logo\\\/image\\\/\",\"url\":\"https:\\\/\\\/lasentinelle.dz\\\/wp-content\\\/uploads\\\/2021\\\/09\\\/logo-sentinelleSLOGAN-1.png\",\"contentUrl\":\"https:\\\/\\\/lasentinelle.dz\\\/wp-content\\\/uploads\\\/2021\\\/09\\\/logo-sentinelleSLOGAN-1.png\",\"width\":615,\"height\":142,\"caption\":\"Quotidien La Sentinelle\"},\"image\":{\"@id\":\"https:\\\/\\\/lasentinelle.dz\\\/#\\\/schema\\\/logo\\\/image\\\/\"},\"sameAs\":[\"https:\\\/\\\/www.facebook.com\\\/La-Sentinelle-104059864394773\"]},{\"@type\":\"Person\",\"@id\":\"https:\\\/\\\/lasentinelle.dz\\\/#\\\/schema\\\/person\\\/d865044e22e70a75174ce8bcad3acfb3\",\"name\":\"La Sentinelle\",\"image\":{\"@type\":\"ImageObject\",\"inLanguage\":\"fr-FR\",\"@id\":\"https:\\\/\\\/secure.gravatar.com\\\/avatar\\\/57de8e5d4b15d43fb361a71fbb36338450fe67865b528a43dd10ef7c51a20392?s=96&d=mm&r=g\",\"url\":\"https:\\\/\\\/secure.gravatar.com\\\/avatar\\\/57de8e5d4b15d43fb361a71fbb36338450fe67865b528a43dd10ef7c51a20392?s=96&d=mm&r=g\",\"contentUrl\":\"https:\\\/\\\/secure.gravatar.com\\\/avatar\\\/57de8e5d4b15d43fb361a71fbb36338450fe67865b528a43dd10ef7c51a20392?s=96&d=mm&r=g\",\"caption\":\"La Sentinelle\"},\"sameAs\":[\"http:\\\/\\\/www.lasentinelle.dz\"],\"url\":\"https:\\\/\\\/lasentinelle.dz\\\/author\\\/redaction\\\/\"}]}<\/script>\n<!-- \/ Yoast SEO plugin. -->","yoast_head_json":{"title":"L&rsquo;Alg\u00e9rie, un mod\u00e8le de r\u00e9silience - La Sentinelle","robots":{"index":"index","follow":"follow","max-snippet":"max-snippet:-1","max-image-preview":"max-image-preview:large","max-video-preview":"max-video-preview:-1"},"canonical":"https:\/\/lasentinelle.dz\/index.php\/2024\/07\/15\/lalgerie-un-modele-de-resilience\/","og_locale":"fr_FR","og_type":"article","og_title":"L&rsquo;Alg\u00e9rie, un mod\u00e8le de r\u00e9silience - La Sentinelle","og_description":"L&rsquo;\u00e9conomie alg\u00e9rienne fait preuve d&rsquo;un dynamisme remarquable malgr\u00e9 les turbulences mondiales, selon Kamel Braham, repr\u00e9sentant r\u00e9sident de la Banque mondiale","og_url":"https:\/\/lasentinelle.dz\/index.php\/2024\/07\/15\/lalgerie-un-modele-de-resilience\/","og_site_name":"La Sentinelle","article_publisher":"https:\/\/www.facebook.com\/La-Sentinelle-104059864394773","article_published_time":"2024-07-15T11:32:23+00:00","article_modified_time":"2024-07-15T11:32:24+00:00","og_image":[{"width":798,"height":532,"url":"https:\/\/lasentinelle.dz\/wp-content\/uploads\/2021\/10\/banque-mondiale-1.jpeg","type":"image\/jpeg"}],"author":"La Sentinelle","twitter_card":"summary_large_image","twitter_misc":{"\u00c9crit par":"La Sentinelle","Dur\u00e9e de lecture estim\u00e9e":"3 minutes"},"schema":{"@context":"https:\/\/schema.org","@graph":[{"@type":"Article","@id":"https:\/\/lasentinelle.dz\/index.php\/2024\/07\/15\/lalgerie-un-modele-de-resilience\/#article","isPartOf":{"@id":"https:\/\/lasentinelle.dz\/index.php\/2024\/07\/15\/lalgerie-un-modele-de-resilience\/"},"author":{"name":"La Sentinelle","@id":"https:\/\/lasentinelle.dz\/#\/schema\/person\/d865044e22e70a75174ce8bcad3acfb3"},"headline":"L&rsquo;Alg\u00e9rie, un mod\u00e8le de r\u00e9silience","datePublished":"2024-07-15T11:32:23+00:00","dateModified":"2024-07-15T11:32:24+00:00","mainEntityOfPage":{"@id":"https:\/\/lasentinelle.dz\/index.php\/2024\/07\/15\/lalgerie-un-modele-de-resilience\/"},"wordCount":605,"commentCount":0,"publisher":{"@id":"https:\/\/lasentinelle.dz\/#organization"},"image":{"@id":"https:\/\/lasentinelle.dz\/index.php\/2024\/07\/15\/lalgerie-un-modele-de-resilience\/#primaryimage"},"thumbnailUrl":"https:\/\/lasentinelle.dz\/wp-content\/uploads\/2021\/10\/banque-mondiale-1.jpeg","articleSection":["\u00c0 la Une","\u00c9conomie"],"inLanguage":"fr-FR","potentialAction":[{"@type":"CommentAction","name":"Comment","target":["https:\/\/lasentinelle.dz\/index.php\/2024\/07\/15\/lalgerie-un-modele-de-resilience\/#respond"]}]},{"@type":"WebPage","@id":"https:\/\/lasentinelle.dz\/index.php\/2024\/07\/15\/lalgerie-un-modele-de-resilience\/","url":"https:\/\/lasentinelle.dz\/index.php\/2024\/07\/15\/lalgerie-un-modele-de-resilience\/","name":"L&rsquo;Alg\u00e9rie, un mod\u00e8le de r\u00e9silience - La Sentinelle","isPartOf":{"@id":"https:\/\/lasentinelle.dz\/#website"},"primaryImageOfPage":{"@id":"https:\/\/lasentinelle.dz\/index.php\/2024\/07\/15\/lalgerie-un-modele-de-resilience\/#primaryimage"},"image":{"@id":"https:\/\/lasentinelle.dz\/index.php\/2024\/07\/15\/lalgerie-un-modele-de-resilience\/#primaryimage"},"thumbnailUrl":"https:\/\/lasentinelle.dz\/wp-content\/uploads\/2021\/10\/banque-mondiale-1.jpeg","datePublished":"2024-07-15T11:32:23+00:00","dateModified":"2024-07-15T11:32:24+00:00","breadcrumb":{"@id":"https:\/\/lasentinelle.dz\/index.php\/2024\/07\/15\/lalgerie-un-modele-de-resilience\/#breadcrumb"},"inLanguage":"fr-FR","potentialAction":[{"@type":"ReadAction","target":["https:\/\/lasentinelle.dz\/index.php\/2024\/07\/15\/lalgerie-un-modele-de-resilience\/"]}]},{"@type":"ImageObject","inLanguage":"fr-FR","@id":"https:\/\/lasentinelle.dz\/index.php\/2024\/07\/15\/lalgerie-un-modele-de-resilience\/#primaryimage","url":"https:\/\/lasentinelle.dz\/wp-content\/uploads\/2021\/10\/banque-mondiale-1.jpeg","contentUrl":"https:\/\/lasentinelle.dz\/wp-content\/uploads\/2021\/10\/banque-mondiale-1.jpeg","width":798,"height":532},{"@type":"BreadcrumbList","@id":"https:\/\/lasentinelle.dz\/index.php\/2024\/07\/15\/lalgerie-un-modele-de-resilience\/#breadcrumb","itemListElement":[{"@type":"ListItem","position":1,"name":"Accueil","item":"https:\/\/lasentinelle.dz\/"},{"@type":"ListItem","position":2,"name":"L&rsquo;Alg\u00e9rie, un mod\u00e8le de r\u00e9silience"}]},{"@type":"WebSite","@id":"https:\/\/lasentinelle.dz\/#website","url":"https:\/\/lasentinelle.dz\/","name":"La Sentinelle","description":"Quotidien national d&#039;information","publisher":{"@id":"https:\/\/lasentinelle.dz\/#organization"},"potentialAction":[{"@type":"SearchAction","target":{"@type":"EntryPoint","urlTemplate":"https:\/\/lasentinelle.dz\/?s={search_term_string}"},"query-input":{"@type":"PropertyValueSpecification","valueRequired":true,"valueName":"search_term_string"}}],"inLanguage":"fr-FR"},{"@type":"Organization","@id":"https:\/\/lasentinelle.dz\/#organization","name":"Quotidien La Sentinelle","url":"https:\/\/lasentinelle.dz\/","logo":{"@type":"ImageObject","inLanguage":"fr-FR","@id":"https:\/\/lasentinelle.dz\/#\/schema\/logo\/image\/","url":"https:\/\/lasentinelle.dz\/wp-content\/uploads\/2021\/09\/logo-sentinelleSLOGAN-1.png","contentUrl":"https:\/\/lasentinelle.dz\/wp-content\/uploads\/2021\/09\/logo-sentinelleSLOGAN-1.png","width":615,"height":142,"caption":"Quotidien La Sentinelle"},"image":{"@id":"https:\/\/lasentinelle.dz\/#\/schema\/logo\/image\/"},"sameAs":["https:\/\/www.facebook.com\/La-Sentinelle-104059864394773"]},{"@type":"Person","@id":"https:\/\/lasentinelle.dz\/#\/schema\/person\/d865044e22e70a75174ce8bcad3acfb3","name":"La Sentinelle","image":{"@type":"ImageObject","inLanguage":"fr-FR","@id":"https:\/\/secure.gravatar.com\/avatar\/57de8e5d4b15d43fb361a71fbb36338450fe67865b528a43dd10ef7c51a20392?s=96&d=mm&r=g","url":"https:\/\/secure.gravatar.com\/avatar\/57de8e5d4b15d43fb361a71fbb36338450fe67865b528a43dd10ef7c51a20392?s=96&d=mm&r=g","contentUrl":"https:\/\/secure.gravatar.com\/avatar\/57de8e5d4b15d43fb361a71fbb36338450fe67865b528a43dd10ef7c51a20392?s=96&d=mm&r=g","caption":"La Sentinelle"},"sameAs":["http:\/\/www.lasentinelle.dz"],"url":"https:\/\/lasentinelle.dz\/author\/redaction\/"}]}},"_links":{"self":[{"href":"https:\/\/lasentinelle.dz\/index.php\/wp-json\/wp\/v2\/posts\/54469","targetHints":{"allow":["GET"]}}],"collection":[{"href":"https:\/\/lasentinelle.dz\/index.php\/wp-json\/wp\/v2\/posts"}],"about":[{"href":"https:\/\/lasentinelle.dz\/index.php\/wp-json\/wp\/v2\/types\/post"}],"author":[{"embeddable":true,"href":"https:\/\/lasentinelle.dz\/index.php\/wp-json\/wp\/v2\/users\/3"}],"replies":[{"embeddable":true,"href":"https:\/\/lasentinelle.dz\/index.php\/wp-json\/wp\/v2\/comments?post=54469"}],"version-history":[{"count":2,"href":"https:\/\/lasentinelle.dz\/index.php\/wp-json\/wp\/v2\/posts\/54469\/revisions"}],"predecessor-version":[{"id":54471,"href":"https:\/\/lasentinelle.dz\/index.php\/wp-json\/wp\/v2\/posts\/54469\/revisions\/54471"}],"wp:featuredmedia":[{"embeddable":true,"href":"https:\/\/lasentinelle.dz\/index.php\/wp-json\/wp\/v2\/media\/10575"}],"wp:attachment":[{"href":"https:\/\/lasentinelle.dz\/index.php\/wp-json\/wp\/v2\/media?parent=54469"}],"wp:term":[{"taxonomy":"category","embeddable":true,"href":"https:\/\/lasentinelle.dz\/index.php\/wp-json\/wp\/v2\/categories?post=54469"},{"taxonomy":"post_tag","embeddable":true,"href":"https:\/\/lasentinelle.dz\/index.php\/wp-json\/wp\/v2\/tags?post=54469"}],"curies":[{"name":"wp","href":"https:\/\/api.w.org\/{rel}","templated":true}]}}