{"id":54496,"date":"2024-07-16T19:46:28","date_gmt":"2024-07-16T18:46:28","guid":{"rendered":"https:\/\/lasentinelle.dz\/?p=54496"},"modified":"2024-07-16T19:46:29","modified_gmt":"2024-07-16T18:46:29","slug":"faf-des-competitions-pour-relancer-les-clubs-jeunes-categories","status":"publish","type":"post","link":"https:\/\/lasentinelle.dz\/index.php\/2024\/07\/16\/faf-des-competitions-pour-relancer-les-clubs-jeunes-categories\/","title":{"rendered":"FAF: Des comp\u00e9titions pour relancer les clubs jeunes cat\u00e9gories"},"content":{"rendered":"\n<p>La F\u00e9d\u00e9ration Alg\u00e9rienne de Football (FAF) intensifie ses efforts pour d\u00e9velopper les jeunes talents \u00e0 travers le pays, comme en t\u00e9moignent les r\u00e9centes comp\u00e9titions organis\u00e9es pour les cat\u00e9gories de jeunes. Le Play Off national des jeunes 2024 bat son plein, avec des finales pr\u00e9vues dans trois cat\u00e9gories d&rsquo;\u00e2ge (U15, U17 et U19) au stade du 1er novembre de Tizi-Ouzou. En U19, l&rsquo;ES S\u00e9tif affrontera l&rsquo;USM Oran, tandis qu&rsquo;en U17, le MT Bordj Bou Arreridj et le Paradou AC se disputeront le titre.nCes comp\u00e9titions mettent en lumi\u00e8re la diversit\u00e9 g\u00e9ographique des talents, avec des \u00e9quipes finalistes venant de diff\u00e9rentes r\u00e9gions du pays. Elles offrent une plateforme cruciale pour les jeunes joueurs de se faire remarquer et de progresser.<\/p>\n\n\n\n<p>Par ailleurs, la premi\u00e8re \u00e9dition de la Coupe des jeunes talents des natifs de 2010 s&rsquo;est r\u00e9cemment conclue \u00e0 Oran. La finale, remport\u00e9e par la s\u00e9lection de M&rsquo;Sila face \u00e0 S\u00e9tif, a attir\u00e9 l&rsquo;attention des hauts responsables du football alg\u00e9rien, dont le Directeur Technique National, Ameur Mansoul, et le coordinateur g\u00e9n\u00e9ral du coll\u00e8ge technique national, Rabah Saadane. L&rsquo;implication d&rsquo;anciens internationaux dans la remise des r\u00e9compenses a ajout\u00e9 du prestige \u00e0 l&rsquo;\u00e9v\u00e9nement, cr\u00e9ant un pont entre les g\u00e9n\u00e9rations de footballeurs. Des prix individuels ont \u00e9galement \u00e9t\u00e9 d\u00e9cern\u00e9s pour encourager l&rsquo;excellence.<\/p>\n\n\n\n<p>Cette approche globale de la FAF, qui inclut des comp\u00e9titions structur\u00e9es et une collaboration \u00e9troite avec les autorit\u00e9s locales, vise \u00e0 assurer un vivier constant de joueurs talentueux pour l&rsquo;avenir du football alg\u00e9rien. Elle t\u00e9moigne d&rsquo;une strat\u00e9gie \u00e0 long terme pour maintenir et am\u00e9liorer le niveau du football national, des clubs aux \u00e9quipes nationales.<\/p>\n\n\n\n<p>La r\u00e9ussite de ces initiatives a \u00e9t\u00e9 salu\u00e9e par les instances sportives locales, notamment la Direction de la Jeunesse et des Sports d&rsquo;Oran, soulignant l&rsquo;impact positif de ces comp\u00e9titions sur le d\u00e9veloppement du football jeune en Alg\u00e9rie. Rappelons dans ce contexte que le d\u00e9veloppement des jeunes cat\u00e9gories a \u00e9t\u00e9 au coeur de la derni\u00e8re r\u00e9union du Coll\u00e8ge technique national tenue il y a quelques semaines. Au-del\u00e0 la FAF a opt\u00e9 aussi pour une relance des s\u00e9lections nationales jeunes cat\u00e9gories et f\u00e9minines.<\/p>\n\n\n\n<p>R.S.<\/p>\n","protected":false},"excerpt":{"rendered":"<p>La F\u00e9d\u00e9ration Alg\u00e9rienne de Football (FAF) intensifie ses efforts pour d\u00e9velopper les jeunes talents \u00e0 travers le pays, comme en<\/p>\n","protected":false},"author":3,"featured_media":54497,"comment_status":"open","ping_status":"closed","sticky":false,"template":"","format":"standard","meta":{"colormag_page_container_layout":"default_layout","colormag_page_sidebar_layout":"default_layout","om_disable_all_campaigns":false,"_monsterinsights_skip_tracking":false,"_monsterinsights_sitenote_active":false,"_monsterinsights_sitenote_note":"","_monsterinsights_sitenote_category":0,"footnotes":"","_wpscppro_dont_share_socialmedia":false,"_wpscppro_custom_social_share_image":0,"_facebook_share_type":"default","_twitter_share_type":"default","_linkedin_share_type":"default","_pinterest_share_type":"default","_linkedin_share_type_page":"","_instagram_share_type":"default","_medium_share_type":"","_threads_share_type":"","_google_business_share_type":"","_selected_social_profile":[],"_wpsp_enable_custom_social_template":false,"_wpsp_social_scheduling":{"enabled":false,"datetime":null,"platforms":[],"status":"template_only","dateOption":"today","timeOption":"now","customDays":"","customHours":"","customDate":"","customTime":"","schedulingType":"absolute"},"_wpsp_active_default_template":true},"categories":[33],"tags":[],"class_list":["post-54496","post","type-post","status-publish","format-standard","has-post-thumbnail","hentry","category-sports"],"aioseo_notices":[],"yoast_head":"<!-- This site is optimized with the Yoast SEO plugin v27.5 - https:\/\/yoast.com\/product\/yoast-seo-wordpress\/ -->\n<title>FAF: Des comp\u00e9titions pour relancer les clubs jeunes cat\u00e9gories - La Sentinelle<\/title>\n<meta name=\"robots\" content=\"index, follow, max-snippet:-1, max-image-preview:large, max-video-preview:-1\" \/>\n<link rel=\"canonical\" href=\"https:\/\/lasentinelle.dz\/index.php\/2024\/07\/16\/faf-des-competitions-pour-relancer-les-clubs-jeunes-categories\/\" \/>\n<meta property=\"og:locale\" content=\"fr_FR\" \/>\n<meta property=\"og:type\" content=\"article\" \/>\n<meta property=\"og:title\" content=\"FAF: Des comp\u00e9titions pour relancer les clubs jeunes cat\u00e9gories - La Sentinelle\" \/>\n<meta property=\"og:description\" content=\"La F\u00e9d\u00e9ration Alg\u00e9rienne de Football (FAF) intensifie ses efforts pour d\u00e9velopper les jeunes talents \u00e0 travers le pays, comme en\" \/>\n<meta property=\"og:url\" content=\"https:\/\/lasentinelle.dz\/index.php\/2024\/07\/16\/faf-des-competitions-pour-relancer-les-clubs-jeunes-categories\/\" \/>\n<meta property=\"og:site_name\" content=\"La Sentinelle\" \/>\n<meta property=\"article:publisher\" content=\"https:\/\/www.facebook.com\/La-Sentinelle-104059864394773\" \/>\n<meta property=\"article:published_time\" content=\"2024-07-16T18:46:28+00:00\" \/>\n<meta property=\"article:modified_time\" content=\"2024-07-16T18:46:29+00:00\" \/>\n<meta property=\"og:image\" content=\"https:\/\/lasentinelle.dz\/wp-content\/uploads\/2024\/07\/jeunes.jpeg\" \/>\n\t<meta property=\"og:image:width\" content=\"750\" \/>\n\t<meta property=\"og:image:height\" content=\"430\" \/>\n\t<meta property=\"og:image:type\" content=\"image\/jpeg\" \/>\n<meta name=\"author\" content=\"La Sentinelle\" \/>\n<meta name=\"twitter:card\" content=\"summary_large_image\" \/>\n<meta name=\"twitter:label1\" content=\"\u00c9crit par\" \/>\n\t<meta name=\"twitter:data1\" content=\"La Sentinelle\" \/>\n\t<meta name=\"twitter:label2\" content=\"Dur\u00e9e de lecture estim\u00e9e\" \/>\n\t<meta name=\"twitter:data2\" content=\"2 minutes\" \/>\n<script type=\"application\/ld+json\" class=\"yoast-schema-graph\">{\"@context\":\"https:\\\/\\\/schema.org\",\"@graph\":[{\"@type\":\"Article\",\"@id\":\"https:\\\/\\\/lasentinelle.dz\\\/index.php\\\/2024\\\/07\\\/16\\\/faf-des-competitions-pour-relancer-les-clubs-jeunes-categories\\\/#article\",\"isPartOf\":{\"@id\":\"https:\\\/\\\/lasentinelle.dz\\\/index.php\\\/2024\\\/07\\\/16\\\/faf-des-competitions-pour-relancer-les-clubs-jeunes-categories\\\/\"},\"author\":{\"name\":\"La Sentinelle\",\"@id\":\"https:\\\/\\\/lasentinelle.dz\\\/#\\\/schema\\\/person\\\/d865044e22e70a75174ce8bcad3acfb3\"},\"headline\":\"FAF: Des comp\u00e9titions pour relancer les clubs jeunes cat\u00e9gories\",\"datePublished\":\"2024-07-16T18:46:28+00:00\",\"dateModified\":\"2024-07-16T18:46:29+00:00\",\"mainEntityOfPage\":{\"@id\":\"https:\\\/\\\/lasentinelle.dz\\\/index.php\\\/2024\\\/07\\\/16\\\/faf-des-competitions-pour-relancer-les-clubs-jeunes-categories\\\/\"},\"wordCount\":415,\"commentCount\":0,\"publisher\":{\"@id\":\"https:\\\/\\\/lasentinelle.dz\\\/#organization\"},\"image\":{\"@id\":\"https:\\\/\\\/lasentinelle.dz\\\/index.php\\\/2024\\\/07\\\/16\\\/faf-des-competitions-pour-relancer-les-clubs-jeunes-categories\\\/#primaryimage\"},\"thumbnailUrl\":\"https:\\\/\\\/lasentinelle.dz\\\/wp-content\\\/uploads\\\/2024\\\/07\\\/jeunes.jpeg\",\"articleSection\":[\"Sports\"],\"inLanguage\":\"fr-FR\",\"potentialAction\":[{\"@type\":\"CommentAction\",\"name\":\"Comment\",\"target\":[\"https:\\\/\\\/lasentinelle.dz\\\/index.php\\\/2024\\\/07\\\/16\\\/faf-des-competitions-pour-relancer-les-clubs-jeunes-categories\\\/#respond\"]}]},{\"@type\":\"WebPage\",\"@id\":\"https:\\\/\\\/lasentinelle.dz\\\/index.php\\\/2024\\\/07\\\/16\\\/faf-des-competitions-pour-relancer-les-clubs-jeunes-categories\\\/\",\"url\":\"https:\\\/\\\/lasentinelle.dz\\\/index.php\\\/2024\\\/07\\\/16\\\/faf-des-competitions-pour-relancer-les-clubs-jeunes-categories\\\/\",\"name\":\"FAF: Des comp\u00e9titions pour relancer les clubs jeunes cat\u00e9gories - La Sentinelle\",\"isPartOf\":{\"@id\":\"https:\\\/\\\/lasentinelle.dz\\\/#website\"},\"primaryImageOfPage\":{\"@id\":\"https:\\\/\\\/lasentinelle.dz\\\/index.php\\\/2024\\\/07\\\/16\\\/faf-des-competitions-pour-relancer-les-clubs-jeunes-categories\\\/#primaryimage\"},\"image\":{\"@id\":\"https:\\\/\\\/lasentinelle.dz\\\/index.php\\\/2024\\\/07\\\/16\\\/faf-des-competitions-pour-relancer-les-clubs-jeunes-categories\\\/#primaryimage\"},\"thumbnailUrl\":\"https:\\\/\\\/lasentinelle.dz\\\/wp-content\\\/uploads\\\/2024\\\/07\\\/jeunes.jpeg\",\"datePublished\":\"2024-07-16T18:46:28+00:00\",\"dateModified\":\"2024-07-16T18:46:29+00:00\",\"breadcrumb\":{\"@id\":\"https:\\\/\\\/lasentinelle.dz\\\/index.php\\\/2024\\\/07\\\/16\\\/faf-des-competitions-pour-relancer-les-clubs-jeunes-categories\\\/#breadcrumb\"},\"inLanguage\":\"fr-FR\",\"potentialAction\":[{\"@type\":\"ReadAction\",\"target\":[\"https:\\\/\\\/lasentinelle.dz\\\/index.php\\\/2024\\\/07\\\/16\\\/faf-des-competitions-pour-relancer-les-clubs-jeunes-categories\\\/\"]}]},{\"@type\":\"ImageObject\",\"inLanguage\":\"fr-FR\",\"@id\":\"https:\\\/\\\/lasentinelle.dz\\\/index.php\\\/2024\\\/07\\\/16\\\/faf-des-competitions-pour-relancer-les-clubs-jeunes-categories\\\/#primaryimage\",\"url\":\"https:\\\/\\\/lasentinelle.dz\\\/wp-content\\\/uploads\\\/2024\\\/07\\\/jeunes.jpeg\",\"contentUrl\":\"https:\\\/\\\/lasentinelle.dz\\\/wp-content\\\/uploads\\\/2024\\\/07\\\/jeunes.jpeg\",\"width\":750,\"height\":430},{\"@type\":\"BreadcrumbList\",\"@id\":\"https:\\\/\\\/lasentinelle.dz\\\/index.php\\\/2024\\\/07\\\/16\\\/faf-des-competitions-pour-relancer-les-clubs-jeunes-categories\\\/#breadcrumb\",\"itemListElement\":[{\"@type\":\"ListItem\",\"position\":1,\"name\":\"Accueil\",\"item\":\"https:\\\/\\\/lasentinelle.dz\\\/\"},{\"@type\":\"ListItem\",\"position\":2,\"name\":\"FAF: Des comp\u00e9titions pour relancer les clubs jeunes cat\u00e9gories\"}]},{\"@type\":\"WebSite\",\"@id\":\"https:\\\/\\\/lasentinelle.dz\\\/#website\",\"url\":\"https:\\\/\\\/lasentinelle.dz\\\/\",\"name\":\"La Sentinelle\",\"description\":\"Quotidien national d&#039;information\",\"publisher\":{\"@id\":\"https:\\\/\\\/lasentinelle.dz\\\/#organization\"},\"potentialAction\":[{\"@type\":\"SearchAction\",\"target\":{\"@type\":\"EntryPoint\",\"urlTemplate\":\"https:\\\/\\\/lasentinelle.dz\\\/?s={search_term_string}\"},\"query-input\":{\"@type\":\"PropertyValueSpecification\",\"valueRequired\":true,\"valueName\":\"search_term_string\"}}],\"inLanguage\":\"fr-FR\"},{\"@type\":\"Organization\",\"@id\":\"https:\\\/\\\/lasentinelle.dz\\\/#organization\",\"name\":\"Quotidien La Sentinelle\",\"url\":\"https:\\\/\\\/lasentinelle.dz\\\/\",\"logo\":{\"@type\":\"ImageObject\",\"inLanguage\":\"fr-FR\",\"@id\":\"https:\\\/\\\/lasentinelle.dz\\\/#\\\/schema\\\/logo\\\/image\\\/\",\"url\":\"https:\\\/\\\/lasentinelle.dz\\\/wp-content\\\/uploads\\\/2021\\\/09\\\/logo-sentinelleSLOGAN-1.png\",\"contentUrl\":\"https:\\\/\\\/lasentinelle.dz\\\/wp-content\\\/uploads\\\/2021\\\/09\\\/logo-sentinelleSLOGAN-1.png\",\"width\":615,\"height\":142,\"caption\":\"Quotidien La Sentinelle\"},\"image\":{\"@id\":\"https:\\\/\\\/lasentinelle.dz\\\/#\\\/schema\\\/logo\\\/image\\\/\"},\"sameAs\":[\"https:\\\/\\\/www.facebook.com\\\/La-Sentinelle-104059864394773\"]},{\"@type\":\"Person\",\"@id\":\"https:\\\/\\\/lasentinelle.dz\\\/#\\\/schema\\\/person\\\/d865044e22e70a75174ce8bcad3acfb3\",\"name\":\"La Sentinelle\",\"image\":{\"@type\":\"ImageObject\",\"inLanguage\":\"fr-FR\",\"@id\":\"https:\\\/\\\/secure.gravatar.com\\\/avatar\\\/57de8e5d4b15d43fb361a71fbb36338450fe67865b528a43dd10ef7c51a20392?s=96&d=mm&r=g\",\"url\":\"https:\\\/\\\/secure.gravatar.com\\\/avatar\\\/57de8e5d4b15d43fb361a71fbb36338450fe67865b528a43dd10ef7c51a20392?s=96&d=mm&r=g\",\"contentUrl\":\"https:\\\/\\\/secure.gravatar.com\\\/avatar\\\/57de8e5d4b15d43fb361a71fbb36338450fe67865b528a43dd10ef7c51a20392?s=96&d=mm&r=g\",\"caption\":\"La Sentinelle\"},\"sameAs\":[\"http:\\\/\\\/www.lasentinelle.dz\"],\"url\":\"https:\\\/\\\/lasentinelle.dz\\\/author\\\/redaction\\\/\"}]}<\/script>\n<!-- \/ Yoast SEO plugin. -->","yoast_head_json":{"title":"FAF: Des comp\u00e9titions pour relancer les clubs jeunes cat\u00e9gories - La Sentinelle","robots":{"index":"index","follow":"follow","max-snippet":"max-snippet:-1","max-image-preview":"max-image-preview:large","max-video-preview":"max-video-preview:-1"},"canonical":"https:\/\/lasentinelle.dz\/index.php\/2024\/07\/16\/faf-des-competitions-pour-relancer-les-clubs-jeunes-categories\/","og_locale":"fr_FR","og_type":"article","og_title":"FAF: Des comp\u00e9titions pour relancer les clubs jeunes cat\u00e9gories - La Sentinelle","og_description":"La F\u00e9d\u00e9ration Alg\u00e9rienne de Football (FAF) intensifie ses efforts pour d\u00e9velopper les jeunes talents \u00e0 travers le pays, comme en","og_url":"https:\/\/lasentinelle.dz\/index.php\/2024\/07\/16\/faf-des-competitions-pour-relancer-les-clubs-jeunes-categories\/","og_site_name":"La Sentinelle","article_publisher":"https:\/\/www.facebook.com\/La-Sentinelle-104059864394773","article_published_time":"2024-07-16T18:46:28+00:00","article_modified_time":"2024-07-16T18:46:29+00:00","og_image":[{"width":750,"height":430,"url":"https:\/\/lasentinelle.dz\/wp-content\/uploads\/2024\/07\/jeunes.jpeg","type":"image\/jpeg"}],"author":"La Sentinelle","twitter_card":"summary_large_image","twitter_misc":{"\u00c9crit par":"La Sentinelle","Dur\u00e9e de lecture estim\u00e9e":"2 minutes"},"schema":{"@context":"https:\/\/schema.org","@graph":[{"@type":"Article","@id":"https:\/\/lasentinelle.dz\/index.php\/2024\/07\/16\/faf-des-competitions-pour-relancer-les-clubs-jeunes-categories\/#article","isPartOf":{"@id":"https:\/\/lasentinelle.dz\/index.php\/2024\/07\/16\/faf-des-competitions-pour-relancer-les-clubs-jeunes-categories\/"},"author":{"name":"La Sentinelle","@id":"https:\/\/lasentinelle.dz\/#\/schema\/person\/d865044e22e70a75174ce8bcad3acfb3"},"headline":"FAF: Des comp\u00e9titions pour relancer les clubs jeunes cat\u00e9gories","datePublished":"2024-07-16T18:46:28+00:00","dateModified":"2024-07-16T18:46:29+00:00","mainEntityOfPage":{"@id":"https:\/\/lasentinelle.dz\/index.php\/2024\/07\/16\/faf-des-competitions-pour-relancer-les-clubs-jeunes-categories\/"},"wordCount":415,"commentCount":0,"publisher":{"@id":"https:\/\/lasentinelle.dz\/#organization"},"image":{"@id":"https:\/\/lasentinelle.dz\/index.php\/2024\/07\/16\/faf-des-competitions-pour-relancer-les-clubs-jeunes-categories\/#primaryimage"},"thumbnailUrl":"https:\/\/lasentinelle.dz\/wp-content\/uploads\/2024\/07\/jeunes.jpeg","articleSection":["Sports"],"inLanguage":"fr-FR","potentialAction":[{"@type":"CommentAction","name":"Comment","target":["https:\/\/lasentinelle.dz\/index.php\/2024\/07\/16\/faf-des-competitions-pour-relancer-les-clubs-jeunes-categories\/#respond"]}]},{"@type":"WebPage","@id":"https:\/\/lasentinelle.dz\/index.php\/2024\/07\/16\/faf-des-competitions-pour-relancer-les-clubs-jeunes-categories\/","url":"https:\/\/lasentinelle.dz\/index.php\/2024\/07\/16\/faf-des-competitions-pour-relancer-les-clubs-jeunes-categories\/","name":"FAF: Des comp\u00e9titions pour relancer les clubs jeunes cat\u00e9gories - La Sentinelle","isPartOf":{"@id":"https:\/\/lasentinelle.dz\/#website"},"primaryImageOfPage":{"@id":"https:\/\/lasentinelle.dz\/index.php\/2024\/07\/16\/faf-des-competitions-pour-relancer-les-clubs-jeunes-categories\/#primaryimage"},"image":{"@id":"https:\/\/lasentinelle.dz\/index.php\/2024\/07\/16\/faf-des-competitions-pour-relancer-les-clubs-jeunes-categories\/#primaryimage"},"thumbnailUrl":"https:\/\/lasentinelle.dz\/wp-content\/uploads\/2024\/07\/jeunes.jpeg","datePublished":"2024-07-16T18:46:28+00:00","dateModified":"2024-07-16T18:46:29+00:00","breadcrumb":{"@id":"https:\/\/lasentinelle.dz\/index.php\/2024\/07\/16\/faf-des-competitions-pour-relancer-les-clubs-jeunes-categories\/#breadcrumb"},"inLanguage":"fr-FR","potentialAction":[{"@type":"ReadAction","target":["https:\/\/lasentinelle.dz\/index.php\/2024\/07\/16\/faf-des-competitions-pour-relancer-les-clubs-jeunes-categories\/"]}]},{"@type":"ImageObject","inLanguage":"fr-FR","@id":"https:\/\/lasentinelle.dz\/index.php\/2024\/07\/16\/faf-des-competitions-pour-relancer-les-clubs-jeunes-categories\/#primaryimage","url":"https:\/\/lasentinelle.dz\/wp-content\/uploads\/2024\/07\/jeunes.jpeg","contentUrl":"https:\/\/lasentinelle.dz\/wp-content\/uploads\/2024\/07\/jeunes.jpeg","width":750,"height":430},{"@type":"BreadcrumbList","@id":"https:\/\/lasentinelle.dz\/index.php\/2024\/07\/16\/faf-des-competitions-pour-relancer-les-clubs-jeunes-categories\/#breadcrumb","itemListElement":[{"@type":"ListItem","position":1,"name":"Accueil","item":"https:\/\/lasentinelle.dz\/"},{"@type":"ListItem","position":2,"name":"FAF: Des comp\u00e9titions pour relancer les clubs jeunes cat\u00e9gories"}]},{"@type":"WebSite","@id":"https:\/\/lasentinelle.dz\/#website","url":"https:\/\/lasentinelle.dz\/","name":"La Sentinelle","description":"Quotidien national d&#039;information","publisher":{"@id":"https:\/\/lasentinelle.dz\/#organization"},"potentialAction":[{"@type":"SearchAction","target":{"@type":"EntryPoint","urlTemplate":"https:\/\/lasentinelle.dz\/?s={search_term_string}"},"query-input":{"@type":"PropertyValueSpecification","valueRequired":true,"valueName":"search_term_string"}}],"inLanguage":"fr-FR"},{"@type":"Organization","@id":"https:\/\/lasentinelle.dz\/#organization","name":"Quotidien La Sentinelle","url":"https:\/\/lasentinelle.dz\/","logo":{"@type":"ImageObject","inLanguage":"fr-FR","@id":"https:\/\/lasentinelle.dz\/#\/schema\/logo\/image\/","url":"https:\/\/lasentinelle.dz\/wp-content\/uploads\/2021\/09\/logo-sentinelleSLOGAN-1.png","contentUrl":"https:\/\/lasentinelle.dz\/wp-content\/uploads\/2021\/09\/logo-sentinelleSLOGAN-1.png","width":615,"height":142,"caption":"Quotidien La Sentinelle"},"image":{"@id":"https:\/\/lasentinelle.dz\/#\/schema\/logo\/image\/"},"sameAs":["https:\/\/www.facebook.com\/La-Sentinelle-104059864394773"]},{"@type":"Person","@id":"https:\/\/lasentinelle.dz\/#\/schema\/person\/d865044e22e70a75174ce8bcad3acfb3","name":"La Sentinelle","image":{"@type":"ImageObject","inLanguage":"fr-FR","@id":"https:\/\/secure.gravatar.com\/avatar\/57de8e5d4b15d43fb361a71fbb36338450fe67865b528a43dd10ef7c51a20392?s=96&d=mm&r=g","url":"https:\/\/secure.gravatar.com\/avatar\/57de8e5d4b15d43fb361a71fbb36338450fe67865b528a43dd10ef7c51a20392?s=96&d=mm&r=g","contentUrl":"https:\/\/secure.gravatar.com\/avatar\/57de8e5d4b15d43fb361a71fbb36338450fe67865b528a43dd10ef7c51a20392?s=96&d=mm&r=g","caption":"La Sentinelle"},"sameAs":["http:\/\/www.lasentinelle.dz"],"url":"https:\/\/lasentinelle.dz\/author\/redaction\/"}]}},"_links":{"self":[{"href":"https:\/\/lasentinelle.dz\/index.php\/wp-json\/wp\/v2\/posts\/54496","targetHints":{"allow":["GET"]}}],"collection":[{"href":"https:\/\/lasentinelle.dz\/index.php\/wp-json\/wp\/v2\/posts"}],"about":[{"href":"https:\/\/lasentinelle.dz\/index.php\/wp-json\/wp\/v2\/types\/post"}],"author":[{"embeddable":true,"href":"https:\/\/lasentinelle.dz\/index.php\/wp-json\/wp\/v2\/users\/3"}],"replies":[{"embeddable":true,"href":"https:\/\/lasentinelle.dz\/index.php\/wp-json\/wp\/v2\/comments?post=54496"}],"version-history":[{"count":1,"href":"https:\/\/lasentinelle.dz\/index.php\/wp-json\/wp\/v2\/posts\/54496\/revisions"}],"predecessor-version":[{"id":54498,"href":"https:\/\/lasentinelle.dz\/index.php\/wp-json\/wp\/v2\/posts\/54496\/revisions\/54498"}],"wp:featuredmedia":[{"embeddable":true,"href":"https:\/\/lasentinelle.dz\/index.php\/wp-json\/wp\/v2\/media\/54497"}],"wp:attachment":[{"href":"https:\/\/lasentinelle.dz\/index.php\/wp-json\/wp\/v2\/media?parent=54496"}],"wp:term":[{"taxonomy":"category","embeddable":true,"href":"https:\/\/lasentinelle.dz\/index.php\/wp-json\/wp\/v2\/categories?post=54496"},{"taxonomy":"post_tag","embeddable":true,"href":"https:\/\/lasentinelle.dz\/index.php\/wp-json\/wp\/v2\/tags?post=54496"}],"curies":[{"name":"wp","href":"https:\/\/api.w.org\/{rel}","templated":true}]}}