{"id":54502,"date":"2024-07-16T19:49:23","date_gmt":"2024-07-16T18:49:23","guid":{"rendered":"https:\/\/lasentinelle.dz\/?p=54502"},"modified":"2024-07-16T19:49:24","modified_gmt":"2024-07-16T18:49:24","slug":"transferts-aouar-sapprete-a-rejoindre-benzema-a-al-ittihad","status":"publish","type":"post","link":"https:\/\/lasentinelle.dz\/index.php\/2024\/07\/16\/transferts-aouar-sapprete-a-rejoindre-benzema-a-al-ittihad\/","title":{"rendered":"Transferts: Aouar s&rsquo;appr\u00eate \u00e0 rejoindre Benzema \u00e0 Al-Ittihad"},"content":{"rendered":"\n<p>Le milieu de terrain international alg\u00e9rien Houssem Aouar est sur le point de quitter l&rsquo;AS Rome pour rejoindre Al-Ittihad en Arabie Saoudite, o\u00f9 il aura l&rsquo;opportunit\u00e9 de jouer aux c\u00f4t\u00e9s du ballon d&rsquo;or 2022 Karim Benzema.<\/p>\n\n\n\n<p>Apr\u00e8s seulement une saison mitig\u00e9e dans la capitale italienne, Aouar s&rsquo;appr\u00eate \u00e0 relever un nouveau d\u00e9fi dans un championnat en pleine expansion.<\/p>\n\n\n\n<p>Un accord entre l&rsquo;AS Rome et Al Ittiha a \u00e9t\u00e9 trouv\u00e9 &nbsp;avec un montant de transfert estim\u00e9 entre 12 et 15 millions d&rsquo;euros. Ce transfert offre \u00e0 Aouar, \u00e2g\u00e9 de 26 ans, la chance d&rsquo;\u00e9voluer dans une \u00e9quipe ambitieuse aux c\u00f4t\u00e9s de joueurs de renom tels que Benzema, N&rsquo;Golo Kant\u00e9 et Fabinho. Selon le site sp\u00e9cialis\u00e9 Foot Mercato, le club de l&rsquo;Ittihad a trouv\u00e9 un accord ce lundi avec l&rsquo;AS Rome avoisinant les 15 millions d&rsquo;euros et des bonus pour Houssem Aouar. Dans le deal, la formation saoudienne veut \u00e9galement inclure la jeune p\u00e9pite romaine, Jan Oliveras Codina (20 ans)\u00a0\u00bb, pr\u00e9cise la m\u00eame source. Apr\u00e8s six saisons de bons et loyaux services \u00e0 l&rsquo;Olympique Lyonnais (Ligue 1\/ France), inscrivant 41 buts en 233 matchs, Aouar (26 ans) s&rsquo;est engag\u00e9 avec le club romain en 2023 pour cinq saisons. La premi\u00e8re saison du joueur alg\u00e9rien dans la capitale italienne a \u00e9t\u00e9 tout juste moyenne, avec un bilan de 4 buts marqu\u00e9s en 16 apparitions, toutes comp\u00e9titions confondues. Apr\u00e8s finalis\u00e9 avec l&rsquo;entra\u00eeneur fran\u00e7ais Laurent Blanc, le club saoudien va pouvoir s&rsquo;activer sur le mercato estival afin de renforcer son effectif et ainsi entourer les joueurs cadres de l&rsquo;\u00e9quipe tels que Karim Benzema, N&rsquo;Golo Kant\u00e9, Fabinho, Luiz Felipe ou encore Jota. En juin dernier, la presse fran\u00e7aise a fait \u00e9tat de l&rsquo;int\u00e9r\u00eat de l&rsquo;OGC Nice (Ligue 1\/ France) pour les services d&rsquo;Aouar.<\/p>\n\n\n\n<p><strong>Int\u00e9r\u00eat croissant des clubs europ\u00e9ens pour les talents alg\u00e9riens<\/strong><\/p>\n\n\n\n<p>Il n&rsquo;en demeure pas moins que l&rsquo;int\u00e9r\u00eat des clubs europ\u00e9ens les joueurs alg\u00e9riens est grandissant. Notons ainsi que Zin\u00e9dine Bela\u00efd, d\u00e9fenseur international, vient de signer avec Saint-Trond VV en Belgique. Apr\u00e8s avoir brill\u00e9 avec l&rsquo;USM Alger, Bela\u00efd a choisi de poursuivre sa carri\u00e8re en Europe plut\u00f4t que d&rsquo;accepter des offres lucratives d&rsquo;\u00c9gypte ou d&rsquo;Arabie Saoudite. \u00ab\u00a0J&rsquo;ai h\u00e2te de porter le maillot du STVV. Cette saison, j&rsquo;avais clairement l&rsquo;ambition d&rsquo;aller en Europe, pour me d\u00e9velopper davantage. Saint-Trond est un club qui a produit de nombreux grands joueurs ces derni\u00e8res ann\u00e9es. C&rsquo;est la bonne \u00e9tape dans ma carri\u00e8re. J&rsquo;ai h\u00e2te de vivre une bonne saison avec mes nouveaux co\u00e9quipiers et de rendre nos supporters fiers. En Alg\u00e9rie, j&rsquo;ai d\u00e9j\u00e0 l&rsquo;habitude de jouer devant un public enthousiaste, donc je vais vite m&rsquo;adapter dans ce domaine-l\u00e0\u00a0\u00bb, a r\u00e9agi Bela\u00efd cit\u00e9 par la m\u00eame source. \u00ab\u00a0Zin\u00e9dine est sur notre radar depuis longtemps. A l&rsquo;USMA et en \u00e9quipe nationale, il a montr\u00e9 \u00e0 plusieurs reprises qu&rsquo;il \u00e9tait un d\u00e9fenseur solide et fiable. Nous sommes fiers de son arriv\u00e9e\u00a0\u00bb, a indiqu\u00e9 de son c\u00f4t\u00e9 le directeur sportif du club Andr\u00e9 Pinto. Ayant rejoint l&rsquo;USMA en 2020, en provenance du NA Husse\u00efn-Dey, Bela\u00efd a contribu\u00e9 \u00e0 la Coupe de la Conf\u00e9d\u00e9ration africaine, remport\u00e9e par les \u00ab\u00a0Rouge et Noir\u00a0\u00bb la saison derni\u00e8re pour la premi\u00e8re fois de son histoire, aux d\u00e9pens des Tanzaniens des Young Africans. En septembre 2023, Bela\u00efd avait remport\u00e9 avec l&rsquo;USMA la Supercoupe d&rsquo;Afrique des clubs, apr\u00e8s la victoire face aux Egyptiens d&rsquo;Al-Ahly (1-0), au stade d&rsquo;Al-Ta\u00eff (Arabie saoudite). &nbsp;Pour sa part, Yacine Titraoui, milieu offensif, a r\u00e9cemment rejoint le Sporting Charleroi en Belgique en provenance du Paradou AC et a sign\u00e9 pour trois saisons. Enfin une derni\u00e8re p\u00e9pite alg\u00e9rienne, le jeune Bachir Belloumi, fils de l&rsquo;ancienne gloire de la s\u00e9lection nationale du football, Lakhdar Belloumi, \u00e9voluant actuellement au poste d&rsquo;ailier \u00e0 Farense au Portugal, est suivi par de nombreux clubs. Il serait m\u00eame proche de signer avec l&rsquo;Olympique de Marseille. Un accord serait en passe d&rsquo;\u00eatre trouv\u00e9 pour un montant avoisinant les 6 millions d&rsquo;euros. Les Marseillais avaient d\u00e9j\u00e0 fait une offre le mois dernier comme le rapportait Foot Mercato de 3 millions d\u2019euros plus un en bonus.<\/p>\n\n\n\n<p>Ces transferts t\u00e9moignent de la qualit\u00e9 croissante des joueurs alg\u00e9riens et de leur capacit\u00e9 \u00e0 s&rsquo;imposer dans les championnats europ\u00e9ens comp\u00e9titifs. Ils illustrent \u00e9galement la diversit\u00e9 des opportunit\u00e9s qui s&rsquo;offrent aux talents alg\u00e9riens, que ce soit dans les ligues traditionnelles europ\u00e9ennes ou dans les championnats \u00e9mergents comme celui d&rsquo;Arabie Saoudite.<\/p>\n\n\n\n<p>Moncef Dahleb<\/p>\n","protected":false},"excerpt":{"rendered":"<p>Le milieu de terrain international alg\u00e9rien Houssem Aouar est sur le point de quitter l&rsquo;AS Rome pour rejoindre Al-Ittihad en<\/p>\n","protected":false},"author":3,"featured_media":54503,"comment_status":"open","ping_status":"closed","sticky":false,"template":"","format":"standard","meta":{"colormag_page_container_layout":"default_layout","colormag_page_sidebar_layout":"default_layout","om_disable_all_campaigns":false,"_monsterinsights_skip_tracking":false,"_monsterinsights_sitenote_active":false,"_monsterinsights_sitenote_note":"","_monsterinsights_sitenote_category":0,"footnotes":"","_wpscppro_dont_share_socialmedia":false,"_wpscppro_custom_social_share_image":0,"_facebook_share_type":"default","_twitter_share_type":"default","_linkedin_share_type":"default","_pinterest_share_type":"default","_linkedin_share_type_page":"","_instagram_share_type":"default","_medium_share_type":"","_threads_share_type":"","_google_business_share_type":"","_selected_social_profile":[],"_wpsp_enable_custom_social_template":false,"_wpsp_social_scheduling":{"enabled":false,"datetime":null,"platforms":[],"status":"template_only","dateOption":"today","timeOption":"now","customDays":"","customHours":"","customDate":"","customTime":"","schedulingType":"absolute"},"_wpsp_active_default_template":true},"categories":[52,33],"tags":[],"class_list":["post-54502","post","type-post","status-publish","format-standard","has-post-thumbnail","hentry","category-a-la-une","category-sports"],"aioseo_notices":[],"yoast_head":"<!-- This site is optimized with the Yoast SEO plugin v27.5 - https:\/\/yoast.com\/product\/yoast-seo-wordpress\/ -->\n<title>Transferts: Aouar s&rsquo;appr\u00eate \u00e0 rejoindre Benzema \u00e0 Al-Ittihad - La Sentinelle<\/title>\n<meta name=\"robots\" content=\"index, follow, max-snippet:-1, max-image-preview:large, max-video-preview:-1\" \/>\n<link rel=\"canonical\" href=\"https:\/\/lasentinelle.dz\/index.php\/2024\/07\/16\/transferts-aouar-sapprete-a-rejoindre-benzema-a-al-ittihad\/\" \/>\n<meta property=\"og:locale\" content=\"fr_FR\" \/>\n<meta property=\"og:type\" content=\"article\" \/>\n<meta property=\"og:title\" content=\"Transferts: Aouar s&rsquo;appr\u00eate \u00e0 rejoindre Benzema \u00e0 Al-Ittihad - La Sentinelle\" \/>\n<meta property=\"og:description\" content=\"Le milieu de terrain international alg\u00e9rien Houssem Aouar est sur le point de quitter l&rsquo;AS Rome pour rejoindre Al-Ittihad en\" \/>\n<meta property=\"og:url\" content=\"https:\/\/lasentinelle.dz\/index.php\/2024\/07\/16\/transferts-aouar-sapprete-a-rejoindre-benzema-a-al-ittihad\/\" \/>\n<meta property=\"og:site_name\" content=\"La Sentinelle\" \/>\n<meta property=\"article:publisher\" content=\"https:\/\/www.facebook.com\/La-Sentinelle-104059864394773\" \/>\n<meta property=\"article:published_time\" content=\"2024-07-16T18:49:23+00:00\" \/>\n<meta property=\"article:modified_time\" content=\"2024-07-16T18:49:24+00:00\" \/>\n<meta property=\"og:image\" content=\"https:\/\/lasentinelle.dz\/wp-content\/uploads\/2024\/07\/aouar.jpeg\" \/>\n\t<meta property=\"og:image:width\" content=\"900\" \/>\n\t<meta property=\"og:image:height\" content=\"464\" \/>\n\t<meta property=\"og:image:type\" content=\"image\/jpeg\" \/>\n<meta name=\"author\" content=\"La Sentinelle\" \/>\n<meta name=\"twitter:card\" content=\"summary_large_image\" \/>\n<meta name=\"twitter:label1\" content=\"\u00c9crit par\" \/>\n\t<meta name=\"twitter:data1\" content=\"La Sentinelle\" \/>\n\t<meta name=\"twitter:label2\" content=\"Dur\u00e9e de lecture estim\u00e9e\" \/>\n\t<meta name=\"twitter:data2\" content=\"4 minutes\" \/>\n<script type=\"application\/ld+json\" class=\"yoast-schema-graph\">{\"@context\":\"https:\\\/\\\/schema.org\",\"@graph\":[{\"@type\":\"Article\",\"@id\":\"https:\\\/\\\/lasentinelle.dz\\\/index.php\\\/2024\\\/07\\\/16\\\/transferts-aouar-sapprete-a-rejoindre-benzema-a-al-ittihad\\\/#article\",\"isPartOf\":{\"@id\":\"https:\\\/\\\/lasentinelle.dz\\\/index.php\\\/2024\\\/07\\\/16\\\/transferts-aouar-sapprete-a-rejoindre-benzema-a-al-ittihad\\\/\"},\"author\":{\"name\":\"La Sentinelle\",\"@id\":\"https:\\\/\\\/lasentinelle.dz\\\/#\\\/schema\\\/person\\\/d865044e22e70a75174ce8bcad3acfb3\"},\"headline\":\"Transferts: Aouar s&rsquo;appr\u00eate \u00e0 rejoindre Benzema \u00e0 Al-Ittihad\",\"datePublished\":\"2024-07-16T18:49:23+00:00\",\"dateModified\":\"2024-07-16T18:49:24+00:00\",\"mainEntityOfPage\":{\"@id\":\"https:\\\/\\\/lasentinelle.dz\\\/index.php\\\/2024\\\/07\\\/16\\\/transferts-aouar-sapprete-a-rejoindre-benzema-a-al-ittihad\\\/\"},\"wordCount\":828,\"commentCount\":0,\"publisher\":{\"@id\":\"https:\\\/\\\/lasentinelle.dz\\\/#organization\"},\"image\":{\"@id\":\"https:\\\/\\\/lasentinelle.dz\\\/index.php\\\/2024\\\/07\\\/16\\\/transferts-aouar-sapprete-a-rejoindre-benzema-a-al-ittihad\\\/#primaryimage\"},\"thumbnailUrl\":\"https:\\\/\\\/lasentinelle.dz\\\/wp-content\\\/uploads\\\/2024\\\/07\\\/aouar.jpeg\",\"articleSection\":[\"\u00c0 la Une\",\"Sports\"],\"inLanguage\":\"fr-FR\",\"potentialAction\":[{\"@type\":\"CommentAction\",\"name\":\"Comment\",\"target\":[\"https:\\\/\\\/lasentinelle.dz\\\/index.php\\\/2024\\\/07\\\/16\\\/transferts-aouar-sapprete-a-rejoindre-benzema-a-al-ittihad\\\/#respond\"]}]},{\"@type\":\"WebPage\",\"@id\":\"https:\\\/\\\/lasentinelle.dz\\\/index.php\\\/2024\\\/07\\\/16\\\/transferts-aouar-sapprete-a-rejoindre-benzema-a-al-ittihad\\\/\",\"url\":\"https:\\\/\\\/lasentinelle.dz\\\/index.php\\\/2024\\\/07\\\/16\\\/transferts-aouar-sapprete-a-rejoindre-benzema-a-al-ittihad\\\/\",\"name\":\"Transferts: Aouar s&rsquo;appr\u00eate \u00e0 rejoindre Benzema \u00e0 Al-Ittihad - La Sentinelle\",\"isPartOf\":{\"@id\":\"https:\\\/\\\/lasentinelle.dz\\\/#website\"},\"primaryImageOfPage\":{\"@id\":\"https:\\\/\\\/lasentinelle.dz\\\/index.php\\\/2024\\\/07\\\/16\\\/transferts-aouar-sapprete-a-rejoindre-benzema-a-al-ittihad\\\/#primaryimage\"},\"image\":{\"@id\":\"https:\\\/\\\/lasentinelle.dz\\\/index.php\\\/2024\\\/07\\\/16\\\/transferts-aouar-sapprete-a-rejoindre-benzema-a-al-ittihad\\\/#primaryimage\"},\"thumbnailUrl\":\"https:\\\/\\\/lasentinelle.dz\\\/wp-content\\\/uploads\\\/2024\\\/07\\\/aouar.jpeg\",\"datePublished\":\"2024-07-16T18:49:23+00:00\",\"dateModified\":\"2024-07-16T18:49:24+00:00\",\"breadcrumb\":{\"@id\":\"https:\\\/\\\/lasentinelle.dz\\\/index.php\\\/2024\\\/07\\\/16\\\/transferts-aouar-sapprete-a-rejoindre-benzema-a-al-ittihad\\\/#breadcrumb\"},\"inLanguage\":\"fr-FR\",\"potentialAction\":[{\"@type\":\"ReadAction\",\"target\":[\"https:\\\/\\\/lasentinelle.dz\\\/index.php\\\/2024\\\/07\\\/16\\\/transferts-aouar-sapprete-a-rejoindre-benzema-a-al-ittihad\\\/\"]}]},{\"@type\":\"ImageObject\",\"inLanguage\":\"fr-FR\",\"@id\":\"https:\\\/\\\/lasentinelle.dz\\\/index.php\\\/2024\\\/07\\\/16\\\/transferts-aouar-sapprete-a-rejoindre-benzema-a-al-ittihad\\\/#primaryimage\",\"url\":\"https:\\\/\\\/lasentinelle.dz\\\/wp-content\\\/uploads\\\/2024\\\/07\\\/aouar.jpeg\",\"contentUrl\":\"https:\\\/\\\/lasentinelle.dz\\\/wp-content\\\/uploads\\\/2024\\\/07\\\/aouar.jpeg\",\"width\":900,\"height\":464},{\"@type\":\"BreadcrumbList\",\"@id\":\"https:\\\/\\\/lasentinelle.dz\\\/index.php\\\/2024\\\/07\\\/16\\\/transferts-aouar-sapprete-a-rejoindre-benzema-a-al-ittihad\\\/#breadcrumb\",\"itemListElement\":[{\"@type\":\"ListItem\",\"position\":1,\"name\":\"Accueil\",\"item\":\"https:\\\/\\\/lasentinelle.dz\\\/\"},{\"@type\":\"ListItem\",\"position\":2,\"name\":\"Transferts: Aouar s&rsquo;appr\u00eate \u00e0 rejoindre Benzema \u00e0 Al-Ittihad\"}]},{\"@type\":\"WebSite\",\"@id\":\"https:\\\/\\\/lasentinelle.dz\\\/#website\",\"url\":\"https:\\\/\\\/lasentinelle.dz\\\/\",\"name\":\"La Sentinelle\",\"description\":\"Quotidien national d&#039;information\",\"publisher\":{\"@id\":\"https:\\\/\\\/lasentinelle.dz\\\/#organization\"},\"potentialAction\":[{\"@type\":\"SearchAction\",\"target\":{\"@type\":\"EntryPoint\",\"urlTemplate\":\"https:\\\/\\\/lasentinelle.dz\\\/?s={search_term_string}\"},\"query-input\":{\"@type\":\"PropertyValueSpecification\",\"valueRequired\":true,\"valueName\":\"search_term_string\"}}],\"inLanguage\":\"fr-FR\"},{\"@type\":\"Organization\",\"@id\":\"https:\\\/\\\/lasentinelle.dz\\\/#organization\",\"name\":\"Quotidien La Sentinelle\",\"url\":\"https:\\\/\\\/lasentinelle.dz\\\/\",\"logo\":{\"@type\":\"ImageObject\",\"inLanguage\":\"fr-FR\",\"@id\":\"https:\\\/\\\/lasentinelle.dz\\\/#\\\/schema\\\/logo\\\/image\\\/\",\"url\":\"https:\\\/\\\/lasentinelle.dz\\\/wp-content\\\/uploads\\\/2021\\\/09\\\/logo-sentinelleSLOGAN-1.png\",\"contentUrl\":\"https:\\\/\\\/lasentinelle.dz\\\/wp-content\\\/uploads\\\/2021\\\/09\\\/logo-sentinelleSLOGAN-1.png\",\"width\":615,\"height\":142,\"caption\":\"Quotidien La Sentinelle\"},\"image\":{\"@id\":\"https:\\\/\\\/lasentinelle.dz\\\/#\\\/schema\\\/logo\\\/image\\\/\"},\"sameAs\":[\"https:\\\/\\\/www.facebook.com\\\/La-Sentinelle-104059864394773\"]},{\"@type\":\"Person\",\"@id\":\"https:\\\/\\\/lasentinelle.dz\\\/#\\\/schema\\\/person\\\/d865044e22e70a75174ce8bcad3acfb3\",\"name\":\"La Sentinelle\",\"image\":{\"@type\":\"ImageObject\",\"inLanguage\":\"fr-FR\",\"@id\":\"https:\\\/\\\/secure.gravatar.com\\\/avatar\\\/57de8e5d4b15d43fb361a71fbb36338450fe67865b528a43dd10ef7c51a20392?s=96&d=mm&r=g\",\"url\":\"https:\\\/\\\/secure.gravatar.com\\\/avatar\\\/57de8e5d4b15d43fb361a71fbb36338450fe67865b528a43dd10ef7c51a20392?s=96&d=mm&r=g\",\"contentUrl\":\"https:\\\/\\\/secure.gravatar.com\\\/avatar\\\/57de8e5d4b15d43fb361a71fbb36338450fe67865b528a43dd10ef7c51a20392?s=96&d=mm&r=g\",\"caption\":\"La Sentinelle\"},\"sameAs\":[\"http:\\\/\\\/www.lasentinelle.dz\"],\"url\":\"https:\\\/\\\/lasentinelle.dz\\\/author\\\/redaction\\\/\"}]}<\/script>\n<!-- \/ Yoast SEO plugin. -->","yoast_head_json":{"title":"Transferts: Aouar s&rsquo;appr\u00eate \u00e0 rejoindre Benzema \u00e0 Al-Ittihad - La Sentinelle","robots":{"index":"index","follow":"follow","max-snippet":"max-snippet:-1","max-image-preview":"max-image-preview:large","max-video-preview":"max-video-preview:-1"},"canonical":"https:\/\/lasentinelle.dz\/index.php\/2024\/07\/16\/transferts-aouar-sapprete-a-rejoindre-benzema-a-al-ittihad\/","og_locale":"fr_FR","og_type":"article","og_title":"Transferts: Aouar s&rsquo;appr\u00eate \u00e0 rejoindre Benzema \u00e0 Al-Ittihad - La Sentinelle","og_description":"Le milieu de terrain international alg\u00e9rien Houssem Aouar est sur le point de quitter l&rsquo;AS Rome pour rejoindre Al-Ittihad en","og_url":"https:\/\/lasentinelle.dz\/index.php\/2024\/07\/16\/transferts-aouar-sapprete-a-rejoindre-benzema-a-al-ittihad\/","og_site_name":"La Sentinelle","article_publisher":"https:\/\/www.facebook.com\/La-Sentinelle-104059864394773","article_published_time":"2024-07-16T18:49:23+00:00","article_modified_time":"2024-07-16T18:49:24+00:00","og_image":[{"width":900,"height":464,"url":"https:\/\/lasentinelle.dz\/wp-content\/uploads\/2024\/07\/aouar.jpeg","type":"image\/jpeg"}],"author":"La Sentinelle","twitter_card":"summary_large_image","twitter_misc":{"\u00c9crit par":"La Sentinelle","Dur\u00e9e de lecture estim\u00e9e":"4 minutes"},"schema":{"@context":"https:\/\/schema.org","@graph":[{"@type":"Article","@id":"https:\/\/lasentinelle.dz\/index.php\/2024\/07\/16\/transferts-aouar-sapprete-a-rejoindre-benzema-a-al-ittihad\/#article","isPartOf":{"@id":"https:\/\/lasentinelle.dz\/index.php\/2024\/07\/16\/transferts-aouar-sapprete-a-rejoindre-benzema-a-al-ittihad\/"},"author":{"name":"La Sentinelle","@id":"https:\/\/lasentinelle.dz\/#\/schema\/person\/d865044e22e70a75174ce8bcad3acfb3"},"headline":"Transferts: Aouar s&rsquo;appr\u00eate \u00e0 rejoindre Benzema \u00e0 Al-Ittihad","datePublished":"2024-07-16T18:49:23+00:00","dateModified":"2024-07-16T18:49:24+00:00","mainEntityOfPage":{"@id":"https:\/\/lasentinelle.dz\/index.php\/2024\/07\/16\/transferts-aouar-sapprete-a-rejoindre-benzema-a-al-ittihad\/"},"wordCount":828,"commentCount":0,"publisher":{"@id":"https:\/\/lasentinelle.dz\/#organization"},"image":{"@id":"https:\/\/lasentinelle.dz\/index.php\/2024\/07\/16\/transferts-aouar-sapprete-a-rejoindre-benzema-a-al-ittihad\/#primaryimage"},"thumbnailUrl":"https:\/\/lasentinelle.dz\/wp-content\/uploads\/2024\/07\/aouar.jpeg","articleSection":["\u00c0 la Une","Sports"],"inLanguage":"fr-FR","potentialAction":[{"@type":"CommentAction","name":"Comment","target":["https:\/\/lasentinelle.dz\/index.php\/2024\/07\/16\/transferts-aouar-sapprete-a-rejoindre-benzema-a-al-ittihad\/#respond"]}]},{"@type":"WebPage","@id":"https:\/\/lasentinelle.dz\/index.php\/2024\/07\/16\/transferts-aouar-sapprete-a-rejoindre-benzema-a-al-ittihad\/","url":"https:\/\/lasentinelle.dz\/index.php\/2024\/07\/16\/transferts-aouar-sapprete-a-rejoindre-benzema-a-al-ittihad\/","name":"Transferts: Aouar s&rsquo;appr\u00eate \u00e0 rejoindre Benzema \u00e0 Al-Ittihad - La Sentinelle","isPartOf":{"@id":"https:\/\/lasentinelle.dz\/#website"},"primaryImageOfPage":{"@id":"https:\/\/lasentinelle.dz\/index.php\/2024\/07\/16\/transferts-aouar-sapprete-a-rejoindre-benzema-a-al-ittihad\/#primaryimage"},"image":{"@id":"https:\/\/lasentinelle.dz\/index.php\/2024\/07\/16\/transferts-aouar-sapprete-a-rejoindre-benzema-a-al-ittihad\/#primaryimage"},"thumbnailUrl":"https:\/\/lasentinelle.dz\/wp-content\/uploads\/2024\/07\/aouar.jpeg","datePublished":"2024-07-16T18:49:23+00:00","dateModified":"2024-07-16T18:49:24+00:00","breadcrumb":{"@id":"https:\/\/lasentinelle.dz\/index.php\/2024\/07\/16\/transferts-aouar-sapprete-a-rejoindre-benzema-a-al-ittihad\/#breadcrumb"},"inLanguage":"fr-FR","potentialAction":[{"@type":"ReadAction","target":["https:\/\/lasentinelle.dz\/index.php\/2024\/07\/16\/transferts-aouar-sapprete-a-rejoindre-benzema-a-al-ittihad\/"]}]},{"@type":"ImageObject","inLanguage":"fr-FR","@id":"https:\/\/lasentinelle.dz\/index.php\/2024\/07\/16\/transferts-aouar-sapprete-a-rejoindre-benzema-a-al-ittihad\/#primaryimage","url":"https:\/\/lasentinelle.dz\/wp-content\/uploads\/2024\/07\/aouar.jpeg","contentUrl":"https:\/\/lasentinelle.dz\/wp-content\/uploads\/2024\/07\/aouar.jpeg","width":900,"height":464},{"@type":"BreadcrumbList","@id":"https:\/\/lasentinelle.dz\/index.php\/2024\/07\/16\/transferts-aouar-sapprete-a-rejoindre-benzema-a-al-ittihad\/#breadcrumb","itemListElement":[{"@type":"ListItem","position":1,"name":"Accueil","item":"https:\/\/lasentinelle.dz\/"},{"@type":"ListItem","position":2,"name":"Transferts: Aouar s&rsquo;appr\u00eate \u00e0 rejoindre Benzema \u00e0 Al-Ittihad"}]},{"@type":"WebSite","@id":"https:\/\/lasentinelle.dz\/#website","url":"https:\/\/lasentinelle.dz\/","name":"La Sentinelle","description":"Quotidien national d&#039;information","publisher":{"@id":"https:\/\/lasentinelle.dz\/#organization"},"potentialAction":[{"@type":"SearchAction","target":{"@type":"EntryPoint","urlTemplate":"https:\/\/lasentinelle.dz\/?s={search_term_string}"},"query-input":{"@type":"PropertyValueSpecification","valueRequired":true,"valueName":"search_term_string"}}],"inLanguage":"fr-FR"},{"@type":"Organization","@id":"https:\/\/lasentinelle.dz\/#organization","name":"Quotidien La Sentinelle","url":"https:\/\/lasentinelle.dz\/","logo":{"@type":"ImageObject","inLanguage":"fr-FR","@id":"https:\/\/lasentinelle.dz\/#\/schema\/logo\/image\/","url":"https:\/\/lasentinelle.dz\/wp-content\/uploads\/2021\/09\/logo-sentinelleSLOGAN-1.png","contentUrl":"https:\/\/lasentinelle.dz\/wp-content\/uploads\/2021\/09\/logo-sentinelleSLOGAN-1.png","width":615,"height":142,"caption":"Quotidien La Sentinelle"},"image":{"@id":"https:\/\/lasentinelle.dz\/#\/schema\/logo\/image\/"},"sameAs":["https:\/\/www.facebook.com\/La-Sentinelle-104059864394773"]},{"@type":"Person","@id":"https:\/\/lasentinelle.dz\/#\/schema\/person\/d865044e22e70a75174ce8bcad3acfb3","name":"La Sentinelle","image":{"@type":"ImageObject","inLanguage":"fr-FR","@id":"https:\/\/secure.gravatar.com\/avatar\/57de8e5d4b15d43fb361a71fbb36338450fe67865b528a43dd10ef7c51a20392?s=96&d=mm&r=g","url":"https:\/\/secure.gravatar.com\/avatar\/57de8e5d4b15d43fb361a71fbb36338450fe67865b528a43dd10ef7c51a20392?s=96&d=mm&r=g","contentUrl":"https:\/\/secure.gravatar.com\/avatar\/57de8e5d4b15d43fb361a71fbb36338450fe67865b528a43dd10ef7c51a20392?s=96&d=mm&r=g","caption":"La Sentinelle"},"sameAs":["http:\/\/www.lasentinelle.dz"],"url":"https:\/\/lasentinelle.dz\/author\/redaction\/"}]}},"_links":{"self":[{"href":"https:\/\/lasentinelle.dz\/index.php\/wp-json\/wp\/v2\/posts\/54502","targetHints":{"allow":["GET"]}}],"collection":[{"href":"https:\/\/lasentinelle.dz\/index.php\/wp-json\/wp\/v2\/posts"}],"about":[{"href":"https:\/\/lasentinelle.dz\/index.php\/wp-json\/wp\/v2\/types\/post"}],"author":[{"embeddable":true,"href":"https:\/\/lasentinelle.dz\/index.php\/wp-json\/wp\/v2\/users\/3"}],"replies":[{"embeddable":true,"href":"https:\/\/lasentinelle.dz\/index.php\/wp-json\/wp\/v2\/comments?post=54502"}],"version-history":[{"count":2,"href":"https:\/\/lasentinelle.dz\/index.php\/wp-json\/wp\/v2\/posts\/54502\/revisions"}],"predecessor-version":[{"id":54505,"href":"https:\/\/lasentinelle.dz\/index.php\/wp-json\/wp\/v2\/posts\/54502\/revisions\/54505"}],"wp:featuredmedia":[{"embeddable":true,"href":"https:\/\/lasentinelle.dz\/index.php\/wp-json\/wp\/v2\/media\/54503"}],"wp:attachment":[{"href":"https:\/\/lasentinelle.dz\/index.php\/wp-json\/wp\/v2\/media?parent=54502"}],"wp:term":[{"taxonomy":"category","embeddable":true,"href":"https:\/\/lasentinelle.dz\/index.php\/wp-json\/wp\/v2\/categories?post=54502"},{"taxonomy":"post_tag","embeddable":true,"href":"https:\/\/lasentinelle.dz\/index.php\/wp-json\/wp\/v2\/tags?post=54502"}],"curies":[{"name":"wp","href":"https:\/\/api.w.org\/{rel}","templated":true}]}}