{"id":54519,"date":"2024-07-16T19:57:48","date_gmt":"2024-07-16T18:57:48","guid":{"rendered":"https:\/\/lasentinelle.dz\/?p=54519"},"modified":"2024-07-16T19:57:49","modified_gmt":"2024-07-16T18:57:49","slug":"saidal-entend-realiser-10-de-son-chiffre-daffaires-a-lexport-cap-sur-lafrique","status":"publish","type":"post","link":"https:\/\/lasentinelle.dz\/index.php\/2024\/07\/16\/saidal-entend-realiser-10-de-son-chiffre-daffaires-a-lexport-cap-sur-lafrique\/","title":{"rendered":"Sa\u00efdal entend r\u00e9aliser 10% de son chiffre d&rsquo;affaires \u00e0 l&rsquo;export: Cap sur l&rsquo;Afrique"},"content":{"rendered":"\n<p>Le groupe pharmaceutique alg\u00e9rien Saidal affiche de grandes ambitions \u00e0 l&rsquo;international, avec un objectif clair : r\u00e9aliser 10% de son chiffre d&rsquo;affaires \u00e0 l&rsquo;export \u00e0 court terme. Pour concr\u00e9tiser cette strat\u00e9gie, Saidal a sign\u00e9 lundi \u00e0 Alger une convention-cadre avec la Compagnie alg\u00e9rienne d&rsquo;assurance et de garantie des exportations (Cagex).<\/p>\n\n\n\n<p>Le PDG de Saidal, Ouassim Kouidri, a d\u00e9voil\u00e9 les contours de cette nouvelle politique d&rsquo;exportation, ciblant en priorit\u00e9 le march\u00e9 africain. \u00ab\u00a0Nous participons activement aux appels d&rsquo;offres lanc\u00e9s par les pays africains\u00a0\u00bb, a-t-il d\u00e9clar\u00e9.<\/p>\n\n\n\n<p>Dans ce cadre, M. Kouidri a affirm\u00e9 que le groupe pharmaceutique a d\u00e9velopp\u00e9 une nouvelle politique et strat\u00e9gie favorisant l&rsquo;exportation des m\u00e9dicaments et des mati\u00e8res premi\u00e8res destin\u00e9es aux march\u00e9s ext\u00e9rieurs.<\/p>\n\n\n\n<p>Le groupe exporte d\u00e9j\u00e0 vers la Libye et a entam\u00e9 l&rsquo;enregistrement de ses m\u00e9dicaments dans plus de 10 pays du continent, dont le S\u00e9n\u00e9gal, la Guin\u00e9e, le Burkina Faso et l&rsquo;Afrique du Sud.<\/p>\n\n\n\n<p>Cette offensive commerciale r\u00e9pond \u00e0 une demande croissante en m\u00e9dicaments sur le continent africain. Mais les ambitions de Saidal ne s&rsquo;arr\u00eatent pas l\u00e0 : l&rsquo;Europe, l&rsquo;Asie et l&rsquo;Am\u00e9rique sont \u00e9galement dans le viseur du groupe, qui entend s&rsquo;imposer comme \u00ab\u00a0un acteur majeur du march\u00e9 pharmaceutique africain\u00a0\u00bb. \u00ab\u00a0Sa\u00efdal participe activement aux appels d&rsquo;offres lanc\u00e9s par les pays africains\u00a0\u00bb, a-t-il mentionn\u00e9 en pr\u00e9cisant qu&rsquo; \u00ab\u00a0\u00e0 court terme, le groupe ambitionne de r\u00e9aliser 10 % de son chiffres d&rsquo;affaires \u00e0 travers des exportations\u00a0\u00bb. L&rsquo;accent mis par Sa\u00efdal sur l&rsquo;exportation vise \u00e0 satisfaire les besoins du march\u00e9 africain connaissant une demande croissante en m\u00e9dicaments, a-t-il encore relev\u00e9 tout en assurant que l&rsquo;ambition du groupe est \u00e9galement de conqu\u00e9rir de nouveaux march\u00e9s \u00e0 l&rsquo;international notamment en Europe, en Asie et en Am\u00e9rique. Assurant que l&rsquo;objectif de Sa\u00efdal est de s&rsquo;imposer comme \u00ab\u00a0un acteur majeur du march\u00e9 pharmaceutique africain\u00a0\u00bb, il a soulign\u00e9 que la politique d&rsquo;exportation \u00e9labor\u00e9e vise aussi \u00e0 \u00ab\u00a0consolider les efforts de l&rsquo;Etat visant \u00e0 diversifier son \u00e9conomie et \u00e0 r\u00e9duire sa d\u00e9pendance vis-\u00e0-vis des exportations de p\u00e9trole\u00a0\u00bb.<\/p>\n\n\n\n<p>Pour soutenir ces ambitions, le partenariat avec la Cagex s&rsquo;av\u00e8re crucial. Zouhir Laiche, PDG de la Cagex, a soulign\u00e9 que sa compagnie mettra \u00e0 disposition de Saidal \u00ab\u00a0toutes ses comp\u00e9tences et son savoir-faire\u00a0\u00bb pour l&rsquo;accompagner sur les march\u00e9s internationaux. Avec un r\u00e9seau de partenaires dans plus de 100 pays, la Cagex offre \u00e0 Saidal un pr\u00e9cieux soutien en mati\u00e8re d&rsquo;\u00e9valuation des risques et d&rsquo;acc\u00e8s aux informations sur les march\u00e9s ext\u00e9rieurs.<\/p>\n\n\n\n<p>Cette strat\u00e9gie d&rsquo;exportation s&rsquo;inscrit dans une volont\u00e9 plus large de diversification de l&rsquo;\u00e9conomie alg\u00e9rienne. Outre les m\u00e9dicaments, Saidal envisage \u00e9galement l&rsquo;exportation de mati\u00e8res premi\u00e8res pharmaceutiques. Le groupe a d&rsquo;ailleurs lanc\u00e9 la construction de neuf nouvelles usines sp\u00e9cialis\u00e9es, visant \u00e0 augmenter son taux d&rsquo;int\u00e9gration dans des domaines tels que l&rsquo;insuline, les antibiotiques ou l&rsquo;oncologie.<\/p>\n\n\n\n<p>Avec une production annuelle moyenne de 220 millions d&rsquo;unit\u00e9s de vente, en hausse de 14,11% en 2023, et le d\u00e9veloppement pr\u00e9vu de plus de 120 nouveaux produits, Saidal se donne les moyens de ses ambitions internationales. Outre les huit unit\u00e9s de production en activit\u00e9 actuellement, Sa\u00efdal a lanc\u00e9 la construction de neuf nouvelles usines sp\u00e9cialis\u00e9es con\u00e7ues selon les normes internationales visant notamment \u00e0 produire des mati\u00e8res premi\u00e8res dans l&rsquo;objectif d&rsquo;augmenter le taux d&rsquo;int\u00e9gration (cristaux d&rsquo;insuline, antibiotiques, cardiologie, diab\u00e9tologie, oncologie, bio-similaires, anti- inflammatoires, botox). Il est \u00e9galement question du d\u00e9veloppement de la gamme du groupe Sa\u00efdal en ajoutant plus de 120 nouveaux produits \u00e0 la nomenclature actuelle, a affirm\u00e9 le P-DG de Sa\u00efdal. Le groupe n&rsquo;exclut pas non plus la production de vaccins actuellement import\u00e9s, renfor\u00e7ant ainsi son potentiel \u00e0 l&rsquo;export. Ce partenariat entre Saidal et la Cagex marque une \u00e9tape importante dans la strat\u00e9gie d&rsquo;internationalisation de l&rsquo;industrie pharmaceutique alg\u00e9rienne, avec l&rsquo;Afrique comme tremplin vers une pr\u00e9sence mondiale accrue.<\/p>\n\n\n\n<p>Sabrina Aziouez<\/p>\n","protected":false},"excerpt":{"rendered":"<p>Le groupe pharmaceutique alg\u00e9rien Saidal affiche de grandes ambitions \u00e0 l&rsquo;international, avec un objectif clair : r\u00e9aliser 10% de son<\/p>\n","protected":false},"author":3,"featured_media":48704,"comment_status":"open","ping_status":"closed","sticky":false,"template":"","format":"standard","meta":{"colormag_page_container_layout":"default_layout","colormag_page_sidebar_layout":"default_layout","om_disable_all_campaigns":false,"_monsterinsights_skip_tracking":false,"_monsterinsights_sitenote_active":false,"_monsterinsights_sitenote_note":"","_monsterinsights_sitenote_category":0,"footnotes":"","_wpscppro_dont_share_socialmedia":false,"_wpscppro_custom_social_share_image":0,"_facebook_share_type":"default","_twitter_share_type":"default","_linkedin_share_type":"default","_pinterest_share_type":"default","_linkedin_share_type_page":"","_instagram_share_type":"default","_medium_share_type":"","_threads_share_type":"","_google_business_share_type":"","_selected_social_profile":[],"_wpsp_enable_custom_social_template":false,"_wpsp_social_scheduling":{"enabled":false,"datetime":null,"platforms":[],"status":"template_only","dateOption":"today","timeOption":"now","customDays":"","customHours":"","customDate":"","customTime":"","schedulingType":"absolute"},"_wpsp_active_default_template":true},"categories":[29],"tags":[],"class_list":["post-54519","post","type-post","status-publish","format-standard","has-post-thumbnail","hentry","category-economie"],"aioseo_notices":[],"yoast_head":"<!-- This site is optimized with the Yoast SEO plugin v27.5 - https:\/\/yoast.com\/product\/yoast-seo-wordpress\/ -->\n<title>Sa\u00efdal entend r\u00e9aliser 10% de son chiffre d&rsquo;affaires \u00e0 l&rsquo;export: Cap sur l&rsquo;Afrique - La Sentinelle<\/title>\n<meta name=\"robots\" content=\"index, follow, max-snippet:-1, max-image-preview:large, max-video-preview:-1\" \/>\n<link rel=\"canonical\" href=\"https:\/\/lasentinelle.dz\/index.php\/2024\/07\/16\/saidal-entend-realiser-10-de-son-chiffre-daffaires-a-lexport-cap-sur-lafrique\/\" \/>\n<meta property=\"og:locale\" content=\"fr_FR\" \/>\n<meta property=\"og:type\" content=\"article\" \/>\n<meta property=\"og:title\" content=\"Sa\u00efdal entend r\u00e9aliser 10% de son chiffre d&rsquo;affaires \u00e0 l&rsquo;export: Cap sur l&rsquo;Afrique - La Sentinelle\" \/>\n<meta property=\"og:description\" content=\"Le groupe pharmaceutique alg\u00e9rien Saidal affiche de grandes ambitions \u00e0 l&rsquo;international, avec un objectif clair : r\u00e9aliser 10% de son\" \/>\n<meta property=\"og:url\" content=\"https:\/\/lasentinelle.dz\/index.php\/2024\/07\/16\/saidal-entend-realiser-10-de-son-chiffre-daffaires-a-lexport-cap-sur-lafrique\/\" \/>\n<meta property=\"og:site_name\" content=\"La Sentinelle\" \/>\n<meta property=\"article:publisher\" content=\"https:\/\/www.facebook.com\/La-Sentinelle-104059864394773\" \/>\n<meta property=\"article:published_time\" content=\"2024-07-16T18:57:48+00:00\" \/>\n<meta property=\"article:modified_time\" content=\"2024-07-16T18:57:49+00:00\" \/>\n<meta property=\"og:image\" content=\"https:\/\/lasentinelle.dz\/wp-content\/uploads\/2024\/01\/saidal.jpeg\" \/>\n\t<meta property=\"og:image:width\" content=\"780\" \/>\n\t<meta property=\"og:image:height\" content=\"438\" \/>\n\t<meta property=\"og:image:type\" content=\"image\/jpeg\" \/>\n<meta name=\"author\" content=\"La Sentinelle\" \/>\n<meta name=\"twitter:card\" content=\"summary_large_image\" \/>\n<meta name=\"twitter:label1\" content=\"\u00c9crit par\" \/>\n\t<meta name=\"twitter:data1\" content=\"La Sentinelle\" \/>\n\t<meta name=\"twitter:label2\" content=\"Dur\u00e9e de lecture estim\u00e9e\" \/>\n\t<meta name=\"twitter:data2\" content=\"4 minutes\" \/>\n<script type=\"application\/ld+json\" class=\"yoast-schema-graph\">{\"@context\":\"https:\\\/\\\/schema.org\",\"@graph\":[{\"@type\":\"Article\",\"@id\":\"https:\\\/\\\/lasentinelle.dz\\\/index.php\\\/2024\\\/07\\\/16\\\/saidal-entend-realiser-10-de-son-chiffre-daffaires-a-lexport-cap-sur-lafrique\\\/#article\",\"isPartOf\":{\"@id\":\"https:\\\/\\\/lasentinelle.dz\\\/index.php\\\/2024\\\/07\\\/16\\\/saidal-entend-realiser-10-de-son-chiffre-daffaires-a-lexport-cap-sur-lafrique\\\/\"},\"author\":{\"name\":\"La Sentinelle\",\"@id\":\"https:\\\/\\\/lasentinelle.dz\\\/#\\\/schema\\\/person\\\/d865044e22e70a75174ce8bcad3acfb3\"},\"headline\":\"Sa\u00efdal entend r\u00e9aliser 10% de son chiffre d&rsquo;affaires \u00e0 l&rsquo;export: Cap sur l&rsquo;Afrique\",\"datePublished\":\"2024-07-16T18:57:48+00:00\",\"dateModified\":\"2024-07-16T18:57:49+00:00\",\"mainEntityOfPage\":{\"@id\":\"https:\\\/\\\/lasentinelle.dz\\\/index.php\\\/2024\\\/07\\\/16\\\/saidal-entend-realiser-10-de-son-chiffre-daffaires-a-lexport-cap-sur-lafrique\\\/\"},\"wordCount\":716,\"commentCount\":0,\"publisher\":{\"@id\":\"https:\\\/\\\/lasentinelle.dz\\\/#organization\"},\"image\":{\"@id\":\"https:\\\/\\\/lasentinelle.dz\\\/index.php\\\/2024\\\/07\\\/16\\\/saidal-entend-realiser-10-de-son-chiffre-daffaires-a-lexport-cap-sur-lafrique\\\/#primaryimage\"},\"thumbnailUrl\":\"https:\\\/\\\/lasentinelle.dz\\\/wp-content\\\/uploads\\\/2024\\\/01\\\/saidal.jpeg\",\"articleSection\":[\"\u00c9conomie\"],\"inLanguage\":\"fr-FR\",\"potentialAction\":[{\"@type\":\"CommentAction\",\"name\":\"Comment\",\"target\":[\"https:\\\/\\\/lasentinelle.dz\\\/index.php\\\/2024\\\/07\\\/16\\\/saidal-entend-realiser-10-de-son-chiffre-daffaires-a-lexport-cap-sur-lafrique\\\/#respond\"]}]},{\"@type\":\"WebPage\",\"@id\":\"https:\\\/\\\/lasentinelle.dz\\\/index.php\\\/2024\\\/07\\\/16\\\/saidal-entend-realiser-10-de-son-chiffre-daffaires-a-lexport-cap-sur-lafrique\\\/\",\"url\":\"https:\\\/\\\/lasentinelle.dz\\\/index.php\\\/2024\\\/07\\\/16\\\/saidal-entend-realiser-10-de-son-chiffre-daffaires-a-lexport-cap-sur-lafrique\\\/\",\"name\":\"Sa\u00efdal entend r\u00e9aliser 10% de son chiffre d&rsquo;affaires \u00e0 l&rsquo;export: Cap sur l&rsquo;Afrique - La Sentinelle\",\"isPartOf\":{\"@id\":\"https:\\\/\\\/lasentinelle.dz\\\/#website\"},\"primaryImageOfPage\":{\"@id\":\"https:\\\/\\\/lasentinelle.dz\\\/index.php\\\/2024\\\/07\\\/16\\\/saidal-entend-realiser-10-de-son-chiffre-daffaires-a-lexport-cap-sur-lafrique\\\/#primaryimage\"},\"image\":{\"@id\":\"https:\\\/\\\/lasentinelle.dz\\\/index.php\\\/2024\\\/07\\\/16\\\/saidal-entend-realiser-10-de-son-chiffre-daffaires-a-lexport-cap-sur-lafrique\\\/#primaryimage\"},\"thumbnailUrl\":\"https:\\\/\\\/lasentinelle.dz\\\/wp-content\\\/uploads\\\/2024\\\/01\\\/saidal.jpeg\",\"datePublished\":\"2024-07-16T18:57:48+00:00\",\"dateModified\":\"2024-07-16T18:57:49+00:00\",\"breadcrumb\":{\"@id\":\"https:\\\/\\\/lasentinelle.dz\\\/index.php\\\/2024\\\/07\\\/16\\\/saidal-entend-realiser-10-de-son-chiffre-daffaires-a-lexport-cap-sur-lafrique\\\/#breadcrumb\"},\"inLanguage\":\"fr-FR\",\"potentialAction\":[{\"@type\":\"ReadAction\",\"target\":[\"https:\\\/\\\/lasentinelle.dz\\\/index.php\\\/2024\\\/07\\\/16\\\/saidal-entend-realiser-10-de-son-chiffre-daffaires-a-lexport-cap-sur-lafrique\\\/\"]}]},{\"@type\":\"ImageObject\",\"inLanguage\":\"fr-FR\",\"@id\":\"https:\\\/\\\/lasentinelle.dz\\\/index.php\\\/2024\\\/07\\\/16\\\/saidal-entend-realiser-10-de-son-chiffre-daffaires-a-lexport-cap-sur-lafrique\\\/#primaryimage\",\"url\":\"https:\\\/\\\/lasentinelle.dz\\\/wp-content\\\/uploads\\\/2024\\\/01\\\/saidal.jpeg\",\"contentUrl\":\"https:\\\/\\\/lasentinelle.dz\\\/wp-content\\\/uploads\\\/2024\\\/01\\\/saidal.jpeg\",\"width\":780,\"height\":438},{\"@type\":\"BreadcrumbList\",\"@id\":\"https:\\\/\\\/lasentinelle.dz\\\/index.php\\\/2024\\\/07\\\/16\\\/saidal-entend-realiser-10-de-son-chiffre-daffaires-a-lexport-cap-sur-lafrique\\\/#breadcrumb\",\"itemListElement\":[{\"@type\":\"ListItem\",\"position\":1,\"name\":\"Accueil\",\"item\":\"https:\\\/\\\/lasentinelle.dz\\\/\"},{\"@type\":\"ListItem\",\"position\":2,\"name\":\"Sa\u00efdal entend r\u00e9aliser 10% de son chiffre d&rsquo;affaires \u00e0 l&rsquo;export: Cap sur l&rsquo;Afrique\"}]},{\"@type\":\"WebSite\",\"@id\":\"https:\\\/\\\/lasentinelle.dz\\\/#website\",\"url\":\"https:\\\/\\\/lasentinelle.dz\\\/\",\"name\":\"La Sentinelle\",\"description\":\"Quotidien national d&#039;information\",\"publisher\":{\"@id\":\"https:\\\/\\\/lasentinelle.dz\\\/#organization\"},\"potentialAction\":[{\"@type\":\"SearchAction\",\"target\":{\"@type\":\"EntryPoint\",\"urlTemplate\":\"https:\\\/\\\/lasentinelle.dz\\\/?s={search_term_string}\"},\"query-input\":{\"@type\":\"PropertyValueSpecification\",\"valueRequired\":true,\"valueName\":\"search_term_string\"}}],\"inLanguage\":\"fr-FR\"},{\"@type\":\"Organization\",\"@id\":\"https:\\\/\\\/lasentinelle.dz\\\/#organization\",\"name\":\"Quotidien La Sentinelle\",\"url\":\"https:\\\/\\\/lasentinelle.dz\\\/\",\"logo\":{\"@type\":\"ImageObject\",\"inLanguage\":\"fr-FR\",\"@id\":\"https:\\\/\\\/lasentinelle.dz\\\/#\\\/schema\\\/logo\\\/image\\\/\",\"url\":\"https:\\\/\\\/lasentinelle.dz\\\/wp-content\\\/uploads\\\/2021\\\/09\\\/logo-sentinelleSLOGAN-1.png\",\"contentUrl\":\"https:\\\/\\\/lasentinelle.dz\\\/wp-content\\\/uploads\\\/2021\\\/09\\\/logo-sentinelleSLOGAN-1.png\",\"width\":615,\"height\":142,\"caption\":\"Quotidien La Sentinelle\"},\"image\":{\"@id\":\"https:\\\/\\\/lasentinelle.dz\\\/#\\\/schema\\\/logo\\\/image\\\/\"},\"sameAs\":[\"https:\\\/\\\/www.facebook.com\\\/La-Sentinelle-104059864394773\"]},{\"@type\":\"Person\",\"@id\":\"https:\\\/\\\/lasentinelle.dz\\\/#\\\/schema\\\/person\\\/d865044e22e70a75174ce8bcad3acfb3\",\"name\":\"La Sentinelle\",\"image\":{\"@type\":\"ImageObject\",\"inLanguage\":\"fr-FR\",\"@id\":\"https:\\\/\\\/secure.gravatar.com\\\/avatar\\\/57de8e5d4b15d43fb361a71fbb36338450fe67865b528a43dd10ef7c51a20392?s=96&d=mm&r=g\",\"url\":\"https:\\\/\\\/secure.gravatar.com\\\/avatar\\\/57de8e5d4b15d43fb361a71fbb36338450fe67865b528a43dd10ef7c51a20392?s=96&d=mm&r=g\",\"contentUrl\":\"https:\\\/\\\/secure.gravatar.com\\\/avatar\\\/57de8e5d4b15d43fb361a71fbb36338450fe67865b528a43dd10ef7c51a20392?s=96&d=mm&r=g\",\"caption\":\"La Sentinelle\"},\"sameAs\":[\"http:\\\/\\\/www.lasentinelle.dz\"],\"url\":\"https:\\\/\\\/lasentinelle.dz\\\/author\\\/redaction\\\/\"}]}<\/script>\n<!-- \/ Yoast SEO plugin. -->","yoast_head_json":{"title":"Sa\u00efdal entend r\u00e9aliser 10% de son chiffre d&rsquo;affaires \u00e0 l&rsquo;export: Cap sur l&rsquo;Afrique - La Sentinelle","robots":{"index":"index","follow":"follow","max-snippet":"max-snippet:-1","max-image-preview":"max-image-preview:large","max-video-preview":"max-video-preview:-1"},"canonical":"https:\/\/lasentinelle.dz\/index.php\/2024\/07\/16\/saidal-entend-realiser-10-de-son-chiffre-daffaires-a-lexport-cap-sur-lafrique\/","og_locale":"fr_FR","og_type":"article","og_title":"Sa\u00efdal entend r\u00e9aliser 10% de son chiffre d&rsquo;affaires \u00e0 l&rsquo;export: Cap sur l&rsquo;Afrique - La Sentinelle","og_description":"Le groupe pharmaceutique alg\u00e9rien Saidal affiche de grandes ambitions \u00e0 l&rsquo;international, avec un objectif clair : r\u00e9aliser 10% de son","og_url":"https:\/\/lasentinelle.dz\/index.php\/2024\/07\/16\/saidal-entend-realiser-10-de-son-chiffre-daffaires-a-lexport-cap-sur-lafrique\/","og_site_name":"La Sentinelle","article_publisher":"https:\/\/www.facebook.com\/La-Sentinelle-104059864394773","article_published_time":"2024-07-16T18:57:48+00:00","article_modified_time":"2024-07-16T18:57:49+00:00","og_image":[{"width":780,"height":438,"url":"https:\/\/lasentinelle.dz\/wp-content\/uploads\/2024\/01\/saidal.jpeg","type":"image\/jpeg"}],"author":"La Sentinelle","twitter_card":"summary_large_image","twitter_misc":{"\u00c9crit par":"La Sentinelle","Dur\u00e9e de lecture estim\u00e9e":"4 minutes"},"schema":{"@context":"https:\/\/schema.org","@graph":[{"@type":"Article","@id":"https:\/\/lasentinelle.dz\/index.php\/2024\/07\/16\/saidal-entend-realiser-10-de-son-chiffre-daffaires-a-lexport-cap-sur-lafrique\/#article","isPartOf":{"@id":"https:\/\/lasentinelle.dz\/index.php\/2024\/07\/16\/saidal-entend-realiser-10-de-son-chiffre-daffaires-a-lexport-cap-sur-lafrique\/"},"author":{"name":"La Sentinelle","@id":"https:\/\/lasentinelle.dz\/#\/schema\/person\/d865044e22e70a75174ce8bcad3acfb3"},"headline":"Sa\u00efdal entend r\u00e9aliser 10% de son chiffre d&rsquo;affaires \u00e0 l&rsquo;export: Cap sur l&rsquo;Afrique","datePublished":"2024-07-16T18:57:48+00:00","dateModified":"2024-07-16T18:57:49+00:00","mainEntityOfPage":{"@id":"https:\/\/lasentinelle.dz\/index.php\/2024\/07\/16\/saidal-entend-realiser-10-de-son-chiffre-daffaires-a-lexport-cap-sur-lafrique\/"},"wordCount":716,"commentCount":0,"publisher":{"@id":"https:\/\/lasentinelle.dz\/#organization"},"image":{"@id":"https:\/\/lasentinelle.dz\/index.php\/2024\/07\/16\/saidal-entend-realiser-10-de-son-chiffre-daffaires-a-lexport-cap-sur-lafrique\/#primaryimage"},"thumbnailUrl":"https:\/\/lasentinelle.dz\/wp-content\/uploads\/2024\/01\/saidal.jpeg","articleSection":["\u00c9conomie"],"inLanguage":"fr-FR","potentialAction":[{"@type":"CommentAction","name":"Comment","target":["https:\/\/lasentinelle.dz\/index.php\/2024\/07\/16\/saidal-entend-realiser-10-de-son-chiffre-daffaires-a-lexport-cap-sur-lafrique\/#respond"]}]},{"@type":"WebPage","@id":"https:\/\/lasentinelle.dz\/index.php\/2024\/07\/16\/saidal-entend-realiser-10-de-son-chiffre-daffaires-a-lexport-cap-sur-lafrique\/","url":"https:\/\/lasentinelle.dz\/index.php\/2024\/07\/16\/saidal-entend-realiser-10-de-son-chiffre-daffaires-a-lexport-cap-sur-lafrique\/","name":"Sa\u00efdal entend r\u00e9aliser 10% de son chiffre d&rsquo;affaires \u00e0 l&rsquo;export: Cap sur l&rsquo;Afrique - La Sentinelle","isPartOf":{"@id":"https:\/\/lasentinelle.dz\/#website"},"primaryImageOfPage":{"@id":"https:\/\/lasentinelle.dz\/index.php\/2024\/07\/16\/saidal-entend-realiser-10-de-son-chiffre-daffaires-a-lexport-cap-sur-lafrique\/#primaryimage"},"image":{"@id":"https:\/\/lasentinelle.dz\/index.php\/2024\/07\/16\/saidal-entend-realiser-10-de-son-chiffre-daffaires-a-lexport-cap-sur-lafrique\/#primaryimage"},"thumbnailUrl":"https:\/\/lasentinelle.dz\/wp-content\/uploads\/2024\/01\/saidal.jpeg","datePublished":"2024-07-16T18:57:48+00:00","dateModified":"2024-07-16T18:57:49+00:00","breadcrumb":{"@id":"https:\/\/lasentinelle.dz\/index.php\/2024\/07\/16\/saidal-entend-realiser-10-de-son-chiffre-daffaires-a-lexport-cap-sur-lafrique\/#breadcrumb"},"inLanguage":"fr-FR","potentialAction":[{"@type":"ReadAction","target":["https:\/\/lasentinelle.dz\/index.php\/2024\/07\/16\/saidal-entend-realiser-10-de-son-chiffre-daffaires-a-lexport-cap-sur-lafrique\/"]}]},{"@type":"ImageObject","inLanguage":"fr-FR","@id":"https:\/\/lasentinelle.dz\/index.php\/2024\/07\/16\/saidal-entend-realiser-10-de-son-chiffre-daffaires-a-lexport-cap-sur-lafrique\/#primaryimage","url":"https:\/\/lasentinelle.dz\/wp-content\/uploads\/2024\/01\/saidal.jpeg","contentUrl":"https:\/\/lasentinelle.dz\/wp-content\/uploads\/2024\/01\/saidal.jpeg","width":780,"height":438},{"@type":"BreadcrumbList","@id":"https:\/\/lasentinelle.dz\/index.php\/2024\/07\/16\/saidal-entend-realiser-10-de-son-chiffre-daffaires-a-lexport-cap-sur-lafrique\/#breadcrumb","itemListElement":[{"@type":"ListItem","position":1,"name":"Accueil","item":"https:\/\/lasentinelle.dz\/"},{"@type":"ListItem","position":2,"name":"Sa\u00efdal entend r\u00e9aliser 10% de son chiffre d&rsquo;affaires \u00e0 l&rsquo;export: Cap sur l&rsquo;Afrique"}]},{"@type":"WebSite","@id":"https:\/\/lasentinelle.dz\/#website","url":"https:\/\/lasentinelle.dz\/","name":"La Sentinelle","description":"Quotidien national d&#039;information","publisher":{"@id":"https:\/\/lasentinelle.dz\/#organization"},"potentialAction":[{"@type":"SearchAction","target":{"@type":"EntryPoint","urlTemplate":"https:\/\/lasentinelle.dz\/?s={search_term_string}"},"query-input":{"@type":"PropertyValueSpecification","valueRequired":true,"valueName":"search_term_string"}}],"inLanguage":"fr-FR"},{"@type":"Organization","@id":"https:\/\/lasentinelle.dz\/#organization","name":"Quotidien La Sentinelle","url":"https:\/\/lasentinelle.dz\/","logo":{"@type":"ImageObject","inLanguage":"fr-FR","@id":"https:\/\/lasentinelle.dz\/#\/schema\/logo\/image\/","url":"https:\/\/lasentinelle.dz\/wp-content\/uploads\/2021\/09\/logo-sentinelleSLOGAN-1.png","contentUrl":"https:\/\/lasentinelle.dz\/wp-content\/uploads\/2021\/09\/logo-sentinelleSLOGAN-1.png","width":615,"height":142,"caption":"Quotidien La Sentinelle"},"image":{"@id":"https:\/\/lasentinelle.dz\/#\/schema\/logo\/image\/"},"sameAs":["https:\/\/www.facebook.com\/La-Sentinelle-104059864394773"]},{"@type":"Person","@id":"https:\/\/lasentinelle.dz\/#\/schema\/person\/d865044e22e70a75174ce8bcad3acfb3","name":"La Sentinelle","image":{"@type":"ImageObject","inLanguage":"fr-FR","@id":"https:\/\/secure.gravatar.com\/avatar\/57de8e5d4b15d43fb361a71fbb36338450fe67865b528a43dd10ef7c51a20392?s=96&d=mm&r=g","url":"https:\/\/secure.gravatar.com\/avatar\/57de8e5d4b15d43fb361a71fbb36338450fe67865b528a43dd10ef7c51a20392?s=96&d=mm&r=g","contentUrl":"https:\/\/secure.gravatar.com\/avatar\/57de8e5d4b15d43fb361a71fbb36338450fe67865b528a43dd10ef7c51a20392?s=96&d=mm&r=g","caption":"La Sentinelle"},"sameAs":["http:\/\/www.lasentinelle.dz"],"url":"https:\/\/lasentinelle.dz\/author\/redaction\/"}]}},"_links":{"self":[{"href":"https:\/\/lasentinelle.dz\/index.php\/wp-json\/wp\/v2\/posts\/54519","targetHints":{"allow":["GET"]}}],"collection":[{"href":"https:\/\/lasentinelle.dz\/index.php\/wp-json\/wp\/v2\/posts"}],"about":[{"href":"https:\/\/lasentinelle.dz\/index.php\/wp-json\/wp\/v2\/types\/post"}],"author":[{"embeddable":true,"href":"https:\/\/lasentinelle.dz\/index.php\/wp-json\/wp\/v2\/users\/3"}],"replies":[{"embeddable":true,"href":"https:\/\/lasentinelle.dz\/index.php\/wp-json\/wp\/v2\/comments?post=54519"}],"version-history":[{"count":2,"href":"https:\/\/lasentinelle.dz\/index.php\/wp-json\/wp\/v2\/posts\/54519\/revisions"}],"predecessor-version":[{"id":54521,"href":"https:\/\/lasentinelle.dz\/index.php\/wp-json\/wp\/v2\/posts\/54519\/revisions\/54521"}],"wp:featuredmedia":[{"embeddable":true,"href":"https:\/\/lasentinelle.dz\/index.php\/wp-json\/wp\/v2\/media\/48704"}],"wp:attachment":[{"href":"https:\/\/lasentinelle.dz\/index.php\/wp-json\/wp\/v2\/media?parent=54519"}],"wp:term":[{"taxonomy":"category","embeddable":true,"href":"https:\/\/lasentinelle.dz\/index.php\/wp-json\/wp\/v2\/categories?post=54519"},{"taxonomy":"post_tag","embeddable":true,"href":"https:\/\/lasentinelle.dz\/index.php\/wp-json\/wp\/v2\/tags?post=54519"}],"curies":[{"name":"wp","href":"https:\/\/api.w.org\/{rel}","templated":true}]}}