{"id":54533,"date":"2024-07-16T20:02:00","date_gmt":"2024-07-16T19:02:00","guid":{"rendered":"https:\/\/lasentinelle.dz\/?p=54533"},"modified":"2024-07-16T20:02:01","modified_gmt":"2024-07-16T19:02:01","slug":"candidature-du-president-de-la-republique-a-second-mandat-soutien-des-notables-et-chefs-de-tribus-du-ahaggar","status":"publish","type":"post","link":"https:\/\/lasentinelle.dz\/index.php\/2024\/07\/16\/candidature-du-president-de-la-republique-a-second-mandat-soutien-des-notables-et-chefs-de-tribus-du-ahaggar\/","title":{"rendered":"Candidature du pr\u00e9sident de la R\u00e9publique \u00e0 second mandat: Soutien des notables et chefs de tribus du Ahaggar"},"content":{"rendered":"\n<p>Des notables et chefs de tribus de la r\u00e9gion de l&rsquo;Ahaggar ont exprim\u00e9, lundi apr\u00e8s-midi \u00e0 Tamanrasset, leur soutien \u00e0 la candidature du pr\u00e9sident de la R\u00e9publique, M. Abdelmadjid Tebboune, pour un 2e mandat pr\u00e9sidentiel. Dans le communiqu\u00e9 final de leur r\u00e9union p\u00e9riodique avec l&rsquo;Amenokal Ahmed Idabir, \u00e0 la maison de jeunes Houari Boumediene dans la ville de Tamanrasset, les notables et chefs de tribus de la r\u00e9gion de l&rsquo;Ahaggar ont soulign\u00e9 que \u00ab\u00a0leur soutien au pr\u00e9sident de la R\u00e9publique, M. Abdelmadjid Tebboune, ne date pas d&rsquo;aujourd&rsquo;hui, mais remonte \u00e0 son pl\u00e9biscite lors de la Pr\u00e9sidentielle de 2019\u00a0\u00bb. L&rsquo;Amenokal a appel\u00e9, dans ce sens, \u00ab\u00a0\u00e0 une participation massive \u00e0 la prochaine Pr\u00e9sidentielle\u00a0\u00bb. A cette occasion, il a affirm\u00e9 l&rsquo;attachement de la population de la r\u00e9gion \u00e0 leurs engagements historiques, soulignant que \u00ab\u00a0l&rsquo;organisation de cette rencontre p\u00e9riodique, co\u00efncidant avec le mois du recouvrement de la souverainet\u00e9 nationale, est un message fort adress\u00e9 \u00e0 tous les ennemis de l&rsquo;unit\u00e9 nationale\u00a0\u00bb, visant \u00e0 engager une communication et concertation autour des diff\u00e9rentes questions locales, nationales et r\u00e9gionales. Il a appel\u00e9 \u00e0 faire preuve de nationalisme, \u00ab\u00a0\u00e0 faire valoir le dialogue, \u00e0 bannir la discorde et la division et \u00e0 favoriser la coordination avec les institutions de l&rsquo;Etat\u00a0\u00bb. Apr\u00e8s avoir appel\u00e9 les notables et chefs de tribus \u00e0 valoriser les efforts de l&rsquo;Etat pour le d\u00e9veloppement de ces r\u00e9gions du grand Sud, M. Idabir a fait savoir que la r\u00e9gion frontali\u00e8re d&rsquo;In Guezzam, par exemple, a \u00e9t\u00e9 promue en wilaya, ajoutant que la r\u00e9gion de Tin Zouatine, qui n&rsquo;\u00e9tait qu&rsquo;un campement, est aujourd&rsquo;hui une da\u00efra. Les participants ont saisi cette occasion pour soulever certaines pr\u00e9occupations, notamment le soutien de l&rsquo;approvisionnement de la r\u00e9gion en carburant et en bouteilles de gaz butane, le forage de puits pour l&rsquo;\u00e9levage et l&rsquo;irrigation \u00e0 travers les r\u00e9gions d\u00e9sertiques \u00e9loign\u00e9es, ainsi que la fourniture de services t\u00e9l\u00e9phoniques le long des routes pour le d\u00e9senclavement de la r\u00e9gion. L&rsquo;Amenokal Ahmed Idabir s&rsquo;est engag\u00e9 \u00e0 transmettre les pr\u00e9occupations des habitants aux autorit\u00e9s publiques, appelant \u00e9galement \u00e0 intensifier les r\u00e9unions r\u00e9guli\u00e8res avec les notables et chefs de tribus de la r\u00e9gion de l&rsquo;Ahaggar.<\/p>\n\n\n\n<p>APS<\/p>\n","protected":false},"excerpt":{"rendered":"<p>Des notables et chefs de tribus de la r\u00e9gion de l&rsquo;Ahaggar ont exprim\u00e9, lundi apr\u00e8s-midi \u00e0 Tamanrasset, leur soutien \u00e0<\/p>\n","protected":false},"author":3,"featured_media":52824,"comment_status":"open","ping_status":"closed","sticky":false,"template":"","format":"standard","meta":{"colormag_page_container_layout":"default_layout","colormag_page_sidebar_layout":"default_layout","om_disable_all_campaigns":false,"_monsterinsights_skip_tracking":false,"_monsterinsights_sitenote_active":false,"_monsterinsights_sitenote_note":"","_monsterinsights_sitenote_category":0,"footnotes":"","_wpscppro_dont_share_socialmedia":false,"_wpscppro_custom_social_share_image":0,"_facebook_share_type":"default","_twitter_share_type":"default","_linkedin_share_type":"default","_pinterest_share_type":"default","_linkedin_share_type_page":"","_instagram_share_type":"default","_medium_share_type":"","_threads_share_type":"","_google_business_share_type":"","_selected_social_profile":[],"_wpsp_enable_custom_social_template":false,"_wpsp_social_scheduling":{"enabled":false,"datetime":null,"platforms":[],"status":"template_only","dateOption":"today","timeOption":"now","customDays":"","customHours":"","customDate":"","customTime":"","schedulingType":"absolute"},"_wpsp_active_default_template":true},"categories":[27],"tags":[],"class_list":["post-54533","post","type-post","status-publish","format-standard","has-post-thumbnail","hentry","category-actualite"],"aioseo_notices":[],"yoast_head":"<!-- This site is optimized with the Yoast SEO plugin v27.5 - https:\/\/yoast.com\/product\/yoast-seo-wordpress\/ -->\n<title>Candidature du pr\u00e9sident de la R\u00e9publique \u00e0 second mandat: Soutien des notables et chefs de tribus du Ahaggar - La Sentinelle<\/title>\n<meta name=\"robots\" content=\"index, follow, max-snippet:-1, max-image-preview:large, max-video-preview:-1\" \/>\n<link rel=\"canonical\" href=\"https:\/\/lasentinelle.dz\/index.php\/2024\/07\/16\/candidature-du-president-de-la-republique-a-second-mandat-soutien-des-notables-et-chefs-de-tribus-du-ahaggar\/\" \/>\n<meta property=\"og:locale\" content=\"fr_FR\" \/>\n<meta property=\"og:type\" content=\"article\" \/>\n<meta property=\"og:title\" content=\"Candidature du pr\u00e9sident de la R\u00e9publique \u00e0 second mandat: Soutien des notables et chefs de tribus du Ahaggar - La Sentinelle\" \/>\n<meta property=\"og:description\" content=\"Des notables et chefs de tribus de la r\u00e9gion de l&rsquo;Ahaggar ont exprim\u00e9, lundi apr\u00e8s-midi \u00e0 Tamanrasset, leur soutien \u00e0\" \/>\n<meta property=\"og:url\" content=\"https:\/\/lasentinelle.dz\/index.php\/2024\/07\/16\/candidature-du-president-de-la-republique-a-second-mandat-soutien-des-notables-et-chefs-de-tribus-du-ahaggar\/\" \/>\n<meta property=\"og:site_name\" content=\"La Sentinelle\" \/>\n<meta property=\"article:publisher\" content=\"https:\/\/www.facebook.com\/La-Sentinelle-104059864394773\" \/>\n<meta property=\"article:published_time\" content=\"2024-07-16T19:02:00+00:00\" \/>\n<meta property=\"article:modified_time\" content=\"2024-07-16T19:02:01+00:00\" \/>\n<meta property=\"og:image\" content=\"https:\/\/lasentinelle.dz\/wp-content\/uploads\/2024\/05\/tebboune-1.png\" \/>\n\t<meta property=\"og:image:width\" content=\"1231\" \/>\n\t<meta property=\"og:image:height\" content=\"900\" \/>\n\t<meta property=\"og:image:type\" content=\"image\/png\" \/>\n<meta name=\"author\" content=\"La Sentinelle\" \/>\n<meta name=\"twitter:card\" content=\"summary_large_image\" \/>\n<meta name=\"twitter:label1\" content=\"\u00c9crit par\" \/>\n\t<meta name=\"twitter:data1\" content=\"La Sentinelle\" \/>\n\t<meta name=\"twitter:label2\" content=\"Dur\u00e9e de lecture estim\u00e9e\" \/>\n\t<meta name=\"twitter:data2\" content=\"2 minutes\" \/>\n<script type=\"application\/ld+json\" class=\"yoast-schema-graph\">{\"@context\":\"https:\\\/\\\/schema.org\",\"@graph\":[{\"@type\":\"Article\",\"@id\":\"https:\\\/\\\/lasentinelle.dz\\\/index.php\\\/2024\\\/07\\\/16\\\/candidature-du-president-de-la-republique-a-second-mandat-soutien-des-notables-et-chefs-de-tribus-du-ahaggar\\\/#article\",\"isPartOf\":{\"@id\":\"https:\\\/\\\/lasentinelle.dz\\\/index.php\\\/2024\\\/07\\\/16\\\/candidature-du-president-de-la-republique-a-second-mandat-soutien-des-notables-et-chefs-de-tribus-du-ahaggar\\\/\"},\"author\":{\"name\":\"La Sentinelle\",\"@id\":\"https:\\\/\\\/lasentinelle.dz\\\/#\\\/schema\\\/person\\\/d865044e22e70a75174ce8bcad3acfb3\"},\"headline\":\"Candidature du pr\u00e9sident de la R\u00e9publique \u00e0 second mandat: Soutien des notables et chefs de tribus du Ahaggar\",\"datePublished\":\"2024-07-16T19:02:00+00:00\",\"dateModified\":\"2024-07-16T19:02:01+00:00\",\"mainEntityOfPage\":{\"@id\":\"https:\\\/\\\/lasentinelle.dz\\\/index.php\\\/2024\\\/07\\\/16\\\/candidature-du-president-de-la-republique-a-second-mandat-soutien-des-notables-et-chefs-de-tribus-du-ahaggar\\\/\"},\"wordCount\":413,\"commentCount\":0,\"publisher\":{\"@id\":\"https:\\\/\\\/lasentinelle.dz\\\/#organization\"},\"image\":{\"@id\":\"https:\\\/\\\/lasentinelle.dz\\\/index.php\\\/2024\\\/07\\\/16\\\/candidature-du-president-de-la-republique-a-second-mandat-soutien-des-notables-et-chefs-de-tribus-du-ahaggar\\\/#primaryimage\"},\"thumbnailUrl\":\"https:\\\/\\\/lasentinelle.dz\\\/wp-content\\\/uploads\\\/2024\\\/05\\\/tebboune-1.png\",\"articleSection\":[\"Actualit\u00e9\"],\"inLanguage\":\"fr-FR\",\"potentialAction\":[{\"@type\":\"CommentAction\",\"name\":\"Comment\",\"target\":[\"https:\\\/\\\/lasentinelle.dz\\\/index.php\\\/2024\\\/07\\\/16\\\/candidature-du-president-de-la-republique-a-second-mandat-soutien-des-notables-et-chefs-de-tribus-du-ahaggar\\\/#respond\"]}]},{\"@type\":\"WebPage\",\"@id\":\"https:\\\/\\\/lasentinelle.dz\\\/index.php\\\/2024\\\/07\\\/16\\\/candidature-du-president-de-la-republique-a-second-mandat-soutien-des-notables-et-chefs-de-tribus-du-ahaggar\\\/\",\"url\":\"https:\\\/\\\/lasentinelle.dz\\\/index.php\\\/2024\\\/07\\\/16\\\/candidature-du-president-de-la-republique-a-second-mandat-soutien-des-notables-et-chefs-de-tribus-du-ahaggar\\\/\",\"name\":\"Candidature du pr\u00e9sident de la R\u00e9publique \u00e0 second mandat: Soutien des notables et chefs de tribus du Ahaggar - La Sentinelle\",\"isPartOf\":{\"@id\":\"https:\\\/\\\/lasentinelle.dz\\\/#website\"},\"primaryImageOfPage\":{\"@id\":\"https:\\\/\\\/lasentinelle.dz\\\/index.php\\\/2024\\\/07\\\/16\\\/candidature-du-president-de-la-republique-a-second-mandat-soutien-des-notables-et-chefs-de-tribus-du-ahaggar\\\/#primaryimage\"},\"image\":{\"@id\":\"https:\\\/\\\/lasentinelle.dz\\\/index.php\\\/2024\\\/07\\\/16\\\/candidature-du-president-de-la-republique-a-second-mandat-soutien-des-notables-et-chefs-de-tribus-du-ahaggar\\\/#primaryimage\"},\"thumbnailUrl\":\"https:\\\/\\\/lasentinelle.dz\\\/wp-content\\\/uploads\\\/2024\\\/05\\\/tebboune-1.png\",\"datePublished\":\"2024-07-16T19:02:00+00:00\",\"dateModified\":\"2024-07-16T19:02:01+00:00\",\"breadcrumb\":{\"@id\":\"https:\\\/\\\/lasentinelle.dz\\\/index.php\\\/2024\\\/07\\\/16\\\/candidature-du-president-de-la-republique-a-second-mandat-soutien-des-notables-et-chefs-de-tribus-du-ahaggar\\\/#breadcrumb\"},\"inLanguage\":\"fr-FR\",\"potentialAction\":[{\"@type\":\"ReadAction\",\"target\":[\"https:\\\/\\\/lasentinelle.dz\\\/index.php\\\/2024\\\/07\\\/16\\\/candidature-du-president-de-la-republique-a-second-mandat-soutien-des-notables-et-chefs-de-tribus-du-ahaggar\\\/\"]}]},{\"@type\":\"ImageObject\",\"inLanguage\":\"fr-FR\",\"@id\":\"https:\\\/\\\/lasentinelle.dz\\\/index.php\\\/2024\\\/07\\\/16\\\/candidature-du-president-de-la-republique-a-second-mandat-soutien-des-notables-et-chefs-de-tribus-du-ahaggar\\\/#primaryimage\",\"url\":\"https:\\\/\\\/lasentinelle.dz\\\/wp-content\\\/uploads\\\/2024\\\/05\\\/tebboune-1.png\",\"contentUrl\":\"https:\\\/\\\/lasentinelle.dz\\\/wp-content\\\/uploads\\\/2024\\\/05\\\/tebboune-1.png\",\"width\":1231,\"height\":900},{\"@type\":\"BreadcrumbList\",\"@id\":\"https:\\\/\\\/lasentinelle.dz\\\/index.php\\\/2024\\\/07\\\/16\\\/candidature-du-president-de-la-republique-a-second-mandat-soutien-des-notables-et-chefs-de-tribus-du-ahaggar\\\/#breadcrumb\",\"itemListElement\":[{\"@type\":\"ListItem\",\"position\":1,\"name\":\"Accueil\",\"item\":\"https:\\\/\\\/lasentinelle.dz\\\/\"},{\"@type\":\"ListItem\",\"position\":2,\"name\":\"Candidature du pr\u00e9sident de la R\u00e9publique \u00e0 second mandat: Soutien des notables et chefs de tribus du Ahaggar\"}]},{\"@type\":\"WebSite\",\"@id\":\"https:\\\/\\\/lasentinelle.dz\\\/#website\",\"url\":\"https:\\\/\\\/lasentinelle.dz\\\/\",\"name\":\"La Sentinelle\",\"description\":\"Quotidien national d&#039;information\",\"publisher\":{\"@id\":\"https:\\\/\\\/lasentinelle.dz\\\/#organization\"},\"potentialAction\":[{\"@type\":\"SearchAction\",\"target\":{\"@type\":\"EntryPoint\",\"urlTemplate\":\"https:\\\/\\\/lasentinelle.dz\\\/?s={search_term_string}\"},\"query-input\":{\"@type\":\"PropertyValueSpecification\",\"valueRequired\":true,\"valueName\":\"search_term_string\"}}],\"inLanguage\":\"fr-FR\"},{\"@type\":\"Organization\",\"@id\":\"https:\\\/\\\/lasentinelle.dz\\\/#organization\",\"name\":\"Quotidien La Sentinelle\",\"url\":\"https:\\\/\\\/lasentinelle.dz\\\/\",\"logo\":{\"@type\":\"ImageObject\",\"inLanguage\":\"fr-FR\",\"@id\":\"https:\\\/\\\/lasentinelle.dz\\\/#\\\/schema\\\/logo\\\/image\\\/\",\"url\":\"https:\\\/\\\/lasentinelle.dz\\\/wp-content\\\/uploads\\\/2021\\\/09\\\/logo-sentinelleSLOGAN-1.png\",\"contentUrl\":\"https:\\\/\\\/lasentinelle.dz\\\/wp-content\\\/uploads\\\/2021\\\/09\\\/logo-sentinelleSLOGAN-1.png\",\"width\":615,\"height\":142,\"caption\":\"Quotidien La Sentinelle\"},\"image\":{\"@id\":\"https:\\\/\\\/lasentinelle.dz\\\/#\\\/schema\\\/logo\\\/image\\\/\"},\"sameAs\":[\"https:\\\/\\\/www.facebook.com\\\/La-Sentinelle-104059864394773\"]},{\"@type\":\"Person\",\"@id\":\"https:\\\/\\\/lasentinelle.dz\\\/#\\\/schema\\\/person\\\/d865044e22e70a75174ce8bcad3acfb3\",\"name\":\"La Sentinelle\",\"image\":{\"@type\":\"ImageObject\",\"inLanguage\":\"fr-FR\",\"@id\":\"https:\\\/\\\/secure.gravatar.com\\\/avatar\\\/57de8e5d4b15d43fb361a71fbb36338450fe67865b528a43dd10ef7c51a20392?s=96&d=mm&r=g\",\"url\":\"https:\\\/\\\/secure.gravatar.com\\\/avatar\\\/57de8e5d4b15d43fb361a71fbb36338450fe67865b528a43dd10ef7c51a20392?s=96&d=mm&r=g\",\"contentUrl\":\"https:\\\/\\\/secure.gravatar.com\\\/avatar\\\/57de8e5d4b15d43fb361a71fbb36338450fe67865b528a43dd10ef7c51a20392?s=96&d=mm&r=g\",\"caption\":\"La Sentinelle\"},\"sameAs\":[\"http:\\\/\\\/www.lasentinelle.dz\"],\"url\":\"https:\\\/\\\/lasentinelle.dz\\\/author\\\/redaction\\\/\"}]}<\/script>\n<!-- \/ Yoast SEO plugin. -->","yoast_head_json":{"title":"Candidature du pr\u00e9sident de la R\u00e9publique \u00e0 second mandat: Soutien des notables et chefs de tribus du Ahaggar - La Sentinelle","robots":{"index":"index","follow":"follow","max-snippet":"max-snippet:-1","max-image-preview":"max-image-preview:large","max-video-preview":"max-video-preview:-1"},"canonical":"https:\/\/lasentinelle.dz\/index.php\/2024\/07\/16\/candidature-du-president-de-la-republique-a-second-mandat-soutien-des-notables-et-chefs-de-tribus-du-ahaggar\/","og_locale":"fr_FR","og_type":"article","og_title":"Candidature du pr\u00e9sident de la R\u00e9publique \u00e0 second mandat: Soutien des notables et chefs de tribus du Ahaggar - La Sentinelle","og_description":"Des notables et chefs de tribus de la r\u00e9gion de l&rsquo;Ahaggar ont exprim\u00e9, lundi apr\u00e8s-midi \u00e0 Tamanrasset, leur soutien \u00e0","og_url":"https:\/\/lasentinelle.dz\/index.php\/2024\/07\/16\/candidature-du-president-de-la-republique-a-second-mandat-soutien-des-notables-et-chefs-de-tribus-du-ahaggar\/","og_site_name":"La Sentinelle","article_publisher":"https:\/\/www.facebook.com\/La-Sentinelle-104059864394773","article_published_time":"2024-07-16T19:02:00+00:00","article_modified_time":"2024-07-16T19:02:01+00:00","og_image":[{"width":1231,"height":900,"url":"https:\/\/lasentinelle.dz\/wp-content\/uploads\/2024\/05\/tebboune-1.png","type":"image\/png"}],"author":"La Sentinelle","twitter_card":"summary_large_image","twitter_misc":{"\u00c9crit par":"La Sentinelle","Dur\u00e9e de lecture estim\u00e9e":"2 minutes"},"schema":{"@context":"https:\/\/schema.org","@graph":[{"@type":"Article","@id":"https:\/\/lasentinelle.dz\/index.php\/2024\/07\/16\/candidature-du-president-de-la-republique-a-second-mandat-soutien-des-notables-et-chefs-de-tribus-du-ahaggar\/#article","isPartOf":{"@id":"https:\/\/lasentinelle.dz\/index.php\/2024\/07\/16\/candidature-du-president-de-la-republique-a-second-mandat-soutien-des-notables-et-chefs-de-tribus-du-ahaggar\/"},"author":{"name":"La Sentinelle","@id":"https:\/\/lasentinelle.dz\/#\/schema\/person\/d865044e22e70a75174ce8bcad3acfb3"},"headline":"Candidature du pr\u00e9sident de la R\u00e9publique \u00e0 second mandat: Soutien des notables et chefs de tribus du Ahaggar","datePublished":"2024-07-16T19:02:00+00:00","dateModified":"2024-07-16T19:02:01+00:00","mainEntityOfPage":{"@id":"https:\/\/lasentinelle.dz\/index.php\/2024\/07\/16\/candidature-du-president-de-la-republique-a-second-mandat-soutien-des-notables-et-chefs-de-tribus-du-ahaggar\/"},"wordCount":413,"commentCount":0,"publisher":{"@id":"https:\/\/lasentinelle.dz\/#organization"},"image":{"@id":"https:\/\/lasentinelle.dz\/index.php\/2024\/07\/16\/candidature-du-president-de-la-republique-a-second-mandat-soutien-des-notables-et-chefs-de-tribus-du-ahaggar\/#primaryimage"},"thumbnailUrl":"https:\/\/lasentinelle.dz\/wp-content\/uploads\/2024\/05\/tebboune-1.png","articleSection":["Actualit\u00e9"],"inLanguage":"fr-FR","potentialAction":[{"@type":"CommentAction","name":"Comment","target":["https:\/\/lasentinelle.dz\/index.php\/2024\/07\/16\/candidature-du-president-de-la-republique-a-second-mandat-soutien-des-notables-et-chefs-de-tribus-du-ahaggar\/#respond"]}]},{"@type":"WebPage","@id":"https:\/\/lasentinelle.dz\/index.php\/2024\/07\/16\/candidature-du-president-de-la-republique-a-second-mandat-soutien-des-notables-et-chefs-de-tribus-du-ahaggar\/","url":"https:\/\/lasentinelle.dz\/index.php\/2024\/07\/16\/candidature-du-president-de-la-republique-a-second-mandat-soutien-des-notables-et-chefs-de-tribus-du-ahaggar\/","name":"Candidature du pr\u00e9sident de la R\u00e9publique \u00e0 second mandat: Soutien des notables et chefs de tribus du Ahaggar - La Sentinelle","isPartOf":{"@id":"https:\/\/lasentinelle.dz\/#website"},"primaryImageOfPage":{"@id":"https:\/\/lasentinelle.dz\/index.php\/2024\/07\/16\/candidature-du-president-de-la-republique-a-second-mandat-soutien-des-notables-et-chefs-de-tribus-du-ahaggar\/#primaryimage"},"image":{"@id":"https:\/\/lasentinelle.dz\/index.php\/2024\/07\/16\/candidature-du-president-de-la-republique-a-second-mandat-soutien-des-notables-et-chefs-de-tribus-du-ahaggar\/#primaryimage"},"thumbnailUrl":"https:\/\/lasentinelle.dz\/wp-content\/uploads\/2024\/05\/tebboune-1.png","datePublished":"2024-07-16T19:02:00+00:00","dateModified":"2024-07-16T19:02:01+00:00","breadcrumb":{"@id":"https:\/\/lasentinelle.dz\/index.php\/2024\/07\/16\/candidature-du-president-de-la-republique-a-second-mandat-soutien-des-notables-et-chefs-de-tribus-du-ahaggar\/#breadcrumb"},"inLanguage":"fr-FR","potentialAction":[{"@type":"ReadAction","target":["https:\/\/lasentinelle.dz\/index.php\/2024\/07\/16\/candidature-du-president-de-la-republique-a-second-mandat-soutien-des-notables-et-chefs-de-tribus-du-ahaggar\/"]}]},{"@type":"ImageObject","inLanguage":"fr-FR","@id":"https:\/\/lasentinelle.dz\/index.php\/2024\/07\/16\/candidature-du-president-de-la-republique-a-second-mandat-soutien-des-notables-et-chefs-de-tribus-du-ahaggar\/#primaryimage","url":"https:\/\/lasentinelle.dz\/wp-content\/uploads\/2024\/05\/tebboune-1.png","contentUrl":"https:\/\/lasentinelle.dz\/wp-content\/uploads\/2024\/05\/tebboune-1.png","width":1231,"height":900},{"@type":"BreadcrumbList","@id":"https:\/\/lasentinelle.dz\/index.php\/2024\/07\/16\/candidature-du-president-de-la-republique-a-second-mandat-soutien-des-notables-et-chefs-de-tribus-du-ahaggar\/#breadcrumb","itemListElement":[{"@type":"ListItem","position":1,"name":"Accueil","item":"https:\/\/lasentinelle.dz\/"},{"@type":"ListItem","position":2,"name":"Candidature du pr\u00e9sident de la R\u00e9publique \u00e0 second mandat: Soutien des notables et chefs de tribus du Ahaggar"}]},{"@type":"WebSite","@id":"https:\/\/lasentinelle.dz\/#website","url":"https:\/\/lasentinelle.dz\/","name":"La Sentinelle","description":"Quotidien national d&#039;information","publisher":{"@id":"https:\/\/lasentinelle.dz\/#organization"},"potentialAction":[{"@type":"SearchAction","target":{"@type":"EntryPoint","urlTemplate":"https:\/\/lasentinelle.dz\/?s={search_term_string}"},"query-input":{"@type":"PropertyValueSpecification","valueRequired":true,"valueName":"search_term_string"}}],"inLanguage":"fr-FR"},{"@type":"Organization","@id":"https:\/\/lasentinelle.dz\/#organization","name":"Quotidien La Sentinelle","url":"https:\/\/lasentinelle.dz\/","logo":{"@type":"ImageObject","inLanguage":"fr-FR","@id":"https:\/\/lasentinelle.dz\/#\/schema\/logo\/image\/","url":"https:\/\/lasentinelle.dz\/wp-content\/uploads\/2021\/09\/logo-sentinelleSLOGAN-1.png","contentUrl":"https:\/\/lasentinelle.dz\/wp-content\/uploads\/2021\/09\/logo-sentinelleSLOGAN-1.png","width":615,"height":142,"caption":"Quotidien La Sentinelle"},"image":{"@id":"https:\/\/lasentinelle.dz\/#\/schema\/logo\/image\/"},"sameAs":["https:\/\/www.facebook.com\/La-Sentinelle-104059864394773"]},{"@type":"Person","@id":"https:\/\/lasentinelle.dz\/#\/schema\/person\/d865044e22e70a75174ce8bcad3acfb3","name":"La Sentinelle","image":{"@type":"ImageObject","inLanguage":"fr-FR","@id":"https:\/\/secure.gravatar.com\/avatar\/57de8e5d4b15d43fb361a71fbb36338450fe67865b528a43dd10ef7c51a20392?s=96&d=mm&r=g","url":"https:\/\/secure.gravatar.com\/avatar\/57de8e5d4b15d43fb361a71fbb36338450fe67865b528a43dd10ef7c51a20392?s=96&d=mm&r=g","contentUrl":"https:\/\/secure.gravatar.com\/avatar\/57de8e5d4b15d43fb361a71fbb36338450fe67865b528a43dd10ef7c51a20392?s=96&d=mm&r=g","caption":"La Sentinelle"},"sameAs":["http:\/\/www.lasentinelle.dz"],"url":"https:\/\/lasentinelle.dz\/author\/redaction\/"}]}},"_links":{"self":[{"href":"https:\/\/lasentinelle.dz\/index.php\/wp-json\/wp\/v2\/posts\/54533","targetHints":{"allow":["GET"]}}],"collection":[{"href":"https:\/\/lasentinelle.dz\/index.php\/wp-json\/wp\/v2\/posts"}],"about":[{"href":"https:\/\/lasentinelle.dz\/index.php\/wp-json\/wp\/v2\/types\/post"}],"author":[{"embeddable":true,"href":"https:\/\/lasentinelle.dz\/index.php\/wp-json\/wp\/v2\/users\/3"}],"replies":[{"embeddable":true,"href":"https:\/\/lasentinelle.dz\/index.php\/wp-json\/wp\/v2\/comments?post=54533"}],"version-history":[{"count":1,"href":"https:\/\/lasentinelle.dz\/index.php\/wp-json\/wp\/v2\/posts\/54533\/revisions"}],"predecessor-version":[{"id":54534,"href":"https:\/\/lasentinelle.dz\/index.php\/wp-json\/wp\/v2\/posts\/54533\/revisions\/54534"}],"wp:featuredmedia":[{"embeddable":true,"href":"https:\/\/lasentinelle.dz\/index.php\/wp-json\/wp\/v2\/media\/52824"}],"wp:attachment":[{"href":"https:\/\/lasentinelle.dz\/index.php\/wp-json\/wp\/v2\/media?parent=54533"}],"wp:term":[{"taxonomy":"category","embeddable":true,"href":"https:\/\/lasentinelle.dz\/index.php\/wp-json\/wp\/v2\/categories?post=54533"},{"taxonomy":"post_tag","embeddable":true,"href":"https:\/\/lasentinelle.dz\/index.php\/wp-json\/wp\/v2\/tags?post=54533"}],"curies":[{"name":"wp","href":"https:\/\/api.w.org\/{rel}","templated":true}]}}