{"id":54551,"date":"2024-07-17T20:37:25","date_gmt":"2024-07-17T19:37:25","guid":{"rendered":"https:\/\/lasentinelle.dz\/?p=54551"},"modified":"2024-07-17T20:37:26","modified_gmt":"2024-07-17T19:37:26","slug":"qualifications-pour-la-can-2025-les-u17-montent-en-puissance","status":"publish","type":"post","link":"https:\/\/lasentinelle.dz\/index.php\/2024\/07\/17\/qualifications-pour-la-can-2025-les-u17-montent-en-puissance\/","title":{"rendered":"Qualifications pour la CAN 2025: Les U17 montent en puissance"},"content":{"rendered":"\n<p>La s\u00e9lection alg\u00e9rienne des moins de 17 ans intensifie sa pr\u00e9paration en vue du tournoi UNAF qualificatif \u00e0 la CAN 2025, avec des r\u00e9sultats encourageants lors de son dernier stage \u00e0 Alger. Le s\u00e9lectionneur Aziz Lahoussine dresse un bilan positif de cette \u00e9tape cruciale dans la construction de son \u00e9quipe.<\/p>\n\n\n\n<p>Le stage, qui s&rsquo;est d\u00e9roul\u00e9 du 7 au 14 juillet, a \u00e9t\u00e9 marqu\u00e9 par deux rencontres amicales face \u00e0 la s\u00e9lection soudanaise des U20. Malgr\u00e9 deux d\u00e9faites, ces matchs ont permis aux jeunes Alg\u00e9riens de gagner en exp\u00e9rience internationale et de se confronter \u00e0 des adversaires plus \u00e2g\u00e9s. \u00ab\u00a0Le stage s&rsquo;est d\u00e9roul\u00e9 dans de tr\u00e8s bonnes conditions, et nous n\u2019avons enregistr\u00e9 aucun bless\u00e9 ni aucun \u00e9cart disciplinaire. Les jeunes ont fait preuve de s\u00e9rieux et d\u2019assiduit\u00e9, ce qui \u00e9tait tr\u00e8s satisfaisant\u00a0\u00bb, s&rsquo;est confi\u00e9 le s\u00e9lectionneur alg\u00e9rien des U17 au site officiel de la F\u00e9d\u00e9ration alg\u00e9rienne de football (FAF). Concernant la double confrontation amicale face \u00e0 la s\u00e9lection soudanise, le s\u00e9lectionneur national a d\u00e9clar\u00e9 : \u00ab\u00a0Les joueurs ont eu cette belle opportunit\u00e9 de disputer deux rencontres internationales contre la s\u00e9lection du Soudan, invit\u00e9e par la FAF. Ces rencontres leur ont permis de d\u00e9couvrir autre chose que ce qu\u2019ils avaient v\u00e9cu jusqu\u2019\u00e0 pr\u00e9sent et les ont plong\u00e9s dans le bain des matchs internationaux. On remercie grandement la f\u00e9d\u00e9ration d\u2019avoir programm\u00e9 ces matchs\u00a0\u00bb. \u00ab\u00a0Ces rencontres ont plong\u00e9 nos joueurs dans le bain des matchs internationaux, une \u00e9tape indispensable dans leur pr\u00e9paration\u00a0\u00bb, souligne Lahoussine. \u00ab\u00a0Nous avons pu travailler les bases tactiques, les sorties de balle et l&rsquo;alignement des joueurs, des \u00e9l\u00e9ments essentiels pour le tournoi UNAF \u00e0 venir.\u00a0\u00bb Sur le plan technico-tactique, le technicien alg\u00e9rien a fait savoir que \u00a0\u00bb le premier match a \u00e9t\u00e9 abord\u00e9 apr\u00e8s seulement trois s\u00e9ances d\u2019entra\u00eenement dans les jambes des joueurs. Notre analyste vid\u00e9o nous a beaucoup aid\u00e9 et permis de briefer les joueurs sur l\u2019adversaire. Nous avons travaill\u00e9 les bases tactiques, les sorties de balles et l\u2019alignement des joueurs, sans nous concentrer sur les r\u00e9sultats. Ce n\u2019\u00e9tait pas le but pour nous de remporter co\u00fbte que co\u00fbte le match\u00a0\u00bb. Et d&rsquo;ajouter : \u00ab\u00a0Pour le deuxi\u00e8me match, j\u2019ai align\u00e9 les joueurs que le staff technique jugeait aptes \u00e0 former cette s\u00e9lection U17. J\u2019ai fait jouer 21 joueurs. Dans l\u2019ensemble, nous n\u2019avons pas \u00e9t\u00e9 d\u00e9\u00e7us, car nous avons men\u00e9 au score jusqu\u2019aux nombreux changements op\u00e9r\u00e9s o\u00f9 j\u2019ai fait participer tous les joueurs, y compris le deuxi\u00e8me gardien de but. On a perdu un peu l\u2019\u00e9quilibre et on s\u2019est inclin\u00e9 finalement (2-3), mais avec le sentiment d\u2019avoir trouv\u00e9 l\u2019ossature de l\u2019\u00e9quipe, ce qui est une \u00e9norme satisfaction en soi. Nous sommes encore en phase de pr\u00e9s\u00e9lection\u00a0\u00bb. Le s\u00e9lectionneur se montre particuli\u00e8rement satisfait de l&rsquo;\u00e9tat d&rsquo;esprit de son groupe : \u00ab\u00a0Les jeunes ont fait preuve de s\u00e9rieux et d&rsquo;assiduit\u00e9. Leur combativit\u00e9 et leur solidarit\u00e9 face \u00e0 des adversaires plus \u00e2g\u00e9s sont tr\u00e8s encourageantes.\u00a0\u00bb<\/p>\n\n\n\n<p>Au-del\u00e0 des r\u00e9sultats, ces matchs ont permis au staff technique d&rsquo;identifier l&rsquo;ossature de l&rsquo;\u00e9quipe qui disputera les qualifications. \u00ab\u00a0Nous avons une bonne base pour continuer notre progression\u00a0\u00bb, affirme Lahoussine, qui reste n\u00e9anmoins conscient du travail restant \u00e0 accomplir. Ces rencontres m&rsquo;ont permis de mieux \u00e9valuer les joueurs sur le plan individuel. Lors du premier match, nos joueurs avaient peur. C&rsquo;\u00e9tait la premi\u00e8re fois qu\u2019ils portaient le maillot de la s\u00e9lection nationale, mais ils ont montr\u00e9 beaucoup de combativit\u00e9 et de solidarit\u00e9 malgr\u00e9 la diff\u00e9rence d\u2019\u00e2ge. Nous avons jou\u00e9 contre des U20, et m\u00eame si nous avions de grands gabarits en face, techniquement, nos joueurs \u00e9taient sup\u00e9rieurs. Il y a encore du travail \u00e0 faire, mais nous avons une bonne base pour continuer notre progression.\u00a0\u00bb, a soulign\u00e9 Aziz Lahoussine. La F\u00e9d\u00e9ration alg\u00e9rienne de football (FAF) poursuit ses efforts de d\u00e9tection, avec l&rsquo;objectif de constituer une s\u00e9lection comp\u00e9titive. \u00ab\u00a0Nous allons continuer la prospection, y compris aupr\u00e8s de nos jeunes joueurs \u00e9voluant \u00e0 l&rsquo;\u00e9tranger\u00a0\u00bb, pr\u00e9cise le s\u00e9lectionneur.<\/p>\n\n\n\n<p>Apr\u00e8s l&rsquo;\u00e9limination en quarts de finale de la CAN 2023 organis\u00e9e en Alg\u00e9rie, cette nouvelle g\u00e9n\u00e9ration U17 a pour mission de qualifier le pays pour l&rsquo;\u00e9dition 2025. Le tournoi UNAF repr\u00e9sentera donc une \u00e9tape d\u00e9cisive dans ce parcours.<\/p>\n\n\n\n<p>\u00c0 quelques mois de cette \u00e9ch\u00e9ance capitale, la pr\u00e9paration de la s\u00e9lection alg\u00e9rienne U17 semble sur la bonne voie. L&rsquo;exp\u00e9rience acquise lors de ce stage et l&rsquo;\u00e9mergence d&rsquo;un noyau dur de joueurs laissent pr\u00e9sager une \u00e9quipe comp\u00e9titive pour d\u00e9fendre les couleurs nationales lors des prochaines qualifications.<\/p>\n\n\n\n<p>Moncef Dahleb<\/p>\n","protected":false},"excerpt":{"rendered":"<p>La s\u00e9lection alg\u00e9rienne des moins de 17 ans intensifie sa pr\u00e9paration en vue du tournoi UNAF qualificatif \u00e0 la CAN<\/p>\n","protected":false},"author":3,"featured_media":54552,"comment_status":"open","ping_status":"closed","sticky":false,"template":"","format":"standard","meta":{"colormag_page_container_layout":"default_layout","colormag_page_sidebar_layout":"default_layout","om_disable_all_campaigns":false,"_monsterinsights_skip_tracking":false,"_monsterinsights_sitenote_active":false,"_monsterinsights_sitenote_note":"","_monsterinsights_sitenote_category":0,"footnotes":"","_wpscppro_dont_share_socialmedia":false,"_wpscppro_custom_social_share_image":0,"_facebook_share_type":"default","_twitter_share_type":"default","_linkedin_share_type":"default","_pinterest_share_type":"default","_linkedin_share_type_page":"","_instagram_share_type":"default","_medium_share_type":"","_threads_share_type":"","_google_business_share_type":"","_selected_social_profile":[],"_wpsp_enable_custom_social_template":false,"_wpsp_social_scheduling":{"enabled":false,"datetime":null,"platforms":[],"status":"template_only","dateOption":"today","timeOption":"now","customDays":"","customHours":"","customDate":"","customTime":"","schedulingType":"absolute"},"_wpsp_active_default_template":true},"categories":[33],"tags":[],"class_list":["post-54551","post","type-post","status-publish","format-standard","has-post-thumbnail","hentry","category-sports"],"aioseo_notices":[],"yoast_head":"<!-- This site is optimized with the Yoast SEO plugin v27.5 - https:\/\/yoast.com\/product\/yoast-seo-wordpress\/ -->\n<title>Qualifications pour la CAN 2025: Les U17 montent en puissance - La Sentinelle<\/title>\n<meta name=\"robots\" content=\"index, follow, max-snippet:-1, max-image-preview:large, max-video-preview:-1\" \/>\n<link rel=\"canonical\" href=\"https:\/\/lasentinelle.dz\/index.php\/2024\/07\/17\/qualifications-pour-la-can-2025-les-u17-montent-en-puissance\/\" \/>\n<meta property=\"og:locale\" content=\"fr_FR\" \/>\n<meta property=\"og:type\" content=\"article\" \/>\n<meta property=\"og:title\" content=\"Qualifications pour la CAN 2025: Les U17 montent en puissance - La Sentinelle\" \/>\n<meta property=\"og:description\" content=\"La s\u00e9lection alg\u00e9rienne des moins de 17 ans intensifie sa pr\u00e9paration en vue du tournoi UNAF qualificatif \u00e0 la CAN\" \/>\n<meta property=\"og:url\" content=\"https:\/\/lasentinelle.dz\/index.php\/2024\/07\/17\/qualifications-pour-la-can-2025-les-u17-montent-en-puissance\/\" \/>\n<meta property=\"og:site_name\" content=\"La Sentinelle\" \/>\n<meta property=\"article:publisher\" content=\"https:\/\/www.facebook.com\/La-Sentinelle-104059864394773\" \/>\n<meta property=\"article:published_time\" content=\"2024-07-17T19:37:25+00:00\" \/>\n<meta property=\"article:modified_time\" content=\"2024-07-17T19:37:26+00:00\" \/>\n<meta property=\"og:image\" content=\"https:\/\/lasentinelle.dz\/wp-content\/uploads\/2024\/07\/Lahoussine.jpeg\" \/>\n\t<meta property=\"og:image:width\" content=\"2400\" \/>\n\t<meta property=\"og:image:height\" content=\"1600\" \/>\n\t<meta property=\"og:image:type\" content=\"image\/jpeg\" \/>\n<meta name=\"author\" content=\"La Sentinelle\" \/>\n<meta name=\"twitter:card\" content=\"summary_large_image\" \/>\n<meta name=\"twitter:label1\" content=\"\u00c9crit par\" \/>\n\t<meta name=\"twitter:data1\" content=\"La Sentinelle\" \/>\n\t<meta name=\"twitter:label2\" content=\"Dur\u00e9e de lecture estim\u00e9e\" \/>\n\t<meta name=\"twitter:data2\" content=\"4 minutes\" \/>\n<script type=\"application\/ld+json\" class=\"yoast-schema-graph\">{\"@context\":\"https:\\\/\\\/schema.org\",\"@graph\":[{\"@type\":\"Article\",\"@id\":\"https:\\\/\\\/lasentinelle.dz\\\/index.php\\\/2024\\\/07\\\/17\\\/qualifications-pour-la-can-2025-les-u17-montent-en-puissance\\\/#article\",\"isPartOf\":{\"@id\":\"https:\\\/\\\/lasentinelle.dz\\\/index.php\\\/2024\\\/07\\\/17\\\/qualifications-pour-la-can-2025-les-u17-montent-en-puissance\\\/\"},\"author\":{\"name\":\"La Sentinelle\",\"@id\":\"https:\\\/\\\/lasentinelle.dz\\\/#\\\/schema\\\/person\\\/d865044e22e70a75174ce8bcad3acfb3\"},\"headline\":\"Qualifications pour la CAN 2025: Les U17 montent en puissance\",\"datePublished\":\"2024-07-17T19:37:25+00:00\",\"dateModified\":\"2024-07-17T19:37:26+00:00\",\"mainEntityOfPage\":{\"@id\":\"https:\\\/\\\/lasentinelle.dz\\\/index.php\\\/2024\\\/07\\\/17\\\/qualifications-pour-la-can-2025-les-u17-montent-en-puissance\\\/\"},\"wordCount\":833,\"commentCount\":0,\"publisher\":{\"@id\":\"https:\\\/\\\/lasentinelle.dz\\\/#organization\"},\"image\":{\"@id\":\"https:\\\/\\\/lasentinelle.dz\\\/index.php\\\/2024\\\/07\\\/17\\\/qualifications-pour-la-can-2025-les-u17-montent-en-puissance\\\/#primaryimage\"},\"thumbnailUrl\":\"https:\\\/\\\/lasentinelle.dz\\\/wp-content\\\/uploads\\\/2024\\\/07\\\/Lahoussine.jpeg\",\"articleSection\":[\"Sports\"],\"inLanguage\":\"fr-FR\",\"potentialAction\":[{\"@type\":\"CommentAction\",\"name\":\"Comment\",\"target\":[\"https:\\\/\\\/lasentinelle.dz\\\/index.php\\\/2024\\\/07\\\/17\\\/qualifications-pour-la-can-2025-les-u17-montent-en-puissance\\\/#respond\"]}]},{\"@type\":\"WebPage\",\"@id\":\"https:\\\/\\\/lasentinelle.dz\\\/index.php\\\/2024\\\/07\\\/17\\\/qualifications-pour-la-can-2025-les-u17-montent-en-puissance\\\/\",\"url\":\"https:\\\/\\\/lasentinelle.dz\\\/index.php\\\/2024\\\/07\\\/17\\\/qualifications-pour-la-can-2025-les-u17-montent-en-puissance\\\/\",\"name\":\"Qualifications pour la CAN 2025: Les U17 montent en puissance - La Sentinelle\",\"isPartOf\":{\"@id\":\"https:\\\/\\\/lasentinelle.dz\\\/#website\"},\"primaryImageOfPage\":{\"@id\":\"https:\\\/\\\/lasentinelle.dz\\\/index.php\\\/2024\\\/07\\\/17\\\/qualifications-pour-la-can-2025-les-u17-montent-en-puissance\\\/#primaryimage\"},\"image\":{\"@id\":\"https:\\\/\\\/lasentinelle.dz\\\/index.php\\\/2024\\\/07\\\/17\\\/qualifications-pour-la-can-2025-les-u17-montent-en-puissance\\\/#primaryimage\"},\"thumbnailUrl\":\"https:\\\/\\\/lasentinelle.dz\\\/wp-content\\\/uploads\\\/2024\\\/07\\\/Lahoussine.jpeg\",\"datePublished\":\"2024-07-17T19:37:25+00:00\",\"dateModified\":\"2024-07-17T19:37:26+00:00\",\"breadcrumb\":{\"@id\":\"https:\\\/\\\/lasentinelle.dz\\\/index.php\\\/2024\\\/07\\\/17\\\/qualifications-pour-la-can-2025-les-u17-montent-en-puissance\\\/#breadcrumb\"},\"inLanguage\":\"fr-FR\",\"potentialAction\":[{\"@type\":\"ReadAction\",\"target\":[\"https:\\\/\\\/lasentinelle.dz\\\/index.php\\\/2024\\\/07\\\/17\\\/qualifications-pour-la-can-2025-les-u17-montent-en-puissance\\\/\"]}]},{\"@type\":\"ImageObject\",\"inLanguage\":\"fr-FR\",\"@id\":\"https:\\\/\\\/lasentinelle.dz\\\/index.php\\\/2024\\\/07\\\/17\\\/qualifications-pour-la-can-2025-les-u17-montent-en-puissance\\\/#primaryimage\",\"url\":\"https:\\\/\\\/lasentinelle.dz\\\/wp-content\\\/uploads\\\/2024\\\/07\\\/Lahoussine.jpeg\",\"contentUrl\":\"https:\\\/\\\/lasentinelle.dz\\\/wp-content\\\/uploads\\\/2024\\\/07\\\/Lahoussine.jpeg\",\"width\":2400,\"height\":1600},{\"@type\":\"BreadcrumbList\",\"@id\":\"https:\\\/\\\/lasentinelle.dz\\\/index.php\\\/2024\\\/07\\\/17\\\/qualifications-pour-la-can-2025-les-u17-montent-en-puissance\\\/#breadcrumb\",\"itemListElement\":[{\"@type\":\"ListItem\",\"position\":1,\"name\":\"Accueil\",\"item\":\"https:\\\/\\\/lasentinelle.dz\\\/\"},{\"@type\":\"ListItem\",\"position\":2,\"name\":\"Qualifications pour la CAN 2025: Les U17 montent en puissance\"}]},{\"@type\":\"WebSite\",\"@id\":\"https:\\\/\\\/lasentinelle.dz\\\/#website\",\"url\":\"https:\\\/\\\/lasentinelle.dz\\\/\",\"name\":\"La Sentinelle\",\"description\":\"Quotidien national d&#039;information\",\"publisher\":{\"@id\":\"https:\\\/\\\/lasentinelle.dz\\\/#organization\"},\"potentialAction\":[{\"@type\":\"SearchAction\",\"target\":{\"@type\":\"EntryPoint\",\"urlTemplate\":\"https:\\\/\\\/lasentinelle.dz\\\/?s={search_term_string}\"},\"query-input\":{\"@type\":\"PropertyValueSpecification\",\"valueRequired\":true,\"valueName\":\"search_term_string\"}}],\"inLanguage\":\"fr-FR\"},{\"@type\":\"Organization\",\"@id\":\"https:\\\/\\\/lasentinelle.dz\\\/#organization\",\"name\":\"Quotidien La Sentinelle\",\"url\":\"https:\\\/\\\/lasentinelle.dz\\\/\",\"logo\":{\"@type\":\"ImageObject\",\"inLanguage\":\"fr-FR\",\"@id\":\"https:\\\/\\\/lasentinelle.dz\\\/#\\\/schema\\\/logo\\\/image\\\/\",\"url\":\"https:\\\/\\\/lasentinelle.dz\\\/wp-content\\\/uploads\\\/2021\\\/09\\\/logo-sentinelleSLOGAN-1.png\",\"contentUrl\":\"https:\\\/\\\/lasentinelle.dz\\\/wp-content\\\/uploads\\\/2021\\\/09\\\/logo-sentinelleSLOGAN-1.png\",\"width\":615,\"height\":142,\"caption\":\"Quotidien La Sentinelle\"},\"image\":{\"@id\":\"https:\\\/\\\/lasentinelle.dz\\\/#\\\/schema\\\/logo\\\/image\\\/\"},\"sameAs\":[\"https:\\\/\\\/www.facebook.com\\\/La-Sentinelle-104059864394773\"]},{\"@type\":\"Person\",\"@id\":\"https:\\\/\\\/lasentinelle.dz\\\/#\\\/schema\\\/person\\\/d865044e22e70a75174ce8bcad3acfb3\",\"name\":\"La Sentinelle\",\"image\":{\"@type\":\"ImageObject\",\"inLanguage\":\"fr-FR\",\"@id\":\"https:\\\/\\\/secure.gravatar.com\\\/avatar\\\/57de8e5d4b15d43fb361a71fbb36338450fe67865b528a43dd10ef7c51a20392?s=96&d=mm&r=g\",\"url\":\"https:\\\/\\\/secure.gravatar.com\\\/avatar\\\/57de8e5d4b15d43fb361a71fbb36338450fe67865b528a43dd10ef7c51a20392?s=96&d=mm&r=g\",\"contentUrl\":\"https:\\\/\\\/secure.gravatar.com\\\/avatar\\\/57de8e5d4b15d43fb361a71fbb36338450fe67865b528a43dd10ef7c51a20392?s=96&d=mm&r=g\",\"caption\":\"La Sentinelle\"},\"sameAs\":[\"http:\\\/\\\/www.lasentinelle.dz\"],\"url\":\"https:\\\/\\\/lasentinelle.dz\\\/author\\\/redaction\\\/\"}]}<\/script>\n<!-- \/ Yoast SEO plugin. -->","yoast_head_json":{"title":"Qualifications pour la CAN 2025: Les U17 montent en puissance - La Sentinelle","robots":{"index":"index","follow":"follow","max-snippet":"max-snippet:-1","max-image-preview":"max-image-preview:large","max-video-preview":"max-video-preview:-1"},"canonical":"https:\/\/lasentinelle.dz\/index.php\/2024\/07\/17\/qualifications-pour-la-can-2025-les-u17-montent-en-puissance\/","og_locale":"fr_FR","og_type":"article","og_title":"Qualifications pour la CAN 2025: Les U17 montent en puissance - La Sentinelle","og_description":"La s\u00e9lection alg\u00e9rienne des moins de 17 ans intensifie sa pr\u00e9paration en vue du tournoi UNAF qualificatif \u00e0 la CAN","og_url":"https:\/\/lasentinelle.dz\/index.php\/2024\/07\/17\/qualifications-pour-la-can-2025-les-u17-montent-en-puissance\/","og_site_name":"La Sentinelle","article_publisher":"https:\/\/www.facebook.com\/La-Sentinelle-104059864394773","article_published_time":"2024-07-17T19:37:25+00:00","article_modified_time":"2024-07-17T19:37:26+00:00","og_image":[{"width":2400,"height":1600,"url":"https:\/\/lasentinelle.dz\/wp-content\/uploads\/2024\/07\/Lahoussine.jpeg","type":"image\/jpeg"}],"author":"La Sentinelle","twitter_card":"summary_large_image","twitter_misc":{"\u00c9crit par":"La Sentinelle","Dur\u00e9e de lecture estim\u00e9e":"4 minutes"},"schema":{"@context":"https:\/\/schema.org","@graph":[{"@type":"Article","@id":"https:\/\/lasentinelle.dz\/index.php\/2024\/07\/17\/qualifications-pour-la-can-2025-les-u17-montent-en-puissance\/#article","isPartOf":{"@id":"https:\/\/lasentinelle.dz\/index.php\/2024\/07\/17\/qualifications-pour-la-can-2025-les-u17-montent-en-puissance\/"},"author":{"name":"La Sentinelle","@id":"https:\/\/lasentinelle.dz\/#\/schema\/person\/d865044e22e70a75174ce8bcad3acfb3"},"headline":"Qualifications pour la CAN 2025: Les U17 montent en puissance","datePublished":"2024-07-17T19:37:25+00:00","dateModified":"2024-07-17T19:37:26+00:00","mainEntityOfPage":{"@id":"https:\/\/lasentinelle.dz\/index.php\/2024\/07\/17\/qualifications-pour-la-can-2025-les-u17-montent-en-puissance\/"},"wordCount":833,"commentCount":0,"publisher":{"@id":"https:\/\/lasentinelle.dz\/#organization"},"image":{"@id":"https:\/\/lasentinelle.dz\/index.php\/2024\/07\/17\/qualifications-pour-la-can-2025-les-u17-montent-en-puissance\/#primaryimage"},"thumbnailUrl":"https:\/\/lasentinelle.dz\/wp-content\/uploads\/2024\/07\/Lahoussine.jpeg","articleSection":["Sports"],"inLanguage":"fr-FR","potentialAction":[{"@type":"CommentAction","name":"Comment","target":["https:\/\/lasentinelle.dz\/index.php\/2024\/07\/17\/qualifications-pour-la-can-2025-les-u17-montent-en-puissance\/#respond"]}]},{"@type":"WebPage","@id":"https:\/\/lasentinelle.dz\/index.php\/2024\/07\/17\/qualifications-pour-la-can-2025-les-u17-montent-en-puissance\/","url":"https:\/\/lasentinelle.dz\/index.php\/2024\/07\/17\/qualifications-pour-la-can-2025-les-u17-montent-en-puissance\/","name":"Qualifications pour la CAN 2025: Les U17 montent en puissance - La Sentinelle","isPartOf":{"@id":"https:\/\/lasentinelle.dz\/#website"},"primaryImageOfPage":{"@id":"https:\/\/lasentinelle.dz\/index.php\/2024\/07\/17\/qualifications-pour-la-can-2025-les-u17-montent-en-puissance\/#primaryimage"},"image":{"@id":"https:\/\/lasentinelle.dz\/index.php\/2024\/07\/17\/qualifications-pour-la-can-2025-les-u17-montent-en-puissance\/#primaryimage"},"thumbnailUrl":"https:\/\/lasentinelle.dz\/wp-content\/uploads\/2024\/07\/Lahoussine.jpeg","datePublished":"2024-07-17T19:37:25+00:00","dateModified":"2024-07-17T19:37:26+00:00","breadcrumb":{"@id":"https:\/\/lasentinelle.dz\/index.php\/2024\/07\/17\/qualifications-pour-la-can-2025-les-u17-montent-en-puissance\/#breadcrumb"},"inLanguage":"fr-FR","potentialAction":[{"@type":"ReadAction","target":["https:\/\/lasentinelle.dz\/index.php\/2024\/07\/17\/qualifications-pour-la-can-2025-les-u17-montent-en-puissance\/"]}]},{"@type":"ImageObject","inLanguage":"fr-FR","@id":"https:\/\/lasentinelle.dz\/index.php\/2024\/07\/17\/qualifications-pour-la-can-2025-les-u17-montent-en-puissance\/#primaryimage","url":"https:\/\/lasentinelle.dz\/wp-content\/uploads\/2024\/07\/Lahoussine.jpeg","contentUrl":"https:\/\/lasentinelle.dz\/wp-content\/uploads\/2024\/07\/Lahoussine.jpeg","width":2400,"height":1600},{"@type":"BreadcrumbList","@id":"https:\/\/lasentinelle.dz\/index.php\/2024\/07\/17\/qualifications-pour-la-can-2025-les-u17-montent-en-puissance\/#breadcrumb","itemListElement":[{"@type":"ListItem","position":1,"name":"Accueil","item":"https:\/\/lasentinelle.dz\/"},{"@type":"ListItem","position":2,"name":"Qualifications pour la CAN 2025: Les U17 montent en puissance"}]},{"@type":"WebSite","@id":"https:\/\/lasentinelle.dz\/#website","url":"https:\/\/lasentinelle.dz\/","name":"La Sentinelle","description":"Quotidien national d&#039;information","publisher":{"@id":"https:\/\/lasentinelle.dz\/#organization"},"potentialAction":[{"@type":"SearchAction","target":{"@type":"EntryPoint","urlTemplate":"https:\/\/lasentinelle.dz\/?s={search_term_string}"},"query-input":{"@type":"PropertyValueSpecification","valueRequired":true,"valueName":"search_term_string"}}],"inLanguage":"fr-FR"},{"@type":"Organization","@id":"https:\/\/lasentinelle.dz\/#organization","name":"Quotidien La Sentinelle","url":"https:\/\/lasentinelle.dz\/","logo":{"@type":"ImageObject","inLanguage":"fr-FR","@id":"https:\/\/lasentinelle.dz\/#\/schema\/logo\/image\/","url":"https:\/\/lasentinelle.dz\/wp-content\/uploads\/2021\/09\/logo-sentinelleSLOGAN-1.png","contentUrl":"https:\/\/lasentinelle.dz\/wp-content\/uploads\/2021\/09\/logo-sentinelleSLOGAN-1.png","width":615,"height":142,"caption":"Quotidien La Sentinelle"},"image":{"@id":"https:\/\/lasentinelle.dz\/#\/schema\/logo\/image\/"},"sameAs":["https:\/\/www.facebook.com\/La-Sentinelle-104059864394773"]},{"@type":"Person","@id":"https:\/\/lasentinelle.dz\/#\/schema\/person\/d865044e22e70a75174ce8bcad3acfb3","name":"La Sentinelle","image":{"@type":"ImageObject","inLanguage":"fr-FR","@id":"https:\/\/secure.gravatar.com\/avatar\/57de8e5d4b15d43fb361a71fbb36338450fe67865b528a43dd10ef7c51a20392?s=96&d=mm&r=g","url":"https:\/\/secure.gravatar.com\/avatar\/57de8e5d4b15d43fb361a71fbb36338450fe67865b528a43dd10ef7c51a20392?s=96&d=mm&r=g","contentUrl":"https:\/\/secure.gravatar.com\/avatar\/57de8e5d4b15d43fb361a71fbb36338450fe67865b528a43dd10ef7c51a20392?s=96&d=mm&r=g","caption":"La Sentinelle"},"sameAs":["http:\/\/www.lasentinelle.dz"],"url":"https:\/\/lasentinelle.dz\/author\/redaction\/"}]}},"_links":{"self":[{"href":"https:\/\/lasentinelle.dz\/index.php\/wp-json\/wp\/v2\/posts\/54551","targetHints":{"allow":["GET"]}}],"collection":[{"href":"https:\/\/lasentinelle.dz\/index.php\/wp-json\/wp\/v2\/posts"}],"about":[{"href":"https:\/\/lasentinelle.dz\/index.php\/wp-json\/wp\/v2\/types\/post"}],"author":[{"embeddable":true,"href":"https:\/\/lasentinelle.dz\/index.php\/wp-json\/wp\/v2\/users\/3"}],"replies":[{"embeddable":true,"href":"https:\/\/lasentinelle.dz\/index.php\/wp-json\/wp\/v2\/comments?post=54551"}],"version-history":[{"count":1,"href":"https:\/\/lasentinelle.dz\/index.php\/wp-json\/wp\/v2\/posts\/54551\/revisions"}],"predecessor-version":[{"id":54553,"href":"https:\/\/lasentinelle.dz\/index.php\/wp-json\/wp\/v2\/posts\/54551\/revisions\/54553"}],"wp:featuredmedia":[{"embeddable":true,"href":"https:\/\/lasentinelle.dz\/index.php\/wp-json\/wp\/v2\/media\/54552"}],"wp:attachment":[{"href":"https:\/\/lasentinelle.dz\/index.php\/wp-json\/wp\/v2\/media?parent=54551"}],"wp:term":[{"taxonomy":"category","embeddable":true,"href":"https:\/\/lasentinelle.dz\/index.php\/wp-json\/wp\/v2\/categories?post=54551"},{"taxonomy":"post_tag","embeddable":true,"href":"https:\/\/lasentinelle.dz\/index.php\/wp-json\/wp\/v2\/tags?post=54551"}],"curies":[{"name":"wp","href":"https:\/\/api.w.org\/{rel}","templated":true}]}}