{"id":54564,"date":"2024-07-17T20:48:56","date_gmt":"2024-07-17T19:48:56","guid":{"rendered":"https:\/\/lasentinelle.dz\/?p=54564"},"modified":"2024-07-17T20:48:57","modified_gmt":"2024-07-17T19:48:57","slug":"tizi-ouzou-mise-en-service-du-transfert-deau-de-tichy-haff-vers-bouzguene","status":"publish","type":"post","link":"https:\/\/lasentinelle.dz\/index.php\/2024\/07\/17\/tizi-ouzou-mise-en-service-du-transfert-deau-de-tichy-haff-vers-bouzguene\/","title":{"rendered":"Tizi-Ouzou: Mise en service du transfert d&rsquo;eau de Tichy-Haff vers Bouzgu\u00e8ne"},"content":{"rendered":"\n<p>Dans un effort significatif pour am\u00e9liorer la structure de l&rsquo;alimentation en eau potable (AEP), le transfert d&rsquo;eau du barrage de Tichy-Haff (wilaya de Bejaia) vers la commune de Bouzgu\u00e8ne (wilaya de Tizi-Ouzou) est entr\u00e9 en exploitation ce mardi. Cette initiative t\u00e9moigne de la priorit\u00e9 accord\u00e9e par les pouvoirs publics \u00e0 la mobilisation et \u00e0 la gestion efficace des ressources hydriques en Alg\u00e9rie, pays confront\u00e9 \u00e0 des d\u00e9fis hydriques.<\/p>\n\n\n\n<p>La mise en service de cette infrastructure hydraulique strat\u00e9gique marque une \u00e9tape cruciale dans l&rsquo;am\u00e9lioration de l&rsquo;AEP de Bouzgu\u00e8ne, localit\u00e9 situ\u00e9e \u00e0 70 km \u00e0 l&rsquo;est de Tizi-Ouzou et jusqu&rsquo;alors consid\u00e9r\u00e9e comme un \u00ab\u00a0point noir\u00a0\u00bb en mati\u00e8re d&rsquo;approvisionnement en eau. Dans un premier temps, ce transfert apportera un volume suppl\u00e9mentaire de 2.000 m\u00b3\/jour, s&rsquo;ajoutant aux 2.300 m\u00b3 d\u00e9j\u00e0 distribu\u00e9s quotidiennement, avec des perspectives d&rsquo;augmentation future.Ce projet s&rsquo;inscrit dans une approche globale visant \u00e0 renforcer et \u00e0 optimiser les infrastructures hydrauliques.<\/p>\n\n\n\n<p>La concr\u00e9tisation et la mise en service du transfert d&rsquo;eau Tichy-Haff\/Bouzgu\u00e8ne intervient en r\u00e9ponse \u00e0 la demande des habitants des villages de Bouzgu\u00e8ne qui s&rsquo;\u00e9taient organis\u00e9s en coordination inter villageoise et avaient men\u00e9 des d\u00e9marches aupr\u00e8s des autorit\u00e9s comp\u00e9tentes pour faire aboutir le projet de renforcement de l&rsquo;AEP dans la r\u00e9gion. Parall\u00e8lement, des mesures d&rsquo;urgence ont \u00e9t\u00e9 mises en \u0153uvre, incluant la r\u00e9habilitation de la source Adardar et la r\u00e9alisation de forages suppl\u00e9mentaires, d\u00e9montrant l&rsquo;engagement des autorit\u00e9s \u00e0 diversifier les sources d&rsquo;approvisionnement en eau.<\/p>\n\n\n\n<p>Cette r\u00e9alisation s&rsquo;inscrit dans un programme plus vaste de d\u00e9veloppement hydraulique pour la wilaya de Tizi-Ouzou. Un investissement cons\u00e9quent de 1,770 milliard de DA a \u00e9t\u00e9 allou\u00e9 \u00e0 un programme sp\u00e9cial et d&rsquo;urgence, visant \u00e0 am\u00e9liorer l&rsquo;AEP dans plusieurs communes, particuli\u00e8rement celles confront\u00e9es \u00e0 des d\u00e9ficits chroniques.<\/p>\n\n\n\n<p>Ces efforts t\u00e9moignent de l&rsquo;importance capitale accord\u00e9e par l&rsquo;\u00c9tat alg\u00e9rien \u00e0 la s\u00e9curit\u00e9 hydrique, \u00e9l\u00e9ment cl\u00e9 du d\u00e9veloppement durable dans un pays aux ressources en eau limit\u00e9es. La mise en place de telles infrastructures et la gestion int\u00e9gr\u00e9e des ressources hydriques sont essentielles pour garantir un acc\u00e8s \u00e9quitable et durable \u00e0 l&rsquo;eau potable pour l&rsquo;ensemble de la population alg\u00e9rienne.<\/p>\n\n\n\n<p>Les autorit\u00e9s continuent de travailler \u00e0 la concr\u00e9tisation des op\u00e9rations inscrites dans ce programme, avec l&rsquo;objectif de garantir une alimentation en eau potable r\u00e9guli\u00e8re et suffisante pour toutes les populations concern\u00e9es, illustrant ainsi la priorit\u00e9 nationale accord\u00e9e \u00e0 la gestion de l&rsquo;eau dans ce contexte climatique difficile.<\/p>\n\n\n\n<p>R.R.<\/p>\n","protected":false},"excerpt":{"rendered":"<p>Dans un effort significatif pour am\u00e9liorer la structure de l&rsquo;alimentation en eau potable (AEP), le transfert d&rsquo;eau du barrage de<\/p>\n","protected":false},"author":3,"featured_media":54565,"comment_status":"open","ping_status":"closed","sticky":false,"template":"","format":"standard","meta":{"colormag_page_container_layout":"default_layout","colormag_page_sidebar_layout":"default_layout","om_disable_all_campaigns":false,"_monsterinsights_skip_tracking":false,"_monsterinsights_sitenote_active":false,"_monsterinsights_sitenote_note":"","_monsterinsights_sitenote_category":0,"footnotes":"","_wpscppro_dont_share_socialmedia":false,"_wpscppro_custom_social_share_image":0,"_facebook_share_type":"default","_twitter_share_type":"default","_linkedin_share_type":"default","_pinterest_share_type":"default","_linkedin_share_type_page":"","_instagram_share_type":"default","_medium_share_type":"","_threads_share_type":"","_google_business_share_type":"","_selected_social_profile":[],"_wpsp_enable_custom_social_template":false,"_wpsp_social_scheduling":{"enabled":false,"datetime":null,"platforms":[],"status":"template_only","dateOption":"today","timeOption":"now","customDays":"","customHours":"","customDate":"","customTime":"","schedulingType":"absolute"},"_wpsp_active_default_template":true},"categories":[31],"tags":[],"class_list":["post-54564","post","type-post","status-publish","format-standard","has-post-thumbnail","hentry","category-regions"],"aioseo_notices":[],"yoast_head":"<!-- This site is optimized with the Yoast SEO plugin v27.5 - https:\/\/yoast.com\/product\/yoast-seo-wordpress\/ -->\n<title>Tizi-Ouzou: Mise en service du transfert d&rsquo;eau de Tichy-Haff vers Bouzgu\u00e8ne - La Sentinelle<\/title>\n<meta name=\"robots\" content=\"index, follow, max-snippet:-1, max-image-preview:large, max-video-preview:-1\" \/>\n<link rel=\"canonical\" href=\"https:\/\/lasentinelle.dz\/index.php\/2024\/07\/17\/tizi-ouzou-mise-en-service-du-transfert-deau-de-tichy-haff-vers-bouzguene\/\" \/>\n<meta property=\"og:locale\" content=\"fr_FR\" \/>\n<meta property=\"og:type\" content=\"article\" \/>\n<meta property=\"og:title\" content=\"Tizi-Ouzou: Mise en service du transfert d&rsquo;eau de Tichy-Haff vers Bouzgu\u00e8ne - La Sentinelle\" \/>\n<meta property=\"og:description\" content=\"Dans un effort significatif pour am\u00e9liorer la structure de l&rsquo;alimentation en eau potable (AEP), le transfert d&rsquo;eau du barrage de\" \/>\n<meta property=\"og:url\" content=\"https:\/\/lasentinelle.dz\/index.php\/2024\/07\/17\/tizi-ouzou-mise-en-service-du-transfert-deau-de-tichy-haff-vers-bouzguene\/\" \/>\n<meta property=\"og:site_name\" content=\"La Sentinelle\" \/>\n<meta property=\"article:publisher\" content=\"https:\/\/www.facebook.com\/La-Sentinelle-104059864394773\" \/>\n<meta property=\"article:published_time\" content=\"2024-07-17T19:48:56+00:00\" \/>\n<meta property=\"article:modified_time\" content=\"2024-07-17T19:48:57+00:00\" \/>\n<meta property=\"og:image\" content=\"https:\/\/lasentinelle.dz\/wp-content\/uploads\/2024\/07\/barrage-de-tichy-haf.jpeg\" \/>\n\t<meta property=\"og:image:width\" content=\"966\" \/>\n\t<meta property=\"og:image:height\" content=\"545\" \/>\n\t<meta property=\"og:image:type\" content=\"image\/jpeg\" \/>\n<meta name=\"author\" content=\"La Sentinelle\" \/>\n<meta name=\"twitter:card\" content=\"summary_large_image\" \/>\n<meta name=\"twitter:label1\" content=\"\u00c9crit par\" \/>\n\t<meta name=\"twitter:data1\" content=\"La Sentinelle\" \/>\n\t<meta name=\"twitter:label2\" content=\"Dur\u00e9e de lecture estim\u00e9e\" \/>\n\t<meta name=\"twitter:data2\" content=\"3 minutes\" \/>\n<script type=\"application\/ld+json\" class=\"yoast-schema-graph\">{\"@context\":\"https:\\\/\\\/schema.org\",\"@graph\":[{\"@type\":\"Article\",\"@id\":\"https:\\\/\\\/lasentinelle.dz\\\/index.php\\\/2024\\\/07\\\/17\\\/tizi-ouzou-mise-en-service-du-transfert-deau-de-tichy-haff-vers-bouzguene\\\/#article\",\"isPartOf\":{\"@id\":\"https:\\\/\\\/lasentinelle.dz\\\/index.php\\\/2024\\\/07\\\/17\\\/tizi-ouzou-mise-en-service-du-transfert-deau-de-tichy-haff-vers-bouzguene\\\/\"},\"author\":{\"name\":\"La Sentinelle\",\"@id\":\"https:\\\/\\\/lasentinelle.dz\\\/#\\\/schema\\\/person\\\/d865044e22e70a75174ce8bcad3acfb3\"},\"headline\":\"Tizi-Ouzou: Mise en service du transfert d&rsquo;eau de Tichy-Haff vers Bouzgu\u00e8ne\",\"datePublished\":\"2024-07-17T19:48:56+00:00\",\"dateModified\":\"2024-07-17T19:48:57+00:00\",\"mainEntityOfPage\":{\"@id\":\"https:\\\/\\\/lasentinelle.dz\\\/index.php\\\/2024\\\/07\\\/17\\\/tizi-ouzou-mise-en-service-du-transfert-deau-de-tichy-haff-vers-bouzguene\\\/\"},\"wordCount\":467,\"commentCount\":0,\"publisher\":{\"@id\":\"https:\\\/\\\/lasentinelle.dz\\\/#organization\"},\"image\":{\"@id\":\"https:\\\/\\\/lasentinelle.dz\\\/index.php\\\/2024\\\/07\\\/17\\\/tizi-ouzou-mise-en-service-du-transfert-deau-de-tichy-haff-vers-bouzguene\\\/#primaryimage\"},\"thumbnailUrl\":\"https:\\\/\\\/lasentinelle.dz\\\/wp-content\\\/uploads\\\/2024\\\/07\\\/barrage-de-tichy-haf.jpeg\",\"articleSection\":[\"R\u00e9gions\"],\"inLanguage\":\"fr-FR\",\"potentialAction\":[{\"@type\":\"CommentAction\",\"name\":\"Comment\",\"target\":[\"https:\\\/\\\/lasentinelle.dz\\\/index.php\\\/2024\\\/07\\\/17\\\/tizi-ouzou-mise-en-service-du-transfert-deau-de-tichy-haff-vers-bouzguene\\\/#respond\"]}]},{\"@type\":\"WebPage\",\"@id\":\"https:\\\/\\\/lasentinelle.dz\\\/index.php\\\/2024\\\/07\\\/17\\\/tizi-ouzou-mise-en-service-du-transfert-deau-de-tichy-haff-vers-bouzguene\\\/\",\"url\":\"https:\\\/\\\/lasentinelle.dz\\\/index.php\\\/2024\\\/07\\\/17\\\/tizi-ouzou-mise-en-service-du-transfert-deau-de-tichy-haff-vers-bouzguene\\\/\",\"name\":\"Tizi-Ouzou: Mise en service du transfert d&rsquo;eau de Tichy-Haff vers Bouzgu\u00e8ne - La Sentinelle\",\"isPartOf\":{\"@id\":\"https:\\\/\\\/lasentinelle.dz\\\/#website\"},\"primaryImageOfPage\":{\"@id\":\"https:\\\/\\\/lasentinelle.dz\\\/index.php\\\/2024\\\/07\\\/17\\\/tizi-ouzou-mise-en-service-du-transfert-deau-de-tichy-haff-vers-bouzguene\\\/#primaryimage\"},\"image\":{\"@id\":\"https:\\\/\\\/lasentinelle.dz\\\/index.php\\\/2024\\\/07\\\/17\\\/tizi-ouzou-mise-en-service-du-transfert-deau-de-tichy-haff-vers-bouzguene\\\/#primaryimage\"},\"thumbnailUrl\":\"https:\\\/\\\/lasentinelle.dz\\\/wp-content\\\/uploads\\\/2024\\\/07\\\/barrage-de-tichy-haf.jpeg\",\"datePublished\":\"2024-07-17T19:48:56+00:00\",\"dateModified\":\"2024-07-17T19:48:57+00:00\",\"breadcrumb\":{\"@id\":\"https:\\\/\\\/lasentinelle.dz\\\/index.php\\\/2024\\\/07\\\/17\\\/tizi-ouzou-mise-en-service-du-transfert-deau-de-tichy-haff-vers-bouzguene\\\/#breadcrumb\"},\"inLanguage\":\"fr-FR\",\"potentialAction\":[{\"@type\":\"ReadAction\",\"target\":[\"https:\\\/\\\/lasentinelle.dz\\\/index.php\\\/2024\\\/07\\\/17\\\/tizi-ouzou-mise-en-service-du-transfert-deau-de-tichy-haff-vers-bouzguene\\\/\"]}]},{\"@type\":\"ImageObject\",\"inLanguage\":\"fr-FR\",\"@id\":\"https:\\\/\\\/lasentinelle.dz\\\/index.php\\\/2024\\\/07\\\/17\\\/tizi-ouzou-mise-en-service-du-transfert-deau-de-tichy-haff-vers-bouzguene\\\/#primaryimage\",\"url\":\"https:\\\/\\\/lasentinelle.dz\\\/wp-content\\\/uploads\\\/2024\\\/07\\\/barrage-de-tichy-haf.jpeg\",\"contentUrl\":\"https:\\\/\\\/lasentinelle.dz\\\/wp-content\\\/uploads\\\/2024\\\/07\\\/barrage-de-tichy-haf.jpeg\",\"width\":966,\"height\":545},{\"@type\":\"BreadcrumbList\",\"@id\":\"https:\\\/\\\/lasentinelle.dz\\\/index.php\\\/2024\\\/07\\\/17\\\/tizi-ouzou-mise-en-service-du-transfert-deau-de-tichy-haff-vers-bouzguene\\\/#breadcrumb\",\"itemListElement\":[{\"@type\":\"ListItem\",\"position\":1,\"name\":\"Accueil\",\"item\":\"https:\\\/\\\/lasentinelle.dz\\\/\"},{\"@type\":\"ListItem\",\"position\":2,\"name\":\"Tizi-Ouzou: Mise en service du transfert d&rsquo;eau de Tichy-Haff vers Bouzgu\u00e8ne\"}]},{\"@type\":\"WebSite\",\"@id\":\"https:\\\/\\\/lasentinelle.dz\\\/#website\",\"url\":\"https:\\\/\\\/lasentinelle.dz\\\/\",\"name\":\"La Sentinelle\",\"description\":\"Quotidien national d&#039;information\",\"publisher\":{\"@id\":\"https:\\\/\\\/lasentinelle.dz\\\/#organization\"},\"potentialAction\":[{\"@type\":\"SearchAction\",\"target\":{\"@type\":\"EntryPoint\",\"urlTemplate\":\"https:\\\/\\\/lasentinelle.dz\\\/?s={search_term_string}\"},\"query-input\":{\"@type\":\"PropertyValueSpecification\",\"valueRequired\":true,\"valueName\":\"search_term_string\"}}],\"inLanguage\":\"fr-FR\"},{\"@type\":\"Organization\",\"@id\":\"https:\\\/\\\/lasentinelle.dz\\\/#organization\",\"name\":\"Quotidien La Sentinelle\",\"url\":\"https:\\\/\\\/lasentinelle.dz\\\/\",\"logo\":{\"@type\":\"ImageObject\",\"inLanguage\":\"fr-FR\",\"@id\":\"https:\\\/\\\/lasentinelle.dz\\\/#\\\/schema\\\/logo\\\/image\\\/\",\"url\":\"https:\\\/\\\/lasentinelle.dz\\\/wp-content\\\/uploads\\\/2021\\\/09\\\/logo-sentinelleSLOGAN-1.png\",\"contentUrl\":\"https:\\\/\\\/lasentinelle.dz\\\/wp-content\\\/uploads\\\/2021\\\/09\\\/logo-sentinelleSLOGAN-1.png\",\"width\":615,\"height\":142,\"caption\":\"Quotidien La Sentinelle\"},\"image\":{\"@id\":\"https:\\\/\\\/lasentinelle.dz\\\/#\\\/schema\\\/logo\\\/image\\\/\"},\"sameAs\":[\"https:\\\/\\\/www.facebook.com\\\/La-Sentinelle-104059864394773\"]},{\"@type\":\"Person\",\"@id\":\"https:\\\/\\\/lasentinelle.dz\\\/#\\\/schema\\\/person\\\/d865044e22e70a75174ce8bcad3acfb3\",\"name\":\"La Sentinelle\",\"image\":{\"@type\":\"ImageObject\",\"inLanguage\":\"fr-FR\",\"@id\":\"https:\\\/\\\/secure.gravatar.com\\\/avatar\\\/57de8e5d4b15d43fb361a71fbb36338450fe67865b528a43dd10ef7c51a20392?s=96&d=mm&r=g\",\"url\":\"https:\\\/\\\/secure.gravatar.com\\\/avatar\\\/57de8e5d4b15d43fb361a71fbb36338450fe67865b528a43dd10ef7c51a20392?s=96&d=mm&r=g\",\"contentUrl\":\"https:\\\/\\\/secure.gravatar.com\\\/avatar\\\/57de8e5d4b15d43fb361a71fbb36338450fe67865b528a43dd10ef7c51a20392?s=96&d=mm&r=g\",\"caption\":\"La Sentinelle\"},\"sameAs\":[\"http:\\\/\\\/www.lasentinelle.dz\"],\"url\":\"https:\\\/\\\/lasentinelle.dz\\\/author\\\/redaction\\\/\"}]}<\/script>\n<!-- \/ Yoast SEO plugin. -->","yoast_head_json":{"title":"Tizi-Ouzou: Mise en service du transfert d&rsquo;eau de Tichy-Haff vers Bouzgu\u00e8ne - La Sentinelle","robots":{"index":"index","follow":"follow","max-snippet":"max-snippet:-1","max-image-preview":"max-image-preview:large","max-video-preview":"max-video-preview:-1"},"canonical":"https:\/\/lasentinelle.dz\/index.php\/2024\/07\/17\/tizi-ouzou-mise-en-service-du-transfert-deau-de-tichy-haff-vers-bouzguene\/","og_locale":"fr_FR","og_type":"article","og_title":"Tizi-Ouzou: Mise en service du transfert d&rsquo;eau de Tichy-Haff vers Bouzgu\u00e8ne - La Sentinelle","og_description":"Dans un effort significatif pour am\u00e9liorer la structure de l&rsquo;alimentation en eau potable (AEP), le transfert d&rsquo;eau du barrage de","og_url":"https:\/\/lasentinelle.dz\/index.php\/2024\/07\/17\/tizi-ouzou-mise-en-service-du-transfert-deau-de-tichy-haff-vers-bouzguene\/","og_site_name":"La Sentinelle","article_publisher":"https:\/\/www.facebook.com\/La-Sentinelle-104059864394773","article_published_time":"2024-07-17T19:48:56+00:00","article_modified_time":"2024-07-17T19:48:57+00:00","og_image":[{"width":966,"height":545,"url":"https:\/\/lasentinelle.dz\/wp-content\/uploads\/2024\/07\/barrage-de-tichy-haf.jpeg","type":"image\/jpeg"}],"author":"La Sentinelle","twitter_card":"summary_large_image","twitter_misc":{"\u00c9crit par":"La Sentinelle","Dur\u00e9e de lecture estim\u00e9e":"3 minutes"},"schema":{"@context":"https:\/\/schema.org","@graph":[{"@type":"Article","@id":"https:\/\/lasentinelle.dz\/index.php\/2024\/07\/17\/tizi-ouzou-mise-en-service-du-transfert-deau-de-tichy-haff-vers-bouzguene\/#article","isPartOf":{"@id":"https:\/\/lasentinelle.dz\/index.php\/2024\/07\/17\/tizi-ouzou-mise-en-service-du-transfert-deau-de-tichy-haff-vers-bouzguene\/"},"author":{"name":"La Sentinelle","@id":"https:\/\/lasentinelle.dz\/#\/schema\/person\/d865044e22e70a75174ce8bcad3acfb3"},"headline":"Tizi-Ouzou: Mise en service du transfert d&rsquo;eau de Tichy-Haff vers Bouzgu\u00e8ne","datePublished":"2024-07-17T19:48:56+00:00","dateModified":"2024-07-17T19:48:57+00:00","mainEntityOfPage":{"@id":"https:\/\/lasentinelle.dz\/index.php\/2024\/07\/17\/tizi-ouzou-mise-en-service-du-transfert-deau-de-tichy-haff-vers-bouzguene\/"},"wordCount":467,"commentCount":0,"publisher":{"@id":"https:\/\/lasentinelle.dz\/#organization"},"image":{"@id":"https:\/\/lasentinelle.dz\/index.php\/2024\/07\/17\/tizi-ouzou-mise-en-service-du-transfert-deau-de-tichy-haff-vers-bouzguene\/#primaryimage"},"thumbnailUrl":"https:\/\/lasentinelle.dz\/wp-content\/uploads\/2024\/07\/barrage-de-tichy-haf.jpeg","articleSection":["R\u00e9gions"],"inLanguage":"fr-FR","potentialAction":[{"@type":"CommentAction","name":"Comment","target":["https:\/\/lasentinelle.dz\/index.php\/2024\/07\/17\/tizi-ouzou-mise-en-service-du-transfert-deau-de-tichy-haff-vers-bouzguene\/#respond"]}]},{"@type":"WebPage","@id":"https:\/\/lasentinelle.dz\/index.php\/2024\/07\/17\/tizi-ouzou-mise-en-service-du-transfert-deau-de-tichy-haff-vers-bouzguene\/","url":"https:\/\/lasentinelle.dz\/index.php\/2024\/07\/17\/tizi-ouzou-mise-en-service-du-transfert-deau-de-tichy-haff-vers-bouzguene\/","name":"Tizi-Ouzou: Mise en service du transfert d&rsquo;eau de Tichy-Haff vers Bouzgu\u00e8ne - La Sentinelle","isPartOf":{"@id":"https:\/\/lasentinelle.dz\/#website"},"primaryImageOfPage":{"@id":"https:\/\/lasentinelle.dz\/index.php\/2024\/07\/17\/tizi-ouzou-mise-en-service-du-transfert-deau-de-tichy-haff-vers-bouzguene\/#primaryimage"},"image":{"@id":"https:\/\/lasentinelle.dz\/index.php\/2024\/07\/17\/tizi-ouzou-mise-en-service-du-transfert-deau-de-tichy-haff-vers-bouzguene\/#primaryimage"},"thumbnailUrl":"https:\/\/lasentinelle.dz\/wp-content\/uploads\/2024\/07\/barrage-de-tichy-haf.jpeg","datePublished":"2024-07-17T19:48:56+00:00","dateModified":"2024-07-17T19:48:57+00:00","breadcrumb":{"@id":"https:\/\/lasentinelle.dz\/index.php\/2024\/07\/17\/tizi-ouzou-mise-en-service-du-transfert-deau-de-tichy-haff-vers-bouzguene\/#breadcrumb"},"inLanguage":"fr-FR","potentialAction":[{"@type":"ReadAction","target":["https:\/\/lasentinelle.dz\/index.php\/2024\/07\/17\/tizi-ouzou-mise-en-service-du-transfert-deau-de-tichy-haff-vers-bouzguene\/"]}]},{"@type":"ImageObject","inLanguage":"fr-FR","@id":"https:\/\/lasentinelle.dz\/index.php\/2024\/07\/17\/tizi-ouzou-mise-en-service-du-transfert-deau-de-tichy-haff-vers-bouzguene\/#primaryimage","url":"https:\/\/lasentinelle.dz\/wp-content\/uploads\/2024\/07\/barrage-de-tichy-haf.jpeg","contentUrl":"https:\/\/lasentinelle.dz\/wp-content\/uploads\/2024\/07\/barrage-de-tichy-haf.jpeg","width":966,"height":545},{"@type":"BreadcrumbList","@id":"https:\/\/lasentinelle.dz\/index.php\/2024\/07\/17\/tizi-ouzou-mise-en-service-du-transfert-deau-de-tichy-haff-vers-bouzguene\/#breadcrumb","itemListElement":[{"@type":"ListItem","position":1,"name":"Accueil","item":"https:\/\/lasentinelle.dz\/"},{"@type":"ListItem","position":2,"name":"Tizi-Ouzou: Mise en service du transfert d&rsquo;eau de Tichy-Haff vers Bouzgu\u00e8ne"}]},{"@type":"WebSite","@id":"https:\/\/lasentinelle.dz\/#website","url":"https:\/\/lasentinelle.dz\/","name":"La Sentinelle","description":"Quotidien national d&#039;information","publisher":{"@id":"https:\/\/lasentinelle.dz\/#organization"},"potentialAction":[{"@type":"SearchAction","target":{"@type":"EntryPoint","urlTemplate":"https:\/\/lasentinelle.dz\/?s={search_term_string}"},"query-input":{"@type":"PropertyValueSpecification","valueRequired":true,"valueName":"search_term_string"}}],"inLanguage":"fr-FR"},{"@type":"Organization","@id":"https:\/\/lasentinelle.dz\/#organization","name":"Quotidien La Sentinelle","url":"https:\/\/lasentinelle.dz\/","logo":{"@type":"ImageObject","inLanguage":"fr-FR","@id":"https:\/\/lasentinelle.dz\/#\/schema\/logo\/image\/","url":"https:\/\/lasentinelle.dz\/wp-content\/uploads\/2021\/09\/logo-sentinelleSLOGAN-1.png","contentUrl":"https:\/\/lasentinelle.dz\/wp-content\/uploads\/2021\/09\/logo-sentinelleSLOGAN-1.png","width":615,"height":142,"caption":"Quotidien La Sentinelle"},"image":{"@id":"https:\/\/lasentinelle.dz\/#\/schema\/logo\/image\/"},"sameAs":["https:\/\/www.facebook.com\/La-Sentinelle-104059864394773"]},{"@type":"Person","@id":"https:\/\/lasentinelle.dz\/#\/schema\/person\/d865044e22e70a75174ce8bcad3acfb3","name":"La Sentinelle","image":{"@type":"ImageObject","inLanguage":"fr-FR","@id":"https:\/\/secure.gravatar.com\/avatar\/57de8e5d4b15d43fb361a71fbb36338450fe67865b528a43dd10ef7c51a20392?s=96&d=mm&r=g","url":"https:\/\/secure.gravatar.com\/avatar\/57de8e5d4b15d43fb361a71fbb36338450fe67865b528a43dd10ef7c51a20392?s=96&d=mm&r=g","contentUrl":"https:\/\/secure.gravatar.com\/avatar\/57de8e5d4b15d43fb361a71fbb36338450fe67865b528a43dd10ef7c51a20392?s=96&d=mm&r=g","caption":"La Sentinelle"},"sameAs":["http:\/\/www.lasentinelle.dz"],"url":"https:\/\/lasentinelle.dz\/author\/redaction\/"}]}},"_links":{"self":[{"href":"https:\/\/lasentinelle.dz\/index.php\/wp-json\/wp\/v2\/posts\/54564","targetHints":{"allow":["GET"]}}],"collection":[{"href":"https:\/\/lasentinelle.dz\/index.php\/wp-json\/wp\/v2\/posts"}],"about":[{"href":"https:\/\/lasentinelle.dz\/index.php\/wp-json\/wp\/v2\/types\/post"}],"author":[{"embeddable":true,"href":"https:\/\/lasentinelle.dz\/index.php\/wp-json\/wp\/v2\/users\/3"}],"replies":[{"embeddable":true,"href":"https:\/\/lasentinelle.dz\/index.php\/wp-json\/wp\/v2\/comments?post=54564"}],"version-history":[{"count":2,"href":"https:\/\/lasentinelle.dz\/index.php\/wp-json\/wp\/v2\/posts\/54564\/revisions"}],"predecessor-version":[{"id":54567,"href":"https:\/\/lasentinelle.dz\/index.php\/wp-json\/wp\/v2\/posts\/54564\/revisions\/54567"}],"wp:featuredmedia":[{"embeddable":true,"href":"https:\/\/lasentinelle.dz\/index.php\/wp-json\/wp\/v2\/media\/54565"}],"wp:attachment":[{"href":"https:\/\/lasentinelle.dz\/index.php\/wp-json\/wp\/v2\/media?parent=54564"}],"wp:term":[{"taxonomy":"category","embeddable":true,"href":"https:\/\/lasentinelle.dz\/index.php\/wp-json\/wp\/v2\/categories?post=54564"},{"taxonomy":"post_tag","embeddable":true,"href":"https:\/\/lasentinelle.dz\/index.php\/wp-json\/wp\/v2\/tags?post=54564"}],"curies":[{"name":"wp","href":"https:\/\/api.w.org\/{rel}","templated":true}]}}