{"id":54571,"date":"2024-07-17T20:52:46","date_gmt":"2024-07-17T19:52:46","guid":{"rendered":"https:\/\/lasentinelle.dz\/?p=54571"},"modified":"2024-07-17T20:52:47","modified_gmt":"2024-07-17T19:52:47","slug":"arganier-de-nouvelles-surface-de-culture-mobilisees","status":"publish","type":"post","link":"https:\/\/lasentinelle.dz\/index.php\/2024\/07\/17\/arganier-de-nouvelles-surface-de-culture-mobilisees\/","title":{"rendered":"Arganier : De nouvelles surface de culture mobilis\u00e9es"},"content":{"rendered":"\n<p>La culture de l\u2019Arganier s\u2019inscrit dans le cadre d&rsquo;un programme propos\u00e9 qui a \u00e9t\u00e9 lanc\u00e9 en 2023 et s&rsquo;\u00e9tendra jusqu&rsquo;en 2030. Dans ce contexte la conservation des for\u00eats de la wilaya de T\u00e9bessa a annonc\u00e9 que -pas moins de 117 hectares ont \u00e9t\u00e9 allou\u00e9s pour planter cet arbre dans les communes de Negrin, Ferkan, Bir El-Ater et Sath Kentis, pour \u00eatre \u00e9tendus ult\u00e9rieurement au reste des communes, afin d\u2019assurer sa p\u00e9rennit\u00e9 et le d\u00e9veloppement de sa culture notamment. L\u2019Arganier est unique de par la pr\u00e9cieuse huile qu&rsquo;il produit. Il pr\u00e9sente surtout une grande capacit\u00e9 d&rsquo;adaptation \u00e0 l&rsquo;environnement sec. Outre son usage alimentaire, l\u2019huile d\u2019Argan est utilis\u00e9e dans le domaine m\u00e9dical. Elle est utilis\u00e9e dans le traitement de diverses maladies. Au-del\u00e0 c\u2019est aussi son usage dans le domaine cosm\u00e9tique, ce qui lui a valu la qualification d\u2019or liquide ou l\u2019or vert. Export\u00e9e dans plusieurs pays, l\u2019huile d\u2019argan peut co\u00fbter plus de 300 dollars \/ litre. Ce qui lui a valu la classification de plus ch\u00e8re huile alimentaire dans le monde. D\u2019o\u00f9 le but de cette exp\u00e9rimentation qui vise \u00e0 d\u00e9velopper ce type de plantes qui, outre sa contribution \u00e0 la diversification de la production agricole, repr\u00e9sente une valeur ajout\u00e9e au d\u00e9veloppement socio-\u00e9conomique pour la r\u00e9gion. L&rsquo;id\u00e9e de planter des Arganiers dans les communes cit\u00e9es ci-dessus, a pour objectif le d\u00e9veloppement cette fili\u00e8re, en raison de l&rsquo;int\u00e9r\u00eat croissant que portent de nombreuses soci\u00e9t\u00e9s pour l&rsquo;Arganier, exploit\u00e9 dans l&rsquo;extraction de l&rsquo;huile, ainsi que son importance dans l&rsquo;industrie cosm\u00e9tique, en plus de son exploitation comme aliment de b\u00e9tail. \u00c0 noter que, l&rsquo;int\u00e9r\u00eat accord\u00e9 au d\u00e9veloppement de la fili\u00e8re Arganier et l&rsquo;\u00e9largissement de ses zones de plantation, d\u00e9coule de la disponibilit\u00e9 des p\u00e9pini\u00e8re et la formation de ceux souhaitant les planter ; c\u2019est pourquoi, les agriculteurs et les investisseurs sont appel\u00e9s \u00e0 se rapprocher de la conservation des for\u00eats afin de b\u00e9n\u00e9ficier de l&rsquo;appui technique et de l&rsquo;accompagnement que peuvent leur assurer et garantir les services de cette direction, pour promouvoir cette fili\u00e8re cr\u00e9atrice de richesses au niveau local et de contribuer \u00e0 la diversification des exportations, compte tenu de la demande croissante sur le march\u00e9 international. \u00c0 noter que le programme national de d\u00e9veloppement de la fili\u00e8re de l&rsquo;Arganier est en plein essor. Initi\u00e9 par le pr\u00e9sident Abdelmadjid Tebboune, ce programme vise \u00e0 revitaliser cette fili\u00e8re \u00e9conomique par excellence.<\/p>\n\n\n\n<p><strong>Sofia Chahine<\/strong><\/p>\n","protected":false},"excerpt":{"rendered":"<p>La culture de l\u2019Arganier s\u2019inscrit dans le cadre d&rsquo;un programme propos\u00e9 qui a \u00e9t\u00e9 lanc\u00e9 en 2023 et s&rsquo;\u00e9tendra jusqu&rsquo;en<\/p>\n","protected":false},"author":3,"featured_media":54572,"comment_status":"open","ping_status":"closed","sticky":false,"template":"","format":"standard","meta":{"colormag_page_container_layout":"default_layout","colormag_page_sidebar_layout":"default_layout","om_disable_all_campaigns":false,"_monsterinsights_skip_tracking":false,"_monsterinsights_sitenote_active":false,"_monsterinsights_sitenote_note":"","_monsterinsights_sitenote_category":0,"footnotes":"","_wpscppro_dont_share_socialmedia":false,"_wpscppro_custom_social_share_image":0,"_facebook_share_type":"default","_twitter_share_type":"default","_linkedin_share_type":"default","_pinterest_share_type":"default","_linkedin_share_type_page":"","_instagram_share_type":"default","_medium_share_type":"","_threads_share_type":"","_google_business_share_type":"","_selected_social_profile":[],"_wpsp_enable_custom_social_template":false,"_wpsp_social_scheduling":{"enabled":false,"datetime":null,"platforms":[],"status":"template_only","dateOption":"today","timeOption":"now","customDays":"","customHours":"","customDate":"","customTime":"","schedulingType":"absolute"},"_wpsp_active_default_template":true},"categories":[29],"tags":[],"class_list":["post-54571","post","type-post","status-publish","format-standard","has-post-thumbnail","hentry","category-economie"],"aioseo_notices":[],"yoast_head":"<!-- This site is optimized with the Yoast SEO plugin v27.5 - https:\/\/yoast.com\/product\/yoast-seo-wordpress\/ -->\n<title>Arganier : De nouvelles surface de culture mobilis\u00e9es - La Sentinelle<\/title>\n<meta name=\"robots\" content=\"index, follow, max-snippet:-1, max-image-preview:large, max-video-preview:-1\" \/>\n<link rel=\"canonical\" href=\"https:\/\/lasentinelle.dz\/index.php\/2024\/07\/17\/arganier-de-nouvelles-surface-de-culture-mobilisees\/\" \/>\n<meta property=\"og:locale\" content=\"fr_FR\" \/>\n<meta property=\"og:type\" content=\"article\" \/>\n<meta property=\"og:title\" content=\"Arganier : De nouvelles surface de culture mobilis\u00e9es - La Sentinelle\" \/>\n<meta property=\"og:description\" content=\"La culture de l\u2019Arganier s\u2019inscrit dans le cadre d&rsquo;un programme propos\u00e9 qui a \u00e9t\u00e9 lanc\u00e9 en 2023 et s&rsquo;\u00e9tendra jusqu&rsquo;en\" \/>\n<meta property=\"og:url\" content=\"https:\/\/lasentinelle.dz\/index.php\/2024\/07\/17\/arganier-de-nouvelles-surface-de-culture-mobilisees\/\" \/>\n<meta property=\"og:site_name\" content=\"La Sentinelle\" \/>\n<meta property=\"article:publisher\" content=\"https:\/\/www.facebook.com\/La-Sentinelle-104059864394773\" \/>\n<meta property=\"article:published_time\" content=\"2024-07-17T19:52:46+00:00\" \/>\n<meta property=\"article:modified_time\" content=\"2024-07-17T19:52:47+00:00\" \/>\n<meta property=\"og:image\" content=\"https:\/\/lasentinelle.dz\/wp-content\/uploads\/2024\/07\/argan.jpeg\" \/>\n\t<meta property=\"og:image:width\" content=\"400\" \/>\n\t<meta property=\"og:image:height\" content=\"400\" \/>\n\t<meta property=\"og:image:type\" content=\"image\/jpeg\" \/>\n<meta name=\"author\" content=\"La Sentinelle\" \/>\n<meta name=\"twitter:card\" content=\"summary_large_image\" \/>\n<meta name=\"twitter:label1\" content=\"\u00c9crit par\" \/>\n\t<meta name=\"twitter:data1\" content=\"La Sentinelle\" \/>\n\t<meta name=\"twitter:label2\" content=\"Dur\u00e9e de lecture estim\u00e9e\" \/>\n\t<meta name=\"twitter:data2\" content=\"3 minutes\" \/>\n<script type=\"application\/ld+json\" class=\"yoast-schema-graph\">{\"@context\":\"https:\\\/\\\/schema.org\",\"@graph\":[{\"@type\":\"Article\",\"@id\":\"https:\\\/\\\/lasentinelle.dz\\\/index.php\\\/2024\\\/07\\\/17\\\/arganier-de-nouvelles-surface-de-culture-mobilisees\\\/#article\",\"isPartOf\":{\"@id\":\"https:\\\/\\\/lasentinelle.dz\\\/index.php\\\/2024\\\/07\\\/17\\\/arganier-de-nouvelles-surface-de-culture-mobilisees\\\/\"},\"author\":{\"name\":\"La Sentinelle\",\"@id\":\"https:\\\/\\\/lasentinelle.dz\\\/#\\\/schema\\\/person\\\/d865044e22e70a75174ce8bcad3acfb3\"},\"headline\":\"Arganier : De nouvelles surface de culture mobilis\u00e9es\",\"datePublished\":\"2024-07-17T19:52:46+00:00\",\"dateModified\":\"2024-07-17T19:52:47+00:00\",\"mainEntityOfPage\":{\"@id\":\"https:\\\/\\\/lasentinelle.dz\\\/index.php\\\/2024\\\/07\\\/17\\\/arganier-de-nouvelles-surface-de-culture-mobilisees\\\/\"},\"wordCount\":460,\"commentCount\":0,\"publisher\":{\"@id\":\"https:\\\/\\\/lasentinelle.dz\\\/#organization\"},\"image\":{\"@id\":\"https:\\\/\\\/lasentinelle.dz\\\/index.php\\\/2024\\\/07\\\/17\\\/arganier-de-nouvelles-surface-de-culture-mobilisees\\\/#primaryimage\"},\"thumbnailUrl\":\"https:\\\/\\\/lasentinelle.dz\\\/wp-content\\\/uploads\\\/2024\\\/07\\\/argan.jpeg\",\"articleSection\":[\"\u00c9conomie\"],\"inLanguage\":\"fr-FR\",\"potentialAction\":[{\"@type\":\"CommentAction\",\"name\":\"Comment\",\"target\":[\"https:\\\/\\\/lasentinelle.dz\\\/index.php\\\/2024\\\/07\\\/17\\\/arganier-de-nouvelles-surface-de-culture-mobilisees\\\/#respond\"]}]},{\"@type\":\"WebPage\",\"@id\":\"https:\\\/\\\/lasentinelle.dz\\\/index.php\\\/2024\\\/07\\\/17\\\/arganier-de-nouvelles-surface-de-culture-mobilisees\\\/\",\"url\":\"https:\\\/\\\/lasentinelle.dz\\\/index.php\\\/2024\\\/07\\\/17\\\/arganier-de-nouvelles-surface-de-culture-mobilisees\\\/\",\"name\":\"Arganier : De nouvelles surface de culture mobilis\u00e9es - La Sentinelle\",\"isPartOf\":{\"@id\":\"https:\\\/\\\/lasentinelle.dz\\\/#website\"},\"primaryImageOfPage\":{\"@id\":\"https:\\\/\\\/lasentinelle.dz\\\/index.php\\\/2024\\\/07\\\/17\\\/arganier-de-nouvelles-surface-de-culture-mobilisees\\\/#primaryimage\"},\"image\":{\"@id\":\"https:\\\/\\\/lasentinelle.dz\\\/index.php\\\/2024\\\/07\\\/17\\\/arganier-de-nouvelles-surface-de-culture-mobilisees\\\/#primaryimage\"},\"thumbnailUrl\":\"https:\\\/\\\/lasentinelle.dz\\\/wp-content\\\/uploads\\\/2024\\\/07\\\/argan.jpeg\",\"datePublished\":\"2024-07-17T19:52:46+00:00\",\"dateModified\":\"2024-07-17T19:52:47+00:00\",\"breadcrumb\":{\"@id\":\"https:\\\/\\\/lasentinelle.dz\\\/index.php\\\/2024\\\/07\\\/17\\\/arganier-de-nouvelles-surface-de-culture-mobilisees\\\/#breadcrumb\"},\"inLanguage\":\"fr-FR\",\"potentialAction\":[{\"@type\":\"ReadAction\",\"target\":[\"https:\\\/\\\/lasentinelle.dz\\\/index.php\\\/2024\\\/07\\\/17\\\/arganier-de-nouvelles-surface-de-culture-mobilisees\\\/\"]}]},{\"@type\":\"ImageObject\",\"inLanguage\":\"fr-FR\",\"@id\":\"https:\\\/\\\/lasentinelle.dz\\\/index.php\\\/2024\\\/07\\\/17\\\/arganier-de-nouvelles-surface-de-culture-mobilisees\\\/#primaryimage\",\"url\":\"https:\\\/\\\/lasentinelle.dz\\\/wp-content\\\/uploads\\\/2024\\\/07\\\/argan.jpeg\",\"contentUrl\":\"https:\\\/\\\/lasentinelle.dz\\\/wp-content\\\/uploads\\\/2024\\\/07\\\/argan.jpeg\",\"width\":400,\"height\":400},{\"@type\":\"BreadcrumbList\",\"@id\":\"https:\\\/\\\/lasentinelle.dz\\\/index.php\\\/2024\\\/07\\\/17\\\/arganier-de-nouvelles-surface-de-culture-mobilisees\\\/#breadcrumb\",\"itemListElement\":[{\"@type\":\"ListItem\",\"position\":1,\"name\":\"Accueil\",\"item\":\"https:\\\/\\\/lasentinelle.dz\\\/\"},{\"@type\":\"ListItem\",\"position\":2,\"name\":\"Arganier : De nouvelles surface de culture mobilis\u00e9es\"}]},{\"@type\":\"WebSite\",\"@id\":\"https:\\\/\\\/lasentinelle.dz\\\/#website\",\"url\":\"https:\\\/\\\/lasentinelle.dz\\\/\",\"name\":\"La Sentinelle\",\"description\":\"Quotidien national d&#039;information\",\"publisher\":{\"@id\":\"https:\\\/\\\/lasentinelle.dz\\\/#organization\"},\"potentialAction\":[{\"@type\":\"SearchAction\",\"target\":{\"@type\":\"EntryPoint\",\"urlTemplate\":\"https:\\\/\\\/lasentinelle.dz\\\/?s={search_term_string}\"},\"query-input\":{\"@type\":\"PropertyValueSpecification\",\"valueRequired\":true,\"valueName\":\"search_term_string\"}}],\"inLanguage\":\"fr-FR\"},{\"@type\":\"Organization\",\"@id\":\"https:\\\/\\\/lasentinelle.dz\\\/#organization\",\"name\":\"Quotidien La Sentinelle\",\"url\":\"https:\\\/\\\/lasentinelle.dz\\\/\",\"logo\":{\"@type\":\"ImageObject\",\"inLanguage\":\"fr-FR\",\"@id\":\"https:\\\/\\\/lasentinelle.dz\\\/#\\\/schema\\\/logo\\\/image\\\/\",\"url\":\"https:\\\/\\\/lasentinelle.dz\\\/wp-content\\\/uploads\\\/2021\\\/09\\\/logo-sentinelleSLOGAN-1.png\",\"contentUrl\":\"https:\\\/\\\/lasentinelle.dz\\\/wp-content\\\/uploads\\\/2021\\\/09\\\/logo-sentinelleSLOGAN-1.png\",\"width\":615,\"height\":142,\"caption\":\"Quotidien La Sentinelle\"},\"image\":{\"@id\":\"https:\\\/\\\/lasentinelle.dz\\\/#\\\/schema\\\/logo\\\/image\\\/\"},\"sameAs\":[\"https:\\\/\\\/www.facebook.com\\\/La-Sentinelle-104059864394773\"]},{\"@type\":\"Person\",\"@id\":\"https:\\\/\\\/lasentinelle.dz\\\/#\\\/schema\\\/person\\\/d865044e22e70a75174ce8bcad3acfb3\",\"name\":\"La Sentinelle\",\"image\":{\"@type\":\"ImageObject\",\"inLanguage\":\"fr-FR\",\"@id\":\"https:\\\/\\\/secure.gravatar.com\\\/avatar\\\/57de8e5d4b15d43fb361a71fbb36338450fe67865b528a43dd10ef7c51a20392?s=96&d=mm&r=g\",\"url\":\"https:\\\/\\\/secure.gravatar.com\\\/avatar\\\/57de8e5d4b15d43fb361a71fbb36338450fe67865b528a43dd10ef7c51a20392?s=96&d=mm&r=g\",\"contentUrl\":\"https:\\\/\\\/secure.gravatar.com\\\/avatar\\\/57de8e5d4b15d43fb361a71fbb36338450fe67865b528a43dd10ef7c51a20392?s=96&d=mm&r=g\",\"caption\":\"La Sentinelle\"},\"sameAs\":[\"http:\\\/\\\/www.lasentinelle.dz\"],\"url\":\"https:\\\/\\\/lasentinelle.dz\\\/author\\\/redaction\\\/\"}]}<\/script>\n<!-- \/ Yoast SEO plugin. -->","yoast_head_json":{"title":"Arganier : De nouvelles surface de culture mobilis\u00e9es - La Sentinelle","robots":{"index":"index","follow":"follow","max-snippet":"max-snippet:-1","max-image-preview":"max-image-preview:large","max-video-preview":"max-video-preview:-1"},"canonical":"https:\/\/lasentinelle.dz\/index.php\/2024\/07\/17\/arganier-de-nouvelles-surface-de-culture-mobilisees\/","og_locale":"fr_FR","og_type":"article","og_title":"Arganier : De nouvelles surface de culture mobilis\u00e9es - La Sentinelle","og_description":"La culture de l\u2019Arganier s\u2019inscrit dans le cadre d&rsquo;un programme propos\u00e9 qui a \u00e9t\u00e9 lanc\u00e9 en 2023 et s&rsquo;\u00e9tendra jusqu&rsquo;en","og_url":"https:\/\/lasentinelle.dz\/index.php\/2024\/07\/17\/arganier-de-nouvelles-surface-de-culture-mobilisees\/","og_site_name":"La Sentinelle","article_publisher":"https:\/\/www.facebook.com\/La-Sentinelle-104059864394773","article_published_time":"2024-07-17T19:52:46+00:00","article_modified_time":"2024-07-17T19:52:47+00:00","og_image":[{"width":400,"height":400,"url":"https:\/\/lasentinelle.dz\/wp-content\/uploads\/2024\/07\/argan.jpeg","type":"image\/jpeg"}],"author":"La Sentinelle","twitter_card":"summary_large_image","twitter_misc":{"\u00c9crit par":"La Sentinelle","Dur\u00e9e de lecture estim\u00e9e":"3 minutes"},"schema":{"@context":"https:\/\/schema.org","@graph":[{"@type":"Article","@id":"https:\/\/lasentinelle.dz\/index.php\/2024\/07\/17\/arganier-de-nouvelles-surface-de-culture-mobilisees\/#article","isPartOf":{"@id":"https:\/\/lasentinelle.dz\/index.php\/2024\/07\/17\/arganier-de-nouvelles-surface-de-culture-mobilisees\/"},"author":{"name":"La Sentinelle","@id":"https:\/\/lasentinelle.dz\/#\/schema\/person\/d865044e22e70a75174ce8bcad3acfb3"},"headline":"Arganier : De nouvelles surface de culture mobilis\u00e9es","datePublished":"2024-07-17T19:52:46+00:00","dateModified":"2024-07-17T19:52:47+00:00","mainEntityOfPage":{"@id":"https:\/\/lasentinelle.dz\/index.php\/2024\/07\/17\/arganier-de-nouvelles-surface-de-culture-mobilisees\/"},"wordCount":460,"commentCount":0,"publisher":{"@id":"https:\/\/lasentinelle.dz\/#organization"},"image":{"@id":"https:\/\/lasentinelle.dz\/index.php\/2024\/07\/17\/arganier-de-nouvelles-surface-de-culture-mobilisees\/#primaryimage"},"thumbnailUrl":"https:\/\/lasentinelle.dz\/wp-content\/uploads\/2024\/07\/argan.jpeg","articleSection":["\u00c9conomie"],"inLanguage":"fr-FR","potentialAction":[{"@type":"CommentAction","name":"Comment","target":["https:\/\/lasentinelle.dz\/index.php\/2024\/07\/17\/arganier-de-nouvelles-surface-de-culture-mobilisees\/#respond"]}]},{"@type":"WebPage","@id":"https:\/\/lasentinelle.dz\/index.php\/2024\/07\/17\/arganier-de-nouvelles-surface-de-culture-mobilisees\/","url":"https:\/\/lasentinelle.dz\/index.php\/2024\/07\/17\/arganier-de-nouvelles-surface-de-culture-mobilisees\/","name":"Arganier : De nouvelles surface de culture mobilis\u00e9es - La Sentinelle","isPartOf":{"@id":"https:\/\/lasentinelle.dz\/#website"},"primaryImageOfPage":{"@id":"https:\/\/lasentinelle.dz\/index.php\/2024\/07\/17\/arganier-de-nouvelles-surface-de-culture-mobilisees\/#primaryimage"},"image":{"@id":"https:\/\/lasentinelle.dz\/index.php\/2024\/07\/17\/arganier-de-nouvelles-surface-de-culture-mobilisees\/#primaryimage"},"thumbnailUrl":"https:\/\/lasentinelle.dz\/wp-content\/uploads\/2024\/07\/argan.jpeg","datePublished":"2024-07-17T19:52:46+00:00","dateModified":"2024-07-17T19:52:47+00:00","breadcrumb":{"@id":"https:\/\/lasentinelle.dz\/index.php\/2024\/07\/17\/arganier-de-nouvelles-surface-de-culture-mobilisees\/#breadcrumb"},"inLanguage":"fr-FR","potentialAction":[{"@type":"ReadAction","target":["https:\/\/lasentinelle.dz\/index.php\/2024\/07\/17\/arganier-de-nouvelles-surface-de-culture-mobilisees\/"]}]},{"@type":"ImageObject","inLanguage":"fr-FR","@id":"https:\/\/lasentinelle.dz\/index.php\/2024\/07\/17\/arganier-de-nouvelles-surface-de-culture-mobilisees\/#primaryimage","url":"https:\/\/lasentinelle.dz\/wp-content\/uploads\/2024\/07\/argan.jpeg","contentUrl":"https:\/\/lasentinelle.dz\/wp-content\/uploads\/2024\/07\/argan.jpeg","width":400,"height":400},{"@type":"BreadcrumbList","@id":"https:\/\/lasentinelle.dz\/index.php\/2024\/07\/17\/arganier-de-nouvelles-surface-de-culture-mobilisees\/#breadcrumb","itemListElement":[{"@type":"ListItem","position":1,"name":"Accueil","item":"https:\/\/lasentinelle.dz\/"},{"@type":"ListItem","position":2,"name":"Arganier : De nouvelles surface de culture mobilis\u00e9es"}]},{"@type":"WebSite","@id":"https:\/\/lasentinelle.dz\/#website","url":"https:\/\/lasentinelle.dz\/","name":"La Sentinelle","description":"Quotidien national d&#039;information","publisher":{"@id":"https:\/\/lasentinelle.dz\/#organization"},"potentialAction":[{"@type":"SearchAction","target":{"@type":"EntryPoint","urlTemplate":"https:\/\/lasentinelle.dz\/?s={search_term_string}"},"query-input":{"@type":"PropertyValueSpecification","valueRequired":true,"valueName":"search_term_string"}}],"inLanguage":"fr-FR"},{"@type":"Organization","@id":"https:\/\/lasentinelle.dz\/#organization","name":"Quotidien La Sentinelle","url":"https:\/\/lasentinelle.dz\/","logo":{"@type":"ImageObject","inLanguage":"fr-FR","@id":"https:\/\/lasentinelle.dz\/#\/schema\/logo\/image\/","url":"https:\/\/lasentinelle.dz\/wp-content\/uploads\/2021\/09\/logo-sentinelleSLOGAN-1.png","contentUrl":"https:\/\/lasentinelle.dz\/wp-content\/uploads\/2021\/09\/logo-sentinelleSLOGAN-1.png","width":615,"height":142,"caption":"Quotidien La Sentinelle"},"image":{"@id":"https:\/\/lasentinelle.dz\/#\/schema\/logo\/image\/"},"sameAs":["https:\/\/www.facebook.com\/La-Sentinelle-104059864394773"]},{"@type":"Person","@id":"https:\/\/lasentinelle.dz\/#\/schema\/person\/d865044e22e70a75174ce8bcad3acfb3","name":"La Sentinelle","image":{"@type":"ImageObject","inLanguage":"fr-FR","@id":"https:\/\/secure.gravatar.com\/avatar\/57de8e5d4b15d43fb361a71fbb36338450fe67865b528a43dd10ef7c51a20392?s=96&d=mm&r=g","url":"https:\/\/secure.gravatar.com\/avatar\/57de8e5d4b15d43fb361a71fbb36338450fe67865b528a43dd10ef7c51a20392?s=96&d=mm&r=g","contentUrl":"https:\/\/secure.gravatar.com\/avatar\/57de8e5d4b15d43fb361a71fbb36338450fe67865b528a43dd10ef7c51a20392?s=96&d=mm&r=g","caption":"La Sentinelle"},"sameAs":["http:\/\/www.lasentinelle.dz"],"url":"https:\/\/lasentinelle.dz\/author\/redaction\/"}]}},"_links":{"self":[{"href":"https:\/\/lasentinelle.dz\/index.php\/wp-json\/wp\/v2\/posts\/54571","targetHints":{"allow":["GET"]}}],"collection":[{"href":"https:\/\/lasentinelle.dz\/index.php\/wp-json\/wp\/v2\/posts"}],"about":[{"href":"https:\/\/lasentinelle.dz\/index.php\/wp-json\/wp\/v2\/types\/post"}],"author":[{"embeddable":true,"href":"https:\/\/lasentinelle.dz\/index.php\/wp-json\/wp\/v2\/users\/3"}],"replies":[{"embeddable":true,"href":"https:\/\/lasentinelle.dz\/index.php\/wp-json\/wp\/v2\/comments?post=54571"}],"version-history":[{"count":1,"href":"https:\/\/lasentinelle.dz\/index.php\/wp-json\/wp\/v2\/posts\/54571\/revisions"}],"predecessor-version":[{"id":54573,"href":"https:\/\/lasentinelle.dz\/index.php\/wp-json\/wp\/v2\/posts\/54571\/revisions\/54573"}],"wp:featuredmedia":[{"embeddable":true,"href":"https:\/\/lasentinelle.dz\/index.php\/wp-json\/wp\/v2\/media\/54572"}],"wp:attachment":[{"href":"https:\/\/lasentinelle.dz\/index.php\/wp-json\/wp\/v2\/media?parent=54571"}],"wp:term":[{"taxonomy":"category","embeddable":true,"href":"https:\/\/lasentinelle.dz\/index.php\/wp-json\/wp\/v2\/categories?post=54571"},{"taxonomy":"post_tag","embeddable":true,"href":"https:\/\/lasentinelle.dz\/index.php\/wp-json\/wp\/v2\/tags?post=54571"}],"curies":[{"name":"wp","href":"https:\/\/api.w.org\/{rel}","templated":true}]}}