{"id":54574,"date":"2024-07-17T20:55:48","date_gmt":"2024-07-17T19:55:48","guid":{"rendered":"https:\/\/lasentinelle.dz\/?p=54574"},"modified":"2024-07-17T20:55:49","modified_gmt":"2024-07-17T19:55:49","slug":"sider-sonatrach-un-accord-important-sera-signe-dans-les-prochains-jours","status":"publish","type":"post","link":"https:\/\/lasentinelle.dz\/index.php\/2024\/07\/17\/sider-sonatrach-un-accord-important-sera-signe-dans-les-prochains-jours\/","title":{"rendered":"Sider-Sonatrach: Un accord important sera sign\u00e9 dans les prochains jours"},"content":{"rendered":"\n<p>Un important accord va \u00eatre sign\u00e9 dans les prochains jours entre le groupe Sider et le g\u00e9ant p\u00e9trolier Sonatrach.&nbsp;Selon une source du complexe Sider El Hadjar, le processus qui doit aboutir \u00e0 la conclusion de cet accord est \u00e0 un stade avanc\u00e9 et il ne reste que sa concr\u00e9tisation sur terrain.&nbsp;Celui-ci doit permettre d&rsquo;assurer un plan de charge cons\u00e9quent pour le groupe sid\u00e9rurgique d&rsquo;autant plus qu&rsquo;il s&rsquo;agira de fournir \u00e0 la Sonatrach, qui d\u00e9ploie une strat\u00e9gie d&rsquo;int\u00e9gration industrielle locale, des \u00e9quipements produits par les diff\u00e9rentes filiales de Sider. Dans cette perspective et afin de r\u00e9pondre \u00e0 ce plan de charge et parer \u00e0 toute \u00e9ventualit\u00e9, les responsables du groupe sid\u00e9rurgie ont \u00e9labor\u00e9 une strat\u00e9gie assise sur une \u00e9tude approfondie&nbsp;supervis\u00e9e par un certain nombre de dirigeants et d&rsquo;experts sp\u00e9cialis\u00e9s afin de d\u00e9velopper ses filiales et d&rsquo;am\u00e9liorer leur situation, en plus d&rsquo;\u00e9laborer un plan consistant en augmentation du taux de production, notamment au niveau du complexe El Hadjar Annaba, a-t-on pr\u00e9cis\u00e9. L&rsquo;objectif de l&rsquo;\u00e9tude est de pousser le processus de la production au maximum et d&rsquo;augmenter le rythme de fonctionnement des unit\u00e9s, d&rsquo;autant plus que le premier objectif consiste \u00e0 atteindre un taux avanc\u00e9 de production quotidienne de fer, tout en maintenant un rythme de production \u00e9quilibr\u00e9 li\u00e9 principalement \u00e0 diverses conditions, notamment la bonne exploitation du HFn\u00b02 pour \u00e9viter d&rsquo;\u00e9ventuelles arr\u00eats ou pannes pouvant entraver le processus. Il s&rsquo;agit aussi de la n\u00e9cessit\u00e9 d\u2019assurer le combustible, le Coke en l\u2019occurrence pour le fonctionnement du HFn\u00b02&nbsp;ainsi que minerai de fer en quantit\u00e9s suffisantes, a-t-on expliqu\u00e9. Par ailleurs, dans le m\u00eame contexte les dirigeants du groupe Sider estiment que l&rsquo;obtention des r\u00e9sultats probants d\u00e9pend principalement de la n\u00e9cessit\u00e9 de maintenir un bon climat de travail et une coop\u00e9ration continue avec le partenaire social et detrouver toutes les solutions possibles pour revitaliser toutes les filiales relevant du groupe, y compris le complexe El Hadjar, en tant que principale source des activit\u00e9s industrielles qu&rsquo;il compte. \u00c0 noter que le complexe El Hadjar dispose de tous les moyens humains et mat\u00e9riels pour relever les d\u00e9fis. Dans ce sens, il est utile de souligner que depuis sa sa nomination \u00e0 la t\u00eate du groupe Sider, le pr\u00e9sident-directeur g\u00e9n\u00e9ral (PDG) Lamine Sedrati a d\u00e9ploy\u00e9 d\u2019intenses efforts pour remettre le processus de production sur les rails et atteindre les objectifs fix\u00e9s. Ainsi, en attendant la signature de l\u2019accord pr\u00e9vue dans les jours \u00e0 venir, il faut noter que le complexe El Hadjar \/Annaba aura un plan de charge tr\u00e8s cons\u00e9quent qui vient s\u2019ajouter \u00e0 celui, le liant d\u00e9j\u00e0 avec le groupe p\u00e9trolier et gazier Sonatrach. Ce contrat sign\u00e9 \u00e0 la fin de l&rsquo;ann\u00e9e derni\u00e8re d\u2019un montant de 21,7 milliards de dinars, soit 158,5 millions de dollars, porte sur la fourniture par Sider El Hadjar \u00e0 Sonatrach de 1000 kilom\u00e8tres de tubes-casing destin\u00e9s aux forages. Un contrat dont le g\u00e9ant de l\u2019acier a honor\u00e9 une partie, avec l\u2019exp\u00e9dition le 3 juillet courant, de pas moins de 684 tubes pipelines \u00e0 bord de 12 locomotives, \u00e0 destination des champs p\u00e9troliers et gaziers de Sonatrach. La commande est scind\u00e9e en deux tranches ; la premi\u00e8re concerne 292 km et la seconde 766 km, et repr\u00e9sente un plan de charge pour l\u2019unit\u00e9 de production de Tuberie sans soudure (TSS) de Sider El Hadjar de plus de cinq ann\u00e9es, soit de 2024 jusqu\u2019\u00e0 2026.<\/p>\n\n\n\n<p><strong>&nbsp;Sofia Chahine&nbsp;<\/strong><\/p>\n","protected":false},"excerpt":{"rendered":"<p>Un important accord va \u00eatre sign\u00e9 dans les prochains jours entre le groupe Sider et le g\u00e9ant p\u00e9trolier Sonatrach.&nbsp;Selon une<\/p>\n","protected":false},"author":3,"featured_media":48537,"comment_status":"open","ping_status":"closed","sticky":false,"template":"","format":"standard","meta":{"colormag_page_container_layout":"default_layout","colormag_page_sidebar_layout":"default_layout","om_disable_all_campaigns":false,"_monsterinsights_skip_tracking":false,"_monsterinsights_sitenote_active":false,"_monsterinsights_sitenote_note":"","_monsterinsights_sitenote_category":0,"footnotes":"","_wpscppro_dont_share_socialmedia":false,"_wpscppro_custom_social_share_image":0,"_facebook_share_type":"default","_twitter_share_type":"default","_linkedin_share_type":"default","_pinterest_share_type":"default","_linkedin_share_type_page":"","_instagram_share_type":"default","_medium_share_type":"","_threads_share_type":"","_google_business_share_type":"","_selected_social_profile":[],"_wpsp_enable_custom_social_template":false,"_wpsp_social_scheduling":{"enabled":false,"datetime":null,"platforms":[],"status":"template_only","dateOption":"today","timeOption":"now","customDays":"","customHours":"","customDate":"","customTime":"","schedulingType":"absolute"},"_wpsp_active_default_template":true},"categories":[29],"tags":[],"class_list":["post-54574","post","type-post","status-publish","format-standard","has-post-thumbnail","hentry","category-economie"],"aioseo_notices":[],"yoast_head":"<!-- This site is optimized with the Yoast SEO plugin v27.5 - https:\/\/yoast.com\/product\/yoast-seo-wordpress\/ -->\n<title>Sider-Sonatrach: Un accord important sera sign\u00e9 dans les prochains jours - La Sentinelle<\/title>\n<meta name=\"robots\" content=\"index, follow, max-snippet:-1, max-image-preview:large, max-video-preview:-1\" \/>\n<link rel=\"canonical\" href=\"https:\/\/lasentinelle.dz\/index.php\/2024\/07\/17\/sider-sonatrach-un-accord-important-sera-signe-dans-les-prochains-jours\/\" \/>\n<meta property=\"og:locale\" content=\"fr_FR\" \/>\n<meta property=\"og:type\" content=\"article\" \/>\n<meta property=\"og:title\" content=\"Sider-Sonatrach: Un accord important sera sign\u00e9 dans les prochains jours - La Sentinelle\" \/>\n<meta property=\"og:description\" content=\"Un important accord va \u00eatre sign\u00e9 dans les prochains jours entre le groupe Sider et le g\u00e9ant p\u00e9trolier Sonatrach.&nbsp;Selon une\" \/>\n<meta property=\"og:url\" content=\"https:\/\/lasentinelle.dz\/index.php\/2024\/07\/17\/sider-sonatrach-un-accord-important-sera-signe-dans-les-prochains-jours\/\" \/>\n<meta property=\"og:site_name\" content=\"La Sentinelle\" \/>\n<meta property=\"article:publisher\" content=\"https:\/\/www.facebook.com\/La-Sentinelle-104059864394773\" \/>\n<meta property=\"article:published_time\" content=\"2024-07-17T19:55:48+00:00\" \/>\n<meta property=\"article:modified_time\" content=\"2024-07-17T19:55:49+00:00\" \/>\n<meta property=\"og:image\" content=\"https:\/\/lasentinelle.dz\/wp-content\/uploads\/2024\/01\/el-hadjar.jpeg\" \/>\n\t<meta property=\"og:image:width\" content=\"2048\" \/>\n\t<meta property=\"og:image:height\" content=\"1371\" \/>\n\t<meta property=\"og:image:type\" content=\"image\/jpeg\" \/>\n<meta name=\"author\" content=\"La Sentinelle\" \/>\n<meta name=\"twitter:card\" content=\"summary_large_image\" \/>\n<meta name=\"twitter:label1\" content=\"\u00c9crit par\" \/>\n\t<meta name=\"twitter:data1\" content=\"La Sentinelle\" \/>\n\t<meta name=\"twitter:label2\" content=\"Dur\u00e9e de lecture estim\u00e9e\" \/>\n\t<meta name=\"twitter:data2\" content=\"4 minutes\" \/>\n<script type=\"application\/ld+json\" class=\"yoast-schema-graph\">{\"@context\":\"https:\\\/\\\/schema.org\",\"@graph\":[{\"@type\":\"Article\",\"@id\":\"https:\\\/\\\/lasentinelle.dz\\\/index.php\\\/2024\\\/07\\\/17\\\/sider-sonatrach-un-accord-important-sera-signe-dans-les-prochains-jours\\\/#article\",\"isPartOf\":{\"@id\":\"https:\\\/\\\/lasentinelle.dz\\\/index.php\\\/2024\\\/07\\\/17\\\/sider-sonatrach-un-accord-important-sera-signe-dans-les-prochains-jours\\\/\"},\"author\":{\"name\":\"La Sentinelle\",\"@id\":\"https:\\\/\\\/lasentinelle.dz\\\/#\\\/schema\\\/person\\\/d865044e22e70a75174ce8bcad3acfb3\"},\"headline\":\"Sider-Sonatrach: Un accord important sera sign\u00e9 dans les prochains jours\",\"datePublished\":\"2024-07-17T19:55:48+00:00\",\"dateModified\":\"2024-07-17T19:55:49+00:00\",\"mainEntityOfPage\":{\"@id\":\"https:\\\/\\\/lasentinelle.dz\\\/index.php\\\/2024\\\/07\\\/17\\\/sider-sonatrach-un-accord-important-sera-signe-dans-les-prochains-jours\\\/\"},\"wordCount\":624,\"commentCount\":0,\"publisher\":{\"@id\":\"https:\\\/\\\/lasentinelle.dz\\\/#organization\"},\"image\":{\"@id\":\"https:\\\/\\\/lasentinelle.dz\\\/index.php\\\/2024\\\/07\\\/17\\\/sider-sonatrach-un-accord-important-sera-signe-dans-les-prochains-jours\\\/#primaryimage\"},\"thumbnailUrl\":\"https:\\\/\\\/lasentinelle.dz\\\/wp-content\\\/uploads\\\/2024\\\/01\\\/el-hadjar.jpeg\",\"articleSection\":[\"\u00c9conomie\"],\"inLanguage\":\"fr-FR\",\"potentialAction\":[{\"@type\":\"CommentAction\",\"name\":\"Comment\",\"target\":[\"https:\\\/\\\/lasentinelle.dz\\\/index.php\\\/2024\\\/07\\\/17\\\/sider-sonatrach-un-accord-important-sera-signe-dans-les-prochains-jours\\\/#respond\"]}]},{\"@type\":\"WebPage\",\"@id\":\"https:\\\/\\\/lasentinelle.dz\\\/index.php\\\/2024\\\/07\\\/17\\\/sider-sonatrach-un-accord-important-sera-signe-dans-les-prochains-jours\\\/\",\"url\":\"https:\\\/\\\/lasentinelle.dz\\\/index.php\\\/2024\\\/07\\\/17\\\/sider-sonatrach-un-accord-important-sera-signe-dans-les-prochains-jours\\\/\",\"name\":\"Sider-Sonatrach: Un accord important sera sign\u00e9 dans les prochains jours - La Sentinelle\",\"isPartOf\":{\"@id\":\"https:\\\/\\\/lasentinelle.dz\\\/#website\"},\"primaryImageOfPage\":{\"@id\":\"https:\\\/\\\/lasentinelle.dz\\\/index.php\\\/2024\\\/07\\\/17\\\/sider-sonatrach-un-accord-important-sera-signe-dans-les-prochains-jours\\\/#primaryimage\"},\"image\":{\"@id\":\"https:\\\/\\\/lasentinelle.dz\\\/index.php\\\/2024\\\/07\\\/17\\\/sider-sonatrach-un-accord-important-sera-signe-dans-les-prochains-jours\\\/#primaryimage\"},\"thumbnailUrl\":\"https:\\\/\\\/lasentinelle.dz\\\/wp-content\\\/uploads\\\/2024\\\/01\\\/el-hadjar.jpeg\",\"datePublished\":\"2024-07-17T19:55:48+00:00\",\"dateModified\":\"2024-07-17T19:55:49+00:00\",\"breadcrumb\":{\"@id\":\"https:\\\/\\\/lasentinelle.dz\\\/index.php\\\/2024\\\/07\\\/17\\\/sider-sonatrach-un-accord-important-sera-signe-dans-les-prochains-jours\\\/#breadcrumb\"},\"inLanguage\":\"fr-FR\",\"potentialAction\":[{\"@type\":\"ReadAction\",\"target\":[\"https:\\\/\\\/lasentinelle.dz\\\/index.php\\\/2024\\\/07\\\/17\\\/sider-sonatrach-un-accord-important-sera-signe-dans-les-prochains-jours\\\/\"]}]},{\"@type\":\"ImageObject\",\"inLanguage\":\"fr-FR\",\"@id\":\"https:\\\/\\\/lasentinelle.dz\\\/index.php\\\/2024\\\/07\\\/17\\\/sider-sonatrach-un-accord-important-sera-signe-dans-les-prochains-jours\\\/#primaryimage\",\"url\":\"https:\\\/\\\/lasentinelle.dz\\\/wp-content\\\/uploads\\\/2024\\\/01\\\/el-hadjar.jpeg\",\"contentUrl\":\"https:\\\/\\\/lasentinelle.dz\\\/wp-content\\\/uploads\\\/2024\\\/01\\\/el-hadjar.jpeg\",\"width\":2048,\"height\":1371},{\"@type\":\"BreadcrumbList\",\"@id\":\"https:\\\/\\\/lasentinelle.dz\\\/index.php\\\/2024\\\/07\\\/17\\\/sider-sonatrach-un-accord-important-sera-signe-dans-les-prochains-jours\\\/#breadcrumb\",\"itemListElement\":[{\"@type\":\"ListItem\",\"position\":1,\"name\":\"Accueil\",\"item\":\"https:\\\/\\\/lasentinelle.dz\\\/\"},{\"@type\":\"ListItem\",\"position\":2,\"name\":\"Sider-Sonatrach: Un accord important sera sign\u00e9 dans les prochains jours\"}]},{\"@type\":\"WebSite\",\"@id\":\"https:\\\/\\\/lasentinelle.dz\\\/#website\",\"url\":\"https:\\\/\\\/lasentinelle.dz\\\/\",\"name\":\"La Sentinelle\",\"description\":\"Quotidien national d&#039;information\",\"publisher\":{\"@id\":\"https:\\\/\\\/lasentinelle.dz\\\/#organization\"},\"potentialAction\":[{\"@type\":\"SearchAction\",\"target\":{\"@type\":\"EntryPoint\",\"urlTemplate\":\"https:\\\/\\\/lasentinelle.dz\\\/?s={search_term_string}\"},\"query-input\":{\"@type\":\"PropertyValueSpecification\",\"valueRequired\":true,\"valueName\":\"search_term_string\"}}],\"inLanguage\":\"fr-FR\"},{\"@type\":\"Organization\",\"@id\":\"https:\\\/\\\/lasentinelle.dz\\\/#organization\",\"name\":\"Quotidien La Sentinelle\",\"url\":\"https:\\\/\\\/lasentinelle.dz\\\/\",\"logo\":{\"@type\":\"ImageObject\",\"inLanguage\":\"fr-FR\",\"@id\":\"https:\\\/\\\/lasentinelle.dz\\\/#\\\/schema\\\/logo\\\/image\\\/\",\"url\":\"https:\\\/\\\/lasentinelle.dz\\\/wp-content\\\/uploads\\\/2021\\\/09\\\/logo-sentinelleSLOGAN-1.png\",\"contentUrl\":\"https:\\\/\\\/lasentinelle.dz\\\/wp-content\\\/uploads\\\/2021\\\/09\\\/logo-sentinelleSLOGAN-1.png\",\"width\":615,\"height\":142,\"caption\":\"Quotidien La Sentinelle\"},\"image\":{\"@id\":\"https:\\\/\\\/lasentinelle.dz\\\/#\\\/schema\\\/logo\\\/image\\\/\"},\"sameAs\":[\"https:\\\/\\\/www.facebook.com\\\/La-Sentinelle-104059864394773\"]},{\"@type\":\"Person\",\"@id\":\"https:\\\/\\\/lasentinelle.dz\\\/#\\\/schema\\\/person\\\/d865044e22e70a75174ce8bcad3acfb3\",\"name\":\"La Sentinelle\",\"image\":{\"@type\":\"ImageObject\",\"inLanguage\":\"fr-FR\",\"@id\":\"https:\\\/\\\/secure.gravatar.com\\\/avatar\\\/57de8e5d4b15d43fb361a71fbb36338450fe67865b528a43dd10ef7c51a20392?s=96&d=mm&r=g\",\"url\":\"https:\\\/\\\/secure.gravatar.com\\\/avatar\\\/57de8e5d4b15d43fb361a71fbb36338450fe67865b528a43dd10ef7c51a20392?s=96&d=mm&r=g\",\"contentUrl\":\"https:\\\/\\\/secure.gravatar.com\\\/avatar\\\/57de8e5d4b15d43fb361a71fbb36338450fe67865b528a43dd10ef7c51a20392?s=96&d=mm&r=g\",\"caption\":\"La Sentinelle\"},\"sameAs\":[\"http:\\\/\\\/www.lasentinelle.dz\"],\"url\":\"https:\\\/\\\/lasentinelle.dz\\\/author\\\/redaction\\\/\"}]}<\/script>\n<!-- \/ Yoast SEO plugin. -->","yoast_head_json":{"title":"Sider-Sonatrach: Un accord important sera sign\u00e9 dans les prochains jours - La Sentinelle","robots":{"index":"index","follow":"follow","max-snippet":"max-snippet:-1","max-image-preview":"max-image-preview:large","max-video-preview":"max-video-preview:-1"},"canonical":"https:\/\/lasentinelle.dz\/index.php\/2024\/07\/17\/sider-sonatrach-un-accord-important-sera-signe-dans-les-prochains-jours\/","og_locale":"fr_FR","og_type":"article","og_title":"Sider-Sonatrach: Un accord important sera sign\u00e9 dans les prochains jours - La Sentinelle","og_description":"Un important accord va \u00eatre sign\u00e9 dans les prochains jours entre le groupe Sider et le g\u00e9ant p\u00e9trolier Sonatrach.&nbsp;Selon une","og_url":"https:\/\/lasentinelle.dz\/index.php\/2024\/07\/17\/sider-sonatrach-un-accord-important-sera-signe-dans-les-prochains-jours\/","og_site_name":"La Sentinelle","article_publisher":"https:\/\/www.facebook.com\/La-Sentinelle-104059864394773","article_published_time":"2024-07-17T19:55:48+00:00","article_modified_time":"2024-07-17T19:55:49+00:00","og_image":[{"width":2048,"height":1371,"url":"https:\/\/lasentinelle.dz\/wp-content\/uploads\/2024\/01\/el-hadjar.jpeg","type":"image\/jpeg"}],"author":"La Sentinelle","twitter_card":"summary_large_image","twitter_misc":{"\u00c9crit par":"La Sentinelle","Dur\u00e9e de lecture estim\u00e9e":"4 minutes"},"schema":{"@context":"https:\/\/schema.org","@graph":[{"@type":"Article","@id":"https:\/\/lasentinelle.dz\/index.php\/2024\/07\/17\/sider-sonatrach-un-accord-important-sera-signe-dans-les-prochains-jours\/#article","isPartOf":{"@id":"https:\/\/lasentinelle.dz\/index.php\/2024\/07\/17\/sider-sonatrach-un-accord-important-sera-signe-dans-les-prochains-jours\/"},"author":{"name":"La Sentinelle","@id":"https:\/\/lasentinelle.dz\/#\/schema\/person\/d865044e22e70a75174ce8bcad3acfb3"},"headline":"Sider-Sonatrach: Un accord important sera sign\u00e9 dans les prochains jours","datePublished":"2024-07-17T19:55:48+00:00","dateModified":"2024-07-17T19:55:49+00:00","mainEntityOfPage":{"@id":"https:\/\/lasentinelle.dz\/index.php\/2024\/07\/17\/sider-sonatrach-un-accord-important-sera-signe-dans-les-prochains-jours\/"},"wordCount":624,"commentCount":0,"publisher":{"@id":"https:\/\/lasentinelle.dz\/#organization"},"image":{"@id":"https:\/\/lasentinelle.dz\/index.php\/2024\/07\/17\/sider-sonatrach-un-accord-important-sera-signe-dans-les-prochains-jours\/#primaryimage"},"thumbnailUrl":"https:\/\/lasentinelle.dz\/wp-content\/uploads\/2024\/01\/el-hadjar.jpeg","articleSection":["\u00c9conomie"],"inLanguage":"fr-FR","potentialAction":[{"@type":"CommentAction","name":"Comment","target":["https:\/\/lasentinelle.dz\/index.php\/2024\/07\/17\/sider-sonatrach-un-accord-important-sera-signe-dans-les-prochains-jours\/#respond"]}]},{"@type":"WebPage","@id":"https:\/\/lasentinelle.dz\/index.php\/2024\/07\/17\/sider-sonatrach-un-accord-important-sera-signe-dans-les-prochains-jours\/","url":"https:\/\/lasentinelle.dz\/index.php\/2024\/07\/17\/sider-sonatrach-un-accord-important-sera-signe-dans-les-prochains-jours\/","name":"Sider-Sonatrach: Un accord important sera sign\u00e9 dans les prochains jours - La Sentinelle","isPartOf":{"@id":"https:\/\/lasentinelle.dz\/#website"},"primaryImageOfPage":{"@id":"https:\/\/lasentinelle.dz\/index.php\/2024\/07\/17\/sider-sonatrach-un-accord-important-sera-signe-dans-les-prochains-jours\/#primaryimage"},"image":{"@id":"https:\/\/lasentinelle.dz\/index.php\/2024\/07\/17\/sider-sonatrach-un-accord-important-sera-signe-dans-les-prochains-jours\/#primaryimage"},"thumbnailUrl":"https:\/\/lasentinelle.dz\/wp-content\/uploads\/2024\/01\/el-hadjar.jpeg","datePublished":"2024-07-17T19:55:48+00:00","dateModified":"2024-07-17T19:55:49+00:00","breadcrumb":{"@id":"https:\/\/lasentinelle.dz\/index.php\/2024\/07\/17\/sider-sonatrach-un-accord-important-sera-signe-dans-les-prochains-jours\/#breadcrumb"},"inLanguage":"fr-FR","potentialAction":[{"@type":"ReadAction","target":["https:\/\/lasentinelle.dz\/index.php\/2024\/07\/17\/sider-sonatrach-un-accord-important-sera-signe-dans-les-prochains-jours\/"]}]},{"@type":"ImageObject","inLanguage":"fr-FR","@id":"https:\/\/lasentinelle.dz\/index.php\/2024\/07\/17\/sider-sonatrach-un-accord-important-sera-signe-dans-les-prochains-jours\/#primaryimage","url":"https:\/\/lasentinelle.dz\/wp-content\/uploads\/2024\/01\/el-hadjar.jpeg","contentUrl":"https:\/\/lasentinelle.dz\/wp-content\/uploads\/2024\/01\/el-hadjar.jpeg","width":2048,"height":1371},{"@type":"BreadcrumbList","@id":"https:\/\/lasentinelle.dz\/index.php\/2024\/07\/17\/sider-sonatrach-un-accord-important-sera-signe-dans-les-prochains-jours\/#breadcrumb","itemListElement":[{"@type":"ListItem","position":1,"name":"Accueil","item":"https:\/\/lasentinelle.dz\/"},{"@type":"ListItem","position":2,"name":"Sider-Sonatrach: Un accord important sera sign\u00e9 dans les prochains jours"}]},{"@type":"WebSite","@id":"https:\/\/lasentinelle.dz\/#website","url":"https:\/\/lasentinelle.dz\/","name":"La Sentinelle","description":"Quotidien national d&#039;information","publisher":{"@id":"https:\/\/lasentinelle.dz\/#organization"},"potentialAction":[{"@type":"SearchAction","target":{"@type":"EntryPoint","urlTemplate":"https:\/\/lasentinelle.dz\/?s={search_term_string}"},"query-input":{"@type":"PropertyValueSpecification","valueRequired":true,"valueName":"search_term_string"}}],"inLanguage":"fr-FR"},{"@type":"Organization","@id":"https:\/\/lasentinelle.dz\/#organization","name":"Quotidien La Sentinelle","url":"https:\/\/lasentinelle.dz\/","logo":{"@type":"ImageObject","inLanguage":"fr-FR","@id":"https:\/\/lasentinelle.dz\/#\/schema\/logo\/image\/","url":"https:\/\/lasentinelle.dz\/wp-content\/uploads\/2021\/09\/logo-sentinelleSLOGAN-1.png","contentUrl":"https:\/\/lasentinelle.dz\/wp-content\/uploads\/2021\/09\/logo-sentinelleSLOGAN-1.png","width":615,"height":142,"caption":"Quotidien La Sentinelle"},"image":{"@id":"https:\/\/lasentinelle.dz\/#\/schema\/logo\/image\/"},"sameAs":["https:\/\/www.facebook.com\/La-Sentinelle-104059864394773"]},{"@type":"Person","@id":"https:\/\/lasentinelle.dz\/#\/schema\/person\/d865044e22e70a75174ce8bcad3acfb3","name":"La Sentinelle","image":{"@type":"ImageObject","inLanguage":"fr-FR","@id":"https:\/\/secure.gravatar.com\/avatar\/57de8e5d4b15d43fb361a71fbb36338450fe67865b528a43dd10ef7c51a20392?s=96&d=mm&r=g","url":"https:\/\/secure.gravatar.com\/avatar\/57de8e5d4b15d43fb361a71fbb36338450fe67865b528a43dd10ef7c51a20392?s=96&d=mm&r=g","contentUrl":"https:\/\/secure.gravatar.com\/avatar\/57de8e5d4b15d43fb361a71fbb36338450fe67865b528a43dd10ef7c51a20392?s=96&d=mm&r=g","caption":"La Sentinelle"},"sameAs":["http:\/\/www.lasentinelle.dz"],"url":"https:\/\/lasentinelle.dz\/author\/redaction\/"}]}},"_links":{"self":[{"href":"https:\/\/lasentinelle.dz\/index.php\/wp-json\/wp\/v2\/posts\/54574","targetHints":{"allow":["GET"]}}],"collection":[{"href":"https:\/\/lasentinelle.dz\/index.php\/wp-json\/wp\/v2\/posts"}],"about":[{"href":"https:\/\/lasentinelle.dz\/index.php\/wp-json\/wp\/v2\/types\/post"}],"author":[{"embeddable":true,"href":"https:\/\/lasentinelle.dz\/index.php\/wp-json\/wp\/v2\/users\/3"}],"replies":[{"embeddable":true,"href":"https:\/\/lasentinelle.dz\/index.php\/wp-json\/wp\/v2\/comments?post=54574"}],"version-history":[{"count":1,"href":"https:\/\/lasentinelle.dz\/index.php\/wp-json\/wp\/v2\/posts\/54574\/revisions"}],"predecessor-version":[{"id":54575,"href":"https:\/\/lasentinelle.dz\/index.php\/wp-json\/wp\/v2\/posts\/54574\/revisions\/54575"}],"wp:featuredmedia":[{"embeddable":true,"href":"https:\/\/lasentinelle.dz\/index.php\/wp-json\/wp\/v2\/media\/48537"}],"wp:attachment":[{"href":"https:\/\/lasentinelle.dz\/index.php\/wp-json\/wp\/v2\/media?parent=54574"}],"wp:term":[{"taxonomy":"category","embeddable":true,"href":"https:\/\/lasentinelle.dz\/index.php\/wp-json\/wp\/v2\/categories?post=54574"},{"taxonomy":"post_tag","embeddable":true,"href":"https:\/\/lasentinelle.dz\/index.php\/wp-json\/wp\/v2\/tags?post=54574"}],"curies":[{"name":"wp","href":"https:\/\/api.w.org\/{rel}","templated":true}]}}