{"id":54582,"date":"2024-07-18T09:50:43","date_gmt":"2024-07-18T08:50:43","guid":{"rendered":"https:\/\/lasentinelle.dz\/?p=54582"},"modified":"2024-07-18T09:50:45","modified_gmt":"2024-07-18T08:50:45","slug":"ouverture-prochaine-de-la-desserte-alger-annaba-tunis","status":"publish","type":"post","link":"https:\/\/lasentinelle.dz\/index.php\/2024\/07\/18\/ouverture-prochaine-de-la-desserte-alger-annaba-tunis\/","title":{"rendered":"Ouverture prochaine de la desserte Alger- Annaba\u00a0\u2013Tunis\u00a0"},"content":{"rendered":"\n<p>\u00c0 l\u2019occasion du lancement du deuxi\u00e8me essai de la ligne ferroviaire Annaba-Tunis en passant par Souk Ahras, la Soci\u00e9t\u00e9 nationale des transports ferroviaires (SNTF)&nbsp; a sign\u00e9 un accord commercial avec son homologue tunisienne, dans le cadre des pr\u00e9paratifs du lancement des voyages en train de voyageurs entre l\u2019Alg\u00e9rie et la Tunisie, a indiqu\u00e9 mardi un communiqu\u00e9 de la SNTF.&nbsp;Une d\u00e9l\u00e9gation des dirigeants de la Soci\u00e9t\u00e9 nationale des chemins de fer tunisiens, conduite par le Pr\u00e9sident-directeur g\u00e9n\u00e9ral Taoufik Boufayed, a effectu\u00e9 une visite de travail en Alg\u00e9rie \u00e0 bord du deuxi\u00e8me&nbsp;essai du train transportant des passagers entre Souk Ahras et Ghar El -Dama en Tunisie, a rapport\u00e9 ledit communiqu\u00e9. Lors de la visite de la d\u00e9l\u00e9gation tunisienne en Alg\u00e9rie des r\u00e9unions techniques ont eu lieu entre les dirigeants de l\u2019entreprise tunisienne et leurs homologues, les cadres de la SNTF, pr\u00e9sid\u00e9es par le&nbsp; Pr\u00e9sident-directeur g\u00e9n\u00e9ral,&nbsp; Bouaouni, qui a abouti \u00e0 la signature de l\u2019accord commercial, &nbsp;a ajout\u00e9 la m\u00eame source.&nbsp; Celle-ci a indiqu\u00e9 que les travaux de pr\u00e9paration et de renforcement des lignes ferroviaires entre Annaba et la fronti\u00e8re alg\u00e9ro-tunisienne, ainsi que des gares et des zones d\u2019accueil des voyageurs, notamment les&nbsp; proc\u00e9dures de transit,&nbsp; se d\u00e9roulent \u00e0 un rythme soutenu.&nbsp; Les travaux visent \u00e0 achever la phase exp\u00e9rimentale et \u00e0 ajuster toutes les proc\u00e9dures techniques et administratives qui permettront le lancement officiel des dessertes dans les plus brefs d\u00e9lais, a conclu le m\u00eame communiqu\u00e9. \u00c0 noter &nbsp;que cet essai est le second &nbsp;en l\u2019intervalle d\u2019un mois et apr\u00e8s d\u2019intenses travaux de r\u00e9habilitation des infrastructures, le train Annaba-Tunis a \u00e9t\u00e9 de nouveau test\u00e9 ce lundi 15 juillet, sur le trajet Souk-Ahras- Ghar El -Dama. Le signal de d\u00e9part solennel de cet autre voyage d\u2019essai a \u00e9t\u00e9 donn\u00e9 par le wali de Souk-Ahras et le directeur g\u00e9n\u00e9ral de la Soci\u00e9t\u00e9 Nationale des Transports Ferroviaires (SNTF), en pr\u00e9sence des autorit\u00e9s et des \u00e9lus locaux.&nbsp; Le train \u00e0 quitt\u00e9 la gare ferroviaire de Souk Ahras \u00e0 11h30, avec \u00e0 son bord une importante d\u00e9l\u00e9gation de cadres du minist\u00e8re des Transports et de la SNTF, et ce, apr\u00e8s une visite guid\u00e9e des locaux de la douane et de la police des fronti\u00e8res de la gare internationale de Souk-Ahras. Arriv\u00e9s \u00e0 Ghardimaou \u00e0 13 heures, les responsables ont \u00e9t\u00e9 accueillis par leurs homologues tunisiens avec \u00e0 leur t\u00eate Tewfiq Boufayed, le pr\u00e9sident-directeur g\u00e9n\u00e9ral de la Soci\u00e9t\u00e9 Nationale des Chemins de Fer Tunisiens (SNCFT). Ces derniers ont \u00e9t\u00e9 convi\u00e9s \u00e0 leur tour \u00e0 faire le trajet inverse jusqu\u2019\u00e0 Souk-Ahras, o\u00f9 ils ont \u00e9t\u00e9 re\u00e7us par le wali, Abdelkrim Zina\u00ef, accompagn\u00e9 des \u00e9lus et les membres du conseil de s\u00e9curit\u00e9 de la wilaya. Selon les informations&nbsp;qu&rsquo;on nous a confi\u00e9es&nbsp; sur les tests dynamiques du train &nbsp;au terme de deux voyages d\u2019essai, en aller et retour, il \u00e9tait question du contr\u00f4le du profil de vitesse souhait\u00e9 et des points d\u2019arr\u00eat, ainsi que les tests de r\u00e9sistance du mat\u00e9riel et des ouvrages. Des essais qui selon les m\u00eames infiltrations &nbsp;ont \u00e9t\u00e9 concluants, d\u2019o\u00f9 la desserte entre Souk-Ahras et Ghar El -Dama est \u00e9ligible \u00e0 une autorisation d\u2019exploitation qui ne saurait tarder \u00e0 \u00eatre d\u00e9livr\u00e9e, apr\u00e8s la signature de la convention sign\u00e9e entre les deux pays. En attendant que le train Annaba \u2013Tunis siffle, il est utile de rappeler que d\u00e8s sa mise en service, la desserte d\u00e9butera &nbsp;dans un premier temps, &nbsp;avec un train Alg\u00e9rien depuis la ville d\u2019Annaba, pour une dur\u00e9e de 6 heures, avant la mise en place d\u2019un programme&nbsp; qui comprendra initialement un aller retour , avec un train alg\u00e9rien se limitant d\u2019abord \u00e0 Annaba, avant de s\u2019\u00e9tendre \u00e0 toute l\u2019Alg\u00e9rie. \u00c0 raison de quatre wagons d\u2019une capacit\u00e9 de 230 voyageurs, le train va assurer la desserte Annaba &#8211; Souk Ahras &#8211; Tunis, sur un lin\u00e9aire ferroviaire de 300 kilom\u00e8tres reliant les deux pays avec une rotation quotidienne. Ce moyen de transport vivement attendu par les voyageurs de part et d\u2019autre des fronti\u00e8res des deux, a fait l\u2019objet d\u2019une totale &nbsp;r\u00e9novation &nbsp;et a \u00e9t\u00e9 dot\u00e9 d\u2019\u00e9quipements de derni\u00e8re g\u00e9n\u00e9ration \u00e0 m\u00eame de garantir la s\u00e9curit\u00e9 et le confort aux passagers des deux pays. Pour ce qui est des tarifs de la billetterie, cela rel\u00e8ve des&nbsp; pr\u00e9rogatives de chacun des deux pays. Selon certaines indiscr\u00e9tions, ils varient entre &nbsp;40 et 50 DNT pour le c\u00f4t\u00e9 Tunisien et 3.000 et 4.000 DNA pour la partie alg\u00e9rienne.&nbsp; S\u2019agissant des formalit\u00e9s de douanes et de police, elles&nbsp; se feront, nous dit-on dans le train,&nbsp; des deux c\u00f4t\u00e9s alg\u00e9rien et tunisien &nbsp;avec les pr\u00e9pos\u00e9s \u00e0 ces formalit\u00e9s qui monteront dans le train pour faire leur travail \u00e0 partir de la gare de Souk-Ahras et de Ghar El -Dama du c\u00f4t\u00e9 tunisien.&nbsp; Par ailleurs, outre la l\u2019avantage de la facilitation &nbsp;de circulation des personnes qu\u2019offre la relance de la desserte Annaba-Tunis &nbsp;par train, c\u2019est surtout l&rsquo;impact sur l&rsquo;\u00e9conomie des deux pays. La remise sur rail de ce moyen de transport repr\u00e9sente un pas vers le renforcement des \u00e9changes touristiques et &nbsp;commerciaux entre les deux pays voisins. Ce qui est s\u00fbr est que les autorit\u00e9s des deux pays accordent une importance capitale \u00e0 la remise en service de ce train qui a&nbsp;s&rsquo;\u00e9tait arr\u00eat\u00e9&nbsp;pendant plus de 28 ans.<\/p>\n\n\n\n<p><strong>Sofia Chahine<\/strong><\/p>\n","protected":false},"excerpt":{"rendered":"<p>\u00c0 l\u2019occasion du lancement du deuxi\u00e8me essai de la ligne ferroviaire Annaba-Tunis en passant par Souk Ahras, la Soci\u00e9t\u00e9 nationale<\/p>\n","protected":false},"author":3,"featured_media":49761,"comment_status":"open","ping_status":"closed","sticky":false,"template":"","format":"standard","meta":{"colormag_page_container_layout":"default_layout","colormag_page_sidebar_layout":"default_layout","om_disable_all_campaigns":false,"_monsterinsights_skip_tracking":false,"_monsterinsights_sitenote_active":false,"_monsterinsights_sitenote_note":"","_monsterinsights_sitenote_category":0,"footnotes":"","_wpscppro_dont_share_socialmedia":false,"_wpscppro_custom_social_share_image":0,"_facebook_share_type":"default","_twitter_share_type":"default","_linkedin_share_type":"default","_pinterest_share_type":"default","_linkedin_share_type_page":"","_instagram_share_type":"default","_medium_share_type":"","_threads_share_type":"","_google_business_share_type":"","_selected_social_profile":[],"_wpsp_enable_custom_social_template":false,"_wpsp_social_scheduling":{"enabled":false,"datetime":null,"platforms":[],"status":"template_only","dateOption":"today","timeOption":"now","customDays":"","customHours":"","customDate":"","customTime":"","schedulingType":"absolute"},"_wpsp_active_default_template":true},"categories":[27],"tags":[],"class_list":["post-54582","post","type-post","status-publish","format-standard","has-post-thumbnail","hentry","category-actualite"],"aioseo_notices":[],"yoast_head":"<!-- This site is optimized with the Yoast SEO plugin v27.5 - https:\/\/yoast.com\/product\/yoast-seo-wordpress\/ -->\n<title>Ouverture prochaine de la desserte Alger- Annaba\u00a0\u2013Tunis\u00a0 - La Sentinelle<\/title>\n<meta name=\"robots\" content=\"index, follow, max-snippet:-1, max-image-preview:large, max-video-preview:-1\" \/>\n<link rel=\"canonical\" href=\"https:\/\/lasentinelle.dz\/index.php\/2024\/07\/18\/ouverture-prochaine-de-la-desserte-alger-annaba-tunis\/\" \/>\n<meta property=\"og:locale\" content=\"fr_FR\" \/>\n<meta property=\"og:type\" content=\"article\" \/>\n<meta property=\"og:title\" content=\"Ouverture prochaine de la desserte Alger- Annaba\u00a0\u2013Tunis\u00a0 - La Sentinelle\" \/>\n<meta property=\"og:description\" content=\"\u00c0 l\u2019occasion du lancement du deuxi\u00e8me essai de la ligne ferroviaire Annaba-Tunis en passant par Souk Ahras, la Soci\u00e9t\u00e9 nationale\" \/>\n<meta property=\"og:url\" content=\"https:\/\/lasentinelle.dz\/index.php\/2024\/07\/18\/ouverture-prochaine-de-la-desserte-alger-annaba-tunis\/\" \/>\n<meta property=\"og:site_name\" content=\"La Sentinelle\" \/>\n<meta property=\"article:publisher\" content=\"https:\/\/www.facebook.com\/La-Sentinelle-104059864394773\" \/>\n<meta property=\"article:published_time\" content=\"2024-07-18T08:50:43+00:00\" \/>\n<meta property=\"article:modified_time\" content=\"2024-07-18T08:50:45+00:00\" \/>\n<meta property=\"og:image\" content=\"https:\/\/lasentinelle.dz\/wp-content\/uploads\/2024\/02\/SNTF.jpeg\" \/>\n\t<meta property=\"og:image:width\" content=\"848\" \/>\n\t<meta property=\"og:image:height\" content=\"480\" \/>\n\t<meta property=\"og:image:type\" content=\"image\/jpeg\" \/>\n<meta name=\"author\" content=\"La Sentinelle\" \/>\n<meta name=\"twitter:card\" content=\"summary_large_image\" \/>\n<meta name=\"twitter:label1\" content=\"\u00c9crit par\" \/>\n\t<meta name=\"twitter:data1\" content=\"La Sentinelle\" \/>\n\t<meta name=\"twitter:label2\" content=\"Dur\u00e9e de lecture estim\u00e9e\" \/>\n\t<meta name=\"twitter:data2\" content=\"5 minutes\" \/>\n<script type=\"application\/ld+json\" class=\"yoast-schema-graph\">{\"@context\":\"https:\\\/\\\/schema.org\",\"@graph\":[{\"@type\":\"Article\",\"@id\":\"https:\\\/\\\/lasentinelle.dz\\\/index.php\\\/2024\\\/07\\\/18\\\/ouverture-prochaine-de-la-desserte-alger-annaba-tunis\\\/#article\",\"isPartOf\":{\"@id\":\"https:\\\/\\\/lasentinelle.dz\\\/index.php\\\/2024\\\/07\\\/18\\\/ouverture-prochaine-de-la-desserte-alger-annaba-tunis\\\/\"},\"author\":{\"name\":\"La Sentinelle\",\"@id\":\"https:\\\/\\\/lasentinelle.dz\\\/#\\\/schema\\\/person\\\/d865044e22e70a75174ce8bcad3acfb3\"},\"headline\":\"Ouverture prochaine de la desserte Alger- Annaba\u00a0\u2013Tunis\u00a0\",\"datePublished\":\"2024-07-18T08:50:43+00:00\",\"dateModified\":\"2024-07-18T08:50:45+00:00\",\"mainEntityOfPage\":{\"@id\":\"https:\\\/\\\/lasentinelle.dz\\\/index.php\\\/2024\\\/07\\\/18\\\/ouverture-prochaine-de-la-desserte-alger-annaba-tunis\\\/\"},\"wordCount\":993,\"commentCount\":0,\"publisher\":{\"@id\":\"https:\\\/\\\/lasentinelle.dz\\\/#organization\"},\"image\":{\"@id\":\"https:\\\/\\\/lasentinelle.dz\\\/index.php\\\/2024\\\/07\\\/18\\\/ouverture-prochaine-de-la-desserte-alger-annaba-tunis\\\/#primaryimage\"},\"thumbnailUrl\":\"https:\\\/\\\/lasentinelle.dz\\\/wp-content\\\/uploads\\\/2024\\\/02\\\/SNTF.jpeg\",\"articleSection\":[\"Actualit\u00e9\"],\"inLanguage\":\"fr-FR\",\"potentialAction\":[{\"@type\":\"CommentAction\",\"name\":\"Comment\",\"target\":[\"https:\\\/\\\/lasentinelle.dz\\\/index.php\\\/2024\\\/07\\\/18\\\/ouverture-prochaine-de-la-desserte-alger-annaba-tunis\\\/#respond\"]}]},{\"@type\":\"WebPage\",\"@id\":\"https:\\\/\\\/lasentinelle.dz\\\/index.php\\\/2024\\\/07\\\/18\\\/ouverture-prochaine-de-la-desserte-alger-annaba-tunis\\\/\",\"url\":\"https:\\\/\\\/lasentinelle.dz\\\/index.php\\\/2024\\\/07\\\/18\\\/ouverture-prochaine-de-la-desserte-alger-annaba-tunis\\\/\",\"name\":\"Ouverture prochaine de la desserte Alger- Annaba\u00a0\u2013Tunis\u00a0 - La Sentinelle\",\"isPartOf\":{\"@id\":\"https:\\\/\\\/lasentinelle.dz\\\/#website\"},\"primaryImageOfPage\":{\"@id\":\"https:\\\/\\\/lasentinelle.dz\\\/index.php\\\/2024\\\/07\\\/18\\\/ouverture-prochaine-de-la-desserte-alger-annaba-tunis\\\/#primaryimage\"},\"image\":{\"@id\":\"https:\\\/\\\/lasentinelle.dz\\\/index.php\\\/2024\\\/07\\\/18\\\/ouverture-prochaine-de-la-desserte-alger-annaba-tunis\\\/#primaryimage\"},\"thumbnailUrl\":\"https:\\\/\\\/lasentinelle.dz\\\/wp-content\\\/uploads\\\/2024\\\/02\\\/SNTF.jpeg\",\"datePublished\":\"2024-07-18T08:50:43+00:00\",\"dateModified\":\"2024-07-18T08:50:45+00:00\",\"breadcrumb\":{\"@id\":\"https:\\\/\\\/lasentinelle.dz\\\/index.php\\\/2024\\\/07\\\/18\\\/ouverture-prochaine-de-la-desserte-alger-annaba-tunis\\\/#breadcrumb\"},\"inLanguage\":\"fr-FR\",\"potentialAction\":[{\"@type\":\"ReadAction\",\"target\":[\"https:\\\/\\\/lasentinelle.dz\\\/index.php\\\/2024\\\/07\\\/18\\\/ouverture-prochaine-de-la-desserte-alger-annaba-tunis\\\/\"]}]},{\"@type\":\"ImageObject\",\"inLanguage\":\"fr-FR\",\"@id\":\"https:\\\/\\\/lasentinelle.dz\\\/index.php\\\/2024\\\/07\\\/18\\\/ouverture-prochaine-de-la-desserte-alger-annaba-tunis\\\/#primaryimage\",\"url\":\"https:\\\/\\\/lasentinelle.dz\\\/wp-content\\\/uploads\\\/2024\\\/02\\\/SNTF.jpeg\",\"contentUrl\":\"https:\\\/\\\/lasentinelle.dz\\\/wp-content\\\/uploads\\\/2024\\\/02\\\/SNTF.jpeg\",\"width\":848,\"height\":480},{\"@type\":\"BreadcrumbList\",\"@id\":\"https:\\\/\\\/lasentinelle.dz\\\/index.php\\\/2024\\\/07\\\/18\\\/ouverture-prochaine-de-la-desserte-alger-annaba-tunis\\\/#breadcrumb\",\"itemListElement\":[{\"@type\":\"ListItem\",\"position\":1,\"name\":\"Accueil\",\"item\":\"https:\\\/\\\/lasentinelle.dz\\\/\"},{\"@type\":\"ListItem\",\"position\":2,\"name\":\"Ouverture prochaine de la desserte Alger- Annaba\u00a0\u2013Tunis\u00a0\"}]},{\"@type\":\"WebSite\",\"@id\":\"https:\\\/\\\/lasentinelle.dz\\\/#website\",\"url\":\"https:\\\/\\\/lasentinelle.dz\\\/\",\"name\":\"La Sentinelle\",\"description\":\"Quotidien national d&#039;information\",\"publisher\":{\"@id\":\"https:\\\/\\\/lasentinelle.dz\\\/#organization\"},\"potentialAction\":[{\"@type\":\"SearchAction\",\"target\":{\"@type\":\"EntryPoint\",\"urlTemplate\":\"https:\\\/\\\/lasentinelle.dz\\\/?s={search_term_string}\"},\"query-input\":{\"@type\":\"PropertyValueSpecification\",\"valueRequired\":true,\"valueName\":\"search_term_string\"}}],\"inLanguage\":\"fr-FR\"},{\"@type\":\"Organization\",\"@id\":\"https:\\\/\\\/lasentinelle.dz\\\/#organization\",\"name\":\"Quotidien La Sentinelle\",\"url\":\"https:\\\/\\\/lasentinelle.dz\\\/\",\"logo\":{\"@type\":\"ImageObject\",\"inLanguage\":\"fr-FR\",\"@id\":\"https:\\\/\\\/lasentinelle.dz\\\/#\\\/schema\\\/logo\\\/image\\\/\",\"url\":\"https:\\\/\\\/lasentinelle.dz\\\/wp-content\\\/uploads\\\/2021\\\/09\\\/logo-sentinelleSLOGAN-1.png\",\"contentUrl\":\"https:\\\/\\\/lasentinelle.dz\\\/wp-content\\\/uploads\\\/2021\\\/09\\\/logo-sentinelleSLOGAN-1.png\",\"width\":615,\"height\":142,\"caption\":\"Quotidien La Sentinelle\"},\"image\":{\"@id\":\"https:\\\/\\\/lasentinelle.dz\\\/#\\\/schema\\\/logo\\\/image\\\/\"},\"sameAs\":[\"https:\\\/\\\/www.facebook.com\\\/La-Sentinelle-104059864394773\"]},{\"@type\":\"Person\",\"@id\":\"https:\\\/\\\/lasentinelle.dz\\\/#\\\/schema\\\/person\\\/d865044e22e70a75174ce8bcad3acfb3\",\"name\":\"La Sentinelle\",\"image\":{\"@type\":\"ImageObject\",\"inLanguage\":\"fr-FR\",\"@id\":\"https:\\\/\\\/secure.gravatar.com\\\/avatar\\\/57de8e5d4b15d43fb361a71fbb36338450fe67865b528a43dd10ef7c51a20392?s=96&d=mm&r=g\",\"url\":\"https:\\\/\\\/secure.gravatar.com\\\/avatar\\\/57de8e5d4b15d43fb361a71fbb36338450fe67865b528a43dd10ef7c51a20392?s=96&d=mm&r=g\",\"contentUrl\":\"https:\\\/\\\/secure.gravatar.com\\\/avatar\\\/57de8e5d4b15d43fb361a71fbb36338450fe67865b528a43dd10ef7c51a20392?s=96&d=mm&r=g\",\"caption\":\"La Sentinelle\"},\"sameAs\":[\"http:\\\/\\\/www.lasentinelle.dz\"],\"url\":\"https:\\\/\\\/lasentinelle.dz\\\/author\\\/redaction\\\/\"}]}<\/script>\n<!-- \/ Yoast SEO plugin. -->","yoast_head_json":{"title":"Ouverture prochaine de la desserte Alger- Annaba\u00a0\u2013Tunis\u00a0 - La Sentinelle","robots":{"index":"index","follow":"follow","max-snippet":"max-snippet:-1","max-image-preview":"max-image-preview:large","max-video-preview":"max-video-preview:-1"},"canonical":"https:\/\/lasentinelle.dz\/index.php\/2024\/07\/18\/ouverture-prochaine-de-la-desserte-alger-annaba-tunis\/","og_locale":"fr_FR","og_type":"article","og_title":"Ouverture prochaine de la desserte Alger- Annaba\u00a0\u2013Tunis\u00a0 - La Sentinelle","og_description":"\u00c0 l\u2019occasion du lancement du deuxi\u00e8me essai de la ligne ferroviaire Annaba-Tunis en passant par Souk Ahras, la Soci\u00e9t\u00e9 nationale","og_url":"https:\/\/lasentinelle.dz\/index.php\/2024\/07\/18\/ouverture-prochaine-de-la-desserte-alger-annaba-tunis\/","og_site_name":"La Sentinelle","article_publisher":"https:\/\/www.facebook.com\/La-Sentinelle-104059864394773","article_published_time":"2024-07-18T08:50:43+00:00","article_modified_time":"2024-07-18T08:50:45+00:00","og_image":[{"width":848,"height":480,"url":"https:\/\/lasentinelle.dz\/wp-content\/uploads\/2024\/02\/SNTF.jpeg","type":"image\/jpeg"}],"author":"La Sentinelle","twitter_card":"summary_large_image","twitter_misc":{"\u00c9crit par":"La Sentinelle","Dur\u00e9e de lecture estim\u00e9e":"5 minutes"},"schema":{"@context":"https:\/\/schema.org","@graph":[{"@type":"Article","@id":"https:\/\/lasentinelle.dz\/index.php\/2024\/07\/18\/ouverture-prochaine-de-la-desserte-alger-annaba-tunis\/#article","isPartOf":{"@id":"https:\/\/lasentinelle.dz\/index.php\/2024\/07\/18\/ouverture-prochaine-de-la-desserte-alger-annaba-tunis\/"},"author":{"name":"La Sentinelle","@id":"https:\/\/lasentinelle.dz\/#\/schema\/person\/d865044e22e70a75174ce8bcad3acfb3"},"headline":"Ouverture prochaine de la desserte Alger- Annaba\u00a0\u2013Tunis\u00a0","datePublished":"2024-07-18T08:50:43+00:00","dateModified":"2024-07-18T08:50:45+00:00","mainEntityOfPage":{"@id":"https:\/\/lasentinelle.dz\/index.php\/2024\/07\/18\/ouverture-prochaine-de-la-desserte-alger-annaba-tunis\/"},"wordCount":993,"commentCount":0,"publisher":{"@id":"https:\/\/lasentinelle.dz\/#organization"},"image":{"@id":"https:\/\/lasentinelle.dz\/index.php\/2024\/07\/18\/ouverture-prochaine-de-la-desserte-alger-annaba-tunis\/#primaryimage"},"thumbnailUrl":"https:\/\/lasentinelle.dz\/wp-content\/uploads\/2024\/02\/SNTF.jpeg","articleSection":["Actualit\u00e9"],"inLanguage":"fr-FR","potentialAction":[{"@type":"CommentAction","name":"Comment","target":["https:\/\/lasentinelle.dz\/index.php\/2024\/07\/18\/ouverture-prochaine-de-la-desserte-alger-annaba-tunis\/#respond"]}]},{"@type":"WebPage","@id":"https:\/\/lasentinelle.dz\/index.php\/2024\/07\/18\/ouverture-prochaine-de-la-desserte-alger-annaba-tunis\/","url":"https:\/\/lasentinelle.dz\/index.php\/2024\/07\/18\/ouverture-prochaine-de-la-desserte-alger-annaba-tunis\/","name":"Ouverture prochaine de la desserte Alger- Annaba\u00a0\u2013Tunis\u00a0 - La Sentinelle","isPartOf":{"@id":"https:\/\/lasentinelle.dz\/#website"},"primaryImageOfPage":{"@id":"https:\/\/lasentinelle.dz\/index.php\/2024\/07\/18\/ouverture-prochaine-de-la-desserte-alger-annaba-tunis\/#primaryimage"},"image":{"@id":"https:\/\/lasentinelle.dz\/index.php\/2024\/07\/18\/ouverture-prochaine-de-la-desserte-alger-annaba-tunis\/#primaryimage"},"thumbnailUrl":"https:\/\/lasentinelle.dz\/wp-content\/uploads\/2024\/02\/SNTF.jpeg","datePublished":"2024-07-18T08:50:43+00:00","dateModified":"2024-07-18T08:50:45+00:00","breadcrumb":{"@id":"https:\/\/lasentinelle.dz\/index.php\/2024\/07\/18\/ouverture-prochaine-de-la-desserte-alger-annaba-tunis\/#breadcrumb"},"inLanguage":"fr-FR","potentialAction":[{"@type":"ReadAction","target":["https:\/\/lasentinelle.dz\/index.php\/2024\/07\/18\/ouverture-prochaine-de-la-desserte-alger-annaba-tunis\/"]}]},{"@type":"ImageObject","inLanguage":"fr-FR","@id":"https:\/\/lasentinelle.dz\/index.php\/2024\/07\/18\/ouverture-prochaine-de-la-desserte-alger-annaba-tunis\/#primaryimage","url":"https:\/\/lasentinelle.dz\/wp-content\/uploads\/2024\/02\/SNTF.jpeg","contentUrl":"https:\/\/lasentinelle.dz\/wp-content\/uploads\/2024\/02\/SNTF.jpeg","width":848,"height":480},{"@type":"BreadcrumbList","@id":"https:\/\/lasentinelle.dz\/index.php\/2024\/07\/18\/ouverture-prochaine-de-la-desserte-alger-annaba-tunis\/#breadcrumb","itemListElement":[{"@type":"ListItem","position":1,"name":"Accueil","item":"https:\/\/lasentinelle.dz\/"},{"@type":"ListItem","position":2,"name":"Ouverture prochaine de la desserte Alger- Annaba\u00a0\u2013Tunis\u00a0"}]},{"@type":"WebSite","@id":"https:\/\/lasentinelle.dz\/#website","url":"https:\/\/lasentinelle.dz\/","name":"La Sentinelle","description":"Quotidien national d&#039;information","publisher":{"@id":"https:\/\/lasentinelle.dz\/#organization"},"potentialAction":[{"@type":"SearchAction","target":{"@type":"EntryPoint","urlTemplate":"https:\/\/lasentinelle.dz\/?s={search_term_string}"},"query-input":{"@type":"PropertyValueSpecification","valueRequired":true,"valueName":"search_term_string"}}],"inLanguage":"fr-FR"},{"@type":"Organization","@id":"https:\/\/lasentinelle.dz\/#organization","name":"Quotidien La Sentinelle","url":"https:\/\/lasentinelle.dz\/","logo":{"@type":"ImageObject","inLanguage":"fr-FR","@id":"https:\/\/lasentinelle.dz\/#\/schema\/logo\/image\/","url":"https:\/\/lasentinelle.dz\/wp-content\/uploads\/2021\/09\/logo-sentinelleSLOGAN-1.png","contentUrl":"https:\/\/lasentinelle.dz\/wp-content\/uploads\/2021\/09\/logo-sentinelleSLOGAN-1.png","width":615,"height":142,"caption":"Quotidien La Sentinelle"},"image":{"@id":"https:\/\/lasentinelle.dz\/#\/schema\/logo\/image\/"},"sameAs":["https:\/\/www.facebook.com\/La-Sentinelle-104059864394773"]},{"@type":"Person","@id":"https:\/\/lasentinelle.dz\/#\/schema\/person\/d865044e22e70a75174ce8bcad3acfb3","name":"La Sentinelle","image":{"@type":"ImageObject","inLanguage":"fr-FR","@id":"https:\/\/secure.gravatar.com\/avatar\/57de8e5d4b15d43fb361a71fbb36338450fe67865b528a43dd10ef7c51a20392?s=96&d=mm&r=g","url":"https:\/\/secure.gravatar.com\/avatar\/57de8e5d4b15d43fb361a71fbb36338450fe67865b528a43dd10ef7c51a20392?s=96&d=mm&r=g","contentUrl":"https:\/\/secure.gravatar.com\/avatar\/57de8e5d4b15d43fb361a71fbb36338450fe67865b528a43dd10ef7c51a20392?s=96&d=mm&r=g","caption":"La Sentinelle"},"sameAs":["http:\/\/www.lasentinelle.dz"],"url":"https:\/\/lasentinelle.dz\/author\/redaction\/"}]}},"_links":{"self":[{"href":"https:\/\/lasentinelle.dz\/index.php\/wp-json\/wp\/v2\/posts\/54582","targetHints":{"allow":["GET"]}}],"collection":[{"href":"https:\/\/lasentinelle.dz\/index.php\/wp-json\/wp\/v2\/posts"}],"about":[{"href":"https:\/\/lasentinelle.dz\/index.php\/wp-json\/wp\/v2\/types\/post"}],"author":[{"embeddable":true,"href":"https:\/\/lasentinelle.dz\/index.php\/wp-json\/wp\/v2\/users\/3"}],"replies":[{"embeddable":true,"href":"https:\/\/lasentinelle.dz\/index.php\/wp-json\/wp\/v2\/comments?post=54582"}],"version-history":[{"count":1,"href":"https:\/\/lasentinelle.dz\/index.php\/wp-json\/wp\/v2\/posts\/54582\/revisions"}],"predecessor-version":[{"id":54583,"href":"https:\/\/lasentinelle.dz\/index.php\/wp-json\/wp\/v2\/posts\/54582\/revisions\/54583"}],"wp:featuredmedia":[{"embeddable":true,"href":"https:\/\/lasentinelle.dz\/index.php\/wp-json\/wp\/v2\/media\/49761"}],"wp:attachment":[{"href":"https:\/\/lasentinelle.dz\/index.php\/wp-json\/wp\/v2\/media?parent=54582"}],"wp:term":[{"taxonomy":"category","embeddable":true,"href":"https:\/\/lasentinelle.dz\/index.php\/wp-json\/wp\/v2\/categories?post=54582"},{"taxonomy":"post_tag","embeddable":true,"href":"https:\/\/lasentinelle.dz\/index.php\/wp-json\/wp\/v2\/tags?post=54582"}],"curies":[{"name":"wp","href":"https:\/\/api.w.org\/{rel}","templated":true}]}}