{"id":54643,"date":"2024-07-21T14:04:34","date_gmt":"2024-07-21T13:04:34","guid":{"rendered":"https:\/\/lasentinelle.dz\/?p=54643"},"modified":"2024-07-21T14:04:34","modified_gmt":"2024-07-21T13:04:34","slug":"selon-une-enquete-de-lons-lactivite-industrielle-se-stabilise","status":"publish","type":"post","link":"https:\/\/lasentinelle.dz\/index.php\/2024\/07\/21\/selon-une-enquete-de-lons-lactivite-industrielle-se-stabilise\/","title":{"rendered":"Selon une enqu\u00eate de l\u2019ONS : L\u2019activit\u00e9 industrielle se stabilise"},"content":{"rendered":"\n<p>L\u2019enqu\u00eate d\u2019opinion r\u00e9alis\u00e9e par l\u2019ONS (office national des statistiques) aupr\u00e8s des chefs d\u2019entreprises publiques, fait ressortir l&rsquo;optimisme des chefs d&rsquo;entreprises, m\u00eame si l\u2019activit\u00e9 industrielle a l\u00e9g\u00e8rement recul\u00e9 au premier trimestre 2024 par rapport au trimestre pr\u00e9c\u00e9dent alors qu\u2019elle est &nbsp;demeur\u00e9e stable selon celle du secteur priv\u00e9. &nbsp;Selon cette enqu\u00eate, le niveau d\u2019approvisionnement en mati\u00e8res premi\u00e8res a \u00e9t\u00e9 inf\u00e9rieur \u00e0 la demande exprim\u00e9e selon pr\u00e8s de 15 % des concern\u00e9s du secteur public et reste \u00e9gal selon pr\u00e8s de l\u2019ensemble de ceux du priv\u00e9, ce qui a engendr\u00e9 des ruptures de stocks \u00e0 pr\u00e8s de 23% des concern\u00e9s du secteur public allant \u00e0 moins de 10 jours pour la plupart d\u2019entre eux. Plus explicite, les enqu\u00eateurs de l\u2019ONS ont relev\u00e9 que pr\u00e9s de 20 % des chefs d\u2019entreprises du secteur public et pr\u00e8s de 10 % de ceux du priv\u00e9 ont connu des pannes d\u2019\u00e9lectricit\u00e9 engendrant des arr\u00eats de travail, toutefois, inf\u00e9rieurs \u00e0 6 jours selon la plupart des concern\u00e9s des deux secteurs. Par ailleurs, ces derniers d\u00e9clarent \u00eatre satisfaits de l\u2019approvisionnement en eau durant ce trimestre. &nbsp;La demande en produits fabriqu\u00e9s a recul\u00e9 selon les chefs d\u2019entreprises enqu\u00eat\u00e9s du secteur public, par contre, elle est rest\u00e9e stable selon ceux du secteur priv\u00e9, selon la m\u00eame source. &nbsp;&nbsp;Ceci dit la plupart des chefs d\u2019entreprises interrog\u00e9s d\u00e9clarent avoir satisfait toutes les commandes re\u00e7ues et leur subsiste des stocks de produits fabriqu\u00e9s, situation jug\u00e9e anormale par pr\u00e8s de 67% des enqu\u00eat\u00e9s du secteur public et normal par plus de 75% des enqu\u00eat\u00e9s du secteur priv\u00e9. Plus de 25 % des chefs d\u2019entreprises interrog\u00e9s du secteur public d\u00e9clarent avoir rencontr\u00e9 des probl\u00e8mes de transport durant ce trimestre. &nbsp;Selon l&rsquo;opinion des chefs d&rsquo;entreprises publiques, les effectifs sont rest\u00e9s stables durant ce premier trimestre 2024 et le niveau de qualification du personnel est jug\u00e9 suffisant selon la majorit\u00e9 des enqu\u00eat\u00e9s. Toutefois, 14 % des concern\u00e9s du secteur public et plus de 6 % de ceux du secteur priv\u00e9 d\u00e9clarent avoir trouv\u00e9 des difficult\u00e9s \u00e0 en recruter. La majorit\u00e9 des chefs d&rsquo;entreprises publiques et de ceux du priv\u00e9 d\u00e9clarent ne pas pouvoir produire davantage en embauchant du personnel suppl\u00e9mentaire.<\/p>\n\n\n\n<p>&nbsp;Concernant l&rsquo;\u00e9tat de la tr\u00e9sorerie, il demeure normal selon pr\u00e8s de 56% des concern\u00e9s du secteur public ainsi que de la plupart de ceux du priv\u00e9 et reste mauvais selon plus de 31% des premiers. Toutefois, l&rsquo;allongement des d\u00e9lais de recouvrement des cr\u00e9ances, les charges d&rsquo;exploitation \u00e9lev\u00e9es continuent d&rsquo;influer sur l&rsquo;\u00e9tat de la tr\u00e9sorerie. Cependant, pr\u00e8s de 36 % des chefs d\u2019entreprises publiques et pr\u00e8s de 30 % de ceux du secteur priv\u00e9 ont recouru \u00e0 des cr\u00e9dits bancaires et la plupart n&rsquo;a pas eu de difficult\u00e9s \u00e0 les contracter.<\/p>\n\n\n\n<p>Pour des raisons principalement de la v\u00e9tust\u00e9 des \u00e9quipements, la plupart des chefs d&rsquo;entreprises publiques enqu\u00eat\u00e9s et pr\u00e8s de 6 % de ceux du priv\u00e9 d\u00e9clarent avoir connu des pannes durant ce trimestre, toutefois, inf\u00e9rieures \u00e0 6 jours selon la plupart d\u2019entre eux. Plus de 24 % des concern\u00e9s du secteur public et plus de 35 % de ceux du secteur priv\u00e9 ont remis en marche leurs \u00e9quipements apr\u00e8s une panne et pr\u00e8s de 21 % des premiers et de 28 % des seconds ont proc\u00e9d\u00e9 \u00e0 des renouvellements et \u00e0 des extensions. La plupart des op\u00e9rateurs \u00e9conomiques du secteur public et de ceux du priv\u00e9 d\u00e9clarent pouvoir produire davantage en renouvelant les \u00e9quipements et sans embauche suppl\u00e9mentaire du personnel.<\/p>\n\n\n\n<p>Ceci dit, les r\u00e9sultats de l\u2019enqu\u00eate de l\u2019ONS confirme, selon les sp\u00e9cialistes, les chiffres divulgu\u00e9s par l\u2019ABEF sur la hausse des cr\u00e9dits bancaires de 8% pour le fionancement de l\u2019\u00e9conomie nationale. &nbsp;Il y a lieu de rappeler que l\u2019enqu\u00eate d\u2019opinion aupr\u00e8s des chefs d\u2019entreprises industrielles, initi\u00e9e par les services de l\u2019ONS, couvre plusieurs domaines non trait\u00e9s par les enqu\u00eates traditionnelles (la demande et la distribution la main-d\u2019\u0153uvre, la tr\u00e9sorerie et l\u2019\u00e9quipement). Elle ne les d\u00e9crit pas de fa\u00e7on quantitative mais les appr\u00e9hende \u00e0 travers un recueil d\u2019opinion des chefs d\u2019entreprises. Les tendances sont pr\u00e9sent\u00e9es par des courbes traduisant des soldes d\u2019opinions ou des proportions.&nbsp;<\/p>\n\n\n\n<p>Hakim Aomar<\/p>\n","protected":false},"excerpt":{"rendered":"<p>L\u2019enqu\u00eate d\u2019opinion r\u00e9alis\u00e9e par l\u2019ONS (office national des statistiques) aupr\u00e8s des chefs d\u2019entreprises publiques, fait ressortir l&rsquo;optimisme des chefs d&rsquo;entreprises,<\/p>\n","protected":false},"author":3,"featured_media":31528,"comment_status":"open","ping_status":"closed","sticky":false,"template":"","format":"standard","meta":{"colormag_page_container_layout":"default_layout","colormag_page_sidebar_layout":"default_layout","om_disable_all_campaigns":false,"_monsterinsights_skip_tracking":false,"_monsterinsights_sitenote_active":false,"_monsterinsights_sitenote_note":"","_monsterinsights_sitenote_category":0,"footnotes":"","_wpscppro_dont_share_socialmedia":false,"_wpscppro_custom_social_share_image":0,"_facebook_share_type":"default","_twitter_share_type":"default","_linkedin_share_type":"default","_pinterest_share_type":"default","_linkedin_share_type_page":"","_instagram_share_type":"default","_medium_share_type":"","_threads_share_type":"","_google_business_share_type":"","_selected_social_profile":[],"_wpsp_enable_custom_social_template":false,"_wpsp_social_scheduling":{"enabled":false,"datetime":null,"platforms":[],"status":"template_only","dateOption":"today","timeOption":"now","customDays":"","customHours":"","customDate":"","customTime":"","schedulingType":"absolute"},"_wpsp_active_default_template":true},"categories":[29],"tags":[],"class_list":["post-54643","post","type-post","status-publish","format-standard","has-post-thumbnail","hentry","category-economie"],"aioseo_notices":[],"yoast_head":"<!-- This site is optimized with the Yoast SEO plugin v27.5 - https:\/\/yoast.com\/product\/yoast-seo-wordpress\/ -->\n<title>Selon une enqu\u00eate de l\u2019ONS : L\u2019activit\u00e9 industrielle se stabilise - La Sentinelle<\/title>\n<meta name=\"robots\" content=\"index, follow, max-snippet:-1, max-image-preview:large, max-video-preview:-1\" \/>\n<link rel=\"canonical\" href=\"https:\/\/lasentinelle.dz\/index.php\/2024\/07\/21\/selon-une-enquete-de-lons-lactivite-industrielle-se-stabilise\/\" \/>\n<meta property=\"og:locale\" content=\"fr_FR\" \/>\n<meta property=\"og:type\" content=\"article\" \/>\n<meta property=\"og:title\" content=\"Selon une enqu\u00eate de l\u2019ONS : L\u2019activit\u00e9 industrielle se stabilise - La Sentinelle\" \/>\n<meta property=\"og:description\" content=\"L\u2019enqu\u00eate d\u2019opinion r\u00e9alis\u00e9e par l\u2019ONS (office national des statistiques) aupr\u00e8s des chefs d\u2019entreprises publiques, fait ressortir l&rsquo;optimisme des chefs d&rsquo;entreprises,\" \/>\n<meta property=\"og:url\" content=\"https:\/\/lasentinelle.dz\/index.php\/2024\/07\/21\/selon-une-enquete-de-lons-lactivite-industrielle-se-stabilise\/\" \/>\n<meta property=\"og:site_name\" content=\"La Sentinelle\" \/>\n<meta property=\"article:publisher\" content=\"https:\/\/www.facebook.com\/La-Sentinelle-104059864394773\" \/>\n<meta property=\"article:published_time\" content=\"2024-07-21T13:04:34+00:00\" \/>\n<meta property=\"og:image\" content=\"https:\/\/lasentinelle.dz\/wp-content\/uploads\/2022\/11\/Industrie.png\" \/>\n\t<meta property=\"og:image:width\" content=\"1350\" \/>\n\t<meta property=\"og:image:height\" content=\"900\" \/>\n\t<meta property=\"og:image:type\" content=\"image\/png\" \/>\n<meta name=\"author\" content=\"La Sentinelle\" \/>\n<meta name=\"twitter:card\" content=\"summary_large_image\" \/>\n<meta name=\"twitter:label1\" content=\"\u00c9crit par\" \/>\n\t<meta name=\"twitter:data1\" content=\"La Sentinelle\" \/>\n\t<meta name=\"twitter:label2\" content=\"Dur\u00e9e de lecture estim\u00e9e\" \/>\n\t<meta name=\"twitter:data2\" content=\"4 minutes\" \/>\n<script type=\"application\/ld+json\" class=\"yoast-schema-graph\">{\"@context\":\"https:\\\/\\\/schema.org\",\"@graph\":[{\"@type\":\"Article\",\"@id\":\"https:\\\/\\\/lasentinelle.dz\\\/index.php\\\/2024\\\/07\\\/21\\\/selon-une-enquete-de-lons-lactivite-industrielle-se-stabilise\\\/#article\",\"isPartOf\":{\"@id\":\"https:\\\/\\\/lasentinelle.dz\\\/index.php\\\/2024\\\/07\\\/21\\\/selon-une-enquete-de-lons-lactivite-industrielle-se-stabilise\\\/\"},\"author\":{\"name\":\"La Sentinelle\",\"@id\":\"https:\\\/\\\/lasentinelle.dz\\\/#\\\/schema\\\/person\\\/d865044e22e70a75174ce8bcad3acfb3\"},\"headline\":\"Selon une enqu\u00eate de l\u2019ONS : L\u2019activit\u00e9 industrielle se stabilise\",\"datePublished\":\"2024-07-21T13:04:34+00:00\",\"mainEntityOfPage\":{\"@id\":\"https:\\\/\\\/lasentinelle.dz\\\/index.php\\\/2024\\\/07\\\/21\\\/selon-une-enquete-de-lons-lactivite-industrielle-se-stabilise\\\/\"},\"wordCount\":777,\"commentCount\":0,\"publisher\":{\"@id\":\"https:\\\/\\\/lasentinelle.dz\\\/#organization\"},\"image\":{\"@id\":\"https:\\\/\\\/lasentinelle.dz\\\/index.php\\\/2024\\\/07\\\/21\\\/selon-une-enquete-de-lons-lactivite-industrielle-se-stabilise\\\/#primaryimage\"},\"thumbnailUrl\":\"https:\\\/\\\/lasentinelle.dz\\\/wp-content\\\/uploads\\\/2022\\\/11\\\/Industrie.png\",\"articleSection\":[\"\u00c9conomie\"],\"inLanguage\":\"fr-FR\",\"potentialAction\":[{\"@type\":\"CommentAction\",\"name\":\"Comment\",\"target\":[\"https:\\\/\\\/lasentinelle.dz\\\/index.php\\\/2024\\\/07\\\/21\\\/selon-une-enquete-de-lons-lactivite-industrielle-se-stabilise\\\/#respond\"]}]},{\"@type\":\"WebPage\",\"@id\":\"https:\\\/\\\/lasentinelle.dz\\\/index.php\\\/2024\\\/07\\\/21\\\/selon-une-enquete-de-lons-lactivite-industrielle-se-stabilise\\\/\",\"url\":\"https:\\\/\\\/lasentinelle.dz\\\/index.php\\\/2024\\\/07\\\/21\\\/selon-une-enquete-de-lons-lactivite-industrielle-se-stabilise\\\/\",\"name\":\"Selon une enqu\u00eate de l\u2019ONS : L\u2019activit\u00e9 industrielle se stabilise - La Sentinelle\",\"isPartOf\":{\"@id\":\"https:\\\/\\\/lasentinelle.dz\\\/#website\"},\"primaryImageOfPage\":{\"@id\":\"https:\\\/\\\/lasentinelle.dz\\\/index.php\\\/2024\\\/07\\\/21\\\/selon-une-enquete-de-lons-lactivite-industrielle-se-stabilise\\\/#primaryimage\"},\"image\":{\"@id\":\"https:\\\/\\\/lasentinelle.dz\\\/index.php\\\/2024\\\/07\\\/21\\\/selon-une-enquete-de-lons-lactivite-industrielle-se-stabilise\\\/#primaryimage\"},\"thumbnailUrl\":\"https:\\\/\\\/lasentinelle.dz\\\/wp-content\\\/uploads\\\/2022\\\/11\\\/Industrie.png\",\"datePublished\":\"2024-07-21T13:04:34+00:00\",\"breadcrumb\":{\"@id\":\"https:\\\/\\\/lasentinelle.dz\\\/index.php\\\/2024\\\/07\\\/21\\\/selon-une-enquete-de-lons-lactivite-industrielle-se-stabilise\\\/#breadcrumb\"},\"inLanguage\":\"fr-FR\",\"potentialAction\":[{\"@type\":\"ReadAction\",\"target\":[\"https:\\\/\\\/lasentinelle.dz\\\/index.php\\\/2024\\\/07\\\/21\\\/selon-une-enquete-de-lons-lactivite-industrielle-se-stabilise\\\/\"]}]},{\"@type\":\"ImageObject\",\"inLanguage\":\"fr-FR\",\"@id\":\"https:\\\/\\\/lasentinelle.dz\\\/index.php\\\/2024\\\/07\\\/21\\\/selon-une-enquete-de-lons-lactivite-industrielle-se-stabilise\\\/#primaryimage\",\"url\":\"https:\\\/\\\/lasentinelle.dz\\\/wp-content\\\/uploads\\\/2022\\\/11\\\/Industrie.png\",\"contentUrl\":\"https:\\\/\\\/lasentinelle.dz\\\/wp-content\\\/uploads\\\/2022\\\/11\\\/Industrie.png\",\"width\":1350,\"height\":900},{\"@type\":\"BreadcrumbList\",\"@id\":\"https:\\\/\\\/lasentinelle.dz\\\/index.php\\\/2024\\\/07\\\/21\\\/selon-une-enquete-de-lons-lactivite-industrielle-se-stabilise\\\/#breadcrumb\",\"itemListElement\":[{\"@type\":\"ListItem\",\"position\":1,\"name\":\"Accueil\",\"item\":\"https:\\\/\\\/lasentinelle.dz\\\/\"},{\"@type\":\"ListItem\",\"position\":2,\"name\":\"Selon une enqu\u00eate de l\u2019ONS : L\u2019activit\u00e9 industrielle se stabilise\"}]},{\"@type\":\"WebSite\",\"@id\":\"https:\\\/\\\/lasentinelle.dz\\\/#website\",\"url\":\"https:\\\/\\\/lasentinelle.dz\\\/\",\"name\":\"La Sentinelle\",\"description\":\"Quotidien national d&#039;information\",\"publisher\":{\"@id\":\"https:\\\/\\\/lasentinelle.dz\\\/#organization\"},\"potentialAction\":[{\"@type\":\"SearchAction\",\"target\":{\"@type\":\"EntryPoint\",\"urlTemplate\":\"https:\\\/\\\/lasentinelle.dz\\\/?s={search_term_string}\"},\"query-input\":{\"@type\":\"PropertyValueSpecification\",\"valueRequired\":true,\"valueName\":\"search_term_string\"}}],\"inLanguage\":\"fr-FR\"},{\"@type\":\"Organization\",\"@id\":\"https:\\\/\\\/lasentinelle.dz\\\/#organization\",\"name\":\"Quotidien La Sentinelle\",\"url\":\"https:\\\/\\\/lasentinelle.dz\\\/\",\"logo\":{\"@type\":\"ImageObject\",\"inLanguage\":\"fr-FR\",\"@id\":\"https:\\\/\\\/lasentinelle.dz\\\/#\\\/schema\\\/logo\\\/image\\\/\",\"url\":\"https:\\\/\\\/lasentinelle.dz\\\/wp-content\\\/uploads\\\/2021\\\/09\\\/logo-sentinelleSLOGAN-1.png\",\"contentUrl\":\"https:\\\/\\\/lasentinelle.dz\\\/wp-content\\\/uploads\\\/2021\\\/09\\\/logo-sentinelleSLOGAN-1.png\",\"width\":615,\"height\":142,\"caption\":\"Quotidien La Sentinelle\"},\"image\":{\"@id\":\"https:\\\/\\\/lasentinelle.dz\\\/#\\\/schema\\\/logo\\\/image\\\/\"},\"sameAs\":[\"https:\\\/\\\/www.facebook.com\\\/La-Sentinelle-104059864394773\"]},{\"@type\":\"Person\",\"@id\":\"https:\\\/\\\/lasentinelle.dz\\\/#\\\/schema\\\/person\\\/d865044e22e70a75174ce8bcad3acfb3\",\"name\":\"La Sentinelle\",\"image\":{\"@type\":\"ImageObject\",\"inLanguage\":\"fr-FR\",\"@id\":\"https:\\\/\\\/secure.gravatar.com\\\/avatar\\\/57de8e5d4b15d43fb361a71fbb36338450fe67865b528a43dd10ef7c51a20392?s=96&d=mm&r=g\",\"url\":\"https:\\\/\\\/secure.gravatar.com\\\/avatar\\\/57de8e5d4b15d43fb361a71fbb36338450fe67865b528a43dd10ef7c51a20392?s=96&d=mm&r=g\",\"contentUrl\":\"https:\\\/\\\/secure.gravatar.com\\\/avatar\\\/57de8e5d4b15d43fb361a71fbb36338450fe67865b528a43dd10ef7c51a20392?s=96&d=mm&r=g\",\"caption\":\"La Sentinelle\"},\"sameAs\":[\"http:\\\/\\\/www.lasentinelle.dz\"],\"url\":\"https:\\\/\\\/lasentinelle.dz\\\/author\\\/redaction\\\/\"}]}<\/script>\n<!-- \/ Yoast SEO plugin. -->","yoast_head_json":{"title":"Selon une enqu\u00eate de l\u2019ONS : L\u2019activit\u00e9 industrielle se stabilise - La Sentinelle","robots":{"index":"index","follow":"follow","max-snippet":"max-snippet:-1","max-image-preview":"max-image-preview:large","max-video-preview":"max-video-preview:-1"},"canonical":"https:\/\/lasentinelle.dz\/index.php\/2024\/07\/21\/selon-une-enquete-de-lons-lactivite-industrielle-se-stabilise\/","og_locale":"fr_FR","og_type":"article","og_title":"Selon une enqu\u00eate de l\u2019ONS : L\u2019activit\u00e9 industrielle se stabilise - La Sentinelle","og_description":"L\u2019enqu\u00eate d\u2019opinion r\u00e9alis\u00e9e par l\u2019ONS (office national des statistiques) aupr\u00e8s des chefs d\u2019entreprises publiques, fait ressortir l&rsquo;optimisme des chefs d&rsquo;entreprises,","og_url":"https:\/\/lasentinelle.dz\/index.php\/2024\/07\/21\/selon-une-enquete-de-lons-lactivite-industrielle-se-stabilise\/","og_site_name":"La Sentinelle","article_publisher":"https:\/\/www.facebook.com\/La-Sentinelle-104059864394773","article_published_time":"2024-07-21T13:04:34+00:00","og_image":[{"width":1350,"height":900,"url":"https:\/\/lasentinelle.dz\/wp-content\/uploads\/2022\/11\/Industrie.png","type":"image\/png"}],"author":"La Sentinelle","twitter_card":"summary_large_image","twitter_misc":{"\u00c9crit par":"La Sentinelle","Dur\u00e9e de lecture estim\u00e9e":"4 minutes"},"schema":{"@context":"https:\/\/schema.org","@graph":[{"@type":"Article","@id":"https:\/\/lasentinelle.dz\/index.php\/2024\/07\/21\/selon-une-enquete-de-lons-lactivite-industrielle-se-stabilise\/#article","isPartOf":{"@id":"https:\/\/lasentinelle.dz\/index.php\/2024\/07\/21\/selon-une-enquete-de-lons-lactivite-industrielle-se-stabilise\/"},"author":{"name":"La Sentinelle","@id":"https:\/\/lasentinelle.dz\/#\/schema\/person\/d865044e22e70a75174ce8bcad3acfb3"},"headline":"Selon une enqu\u00eate de l\u2019ONS : L\u2019activit\u00e9 industrielle se stabilise","datePublished":"2024-07-21T13:04:34+00:00","mainEntityOfPage":{"@id":"https:\/\/lasentinelle.dz\/index.php\/2024\/07\/21\/selon-une-enquete-de-lons-lactivite-industrielle-se-stabilise\/"},"wordCount":777,"commentCount":0,"publisher":{"@id":"https:\/\/lasentinelle.dz\/#organization"},"image":{"@id":"https:\/\/lasentinelle.dz\/index.php\/2024\/07\/21\/selon-une-enquete-de-lons-lactivite-industrielle-se-stabilise\/#primaryimage"},"thumbnailUrl":"https:\/\/lasentinelle.dz\/wp-content\/uploads\/2022\/11\/Industrie.png","articleSection":["\u00c9conomie"],"inLanguage":"fr-FR","potentialAction":[{"@type":"CommentAction","name":"Comment","target":["https:\/\/lasentinelle.dz\/index.php\/2024\/07\/21\/selon-une-enquete-de-lons-lactivite-industrielle-se-stabilise\/#respond"]}]},{"@type":"WebPage","@id":"https:\/\/lasentinelle.dz\/index.php\/2024\/07\/21\/selon-une-enquete-de-lons-lactivite-industrielle-se-stabilise\/","url":"https:\/\/lasentinelle.dz\/index.php\/2024\/07\/21\/selon-une-enquete-de-lons-lactivite-industrielle-se-stabilise\/","name":"Selon une enqu\u00eate de l\u2019ONS : L\u2019activit\u00e9 industrielle se stabilise - La Sentinelle","isPartOf":{"@id":"https:\/\/lasentinelle.dz\/#website"},"primaryImageOfPage":{"@id":"https:\/\/lasentinelle.dz\/index.php\/2024\/07\/21\/selon-une-enquete-de-lons-lactivite-industrielle-se-stabilise\/#primaryimage"},"image":{"@id":"https:\/\/lasentinelle.dz\/index.php\/2024\/07\/21\/selon-une-enquete-de-lons-lactivite-industrielle-se-stabilise\/#primaryimage"},"thumbnailUrl":"https:\/\/lasentinelle.dz\/wp-content\/uploads\/2022\/11\/Industrie.png","datePublished":"2024-07-21T13:04:34+00:00","breadcrumb":{"@id":"https:\/\/lasentinelle.dz\/index.php\/2024\/07\/21\/selon-une-enquete-de-lons-lactivite-industrielle-se-stabilise\/#breadcrumb"},"inLanguage":"fr-FR","potentialAction":[{"@type":"ReadAction","target":["https:\/\/lasentinelle.dz\/index.php\/2024\/07\/21\/selon-une-enquete-de-lons-lactivite-industrielle-se-stabilise\/"]}]},{"@type":"ImageObject","inLanguage":"fr-FR","@id":"https:\/\/lasentinelle.dz\/index.php\/2024\/07\/21\/selon-une-enquete-de-lons-lactivite-industrielle-se-stabilise\/#primaryimage","url":"https:\/\/lasentinelle.dz\/wp-content\/uploads\/2022\/11\/Industrie.png","contentUrl":"https:\/\/lasentinelle.dz\/wp-content\/uploads\/2022\/11\/Industrie.png","width":1350,"height":900},{"@type":"BreadcrumbList","@id":"https:\/\/lasentinelle.dz\/index.php\/2024\/07\/21\/selon-une-enquete-de-lons-lactivite-industrielle-se-stabilise\/#breadcrumb","itemListElement":[{"@type":"ListItem","position":1,"name":"Accueil","item":"https:\/\/lasentinelle.dz\/"},{"@type":"ListItem","position":2,"name":"Selon une enqu\u00eate de l\u2019ONS : L\u2019activit\u00e9 industrielle se stabilise"}]},{"@type":"WebSite","@id":"https:\/\/lasentinelle.dz\/#website","url":"https:\/\/lasentinelle.dz\/","name":"La Sentinelle","description":"Quotidien national d&#039;information","publisher":{"@id":"https:\/\/lasentinelle.dz\/#organization"},"potentialAction":[{"@type":"SearchAction","target":{"@type":"EntryPoint","urlTemplate":"https:\/\/lasentinelle.dz\/?s={search_term_string}"},"query-input":{"@type":"PropertyValueSpecification","valueRequired":true,"valueName":"search_term_string"}}],"inLanguage":"fr-FR"},{"@type":"Organization","@id":"https:\/\/lasentinelle.dz\/#organization","name":"Quotidien La Sentinelle","url":"https:\/\/lasentinelle.dz\/","logo":{"@type":"ImageObject","inLanguage":"fr-FR","@id":"https:\/\/lasentinelle.dz\/#\/schema\/logo\/image\/","url":"https:\/\/lasentinelle.dz\/wp-content\/uploads\/2021\/09\/logo-sentinelleSLOGAN-1.png","contentUrl":"https:\/\/lasentinelle.dz\/wp-content\/uploads\/2021\/09\/logo-sentinelleSLOGAN-1.png","width":615,"height":142,"caption":"Quotidien La Sentinelle"},"image":{"@id":"https:\/\/lasentinelle.dz\/#\/schema\/logo\/image\/"},"sameAs":["https:\/\/www.facebook.com\/La-Sentinelle-104059864394773"]},{"@type":"Person","@id":"https:\/\/lasentinelle.dz\/#\/schema\/person\/d865044e22e70a75174ce8bcad3acfb3","name":"La Sentinelle","image":{"@type":"ImageObject","inLanguage":"fr-FR","@id":"https:\/\/secure.gravatar.com\/avatar\/57de8e5d4b15d43fb361a71fbb36338450fe67865b528a43dd10ef7c51a20392?s=96&d=mm&r=g","url":"https:\/\/secure.gravatar.com\/avatar\/57de8e5d4b15d43fb361a71fbb36338450fe67865b528a43dd10ef7c51a20392?s=96&d=mm&r=g","contentUrl":"https:\/\/secure.gravatar.com\/avatar\/57de8e5d4b15d43fb361a71fbb36338450fe67865b528a43dd10ef7c51a20392?s=96&d=mm&r=g","caption":"La Sentinelle"},"sameAs":["http:\/\/www.lasentinelle.dz"],"url":"https:\/\/lasentinelle.dz\/author\/redaction\/"}]}},"_links":{"self":[{"href":"https:\/\/lasentinelle.dz\/index.php\/wp-json\/wp\/v2\/posts\/54643","targetHints":{"allow":["GET"]}}],"collection":[{"href":"https:\/\/lasentinelle.dz\/index.php\/wp-json\/wp\/v2\/posts"}],"about":[{"href":"https:\/\/lasentinelle.dz\/index.php\/wp-json\/wp\/v2\/types\/post"}],"author":[{"embeddable":true,"href":"https:\/\/lasentinelle.dz\/index.php\/wp-json\/wp\/v2\/users\/3"}],"replies":[{"embeddable":true,"href":"https:\/\/lasentinelle.dz\/index.php\/wp-json\/wp\/v2\/comments?post=54643"}],"version-history":[{"count":1,"href":"https:\/\/lasentinelle.dz\/index.php\/wp-json\/wp\/v2\/posts\/54643\/revisions"}],"predecessor-version":[{"id":54644,"href":"https:\/\/lasentinelle.dz\/index.php\/wp-json\/wp\/v2\/posts\/54643\/revisions\/54644"}],"wp:featuredmedia":[{"embeddable":true,"href":"https:\/\/lasentinelle.dz\/index.php\/wp-json\/wp\/v2\/media\/31528"}],"wp:attachment":[{"href":"https:\/\/lasentinelle.dz\/index.php\/wp-json\/wp\/v2\/media?parent=54643"}],"wp:term":[{"taxonomy":"category","embeddable":true,"href":"https:\/\/lasentinelle.dz\/index.php\/wp-json\/wp\/v2\/categories?post=54643"},{"taxonomy":"post_tag","embeddable":true,"href":"https:\/\/lasentinelle.dz\/index.php\/wp-json\/wp\/v2\/tags?post=54643"}],"curies":[{"name":"wp","href":"https:\/\/api.w.org\/{rel}","templated":true}]}}