{"id":54645,"date":"2024-07-21T14:05:38","date_gmt":"2024-07-21T13:05:38","guid":{"rendered":"https:\/\/lasentinelle.dz\/?p=54645"},"modified":"2024-07-21T14:05:39","modified_gmt":"2024-07-21T13:05:39","slug":"reflet-de-la-reprise-economique-le-secteur-des-assurances-enregistre-une-nette-progression","status":"publish","type":"post","link":"https:\/\/lasentinelle.dz\/index.php\/2024\/07\/21\/reflet-de-la-reprise-economique-le-secteur-des-assurances-enregistre-une-nette-progression\/","title":{"rendered":"Reflet de la reprise \u00e9conomique: Le secteur des assurances enregistre une nette progression"},"content":{"rendered":"\n<p>La croissance significative du march\u00e9 des assurances en Alg\u00e9rie au premier trimestre 2024 t\u00e9moigne d&rsquo;une reprise \u00e9conomique robuste et d&rsquo;une confiance accrue des acteurs \u00e9conomiques.<\/p>\n\n\n\n<p>Selon la derni\u00e8re note de conjoncture du Conseil national des assurances (CNA), le secteur a enregistr\u00e9 une progression de 4% sur un an, atteignant un chiffre d&rsquo;affaires de 48,4 milliards de dinars, toutes activit\u00e9s confondues. Cette performance positive refl\u00e8te la vitalit\u00e9 de plusieurs secteurs cl\u00e9s de l&rsquo;\u00e9conomie nationale. Le secteur reste cependant tributaire des performances de la branche dommage, notamment l&rsquo;assurance automobile. Ce qui t\u00e9moigne de la marge de progression du secteur, notamment en ce qui concerne la banche assurance des personnes qui ne contribue que marginalement \u00e0 la production du secteur. Dans le secteur de l&rsquo;assurance conventionnelle, la branche des assurances de dommages a r\u00e9alis\u00e9 un chiffre d&rsquo;affaire de 39,6 milliards de dinars \u00e0 fin mars 2024 (+0,7% sur un an), alors que celle des assurances de personnes a affich\u00e9 un chiffre d&rsquo;affaires de pr\u00e8s de 5,2 milliards DA (-7,2%), d\u00e9taille le m\u00eame bilan. Ainsi et selon les chiffres du CNA, l&rsquo;assurance automobile, qui repr\u00e9sente plus de la moiti\u00e9 du march\u00e9 des assurances de dommages, a connu une croissance remarquable de 8,2%, atteignant pr\u00e8s de 21,4 milliards de dinars. Cette hausse est directement li\u00e9e \u00e0 la reprise du secteur automobile, stimul\u00e9e par l&rsquo;octroi de nouveaux agr\u00e9ments d&rsquo;importation en 2023, signe d&rsquo;une ouverture \u00e9conomique favorable.<\/p>\n\n\n\n<p>Le secteur agricole, pilier important de l&rsquo;\u00e9conomie nationale, montre \u00e9galement des signes encourageants. Les assurances agricoles ont enregistr\u00e9 la plus forte progression avec une croissance &#8211; de 21,5%, et un chiffre d&rsquo;affaires de 553,5 millions de dinars. La production v\u00e9g\u00e9tale, en particulier, a connu une croissance spectaculaire de 126%, t\u00e9moignant d&rsquo;une dynamique positive dans le secteur primaire. L&rsquo;\u00e9mergence fulgurante de l&rsquo;assurance Takaful, avec une croissance de 265%, illustre la diversification du secteur financier et l&rsquo;adaptation aux besoins sp\u00e9cifiques du march\u00e9 alg\u00e9rien. Cette \u00e9volution refl\u00e8te une modernisation du syst\u00e8me financier et une meilleure inclusion des diff\u00e9rents segments de la population.<\/p>\n\n\n\n<p>Dans le domaine de la r\u00e9assurance, la performance exceptionnelle de la Compagnie centrale de r\u00e9assurance (CCR), qui a vu ses affaires internationales augmenter de 140%, souligne l&rsquo;int\u00e9gration croissante de l&rsquo;Alg\u00e9rie dans les march\u00e9s financiers mondiaux et la confiance des partenaires internationaux.<\/p>\n\n\n\n<p>La hausse des sinistres d\u00e9clar\u00e9s, bien qu&rsquo;elle repr\u00e9sente un d\u00e9fi pour le secteur, peut \u00e9galement \u00eatre interpr\u00e9t\u00e9e comme un signe d&rsquo;activit\u00e9 \u00e9conomique accrue. L&rsquo;augmentation de 14,3% en montant et de 12,3% en nombre de sinistres sugg\u00e8re une intensification des activit\u00e9s dans divers secteurs de l&rsquo;\u00e9conomie. Enfin, la domination continue des soci\u00e9t\u00e9s publiques dans le march\u00e9 des assurances de dommages, coupl\u00e9e \u00e0 la part croissante des acteurs priv\u00e9s, notamment dans les assurances de personnes, d\u00e9montre un \u00e9quilibre sain entre le secteur public et priv\u00e9, favorable \u00e0 une croissance \u00e9conomique durable.<\/p>\n\n\n\n<p>En conclusion, la performance robuste du secteur des assurances au premier trimestre 2024 est un indicateur fiable de la sant\u00e9 \u00e9conomique globale de l&rsquo;Alg\u00e9rie. Elle refl\u00e8te une reprise \u00e9conomique multisectorielle, une confiance accrue des investisseurs et des consommateurs, ainsi qu&rsquo;une modernisation continue du syst\u00e8me financier du pays. Notons qu&rsquo;une nouvelle loi sur les assurances est actuellement en pr\u00e9paration avec pour objectif de stimuler et dynamiser le march\u00e9 des assurances. Le nouveau texte doit permettre d&rsquo;introduire des mesures pour faire barrage aux pratiques anticoncurrentielles et au dumping \u00e0 travers notamment la mise en place de tarifs normatifs, de mesures pour promouvoir l&rsquo;assurance Takaful, ainsi que pour r\u00e9pondre au d\u00e9fis de la digitalisation du secteur et son adaptation aux solution Insurtech.<\/p>\n\n\n\n<p>Sabrina Aziouez<\/p>\n","protected":false},"excerpt":{"rendered":"<p>La croissance significative du march\u00e9 des assurances en Alg\u00e9rie au premier trimestre 2024 t\u00e9moigne d&rsquo;une reprise \u00e9conomique robuste et d&rsquo;une<\/p>\n","protected":false},"author":3,"featured_media":48410,"comment_status":"open","ping_status":"closed","sticky":false,"template":"","format":"standard","meta":{"colormag_page_container_layout":"default_layout","colormag_page_sidebar_layout":"default_layout","om_disable_all_campaigns":false,"_monsterinsights_skip_tracking":false,"_monsterinsights_sitenote_active":false,"_monsterinsights_sitenote_note":"","_monsterinsights_sitenote_category":0,"footnotes":"","_wpscppro_dont_share_socialmedia":false,"_wpscppro_custom_social_share_image":0,"_facebook_share_type":"default","_twitter_share_type":"default","_linkedin_share_type":"default","_pinterest_share_type":"default","_linkedin_share_type_page":"","_instagram_share_type":"default","_medium_share_type":"","_threads_share_type":"","_google_business_share_type":"","_selected_social_profile":[],"_wpsp_enable_custom_social_template":false,"_wpsp_social_scheduling":{"enabled":false,"datetime":null,"platforms":[],"status":"template_only","dateOption":"today","timeOption":"now","customDays":"","customHours":"","customDate":"","customTime":"","schedulingType":"absolute"},"_wpsp_active_default_template":true},"categories":[52,29],"tags":[],"class_list":["post-54645","post","type-post","status-publish","format-standard","has-post-thumbnail","hentry","category-a-la-une","category-economie"],"aioseo_notices":[],"yoast_head":"<!-- This site is optimized with the Yoast SEO plugin v27.4 - https:\/\/yoast.com\/product\/yoast-seo-wordpress\/ -->\n<title>Reflet de la reprise \u00e9conomique: Le secteur des assurances enregistre une nette progression - La Sentinelle<\/title>\n<meta name=\"robots\" content=\"index, follow, max-snippet:-1, max-image-preview:large, max-video-preview:-1\" \/>\n<link rel=\"canonical\" href=\"https:\/\/lasentinelle.dz\/index.php\/2024\/07\/21\/reflet-de-la-reprise-economique-le-secteur-des-assurances-enregistre-une-nette-progression\/\" \/>\n<meta property=\"og:locale\" content=\"fr_FR\" \/>\n<meta property=\"og:type\" content=\"article\" \/>\n<meta property=\"og:title\" content=\"Reflet de la reprise \u00e9conomique: Le secteur des assurances enregistre une nette progression - La Sentinelle\" \/>\n<meta property=\"og:description\" content=\"La croissance significative du march\u00e9 des assurances en Alg\u00e9rie au premier trimestre 2024 t\u00e9moigne d&rsquo;une reprise \u00e9conomique robuste et d&rsquo;une\" \/>\n<meta property=\"og:url\" content=\"https:\/\/lasentinelle.dz\/index.php\/2024\/07\/21\/reflet-de-la-reprise-economique-le-secteur-des-assurances-enregistre-une-nette-progression\/\" \/>\n<meta property=\"og:site_name\" content=\"La Sentinelle\" \/>\n<meta property=\"article:publisher\" content=\"https:\/\/www.facebook.com\/La-Sentinelle-104059864394773\" \/>\n<meta property=\"article:published_time\" content=\"2024-07-21T13:05:38+00:00\" \/>\n<meta property=\"article:modified_time\" content=\"2024-07-21T13:05:39+00:00\" \/>\n<meta property=\"og:image\" content=\"https:\/\/lasentinelle.dz\/wp-content\/uploads\/2024\/01\/assurances.jpeg\" \/>\n\t<meta property=\"og:image:width\" content=\"700\" \/>\n\t<meta property=\"og:image:height\" content=\"466\" \/>\n\t<meta property=\"og:image:type\" content=\"image\/jpeg\" \/>\n<meta name=\"author\" content=\"La Sentinelle\" \/>\n<meta name=\"twitter:card\" content=\"summary_large_image\" \/>\n<meta name=\"twitter:label1\" content=\"\u00c9crit par\" \/>\n\t<meta name=\"twitter:data1\" content=\"La Sentinelle\" \/>\n\t<meta name=\"twitter:label2\" content=\"Dur\u00e9e de lecture estim\u00e9e\" \/>\n\t<meta name=\"twitter:data2\" content=\"4 minutes\" \/>\n<script type=\"application\/ld+json\" class=\"yoast-schema-graph\">{\"@context\":\"https:\\\/\\\/schema.org\",\"@graph\":[{\"@type\":\"Article\",\"@id\":\"https:\\\/\\\/lasentinelle.dz\\\/index.php\\\/2024\\\/07\\\/21\\\/reflet-de-la-reprise-economique-le-secteur-des-assurances-enregistre-une-nette-progression\\\/#article\",\"isPartOf\":{\"@id\":\"https:\\\/\\\/lasentinelle.dz\\\/index.php\\\/2024\\\/07\\\/21\\\/reflet-de-la-reprise-economique-le-secteur-des-assurances-enregistre-une-nette-progression\\\/\"},\"author\":{\"name\":\"La Sentinelle\",\"@id\":\"https:\\\/\\\/lasentinelle.dz\\\/#\\\/schema\\\/person\\\/d865044e22e70a75174ce8bcad3acfb3\"},\"headline\":\"Reflet de la reprise \u00e9conomique: Le secteur des assurances enregistre une nette progression\",\"datePublished\":\"2024-07-21T13:05:38+00:00\",\"dateModified\":\"2024-07-21T13:05:39+00:00\",\"mainEntityOfPage\":{\"@id\":\"https:\\\/\\\/lasentinelle.dz\\\/index.php\\\/2024\\\/07\\\/21\\\/reflet-de-la-reprise-economique-le-secteur-des-assurances-enregistre-une-nette-progression\\\/\"},\"wordCount\":646,\"commentCount\":0,\"publisher\":{\"@id\":\"https:\\\/\\\/lasentinelle.dz\\\/#organization\"},\"image\":{\"@id\":\"https:\\\/\\\/lasentinelle.dz\\\/index.php\\\/2024\\\/07\\\/21\\\/reflet-de-la-reprise-economique-le-secteur-des-assurances-enregistre-une-nette-progression\\\/#primaryimage\"},\"thumbnailUrl\":\"https:\\\/\\\/lasentinelle.dz\\\/wp-content\\\/uploads\\\/2024\\\/01\\\/assurances.jpeg\",\"articleSection\":[\"\u00c0 la Une\",\"\u00c9conomie\"],\"inLanguage\":\"fr-FR\",\"potentialAction\":[{\"@type\":\"CommentAction\",\"name\":\"Comment\",\"target\":[\"https:\\\/\\\/lasentinelle.dz\\\/index.php\\\/2024\\\/07\\\/21\\\/reflet-de-la-reprise-economique-le-secteur-des-assurances-enregistre-une-nette-progression\\\/#respond\"]}]},{\"@type\":\"WebPage\",\"@id\":\"https:\\\/\\\/lasentinelle.dz\\\/index.php\\\/2024\\\/07\\\/21\\\/reflet-de-la-reprise-economique-le-secteur-des-assurances-enregistre-une-nette-progression\\\/\",\"url\":\"https:\\\/\\\/lasentinelle.dz\\\/index.php\\\/2024\\\/07\\\/21\\\/reflet-de-la-reprise-economique-le-secteur-des-assurances-enregistre-une-nette-progression\\\/\",\"name\":\"Reflet de la reprise \u00e9conomique: Le secteur des assurances enregistre une nette progression - La Sentinelle\",\"isPartOf\":{\"@id\":\"https:\\\/\\\/lasentinelle.dz\\\/#website\"},\"primaryImageOfPage\":{\"@id\":\"https:\\\/\\\/lasentinelle.dz\\\/index.php\\\/2024\\\/07\\\/21\\\/reflet-de-la-reprise-economique-le-secteur-des-assurances-enregistre-une-nette-progression\\\/#primaryimage\"},\"image\":{\"@id\":\"https:\\\/\\\/lasentinelle.dz\\\/index.php\\\/2024\\\/07\\\/21\\\/reflet-de-la-reprise-economique-le-secteur-des-assurances-enregistre-une-nette-progression\\\/#primaryimage\"},\"thumbnailUrl\":\"https:\\\/\\\/lasentinelle.dz\\\/wp-content\\\/uploads\\\/2024\\\/01\\\/assurances.jpeg\",\"datePublished\":\"2024-07-21T13:05:38+00:00\",\"dateModified\":\"2024-07-21T13:05:39+00:00\",\"breadcrumb\":{\"@id\":\"https:\\\/\\\/lasentinelle.dz\\\/index.php\\\/2024\\\/07\\\/21\\\/reflet-de-la-reprise-economique-le-secteur-des-assurances-enregistre-une-nette-progression\\\/#breadcrumb\"},\"inLanguage\":\"fr-FR\",\"potentialAction\":[{\"@type\":\"ReadAction\",\"target\":[\"https:\\\/\\\/lasentinelle.dz\\\/index.php\\\/2024\\\/07\\\/21\\\/reflet-de-la-reprise-economique-le-secteur-des-assurances-enregistre-une-nette-progression\\\/\"]}]},{\"@type\":\"ImageObject\",\"inLanguage\":\"fr-FR\",\"@id\":\"https:\\\/\\\/lasentinelle.dz\\\/index.php\\\/2024\\\/07\\\/21\\\/reflet-de-la-reprise-economique-le-secteur-des-assurances-enregistre-une-nette-progression\\\/#primaryimage\",\"url\":\"https:\\\/\\\/lasentinelle.dz\\\/wp-content\\\/uploads\\\/2024\\\/01\\\/assurances.jpeg\",\"contentUrl\":\"https:\\\/\\\/lasentinelle.dz\\\/wp-content\\\/uploads\\\/2024\\\/01\\\/assurances.jpeg\",\"width\":700,\"height\":466},{\"@type\":\"BreadcrumbList\",\"@id\":\"https:\\\/\\\/lasentinelle.dz\\\/index.php\\\/2024\\\/07\\\/21\\\/reflet-de-la-reprise-economique-le-secteur-des-assurances-enregistre-une-nette-progression\\\/#breadcrumb\",\"itemListElement\":[{\"@type\":\"ListItem\",\"position\":1,\"name\":\"Accueil\",\"item\":\"https:\\\/\\\/lasentinelle.dz\\\/\"},{\"@type\":\"ListItem\",\"position\":2,\"name\":\"Reflet de la reprise \u00e9conomique: Le secteur des assurances enregistre une nette progression\"}]},{\"@type\":\"WebSite\",\"@id\":\"https:\\\/\\\/lasentinelle.dz\\\/#website\",\"url\":\"https:\\\/\\\/lasentinelle.dz\\\/\",\"name\":\"La Sentinelle\",\"description\":\"Quotidien national d&#039;information\",\"publisher\":{\"@id\":\"https:\\\/\\\/lasentinelle.dz\\\/#organization\"},\"potentialAction\":[{\"@type\":\"SearchAction\",\"target\":{\"@type\":\"EntryPoint\",\"urlTemplate\":\"https:\\\/\\\/lasentinelle.dz\\\/?s={search_term_string}\"},\"query-input\":{\"@type\":\"PropertyValueSpecification\",\"valueRequired\":true,\"valueName\":\"search_term_string\"}}],\"inLanguage\":\"fr-FR\"},{\"@type\":\"Organization\",\"@id\":\"https:\\\/\\\/lasentinelle.dz\\\/#organization\",\"name\":\"Quotidien La Sentinelle\",\"url\":\"https:\\\/\\\/lasentinelle.dz\\\/\",\"logo\":{\"@type\":\"ImageObject\",\"inLanguage\":\"fr-FR\",\"@id\":\"https:\\\/\\\/lasentinelle.dz\\\/#\\\/schema\\\/logo\\\/image\\\/\",\"url\":\"https:\\\/\\\/lasentinelle.dz\\\/wp-content\\\/uploads\\\/2021\\\/09\\\/logo-sentinelleSLOGAN-1.png\",\"contentUrl\":\"https:\\\/\\\/lasentinelle.dz\\\/wp-content\\\/uploads\\\/2021\\\/09\\\/logo-sentinelleSLOGAN-1.png\",\"width\":615,\"height\":142,\"caption\":\"Quotidien La Sentinelle\"},\"image\":{\"@id\":\"https:\\\/\\\/lasentinelle.dz\\\/#\\\/schema\\\/logo\\\/image\\\/\"},\"sameAs\":[\"https:\\\/\\\/www.facebook.com\\\/La-Sentinelle-104059864394773\"]},{\"@type\":\"Person\",\"@id\":\"https:\\\/\\\/lasentinelle.dz\\\/#\\\/schema\\\/person\\\/d865044e22e70a75174ce8bcad3acfb3\",\"name\":\"La Sentinelle\",\"image\":{\"@type\":\"ImageObject\",\"inLanguage\":\"fr-FR\",\"@id\":\"https:\\\/\\\/secure.gravatar.com\\\/avatar\\\/57de8e5d4b15d43fb361a71fbb36338450fe67865b528a43dd10ef7c51a20392?s=96&d=mm&r=g\",\"url\":\"https:\\\/\\\/secure.gravatar.com\\\/avatar\\\/57de8e5d4b15d43fb361a71fbb36338450fe67865b528a43dd10ef7c51a20392?s=96&d=mm&r=g\",\"contentUrl\":\"https:\\\/\\\/secure.gravatar.com\\\/avatar\\\/57de8e5d4b15d43fb361a71fbb36338450fe67865b528a43dd10ef7c51a20392?s=96&d=mm&r=g\",\"caption\":\"La Sentinelle\"},\"sameAs\":[\"http:\\\/\\\/www.lasentinelle.dz\"],\"url\":\"https:\\\/\\\/lasentinelle.dz\\\/author\\\/redaction\\\/\"}]}<\/script>\n<!-- \/ Yoast SEO plugin. -->","yoast_head_json":{"title":"Reflet de la reprise \u00e9conomique: Le secteur des assurances enregistre une nette progression - La Sentinelle","robots":{"index":"index","follow":"follow","max-snippet":"max-snippet:-1","max-image-preview":"max-image-preview:large","max-video-preview":"max-video-preview:-1"},"canonical":"https:\/\/lasentinelle.dz\/index.php\/2024\/07\/21\/reflet-de-la-reprise-economique-le-secteur-des-assurances-enregistre-une-nette-progression\/","og_locale":"fr_FR","og_type":"article","og_title":"Reflet de la reprise \u00e9conomique: Le secteur des assurances enregistre une nette progression - La Sentinelle","og_description":"La croissance significative du march\u00e9 des assurances en Alg\u00e9rie au premier trimestre 2024 t\u00e9moigne d&rsquo;une reprise \u00e9conomique robuste et d&rsquo;une","og_url":"https:\/\/lasentinelle.dz\/index.php\/2024\/07\/21\/reflet-de-la-reprise-economique-le-secteur-des-assurances-enregistre-une-nette-progression\/","og_site_name":"La Sentinelle","article_publisher":"https:\/\/www.facebook.com\/La-Sentinelle-104059864394773","article_published_time":"2024-07-21T13:05:38+00:00","article_modified_time":"2024-07-21T13:05:39+00:00","og_image":[{"width":700,"height":466,"url":"https:\/\/lasentinelle.dz\/wp-content\/uploads\/2024\/01\/assurances.jpeg","type":"image\/jpeg"}],"author":"La Sentinelle","twitter_card":"summary_large_image","twitter_misc":{"\u00c9crit par":"La Sentinelle","Dur\u00e9e de lecture estim\u00e9e":"4 minutes"},"schema":{"@context":"https:\/\/schema.org","@graph":[{"@type":"Article","@id":"https:\/\/lasentinelle.dz\/index.php\/2024\/07\/21\/reflet-de-la-reprise-economique-le-secteur-des-assurances-enregistre-une-nette-progression\/#article","isPartOf":{"@id":"https:\/\/lasentinelle.dz\/index.php\/2024\/07\/21\/reflet-de-la-reprise-economique-le-secteur-des-assurances-enregistre-une-nette-progression\/"},"author":{"name":"La Sentinelle","@id":"https:\/\/lasentinelle.dz\/#\/schema\/person\/d865044e22e70a75174ce8bcad3acfb3"},"headline":"Reflet de la reprise \u00e9conomique: Le secteur des assurances enregistre une nette progression","datePublished":"2024-07-21T13:05:38+00:00","dateModified":"2024-07-21T13:05:39+00:00","mainEntityOfPage":{"@id":"https:\/\/lasentinelle.dz\/index.php\/2024\/07\/21\/reflet-de-la-reprise-economique-le-secteur-des-assurances-enregistre-une-nette-progression\/"},"wordCount":646,"commentCount":0,"publisher":{"@id":"https:\/\/lasentinelle.dz\/#organization"},"image":{"@id":"https:\/\/lasentinelle.dz\/index.php\/2024\/07\/21\/reflet-de-la-reprise-economique-le-secteur-des-assurances-enregistre-une-nette-progression\/#primaryimage"},"thumbnailUrl":"https:\/\/lasentinelle.dz\/wp-content\/uploads\/2024\/01\/assurances.jpeg","articleSection":["\u00c0 la Une","\u00c9conomie"],"inLanguage":"fr-FR","potentialAction":[{"@type":"CommentAction","name":"Comment","target":["https:\/\/lasentinelle.dz\/index.php\/2024\/07\/21\/reflet-de-la-reprise-economique-le-secteur-des-assurances-enregistre-une-nette-progression\/#respond"]}]},{"@type":"WebPage","@id":"https:\/\/lasentinelle.dz\/index.php\/2024\/07\/21\/reflet-de-la-reprise-economique-le-secteur-des-assurances-enregistre-une-nette-progression\/","url":"https:\/\/lasentinelle.dz\/index.php\/2024\/07\/21\/reflet-de-la-reprise-economique-le-secteur-des-assurances-enregistre-une-nette-progression\/","name":"Reflet de la reprise \u00e9conomique: Le secteur des assurances enregistre une nette progression - La Sentinelle","isPartOf":{"@id":"https:\/\/lasentinelle.dz\/#website"},"primaryImageOfPage":{"@id":"https:\/\/lasentinelle.dz\/index.php\/2024\/07\/21\/reflet-de-la-reprise-economique-le-secteur-des-assurances-enregistre-une-nette-progression\/#primaryimage"},"image":{"@id":"https:\/\/lasentinelle.dz\/index.php\/2024\/07\/21\/reflet-de-la-reprise-economique-le-secteur-des-assurances-enregistre-une-nette-progression\/#primaryimage"},"thumbnailUrl":"https:\/\/lasentinelle.dz\/wp-content\/uploads\/2024\/01\/assurances.jpeg","datePublished":"2024-07-21T13:05:38+00:00","dateModified":"2024-07-21T13:05:39+00:00","breadcrumb":{"@id":"https:\/\/lasentinelle.dz\/index.php\/2024\/07\/21\/reflet-de-la-reprise-economique-le-secteur-des-assurances-enregistre-une-nette-progression\/#breadcrumb"},"inLanguage":"fr-FR","potentialAction":[{"@type":"ReadAction","target":["https:\/\/lasentinelle.dz\/index.php\/2024\/07\/21\/reflet-de-la-reprise-economique-le-secteur-des-assurances-enregistre-une-nette-progression\/"]}]},{"@type":"ImageObject","inLanguage":"fr-FR","@id":"https:\/\/lasentinelle.dz\/index.php\/2024\/07\/21\/reflet-de-la-reprise-economique-le-secteur-des-assurances-enregistre-une-nette-progression\/#primaryimage","url":"https:\/\/lasentinelle.dz\/wp-content\/uploads\/2024\/01\/assurances.jpeg","contentUrl":"https:\/\/lasentinelle.dz\/wp-content\/uploads\/2024\/01\/assurances.jpeg","width":700,"height":466},{"@type":"BreadcrumbList","@id":"https:\/\/lasentinelle.dz\/index.php\/2024\/07\/21\/reflet-de-la-reprise-economique-le-secteur-des-assurances-enregistre-une-nette-progression\/#breadcrumb","itemListElement":[{"@type":"ListItem","position":1,"name":"Accueil","item":"https:\/\/lasentinelle.dz\/"},{"@type":"ListItem","position":2,"name":"Reflet de la reprise \u00e9conomique: Le secteur des assurances enregistre une nette progression"}]},{"@type":"WebSite","@id":"https:\/\/lasentinelle.dz\/#website","url":"https:\/\/lasentinelle.dz\/","name":"La Sentinelle","description":"Quotidien national d&#039;information","publisher":{"@id":"https:\/\/lasentinelle.dz\/#organization"},"potentialAction":[{"@type":"SearchAction","target":{"@type":"EntryPoint","urlTemplate":"https:\/\/lasentinelle.dz\/?s={search_term_string}"},"query-input":{"@type":"PropertyValueSpecification","valueRequired":true,"valueName":"search_term_string"}}],"inLanguage":"fr-FR"},{"@type":"Organization","@id":"https:\/\/lasentinelle.dz\/#organization","name":"Quotidien La Sentinelle","url":"https:\/\/lasentinelle.dz\/","logo":{"@type":"ImageObject","inLanguage":"fr-FR","@id":"https:\/\/lasentinelle.dz\/#\/schema\/logo\/image\/","url":"https:\/\/lasentinelle.dz\/wp-content\/uploads\/2021\/09\/logo-sentinelleSLOGAN-1.png","contentUrl":"https:\/\/lasentinelle.dz\/wp-content\/uploads\/2021\/09\/logo-sentinelleSLOGAN-1.png","width":615,"height":142,"caption":"Quotidien La Sentinelle"},"image":{"@id":"https:\/\/lasentinelle.dz\/#\/schema\/logo\/image\/"},"sameAs":["https:\/\/www.facebook.com\/La-Sentinelle-104059864394773"]},{"@type":"Person","@id":"https:\/\/lasentinelle.dz\/#\/schema\/person\/d865044e22e70a75174ce8bcad3acfb3","name":"La Sentinelle","image":{"@type":"ImageObject","inLanguage":"fr-FR","@id":"https:\/\/secure.gravatar.com\/avatar\/57de8e5d4b15d43fb361a71fbb36338450fe67865b528a43dd10ef7c51a20392?s=96&d=mm&r=g","url":"https:\/\/secure.gravatar.com\/avatar\/57de8e5d4b15d43fb361a71fbb36338450fe67865b528a43dd10ef7c51a20392?s=96&d=mm&r=g","contentUrl":"https:\/\/secure.gravatar.com\/avatar\/57de8e5d4b15d43fb361a71fbb36338450fe67865b528a43dd10ef7c51a20392?s=96&d=mm&r=g","caption":"La Sentinelle"},"sameAs":["http:\/\/www.lasentinelle.dz"],"url":"https:\/\/lasentinelle.dz\/author\/redaction\/"}]}},"_links":{"self":[{"href":"https:\/\/lasentinelle.dz\/index.php\/wp-json\/wp\/v2\/posts\/54645","targetHints":{"allow":["GET"]}}],"collection":[{"href":"https:\/\/lasentinelle.dz\/index.php\/wp-json\/wp\/v2\/posts"}],"about":[{"href":"https:\/\/lasentinelle.dz\/index.php\/wp-json\/wp\/v2\/types\/post"}],"author":[{"embeddable":true,"href":"https:\/\/lasentinelle.dz\/index.php\/wp-json\/wp\/v2\/users\/3"}],"replies":[{"embeddable":true,"href":"https:\/\/lasentinelle.dz\/index.php\/wp-json\/wp\/v2\/comments?post=54645"}],"version-history":[{"count":1,"href":"https:\/\/lasentinelle.dz\/index.php\/wp-json\/wp\/v2\/posts\/54645\/revisions"}],"predecessor-version":[{"id":54646,"href":"https:\/\/lasentinelle.dz\/index.php\/wp-json\/wp\/v2\/posts\/54645\/revisions\/54646"}],"wp:featuredmedia":[{"embeddable":true,"href":"https:\/\/lasentinelle.dz\/index.php\/wp-json\/wp\/v2\/media\/48410"}],"wp:attachment":[{"href":"https:\/\/lasentinelle.dz\/index.php\/wp-json\/wp\/v2\/media?parent=54645"}],"wp:term":[{"taxonomy":"category","embeddable":true,"href":"https:\/\/lasentinelle.dz\/index.php\/wp-json\/wp\/v2\/categories?post=54645"},{"taxonomy":"post_tag","embeddable":true,"href":"https:\/\/lasentinelle.dz\/index.php\/wp-json\/wp\/v2\/tags?post=54645"}],"curies":[{"name":"wp","href":"https:\/\/api.w.org\/{rel}","templated":true}]}}