{"id":54694,"date":"2024-07-22T13:13:07","date_gmt":"2024-07-22T12:13:07","guid":{"rendered":"https:\/\/lasentinelle.dz\/?p=54694"},"modified":"2024-07-22T13:13:07","modified_gmt":"2024-07-22T12:13:07","slug":"developpement-des-cultures-strategiques-dans-le-sud-cherfa-accelere-la-cadence","status":"publish","type":"post","link":"https:\/\/lasentinelle.dz\/index.php\/2024\/07\/22\/developpement-des-cultures-strategiques-dans-le-sud-cherfa-accelere-la-cadence\/","title":{"rendered":"D\u00e9veloppement des cultures strat\u00e9giques dans le Sud: Cherfa acc\u00e9l\u00e8re la cadence"},"content":{"rendered":"\n<p>Le ministre de l&rsquo;Agriculture et du D\u00e9veloppement rural, Youcef Cherfa a pr\u00e9sid\u00e9, samedi \u00e0 Alger, une rencontre avec les op\u00e9rateurs publics et les b\u00e9n\u00e9ficiaires des grands p\u00e9rim\u00e8tres dans les wilayas du Sud, selon un communiqu\u00e9 de son d\u00e9partement minist\u00e9riel. Selon la m\u00eame source, le ministre a soulign\u00e9 lors de cette rencontre l&rsquo;obligation pour ces op\u00e9rateurs de pr\u00e9senter leurs plans agricoles pour les trois prochaines saisons, afin d&rsquo;augmenter la production agricole dans les fili\u00e8res strat\u00e9giques.<\/p>\n\n\n\n<p>Selon la m\u00eame source, cette rencontre s&rsquo;est d\u00e9roul\u00e9e en pr\u00e9sence des directeurs des services agricoles des wilayas du Sud, du secr\u00e9taire g\u00e9n\u00e9ral de l&rsquo;Union nationale des agronomes (UNA),et des cadres du secteur. &nbsp;La dite rencontre a \u00e9t\u00e9 consacr\u00e9e \u00e0 l&rsquo;\u00e9laboration des plans agricoles pour chaque zone pour les trois prochaines saisons (2024-2025, 2025-2026, 2026-2027), pr\u00e9cise notre source, qui a expliqu\u00e9 que l\u2019op\u00e9ration &nbsp;d&rsquo;identification pr\u00e9alable des plans agricoles, qui sera mise en \u0153uvre \u00e0 partir du mois de juillet courant, vise \u00e0 augmenter la superficie consacr\u00e9e aux cultures principales telles que les c\u00e9r\u00e9ales, le ma\u00efs, les plantes ol\u00e9agineuses et les l\u00e9gumineuses. &nbsp;Une op\u00e9ration qui permettra, selon les sp\u00e9cialistes, d\u2019avoir un tableau d\u00e9taill\u00e9 et pr\u00e9cis sur les potentialit\u00e9s de chaque fili\u00e8re agricole dans les wilayas du Sud et d\u2019\u00e9tablir des projections prospectives sur le d\u00e9veloppement de ces fili\u00e8res. &nbsp;Un processus qui permettra, \u00e9galement, d\u2019\u00e9tablir une strat\u00e9gie de d\u00e9veloppement de chacune de ces fili\u00e8res agricoles en ad\u00e9quate avec les potentialit\u00e9s et les perspectives que rec\u00e8le chaque wilaya.<\/p>\n\n\n\n<p><strong>Contrats de performance<\/strong><\/p>\n\n\n\n<p>Ceci dit, cette op\u00e9ration initi\u00e9e par le d\u00e9partement de Youcef Chorfa intervient \u00e0 quelques jours seulement de la cl\u00f4ture du troisi\u00e8me recensement g\u00e9n\u00e9ral de l\u2019agriculture (RGA) pr\u00e9vue le 29 juillet courant dont l\u2019objectif est d\u2019\u00e9tablir une cartographie r\u00e9elle et fiable des diff\u00e9rentes fili\u00e8res du secteur de l\u2019agriculture et la mise en place d\u2019une strat\u00e9gie nationale de d\u00e9veloppement agricole \u00e0 court et moyen terme.<\/p>\n\n\n\n<p>Par ailleurs, le minist\u00e8re de l\u2019Agriculture a affirm\u00e9 que les engagements de chaque op\u00e9rateur seront concr\u00e9tis\u00e9s sous forme de contrats de performance, sp\u00e9cifiant les surfaces allou\u00e9es \u00e0 chaque culture ainsi que le rendement attendu par hectare. &nbsp;En ce qui concerne la culture du ma\u00efs jaune, il a \u00e9t\u00e9 convenu lors de cette rencontre de cr\u00e9er de grands p\u00e9rim\u00e8tres dans la wilaya d&rsquo;In Salah, ajoute la m\u00eame source. &nbsp;Il y a lieu de rappeler que cette rencontre s&rsquo;inscrit dans le cadre des pr\u00e9paratifs de la prochaine saison agricole, notamment en ce qui concerne les cultures strat\u00e9giques, en concr\u00e9tisation des d\u00e9cisions du Conseil des ministres tenu le 15 juillet dernier.<\/p>\n\n\n\n<p>Hakim Aomar<\/p>\n\n\n\n<p><strong>Cherfa&nbsp;installe des cadres de l&rsquo;Administration centrale et de la <\/strong><strong>DGF<\/strong><\/p>\n\n\n\n<p>Le ministre de l&rsquo;Agriculture et du D\u00e9veloppement rural, Youcef Cherfa, a pr\u00e9sid\u00e9, dimanche \u00e0 Alger, la c\u00e9r\u00e9monie d&rsquo;installation de cadres de l&rsquo;Administration centrale et de la Direction g\u00e9n\u00e9rale des for\u00eats (DGF), indique un communiqu\u00e9 du minist\u00e8re. Il s&rsquo;agit de l&rsquo;inspecteur g\u00e9n\u00e9ral du minist\u00e8re, Nadjib Zerrouki, du directeur g\u00e9n\u00e9ral de la production agricole, Messaoud Bendridi, du directeur de la protection de la faune et de la flore \u00e0 la Direction g\u00e9n\u00e9rale des for\u00eats, Ali Si, en plus de six (6) sous-directeurs au minist\u00e8re et de quatre (4) sous-directeurs \u00e0 la DGF, ajoute le communiqu\u00e9. Lors de la c\u00e9r\u00e9monie d&rsquo;installation, M. Cherfa a rappel\u00e9 les enjeux et les d\u00e9fis \u00e0 relever dans son secteur pour renforcer la s\u00e9curit\u00e9 alimentaire, notamment dans le cadre de la nouvelle vision visant \u00e0 \u00e9tendre l&rsquo;investissement dans les wilayas du sud, soulignant le r\u00f4le du secteur dans la pr\u00e9servation du patrimoine naturel national, selon la m\u00eame source. Le ministre a saisi l&rsquo;occasion pour saluer \u00ab\u00a0les agents des for\u00eats mobilis\u00e9s sur le terrain pour leurs efforts dans la pr\u00e9servation de la richesse foresti\u00e8re, ainsi que les agents de recensement pour le travail colossal qu&rsquo;ils ont accompli pour mener \u00e0 bien le Recensement g\u00e9n\u00e9ral de l&rsquo;agriculture\u00a0\u00bb, conclut le communiqu\u00e9.<\/p>\n","protected":false},"excerpt":{"rendered":"<p>Le ministre de l&rsquo;Agriculture et du D\u00e9veloppement rural, Youcef Cherfa a pr\u00e9sid\u00e9, samedi \u00e0 Alger, une rencontre avec les op\u00e9rateurs<\/p>\n","protected":false},"author":3,"featured_media":54695,"comment_status":"open","ping_status":"closed","sticky":false,"template":"","format":"standard","meta":{"colormag_page_container_layout":"default_layout","colormag_page_sidebar_layout":"default_layout","om_disable_all_campaigns":false,"_monsterinsights_skip_tracking":false,"_monsterinsights_sitenote_active":false,"_monsterinsights_sitenote_note":"","_monsterinsights_sitenote_category":0,"footnotes":"","_wpscppro_dont_share_socialmedia":false,"_wpscppro_custom_social_share_image":0,"_facebook_share_type":"default","_twitter_share_type":"default","_linkedin_share_type":"default","_pinterest_share_type":"default","_linkedin_share_type_page":"","_instagram_share_type":"default","_medium_share_type":"","_threads_share_type":"","_google_business_share_type":"","_selected_social_profile":[],"_wpsp_enable_custom_social_template":false,"_wpsp_social_scheduling":{"enabled":false,"datetime":null,"platforms":[],"status":"template_only","dateOption":"today","timeOption":"now","customDays":"","customHours":"","customDate":"","customTime":"","schedulingType":"absolute"},"_wpsp_active_default_template":true},"categories":[52,29],"tags":[],"class_list":["post-54694","post","type-post","status-publish","format-standard","has-post-thumbnail","hentry","category-a-la-une","category-economie"],"aioseo_notices":[],"yoast_head":"<!-- This site is optimized with the Yoast SEO plugin v27.5 - https:\/\/yoast.com\/product\/yoast-seo-wordpress\/ -->\n<title>D\u00e9veloppement des cultures strat\u00e9giques dans le Sud: Cherfa acc\u00e9l\u00e8re la cadence - La Sentinelle<\/title>\n<meta name=\"robots\" content=\"index, follow, max-snippet:-1, max-image-preview:large, max-video-preview:-1\" \/>\n<link rel=\"canonical\" href=\"https:\/\/lasentinelle.dz\/index.php\/2024\/07\/22\/developpement-des-cultures-strategiques-dans-le-sud-cherfa-accelere-la-cadence\/\" \/>\n<meta property=\"og:locale\" content=\"fr_FR\" \/>\n<meta property=\"og:type\" content=\"article\" \/>\n<meta property=\"og:title\" content=\"D\u00e9veloppement des cultures strat\u00e9giques dans le Sud: Cherfa acc\u00e9l\u00e8re la cadence - La Sentinelle\" \/>\n<meta property=\"og:description\" content=\"Le ministre de l&rsquo;Agriculture et du D\u00e9veloppement rural, Youcef Cherfa a pr\u00e9sid\u00e9, samedi \u00e0 Alger, une rencontre avec les op\u00e9rateurs\" \/>\n<meta property=\"og:url\" content=\"https:\/\/lasentinelle.dz\/index.php\/2024\/07\/22\/developpement-des-cultures-strategiques-dans-le-sud-cherfa-accelere-la-cadence\/\" \/>\n<meta property=\"og:site_name\" content=\"La Sentinelle\" \/>\n<meta property=\"article:publisher\" content=\"https:\/\/www.facebook.com\/La-Sentinelle-104059864394773\" \/>\n<meta property=\"article:published_time\" content=\"2024-07-22T12:13:07+00:00\" \/>\n<meta property=\"og:image\" content=\"https:\/\/lasentinelle.dz\/wp-content\/uploads\/2024\/07\/agriculture-saharienne.jpeg\" \/>\n\t<meta property=\"og:image:width\" content=\"699\" \/>\n\t<meta property=\"og:image:height\" content=\"400\" \/>\n\t<meta property=\"og:image:type\" content=\"image\/jpeg\" \/>\n<meta name=\"author\" content=\"La Sentinelle\" \/>\n<meta name=\"twitter:card\" content=\"summary_large_image\" \/>\n<meta name=\"twitter:label1\" content=\"\u00c9crit par\" \/>\n\t<meta name=\"twitter:data1\" content=\"La Sentinelle\" \/>\n\t<meta name=\"twitter:label2\" content=\"Dur\u00e9e de lecture estim\u00e9e\" \/>\n\t<meta name=\"twitter:data2\" content=\"4 minutes\" \/>\n<script type=\"application\/ld+json\" class=\"yoast-schema-graph\">{\"@context\":\"https:\\\/\\\/schema.org\",\"@graph\":[{\"@type\":\"Article\",\"@id\":\"https:\\\/\\\/lasentinelle.dz\\\/index.php\\\/2024\\\/07\\\/22\\\/developpement-des-cultures-strategiques-dans-le-sud-cherfa-accelere-la-cadence\\\/#article\",\"isPartOf\":{\"@id\":\"https:\\\/\\\/lasentinelle.dz\\\/index.php\\\/2024\\\/07\\\/22\\\/developpement-des-cultures-strategiques-dans-le-sud-cherfa-accelere-la-cadence\\\/\"},\"author\":{\"name\":\"La Sentinelle\",\"@id\":\"https:\\\/\\\/lasentinelle.dz\\\/#\\\/schema\\\/person\\\/d865044e22e70a75174ce8bcad3acfb3\"},\"headline\":\"D\u00e9veloppement des cultures strat\u00e9giques dans le Sud: Cherfa acc\u00e9l\u00e8re la cadence\",\"datePublished\":\"2024-07-22T12:13:07+00:00\",\"mainEntityOfPage\":{\"@id\":\"https:\\\/\\\/lasentinelle.dz\\\/index.php\\\/2024\\\/07\\\/22\\\/developpement-des-cultures-strategiques-dans-le-sud-cherfa-accelere-la-cadence\\\/\"},\"wordCount\":764,\"commentCount\":0,\"publisher\":{\"@id\":\"https:\\\/\\\/lasentinelle.dz\\\/#organization\"},\"image\":{\"@id\":\"https:\\\/\\\/lasentinelle.dz\\\/index.php\\\/2024\\\/07\\\/22\\\/developpement-des-cultures-strategiques-dans-le-sud-cherfa-accelere-la-cadence\\\/#primaryimage\"},\"thumbnailUrl\":\"https:\\\/\\\/lasentinelle.dz\\\/wp-content\\\/uploads\\\/2024\\\/07\\\/agriculture-saharienne.jpeg\",\"articleSection\":[\"\u00c0 la Une\",\"\u00c9conomie\"],\"inLanguage\":\"fr-FR\",\"potentialAction\":[{\"@type\":\"CommentAction\",\"name\":\"Comment\",\"target\":[\"https:\\\/\\\/lasentinelle.dz\\\/index.php\\\/2024\\\/07\\\/22\\\/developpement-des-cultures-strategiques-dans-le-sud-cherfa-accelere-la-cadence\\\/#respond\"]}]},{\"@type\":\"WebPage\",\"@id\":\"https:\\\/\\\/lasentinelle.dz\\\/index.php\\\/2024\\\/07\\\/22\\\/developpement-des-cultures-strategiques-dans-le-sud-cherfa-accelere-la-cadence\\\/\",\"url\":\"https:\\\/\\\/lasentinelle.dz\\\/index.php\\\/2024\\\/07\\\/22\\\/developpement-des-cultures-strategiques-dans-le-sud-cherfa-accelere-la-cadence\\\/\",\"name\":\"D\u00e9veloppement des cultures strat\u00e9giques dans le Sud: Cherfa acc\u00e9l\u00e8re la cadence - La Sentinelle\",\"isPartOf\":{\"@id\":\"https:\\\/\\\/lasentinelle.dz\\\/#website\"},\"primaryImageOfPage\":{\"@id\":\"https:\\\/\\\/lasentinelle.dz\\\/index.php\\\/2024\\\/07\\\/22\\\/developpement-des-cultures-strategiques-dans-le-sud-cherfa-accelere-la-cadence\\\/#primaryimage\"},\"image\":{\"@id\":\"https:\\\/\\\/lasentinelle.dz\\\/index.php\\\/2024\\\/07\\\/22\\\/developpement-des-cultures-strategiques-dans-le-sud-cherfa-accelere-la-cadence\\\/#primaryimage\"},\"thumbnailUrl\":\"https:\\\/\\\/lasentinelle.dz\\\/wp-content\\\/uploads\\\/2024\\\/07\\\/agriculture-saharienne.jpeg\",\"datePublished\":\"2024-07-22T12:13:07+00:00\",\"breadcrumb\":{\"@id\":\"https:\\\/\\\/lasentinelle.dz\\\/index.php\\\/2024\\\/07\\\/22\\\/developpement-des-cultures-strategiques-dans-le-sud-cherfa-accelere-la-cadence\\\/#breadcrumb\"},\"inLanguage\":\"fr-FR\",\"potentialAction\":[{\"@type\":\"ReadAction\",\"target\":[\"https:\\\/\\\/lasentinelle.dz\\\/index.php\\\/2024\\\/07\\\/22\\\/developpement-des-cultures-strategiques-dans-le-sud-cherfa-accelere-la-cadence\\\/\"]}]},{\"@type\":\"ImageObject\",\"inLanguage\":\"fr-FR\",\"@id\":\"https:\\\/\\\/lasentinelle.dz\\\/index.php\\\/2024\\\/07\\\/22\\\/developpement-des-cultures-strategiques-dans-le-sud-cherfa-accelere-la-cadence\\\/#primaryimage\",\"url\":\"https:\\\/\\\/lasentinelle.dz\\\/wp-content\\\/uploads\\\/2024\\\/07\\\/agriculture-saharienne.jpeg\",\"contentUrl\":\"https:\\\/\\\/lasentinelle.dz\\\/wp-content\\\/uploads\\\/2024\\\/07\\\/agriculture-saharienne.jpeg\",\"width\":699,\"height\":400},{\"@type\":\"BreadcrumbList\",\"@id\":\"https:\\\/\\\/lasentinelle.dz\\\/index.php\\\/2024\\\/07\\\/22\\\/developpement-des-cultures-strategiques-dans-le-sud-cherfa-accelere-la-cadence\\\/#breadcrumb\",\"itemListElement\":[{\"@type\":\"ListItem\",\"position\":1,\"name\":\"Accueil\",\"item\":\"https:\\\/\\\/lasentinelle.dz\\\/\"},{\"@type\":\"ListItem\",\"position\":2,\"name\":\"D\u00e9veloppement des cultures strat\u00e9giques dans le Sud: Cherfa acc\u00e9l\u00e8re la cadence\"}]},{\"@type\":\"WebSite\",\"@id\":\"https:\\\/\\\/lasentinelle.dz\\\/#website\",\"url\":\"https:\\\/\\\/lasentinelle.dz\\\/\",\"name\":\"La Sentinelle\",\"description\":\"Quotidien national d&#039;information\",\"publisher\":{\"@id\":\"https:\\\/\\\/lasentinelle.dz\\\/#organization\"},\"potentialAction\":[{\"@type\":\"SearchAction\",\"target\":{\"@type\":\"EntryPoint\",\"urlTemplate\":\"https:\\\/\\\/lasentinelle.dz\\\/?s={search_term_string}\"},\"query-input\":{\"@type\":\"PropertyValueSpecification\",\"valueRequired\":true,\"valueName\":\"search_term_string\"}}],\"inLanguage\":\"fr-FR\"},{\"@type\":\"Organization\",\"@id\":\"https:\\\/\\\/lasentinelle.dz\\\/#organization\",\"name\":\"Quotidien La Sentinelle\",\"url\":\"https:\\\/\\\/lasentinelle.dz\\\/\",\"logo\":{\"@type\":\"ImageObject\",\"inLanguage\":\"fr-FR\",\"@id\":\"https:\\\/\\\/lasentinelle.dz\\\/#\\\/schema\\\/logo\\\/image\\\/\",\"url\":\"https:\\\/\\\/lasentinelle.dz\\\/wp-content\\\/uploads\\\/2021\\\/09\\\/logo-sentinelleSLOGAN-1.png\",\"contentUrl\":\"https:\\\/\\\/lasentinelle.dz\\\/wp-content\\\/uploads\\\/2021\\\/09\\\/logo-sentinelleSLOGAN-1.png\",\"width\":615,\"height\":142,\"caption\":\"Quotidien La Sentinelle\"},\"image\":{\"@id\":\"https:\\\/\\\/lasentinelle.dz\\\/#\\\/schema\\\/logo\\\/image\\\/\"},\"sameAs\":[\"https:\\\/\\\/www.facebook.com\\\/La-Sentinelle-104059864394773\"]},{\"@type\":\"Person\",\"@id\":\"https:\\\/\\\/lasentinelle.dz\\\/#\\\/schema\\\/person\\\/d865044e22e70a75174ce8bcad3acfb3\",\"name\":\"La Sentinelle\",\"image\":{\"@type\":\"ImageObject\",\"inLanguage\":\"fr-FR\",\"@id\":\"https:\\\/\\\/secure.gravatar.com\\\/avatar\\\/57de8e5d4b15d43fb361a71fbb36338450fe67865b528a43dd10ef7c51a20392?s=96&d=mm&r=g\",\"url\":\"https:\\\/\\\/secure.gravatar.com\\\/avatar\\\/57de8e5d4b15d43fb361a71fbb36338450fe67865b528a43dd10ef7c51a20392?s=96&d=mm&r=g\",\"contentUrl\":\"https:\\\/\\\/secure.gravatar.com\\\/avatar\\\/57de8e5d4b15d43fb361a71fbb36338450fe67865b528a43dd10ef7c51a20392?s=96&d=mm&r=g\",\"caption\":\"La Sentinelle\"},\"sameAs\":[\"http:\\\/\\\/www.lasentinelle.dz\"],\"url\":\"https:\\\/\\\/lasentinelle.dz\\\/author\\\/redaction\\\/\"}]}<\/script>\n<!-- \/ Yoast SEO plugin. -->","yoast_head_json":{"title":"D\u00e9veloppement des cultures strat\u00e9giques dans le Sud: Cherfa acc\u00e9l\u00e8re la cadence - La Sentinelle","robots":{"index":"index","follow":"follow","max-snippet":"max-snippet:-1","max-image-preview":"max-image-preview:large","max-video-preview":"max-video-preview:-1"},"canonical":"https:\/\/lasentinelle.dz\/index.php\/2024\/07\/22\/developpement-des-cultures-strategiques-dans-le-sud-cherfa-accelere-la-cadence\/","og_locale":"fr_FR","og_type":"article","og_title":"D\u00e9veloppement des cultures strat\u00e9giques dans le Sud: Cherfa acc\u00e9l\u00e8re la cadence - La Sentinelle","og_description":"Le ministre de l&rsquo;Agriculture et du D\u00e9veloppement rural, Youcef Cherfa a pr\u00e9sid\u00e9, samedi \u00e0 Alger, une rencontre avec les op\u00e9rateurs","og_url":"https:\/\/lasentinelle.dz\/index.php\/2024\/07\/22\/developpement-des-cultures-strategiques-dans-le-sud-cherfa-accelere-la-cadence\/","og_site_name":"La Sentinelle","article_publisher":"https:\/\/www.facebook.com\/La-Sentinelle-104059864394773","article_published_time":"2024-07-22T12:13:07+00:00","og_image":[{"width":699,"height":400,"url":"https:\/\/lasentinelle.dz\/wp-content\/uploads\/2024\/07\/agriculture-saharienne.jpeg","type":"image\/jpeg"}],"author":"La Sentinelle","twitter_card":"summary_large_image","twitter_misc":{"\u00c9crit par":"La Sentinelle","Dur\u00e9e de lecture estim\u00e9e":"4 minutes"},"schema":{"@context":"https:\/\/schema.org","@graph":[{"@type":"Article","@id":"https:\/\/lasentinelle.dz\/index.php\/2024\/07\/22\/developpement-des-cultures-strategiques-dans-le-sud-cherfa-accelere-la-cadence\/#article","isPartOf":{"@id":"https:\/\/lasentinelle.dz\/index.php\/2024\/07\/22\/developpement-des-cultures-strategiques-dans-le-sud-cherfa-accelere-la-cadence\/"},"author":{"name":"La Sentinelle","@id":"https:\/\/lasentinelle.dz\/#\/schema\/person\/d865044e22e70a75174ce8bcad3acfb3"},"headline":"D\u00e9veloppement des cultures strat\u00e9giques dans le Sud: Cherfa acc\u00e9l\u00e8re la cadence","datePublished":"2024-07-22T12:13:07+00:00","mainEntityOfPage":{"@id":"https:\/\/lasentinelle.dz\/index.php\/2024\/07\/22\/developpement-des-cultures-strategiques-dans-le-sud-cherfa-accelere-la-cadence\/"},"wordCount":764,"commentCount":0,"publisher":{"@id":"https:\/\/lasentinelle.dz\/#organization"},"image":{"@id":"https:\/\/lasentinelle.dz\/index.php\/2024\/07\/22\/developpement-des-cultures-strategiques-dans-le-sud-cherfa-accelere-la-cadence\/#primaryimage"},"thumbnailUrl":"https:\/\/lasentinelle.dz\/wp-content\/uploads\/2024\/07\/agriculture-saharienne.jpeg","articleSection":["\u00c0 la Une","\u00c9conomie"],"inLanguage":"fr-FR","potentialAction":[{"@type":"CommentAction","name":"Comment","target":["https:\/\/lasentinelle.dz\/index.php\/2024\/07\/22\/developpement-des-cultures-strategiques-dans-le-sud-cherfa-accelere-la-cadence\/#respond"]}]},{"@type":"WebPage","@id":"https:\/\/lasentinelle.dz\/index.php\/2024\/07\/22\/developpement-des-cultures-strategiques-dans-le-sud-cherfa-accelere-la-cadence\/","url":"https:\/\/lasentinelle.dz\/index.php\/2024\/07\/22\/developpement-des-cultures-strategiques-dans-le-sud-cherfa-accelere-la-cadence\/","name":"D\u00e9veloppement des cultures strat\u00e9giques dans le Sud: Cherfa acc\u00e9l\u00e8re la cadence - La Sentinelle","isPartOf":{"@id":"https:\/\/lasentinelle.dz\/#website"},"primaryImageOfPage":{"@id":"https:\/\/lasentinelle.dz\/index.php\/2024\/07\/22\/developpement-des-cultures-strategiques-dans-le-sud-cherfa-accelere-la-cadence\/#primaryimage"},"image":{"@id":"https:\/\/lasentinelle.dz\/index.php\/2024\/07\/22\/developpement-des-cultures-strategiques-dans-le-sud-cherfa-accelere-la-cadence\/#primaryimage"},"thumbnailUrl":"https:\/\/lasentinelle.dz\/wp-content\/uploads\/2024\/07\/agriculture-saharienne.jpeg","datePublished":"2024-07-22T12:13:07+00:00","breadcrumb":{"@id":"https:\/\/lasentinelle.dz\/index.php\/2024\/07\/22\/developpement-des-cultures-strategiques-dans-le-sud-cherfa-accelere-la-cadence\/#breadcrumb"},"inLanguage":"fr-FR","potentialAction":[{"@type":"ReadAction","target":["https:\/\/lasentinelle.dz\/index.php\/2024\/07\/22\/developpement-des-cultures-strategiques-dans-le-sud-cherfa-accelere-la-cadence\/"]}]},{"@type":"ImageObject","inLanguage":"fr-FR","@id":"https:\/\/lasentinelle.dz\/index.php\/2024\/07\/22\/developpement-des-cultures-strategiques-dans-le-sud-cherfa-accelere-la-cadence\/#primaryimage","url":"https:\/\/lasentinelle.dz\/wp-content\/uploads\/2024\/07\/agriculture-saharienne.jpeg","contentUrl":"https:\/\/lasentinelle.dz\/wp-content\/uploads\/2024\/07\/agriculture-saharienne.jpeg","width":699,"height":400},{"@type":"BreadcrumbList","@id":"https:\/\/lasentinelle.dz\/index.php\/2024\/07\/22\/developpement-des-cultures-strategiques-dans-le-sud-cherfa-accelere-la-cadence\/#breadcrumb","itemListElement":[{"@type":"ListItem","position":1,"name":"Accueil","item":"https:\/\/lasentinelle.dz\/"},{"@type":"ListItem","position":2,"name":"D\u00e9veloppement des cultures strat\u00e9giques dans le Sud: Cherfa acc\u00e9l\u00e8re la cadence"}]},{"@type":"WebSite","@id":"https:\/\/lasentinelle.dz\/#website","url":"https:\/\/lasentinelle.dz\/","name":"La Sentinelle","description":"Quotidien national d&#039;information","publisher":{"@id":"https:\/\/lasentinelle.dz\/#organization"},"potentialAction":[{"@type":"SearchAction","target":{"@type":"EntryPoint","urlTemplate":"https:\/\/lasentinelle.dz\/?s={search_term_string}"},"query-input":{"@type":"PropertyValueSpecification","valueRequired":true,"valueName":"search_term_string"}}],"inLanguage":"fr-FR"},{"@type":"Organization","@id":"https:\/\/lasentinelle.dz\/#organization","name":"Quotidien La Sentinelle","url":"https:\/\/lasentinelle.dz\/","logo":{"@type":"ImageObject","inLanguage":"fr-FR","@id":"https:\/\/lasentinelle.dz\/#\/schema\/logo\/image\/","url":"https:\/\/lasentinelle.dz\/wp-content\/uploads\/2021\/09\/logo-sentinelleSLOGAN-1.png","contentUrl":"https:\/\/lasentinelle.dz\/wp-content\/uploads\/2021\/09\/logo-sentinelleSLOGAN-1.png","width":615,"height":142,"caption":"Quotidien La Sentinelle"},"image":{"@id":"https:\/\/lasentinelle.dz\/#\/schema\/logo\/image\/"},"sameAs":["https:\/\/www.facebook.com\/La-Sentinelle-104059864394773"]},{"@type":"Person","@id":"https:\/\/lasentinelle.dz\/#\/schema\/person\/d865044e22e70a75174ce8bcad3acfb3","name":"La Sentinelle","image":{"@type":"ImageObject","inLanguage":"fr-FR","@id":"https:\/\/secure.gravatar.com\/avatar\/57de8e5d4b15d43fb361a71fbb36338450fe67865b528a43dd10ef7c51a20392?s=96&d=mm&r=g","url":"https:\/\/secure.gravatar.com\/avatar\/57de8e5d4b15d43fb361a71fbb36338450fe67865b528a43dd10ef7c51a20392?s=96&d=mm&r=g","contentUrl":"https:\/\/secure.gravatar.com\/avatar\/57de8e5d4b15d43fb361a71fbb36338450fe67865b528a43dd10ef7c51a20392?s=96&d=mm&r=g","caption":"La Sentinelle"},"sameAs":["http:\/\/www.lasentinelle.dz"],"url":"https:\/\/lasentinelle.dz\/author\/redaction\/"}]}},"_links":{"self":[{"href":"https:\/\/lasentinelle.dz\/index.php\/wp-json\/wp\/v2\/posts\/54694","targetHints":{"allow":["GET"]}}],"collection":[{"href":"https:\/\/lasentinelle.dz\/index.php\/wp-json\/wp\/v2\/posts"}],"about":[{"href":"https:\/\/lasentinelle.dz\/index.php\/wp-json\/wp\/v2\/types\/post"}],"author":[{"embeddable":true,"href":"https:\/\/lasentinelle.dz\/index.php\/wp-json\/wp\/v2\/users\/3"}],"replies":[{"embeddable":true,"href":"https:\/\/lasentinelle.dz\/index.php\/wp-json\/wp\/v2\/comments?post=54694"}],"version-history":[{"count":1,"href":"https:\/\/lasentinelle.dz\/index.php\/wp-json\/wp\/v2\/posts\/54694\/revisions"}],"predecessor-version":[{"id":54696,"href":"https:\/\/lasentinelle.dz\/index.php\/wp-json\/wp\/v2\/posts\/54694\/revisions\/54696"}],"wp:featuredmedia":[{"embeddable":true,"href":"https:\/\/lasentinelle.dz\/index.php\/wp-json\/wp\/v2\/media\/54695"}],"wp:attachment":[{"href":"https:\/\/lasentinelle.dz\/index.php\/wp-json\/wp\/v2\/media?parent=54694"}],"wp:term":[{"taxonomy":"category","embeddable":true,"href":"https:\/\/lasentinelle.dz\/index.php\/wp-json\/wp\/v2\/categories?post=54694"},{"taxonomy":"post_tag","embeddable":true,"href":"https:\/\/lasentinelle.dz\/index.php\/wp-json\/wp\/v2\/tags?post=54694"}],"curies":[{"name":"wp","href":"https:\/\/api.w.org\/{rel}","templated":true}]}}