{"id":54710,"date":"2024-07-22T13:21:03","date_gmt":"2024-07-22T12:21:03","guid":{"rendered":"https:\/\/lasentinelle.dz\/?p=54710"},"modified":"2024-07-22T13:21:04","modified_gmt":"2024-07-22T12:21:04","slug":"presidentielle-us-biden-jette-leponge","status":"publish","type":"post","link":"https:\/\/lasentinelle.dz\/index.php\/2024\/07\/22\/presidentielle-us-biden-jette-leponge\/","title":{"rendered":"Pr\u00e9sidentielle US: Biden jette l&rsquo;\u00e9ponge !"},"content":{"rendered":"\n<p>Il n&rsquo;y aura finalement pas de second duel Biden-Trump. Joe Biden a fini par c\u00e9der aux pressions du camp d\u00e9mocrate et a annonc\u00e9 hier qu&rsquo;il se retire de la course \u00e0 la Maison-Blanche. Le pr\u00e9sident sortant a apport\u00e9 son soutien \u00e0 une possible candidature de sa colisti\u00e8re Kamala Harris pour faire face en novembre \u00e0 Donald Trump fraichement investi candidat des r\u00e9publicains.<\/p>\n\n\n\n<p>Dans un revirement spectaculaire, le pr\u00e9sident am\u00e9ricain Joe Biden a annonc\u00e9 hier son retrait de la course \u00e0 la Maison Blanche, scellant le sort d&rsquo;une candidature de plus en plus contest\u00e9e. Dans son communiqu\u00e9, Biden affirme vouloir se \u00ab\u00a0concentrer uniquement sur l&rsquo;accomplissement de [ses] devoirs de pr\u00e9sident jusqu&rsquo;\u00e0 la fin de [son] mandat\u00a0\u00bb. &nbsp;C&rsquo;est un s\u00e9isme dans la campagne pr\u00e9sidentielle am\u00e9ricaine, marqu\u00e9e le samedi 13 juillet par une tentative d&rsquo;assassinat contre Donald Trump et laquelle a boost\u00e9 la popularit\u00e9 du r\u00e9publicain.<\/p>\n\n\n\n<p>\u00abCe fut le plus grand honneur de ma vie de vous servir en tant que pr\u00e9sident. Et bien que j&rsquo;aie eu l&rsquo;intention de me repr\u00e9senter, je pense qu&rsquo;il est dans l&rsquo;int\u00e9r\u00eat de mon parti et du pays que je me retire et que je me concentre uniquement sur l&rsquo;accomplissement de mes devoirs de pr\u00e9sident jusqu&rsquo;\u00e0 la fin de mon mandat\u00bb, \u00e9crit le pr\u00e9sident d\u00e9mocrate, qui s\u2019adressera \u00e0 ses compatriotes \u00abdans le courant de la semaine pour expliquer plus en d\u00e9tail [sa] d\u00e9cision\u00bb.<\/p>\n\n\n\n<p>Il a \u00e9galement annonc\u00e9 son soutien \u00e0 sa vice-pr\u00e9sidente Kamala Harris, sans pour autant garantir qu&rsquo;elle sera la candidate d\u00e9mocrate en novembre.<\/p>\n\n\n\n<p>Cette d\u00e9cision intervient apr\u00e8s des semaines de pression croissante au sein m\u00eame du Parti d\u00e9mocrate, exacerb\u00e9e par la performance d\u00e9sastreuse de Biden lors du d\u00e9bat pr\u00e9sidentiel du 27 juin face \u00e0 Donald Trump. Lors de cet affrontement t\u00e9l\u00e9vis\u00e9, le pr\u00e9sident sortant est apparu physiquement diminu\u00e9, cherchant ses mots et laissant parfois des phrases en suspens, offrant l&rsquo;image d&rsquo;un homme d\u00e9pass\u00e9 par la fonction.<\/p>\n\n\n\n<p>Les sondages post-d\u00e9bat ont \u00e9t\u00e9 sans appel, montrant une chute vertigineuse des intentions de vote en faveur de Biden. Plus de 30 \u00e9lus d\u00e9mocrates ont publiquement appel\u00e9 le pr\u00e9sident \u00e0 se retirer au profit d&rsquo;un candidat plus jeune, craignant une d\u00e9faite cinglante en novembre.<\/p>\n\n\n\n<p>La gestion controvers\u00e9e de la crise du Covid-19, dont Biden est actuellement atteint, ainsi que les inqui\u00e9tudes persistantes sur son \u00e9tat de sant\u00e9, ont \u00e9galement pes\u00e9 lourd dans la balance. \u00c0 81 ans, sa capacit\u00e9 \u00e0 assumer quatre ann\u00e9es suppl\u00e9mentaires \u00e0 la t\u00eate de la premi\u00e8re puissance mondiale \u00e9tait de plus en plus remise en question.<\/p>\n\n\n\n<p>Ce retrait ouvre la voie \u00e0 une course effr\u00e9n\u00e9e au sein du Parti d\u00e9mocrate pour d\u00e9signer un nouveau candidat capable de faire face \u00e0 Donald Trump, dont la candidature semble plus solide que jamais malgr\u00e9 ses d\u00e9boires judiciaires.<\/p>\n\n\n\n<p>Hocine Fadheli<\/p>\n","protected":false},"excerpt":{"rendered":"<p>Il n&rsquo;y aura finalement pas de second duel Biden-Trump. Joe Biden a fini par c\u00e9der aux pressions du camp d\u00e9mocrate<\/p>\n","protected":false},"author":3,"featured_media":54711,"comment_status":"open","ping_status":"closed","sticky":false,"template":"","format":"standard","meta":{"colormag_page_container_layout":"default_layout","colormag_page_sidebar_layout":"default_layout","om_disable_all_campaigns":false,"_monsterinsights_skip_tracking":false,"_monsterinsights_sitenote_active":false,"_monsterinsights_sitenote_note":"","_monsterinsights_sitenote_category":0,"footnotes":"","_wpscppro_dont_share_socialmedia":false,"_wpscppro_custom_social_share_image":0,"_facebook_share_type":"default","_twitter_share_type":"default","_linkedin_share_type":"default","_pinterest_share_type":"default","_linkedin_share_type_page":"","_instagram_share_type":"default","_medium_share_type":"","_threads_share_type":"","_google_business_share_type":"","_selected_social_profile":[],"_wpsp_enable_custom_social_template":false,"_wpsp_social_scheduling":{"enabled":false,"datetime":null,"platforms":[],"status":"template_only","dateOption":"today","timeOption":"now","customDays":"","customHours":"","customDate":"","customTime":"","schedulingType":"absolute"},"_wpsp_active_default_template":true},"categories":[52,37],"tags":[],"class_list":["post-54710","post","type-post","status-publish","format-standard","has-post-thumbnail","hentry","category-a-la-une","category-monde"],"aioseo_notices":[],"yoast_head":"<!-- This site is optimized with the Yoast SEO plugin v27.5 - https:\/\/yoast.com\/product\/yoast-seo-wordpress\/ -->\n<title>Pr\u00e9sidentielle US: Biden jette l&rsquo;\u00e9ponge ! - La Sentinelle<\/title>\n<meta name=\"robots\" content=\"index, follow, max-snippet:-1, max-image-preview:large, max-video-preview:-1\" \/>\n<link rel=\"canonical\" href=\"https:\/\/lasentinelle.dz\/index.php\/2024\/07\/22\/presidentielle-us-biden-jette-leponge\/\" \/>\n<meta property=\"og:locale\" content=\"fr_FR\" \/>\n<meta property=\"og:type\" content=\"article\" \/>\n<meta property=\"og:title\" content=\"Pr\u00e9sidentielle US: Biden jette l&rsquo;\u00e9ponge ! - La Sentinelle\" \/>\n<meta property=\"og:description\" content=\"Il n&rsquo;y aura finalement pas de second duel Biden-Trump. Joe Biden a fini par c\u00e9der aux pressions du camp d\u00e9mocrate\" \/>\n<meta property=\"og:url\" content=\"https:\/\/lasentinelle.dz\/index.php\/2024\/07\/22\/presidentielle-us-biden-jette-leponge\/\" \/>\n<meta property=\"og:site_name\" content=\"La Sentinelle\" \/>\n<meta property=\"article:publisher\" content=\"https:\/\/www.facebook.com\/La-Sentinelle-104059864394773\" \/>\n<meta property=\"article:published_time\" content=\"2024-07-22T12:21:03+00:00\" \/>\n<meta property=\"article:modified_time\" content=\"2024-07-22T12:21:04+00:00\" \/>\n<meta property=\"og:image\" content=\"https:\/\/lasentinelle.dz\/wp-content\/uploads\/2024\/07\/Biden.jpeg\" \/>\n\t<meta property=\"og:image:width\" content=\"864\" \/>\n\t<meta property=\"og:image:height\" content=\"486\" \/>\n\t<meta property=\"og:image:type\" content=\"image\/jpeg\" \/>\n<meta name=\"author\" content=\"La Sentinelle\" \/>\n<meta name=\"twitter:card\" content=\"summary_large_image\" \/>\n<meta name=\"twitter:label1\" content=\"\u00c9crit par\" \/>\n\t<meta name=\"twitter:data1\" content=\"La Sentinelle\" \/>\n\t<meta name=\"twitter:label2\" content=\"Dur\u00e9e de lecture estim\u00e9e\" \/>\n\t<meta name=\"twitter:data2\" content=\"3 minutes\" \/>\n<script type=\"application\/ld+json\" class=\"yoast-schema-graph\">{\"@context\":\"https:\\\/\\\/schema.org\",\"@graph\":[{\"@type\":\"Article\",\"@id\":\"https:\\\/\\\/lasentinelle.dz\\\/index.php\\\/2024\\\/07\\\/22\\\/presidentielle-us-biden-jette-leponge\\\/#article\",\"isPartOf\":{\"@id\":\"https:\\\/\\\/lasentinelle.dz\\\/index.php\\\/2024\\\/07\\\/22\\\/presidentielle-us-biden-jette-leponge\\\/\"},\"author\":{\"name\":\"La Sentinelle\",\"@id\":\"https:\\\/\\\/lasentinelle.dz\\\/#\\\/schema\\\/person\\\/d865044e22e70a75174ce8bcad3acfb3\"},\"headline\":\"Pr\u00e9sidentielle US: Biden jette l&rsquo;\u00e9ponge !\",\"datePublished\":\"2024-07-22T12:21:03+00:00\",\"dateModified\":\"2024-07-22T12:21:04+00:00\",\"mainEntityOfPage\":{\"@id\":\"https:\\\/\\\/lasentinelle.dz\\\/index.php\\\/2024\\\/07\\\/22\\\/presidentielle-us-biden-jette-leponge\\\/\"},\"wordCount\":510,\"commentCount\":0,\"publisher\":{\"@id\":\"https:\\\/\\\/lasentinelle.dz\\\/#organization\"},\"image\":{\"@id\":\"https:\\\/\\\/lasentinelle.dz\\\/index.php\\\/2024\\\/07\\\/22\\\/presidentielle-us-biden-jette-leponge\\\/#primaryimage\"},\"thumbnailUrl\":\"https:\\\/\\\/lasentinelle.dz\\\/wp-content\\\/uploads\\\/2024\\\/07\\\/Biden.jpeg\",\"articleSection\":[\"\u00c0 la Une\",\"Monde\"],\"inLanguage\":\"fr-FR\",\"potentialAction\":[{\"@type\":\"CommentAction\",\"name\":\"Comment\",\"target\":[\"https:\\\/\\\/lasentinelle.dz\\\/index.php\\\/2024\\\/07\\\/22\\\/presidentielle-us-biden-jette-leponge\\\/#respond\"]}]},{\"@type\":\"WebPage\",\"@id\":\"https:\\\/\\\/lasentinelle.dz\\\/index.php\\\/2024\\\/07\\\/22\\\/presidentielle-us-biden-jette-leponge\\\/\",\"url\":\"https:\\\/\\\/lasentinelle.dz\\\/index.php\\\/2024\\\/07\\\/22\\\/presidentielle-us-biden-jette-leponge\\\/\",\"name\":\"Pr\u00e9sidentielle US: Biden jette l&rsquo;\u00e9ponge ! - La Sentinelle\",\"isPartOf\":{\"@id\":\"https:\\\/\\\/lasentinelle.dz\\\/#website\"},\"primaryImageOfPage\":{\"@id\":\"https:\\\/\\\/lasentinelle.dz\\\/index.php\\\/2024\\\/07\\\/22\\\/presidentielle-us-biden-jette-leponge\\\/#primaryimage\"},\"image\":{\"@id\":\"https:\\\/\\\/lasentinelle.dz\\\/index.php\\\/2024\\\/07\\\/22\\\/presidentielle-us-biden-jette-leponge\\\/#primaryimage\"},\"thumbnailUrl\":\"https:\\\/\\\/lasentinelle.dz\\\/wp-content\\\/uploads\\\/2024\\\/07\\\/Biden.jpeg\",\"datePublished\":\"2024-07-22T12:21:03+00:00\",\"dateModified\":\"2024-07-22T12:21:04+00:00\",\"breadcrumb\":{\"@id\":\"https:\\\/\\\/lasentinelle.dz\\\/index.php\\\/2024\\\/07\\\/22\\\/presidentielle-us-biden-jette-leponge\\\/#breadcrumb\"},\"inLanguage\":\"fr-FR\",\"potentialAction\":[{\"@type\":\"ReadAction\",\"target\":[\"https:\\\/\\\/lasentinelle.dz\\\/index.php\\\/2024\\\/07\\\/22\\\/presidentielle-us-biden-jette-leponge\\\/\"]}]},{\"@type\":\"ImageObject\",\"inLanguage\":\"fr-FR\",\"@id\":\"https:\\\/\\\/lasentinelle.dz\\\/index.php\\\/2024\\\/07\\\/22\\\/presidentielle-us-biden-jette-leponge\\\/#primaryimage\",\"url\":\"https:\\\/\\\/lasentinelle.dz\\\/wp-content\\\/uploads\\\/2024\\\/07\\\/Biden.jpeg\",\"contentUrl\":\"https:\\\/\\\/lasentinelle.dz\\\/wp-content\\\/uploads\\\/2024\\\/07\\\/Biden.jpeg\",\"width\":864,\"height\":486},{\"@type\":\"BreadcrumbList\",\"@id\":\"https:\\\/\\\/lasentinelle.dz\\\/index.php\\\/2024\\\/07\\\/22\\\/presidentielle-us-biden-jette-leponge\\\/#breadcrumb\",\"itemListElement\":[{\"@type\":\"ListItem\",\"position\":1,\"name\":\"Accueil\",\"item\":\"https:\\\/\\\/lasentinelle.dz\\\/\"},{\"@type\":\"ListItem\",\"position\":2,\"name\":\"Pr\u00e9sidentielle US: Biden jette l&rsquo;\u00e9ponge !\"}]},{\"@type\":\"WebSite\",\"@id\":\"https:\\\/\\\/lasentinelle.dz\\\/#website\",\"url\":\"https:\\\/\\\/lasentinelle.dz\\\/\",\"name\":\"La Sentinelle\",\"description\":\"Quotidien national d&#039;information\",\"publisher\":{\"@id\":\"https:\\\/\\\/lasentinelle.dz\\\/#organization\"},\"potentialAction\":[{\"@type\":\"SearchAction\",\"target\":{\"@type\":\"EntryPoint\",\"urlTemplate\":\"https:\\\/\\\/lasentinelle.dz\\\/?s={search_term_string}\"},\"query-input\":{\"@type\":\"PropertyValueSpecification\",\"valueRequired\":true,\"valueName\":\"search_term_string\"}}],\"inLanguage\":\"fr-FR\"},{\"@type\":\"Organization\",\"@id\":\"https:\\\/\\\/lasentinelle.dz\\\/#organization\",\"name\":\"Quotidien La Sentinelle\",\"url\":\"https:\\\/\\\/lasentinelle.dz\\\/\",\"logo\":{\"@type\":\"ImageObject\",\"inLanguage\":\"fr-FR\",\"@id\":\"https:\\\/\\\/lasentinelle.dz\\\/#\\\/schema\\\/logo\\\/image\\\/\",\"url\":\"https:\\\/\\\/lasentinelle.dz\\\/wp-content\\\/uploads\\\/2021\\\/09\\\/logo-sentinelleSLOGAN-1.png\",\"contentUrl\":\"https:\\\/\\\/lasentinelle.dz\\\/wp-content\\\/uploads\\\/2021\\\/09\\\/logo-sentinelleSLOGAN-1.png\",\"width\":615,\"height\":142,\"caption\":\"Quotidien La Sentinelle\"},\"image\":{\"@id\":\"https:\\\/\\\/lasentinelle.dz\\\/#\\\/schema\\\/logo\\\/image\\\/\"},\"sameAs\":[\"https:\\\/\\\/www.facebook.com\\\/La-Sentinelle-104059864394773\"]},{\"@type\":\"Person\",\"@id\":\"https:\\\/\\\/lasentinelle.dz\\\/#\\\/schema\\\/person\\\/d865044e22e70a75174ce8bcad3acfb3\",\"name\":\"La Sentinelle\",\"image\":{\"@type\":\"ImageObject\",\"inLanguage\":\"fr-FR\",\"@id\":\"https:\\\/\\\/secure.gravatar.com\\\/avatar\\\/57de8e5d4b15d43fb361a71fbb36338450fe67865b528a43dd10ef7c51a20392?s=96&d=mm&r=g\",\"url\":\"https:\\\/\\\/secure.gravatar.com\\\/avatar\\\/57de8e5d4b15d43fb361a71fbb36338450fe67865b528a43dd10ef7c51a20392?s=96&d=mm&r=g\",\"contentUrl\":\"https:\\\/\\\/secure.gravatar.com\\\/avatar\\\/57de8e5d4b15d43fb361a71fbb36338450fe67865b528a43dd10ef7c51a20392?s=96&d=mm&r=g\",\"caption\":\"La Sentinelle\"},\"sameAs\":[\"http:\\\/\\\/www.lasentinelle.dz\"],\"url\":\"https:\\\/\\\/lasentinelle.dz\\\/author\\\/redaction\\\/\"}]}<\/script>\n<!-- \/ Yoast SEO plugin. -->","yoast_head_json":{"title":"Pr\u00e9sidentielle US: Biden jette l&rsquo;\u00e9ponge ! - La Sentinelle","robots":{"index":"index","follow":"follow","max-snippet":"max-snippet:-1","max-image-preview":"max-image-preview:large","max-video-preview":"max-video-preview:-1"},"canonical":"https:\/\/lasentinelle.dz\/index.php\/2024\/07\/22\/presidentielle-us-biden-jette-leponge\/","og_locale":"fr_FR","og_type":"article","og_title":"Pr\u00e9sidentielle US: Biden jette l&rsquo;\u00e9ponge ! - La Sentinelle","og_description":"Il n&rsquo;y aura finalement pas de second duel Biden-Trump. Joe Biden a fini par c\u00e9der aux pressions du camp d\u00e9mocrate","og_url":"https:\/\/lasentinelle.dz\/index.php\/2024\/07\/22\/presidentielle-us-biden-jette-leponge\/","og_site_name":"La Sentinelle","article_publisher":"https:\/\/www.facebook.com\/La-Sentinelle-104059864394773","article_published_time":"2024-07-22T12:21:03+00:00","article_modified_time":"2024-07-22T12:21:04+00:00","og_image":[{"width":864,"height":486,"url":"https:\/\/lasentinelle.dz\/wp-content\/uploads\/2024\/07\/Biden.jpeg","type":"image\/jpeg"}],"author":"La Sentinelle","twitter_card":"summary_large_image","twitter_misc":{"\u00c9crit par":"La Sentinelle","Dur\u00e9e de lecture estim\u00e9e":"3 minutes"},"schema":{"@context":"https:\/\/schema.org","@graph":[{"@type":"Article","@id":"https:\/\/lasentinelle.dz\/index.php\/2024\/07\/22\/presidentielle-us-biden-jette-leponge\/#article","isPartOf":{"@id":"https:\/\/lasentinelle.dz\/index.php\/2024\/07\/22\/presidentielle-us-biden-jette-leponge\/"},"author":{"name":"La Sentinelle","@id":"https:\/\/lasentinelle.dz\/#\/schema\/person\/d865044e22e70a75174ce8bcad3acfb3"},"headline":"Pr\u00e9sidentielle US: Biden jette l&rsquo;\u00e9ponge !","datePublished":"2024-07-22T12:21:03+00:00","dateModified":"2024-07-22T12:21:04+00:00","mainEntityOfPage":{"@id":"https:\/\/lasentinelle.dz\/index.php\/2024\/07\/22\/presidentielle-us-biden-jette-leponge\/"},"wordCount":510,"commentCount":0,"publisher":{"@id":"https:\/\/lasentinelle.dz\/#organization"},"image":{"@id":"https:\/\/lasentinelle.dz\/index.php\/2024\/07\/22\/presidentielle-us-biden-jette-leponge\/#primaryimage"},"thumbnailUrl":"https:\/\/lasentinelle.dz\/wp-content\/uploads\/2024\/07\/Biden.jpeg","articleSection":["\u00c0 la Une","Monde"],"inLanguage":"fr-FR","potentialAction":[{"@type":"CommentAction","name":"Comment","target":["https:\/\/lasentinelle.dz\/index.php\/2024\/07\/22\/presidentielle-us-biden-jette-leponge\/#respond"]}]},{"@type":"WebPage","@id":"https:\/\/lasentinelle.dz\/index.php\/2024\/07\/22\/presidentielle-us-biden-jette-leponge\/","url":"https:\/\/lasentinelle.dz\/index.php\/2024\/07\/22\/presidentielle-us-biden-jette-leponge\/","name":"Pr\u00e9sidentielle US: Biden jette l&rsquo;\u00e9ponge ! - La Sentinelle","isPartOf":{"@id":"https:\/\/lasentinelle.dz\/#website"},"primaryImageOfPage":{"@id":"https:\/\/lasentinelle.dz\/index.php\/2024\/07\/22\/presidentielle-us-biden-jette-leponge\/#primaryimage"},"image":{"@id":"https:\/\/lasentinelle.dz\/index.php\/2024\/07\/22\/presidentielle-us-biden-jette-leponge\/#primaryimage"},"thumbnailUrl":"https:\/\/lasentinelle.dz\/wp-content\/uploads\/2024\/07\/Biden.jpeg","datePublished":"2024-07-22T12:21:03+00:00","dateModified":"2024-07-22T12:21:04+00:00","breadcrumb":{"@id":"https:\/\/lasentinelle.dz\/index.php\/2024\/07\/22\/presidentielle-us-biden-jette-leponge\/#breadcrumb"},"inLanguage":"fr-FR","potentialAction":[{"@type":"ReadAction","target":["https:\/\/lasentinelle.dz\/index.php\/2024\/07\/22\/presidentielle-us-biden-jette-leponge\/"]}]},{"@type":"ImageObject","inLanguage":"fr-FR","@id":"https:\/\/lasentinelle.dz\/index.php\/2024\/07\/22\/presidentielle-us-biden-jette-leponge\/#primaryimage","url":"https:\/\/lasentinelle.dz\/wp-content\/uploads\/2024\/07\/Biden.jpeg","contentUrl":"https:\/\/lasentinelle.dz\/wp-content\/uploads\/2024\/07\/Biden.jpeg","width":864,"height":486},{"@type":"BreadcrumbList","@id":"https:\/\/lasentinelle.dz\/index.php\/2024\/07\/22\/presidentielle-us-biden-jette-leponge\/#breadcrumb","itemListElement":[{"@type":"ListItem","position":1,"name":"Accueil","item":"https:\/\/lasentinelle.dz\/"},{"@type":"ListItem","position":2,"name":"Pr\u00e9sidentielle US: Biden jette l&rsquo;\u00e9ponge !"}]},{"@type":"WebSite","@id":"https:\/\/lasentinelle.dz\/#website","url":"https:\/\/lasentinelle.dz\/","name":"La Sentinelle","description":"Quotidien national d&#039;information","publisher":{"@id":"https:\/\/lasentinelle.dz\/#organization"},"potentialAction":[{"@type":"SearchAction","target":{"@type":"EntryPoint","urlTemplate":"https:\/\/lasentinelle.dz\/?s={search_term_string}"},"query-input":{"@type":"PropertyValueSpecification","valueRequired":true,"valueName":"search_term_string"}}],"inLanguage":"fr-FR"},{"@type":"Organization","@id":"https:\/\/lasentinelle.dz\/#organization","name":"Quotidien La Sentinelle","url":"https:\/\/lasentinelle.dz\/","logo":{"@type":"ImageObject","inLanguage":"fr-FR","@id":"https:\/\/lasentinelle.dz\/#\/schema\/logo\/image\/","url":"https:\/\/lasentinelle.dz\/wp-content\/uploads\/2021\/09\/logo-sentinelleSLOGAN-1.png","contentUrl":"https:\/\/lasentinelle.dz\/wp-content\/uploads\/2021\/09\/logo-sentinelleSLOGAN-1.png","width":615,"height":142,"caption":"Quotidien La Sentinelle"},"image":{"@id":"https:\/\/lasentinelle.dz\/#\/schema\/logo\/image\/"},"sameAs":["https:\/\/www.facebook.com\/La-Sentinelle-104059864394773"]},{"@type":"Person","@id":"https:\/\/lasentinelle.dz\/#\/schema\/person\/d865044e22e70a75174ce8bcad3acfb3","name":"La Sentinelle","image":{"@type":"ImageObject","inLanguage":"fr-FR","@id":"https:\/\/secure.gravatar.com\/avatar\/57de8e5d4b15d43fb361a71fbb36338450fe67865b528a43dd10ef7c51a20392?s=96&d=mm&r=g","url":"https:\/\/secure.gravatar.com\/avatar\/57de8e5d4b15d43fb361a71fbb36338450fe67865b528a43dd10ef7c51a20392?s=96&d=mm&r=g","contentUrl":"https:\/\/secure.gravatar.com\/avatar\/57de8e5d4b15d43fb361a71fbb36338450fe67865b528a43dd10ef7c51a20392?s=96&d=mm&r=g","caption":"La Sentinelle"},"sameAs":["http:\/\/www.lasentinelle.dz"],"url":"https:\/\/lasentinelle.dz\/author\/redaction\/"}]}},"_links":{"self":[{"href":"https:\/\/lasentinelle.dz\/index.php\/wp-json\/wp\/v2\/posts\/54710","targetHints":{"allow":["GET"]}}],"collection":[{"href":"https:\/\/lasentinelle.dz\/index.php\/wp-json\/wp\/v2\/posts"}],"about":[{"href":"https:\/\/lasentinelle.dz\/index.php\/wp-json\/wp\/v2\/types\/post"}],"author":[{"embeddable":true,"href":"https:\/\/lasentinelle.dz\/index.php\/wp-json\/wp\/v2\/users\/3"}],"replies":[{"embeddable":true,"href":"https:\/\/lasentinelle.dz\/index.php\/wp-json\/wp\/v2\/comments?post=54710"}],"version-history":[{"count":2,"href":"https:\/\/lasentinelle.dz\/index.php\/wp-json\/wp\/v2\/posts\/54710\/revisions"}],"predecessor-version":[{"id":54713,"href":"https:\/\/lasentinelle.dz\/index.php\/wp-json\/wp\/v2\/posts\/54710\/revisions\/54713"}],"wp:featuredmedia":[{"embeddable":true,"href":"https:\/\/lasentinelle.dz\/index.php\/wp-json\/wp\/v2\/media\/54711"}],"wp:attachment":[{"href":"https:\/\/lasentinelle.dz\/index.php\/wp-json\/wp\/v2\/media?parent=54710"}],"wp:term":[{"taxonomy":"category","embeddable":true,"href":"https:\/\/lasentinelle.dz\/index.php\/wp-json\/wp\/v2\/categories?post=54710"},{"taxonomy":"post_tag","embeddable":true,"href":"https:\/\/lasentinelle.dz\/index.php\/wp-json\/wp\/v2\/tags?post=54710"}],"curies":[{"name":"wp","href":"https:\/\/api.w.org\/{rel}","templated":true}]}}