{"id":54737,"date":"2024-07-22T20:35:14","date_gmt":"2024-07-22T19:35:14","guid":{"rendered":"https:\/\/lasentinelle.dz\/?p=54737"},"modified":"2024-07-22T20:35:15","modified_gmt":"2024-07-22T19:35:15","slug":"douanes-pres-dun-kilo-et-demi-de-kif-saisi-a-tebessa","status":"publish","type":"post","link":"https:\/\/lasentinelle.dz\/index.php\/2024\/07\/22\/douanes-pres-dun-kilo-et-demi-de-kif-saisi-a-tebessa\/","title":{"rendered":"Douanes: Pr\u00e8s d&rsquo;un kilo et demi de kif saisi\u00a0\u00e0 T\u00e9bessa"},"content":{"rendered":"\n<p>Les services des douanes ont, lors des op\u00e9rations de contr\u00f4les \u00e0 Bir El-Ater, dans la wilaya de T\u00e9bessa, saisi 1477 kg de kif trait\u00e9, apprend-on de source douani\u00e8re. Cette&nbsp;op\u00e9ration&nbsp;a donn\u00e9 lieu \u00e0 l\u2019arrestation d\u2019un individu, en plus de la saisie d\u2019un v\u00e9hicule touristique, que le trafiquant utilise dans le transport de la substance narcotique, a ajout\u00e9 la m\u00eame source. Le trentenaire, soumis aux mesures n\u00e9cessaires, a \u00e9t\u00e9 d\u00e9f\u00e9r\u00e9 devant la juridiction de la circonscription de comp\u00e9tence et a \u00e9t\u00e9 plac\u00e9 en d\u00e9tention, a- t-on fait savoir. Dans le m\u00eame contexte, notre source a, \u00e9galement, fait \u00e9tat de la saisie de 52 320 comprim\u00e9s psychotropes. Selon les informations apport\u00e9es sur cette affaire, les agents de la brigade mobile des douanes, relevant de la direction r\u00e9gionale des douanes de Laghouat, ont proc\u00e9d\u00e9, dans la wilaya de Gharda\u00efa conjointement avec une brigade de la gendarmerie nationale, \u00e0 la saisie de 52 320 unit\u00e9s hallucinog\u00e8nes de type Pr\u00e9gabaline 300 mg, qui \u00e9taient soigneusement dissimul\u00e9es \u00e0 bord d\u2019une voiture touristique qui a \u00e9t\u00e9 aussi saisi. Les deux mis en causes dans cette activit\u00e9 criminelle, ont \u00e9t\u00e9 aussit\u00f4t arr\u00eat\u00e9s et pr\u00e9sent\u00e9s aux autorit\u00e9s judiciaires comp\u00e9tentes, qui ont ordonn\u00e9 leur mise sous mandat de d\u00e9p\u00f4t, a ajout\u00e9 notre source. Ces op\u00e9rations s\u2019inscrivent, ont soulign\u00e9 les m\u00eames sources, dans le cadre de la mobilisation des dispositifs de l\u2019\u00c9tat pour lutter contre la contrebande et le&nbsp;trafic&nbsp;de substances psychotropes.&nbsp;<\/p>\n\n\n\n<p><strong>S<\/strong><strong>.C<\/strong><strong>.<\/strong><\/p>\n","protected":false},"excerpt":{"rendered":"<p>Les services des douanes ont, lors des op\u00e9rations de contr\u00f4les \u00e0 Bir El-Ater, dans la wilaya de T\u00e9bessa, saisi 1477<\/p>\n","protected":false},"author":3,"featured_media":660,"comment_status":"open","ping_status":"closed","sticky":false,"template":"","format":"standard","meta":{"colormag_page_container_layout":"default_layout","colormag_page_sidebar_layout":"default_layout","om_disable_all_campaigns":false,"_monsterinsights_skip_tracking":false,"_monsterinsights_sitenote_active":false,"_monsterinsights_sitenote_note":"","_monsterinsights_sitenote_category":0,"footnotes":"","_wpscppro_dont_share_socialmedia":false,"_wpscppro_custom_social_share_image":0,"_facebook_share_type":"default","_twitter_share_type":"default","_linkedin_share_type":"default","_pinterest_share_type":"default","_linkedin_share_type_page":"","_instagram_share_type":"default","_medium_share_type":"","_threads_share_type":"","_google_business_share_type":"","_selected_social_profile":[],"_wpsp_enable_custom_social_template":false,"_wpsp_social_scheduling":{"enabled":false,"datetime":null,"platforms":[],"status":"template_only","dateOption":"today","timeOption":"now","customDays":"","customHours":"","customDate":"","customTime":"","schedulingType":"absolute"},"_wpsp_active_default_template":true},"categories":[31],"tags":[],"class_list":["post-54737","post","type-post","status-publish","format-standard","has-post-thumbnail","hentry","category-regions"],"aioseo_notices":[],"yoast_head":"<!-- This site is optimized with the Yoast SEO plugin v27.5 - https:\/\/yoast.com\/product\/yoast-seo-wordpress\/ -->\n<title>Douanes: Pr\u00e8s d&rsquo;un kilo et demi de kif saisi\u00a0\u00e0 T\u00e9bessa - La Sentinelle<\/title>\n<meta name=\"robots\" content=\"index, follow, max-snippet:-1, max-image-preview:large, max-video-preview:-1\" \/>\n<link rel=\"canonical\" href=\"https:\/\/lasentinelle.dz\/index.php\/2024\/07\/22\/douanes-pres-dun-kilo-et-demi-de-kif-saisi-a-tebessa\/\" \/>\n<meta property=\"og:locale\" content=\"fr_FR\" \/>\n<meta property=\"og:type\" content=\"article\" \/>\n<meta property=\"og:title\" content=\"Douanes: Pr\u00e8s d&rsquo;un kilo et demi de kif saisi\u00a0\u00e0 T\u00e9bessa - La Sentinelle\" \/>\n<meta property=\"og:description\" content=\"Les services des douanes ont, lors des op\u00e9rations de contr\u00f4les \u00e0 Bir El-Ater, dans la wilaya de T\u00e9bessa, saisi 1477\" \/>\n<meta property=\"og:url\" content=\"https:\/\/lasentinelle.dz\/index.php\/2024\/07\/22\/douanes-pres-dun-kilo-et-demi-de-kif-saisi-a-tebessa\/\" \/>\n<meta property=\"og:site_name\" content=\"La Sentinelle\" \/>\n<meta property=\"article:publisher\" content=\"https:\/\/www.facebook.com\/La-Sentinelle-104059864394773\" \/>\n<meta property=\"article:published_time\" content=\"2024-07-22T19:35:14+00:00\" \/>\n<meta property=\"article:modified_time\" content=\"2024-07-22T19:35:15+00:00\" \/>\n<meta property=\"og:image\" content=\"https:\/\/lasentinelle.dz\/wp-content\/uploads\/2021\/02\/kif.jpg\" \/>\n\t<meta property=\"og:image:width\" content=\"512\" \/>\n\t<meta property=\"og:image:height\" content=\"366\" \/>\n\t<meta property=\"og:image:type\" content=\"image\/jpeg\" \/>\n<meta name=\"author\" content=\"La Sentinelle\" \/>\n<meta name=\"twitter:card\" content=\"summary_large_image\" \/>\n<meta name=\"twitter:label1\" content=\"\u00c9crit par\" \/>\n\t<meta name=\"twitter:data1\" content=\"La Sentinelle\" \/>\n\t<meta name=\"twitter:label2\" content=\"Dur\u00e9e de lecture estim\u00e9e\" \/>\n\t<meta name=\"twitter:data2\" content=\"1 minute\" \/>\n<script type=\"application\/ld+json\" class=\"yoast-schema-graph\">{\"@context\":\"https:\\\/\\\/schema.org\",\"@graph\":[{\"@type\":\"Article\",\"@id\":\"https:\\\/\\\/lasentinelle.dz\\\/index.php\\\/2024\\\/07\\\/22\\\/douanes-pres-dun-kilo-et-demi-de-kif-saisi-a-tebessa\\\/#article\",\"isPartOf\":{\"@id\":\"https:\\\/\\\/lasentinelle.dz\\\/index.php\\\/2024\\\/07\\\/22\\\/douanes-pres-dun-kilo-et-demi-de-kif-saisi-a-tebessa\\\/\"},\"author\":{\"name\":\"La Sentinelle\",\"@id\":\"https:\\\/\\\/lasentinelle.dz\\\/#\\\/schema\\\/person\\\/d865044e22e70a75174ce8bcad3acfb3\"},\"headline\":\"Douanes: Pr\u00e8s d&rsquo;un kilo et demi de kif saisi\u00a0\u00e0 T\u00e9bessa\",\"datePublished\":\"2024-07-22T19:35:14+00:00\",\"dateModified\":\"2024-07-22T19:35:15+00:00\",\"mainEntityOfPage\":{\"@id\":\"https:\\\/\\\/lasentinelle.dz\\\/index.php\\\/2024\\\/07\\\/22\\\/douanes-pres-dun-kilo-et-demi-de-kif-saisi-a-tebessa\\\/\"},\"wordCount\":283,\"commentCount\":0,\"publisher\":{\"@id\":\"https:\\\/\\\/lasentinelle.dz\\\/#organization\"},\"image\":{\"@id\":\"https:\\\/\\\/lasentinelle.dz\\\/index.php\\\/2024\\\/07\\\/22\\\/douanes-pres-dun-kilo-et-demi-de-kif-saisi-a-tebessa\\\/#primaryimage\"},\"thumbnailUrl\":\"https:\\\/\\\/lasentinelle.dz\\\/wp-content\\\/uploads\\\/2021\\\/02\\\/kif.jpg\",\"articleSection\":[\"R\u00e9gions\"],\"inLanguage\":\"fr-FR\",\"potentialAction\":[{\"@type\":\"CommentAction\",\"name\":\"Comment\",\"target\":[\"https:\\\/\\\/lasentinelle.dz\\\/index.php\\\/2024\\\/07\\\/22\\\/douanes-pres-dun-kilo-et-demi-de-kif-saisi-a-tebessa\\\/#respond\"]}]},{\"@type\":\"WebPage\",\"@id\":\"https:\\\/\\\/lasentinelle.dz\\\/index.php\\\/2024\\\/07\\\/22\\\/douanes-pres-dun-kilo-et-demi-de-kif-saisi-a-tebessa\\\/\",\"url\":\"https:\\\/\\\/lasentinelle.dz\\\/index.php\\\/2024\\\/07\\\/22\\\/douanes-pres-dun-kilo-et-demi-de-kif-saisi-a-tebessa\\\/\",\"name\":\"Douanes: Pr\u00e8s d&rsquo;un kilo et demi de kif saisi\u00a0\u00e0 T\u00e9bessa - La Sentinelle\",\"isPartOf\":{\"@id\":\"https:\\\/\\\/lasentinelle.dz\\\/#website\"},\"primaryImageOfPage\":{\"@id\":\"https:\\\/\\\/lasentinelle.dz\\\/index.php\\\/2024\\\/07\\\/22\\\/douanes-pres-dun-kilo-et-demi-de-kif-saisi-a-tebessa\\\/#primaryimage\"},\"image\":{\"@id\":\"https:\\\/\\\/lasentinelle.dz\\\/index.php\\\/2024\\\/07\\\/22\\\/douanes-pres-dun-kilo-et-demi-de-kif-saisi-a-tebessa\\\/#primaryimage\"},\"thumbnailUrl\":\"https:\\\/\\\/lasentinelle.dz\\\/wp-content\\\/uploads\\\/2021\\\/02\\\/kif.jpg\",\"datePublished\":\"2024-07-22T19:35:14+00:00\",\"dateModified\":\"2024-07-22T19:35:15+00:00\",\"breadcrumb\":{\"@id\":\"https:\\\/\\\/lasentinelle.dz\\\/index.php\\\/2024\\\/07\\\/22\\\/douanes-pres-dun-kilo-et-demi-de-kif-saisi-a-tebessa\\\/#breadcrumb\"},\"inLanguage\":\"fr-FR\",\"potentialAction\":[{\"@type\":\"ReadAction\",\"target\":[\"https:\\\/\\\/lasentinelle.dz\\\/index.php\\\/2024\\\/07\\\/22\\\/douanes-pres-dun-kilo-et-demi-de-kif-saisi-a-tebessa\\\/\"]}]},{\"@type\":\"ImageObject\",\"inLanguage\":\"fr-FR\",\"@id\":\"https:\\\/\\\/lasentinelle.dz\\\/index.php\\\/2024\\\/07\\\/22\\\/douanes-pres-dun-kilo-et-demi-de-kif-saisi-a-tebessa\\\/#primaryimage\",\"url\":\"https:\\\/\\\/lasentinelle.dz\\\/wp-content\\\/uploads\\\/2021\\\/02\\\/kif.jpg\",\"contentUrl\":\"https:\\\/\\\/lasentinelle.dz\\\/wp-content\\\/uploads\\\/2021\\\/02\\\/kif.jpg\",\"width\":512,\"height\":366},{\"@type\":\"BreadcrumbList\",\"@id\":\"https:\\\/\\\/lasentinelle.dz\\\/index.php\\\/2024\\\/07\\\/22\\\/douanes-pres-dun-kilo-et-demi-de-kif-saisi-a-tebessa\\\/#breadcrumb\",\"itemListElement\":[{\"@type\":\"ListItem\",\"position\":1,\"name\":\"Accueil\",\"item\":\"https:\\\/\\\/lasentinelle.dz\\\/\"},{\"@type\":\"ListItem\",\"position\":2,\"name\":\"Douanes: Pr\u00e8s d&rsquo;un kilo et demi de kif saisi\u00a0\u00e0 T\u00e9bessa\"}]},{\"@type\":\"WebSite\",\"@id\":\"https:\\\/\\\/lasentinelle.dz\\\/#website\",\"url\":\"https:\\\/\\\/lasentinelle.dz\\\/\",\"name\":\"La Sentinelle\",\"description\":\"Quotidien national d&#039;information\",\"publisher\":{\"@id\":\"https:\\\/\\\/lasentinelle.dz\\\/#organization\"},\"potentialAction\":[{\"@type\":\"SearchAction\",\"target\":{\"@type\":\"EntryPoint\",\"urlTemplate\":\"https:\\\/\\\/lasentinelle.dz\\\/?s={search_term_string}\"},\"query-input\":{\"@type\":\"PropertyValueSpecification\",\"valueRequired\":true,\"valueName\":\"search_term_string\"}}],\"inLanguage\":\"fr-FR\"},{\"@type\":\"Organization\",\"@id\":\"https:\\\/\\\/lasentinelle.dz\\\/#organization\",\"name\":\"Quotidien La Sentinelle\",\"url\":\"https:\\\/\\\/lasentinelle.dz\\\/\",\"logo\":{\"@type\":\"ImageObject\",\"inLanguage\":\"fr-FR\",\"@id\":\"https:\\\/\\\/lasentinelle.dz\\\/#\\\/schema\\\/logo\\\/image\\\/\",\"url\":\"https:\\\/\\\/lasentinelle.dz\\\/wp-content\\\/uploads\\\/2021\\\/09\\\/logo-sentinelleSLOGAN-1.png\",\"contentUrl\":\"https:\\\/\\\/lasentinelle.dz\\\/wp-content\\\/uploads\\\/2021\\\/09\\\/logo-sentinelleSLOGAN-1.png\",\"width\":615,\"height\":142,\"caption\":\"Quotidien La Sentinelle\"},\"image\":{\"@id\":\"https:\\\/\\\/lasentinelle.dz\\\/#\\\/schema\\\/logo\\\/image\\\/\"},\"sameAs\":[\"https:\\\/\\\/www.facebook.com\\\/La-Sentinelle-104059864394773\"]},{\"@type\":\"Person\",\"@id\":\"https:\\\/\\\/lasentinelle.dz\\\/#\\\/schema\\\/person\\\/d865044e22e70a75174ce8bcad3acfb3\",\"name\":\"La Sentinelle\",\"image\":{\"@type\":\"ImageObject\",\"inLanguage\":\"fr-FR\",\"@id\":\"https:\\\/\\\/secure.gravatar.com\\\/avatar\\\/57de8e5d4b15d43fb361a71fbb36338450fe67865b528a43dd10ef7c51a20392?s=96&d=mm&r=g\",\"url\":\"https:\\\/\\\/secure.gravatar.com\\\/avatar\\\/57de8e5d4b15d43fb361a71fbb36338450fe67865b528a43dd10ef7c51a20392?s=96&d=mm&r=g\",\"contentUrl\":\"https:\\\/\\\/secure.gravatar.com\\\/avatar\\\/57de8e5d4b15d43fb361a71fbb36338450fe67865b528a43dd10ef7c51a20392?s=96&d=mm&r=g\",\"caption\":\"La Sentinelle\"},\"sameAs\":[\"http:\\\/\\\/www.lasentinelle.dz\"],\"url\":\"https:\\\/\\\/lasentinelle.dz\\\/author\\\/redaction\\\/\"}]}<\/script>\n<!-- \/ Yoast SEO plugin. -->","yoast_head_json":{"title":"Douanes: Pr\u00e8s d&rsquo;un kilo et demi de kif saisi\u00a0\u00e0 T\u00e9bessa - La Sentinelle","robots":{"index":"index","follow":"follow","max-snippet":"max-snippet:-1","max-image-preview":"max-image-preview:large","max-video-preview":"max-video-preview:-1"},"canonical":"https:\/\/lasentinelle.dz\/index.php\/2024\/07\/22\/douanes-pres-dun-kilo-et-demi-de-kif-saisi-a-tebessa\/","og_locale":"fr_FR","og_type":"article","og_title":"Douanes: Pr\u00e8s d&rsquo;un kilo et demi de kif saisi\u00a0\u00e0 T\u00e9bessa - La Sentinelle","og_description":"Les services des douanes ont, lors des op\u00e9rations de contr\u00f4les \u00e0 Bir El-Ater, dans la wilaya de T\u00e9bessa, saisi 1477","og_url":"https:\/\/lasentinelle.dz\/index.php\/2024\/07\/22\/douanes-pres-dun-kilo-et-demi-de-kif-saisi-a-tebessa\/","og_site_name":"La Sentinelle","article_publisher":"https:\/\/www.facebook.com\/La-Sentinelle-104059864394773","article_published_time":"2024-07-22T19:35:14+00:00","article_modified_time":"2024-07-22T19:35:15+00:00","og_image":[{"width":512,"height":366,"url":"https:\/\/lasentinelle.dz\/wp-content\/uploads\/2021\/02\/kif.jpg","type":"image\/jpeg"}],"author":"La Sentinelle","twitter_card":"summary_large_image","twitter_misc":{"\u00c9crit par":"La Sentinelle","Dur\u00e9e de lecture estim\u00e9e":"1 minute"},"schema":{"@context":"https:\/\/schema.org","@graph":[{"@type":"Article","@id":"https:\/\/lasentinelle.dz\/index.php\/2024\/07\/22\/douanes-pres-dun-kilo-et-demi-de-kif-saisi-a-tebessa\/#article","isPartOf":{"@id":"https:\/\/lasentinelle.dz\/index.php\/2024\/07\/22\/douanes-pres-dun-kilo-et-demi-de-kif-saisi-a-tebessa\/"},"author":{"name":"La Sentinelle","@id":"https:\/\/lasentinelle.dz\/#\/schema\/person\/d865044e22e70a75174ce8bcad3acfb3"},"headline":"Douanes: Pr\u00e8s d&rsquo;un kilo et demi de kif saisi\u00a0\u00e0 T\u00e9bessa","datePublished":"2024-07-22T19:35:14+00:00","dateModified":"2024-07-22T19:35:15+00:00","mainEntityOfPage":{"@id":"https:\/\/lasentinelle.dz\/index.php\/2024\/07\/22\/douanes-pres-dun-kilo-et-demi-de-kif-saisi-a-tebessa\/"},"wordCount":283,"commentCount":0,"publisher":{"@id":"https:\/\/lasentinelle.dz\/#organization"},"image":{"@id":"https:\/\/lasentinelle.dz\/index.php\/2024\/07\/22\/douanes-pres-dun-kilo-et-demi-de-kif-saisi-a-tebessa\/#primaryimage"},"thumbnailUrl":"https:\/\/lasentinelle.dz\/wp-content\/uploads\/2021\/02\/kif.jpg","articleSection":["R\u00e9gions"],"inLanguage":"fr-FR","potentialAction":[{"@type":"CommentAction","name":"Comment","target":["https:\/\/lasentinelle.dz\/index.php\/2024\/07\/22\/douanes-pres-dun-kilo-et-demi-de-kif-saisi-a-tebessa\/#respond"]}]},{"@type":"WebPage","@id":"https:\/\/lasentinelle.dz\/index.php\/2024\/07\/22\/douanes-pres-dun-kilo-et-demi-de-kif-saisi-a-tebessa\/","url":"https:\/\/lasentinelle.dz\/index.php\/2024\/07\/22\/douanes-pres-dun-kilo-et-demi-de-kif-saisi-a-tebessa\/","name":"Douanes: Pr\u00e8s d&rsquo;un kilo et demi de kif saisi\u00a0\u00e0 T\u00e9bessa - La Sentinelle","isPartOf":{"@id":"https:\/\/lasentinelle.dz\/#website"},"primaryImageOfPage":{"@id":"https:\/\/lasentinelle.dz\/index.php\/2024\/07\/22\/douanes-pres-dun-kilo-et-demi-de-kif-saisi-a-tebessa\/#primaryimage"},"image":{"@id":"https:\/\/lasentinelle.dz\/index.php\/2024\/07\/22\/douanes-pres-dun-kilo-et-demi-de-kif-saisi-a-tebessa\/#primaryimage"},"thumbnailUrl":"https:\/\/lasentinelle.dz\/wp-content\/uploads\/2021\/02\/kif.jpg","datePublished":"2024-07-22T19:35:14+00:00","dateModified":"2024-07-22T19:35:15+00:00","breadcrumb":{"@id":"https:\/\/lasentinelle.dz\/index.php\/2024\/07\/22\/douanes-pres-dun-kilo-et-demi-de-kif-saisi-a-tebessa\/#breadcrumb"},"inLanguage":"fr-FR","potentialAction":[{"@type":"ReadAction","target":["https:\/\/lasentinelle.dz\/index.php\/2024\/07\/22\/douanes-pres-dun-kilo-et-demi-de-kif-saisi-a-tebessa\/"]}]},{"@type":"ImageObject","inLanguage":"fr-FR","@id":"https:\/\/lasentinelle.dz\/index.php\/2024\/07\/22\/douanes-pres-dun-kilo-et-demi-de-kif-saisi-a-tebessa\/#primaryimage","url":"https:\/\/lasentinelle.dz\/wp-content\/uploads\/2021\/02\/kif.jpg","contentUrl":"https:\/\/lasentinelle.dz\/wp-content\/uploads\/2021\/02\/kif.jpg","width":512,"height":366},{"@type":"BreadcrumbList","@id":"https:\/\/lasentinelle.dz\/index.php\/2024\/07\/22\/douanes-pres-dun-kilo-et-demi-de-kif-saisi-a-tebessa\/#breadcrumb","itemListElement":[{"@type":"ListItem","position":1,"name":"Accueil","item":"https:\/\/lasentinelle.dz\/"},{"@type":"ListItem","position":2,"name":"Douanes: Pr\u00e8s d&rsquo;un kilo et demi de kif saisi\u00a0\u00e0 T\u00e9bessa"}]},{"@type":"WebSite","@id":"https:\/\/lasentinelle.dz\/#website","url":"https:\/\/lasentinelle.dz\/","name":"La Sentinelle","description":"Quotidien national d&#039;information","publisher":{"@id":"https:\/\/lasentinelle.dz\/#organization"},"potentialAction":[{"@type":"SearchAction","target":{"@type":"EntryPoint","urlTemplate":"https:\/\/lasentinelle.dz\/?s={search_term_string}"},"query-input":{"@type":"PropertyValueSpecification","valueRequired":true,"valueName":"search_term_string"}}],"inLanguage":"fr-FR"},{"@type":"Organization","@id":"https:\/\/lasentinelle.dz\/#organization","name":"Quotidien La Sentinelle","url":"https:\/\/lasentinelle.dz\/","logo":{"@type":"ImageObject","inLanguage":"fr-FR","@id":"https:\/\/lasentinelle.dz\/#\/schema\/logo\/image\/","url":"https:\/\/lasentinelle.dz\/wp-content\/uploads\/2021\/09\/logo-sentinelleSLOGAN-1.png","contentUrl":"https:\/\/lasentinelle.dz\/wp-content\/uploads\/2021\/09\/logo-sentinelleSLOGAN-1.png","width":615,"height":142,"caption":"Quotidien La Sentinelle"},"image":{"@id":"https:\/\/lasentinelle.dz\/#\/schema\/logo\/image\/"},"sameAs":["https:\/\/www.facebook.com\/La-Sentinelle-104059864394773"]},{"@type":"Person","@id":"https:\/\/lasentinelle.dz\/#\/schema\/person\/d865044e22e70a75174ce8bcad3acfb3","name":"La Sentinelle","image":{"@type":"ImageObject","inLanguage":"fr-FR","@id":"https:\/\/secure.gravatar.com\/avatar\/57de8e5d4b15d43fb361a71fbb36338450fe67865b528a43dd10ef7c51a20392?s=96&d=mm&r=g","url":"https:\/\/secure.gravatar.com\/avatar\/57de8e5d4b15d43fb361a71fbb36338450fe67865b528a43dd10ef7c51a20392?s=96&d=mm&r=g","contentUrl":"https:\/\/secure.gravatar.com\/avatar\/57de8e5d4b15d43fb361a71fbb36338450fe67865b528a43dd10ef7c51a20392?s=96&d=mm&r=g","caption":"La Sentinelle"},"sameAs":["http:\/\/www.lasentinelle.dz"],"url":"https:\/\/lasentinelle.dz\/author\/redaction\/"}]}},"_links":{"self":[{"href":"https:\/\/lasentinelle.dz\/index.php\/wp-json\/wp\/v2\/posts\/54737","targetHints":{"allow":["GET"]}}],"collection":[{"href":"https:\/\/lasentinelle.dz\/index.php\/wp-json\/wp\/v2\/posts"}],"about":[{"href":"https:\/\/lasentinelle.dz\/index.php\/wp-json\/wp\/v2\/types\/post"}],"author":[{"embeddable":true,"href":"https:\/\/lasentinelle.dz\/index.php\/wp-json\/wp\/v2\/users\/3"}],"replies":[{"embeddable":true,"href":"https:\/\/lasentinelle.dz\/index.php\/wp-json\/wp\/v2\/comments?post=54737"}],"version-history":[{"count":2,"href":"https:\/\/lasentinelle.dz\/index.php\/wp-json\/wp\/v2\/posts\/54737\/revisions"}],"predecessor-version":[{"id":54739,"href":"https:\/\/lasentinelle.dz\/index.php\/wp-json\/wp\/v2\/posts\/54737\/revisions\/54739"}],"wp:featuredmedia":[{"embeddable":true,"href":"https:\/\/lasentinelle.dz\/index.php\/wp-json\/wp\/v2\/media\/660"}],"wp:attachment":[{"href":"https:\/\/lasentinelle.dz\/index.php\/wp-json\/wp\/v2\/media?parent=54737"}],"wp:term":[{"taxonomy":"category","embeddable":true,"href":"https:\/\/lasentinelle.dz\/index.php\/wp-json\/wp\/v2\/categories?post=54737"},{"taxonomy":"post_tag","embeddable":true,"href":"https:\/\/lasentinelle.dz\/index.php\/wp-json\/wp\/v2\/tags?post=54737"}],"curies":[{"name":"wp","href":"https:\/\/api.w.org\/{rel}","templated":true}]}}