{"id":54743,"date":"2024-07-22T20:41:42","date_gmt":"2024-07-22T19:41:42","guid":{"rendered":"https:\/\/lasentinelle.dz\/?p=54743"},"modified":"2024-07-22T20:50:08","modified_gmt":"2024-07-22T19:50:08","slug":"station-de-dessalement-deau-de-mer-del-tarf-arrivee-des-premieres-canalisations-au-port-dannaba","status":"publish","type":"post","link":"https:\/\/lasentinelle.dz\/index.php\/2024\/07\/22\/station-de-dessalement-deau-de-mer-del-tarf-arrivee-des-premieres-canalisations-au-port-dannaba\/","title":{"rendered":"Station de dessalement\u00a0d&rsquo;eau de mer\u00a0d\u2019El Tarf:\u00a0Arriv\u00e9e des premi\u00e8res canalisations au port d\u2019Annaba"},"content":{"rendered":"\n<p>Une premi\u00e8re cargaison de canalisation de traction en provenance de la Norv\u00e8ge est arriv\u00e9e hier au port d\u2019Annaba, a indiqu\u00e9 la wilaya d\u2019Annaba sur son compte officiel Facebook.&nbsp;<\/p>\n\n\n\n<p>Le wali d\u2019Annaba, Abdelkader Djellaoui, pr\u00e9cise la m\u00eame source, s\u2019est rendu \u00e0 l\u2019\u00e9tablissement portuaire o\u00f9, il a inspect\u00e9 la cargaison avant son acheminement vers le chantier de r\u00e9alisation de la station de dessalement d\u2019eau de mer de Koudiet Eddraouch, dans la commune de Berrihane wilaya d\u2019El Tarf. Cette premi\u00e8re livraison comprend des canalisations de traction d\u2019un diam\u00e8tre de 2500 mm et d\u2019une longueur de 3000 m\u00e8tres, a pr\u00e9cis\u00e9 la m\u00eame source. Sur place le chef de l\u2019ex\u00e9cutif&nbsp;local&nbsp;a manifest\u00e9 sa satisfaction quant au professionnalisme des responsables du port et&nbsp;des travailleurs, lors du traitement de la cargaison et surtout les facilit\u00e9s apport\u00e9es quant \u00e0 l&rsquo;exploitation du poste d&rsquo;amarrage n\u00b013 du port, est-il indiqu\u00e9. En outre, ce premier arrivage de canalisations de traction traduit le taux d\u2019avancement des travaux du projet et la capacit\u00e9 des parties prenantes \u00e0 surmonter les d\u00e9fis logistiques complexes. La coordination \u00e9troite entre les diff\u00e9rentes entit\u00e9s et la gestion rigoureuse des ressources et des d\u00e9lais ont \u00e9t\u00e9 d\u00e9terminantes pour assurer l\u2019arriv\u00e9e de cette cargaison. Ces \u00e9quipements d\u2019acheminement de l\u2019eau de mer constituent un progr\u00e8s essentiel pour la mise en service de la station de dessalement \u00e0 Koudiet Eddraouche, pr\u00e9vue fin d\u00e9cembre 2024, avec une mise en service en 2025. En attendant, on rappelle que ce projet s\u2019inscrit dans le cadre du plan de d\u00e9veloppement initi\u00e9 par le pr\u00e9sident de la R\u00e9publique, Abdelmadjid Tebboune, pour la p\u00e9riode 2022\/2024 dont l\u2019objectif est la r\u00e9alisation de plusieurs stations de dessalement de l\u2019eau de mer en vue de r\u00e9pondre aux besoins des citoyens en eau potable. Confi\u00e9e \u00e0 l&rsquo;Entreprise nationale de r\u00e9alisation des canalisations et \u00e0 la Soci\u00e9t\u00e9 alg\u00e9rienne de r\u00e9alisation des projets industriels, filiale du groupe Sonatrach, cette station relevant des projets strat\u00e9giques, devant permettre l&rsquo;am\u00e9lioration de l\u2019approvisionnement en eau des wilayas d&rsquo;El Tarf, Guelma, Annaba et Souk Ahras et Oum El Bouaghi. D\u2019une capacit\u00e9 de traitement de 300.000 m3\/j, les travaux de r\u00e9alisation de cette station ont d\u00e9marr\u00e9 en juin 2022 au titre du programme compl\u00e9mentaire du plan d\u2019urgence d\u00e9cid\u00e9 par le pr\u00e9sident de la R\u00e9publique, M. Abdelmadjid Tebboune, pour consolider la s\u00e9curit\u00e9 hydrique de l\u2019Alg\u00e9rie avec un d\u00e9lai de r\u00e9alisation de 28 mois, rappelle-on encore. En plus de&nbsp;l&rsquo;objectif defournir une eau potable de haute qualit\u00e9, la r\u00e9alisation de cet important projet va par ailleurs g\u00e9n\u00e9rer plus de 1 000 emplois directs et indirects, en plus de son impact socio-\u00e9conomique pour cette wilaya c\u00f4ti\u00e8re.<\/p>\n\n\n\n<p><strong>Sofia Chahine&nbsp;<\/strong><\/p>\n","protected":false},"excerpt":{"rendered":"<p>Une premi\u00e8re cargaison de canalisation de traction en provenance de la Norv\u00e8ge est arriv\u00e9e hier au port d\u2019Annaba, a indiqu\u00e9<\/p>\n","protected":false},"author":2,"featured_media":54744,"comment_status":"open","ping_status":"closed","sticky":false,"template":"","format":"standard","meta":{"colormag_page_container_layout":"default_layout","colormag_page_sidebar_layout":"default_layout","om_disable_all_campaigns":false,"_monsterinsights_skip_tracking":false,"_monsterinsights_sitenote_active":false,"_monsterinsights_sitenote_note":"","_monsterinsights_sitenote_category":0,"footnotes":"","_wpscppro_dont_share_socialmedia":false,"_wpscppro_custom_social_share_image":0,"_facebook_share_type":"default","_twitter_share_type":"default","_linkedin_share_type":"default","_pinterest_share_type":"default","_linkedin_share_type_page":"","_instagram_share_type":"default","_medium_share_type":"","_threads_share_type":"","_google_business_share_type":"","_selected_social_profile":[],"_wpsp_enable_custom_social_template":false,"_wpsp_social_scheduling":{"enabled":false,"datetime":null,"platforms":[],"status":"template_only","dateOption":"today","timeOption":"now","customDays":"","customHours":"","customDate":"","customTime":"","schedulingType":"absolute"},"_wpsp_active_default_template":true},"categories":[31],"tags":[],"class_list":["post-54743","post","type-post","status-publish","format-standard","has-post-thumbnail","hentry","category-regions"],"aioseo_notices":[],"yoast_head":"<!-- This site is optimized with the Yoast SEO plugin v27.5 - https:\/\/yoast.com\/product\/yoast-seo-wordpress\/ -->\n<title>Station de dessalement\u00a0d&rsquo;eau de mer\u00a0d\u2019El Tarf:\u00a0Arriv\u00e9e des premi\u00e8res canalisations au port d\u2019Annaba - La Sentinelle<\/title>\n<meta name=\"robots\" content=\"index, follow, max-snippet:-1, max-image-preview:large, max-video-preview:-1\" \/>\n<link rel=\"canonical\" href=\"https:\/\/lasentinelle.dz\/index.php\/2024\/07\/22\/station-de-dessalement-deau-de-mer-del-tarf-arrivee-des-premieres-canalisations-au-port-dannaba\/\" \/>\n<meta property=\"og:locale\" content=\"fr_FR\" \/>\n<meta property=\"og:type\" content=\"article\" \/>\n<meta property=\"og:title\" content=\"Station de dessalement\u00a0d&rsquo;eau de mer\u00a0d\u2019El Tarf:\u00a0Arriv\u00e9e des premi\u00e8res canalisations au port d\u2019Annaba - La Sentinelle\" \/>\n<meta property=\"og:description\" content=\"Une premi\u00e8re cargaison de canalisation de traction en provenance de la Norv\u00e8ge est arriv\u00e9e hier au port d\u2019Annaba, a indiqu\u00e9\" \/>\n<meta property=\"og:url\" content=\"https:\/\/lasentinelle.dz\/index.php\/2024\/07\/22\/station-de-dessalement-deau-de-mer-del-tarf-arrivee-des-premieres-canalisations-au-port-dannaba\/\" \/>\n<meta property=\"og:site_name\" content=\"La Sentinelle\" \/>\n<meta property=\"article:publisher\" content=\"https:\/\/www.facebook.com\/La-Sentinelle-104059864394773\" \/>\n<meta property=\"article:published_time\" content=\"2024-07-22T19:41:42+00:00\" \/>\n<meta property=\"article:modified_time\" content=\"2024-07-22T19:50:08+00:00\" \/>\n<meta property=\"og:image\" content=\"https:\/\/lasentinelle.dz\/wp-content\/uploads\/2024\/07\/station.jpg\" \/>\n\t<meta property=\"og:image:width\" content=\"700\" \/>\n\t<meta property=\"og:image:height\" content=\"466\" \/>\n\t<meta property=\"og:image:type\" content=\"image\/jpeg\" \/>\n<meta name=\"author\" content=\"Azzedine Belferag\" \/>\n<meta name=\"twitter:card\" content=\"summary_large_image\" \/>\n<meta name=\"twitter:label1\" content=\"\u00c9crit par\" \/>\n\t<meta name=\"twitter:data1\" content=\"Azzedine Belferag\" \/>\n\t<meta name=\"twitter:label2\" content=\"Dur\u00e9e de lecture estim\u00e9e\" \/>\n\t<meta name=\"twitter:data2\" content=\"2 minutes\" \/>\n<script type=\"application\/ld+json\" class=\"yoast-schema-graph\">{\"@context\":\"https:\\\/\\\/schema.org\",\"@graph\":[{\"@type\":\"Article\",\"@id\":\"https:\\\/\\\/lasentinelle.dz\\\/index.php\\\/2024\\\/07\\\/22\\\/station-de-dessalement-deau-de-mer-del-tarf-arrivee-des-premieres-canalisations-au-port-dannaba\\\/#article\",\"isPartOf\":{\"@id\":\"https:\\\/\\\/lasentinelle.dz\\\/index.php\\\/2024\\\/07\\\/22\\\/station-de-dessalement-deau-de-mer-del-tarf-arrivee-des-premieres-canalisations-au-port-dannaba\\\/\"},\"author\":{\"name\":\"Azzedine Belferag\",\"@id\":\"https:\\\/\\\/lasentinelle.dz\\\/#\\\/schema\\\/person\\\/e22c868643946ece5f328ac9d185b29f\"},\"headline\":\"Station de dessalement\u00a0d&rsquo;eau de mer\u00a0d\u2019El Tarf:\u00a0Arriv\u00e9e des premi\u00e8res canalisations au port d\u2019Annaba\",\"datePublished\":\"2024-07-22T19:41:42+00:00\",\"dateModified\":\"2024-07-22T19:50:08+00:00\",\"mainEntityOfPage\":{\"@id\":\"https:\\\/\\\/lasentinelle.dz\\\/index.php\\\/2024\\\/07\\\/22\\\/station-de-dessalement-deau-de-mer-del-tarf-arrivee-des-premieres-canalisations-au-port-dannaba\\\/\"},\"wordCount\":518,\"commentCount\":0,\"publisher\":{\"@id\":\"https:\\\/\\\/lasentinelle.dz\\\/#organization\"},\"image\":{\"@id\":\"https:\\\/\\\/lasentinelle.dz\\\/index.php\\\/2024\\\/07\\\/22\\\/station-de-dessalement-deau-de-mer-del-tarf-arrivee-des-premieres-canalisations-au-port-dannaba\\\/#primaryimage\"},\"thumbnailUrl\":\"https:\\\/\\\/lasentinelle.dz\\\/wp-content\\\/uploads\\\/2024\\\/07\\\/station.jpg\",\"articleSection\":[\"R\u00e9gions\"],\"inLanguage\":\"fr-FR\",\"potentialAction\":[{\"@type\":\"CommentAction\",\"name\":\"Comment\",\"target\":[\"https:\\\/\\\/lasentinelle.dz\\\/index.php\\\/2024\\\/07\\\/22\\\/station-de-dessalement-deau-de-mer-del-tarf-arrivee-des-premieres-canalisations-au-port-dannaba\\\/#respond\"]}]},{\"@type\":\"WebPage\",\"@id\":\"https:\\\/\\\/lasentinelle.dz\\\/index.php\\\/2024\\\/07\\\/22\\\/station-de-dessalement-deau-de-mer-del-tarf-arrivee-des-premieres-canalisations-au-port-dannaba\\\/\",\"url\":\"https:\\\/\\\/lasentinelle.dz\\\/index.php\\\/2024\\\/07\\\/22\\\/station-de-dessalement-deau-de-mer-del-tarf-arrivee-des-premieres-canalisations-au-port-dannaba\\\/\",\"name\":\"Station de dessalement\u00a0d&rsquo;eau de mer\u00a0d\u2019El Tarf:\u00a0Arriv\u00e9e des premi\u00e8res canalisations au port d\u2019Annaba - La Sentinelle\",\"isPartOf\":{\"@id\":\"https:\\\/\\\/lasentinelle.dz\\\/#website\"},\"primaryImageOfPage\":{\"@id\":\"https:\\\/\\\/lasentinelle.dz\\\/index.php\\\/2024\\\/07\\\/22\\\/station-de-dessalement-deau-de-mer-del-tarf-arrivee-des-premieres-canalisations-au-port-dannaba\\\/#primaryimage\"},\"image\":{\"@id\":\"https:\\\/\\\/lasentinelle.dz\\\/index.php\\\/2024\\\/07\\\/22\\\/station-de-dessalement-deau-de-mer-del-tarf-arrivee-des-premieres-canalisations-au-port-dannaba\\\/#primaryimage\"},\"thumbnailUrl\":\"https:\\\/\\\/lasentinelle.dz\\\/wp-content\\\/uploads\\\/2024\\\/07\\\/station.jpg\",\"datePublished\":\"2024-07-22T19:41:42+00:00\",\"dateModified\":\"2024-07-22T19:50:08+00:00\",\"breadcrumb\":{\"@id\":\"https:\\\/\\\/lasentinelle.dz\\\/index.php\\\/2024\\\/07\\\/22\\\/station-de-dessalement-deau-de-mer-del-tarf-arrivee-des-premieres-canalisations-au-port-dannaba\\\/#breadcrumb\"},\"inLanguage\":\"fr-FR\",\"potentialAction\":[{\"@type\":\"ReadAction\",\"target\":[\"https:\\\/\\\/lasentinelle.dz\\\/index.php\\\/2024\\\/07\\\/22\\\/station-de-dessalement-deau-de-mer-del-tarf-arrivee-des-premieres-canalisations-au-port-dannaba\\\/\"]}]},{\"@type\":\"ImageObject\",\"inLanguage\":\"fr-FR\",\"@id\":\"https:\\\/\\\/lasentinelle.dz\\\/index.php\\\/2024\\\/07\\\/22\\\/station-de-dessalement-deau-de-mer-del-tarf-arrivee-des-premieres-canalisations-au-port-dannaba\\\/#primaryimage\",\"url\":\"https:\\\/\\\/lasentinelle.dz\\\/wp-content\\\/uploads\\\/2024\\\/07\\\/station.jpg\",\"contentUrl\":\"https:\\\/\\\/lasentinelle.dz\\\/wp-content\\\/uploads\\\/2024\\\/07\\\/station.jpg\",\"width\":700,\"height\":466},{\"@type\":\"BreadcrumbList\",\"@id\":\"https:\\\/\\\/lasentinelle.dz\\\/index.php\\\/2024\\\/07\\\/22\\\/station-de-dessalement-deau-de-mer-del-tarf-arrivee-des-premieres-canalisations-au-port-dannaba\\\/#breadcrumb\",\"itemListElement\":[{\"@type\":\"ListItem\",\"position\":1,\"name\":\"Accueil\",\"item\":\"https:\\\/\\\/lasentinelle.dz\\\/\"},{\"@type\":\"ListItem\",\"position\":2,\"name\":\"Station de dessalement\u00a0d&rsquo;eau de mer\u00a0d\u2019El Tarf:\u00a0Arriv\u00e9e des premi\u00e8res canalisations au port d\u2019Annaba\"}]},{\"@type\":\"WebSite\",\"@id\":\"https:\\\/\\\/lasentinelle.dz\\\/#website\",\"url\":\"https:\\\/\\\/lasentinelle.dz\\\/\",\"name\":\"La Sentinelle\",\"description\":\"Quotidien national d&#039;information\",\"publisher\":{\"@id\":\"https:\\\/\\\/lasentinelle.dz\\\/#organization\"},\"potentialAction\":[{\"@type\":\"SearchAction\",\"target\":{\"@type\":\"EntryPoint\",\"urlTemplate\":\"https:\\\/\\\/lasentinelle.dz\\\/?s={search_term_string}\"},\"query-input\":{\"@type\":\"PropertyValueSpecification\",\"valueRequired\":true,\"valueName\":\"search_term_string\"}}],\"inLanguage\":\"fr-FR\"},{\"@type\":\"Organization\",\"@id\":\"https:\\\/\\\/lasentinelle.dz\\\/#organization\",\"name\":\"Quotidien La Sentinelle\",\"url\":\"https:\\\/\\\/lasentinelle.dz\\\/\",\"logo\":{\"@type\":\"ImageObject\",\"inLanguage\":\"fr-FR\",\"@id\":\"https:\\\/\\\/lasentinelle.dz\\\/#\\\/schema\\\/logo\\\/image\\\/\",\"url\":\"https:\\\/\\\/lasentinelle.dz\\\/wp-content\\\/uploads\\\/2021\\\/09\\\/logo-sentinelleSLOGAN-1.png\",\"contentUrl\":\"https:\\\/\\\/lasentinelle.dz\\\/wp-content\\\/uploads\\\/2021\\\/09\\\/logo-sentinelleSLOGAN-1.png\",\"width\":615,\"height\":142,\"caption\":\"Quotidien La Sentinelle\"},\"image\":{\"@id\":\"https:\\\/\\\/lasentinelle.dz\\\/#\\\/schema\\\/logo\\\/image\\\/\"},\"sameAs\":[\"https:\\\/\\\/www.facebook.com\\\/La-Sentinelle-104059864394773\"]},{\"@type\":\"Person\",\"@id\":\"https:\\\/\\\/lasentinelle.dz\\\/#\\\/schema\\\/person\\\/e22c868643946ece5f328ac9d185b29f\",\"name\":\"Azzedine Belferag\",\"image\":{\"@type\":\"ImageObject\",\"inLanguage\":\"fr-FR\",\"@id\":\"https:\\\/\\\/secure.gravatar.com\\\/avatar\\\/767ecc3bfcf23cd6d0dae1705f124feb13a88fded1daa56498e4fb3aa3fc36a1?s=96&d=mm&r=g\",\"url\":\"https:\\\/\\\/secure.gravatar.com\\\/avatar\\\/767ecc3bfcf23cd6d0dae1705f124feb13a88fded1daa56498e4fb3aa3fc36a1?s=96&d=mm&r=g\",\"contentUrl\":\"https:\\\/\\\/secure.gravatar.com\\\/avatar\\\/767ecc3bfcf23cd6d0dae1705f124feb13a88fded1daa56498e4fb3aa3fc36a1?s=96&d=mm&r=g\",\"caption\":\"Azzedine Belferag\"},\"sameAs\":[\"http:\\\/\\\/www.lasentinelle.dz\"],\"url\":\"https:\\\/\\\/lasentinelle.dz\\\/author\\\/belferag\\\/\"}]}<\/script>\n<!-- \/ Yoast SEO plugin. -->","yoast_head_json":{"title":"Station de dessalement\u00a0d&rsquo;eau de mer\u00a0d\u2019El Tarf:\u00a0Arriv\u00e9e des premi\u00e8res canalisations au port d\u2019Annaba - La Sentinelle","robots":{"index":"index","follow":"follow","max-snippet":"max-snippet:-1","max-image-preview":"max-image-preview:large","max-video-preview":"max-video-preview:-1"},"canonical":"https:\/\/lasentinelle.dz\/index.php\/2024\/07\/22\/station-de-dessalement-deau-de-mer-del-tarf-arrivee-des-premieres-canalisations-au-port-dannaba\/","og_locale":"fr_FR","og_type":"article","og_title":"Station de dessalement\u00a0d&rsquo;eau de mer\u00a0d\u2019El Tarf:\u00a0Arriv\u00e9e des premi\u00e8res canalisations au port d\u2019Annaba - La Sentinelle","og_description":"Une premi\u00e8re cargaison de canalisation de traction en provenance de la Norv\u00e8ge est arriv\u00e9e hier au port d\u2019Annaba, a indiqu\u00e9","og_url":"https:\/\/lasentinelle.dz\/index.php\/2024\/07\/22\/station-de-dessalement-deau-de-mer-del-tarf-arrivee-des-premieres-canalisations-au-port-dannaba\/","og_site_name":"La Sentinelle","article_publisher":"https:\/\/www.facebook.com\/La-Sentinelle-104059864394773","article_published_time":"2024-07-22T19:41:42+00:00","article_modified_time":"2024-07-22T19:50:08+00:00","og_image":[{"width":700,"height":466,"url":"https:\/\/lasentinelle.dz\/wp-content\/uploads\/2024\/07\/station.jpg","type":"image\/jpeg"}],"author":"Azzedine Belferag","twitter_card":"summary_large_image","twitter_misc":{"\u00c9crit par":"Azzedine Belferag","Dur\u00e9e de lecture estim\u00e9e":"2 minutes"},"schema":{"@context":"https:\/\/schema.org","@graph":[{"@type":"Article","@id":"https:\/\/lasentinelle.dz\/index.php\/2024\/07\/22\/station-de-dessalement-deau-de-mer-del-tarf-arrivee-des-premieres-canalisations-au-port-dannaba\/#article","isPartOf":{"@id":"https:\/\/lasentinelle.dz\/index.php\/2024\/07\/22\/station-de-dessalement-deau-de-mer-del-tarf-arrivee-des-premieres-canalisations-au-port-dannaba\/"},"author":{"name":"Azzedine Belferag","@id":"https:\/\/lasentinelle.dz\/#\/schema\/person\/e22c868643946ece5f328ac9d185b29f"},"headline":"Station de dessalement\u00a0d&rsquo;eau de mer\u00a0d\u2019El Tarf:\u00a0Arriv\u00e9e des premi\u00e8res canalisations au port d\u2019Annaba","datePublished":"2024-07-22T19:41:42+00:00","dateModified":"2024-07-22T19:50:08+00:00","mainEntityOfPage":{"@id":"https:\/\/lasentinelle.dz\/index.php\/2024\/07\/22\/station-de-dessalement-deau-de-mer-del-tarf-arrivee-des-premieres-canalisations-au-port-dannaba\/"},"wordCount":518,"commentCount":0,"publisher":{"@id":"https:\/\/lasentinelle.dz\/#organization"},"image":{"@id":"https:\/\/lasentinelle.dz\/index.php\/2024\/07\/22\/station-de-dessalement-deau-de-mer-del-tarf-arrivee-des-premieres-canalisations-au-port-dannaba\/#primaryimage"},"thumbnailUrl":"https:\/\/lasentinelle.dz\/wp-content\/uploads\/2024\/07\/station.jpg","articleSection":["R\u00e9gions"],"inLanguage":"fr-FR","potentialAction":[{"@type":"CommentAction","name":"Comment","target":["https:\/\/lasentinelle.dz\/index.php\/2024\/07\/22\/station-de-dessalement-deau-de-mer-del-tarf-arrivee-des-premieres-canalisations-au-port-dannaba\/#respond"]}]},{"@type":"WebPage","@id":"https:\/\/lasentinelle.dz\/index.php\/2024\/07\/22\/station-de-dessalement-deau-de-mer-del-tarf-arrivee-des-premieres-canalisations-au-port-dannaba\/","url":"https:\/\/lasentinelle.dz\/index.php\/2024\/07\/22\/station-de-dessalement-deau-de-mer-del-tarf-arrivee-des-premieres-canalisations-au-port-dannaba\/","name":"Station de dessalement\u00a0d&rsquo;eau de mer\u00a0d\u2019El Tarf:\u00a0Arriv\u00e9e des premi\u00e8res canalisations au port d\u2019Annaba - La Sentinelle","isPartOf":{"@id":"https:\/\/lasentinelle.dz\/#website"},"primaryImageOfPage":{"@id":"https:\/\/lasentinelle.dz\/index.php\/2024\/07\/22\/station-de-dessalement-deau-de-mer-del-tarf-arrivee-des-premieres-canalisations-au-port-dannaba\/#primaryimage"},"image":{"@id":"https:\/\/lasentinelle.dz\/index.php\/2024\/07\/22\/station-de-dessalement-deau-de-mer-del-tarf-arrivee-des-premieres-canalisations-au-port-dannaba\/#primaryimage"},"thumbnailUrl":"https:\/\/lasentinelle.dz\/wp-content\/uploads\/2024\/07\/station.jpg","datePublished":"2024-07-22T19:41:42+00:00","dateModified":"2024-07-22T19:50:08+00:00","breadcrumb":{"@id":"https:\/\/lasentinelle.dz\/index.php\/2024\/07\/22\/station-de-dessalement-deau-de-mer-del-tarf-arrivee-des-premieres-canalisations-au-port-dannaba\/#breadcrumb"},"inLanguage":"fr-FR","potentialAction":[{"@type":"ReadAction","target":["https:\/\/lasentinelle.dz\/index.php\/2024\/07\/22\/station-de-dessalement-deau-de-mer-del-tarf-arrivee-des-premieres-canalisations-au-port-dannaba\/"]}]},{"@type":"ImageObject","inLanguage":"fr-FR","@id":"https:\/\/lasentinelle.dz\/index.php\/2024\/07\/22\/station-de-dessalement-deau-de-mer-del-tarf-arrivee-des-premieres-canalisations-au-port-dannaba\/#primaryimage","url":"https:\/\/lasentinelle.dz\/wp-content\/uploads\/2024\/07\/station.jpg","contentUrl":"https:\/\/lasentinelle.dz\/wp-content\/uploads\/2024\/07\/station.jpg","width":700,"height":466},{"@type":"BreadcrumbList","@id":"https:\/\/lasentinelle.dz\/index.php\/2024\/07\/22\/station-de-dessalement-deau-de-mer-del-tarf-arrivee-des-premieres-canalisations-au-port-dannaba\/#breadcrumb","itemListElement":[{"@type":"ListItem","position":1,"name":"Accueil","item":"https:\/\/lasentinelle.dz\/"},{"@type":"ListItem","position":2,"name":"Station de dessalement\u00a0d&rsquo;eau de mer\u00a0d\u2019El Tarf:\u00a0Arriv\u00e9e des premi\u00e8res canalisations au port d\u2019Annaba"}]},{"@type":"WebSite","@id":"https:\/\/lasentinelle.dz\/#website","url":"https:\/\/lasentinelle.dz\/","name":"La Sentinelle","description":"Quotidien national d&#039;information","publisher":{"@id":"https:\/\/lasentinelle.dz\/#organization"},"potentialAction":[{"@type":"SearchAction","target":{"@type":"EntryPoint","urlTemplate":"https:\/\/lasentinelle.dz\/?s={search_term_string}"},"query-input":{"@type":"PropertyValueSpecification","valueRequired":true,"valueName":"search_term_string"}}],"inLanguage":"fr-FR"},{"@type":"Organization","@id":"https:\/\/lasentinelle.dz\/#organization","name":"Quotidien La Sentinelle","url":"https:\/\/lasentinelle.dz\/","logo":{"@type":"ImageObject","inLanguage":"fr-FR","@id":"https:\/\/lasentinelle.dz\/#\/schema\/logo\/image\/","url":"https:\/\/lasentinelle.dz\/wp-content\/uploads\/2021\/09\/logo-sentinelleSLOGAN-1.png","contentUrl":"https:\/\/lasentinelle.dz\/wp-content\/uploads\/2021\/09\/logo-sentinelleSLOGAN-1.png","width":615,"height":142,"caption":"Quotidien La Sentinelle"},"image":{"@id":"https:\/\/lasentinelle.dz\/#\/schema\/logo\/image\/"},"sameAs":["https:\/\/www.facebook.com\/La-Sentinelle-104059864394773"]},{"@type":"Person","@id":"https:\/\/lasentinelle.dz\/#\/schema\/person\/e22c868643946ece5f328ac9d185b29f","name":"Azzedine Belferag","image":{"@type":"ImageObject","inLanguage":"fr-FR","@id":"https:\/\/secure.gravatar.com\/avatar\/767ecc3bfcf23cd6d0dae1705f124feb13a88fded1daa56498e4fb3aa3fc36a1?s=96&d=mm&r=g","url":"https:\/\/secure.gravatar.com\/avatar\/767ecc3bfcf23cd6d0dae1705f124feb13a88fded1daa56498e4fb3aa3fc36a1?s=96&d=mm&r=g","contentUrl":"https:\/\/secure.gravatar.com\/avatar\/767ecc3bfcf23cd6d0dae1705f124feb13a88fded1daa56498e4fb3aa3fc36a1?s=96&d=mm&r=g","caption":"Azzedine Belferag"},"sameAs":["http:\/\/www.lasentinelle.dz"],"url":"https:\/\/lasentinelle.dz\/author\/belferag\/"}]}},"_links":{"self":[{"href":"https:\/\/lasentinelle.dz\/index.php\/wp-json\/wp\/v2\/posts\/54743","targetHints":{"allow":["GET"]}}],"collection":[{"href":"https:\/\/lasentinelle.dz\/index.php\/wp-json\/wp\/v2\/posts"}],"about":[{"href":"https:\/\/lasentinelle.dz\/index.php\/wp-json\/wp\/v2\/types\/post"}],"author":[{"embeddable":true,"href":"https:\/\/lasentinelle.dz\/index.php\/wp-json\/wp\/v2\/users\/2"}],"replies":[{"embeddable":true,"href":"https:\/\/lasentinelle.dz\/index.php\/wp-json\/wp\/v2\/comments?post=54743"}],"version-history":[{"count":2,"href":"https:\/\/lasentinelle.dz\/index.php\/wp-json\/wp\/v2\/posts\/54743\/revisions"}],"predecessor-version":[{"id":54746,"href":"https:\/\/lasentinelle.dz\/index.php\/wp-json\/wp\/v2\/posts\/54743\/revisions\/54746"}],"wp:featuredmedia":[{"embeddable":true,"href":"https:\/\/lasentinelle.dz\/index.php\/wp-json\/wp\/v2\/media\/54744"}],"wp:attachment":[{"href":"https:\/\/lasentinelle.dz\/index.php\/wp-json\/wp\/v2\/media?parent=54743"}],"wp:term":[{"taxonomy":"category","embeddable":true,"href":"https:\/\/lasentinelle.dz\/index.php\/wp-json\/wp\/v2\/categories?post=54743"},{"taxonomy":"post_tag","embeddable":true,"href":"https:\/\/lasentinelle.dz\/index.php\/wp-json\/wp\/v2\/tags?post=54743"}],"curies":[{"name":"wp","href":"https:\/\/api.w.org\/{rel}","templated":true}]}}