{"id":54773,"date":"2024-07-23T15:21:23","date_gmt":"2024-07-23T14:21:23","guid":{"rendered":"https:\/\/lasentinelle.dz\/?p=54773"},"modified":"2024-07-23T15:21:24","modified_gmt":"2024-07-23T14:21:24","slug":"tebboune-plaide-pour-des-solutions-africaines-au-problemes-du-continent","status":"publish","type":"post","link":"https:\/\/lasentinelle.dz\/index.php\/2024\/07\/23\/tebboune-plaide-pour-des-solutions-africaines-au-problemes-du-continent\/","title":{"rendered":"Tebboune plaide pour des solutions africaines au probl\u00e8mes du continent"},"content":{"rendered":"\n<p>Lors de la 6e R\u00e9union semestrielle de l&rsquo;Union africaine (UA) \u00e0 Accra, l&rsquo;Alg\u00e9rie a r\u00e9affirm\u00e9 son engagement ferme en faveur du renforcement des capacit\u00e9s de d\u00e9fense propres \u00e0 l&rsquo;Afrique. Le pr\u00e9sident Abdelmadjid Tebboune, dont l&rsquo;allocution a \u00e9t\u00e9 lue par le Premier ministre Nadir Larbaoui, a plaid\u00e9 pour la cons\u00e9cration du principe de \u00ab\u00a0solutions africaines aux probl\u00e8mes africains\u00a0\u00bb.Ce principe, \u00e9tabli par les p\u00e8res fondateurs de l&rsquo;organisation continentale, a \u00e9t\u00e9 et demeure un objectif strat\u00e9gique n\u00e9cessitant le renforcement de l&rsquo;architecture continentale de paix et de s\u00e9curit\u00e9\u00a0\u00bb \u00e0 travers \u00ab\u00a0le parach\u00e8vement de l&rsquo;activation de tous ses m\u00e9canismes de pr\u00e9vention et de r\u00e8glement des conflits, en particulier la Force africaine en attente (FAA), en vue de s&rsquo;en servir, id\u00e9alement, face aux d\u00e9fis actuels\u00a0\u00bb, soutient le pr\u00e9sident de la R\u00e9publique Au c\u0153ur de cette vision, l&rsquo;Alg\u00e9rie met en avant ses efforts pour l&rsquo;op\u00e9rationnalisation de la Capacit\u00e9 r\u00e9gionale de l&rsquo;Afrique du Nord (NARC), un \u00e9l\u00e9ment cl\u00e9 de la Force africaine en attente (FAA). Le pr\u00e9sident Tebboune, \u00e9galement pr\u00e9sident en exercice de la NARC, a salu\u00e9 l&rsquo;annonce de la Commission de l&rsquo;UA confirmant la pleine disponibilit\u00e9 de ce m\u00e9canisme. Cette avanc\u00e9e fait suite \u00e0 une s\u00e9rie d&rsquo;inspections ayant valid\u00e9 les capacit\u00e9s militaires, civiles et logistiques de la NARC, la rendant apte \u00e0 participer aux op\u00e9rations de maintien de la paix sur le continent. L&rsquo;Alg\u00e9rie pousse \u00e9galement pour la consolidation des acquis et le renforcement des r\u00e9sultats obtenus. Le pr\u00e9sident de la R\u00e9publique a \u00e9galement mis l&rsquo;accent sur \u00ab\u00a0l&rsquo;importance de consolider les acquis r\u00e9alis\u00e9s et de renforcer les r\u00e9sultats obtenus, tout en poursuivant les pr\u00e9paratifs de l&rsquo;exercice de simulation d&rsquo;une op\u00e9ration de d\u00e9ploiement d&rsquo;une mission de soutien \u00e0 la paix, pr\u00e9vu fin 2024, dans l&rsquo;ambition de maintenir un haut niveau de pr\u00e9paration et d&rsquo;assurer une r\u00e9ponse rapide et efficace aux situations imp\u00e9rieuses et urgentes\u00a0\u00bb. Cette d\u00e9marche s&rsquo;inscrit dans une volont\u00e9 plus large de renforcer l&rsquo;architecture continentale de paix et de s\u00e9curit\u00e9. Le pr\u00e9sident Tebboune a soulign\u00e9 l&rsquo;importance de parachever l&rsquo;activation de tous les m\u00e9canismes de pr\u00e9vention et de r\u00e8glement des conflits, en particulier la FAA, pour faire face aux d\u00e9fis actuels du continent.<\/p>\n\n\n\n<p>Par ailleurs, l&rsquo;Alg\u00e9rie, en tant que membre non-permanent du Conseil de s\u00e9curit\u00e9 de l&rsquo;ONU, s&rsquo;engage \u00e0 d\u00e9fendre les int\u00e9r\u00eats du continent africain sur la sc\u00e8ne internationale. Le pr\u00e9sident Tebboune a r\u00e9it\u00e9r\u00e9 sa d\u00e9termination \u00e0 faire entendre la voix de l&rsquo;Afrique et \u00e0 mobiliser le soutien aux efforts conjoints des pays membres. L&rsquo;objectif est de permettre au continent de jouer pleinement son r\u00f4le dans la pr\u00e9servation de la paix et de la s\u00e9curit\u00e9, conform\u00e9ment \u00e0 la Charte des Nations Unies, tout en \u0153uvrant pour corriger la sous-repr\u00e9sentation de l&rsquo;Afrique au sein du Conseil de s\u00e9curit\u00e9. Le Pr\u00e9sident de la R\u00e9publique a soulign\u00e9 que \u00ab\u00a0l&rsquo;engagement de l&rsquo;Alg\u00e9rie intervient dans un contexte international instable marqu\u00e9 par l&rsquo;impuissance de la communaut\u00e9 internationale d&rsquo;assumer ses responsabilit\u00e9s, pour instaurer la paix et la s\u00e9curit\u00e9 internationales\u00a0\u00bb, rappelant \u00ab\u00a0le g\u00e9nocide barbare perp\u00e9tr\u00e9 par les forces de l&rsquo;occupation contre le peuple palestinien sans d\u00e9fense\u00a0\u00bb. Dans le m\u00eame sillage, le Pr\u00e9sident de la R\u00e9publique a r\u00e9it\u00e9r\u00e9 la solidarit\u00e9 immuable de l&rsquo;Alg\u00e9rie et son soutien ind\u00e9fectible au peuple palestinien jusqu&rsquo;au recouvrement de tous ses droits l\u00e9gitimes, en t\u00eate desquels l&rsquo;\u00e9tablissement de son Etat ind\u00e9pendant avec pour capitale Al-Qods.&nbsp; Notons que la r\u00e9union de l&rsquo;UA a approuv\u00e9 les recommandations du pr\u00e9sident Tebboune concernant l&rsquo;activation de la NARC, soulignant ainsi le r\u00f4le central de l&rsquo;Alg\u00e9rie dans la promotion de l&rsquo;autonomie d\u00e9fensive africaine. Ces efforts visent non seulement \u00e0 renforcer la stabilit\u00e9 du continent, mais aussi \u00e0 r\u00e9duire les interventions et influences \u00e9trang\u00e8res, affirmant ainsi la volont\u00e9 de l&rsquo;Afrique de prendre en main son propre destin en mati\u00e8re de paix et de s\u00e9curit\u00e9.<\/p>\n\n\n\n<p>Hocine Fadheli<\/p>\n","protected":false},"excerpt":{"rendered":"<p>Lors de la 6e R\u00e9union semestrielle de l&rsquo;Union africaine (UA) \u00e0 Accra, l&rsquo;Alg\u00e9rie a r\u00e9affirm\u00e9 son engagement ferme en faveur<\/p>\n","protected":false},"author":3,"featured_media":54774,"comment_status":"open","ping_status":"closed","sticky":false,"template":"","format":"standard","meta":{"colormag_page_container_layout":"default_layout","colormag_page_sidebar_layout":"default_layout","om_disable_all_campaigns":false,"_monsterinsights_skip_tracking":false,"_monsterinsights_sitenote_active":false,"_monsterinsights_sitenote_note":"","_monsterinsights_sitenote_category":0,"footnotes":"","_wpscppro_dont_share_socialmedia":false,"_wpscppro_custom_social_share_image":0,"_facebook_share_type":"default","_twitter_share_type":"default","_linkedin_share_type":"default","_pinterest_share_type":"default","_linkedin_share_type_page":"","_instagram_share_type":"default","_medium_share_type":"","_threads_share_type":"","_google_business_share_type":"","_selected_social_profile":[],"_wpsp_enable_custom_social_template":false,"_wpsp_social_scheduling":{"enabled":false,"datetime":null,"platforms":[],"status":"template_only","dateOption":"today","timeOption":"now","customDays":"","customHours":"","customDate":"","customTime":"","schedulingType":"absolute"},"_wpsp_active_default_template":true},"categories":[52,27],"tags":[],"class_list":["post-54773","post","type-post","status-publish","format-standard","has-post-thumbnail","hentry","category-a-la-une","category-actualite"],"aioseo_notices":[],"yoast_head":"<!-- This site is optimized with the Yoast SEO plugin v27.5 - https:\/\/yoast.com\/product\/yoast-seo-wordpress\/ -->\n<title>Tebboune plaide pour des solutions africaines au probl\u00e8mes du continent - La Sentinelle<\/title>\n<meta name=\"robots\" content=\"index, follow, max-snippet:-1, max-image-preview:large, max-video-preview:-1\" \/>\n<link rel=\"canonical\" href=\"https:\/\/lasentinelle.dz\/index.php\/2024\/07\/23\/tebboune-plaide-pour-des-solutions-africaines-au-problemes-du-continent\/\" \/>\n<meta property=\"og:locale\" content=\"fr_FR\" \/>\n<meta property=\"og:type\" content=\"article\" \/>\n<meta property=\"og:title\" content=\"Tebboune plaide pour des solutions africaines au probl\u00e8mes du continent - La Sentinelle\" \/>\n<meta property=\"og:description\" content=\"Lors de la 6e R\u00e9union semestrielle de l&rsquo;Union africaine (UA) \u00e0 Accra, l&rsquo;Alg\u00e9rie a r\u00e9affirm\u00e9 son engagement ferme en faveur\" \/>\n<meta property=\"og:url\" content=\"https:\/\/lasentinelle.dz\/index.php\/2024\/07\/23\/tebboune-plaide-pour-des-solutions-africaines-au-problemes-du-continent\/\" \/>\n<meta property=\"og:site_name\" content=\"La Sentinelle\" \/>\n<meta property=\"article:publisher\" content=\"https:\/\/www.facebook.com\/La-Sentinelle-104059864394773\" \/>\n<meta property=\"article:published_time\" content=\"2024-07-23T14:21:23+00:00\" \/>\n<meta property=\"article:modified_time\" content=\"2024-07-23T14:21:24+00:00\" \/>\n<meta property=\"og:image\" content=\"https:\/\/lasentinelle.dz\/wp-content\/uploads\/2024\/07\/Tebboune-1.jpeg\" \/>\n\t<meta property=\"og:image:width\" content=\"1280\" \/>\n\t<meta property=\"og:image:height\" content=\"853\" \/>\n\t<meta property=\"og:image:type\" content=\"image\/jpeg\" \/>\n<meta name=\"author\" content=\"La Sentinelle\" \/>\n<meta name=\"twitter:card\" content=\"summary_large_image\" \/>\n<meta name=\"twitter:label1\" content=\"\u00c9crit par\" \/>\n\t<meta name=\"twitter:data1\" content=\"La Sentinelle\" \/>\n\t<meta name=\"twitter:label2\" content=\"Dur\u00e9e de lecture estim\u00e9e\" \/>\n\t<meta name=\"twitter:data2\" content=\"4 minutes\" \/>\n<script type=\"application\/ld+json\" class=\"yoast-schema-graph\">{\"@context\":\"https:\\\/\\\/schema.org\",\"@graph\":[{\"@type\":\"Article\",\"@id\":\"https:\\\/\\\/lasentinelle.dz\\\/index.php\\\/2024\\\/07\\\/23\\\/tebboune-plaide-pour-des-solutions-africaines-au-problemes-du-continent\\\/#article\",\"isPartOf\":{\"@id\":\"https:\\\/\\\/lasentinelle.dz\\\/index.php\\\/2024\\\/07\\\/23\\\/tebboune-plaide-pour-des-solutions-africaines-au-problemes-du-continent\\\/\"},\"author\":{\"name\":\"La Sentinelle\",\"@id\":\"https:\\\/\\\/lasentinelle.dz\\\/#\\\/schema\\\/person\\\/d865044e22e70a75174ce8bcad3acfb3\"},\"headline\":\"Tebboune plaide pour des solutions africaines au probl\u00e8mes du continent\",\"datePublished\":\"2024-07-23T14:21:23+00:00\",\"dateModified\":\"2024-07-23T14:21:24+00:00\",\"mainEntityOfPage\":{\"@id\":\"https:\\\/\\\/lasentinelle.dz\\\/index.php\\\/2024\\\/07\\\/23\\\/tebboune-plaide-pour-des-solutions-africaines-au-problemes-du-continent\\\/\"},\"wordCount\":747,\"commentCount\":0,\"publisher\":{\"@id\":\"https:\\\/\\\/lasentinelle.dz\\\/#organization\"},\"image\":{\"@id\":\"https:\\\/\\\/lasentinelle.dz\\\/index.php\\\/2024\\\/07\\\/23\\\/tebboune-plaide-pour-des-solutions-africaines-au-problemes-du-continent\\\/#primaryimage\"},\"thumbnailUrl\":\"https:\\\/\\\/lasentinelle.dz\\\/wp-content\\\/uploads\\\/2024\\\/07\\\/Tebboune-1.jpeg\",\"articleSection\":[\"\u00c0 la Une\",\"Actualit\u00e9\"],\"inLanguage\":\"fr-FR\",\"potentialAction\":[{\"@type\":\"CommentAction\",\"name\":\"Comment\",\"target\":[\"https:\\\/\\\/lasentinelle.dz\\\/index.php\\\/2024\\\/07\\\/23\\\/tebboune-plaide-pour-des-solutions-africaines-au-problemes-du-continent\\\/#respond\"]}]},{\"@type\":\"WebPage\",\"@id\":\"https:\\\/\\\/lasentinelle.dz\\\/index.php\\\/2024\\\/07\\\/23\\\/tebboune-plaide-pour-des-solutions-africaines-au-problemes-du-continent\\\/\",\"url\":\"https:\\\/\\\/lasentinelle.dz\\\/index.php\\\/2024\\\/07\\\/23\\\/tebboune-plaide-pour-des-solutions-africaines-au-problemes-du-continent\\\/\",\"name\":\"Tebboune plaide pour des solutions africaines au probl\u00e8mes du continent - La Sentinelle\",\"isPartOf\":{\"@id\":\"https:\\\/\\\/lasentinelle.dz\\\/#website\"},\"primaryImageOfPage\":{\"@id\":\"https:\\\/\\\/lasentinelle.dz\\\/index.php\\\/2024\\\/07\\\/23\\\/tebboune-plaide-pour-des-solutions-africaines-au-problemes-du-continent\\\/#primaryimage\"},\"image\":{\"@id\":\"https:\\\/\\\/lasentinelle.dz\\\/index.php\\\/2024\\\/07\\\/23\\\/tebboune-plaide-pour-des-solutions-africaines-au-problemes-du-continent\\\/#primaryimage\"},\"thumbnailUrl\":\"https:\\\/\\\/lasentinelle.dz\\\/wp-content\\\/uploads\\\/2024\\\/07\\\/Tebboune-1.jpeg\",\"datePublished\":\"2024-07-23T14:21:23+00:00\",\"dateModified\":\"2024-07-23T14:21:24+00:00\",\"breadcrumb\":{\"@id\":\"https:\\\/\\\/lasentinelle.dz\\\/index.php\\\/2024\\\/07\\\/23\\\/tebboune-plaide-pour-des-solutions-africaines-au-problemes-du-continent\\\/#breadcrumb\"},\"inLanguage\":\"fr-FR\",\"potentialAction\":[{\"@type\":\"ReadAction\",\"target\":[\"https:\\\/\\\/lasentinelle.dz\\\/index.php\\\/2024\\\/07\\\/23\\\/tebboune-plaide-pour-des-solutions-africaines-au-problemes-du-continent\\\/\"]}]},{\"@type\":\"ImageObject\",\"inLanguage\":\"fr-FR\",\"@id\":\"https:\\\/\\\/lasentinelle.dz\\\/index.php\\\/2024\\\/07\\\/23\\\/tebboune-plaide-pour-des-solutions-africaines-au-problemes-du-continent\\\/#primaryimage\",\"url\":\"https:\\\/\\\/lasentinelle.dz\\\/wp-content\\\/uploads\\\/2024\\\/07\\\/Tebboune-1.jpeg\",\"contentUrl\":\"https:\\\/\\\/lasentinelle.dz\\\/wp-content\\\/uploads\\\/2024\\\/07\\\/Tebboune-1.jpeg\",\"width\":1280,\"height\":853},{\"@type\":\"BreadcrumbList\",\"@id\":\"https:\\\/\\\/lasentinelle.dz\\\/index.php\\\/2024\\\/07\\\/23\\\/tebboune-plaide-pour-des-solutions-africaines-au-problemes-du-continent\\\/#breadcrumb\",\"itemListElement\":[{\"@type\":\"ListItem\",\"position\":1,\"name\":\"Accueil\",\"item\":\"https:\\\/\\\/lasentinelle.dz\\\/\"},{\"@type\":\"ListItem\",\"position\":2,\"name\":\"Tebboune plaide pour des solutions africaines au probl\u00e8mes du continent\"}]},{\"@type\":\"WebSite\",\"@id\":\"https:\\\/\\\/lasentinelle.dz\\\/#website\",\"url\":\"https:\\\/\\\/lasentinelle.dz\\\/\",\"name\":\"La Sentinelle\",\"description\":\"Quotidien national d&#039;information\",\"publisher\":{\"@id\":\"https:\\\/\\\/lasentinelle.dz\\\/#organization\"},\"potentialAction\":[{\"@type\":\"SearchAction\",\"target\":{\"@type\":\"EntryPoint\",\"urlTemplate\":\"https:\\\/\\\/lasentinelle.dz\\\/?s={search_term_string}\"},\"query-input\":{\"@type\":\"PropertyValueSpecification\",\"valueRequired\":true,\"valueName\":\"search_term_string\"}}],\"inLanguage\":\"fr-FR\"},{\"@type\":\"Organization\",\"@id\":\"https:\\\/\\\/lasentinelle.dz\\\/#organization\",\"name\":\"Quotidien La Sentinelle\",\"url\":\"https:\\\/\\\/lasentinelle.dz\\\/\",\"logo\":{\"@type\":\"ImageObject\",\"inLanguage\":\"fr-FR\",\"@id\":\"https:\\\/\\\/lasentinelle.dz\\\/#\\\/schema\\\/logo\\\/image\\\/\",\"url\":\"https:\\\/\\\/lasentinelle.dz\\\/wp-content\\\/uploads\\\/2021\\\/09\\\/logo-sentinelleSLOGAN-1.png\",\"contentUrl\":\"https:\\\/\\\/lasentinelle.dz\\\/wp-content\\\/uploads\\\/2021\\\/09\\\/logo-sentinelleSLOGAN-1.png\",\"width\":615,\"height\":142,\"caption\":\"Quotidien La Sentinelle\"},\"image\":{\"@id\":\"https:\\\/\\\/lasentinelle.dz\\\/#\\\/schema\\\/logo\\\/image\\\/\"},\"sameAs\":[\"https:\\\/\\\/www.facebook.com\\\/La-Sentinelle-104059864394773\"]},{\"@type\":\"Person\",\"@id\":\"https:\\\/\\\/lasentinelle.dz\\\/#\\\/schema\\\/person\\\/d865044e22e70a75174ce8bcad3acfb3\",\"name\":\"La Sentinelle\",\"image\":{\"@type\":\"ImageObject\",\"inLanguage\":\"fr-FR\",\"@id\":\"https:\\\/\\\/secure.gravatar.com\\\/avatar\\\/57de8e5d4b15d43fb361a71fbb36338450fe67865b528a43dd10ef7c51a20392?s=96&d=mm&r=g\",\"url\":\"https:\\\/\\\/secure.gravatar.com\\\/avatar\\\/57de8e5d4b15d43fb361a71fbb36338450fe67865b528a43dd10ef7c51a20392?s=96&d=mm&r=g\",\"contentUrl\":\"https:\\\/\\\/secure.gravatar.com\\\/avatar\\\/57de8e5d4b15d43fb361a71fbb36338450fe67865b528a43dd10ef7c51a20392?s=96&d=mm&r=g\",\"caption\":\"La Sentinelle\"},\"sameAs\":[\"http:\\\/\\\/www.lasentinelle.dz\"],\"url\":\"https:\\\/\\\/lasentinelle.dz\\\/author\\\/redaction\\\/\"}]}<\/script>\n<!-- \/ Yoast SEO plugin. -->","yoast_head_json":{"title":"Tebboune plaide pour des solutions africaines au probl\u00e8mes du continent - La Sentinelle","robots":{"index":"index","follow":"follow","max-snippet":"max-snippet:-1","max-image-preview":"max-image-preview:large","max-video-preview":"max-video-preview:-1"},"canonical":"https:\/\/lasentinelle.dz\/index.php\/2024\/07\/23\/tebboune-plaide-pour-des-solutions-africaines-au-problemes-du-continent\/","og_locale":"fr_FR","og_type":"article","og_title":"Tebboune plaide pour des solutions africaines au probl\u00e8mes du continent - La Sentinelle","og_description":"Lors de la 6e R\u00e9union semestrielle de l&rsquo;Union africaine (UA) \u00e0 Accra, l&rsquo;Alg\u00e9rie a r\u00e9affirm\u00e9 son engagement ferme en faveur","og_url":"https:\/\/lasentinelle.dz\/index.php\/2024\/07\/23\/tebboune-plaide-pour-des-solutions-africaines-au-problemes-du-continent\/","og_site_name":"La Sentinelle","article_publisher":"https:\/\/www.facebook.com\/La-Sentinelle-104059864394773","article_published_time":"2024-07-23T14:21:23+00:00","article_modified_time":"2024-07-23T14:21:24+00:00","og_image":[{"width":1280,"height":853,"url":"https:\/\/lasentinelle.dz\/wp-content\/uploads\/2024\/07\/Tebboune-1.jpeg","type":"image\/jpeg"}],"author":"La Sentinelle","twitter_card":"summary_large_image","twitter_misc":{"\u00c9crit par":"La Sentinelle","Dur\u00e9e de lecture estim\u00e9e":"4 minutes"},"schema":{"@context":"https:\/\/schema.org","@graph":[{"@type":"Article","@id":"https:\/\/lasentinelle.dz\/index.php\/2024\/07\/23\/tebboune-plaide-pour-des-solutions-africaines-au-problemes-du-continent\/#article","isPartOf":{"@id":"https:\/\/lasentinelle.dz\/index.php\/2024\/07\/23\/tebboune-plaide-pour-des-solutions-africaines-au-problemes-du-continent\/"},"author":{"name":"La Sentinelle","@id":"https:\/\/lasentinelle.dz\/#\/schema\/person\/d865044e22e70a75174ce8bcad3acfb3"},"headline":"Tebboune plaide pour des solutions africaines au probl\u00e8mes du continent","datePublished":"2024-07-23T14:21:23+00:00","dateModified":"2024-07-23T14:21:24+00:00","mainEntityOfPage":{"@id":"https:\/\/lasentinelle.dz\/index.php\/2024\/07\/23\/tebboune-plaide-pour-des-solutions-africaines-au-problemes-du-continent\/"},"wordCount":747,"commentCount":0,"publisher":{"@id":"https:\/\/lasentinelle.dz\/#organization"},"image":{"@id":"https:\/\/lasentinelle.dz\/index.php\/2024\/07\/23\/tebboune-plaide-pour-des-solutions-africaines-au-problemes-du-continent\/#primaryimage"},"thumbnailUrl":"https:\/\/lasentinelle.dz\/wp-content\/uploads\/2024\/07\/Tebboune-1.jpeg","articleSection":["\u00c0 la Une","Actualit\u00e9"],"inLanguage":"fr-FR","potentialAction":[{"@type":"CommentAction","name":"Comment","target":["https:\/\/lasentinelle.dz\/index.php\/2024\/07\/23\/tebboune-plaide-pour-des-solutions-africaines-au-problemes-du-continent\/#respond"]}]},{"@type":"WebPage","@id":"https:\/\/lasentinelle.dz\/index.php\/2024\/07\/23\/tebboune-plaide-pour-des-solutions-africaines-au-problemes-du-continent\/","url":"https:\/\/lasentinelle.dz\/index.php\/2024\/07\/23\/tebboune-plaide-pour-des-solutions-africaines-au-problemes-du-continent\/","name":"Tebboune plaide pour des solutions africaines au probl\u00e8mes du continent - La Sentinelle","isPartOf":{"@id":"https:\/\/lasentinelle.dz\/#website"},"primaryImageOfPage":{"@id":"https:\/\/lasentinelle.dz\/index.php\/2024\/07\/23\/tebboune-plaide-pour-des-solutions-africaines-au-problemes-du-continent\/#primaryimage"},"image":{"@id":"https:\/\/lasentinelle.dz\/index.php\/2024\/07\/23\/tebboune-plaide-pour-des-solutions-africaines-au-problemes-du-continent\/#primaryimage"},"thumbnailUrl":"https:\/\/lasentinelle.dz\/wp-content\/uploads\/2024\/07\/Tebboune-1.jpeg","datePublished":"2024-07-23T14:21:23+00:00","dateModified":"2024-07-23T14:21:24+00:00","breadcrumb":{"@id":"https:\/\/lasentinelle.dz\/index.php\/2024\/07\/23\/tebboune-plaide-pour-des-solutions-africaines-au-problemes-du-continent\/#breadcrumb"},"inLanguage":"fr-FR","potentialAction":[{"@type":"ReadAction","target":["https:\/\/lasentinelle.dz\/index.php\/2024\/07\/23\/tebboune-plaide-pour-des-solutions-africaines-au-problemes-du-continent\/"]}]},{"@type":"ImageObject","inLanguage":"fr-FR","@id":"https:\/\/lasentinelle.dz\/index.php\/2024\/07\/23\/tebboune-plaide-pour-des-solutions-africaines-au-problemes-du-continent\/#primaryimage","url":"https:\/\/lasentinelle.dz\/wp-content\/uploads\/2024\/07\/Tebboune-1.jpeg","contentUrl":"https:\/\/lasentinelle.dz\/wp-content\/uploads\/2024\/07\/Tebboune-1.jpeg","width":1280,"height":853},{"@type":"BreadcrumbList","@id":"https:\/\/lasentinelle.dz\/index.php\/2024\/07\/23\/tebboune-plaide-pour-des-solutions-africaines-au-problemes-du-continent\/#breadcrumb","itemListElement":[{"@type":"ListItem","position":1,"name":"Accueil","item":"https:\/\/lasentinelle.dz\/"},{"@type":"ListItem","position":2,"name":"Tebboune plaide pour des solutions africaines au probl\u00e8mes du continent"}]},{"@type":"WebSite","@id":"https:\/\/lasentinelle.dz\/#website","url":"https:\/\/lasentinelle.dz\/","name":"La Sentinelle","description":"Quotidien national d&#039;information","publisher":{"@id":"https:\/\/lasentinelle.dz\/#organization"},"potentialAction":[{"@type":"SearchAction","target":{"@type":"EntryPoint","urlTemplate":"https:\/\/lasentinelle.dz\/?s={search_term_string}"},"query-input":{"@type":"PropertyValueSpecification","valueRequired":true,"valueName":"search_term_string"}}],"inLanguage":"fr-FR"},{"@type":"Organization","@id":"https:\/\/lasentinelle.dz\/#organization","name":"Quotidien La Sentinelle","url":"https:\/\/lasentinelle.dz\/","logo":{"@type":"ImageObject","inLanguage":"fr-FR","@id":"https:\/\/lasentinelle.dz\/#\/schema\/logo\/image\/","url":"https:\/\/lasentinelle.dz\/wp-content\/uploads\/2021\/09\/logo-sentinelleSLOGAN-1.png","contentUrl":"https:\/\/lasentinelle.dz\/wp-content\/uploads\/2021\/09\/logo-sentinelleSLOGAN-1.png","width":615,"height":142,"caption":"Quotidien La Sentinelle"},"image":{"@id":"https:\/\/lasentinelle.dz\/#\/schema\/logo\/image\/"},"sameAs":["https:\/\/www.facebook.com\/La-Sentinelle-104059864394773"]},{"@type":"Person","@id":"https:\/\/lasentinelle.dz\/#\/schema\/person\/d865044e22e70a75174ce8bcad3acfb3","name":"La Sentinelle","image":{"@type":"ImageObject","inLanguage":"fr-FR","@id":"https:\/\/secure.gravatar.com\/avatar\/57de8e5d4b15d43fb361a71fbb36338450fe67865b528a43dd10ef7c51a20392?s=96&d=mm&r=g","url":"https:\/\/secure.gravatar.com\/avatar\/57de8e5d4b15d43fb361a71fbb36338450fe67865b528a43dd10ef7c51a20392?s=96&d=mm&r=g","contentUrl":"https:\/\/secure.gravatar.com\/avatar\/57de8e5d4b15d43fb361a71fbb36338450fe67865b528a43dd10ef7c51a20392?s=96&d=mm&r=g","caption":"La Sentinelle"},"sameAs":["http:\/\/www.lasentinelle.dz"],"url":"https:\/\/lasentinelle.dz\/author\/redaction\/"}]}},"_links":{"self":[{"href":"https:\/\/lasentinelle.dz\/index.php\/wp-json\/wp\/v2\/posts\/54773","targetHints":{"allow":["GET"]}}],"collection":[{"href":"https:\/\/lasentinelle.dz\/index.php\/wp-json\/wp\/v2\/posts"}],"about":[{"href":"https:\/\/lasentinelle.dz\/index.php\/wp-json\/wp\/v2\/types\/post"}],"author":[{"embeddable":true,"href":"https:\/\/lasentinelle.dz\/index.php\/wp-json\/wp\/v2\/users\/3"}],"replies":[{"embeddable":true,"href":"https:\/\/lasentinelle.dz\/index.php\/wp-json\/wp\/v2\/comments?post=54773"}],"version-history":[{"count":1,"href":"https:\/\/lasentinelle.dz\/index.php\/wp-json\/wp\/v2\/posts\/54773\/revisions"}],"predecessor-version":[{"id":54775,"href":"https:\/\/lasentinelle.dz\/index.php\/wp-json\/wp\/v2\/posts\/54773\/revisions\/54775"}],"wp:featuredmedia":[{"embeddable":true,"href":"https:\/\/lasentinelle.dz\/index.php\/wp-json\/wp\/v2\/media\/54774"}],"wp:attachment":[{"href":"https:\/\/lasentinelle.dz\/index.php\/wp-json\/wp\/v2\/media?parent=54773"}],"wp:term":[{"taxonomy":"category","embeddable":true,"href":"https:\/\/lasentinelle.dz\/index.php\/wp-json\/wp\/v2\/categories?post=54773"},{"taxonomy":"post_tag","embeddable":true,"href":"https:\/\/lasentinelle.dz\/index.php\/wp-json\/wp\/v2\/tags?post=54773"}],"curies":[{"name":"wp","href":"https:\/\/api.w.org\/{rel}","templated":true}]}}