{"id":54793,"date":"2024-07-24T13:28:24","date_gmt":"2024-07-24T12:28:24","guid":{"rendered":"https:\/\/lasentinelle.dz\/?p=54793"},"modified":"2024-07-24T13:28:25","modified_gmt":"2024-07-24T12:28:25","slug":"mc-alger-hadj-redjem-demissionne","status":"publish","type":"post","link":"https:\/\/lasentinelle.dz\/index.php\/2024\/07\/24\/mc-alger-hadj-redjem-demissionne\/","title":{"rendered":"MC Alger : Hadj-Redjem d\u00e9missionne"},"content":{"rendered":"\n<p>Une r\u00e9union d&rsquo;urgence a \u00e9t\u00e9 convoqu\u00e9e par la direction du Mouloudia pour \u00e9valuer la situation. L&rsquo;avenir de Bela\u00efli et la nomination d&rsquo;un nouveau pr\u00e9sident devraient \u00eatre au c\u0153ur des discussions.<\/p>\n\n\n\n<p>Un nouveau coup de tonnerre a secou\u00e9 le Mouloudia Club d&rsquo;Alger hier matin. Mohamed Hakim Hadj-Redjem, pr\u00e9sident du conseil d&rsquo;administration depuis 2022, a pr\u00e9sent\u00e9 sa d\u00e9mission aupr\u00e8s du groupe Sonatrach, propri\u00e9taire du club.<\/p>\n\n\n\n<p>Cette d\u00e9cision intervient dans un contexte de tensions croissantes, cristallis\u00e9es autour du cas Youcef Bela\u00efli. L&rsquo;international alg\u00e9rien, sous contrat jusqu&rsquo;en 2025, r\u00e9clame une revalorisation salariale cons\u00e9quente, passant de 700 millions \u00e0 1 milliard de centimes mensuels, mena\u00e7ant de quitter le club en cas de refus.<\/p>\n\n\n\n<p>Selon plusieurs sources concordantes, un groupe de supporters m\u00e9contents se serait rendu au domicile du pr\u00e9sident \u00e0 Birkhadem dans la nuit de mardi \u00e0 mercredi, provoquant des troubles dans le voisinage. Cet incident aurait pr\u00e9cipit\u00e9 la d\u00e9cision de Hadj-Redjem.<\/p>\n\n\n\n<p>Le quotidien \u00ab\u00a0El-Khabar\u00a0\u00bb avance une autre hypoth\u00e8se : cette d\u00e9mission serait un \u00ab\u00a0coup de pression\u00a0\u00bb visant \u00e0 obtenir de Sonatrach des fonds suppl\u00e9mentaires pour poursuivre la campagne de recrutement du club.<\/p>\n\n\n\n<p>Une r\u00e9union d&rsquo;urgence a \u00e9t\u00e9 convoqu\u00e9e par la direction du Mouloudia pour \u00e9valuer la situation. L&rsquo;avenir de Bela\u00efli et la nomination d&rsquo;un nouveau pr\u00e9sident devraient \u00eatre au c\u0153ur des discussions.<\/p>\n\n\n\n<p>Cette crise intervient \u00e0 un moment crucial pour le MCA, \u00e0 quelques semaines du d\u00e9but de la saison 2024-2025. Le d\u00e9part de Hadj-Redjem, s&rsquo;il se confirme, pourrait avoir des r\u00e9percussions importantes sur la stabilit\u00e9 du club et ses ambitions pour la prochaine saison.<\/p>\n\n\n\n<p>Moncef Dahleb<\/p>\n","protected":false},"excerpt":{"rendered":"<p>Une r\u00e9union d&rsquo;urgence a \u00e9t\u00e9 convoqu\u00e9e par la direction du Mouloudia pour \u00e9valuer la situation. L&rsquo;avenir de Bela\u00efli et la<\/p>\n","protected":false},"author":3,"featured_media":54794,"comment_status":"open","ping_status":"closed","sticky":false,"template":"","format":"standard","meta":{"colormag_page_container_layout":"default_layout","colormag_page_sidebar_layout":"default_layout","om_disable_all_campaigns":false,"_monsterinsights_skip_tracking":false,"_monsterinsights_sitenote_active":false,"_monsterinsights_sitenote_note":"","_monsterinsights_sitenote_category":0,"footnotes":"","_wpscppro_dont_share_socialmedia":false,"_wpscppro_custom_social_share_image":0,"_facebook_share_type":"default","_twitter_share_type":"default","_linkedin_share_type":"default","_pinterest_share_type":"default","_linkedin_share_type_page":"","_instagram_share_type":"default","_medium_share_type":"","_threads_share_type":"","_google_business_share_type":"","_selected_social_profile":[],"_wpsp_enable_custom_social_template":false,"_wpsp_social_scheduling":{"enabled":false,"datetime":null,"platforms":[],"status":"template_only","dateOption":"today","timeOption":"now","customDays":"","customHours":"","customDate":"","customTime":"","schedulingType":"absolute"},"_wpsp_active_default_template":true},"categories":[52,33],"tags":[],"class_list":["post-54793","post","type-post","status-publish","format-standard","has-post-thumbnail","hentry","category-a-la-une","category-sports"],"aioseo_notices":[],"yoast_head":"<!-- This site is optimized with the Yoast SEO plugin v27.5 - https:\/\/yoast.com\/product\/yoast-seo-wordpress\/ -->\n<title>MC Alger : Hadj-Redjem d\u00e9missionne - La Sentinelle<\/title>\n<meta name=\"robots\" content=\"index, follow, max-snippet:-1, max-image-preview:large, max-video-preview:-1\" \/>\n<link rel=\"canonical\" href=\"https:\/\/lasentinelle.dz\/index.php\/2024\/07\/24\/mc-alger-hadj-redjem-demissionne\/\" \/>\n<meta property=\"og:locale\" content=\"fr_FR\" \/>\n<meta property=\"og:type\" content=\"article\" \/>\n<meta property=\"og:title\" content=\"MC Alger : Hadj-Redjem d\u00e9missionne - La Sentinelle\" \/>\n<meta property=\"og:description\" content=\"Une r\u00e9union d&rsquo;urgence a \u00e9t\u00e9 convoqu\u00e9e par la direction du Mouloudia pour \u00e9valuer la situation. L&rsquo;avenir de Bela\u00efli et la\" \/>\n<meta property=\"og:url\" content=\"https:\/\/lasentinelle.dz\/index.php\/2024\/07\/24\/mc-alger-hadj-redjem-demissionne\/\" \/>\n<meta property=\"og:site_name\" content=\"La Sentinelle\" \/>\n<meta property=\"article:publisher\" content=\"https:\/\/www.facebook.com\/La-Sentinelle-104059864394773\" \/>\n<meta property=\"article:published_time\" content=\"2024-07-24T12:28:24+00:00\" \/>\n<meta property=\"article:modified_time\" content=\"2024-07-24T12:28:25+00:00\" \/>\n<meta property=\"og:image\" content=\"https:\/\/lasentinelle.dz\/wp-content\/uploads\/2024\/07\/Hadj-Redjem.jpg\" \/>\n\t<meta property=\"og:image:width\" content=\"640\" \/>\n\t<meta property=\"og:image:height\" content=\"360\" \/>\n\t<meta property=\"og:image:type\" content=\"image\/jpeg\" \/>\n<meta name=\"author\" content=\"La Sentinelle\" \/>\n<meta name=\"twitter:card\" content=\"summary_large_image\" \/>\n<meta name=\"twitter:label1\" content=\"\u00c9crit par\" \/>\n\t<meta name=\"twitter:data1\" content=\"La Sentinelle\" \/>\n\t<meta name=\"twitter:label2\" content=\"Dur\u00e9e de lecture estim\u00e9e\" \/>\n\t<meta name=\"twitter:data2\" content=\"2 minutes\" \/>\n<script type=\"application\/ld+json\" class=\"yoast-schema-graph\">{\"@context\":\"https:\\\/\\\/schema.org\",\"@graph\":[{\"@type\":\"Article\",\"@id\":\"https:\\\/\\\/lasentinelle.dz\\\/index.php\\\/2024\\\/07\\\/24\\\/mc-alger-hadj-redjem-demissionne\\\/#article\",\"isPartOf\":{\"@id\":\"https:\\\/\\\/lasentinelle.dz\\\/index.php\\\/2024\\\/07\\\/24\\\/mc-alger-hadj-redjem-demissionne\\\/\"},\"author\":{\"name\":\"La Sentinelle\",\"@id\":\"https:\\\/\\\/lasentinelle.dz\\\/#\\\/schema\\\/person\\\/d865044e22e70a75174ce8bcad3acfb3\"},\"headline\":\"MC Alger : Hadj-Redjem d\u00e9missionne\",\"datePublished\":\"2024-07-24T12:28:24+00:00\",\"dateModified\":\"2024-07-24T12:28:25+00:00\",\"mainEntityOfPage\":{\"@id\":\"https:\\\/\\\/lasentinelle.dz\\\/index.php\\\/2024\\\/07\\\/24\\\/mc-alger-hadj-redjem-demissionne\\\/\"},\"wordCount\":290,\"commentCount\":0,\"publisher\":{\"@id\":\"https:\\\/\\\/lasentinelle.dz\\\/#organization\"},\"image\":{\"@id\":\"https:\\\/\\\/lasentinelle.dz\\\/index.php\\\/2024\\\/07\\\/24\\\/mc-alger-hadj-redjem-demissionne\\\/#primaryimage\"},\"thumbnailUrl\":\"https:\\\/\\\/lasentinelle.dz\\\/wp-content\\\/uploads\\\/2024\\\/07\\\/Hadj-Redjem.jpg\",\"articleSection\":[\"\u00c0 la Une\",\"Sports\"],\"inLanguage\":\"fr-FR\",\"potentialAction\":[{\"@type\":\"CommentAction\",\"name\":\"Comment\",\"target\":[\"https:\\\/\\\/lasentinelle.dz\\\/index.php\\\/2024\\\/07\\\/24\\\/mc-alger-hadj-redjem-demissionne\\\/#respond\"]}]},{\"@type\":\"WebPage\",\"@id\":\"https:\\\/\\\/lasentinelle.dz\\\/index.php\\\/2024\\\/07\\\/24\\\/mc-alger-hadj-redjem-demissionne\\\/\",\"url\":\"https:\\\/\\\/lasentinelle.dz\\\/index.php\\\/2024\\\/07\\\/24\\\/mc-alger-hadj-redjem-demissionne\\\/\",\"name\":\"MC Alger : Hadj-Redjem d\u00e9missionne - La Sentinelle\",\"isPartOf\":{\"@id\":\"https:\\\/\\\/lasentinelle.dz\\\/#website\"},\"primaryImageOfPage\":{\"@id\":\"https:\\\/\\\/lasentinelle.dz\\\/index.php\\\/2024\\\/07\\\/24\\\/mc-alger-hadj-redjem-demissionne\\\/#primaryimage\"},\"image\":{\"@id\":\"https:\\\/\\\/lasentinelle.dz\\\/index.php\\\/2024\\\/07\\\/24\\\/mc-alger-hadj-redjem-demissionne\\\/#primaryimage\"},\"thumbnailUrl\":\"https:\\\/\\\/lasentinelle.dz\\\/wp-content\\\/uploads\\\/2024\\\/07\\\/Hadj-Redjem.jpg\",\"datePublished\":\"2024-07-24T12:28:24+00:00\",\"dateModified\":\"2024-07-24T12:28:25+00:00\",\"breadcrumb\":{\"@id\":\"https:\\\/\\\/lasentinelle.dz\\\/index.php\\\/2024\\\/07\\\/24\\\/mc-alger-hadj-redjem-demissionne\\\/#breadcrumb\"},\"inLanguage\":\"fr-FR\",\"potentialAction\":[{\"@type\":\"ReadAction\",\"target\":[\"https:\\\/\\\/lasentinelle.dz\\\/index.php\\\/2024\\\/07\\\/24\\\/mc-alger-hadj-redjem-demissionne\\\/\"]}]},{\"@type\":\"ImageObject\",\"inLanguage\":\"fr-FR\",\"@id\":\"https:\\\/\\\/lasentinelle.dz\\\/index.php\\\/2024\\\/07\\\/24\\\/mc-alger-hadj-redjem-demissionne\\\/#primaryimage\",\"url\":\"https:\\\/\\\/lasentinelle.dz\\\/wp-content\\\/uploads\\\/2024\\\/07\\\/Hadj-Redjem.jpg\",\"contentUrl\":\"https:\\\/\\\/lasentinelle.dz\\\/wp-content\\\/uploads\\\/2024\\\/07\\\/Hadj-Redjem.jpg\",\"width\":640,\"height\":360},{\"@type\":\"BreadcrumbList\",\"@id\":\"https:\\\/\\\/lasentinelle.dz\\\/index.php\\\/2024\\\/07\\\/24\\\/mc-alger-hadj-redjem-demissionne\\\/#breadcrumb\",\"itemListElement\":[{\"@type\":\"ListItem\",\"position\":1,\"name\":\"Accueil\",\"item\":\"https:\\\/\\\/lasentinelle.dz\\\/\"},{\"@type\":\"ListItem\",\"position\":2,\"name\":\"MC Alger : Hadj-Redjem d\u00e9missionne\"}]},{\"@type\":\"WebSite\",\"@id\":\"https:\\\/\\\/lasentinelle.dz\\\/#website\",\"url\":\"https:\\\/\\\/lasentinelle.dz\\\/\",\"name\":\"La Sentinelle\",\"description\":\"Quotidien national d&#039;information\",\"publisher\":{\"@id\":\"https:\\\/\\\/lasentinelle.dz\\\/#organization\"},\"potentialAction\":[{\"@type\":\"SearchAction\",\"target\":{\"@type\":\"EntryPoint\",\"urlTemplate\":\"https:\\\/\\\/lasentinelle.dz\\\/?s={search_term_string}\"},\"query-input\":{\"@type\":\"PropertyValueSpecification\",\"valueRequired\":true,\"valueName\":\"search_term_string\"}}],\"inLanguage\":\"fr-FR\"},{\"@type\":\"Organization\",\"@id\":\"https:\\\/\\\/lasentinelle.dz\\\/#organization\",\"name\":\"Quotidien La Sentinelle\",\"url\":\"https:\\\/\\\/lasentinelle.dz\\\/\",\"logo\":{\"@type\":\"ImageObject\",\"inLanguage\":\"fr-FR\",\"@id\":\"https:\\\/\\\/lasentinelle.dz\\\/#\\\/schema\\\/logo\\\/image\\\/\",\"url\":\"https:\\\/\\\/lasentinelle.dz\\\/wp-content\\\/uploads\\\/2021\\\/09\\\/logo-sentinelleSLOGAN-1.png\",\"contentUrl\":\"https:\\\/\\\/lasentinelle.dz\\\/wp-content\\\/uploads\\\/2021\\\/09\\\/logo-sentinelleSLOGAN-1.png\",\"width\":615,\"height\":142,\"caption\":\"Quotidien La Sentinelle\"},\"image\":{\"@id\":\"https:\\\/\\\/lasentinelle.dz\\\/#\\\/schema\\\/logo\\\/image\\\/\"},\"sameAs\":[\"https:\\\/\\\/www.facebook.com\\\/La-Sentinelle-104059864394773\"]},{\"@type\":\"Person\",\"@id\":\"https:\\\/\\\/lasentinelle.dz\\\/#\\\/schema\\\/person\\\/d865044e22e70a75174ce8bcad3acfb3\",\"name\":\"La Sentinelle\",\"image\":{\"@type\":\"ImageObject\",\"inLanguage\":\"fr-FR\",\"@id\":\"https:\\\/\\\/secure.gravatar.com\\\/avatar\\\/57de8e5d4b15d43fb361a71fbb36338450fe67865b528a43dd10ef7c51a20392?s=96&d=mm&r=g\",\"url\":\"https:\\\/\\\/secure.gravatar.com\\\/avatar\\\/57de8e5d4b15d43fb361a71fbb36338450fe67865b528a43dd10ef7c51a20392?s=96&d=mm&r=g\",\"contentUrl\":\"https:\\\/\\\/secure.gravatar.com\\\/avatar\\\/57de8e5d4b15d43fb361a71fbb36338450fe67865b528a43dd10ef7c51a20392?s=96&d=mm&r=g\",\"caption\":\"La Sentinelle\"},\"sameAs\":[\"http:\\\/\\\/www.lasentinelle.dz\"],\"url\":\"https:\\\/\\\/lasentinelle.dz\\\/author\\\/redaction\\\/\"}]}<\/script>\n<!-- \/ Yoast SEO plugin. -->","yoast_head_json":{"title":"MC Alger : Hadj-Redjem d\u00e9missionne - La Sentinelle","robots":{"index":"index","follow":"follow","max-snippet":"max-snippet:-1","max-image-preview":"max-image-preview:large","max-video-preview":"max-video-preview:-1"},"canonical":"https:\/\/lasentinelle.dz\/index.php\/2024\/07\/24\/mc-alger-hadj-redjem-demissionne\/","og_locale":"fr_FR","og_type":"article","og_title":"MC Alger : Hadj-Redjem d\u00e9missionne - La Sentinelle","og_description":"Une r\u00e9union d&rsquo;urgence a \u00e9t\u00e9 convoqu\u00e9e par la direction du Mouloudia pour \u00e9valuer la situation. L&rsquo;avenir de Bela\u00efli et la","og_url":"https:\/\/lasentinelle.dz\/index.php\/2024\/07\/24\/mc-alger-hadj-redjem-demissionne\/","og_site_name":"La Sentinelle","article_publisher":"https:\/\/www.facebook.com\/La-Sentinelle-104059864394773","article_published_time":"2024-07-24T12:28:24+00:00","article_modified_time":"2024-07-24T12:28:25+00:00","og_image":[{"width":640,"height":360,"url":"https:\/\/lasentinelle.dz\/wp-content\/uploads\/2024\/07\/Hadj-Redjem.jpg","type":"image\/jpeg"}],"author":"La Sentinelle","twitter_card":"summary_large_image","twitter_misc":{"\u00c9crit par":"La Sentinelle","Dur\u00e9e de lecture estim\u00e9e":"2 minutes"},"schema":{"@context":"https:\/\/schema.org","@graph":[{"@type":"Article","@id":"https:\/\/lasentinelle.dz\/index.php\/2024\/07\/24\/mc-alger-hadj-redjem-demissionne\/#article","isPartOf":{"@id":"https:\/\/lasentinelle.dz\/index.php\/2024\/07\/24\/mc-alger-hadj-redjem-demissionne\/"},"author":{"name":"La Sentinelle","@id":"https:\/\/lasentinelle.dz\/#\/schema\/person\/d865044e22e70a75174ce8bcad3acfb3"},"headline":"MC Alger : Hadj-Redjem d\u00e9missionne","datePublished":"2024-07-24T12:28:24+00:00","dateModified":"2024-07-24T12:28:25+00:00","mainEntityOfPage":{"@id":"https:\/\/lasentinelle.dz\/index.php\/2024\/07\/24\/mc-alger-hadj-redjem-demissionne\/"},"wordCount":290,"commentCount":0,"publisher":{"@id":"https:\/\/lasentinelle.dz\/#organization"},"image":{"@id":"https:\/\/lasentinelle.dz\/index.php\/2024\/07\/24\/mc-alger-hadj-redjem-demissionne\/#primaryimage"},"thumbnailUrl":"https:\/\/lasentinelle.dz\/wp-content\/uploads\/2024\/07\/Hadj-Redjem.jpg","articleSection":["\u00c0 la Une","Sports"],"inLanguage":"fr-FR","potentialAction":[{"@type":"CommentAction","name":"Comment","target":["https:\/\/lasentinelle.dz\/index.php\/2024\/07\/24\/mc-alger-hadj-redjem-demissionne\/#respond"]}]},{"@type":"WebPage","@id":"https:\/\/lasentinelle.dz\/index.php\/2024\/07\/24\/mc-alger-hadj-redjem-demissionne\/","url":"https:\/\/lasentinelle.dz\/index.php\/2024\/07\/24\/mc-alger-hadj-redjem-demissionne\/","name":"MC Alger : Hadj-Redjem d\u00e9missionne - La Sentinelle","isPartOf":{"@id":"https:\/\/lasentinelle.dz\/#website"},"primaryImageOfPage":{"@id":"https:\/\/lasentinelle.dz\/index.php\/2024\/07\/24\/mc-alger-hadj-redjem-demissionne\/#primaryimage"},"image":{"@id":"https:\/\/lasentinelle.dz\/index.php\/2024\/07\/24\/mc-alger-hadj-redjem-demissionne\/#primaryimage"},"thumbnailUrl":"https:\/\/lasentinelle.dz\/wp-content\/uploads\/2024\/07\/Hadj-Redjem.jpg","datePublished":"2024-07-24T12:28:24+00:00","dateModified":"2024-07-24T12:28:25+00:00","breadcrumb":{"@id":"https:\/\/lasentinelle.dz\/index.php\/2024\/07\/24\/mc-alger-hadj-redjem-demissionne\/#breadcrumb"},"inLanguage":"fr-FR","potentialAction":[{"@type":"ReadAction","target":["https:\/\/lasentinelle.dz\/index.php\/2024\/07\/24\/mc-alger-hadj-redjem-demissionne\/"]}]},{"@type":"ImageObject","inLanguage":"fr-FR","@id":"https:\/\/lasentinelle.dz\/index.php\/2024\/07\/24\/mc-alger-hadj-redjem-demissionne\/#primaryimage","url":"https:\/\/lasentinelle.dz\/wp-content\/uploads\/2024\/07\/Hadj-Redjem.jpg","contentUrl":"https:\/\/lasentinelle.dz\/wp-content\/uploads\/2024\/07\/Hadj-Redjem.jpg","width":640,"height":360},{"@type":"BreadcrumbList","@id":"https:\/\/lasentinelle.dz\/index.php\/2024\/07\/24\/mc-alger-hadj-redjem-demissionne\/#breadcrumb","itemListElement":[{"@type":"ListItem","position":1,"name":"Accueil","item":"https:\/\/lasentinelle.dz\/"},{"@type":"ListItem","position":2,"name":"MC Alger : Hadj-Redjem d\u00e9missionne"}]},{"@type":"WebSite","@id":"https:\/\/lasentinelle.dz\/#website","url":"https:\/\/lasentinelle.dz\/","name":"La Sentinelle","description":"Quotidien national d&#039;information","publisher":{"@id":"https:\/\/lasentinelle.dz\/#organization"},"potentialAction":[{"@type":"SearchAction","target":{"@type":"EntryPoint","urlTemplate":"https:\/\/lasentinelle.dz\/?s={search_term_string}"},"query-input":{"@type":"PropertyValueSpecification","valueRequired":true,"valueName":"search_term_string"}}],"inLanguage":"fr-FR"},{"@type":"Organization","@id":"https:\/\/lasentinelle.dz\/#organization","name":"Quotidien La Sentinelle","url":"https:\/\/lasentinelle.dz\/","logo":{"@type":"ImageObject","inLanguage":"fr-FR","@id":"https:\/\/lasentinelle.dz\/#\/schema\/logo\/image\/","url":"https:\/\/lasentinelle.dz\/wp-content\/uploads\/2021\/09\/logo-sentinelleSLOGAN-1.png","contentUrl":"https:\/\/lasentinelle.dz\/wp-content\/uploads\/2021\/09\/logo-sentinelleSLOGAN-1.png","width":615,"height":142,"caption":"Quotidien La Sentinelle"},"image":{"@id":"https:\/\/lasentinelle.dz\/#\/schema\/logo\/image\/"},"sameAs":["https:\/\/www.facebook.com\/La-Sentinelle-104059864394773"]},{"@type":"Person","@id":"https:\/\/lasentinelle.dz\/#\/schema\/person\/d865044e22e70a75174ce8bcad3acfb3","name":"La Sentinelle","image":{"@type":"ImageObject","inLanguage":"fr-FR","@id":"https:\/\/secure.gravatar.com\/avatar\/57de8e5d4b15d43fb361a71fbb36338450fe67865b528a43dd10ef7c51a20392?s=96&d=mm&r=g","url":"https:\/\/secure.gravatar.com\/avatar\/57de8e5d4b15d43fb361a71fbb36338450fe67865b528a43dd10ef7c51a20392?s=96&d=mm&r=g","contentUrl":"https:\/\/secure.gravatar.com\/avatar\/57de8e5d4b15d43fb361a71fbb36338450fe67865b528a43dd10ef7c51a20392?s=96&d=mm&r=g","caption":"La Sentinelle"},"sameAs":["http:\/\/www.lasentinelle.dz"],"url":"https:\/\/lasentinelle.dz\/author\/redaction\/"}]}},"_links":{"self":[{"href":"https:\/\/lasentinelle.dz\/index.php\/wp-json\/wp\/v2\/posts\/54793","targetHints":{"allow":["GET"]}}],"collection":[{"href":"https:\/\/lasentinelle.dz\/index.php\/wp-json\/wp\/v2\/posts"}],"about":[{"href":"https:\/\/lasentinelle.dz\/index.php\/wp-json\/wp\/v2\/types\/post"}],"author":[{"embeddable":true,"href":"https:\/\/lasentinelle.dz\/index.php\/wp-json\/wp\/v2\/users\/3"}],"replies":[{"embeddable":true,"href":"https:\/\/lasentinelle.dz\/index.php\/wp-json\/wp\/v2\/comments?post=54793"}],"version-history":[{"count":1,"href":"https:\/\/lasentinelle.dz\/index.php\/wp-json\/wp\/v2\/posts\/54793\/revisions"}],"predecessor-version":[{"id":54795,"href":"https:\/\/lasentinelle.dz\/index.php\/wp-json\/wp\/v2\/posts\/54793\/revisions\/54795"}],"wp:featuredmedia":[{"embeddable":true,"href":"https:\/\/lasentinelle.dz\/index.php\/wp-json\/wp\/v2\/media\/54794"}],"wp:attachment":[{"href":"https:\/\/lasentinelle.dz\/index.php\/wp-json\/wp\/v2\/media?parent=54793"}],"wp:term":[{"taxonomy":"category","embeddable":true,"href":"https:\/\/lasentinelle.dz\/index.php\/wp-json\/wp\/v2\/categories?post=54793"},{"taxonomy":"post_tag","embeddable":true,"href":"https:\/\/lasentinelle.dz\/index.php\/wp-json\/wp\/v2\/tags?post=54793"}],"curies":[{"name":"wp","href":"https:\/\/api.w.org\/{rel}","templated":true}]}}