{"id":54815,"date":"2024-07-24T13:48:21","date_gmt":"2024-07-24T12:48:21","guid":{"rendered":"https:\/\/lasentinelle.dz\/?p=54815"},"modified":"2024-07-24T13:48:22","modified_gmt":"2024-07-24T12:48:22","slug":"luniversite-ali-lounici-de-blida-de-nouvelles-specialites-pour-sadapter-au-marche","status":"publish","type":"post","link":"https:\/\/lasentinelle.dz\/index.php\/2024\/07\/24\/luniversite-ali-lounici-de-blida-de-nouvelles-specialites-pour-sadapter-au-marche\/","title":{"rendered":"L&rsquo;universit\u00e9 Ali Lounici de Blida: De nouvelles sp\u00e9cialit\u00e9s pour s&rsquo;adapter au march\u00e9"},"content":{"rendered":"\n<p>\u00c0 l&rsquo;aube de la rentr\u00e9e universitaire 2024-2025, l&rsquo;universit\u00e9 Ali Lounici d&rsquo;El Affroun, situ\u00e9e \u00e0 l&rsquo;ouest de Blida, s&rsquo;appr\u00eate \u00e0 franchir un nouveau cap dans la modernisation de son offre de formation. Dans un contexte o\u00f9 la demande en main-d&rsquo;\u0153uvre qualifi\u00e9e ne cesse de cro\u00eetre, l&rsquo;\u00e9tablissement innove tant sur le plan num\u00e9rique que sur celui des programmes d&rsquo;enseignement.<\/p>\n\n\n\n<p>L&rsquo;universit\u00e9 embrasse pleinement l&rsquo;\u00e8re num\u00e9rique en lan\u00e7ant un processus d&rsquo;inscription pr\u00e9liminaire enti\u00e8rement d\u00e9mat\u00e9rialis\u00e9 pour les nouveaux bacheliers du 23 au 27 juillet, ce qui t\u00e9moigne de la volont\u00e9 de simplifier les d\u00e9marches administratives et de s&rsquo;adapter aux pratiques des jeunes g\u00e9n\u00e9rations. Pour faciliter ce processus, une vid\u00e9o d\u00e9taill\u00e9e pr\u00e9sentant l&rsquo;ensemble des sp\u00e9cialit\u00e9s propos\u00e9es par les quatre facult\u00e9s est d&rsquo;ores et d\u00e9j\u00e0 disponible sur le site web de l&rsquo;universit\u00e9. R\u00e9pondant aux \u00e9volutions rapides du monde professionnel, l&rsquo;universit\u00e9 Ali Lounici enrichit sa palette de formations. Cette universit\u00e9 comptant quatre facult\u00e9s d\u00e9di\u00e9es \u00e0 la litt\u00e9rature et les langues, le Droit et les sciences politiques, les sciences humaines et sociales et les sciences \u00e9conomiques, commerciales et sciences de gestion, assurera \u00e0 partir de la rentr\u00e9e prochaine de nouvelles sp\u00e9cialit\u00e9s en Licence et Master. Le d\u00e9partement des sciences de l&rsquo;information et de la communication innove en proposant un nouveau Master en audiovisuel et presse \u00e9crite, secteurs en pleine mutation \u00e0 l&rsquo;\u00e8re du num\u00e9rique.<\/p>\n\n\n\n<p>La facult\u00e9 de litt\u00e9ratures et des langues n&rsquo;est pas en reste, avec l&rsquo;ouverture d&rsquo;une sp\u00e9cialit\u00e9 en traduction, comp\u00e9tence de plus en plus recherch\u00e9e dans un monde globalis\u00e9. Une formation en histoire et civilisation islamique vient \u00e9galement compl\u00e9ter l&rsquo;offre, r\u00e9pondant \u00e0 une demande croissante d&rsquo;experts dans ce domaine. Pour accompagner cette modernisation des enseignements, l&rsquo;universit\u00e9 investit massivement dans ses infrastructures. Un projet de 1000 nouvelles places p\u00e9dagogiques devrait voir le jour d&rsquo;ici la fin de l&rsquo;ann\u00e9e 2024. Le nouveau d\u00e9partement de traduction b\u00e9n\u00e9ficiera quant \u00e0 lui de 500 places suppl\u00e9mentaires, tandis qu&rsquo;une biblioth\u00e8que centrale viendra enrichir les ressources \u00e0 disposition des \u00e9tudiants. Avec ces nombreuses initiatives, l&rsquo;universit\u00e9 Ali Lounici d&rsquo;El Affroun affirme sa volont\u00e9 de former une main-d&rsquo;\u0153uvre hautement qualifi\u00e9e, capable de r\u00e9pondre aux d\u00e9fis d&rsquo;un march\u00e9 du travail en constante \u00e9volution. La rentr\u00e9e 2024-2025 s&rsquo;annonce ainsi comme un tournant majeur pour cet \u00e9tablissement qui allie avec brio tradition acad\u00e9mique et innovation p\u00e9dagogique.<\/p>\n\n\n\n<p><strong>R.R.<\/strong><\/p>\n","protected":false},"excerpt":{"rendered":"<p>\u00c0 l&rsquo;aube de la rentr\u00e9e universitaire 2024-2025, l&rsquo;universit\u00e9 Ali Lounici d&rsquo;El Affroun, situ\u00e9e \u00e0 l&rsquo;ouest de Blida, s&rsquo;appr\u00eate \u00e0 franchir<\/p>\n","protected":false},"author":3,"featured_media":54816,"comment_status":"open","ping_status":"closed","sticky":false,"template":"","format":"standard","meta":{"colormag_page_container_layout":"default_layout","colormag_page_sidebar_layout":"default_layout","om_disable_all_campaigns":false,"_monsterinsights_skip_tracking":false,"_monsterinsights_sitenote_active":false,"_monsterinsights_sitenote_note":"","_monsterinsights_sitenote_category":0,"footnotes":"","_wpscppro_dont_share_socialmedia":false,"_wpscppro_custom_social_share_image":0,"_facebook_share_type":"default","_twitter_share_type":"default","_linkedin_share_type":"default","_pinterest_share_type":"default","_linkedin_share_type_page":"","_instagram_share_type":"default","_medium_share_type":"","_threads_share_type":"","_google_business_share_type":"","_selected_social_profile":[],"_wpsp_enable_custom_social_template":false,"_wpsp_social_scheduling":{"enabled":false,"datetime":null,"platforms":[],"status":"template_only","dateOption":"today","timeOption":"now","customDays":"","customHours":"","customDate":"","customTime":"","schedulingType":"absolute"},"_wpsp_active_default_template":true},"categories":[31],"tags":[],"class_list":["post-54815","post","type-post","status-publish","format-standard","has-post-thumbnail","hentry","category-regions"],"aioseo_notices":[],"yoast_head":"<!-- This site is optimized with the Yoast SEO plugin v27.4 - https:\/\/yoast.com\/product\/yoast-seo-wordpress\/ -->\n<title>L&rsquo;universit\u00e9 Ali Lounici de Blida: De nouvelles sp\u00e9cialit\u00e9s pour s&rsquo;adapter au march\u00e9 - La Sentinelle<\/title>\n<meta name=\"robots\" content=\"index, follow, max-snippet:-1, max-image-preview:large, max-video-preview:-1\" \/>\n<link rel=\"canonical\" href=\"https:\/\/lasentinelle.dz\/index.php\/2024\/07\/24\/luniversite-ali-lounici-de-blida-de-nouvelles-specialites-pour-sadapter-au-marche\/\" \/>\n<meta property=\"og:locale\" content=\"fr_FR\" \/>\n<meta property=\"og:type\" content=\"article\" \/>\n<meta property=\"og:title\" content=\"L&rsquo;universit\u00e9 Ali Lounici de Blida: De nouvelles sp\u00e9cialit\u00e9s pour s&rsquo;adapter au march\u00e9 - La Sentinelle\" \/>\n<meta property=\"og:description\" content=\"\u00c0 l&rsquo;aube de la rentr\u00e9e universitaire 2024-2025, l&rsquo;universit\u00e9 Ali Lounici d&rsquo;El Affroun, situ\u00e9e \u00e0 l&rsquo;ouest de Blida, s&rsquo;appr\u00eate \u00e0 franchir\" \/>\n<meta property=\"og:url\" content=\"https:\/\/lasentinelle.dz\/index.php\/2024\/07\/24\/luniversite-ali-lounici-de-blida-de-nouvelles-specialites-pour-sadapter-au-marche\/\" \/>\n<meta property=\"og:site_name\" content=\"La Sentinelle\" \/>\n<meta property=\"article:publisher\" content=\"https:\/\/www.facebook.com\/La-Sentinelle-104059864394773\" \/>\n<meta property=\"article:published_time\" content=\"2024-07-24T12:48:21+00:00\" \/>\n<meta property=\"article:modified_time\" content=\"2024-07-24T12:48:22+00:00\" \/>\n<meta property=\"og:image\" content=\"https:\/\/lasentinelle.dz\/wp-content\/uploads\/2024\/07\/universite-el-afroun.png\" \/>\n\t<meta property=\"og:image:width\" content=\"620\" \/>\n\t<meta property=\"og:image:height\" content=\"330\" \/>\n\t<meta property=\"og:image:type\" content=\"image\/png\" \/>\n<meta name=\"author\" content=\"La Sentinelle\" \/>\n<meta name=\"twitter:card\" content=\"summary_large_image\" \/>\n<meta name=\"twitter:label1\" content=\"\u00c9crit par\" \/>\n\t<meta name=\"twitter:data1\" content=\"La Sentinelle\" \/>\n\t<meta name=\"twitter:label2\" content=\"Dur\u00e9e de lecture estim\u00e9e\" \/>\n\t<meta name=\"twitter:data2\" content=\"3 minutes\" \/>\n<script type=\"application\/ld+json\" class=\"yoast-schema-graph\">{\"@context\":\"https:\\\/\\\/schema.org\",\"@graph\":[{\"@type\":\"Article\",\"@id\":\"https:\\\/\\\/lasentinelle.dz\\\/index.php\\\/2024\\\/07\\\/24\\\/luniversite-ali-lounici-de-blida-de-nouvelles-specialites-pour-sadapter-au-marche\\\/#article\",\"isPartOf\":{\"@id\":\"https:\\\/\\\/lasentinelle.dz\\\/index.php\\\/2024\\\/07\\\/24\\\/luniversite-ali-lounici-de-blida-de-nouvelles-specialites-pour-sadapter-au-marche\\\/\"},\"author\":{\"name\":\"La Sentinelle\",\"@id\":\"https:\\\/\\\/lasentinelle.dz\\\/#\\\/schema\\\/person\\\/d865044e22e70a75174ce8bcad3acfb3\"},\"headline\":\"L&rsquo;universit\u00e9 Ali Lounici de Blida: De nouvelles sp\u00e9cialit\u00e9s pour s&rsquo;adapter au march\u00e9\",\"datePublished\":\"2024-07-24T12:48:21+00:00\",\"dateModified\":\"2024-07-24T12:48:22+00:00\",\"mainEntityOfPage\":{\"@id\":\"https:\\\/\\\/lasentinelle.dz\\\/index.php\\\/2024\\\/07\\\/24\\\/luniversite-ali-lounici-de-blida-de-nouvelles-specialites-pour-sadapter-au-marche\\\/\"},\"wordCount\":459,\"commentCount\":0,\"publisher\":{\"@id\":\"https:\\\/\\\/lasentinelle.dz\\\/#organization\"},\"image\":{\"@id\":\"https:\\\/\\\/lasentinelle.dz\\\/index.php\\\/2024\\\/07\\\/24\\\/luniversite-ali-lounici-de-blida-de-nouvelles-specialites-pour-sadapter-au-marche\\\/#primaryimage\"},\"thumbnailUrl\":\"https:\\\/\\\/lasentinelle.dz\\\/wp-content\\\/uploads\\\/2024\\\/07\\\/universite-el-afroun.png\",\"articleSection\":[\"R\u00e9gions\"],\"inLanguage\":\"fr-FR\",\"potentialAction\":[{\"@type\":\"CommentAction\",\"name\":\"Comment\",\"target\":[\"https:\\\/\\\/lasentinelle.dz\\\/index.php\\\/2024\\\/07\\\/24\\\/luniversite-ali-lounici-de-blida-de-nouvelles-specialites-pour-sadapter-au-marche\\\/#respond\"]}]},{\"@type\":\"WebPage\",\"@id\":\"https:\\\/\\\/lasentinelle.dz\\\/index.php\\\/2024\\\/07\\\/24\\\/luniversite-ali-lounici-de-blida-de-nouvelles-specialites-pour-sadapter-au-marche\\\/\",\"url\":\"https:\\\/\\\/lasentinelle.dz\\\/index.php\\\/2024\\\/07\\\/24\\\/luniversite-ali-lounici-de-blida-de-nouvelles-specialites-pour-sadapter-au-marche\\\/\",\"name\":\"L&rsquo;universit\u00e9 Ali Lounici de Blida: De nouvelles sp\u00e9cialit\u00e9s pour s&rsquo;adapter au march\u00e9 - La Sentinelle\",\"isPartOf\":{\"@id\":\"https:\\\/\\\/lasentinelle.dz\\\/#website\"},\"primaryImageOfPage\":{\"@id\":\"https:\\\/\\\/lasentinelle.dz\\\/index.php\\\/2024\\\/07\\\/24\\\/luniversite-ali-lounici-de-blida-de-nouvelles-specialites-pour-sadapter-au-marche\\\/#primaryimage\"},\"image\":{\"@id\":\"https:\\\/\\\/lasentinelle.dz\\\/index.php\\\/2024\\\/07\\\/24\\\/luniversite-ali-lounici-de-blida-de-nouvelles-specialites-pour-sadapter-au-marche\\\/#primaryimage\"},\"thumbnailUrl\":\"https:\\\/\\\/lasentinelle.dz\\\/wp-content\\\/uploads\\\/2024\\\/07\\\/universite-el-afroun.png\",\"datePublished\":\"2024-07-24T12:48:21+00:00\",\"dateModified\":\"2024-07-24T12:48:22+00:00\",\"breadcrumb\":{\"@id\":\"https:\\\/\\\/lasentinelle.dz\\\/index.php\\\/2024\\\/07\\\/24\\\/luniversite-ali-lounici-de-blida-de-nouvelles-specialites-pour-sadapter-au-marche\\\/#breadcrumb\"},\"inLanguage\":\"fr-FR\",\"potentialAction\":[{\"@type\":\"ReadAction\",\"target\":[\"https:\\\/\\\/lasentinelle.dz\\\/index.php\\\/2024\\\/07\\\/24\\\/luniversite-ali-lounici-de-blida-de-nouvelles-specialites-pour-sadapter-au-marche\\\/\"]}]},{\"@type\":\"ImageObject\",\"inLanguage\":\"fr-FR\",\"@id\":\"https:\\\/\\\/lasentinelle.dz\\\/index.php\\\/2024\\\/07\\\/24\\\/luniversite-ali-lounici-de-blida-de-nouvelles-specialites-pour-sadapter-au-marche\\\/#primaryimage\",\"url\":\"https:\\\/\\\/lasentinelle.dz\\\/wp-content\\\/uploads\\\/2024\\\/07\\\/universite-el-afroun.png\",\"contentUrl\":\"https:\\\/\\\/lasentinelle.dz\\\/wp-content\\\/uploads\\\/2024\\\/07\\\/universite-el-afroun.png\",\"width\":620,\"height\":330},{\"@type\":\"BreadcrumbList\",\"@id\":\"https:\\\/\\\/lasentinelle.dz\\\/index.php\\\/2024\\\/07\\\/24\\\/luniversite-ali-lounici-de-blida-de-nouvelles-specialites-pour-sadapter-au-marche\\\/#breadcrumb\",\"itemListElement\":[{\"@type\":\"ListItem\",\"position\":1,\"name\":\"Accueil\",\"item\":\"https:\\\/\\\/lasentinelle.dz\\\/\"},{\"@type\":\"ListItem\",\"position\":2,\"name\":\"L&rsquo;universit\u00e9 Ali Lounici de Blida: De nouvelles sp\u00e9cialit\u00e9s pour s&rsquo;adapter au march\u00e9\"}]},{\"@type\":\"WebSite\",\"@id\":\"https:\\\/\\\/lasentinelle.dz\\\/#website\",\"url\":\"https:\\\/\\\/lasentinelle.dz\\\/\",\"name\":\"La Sentinelle\",\"description\":\"Quotidien national d&#039;information\",\"publisher\":{\"@id\":\"https:\\\/\\\/lasentinelle.dz\\\/#organization\"},\"potentialAction\":[{\"@type\":\"SearchAction\",\"target\":{\"@type\":\"EntryPoint\",\"urlTemplate\":\"https:\\\/\\\/lasentinelle.dz\\\/?s={search_term_string}\"},\"query-input\":{\"@type\":\"PropertyValueSpecification\",\"valueRequired\":true,\"valueName\":\"search_term_string\"}}],\"inLanguage\":\"fr-FR\"},{\"@type\":\"Organization\",\"@id\":\"https:\\\/\\\/lasentinelle.dz\\\/#organization\",\"name\":\"Quotidien La Sentinelle\",\"url\":\"https:\\\/\\\/lasentinelle.dz\\\/\",\"logo\":{\"@type\":\"ImageObject\",\"inLanguage\":\"fr-FR\",\"@id\":\"https:\\\/\\\/lasentinelle.dz\\\/#\\\/schema\\\/logo\\\/image\\\/\",\"url\":\"https:\\\/\\\/lasentinelle.dz\\\/wp-content\\\/uploads\\\/2021\\\/09\\\/logo-sentinelleSLOGAN-1.png\",\"contentUrl\":\"https:\\\/\\\/lasentinelle.dz\\\/wp-content\\\/uploads\\\/2021\\\/09\\\/logo-sentinelleSLOGAN-1.png\",\"width\":615,\"height\":142,\"caption\":\"Quotidien La Sentinelle\"},\"image\":{\"@id\":\"https:\\\/\\\/lasentinelle.dz\\\/#\\\/schema\\\/logo\\\/image\\\/\"},\"sameAs\":[\"https:\\\/\\\/www.facebook.com\\\/La-Sentinelle-104059864394773\"]},{\"@type\":\"Person\",\"@id\":\"https:\\\/\\\/lasentinelle.dz\\\/#\\\/schema\\\/person\\\/d865044e22e70a75174ce8bcad3acfb3\",\"name\":\"La Sentinelle\",\"image\":{\"@type\":\"ImageObject\",\"inLanguage\":\"fr-FR\",\"@id\":\"https:\\\/\\\/secure.gravatar.com\\\/avatar\\\/57de8e5d4b15d43fb361a71fbb36338450fe67865b528a43dd10ef7c51a20392?s=96&d=mm&r=g\",\"url\":\"https:\\\/\\\/secure.gravatar.com\\\/avatar\\\/57de8e5d4b15d43fb361a71fbb36338450fe67865b528a43dd10ef7c51a20392?s=96&d=mm&r=g\",\"contentUrl\":\"https:\\\/\\\/secure.gravatar.com\\\/avatar\\\/57de8e5d4b15d43fb361a71fbb36338450fe67865b528a43dd10ef7c51a20392?s=96&d=mm&r=g\",\"caption\":\"La Sentinelle\"},\"sameAs\":[\"http:\\\/\\\/www.lasentinelle.dz\"],\"url\":\"https:\\\/\\\/lasentinelle.dz\\\/author\\\/redaction\\\/\"}]}<\/script>\n<!-- \/ Yoast SEO plugin. -->","yoast_head_json":{"title":"L&rsquo;universit\u00e9 Ali Lounici de Blida: De nouvelles sp\u00e9cialit\u00e9s pour s&rsquo;adapter au march\u00e9 - La Sentinelle","robots":{"index":"index","follow":"follow","max-snippet":"max-snippet:-1","max-image-preview":"max-image-preview:large","max-video-preview":"max-video-preview:-1"},"canonical":"https:\/\/lasentinelle.dz\/index.php\/2024\/07\/24\/luniversite-ali-lounici-de-blida-de-nouvelles-specialites-pour-sadapter-au-marche\/","og_locale":"fr_FR","og_type":"article","og_title":"L&rsquo;universit\u00e9 Ali Lounici de Blida: De nouvelles sp\u00e9cialit\u00e9s pour s&rsquo;adapter au march\u00e9 - La Sentinelle","og_description":"\u00c0 l&rsquo;aube de la rentr\u00e9e universitaire 2024-2025, l&rsquo;universit\u00e9 Ali Lounici d&rsquo;El Affroun, situ\u00e9e \u00e0 l&rsquo;ouest de Blida, s&rsquo;appr\u00eate \u00e0 franchir","og_url":"https:\/\/lasentinelle.dz\/index.php\/2024\/07\/24\/luniversite-ali-lounici-de-blida-de-nouvelles-specialites-pour-sadapter-au-marche\/","og_site_name":"La Sentinelle","article_publisher":"https:\/\/www.facebook.com\/La-Sentinelle-104059864394773","article_published_time":"2024-07-24T12:48:21+00:00","article_modified_time":"2024-07-24T12:48:22+00:00","og_image":[{"width":620,"height":330,"url":"https:\/\/lasentinelle.dz\/wp-content\/uploads\/2024\/07\/universite-el-afroun.png","type":"image\/png"}],"author":"La Sentinelle","twitter_card":"summary_large_image","twitter_misc":{"\u00c9crit par":"La Sentinelle","Dur\u00e9e de lecture estim\u00e9e":"3 minutes"},"schema":{"@context":"https:\/\/schema.org","@graph":[{"@type":"Article","@id":"https:\/\/lasentinelle.dz\/index.php\/2024\/07\/24\/luniversite-ali-lounici-de-blida-de-nouvelles-specialites-pour-sadapter-au-marche\/#article","isPartOf":{"@id":"https:\/\/lasentinelle.dz\/index.php\/2024\/07\/24\/luniversite-ali-lounici-de-blida-de-nouvelles-specialites-pour-sadapter-au-marche\/"},"author":{"name":"La Sentinelle","@id":"https:\/\/lasentinelle.dz\/#\/schema\/person\/d865044e22e70a75174ce8bcad3acfb3"},"headline":"L&rsquo;universit\u00e9 Ali Lounici de Blida: De nouvelles sp\u00e9cialit\u00e9s pour s&rsquo;adapter au march\u00e9","datePublished":"2024-07-24T12:48:21+00:00","dateModified":"2024-07-24T12:48:22+00:00","mainEntityOfPage":{"@id":"https:\/\/lasentinelle.dz\/index.php\/2024\/07\/24\/luniversite-ali-lounici-de-blida-de-nouvelles-specialites-pour-sadapter-au-marche\/"},"wordCount":459,"commentCount":0,"publisher":{"@id":"https:\/\/lasentinelle.dz\/#organization"},"image":{"@id":"https:\/\/lasentinelle.dz\/index.php\/2024\/07\/24\/luniversite-ali-lounici-de-blida-de-nouvelles-specialites-pour-sadapter-au-marche\/#primaryimage"},"thumbnailUrl":"https:\/\/lasentinelle.dz\/wp-content\/uploads\/2024\/07\/universite-el-afroun.png","articleSection":["R\u00e9gions"],"inLanguage":"fr-FR","potentialAction":[{"@type":"CommentAction","name":"Comment","target":["https:\/\/lasentinelle.dz\/index.php\/2024\/07\/24\/luniversite-ali-lounici-de-blida-de-nouvelles-specialites-pour-sadapter-au-marche\/#respond"]}]},{"@type":"WebPage","@id":"https:\/\/lasentinelle.dz\/index.php\/2024\/07\/24\/luniversite-ali-lounici-de-blida-de-nouvelles-specialites-pour-sadapter-au-marche\/","url":"https:\/\/lasentinelle.dz\/index.php\/2024\/07\/24\/luniversite-ali-lounici-de-blida-de-nouvelles-specialites-pour-sadapter-au-marche\/","name":"L&rsquo;universit\u00e9 Ali Lounici de Blida: De nouvelles sp\u00e9cialit\u00e9s pour s&rsquo;adapter au march\u00e9 - La Sentinelle","isPartOf":{"@id":"https:\/\/lasentinelle.dz\/#website"},"primaryImageOfPage":{"@id":"https:\/\/lasentinelle.dz\/index.php\/2024\/07\/24\/luniversite-ali-lounici-de-blida-de-nouvelles-specialites-pour-sadapter-au-marche\/#primaryimage"},"image":{"@id":"https:\/\/lasentinelle.dz\/index.php\/2024\/07\/24\/luniversite-ali-lounici-de-blida-de-nouvelles-specialites-pour-sadapter-au-marche\/#primaryimage"},"thumbnailUrl":"https:\/\/lasentinelle.dz\/wp-content\/uploads\/2024\/07\/universite-el-afroun.png","datePublished":"2024-07-24T12:48:21+00:00","dateModified":"2024-07-24T12:48:22+00:00","breadcrumb":{"@id":"https:\/\/lasentinelle.dz\/index.php\/2024\/07\/24\/luniversite-ali-lounici-de-blida-de-nouvelles-specialites-pour-sadapter-au-marche\/#breadcrumb"},"inLanguage":"fr-FR","potentialAction":[{"@type":"ReadAction","target":["https:\/\/lasentinelle.dz\/index.php\/2024\/07\/24\/luniversite-ali-lounici-de-blida-de-nouvelles-specialites-pour-sadapter-au-marche\/"]}]},{"@type":"ImageObject","inLanguage":"fr-FR","@id":"https:\/\/lasentinelle.dz\/index.php\/2024\/07\/24\/luniversite-ali-lounici-de-blida-de-nouvelles-specialites-pour-sadapter-au-marche\/#primaryimage","url":"https:\/\/lasentinelle.dz\/wp-content\/uploads\/2024\/07\/universite-el-afroun.png","contentUrl":"https:\/\/lasentinelle.dz\/wp-content\/uploads\/2024\/07\/universite-el-afroun.png","width":620,"height":330},{"@type":"BreadcrumbList","@id":"https:\/\/lasentinelle.dz\/index.php\/2024\/07\/24\/luniversite-ali-lounici-de-blida-de-nouvelles-specialites-pour-sadapter-au-marche\/#breadcrumb","itemListElement":[{"@type":"ListItem","position":1,"name":"Accueil","item":"https:\/\/lasentinelle.dz\/"},{"@type":"ListItem","position":2,"name":"L&rsquo;universit\u00e9 Ali Lounici de Blida: De nouvelles sp\u00e9cialit\u00e9s pour s&rsquo;adapter au march\u00e9"}]},{"@type":"WebSite","@id":"https:\/\/lasentinelle.dz\/#website","url":"https:\/\/lasentinelle.dz\/","name":"La Sentinelle","description":"Quotidien national d&#039;information","publisher":{"@id":"https:\/\/lasentinelle.dz\/#organization"},"potentialAction":[{"@type":"SearchAction","target":{"@type":"EntryPoint","urlTemplate":"https:\/\/lasentinelle.dz\/?s={search_term_string}"},"query-input":{"@type":"PropertyValueSpecification","valueRequired":true,"valueName":"search_term_string"}}],"inLanguage":"fr-FR"},{"@type":"Organization","@id":"https:\/\/lasentinelle.dz\/#organization","name":"Quotidien La Sentinelle","url":"https:\/\/lasentinelle.dz\/","logo":{"@type":"ImageObject","inLanguage":"fr-FR","@id":"https:\/\/lasentinelle.dz\/#\/schema\/logo\/image\/","url":"https:\/\/lasentinelle.dz\/wp-content\/uploads\/2021\/09\/logo-sentinelleSLOGAN-1.png","contentUrl":"https:\/\/lasentinelle.dz\/wp-content\/uploads\/2021\/09\/logo-sentinelleSLOGAN-1.png","width":615,"height":142,"caption":"Quotidien La Sentinelle"},"image":{"@id":"https:\/\/lasentinelle.dz\/#\/schema\/logo\/image\/"},"sameAs":["https:\/\/www.facebook.com\/La-Sentinelle-104059864394773"]},{"@type":"Person","@id":"https:\/\/lasentinelle.dz\/#\/schema\/person\/d865044e22e70a75174ce8bcad3acfb3","name":"La Sentinelle","image":{"@type":"ImageObject","inLanguage":"fr-FR","@id":"https:\/\/secure.gravatar.com\/avatar\/57de8e5d4b15d43fb361a71fbb36338450fe67865b528a43dd10ef7c51a20392?s=96&d=mm&r=g","url":"https:\/\/secure.gravatar.com\/avatar\/57de8e5d4b15d43fb361a71fbb36338450fe67865b528a43dd10ef7c51a20392?s=96&d=mm&r=g","contentUrl":"https:\/\/secure.gravatar.com\/avatar\/57de8e5d4b15d43fb361a71fbb36338450fe67865b528a43dd10ef7c51a20392?s=96&d=mm&r=g","caption":"La Sentinelle"},"sameAs":["http:\/\/www.lasentinelle.dz"],"url":"https:\/\/lasentinelle.dz\/author\/redaction\/"}]}},"_links":{"self":[{"href":"https:\/\/lasentinelle.dz\/index.php\/wp-json\/wp\/v2\/posts\/54815","targetHints":{"allow":["GET"]}}],"collection":[{"href":"https:\/\/lasentinelle.dz\/index.php\/wp-json\/wp\/v2\/posts"}],"about":[{"href":"https:\/\/lasentinelle.dz\/index.php\/wp-json\/wp\/v2\/types\/post"}],"author":[{"embeddable":true,"href":"https:\/\/lasentinelle.dz\/index.php\/wp-json\/wp\/v2\/users\/3"}],"replies":[{"embeddable":true,"href":"https:\/\/lasentinelle.dz\/index.php\/wp-json\/wp\/v2\/comments?post=54815"}],"version-history":[{"count":2,"href":"https:\/\/lasentinelle.dz\/index.php\/wp-json\/wp\/v2\/posts\/54815\/revisions"}],"predecessor-version":[{"id":54818,"href":"https:\/\/lasentinelle.dz\/index.php\/wp-json\/wp\/v2\/posts\/54815\/revisions\/54818"}],"wp:featuredmedia":[{"embeddable":true,"href":"https:\/\/lasentinelle.dz\/index.php\/wp-json\/wp\/v2\/media\/54816"}],"wp:attachment":[{"href":"https:\/\/lasentinelle.dz\/index.php\/wp-json\/wp\/v2\/media?parent=54815"}],"wp:term":[{"taxonomy":"category","embeddable":true,"href":"https:\/\/lasentinelle.dz\/index.php\/wp-json\/wp\/v2\/categories?post=54815"},{"taxonomy":"post_tag","embeddable":true,"href":"https:\/\/lasentinelle.dz\/index.php\/wp-json\/wp\/v2\/tags?post=54815"}],"curies":[{"name":"wp","href":"https:\/\/api.w.org\/{rel}","templated":true}]}}