{"id":54855,"date":"2024-07-25T15:14:18","date_gmt":"2024-07-25T14:14:18","guid":{"rendered":"https:\/\/lasentinelle.dz\/?p=54855"},"modified":"2024-07-25T15:14:20","modified_gmt":"2024-07-25T14:14:20","slug":"mercato-estival-du-mouvement-a-lusma-et-a-la-jss","status":"publish","type":"post","link":"https:\/\/lasentinelle.dz\/index.php\/2024\/07\/25\/mercato-estival-du-mouvement-a-lusma-et-a-la-jss\/","title":{"rendered":"Mercato estival : Du mouvement \u00e0 l&rsquo;USMA et \u00e0 la JSS"},"content":{"rendered":"\n<p>Alors que la saison 2024-2025 de la Ligue 1 Mobilis s&rsquo;annonce pour la mi-septembre, le march\u00e9 des transferts bat son plein. Les clubs s&rsquo;activent pour renforcer leurs effectifs, avec des mouvements significatifs qui laissent pr\u00e9sager une comp\u00e9tition intense pour le prochain exercice. L&rsquo;USM Alger, quatri\u00e8me du dernier championnat et qualifi\u00e9e pour la Coupe de la Conf\u00e9d\u00e9ration africaine, se positionne comme l&rsquo;un des acteurs majeurs de ce mercato. Le club de la capitale a certes perdu son jeune talent Abdessamed Bounacer (19 ans), transf\u00e9r\u00e9 \u00e0 Al-Sadd au Qatar pour un contrat de cinq ans. Cependant, cette perte est compens\u00e9e par l&rsquo;arriv\u00e9e de recrues de choix. Les \u00ab\u00a0Rouge et Noir\u00a0\u00bb ont frapp\u00e9 fort en s&rsquo;attachant les services de deux internationaux congolais en provenance du TP Mazembe : le d\u00e9fenseur central K\u00e9vin Mondeko, qui s&rsquo;est engag\u00e9 pour trois ans, et le milieu de terrain polyvalent Glody Likonza, li\u00e9 au club pour deux saisons. Ces arriv\u00e9es viennent renforcer un effectif d\u00e9j\u00e0 enrichi par les signatures du milieu offensif Houssam-Eddine Ghacha et du lat\u00e9ral gauche exp\u00e9riment\u00e9 Lyes Chetti (29 ans). Ces recrutements t\u00e9moignent de l&rsquo;ambition de l&rsquo;USMA pour la prochaine saison, tant sur le plan national qu&rsquo;continental. Le club alg\u00e9rois, exempt\u00e9 du premier tour pr\u00e9liminaire de la Coupe de la CAF, affrontera au deuxi\u00e8me tour le vainqueur de la confrontation entre Jamus FC (Soudan du Sud) et le Stade Tunisien. Si l&rsquo;USMA se renforce ponctuellement, la JS Saoura, elle, op\u00e8re une v\u00e9ritable r\u00e9volution dans son effectif. Le club de B\u00e9char, qui a termin\u00e9 \u00e0 une d\u00e9cevante 9e place la saison derni\u00e8re, a annonc\u00e9 l&rsquo;arriv\u00e9e de pas moins de huit nouvelles recrues, couvrant l&rsquo;ensemble des lignes de jeu Parmi les nouveaux visages, on retrouve le gardien Zakaria Haouli (ex-CR T\u00e9mouchent), les d\u00e9fenseurs Lyes Hadouche (ex-ES Ben Aknoun) et Azzedine Berriah (ex-MC El-Bayadh), le milieu de terrain Yacine Medane (ex-US Biskra), ainsi que les attaquants Oussama Bentaleb, Abbas Hamek, Kamel Belmiloud et Aymen Rahmani. Cette refonte massive s&rsquo;accompagne du d\u00e9part de cinq joueurs : Benali Ben Omar, Aymen Mouyat, Amine Benmiloud, Al-Cheikh Amiour et Abdelhak Abdelhafid.<\/p>\n\n\n\n<p>Ce remaniement d&rsquo;envergure s&rsquo;inscrit dans un contexte de transition plus large pour la JS Saoura. Le club est en n\u00e9gociations avanc\u00e9es avec un nouvel entra\u00eeneur, probablement Si Tahar Ch\u00e9rif El-Ouezzani, pour remplacer Fouad Bouali. De plus, suite \u00e0 la d\u00e9mission du pr\u00e9sident Hamlili Mamoune, un bureau dirigeant provisoire a \u00e9t\u00e9 mis en place pour 60 jours, en attendant la d\u00e9signation d&rsquo;un nouveau pr\u00e9sident.<\/p>\n\n\n\n<p>D&rsquo;autres clubs de Ligue 1 Mobilis sont \u00e9galement actifs sur le march\u00e9 des transferts. Le champion en titre, le MC Alger, cherche \u00e0 consolider sa position dominante, tandis que des \u00e9quipes comme le CS Constantine, \u00e9galement qualifi\u00e9 pour la Coupe de la CAF, travaillent en coulisses pour renforcer leurs effectifs. Les enjeux de ce mercato sont multiples. Au-del\u00e0 de la course au titre national, les clubs qualifi\u00e9s pour les comp\u00e9titions africaines (Ligue des Champions pour le MC Alger et le CR Belouizdad, Coupe de la CAF pour l&rsquo;USM Alger et le CS Constantine) cherchent \u00e0 se doter d&rsquo;effectifs comp\u00e9titifs sur la sc\u00e8ne continentale. Les \u00e9quipes ont entam\u00e9 ou s&rsquo;appr\u00eatent \u00e0 d\u00e9buter leur pr\u00e9paration estivale, incluant des stages en Alg\u00e9rie et \u00e0 l&rsquo;\u00e9tranger, notamment en Tunisie pour certains clubs.<\/p>\n\n\n\n<p>Ce d\u00e9but de mercato dynamique laisse pr\u00e9sager une saison 2024-2025 particuli\u00e8rement comp\u00e9titive en Ligue 1 Mobilis. Entre les ambitions renouvel\u00e9es de l&rsquo;USM Alger, la reconstruction spectaculaire de la JS Saoura, et les mouvements \u00e0 venir des autres cadors du championnat, le prochain exercice s&rsquo;annonce riche en enjeux et en suspense pour le football alg\u00e9rien.<\/p>\n\n\n\n<p><strong>Moncef Dahleb<\/strong><\/p>\n","protected":false},"excerpt":{"rendered":"<p>Alors que la saison 2024-2025 de la Ligue 1 Mobilis s&rsquo;annonce pour la mi-septembre, le march\u00e9 des transferts bat son<\/p>\n","protected":false},"author":3,"featured_media":43719,"comment_status":"open","ping_status":"closed","sticky":false,"template":"","format":"standard","meta":{"colormag_page_container_layout":"default_layout","colormag_page_sidebar_layout":"default_layout","om_disable_all_campaigns":false,"_monsterinsights_skip_tracking":false,"_monsterinsights_sitenote_active":false,"_monsterinsights_sitenote_note":"","_monsterinsights_sitenote_category":0,"footnotes":"","_wpscppro_dont_share_socialmedia":false,"_wpscppro_custom_social_share_image":0,"_facebook_share_type":"default","_twitter_share_type":"default","_linkedin_share_type":"default","_pinterest_share_type":"default","_linkedin_share_type_page":"","_instagram_share_type":"default","_medium_share_type":"","_threads_share_type":"","_google_business_share_type":"","_selected_social_profile":[],"_wpsp_enable_custom_social_template":false,"_wpsp_social_scheduling":{"enabled":false,"datetime":null,"platforms":[],"status":"template_only","dateOption":"today","timeOption":"now","customDays":"","customHours":"","customDate":"","customTime":"","schedulingType":"absolute"},"_wpsp_active_default_template":true},"categories":[33],"tags":[],"class_list":["post-54855","post","type-post","status-publish","format-standard","has-post-thumbnail","hentry","category-sports"],"aioseo_notices":[],"yoast_head":"<!-- This site is optimized with the Yoast SEO plugin v27.4 - https:\/\/yoast.com\/product\/yoast-seo-wordpress\/ -->\n<title>Mercato estival : Du mouvement \u00e0 l&rsquo;USMA et \u00e0 la JSS - La Sentinelle<\/title>\n<meta name=\"robots\" content=\"index, follow, max-snippet:-1, max-image-preview:large, max-video-preview:-1\" \/>\n<link rel=\"canonical\" href=\"https:\/\/lasentinelle.dz\/index.php\/2024\/07\/25\/mercato-estival-du-mouvement-a-lusma-et-a-la-jss\/\" \/>\n<meta property=\"og:locale\" content=\"fr_FR\" \/>\n<meta property=\"og:type\" content=\"article\" \/>\n<meta property=\"og:title\" content=\"Mercato estival : Du mouvement \u00e0 l&rsquo;USMA et \u00e0 la JSS - La Sentinelle\" \/>\n<meta property=\"og:description\" content=\"Alors que la saison 2024-2025 de la Ligue 1 Mobilis s&rsquo;annonce pour la mi-septembre, le march\u00e9 des transferts bat son\" \/>\n<meta property=\"og:url\" content=\"https:\/\/lasentinelle.dz\/index.php\/2024\/07\/25\/mercato-estival-du-mouvement-a-lusma-et-a-la-jss\/\" \/>\n<meta property=\"og:site_name\" content=\"La Sentinelle\" \/>\n<meta property=\"article:publisher\" content=\"https:\/\/www.facebook.com\/La-Sentinelle-104059864394773\" \/>\n<meta property=\"article:published_time\" content=\"2024-07-25T14:14:18+00:00\" \/>\n<meta property=\"article:modified_time\" content=\"2024-07-25T14:14:20+00:00\" \/>\n<meta property=\"og:image\" content=\"https:\/\/lasentinelle.dz\/wp-content\/uploads\/2023\/07\/Ligue-1.jpeg\" \/>\n\t<meta property=\"og:image:width\" content=\"580\" \/>\n\t<meta property=\"og:image:height\" content=\"350\" \/>\n\t<meta property=\"og:image:type\" content=\"image\/jpeg\" \/>\n<meta name=\"author\" content=\"La Sentinelle\" \/>\n<meta name=\"twitter:card\" content=\"summary_large_image\" \/>\n<meta name=\"twitter:label1\" content=\"\u00c9crit par\" \/>\n\t<meta name=\"twitter:data1\" content=\"La Sentinelle\" \/>\n\t<meta name=\"twitter:label2\" content=\"Dur\u00e9e de lecture estim\u00e9e\" \/>\n\t<meta name=\"twitter:data2\" content=\"4 minutes\" \/>\n<script type=\"application\/ld+json\" class=\"yoast-schema-graph\">{\"@context\":\"https:\\\/\\\/schema.org\",\"@graph\":[{\"@type\":\"Article\",\"@id\":\"https:\\\/\\\/lasentinelle.dz\\\/index.php\\\/2024\\\/07\\\/25\\\/mercato-estival-du-mouvement-a-lusma-et-a-la-jss\\\/#article\",\"isPartOf\":{\"@id\":\"https:\\\/\\\/lasentinelle.dz\\\/index.php\\\/2024\\\/07\\\/25\\\/mercato-estival-du-mouvement-a-lusma-et-a-la-jss\\\/\"},\"author\":{\"name\":\"La Sentinelle\",\"@id\":\"https:\\\/\\\/lasentinelle.dz\\\/#\\\/schema\\\/person\\\/d865044e22e70a75174ce8bcad3acfb3\"},\"headline\":\"Mercato estival : Du mouvement \u00e0 l&rsquo;USMA et \u00e0 la JSS\",\"datePublished\":\"2024-07-25T14:14:18+00:00\",\"dateModified\":\"2024-07-25T14:14:20+00:00\",\"mainEntityOfPage\":{\"@id\":\"https:\\\/\\\/lasentinelle.dz\\\/index.php\\\/2024\\\/07\\\/25\\\/mercato-estival-du-mouvement-a-lusma-et-a-la-jss\\\/\"},\"wordCount\":655,\"commentCount\":0,\"publisher\":{\"@id\":\"https:\\\/\\\/lasentinelle.dz\\\/#organization\"},\"image\":{\"@id\":\"https:\\\/\\\/lasentinelle.dz\\\/index.php\\\/2024\\\/07\\\/25\\\/mercato-estival-du-mouvement-a-lusma-et-a-la-jss\\\/#primaryimage\"},\"thumbnailUrl\":\"https:\\\/\\\/lasentinelle.dz\\\/wp-content\\\/uploads\\\/2023\\\/07\\\/Ligue-1.jpeg\",\"articleSection\":[\"Sports\"],\"inLanguage\":\"fr-FR\",\"potentialAction\":[{\"@type\":\"CommentAction\",\"name\":\"Comment\",\"target\":[\"https:\\\/\\\/lasentinelle.dz\\\/index.php\\\/2024\\\/07\\\/25\\\/mercato-estival-du-mouvement-a-lusma-et-a-la-jss\\\/#respond\"]}]},{\"@type\":\"WebPage\",\"@id\":\"https:\\\/\\\/lasentinelle.dz\\\/index.php\\\/2024\\\/07\\\/25\\\/mercato-estival-du-mouvement-a-lusma-et-a-la-jss\\\/\",\"url\":\"https:\\\/\\\/lasentinelle.dz\\\/index.php\\\/2024\\\/07\\\/25\\\/mercato-estival-du-mouvement-a-lusma-et-a-la-jss\\\/\",\"name\":\"Mercato estival : Du mouvement \u00e0 l&rsquo;USMA et \u00e0 la JSS - La Sentinelle\",\"isPartOf\":{\"@id\":\"https:\\\/\\\/lasentinelle.dz\\\/#website\"},\"primaryImageOfPage\":{\"@id\":\"https:\\\/\\\/lasentinelle.dz\\\/index.php\\\/2024\\\/07\\\/25\\\/mercato-estival-du-mouvement-a-lusma-et-a-la-jss\\\/#primaryimage\"},\"image\":{\"@id\":\"https:\\\/\\\/lasentinelle.dz\\\/index.php\\\/2024\\\/07\\\/25\\\/mercato-estival-du-mouvement-a-lusma-et-a-la-jss\\\/#primaryimage\"},\"thumbnailUrl\":\"https:\\\/\\\/lasentinelle.dz\\\/wp-content\\\/uploads\\\/2023\\\/07\\\/Ligue-1.jpeg\",\"datePublished\":\"2024-07-25T14:14:18+00:00\",\"dateModified\":\"2024-07-25T14:14:20+00:00\",\"breadcrumb\":{\"@id\":\"https:\\\/\\\/lasentinelle.dz\\\/index.php\\\/2024\\\/07\\\/25\\\/mercato-estival-du-mouvement-a-lusma-et-a-la-jss\\\/#breadcrumb\"},\"inLanguage\":\"fr-FR\",\"potentialAction\":[{\"@type\":\"ReadAction\",\"target\":[\"https:\\\/\\\/lasentinelle.dz\\\/index.php\\\/2024\\\/07\\\/25\\\/mercato-estival-du-mouvement-a-lusma-et-a-la-jss\\\/\"]}]},{\"@type\":\"ImageObject\",\"inLanguage\":\"fr-FR\",\"@id\":\"https:\\\/\\\/lasentinelle.dz\\\/index.php\\\/2024\\\/07\\\/25\\\/mercato-estival-du-mouvement-a-lusma-et-a-la-jss\\\/#primaryimage\",\"url\":\"https:\\\/\\\/lasentinelle.dz\\\/wp-content\\\/uploads\\\/2023\\\/07\\\/Ligue-1.jpeg\",\"contentUrl\":\"https:\\\/\\\/lasentinelle.dz\\\/wp-content\\\/uploads\\\/2023\\\/07\\\/Ligue-1.jpeg\",\"width\":580,\"height\":350},{\"@type\":\"BreadcrumbList\",\"@id\":\"https:\\\/\\\/lasentinelle.dz\\\/index.php\\\/2024\\\/07\\\/25\\\/mercato-estival-du-mouvement-a-lusma-et-a-la-jss\\\/#breadcrumb\",\"itemListElement\":[{\"@type\":\"ListItem\",\"position\":1,\"name\":\"Accueil\",\"item\":\"https:\\\/\\\/lasentinelle.dz\\\/\"},{\"@type\":\"ListItem\",\"position\":2,\"name\":\"Mercato estival : Du mouvement \u00e0 l&rsquo;USMA et \u00e0 la JSS\"}]},{\"@type\":\"WebSite\",\"@id\":\"https:\\\/\\\/lasentinelle.dz\\\/#website\",\"url\":\"https:\\\/\\\/lasentinelle.dz\\\/\",\"name\":\"La Sentinelle\",\"description\":\"Quotidien national d&#039;information\",\"publisher\":{\"@id\":\"https:\\\/\\\/lasentinelle.dz\\\/#organization\"},\"potentialAction\":[{\"@type\":\"SearchAction\",\"target\":{\"@type\":\"EntryPoint\",\"urlTemplate\":\"https:\\\/\\\/lasentinelle.dz\\\/?s={search_term_string}\"},\"query-input\":{\"@type\":\"PropertyValueSpecification\",\"valueRequired\":true,\"valueName\":\"search_term_string\"}}],\"inLanguage\":\"fr-FR\"},{\"@type\":\"Organization\",\"@id\":\"https:\\\/\\\/lasentinelle.dz\\\/#organization\",\"name\":\"Quotidien La Sentinelle\",\"url\":\"https:\\\/\\\/lasentinelle.dz\\\/\",\"logo\":{\"@type\":\"ImageObject\",\"inLanguage\":\"fr-FR\",\"@id\":\"https:\\\/\\\/lasentinelle.dz\\\/#\\\/schema\\\/logo\\\/image\\\/\",\"url\":\"https:\\\/\\\/lasentinelle.dz\\\/wp-content\\\/uploads\\\/2021\\\/09\\\/logo-sentinelleSLOGAN-1.png\",\"contentUrl\":\"https:\\\/\\\/lasentinelle.dz\\\/wp-content\\\/uploads\\\/2021\\\/09\\\/logo-sentinelleSLOGAN-1.png\",\"width\":615,\"height\":142,\"caption\":\"Quotidien La Sentinelle\"},\"image\":{\"@id\":\"https:\\\/\\\/lasentinelle.dz\\\/#\\\/schema\\\/logo\\\/image\\\/\"},\"sameAs\":[\"https:\\\/\\\/www.facebook.com\\\/La-Sentinelle-104059864394773\"]},{\"@type\":\"Person\",\"@id\":\"https:\\\/\\\/lasentinelle.dz\\\/#\\\/schema\\\/person\\\/d865044e22e70a75174ce8bcad3acfb3\",\"name\":\"La Sentinelle\",\"image\":{\"@type\":\"ImageObject\",\"inLanguage\":\"fr-FR\",\"@id\":\"https:\\\/\\\/secure.gravatar.com\\\/avatar\\\/57de8e5d4b15d43fb361a71fbb36338450fe67865b528a43dd10ef7c51a20392?s=96&d=mm&r=g\",\"url\":\"https:\\\/\\\/secure.gravatar.com\\\/avatar\\\/57de8e5d4b15d43fb361a71fbb36338450fe67865b528a43dd10ef7c51a20392?s=96&d=mm&r=g\",\"contentUrl\":\"https:\\\/\\\/secure.gravatar.com\\\/avatar\\\/57de8e5d4b15d43fb361a71fbb36338450fe67865b528a43dd10ef7c51a20392?s=96&d=mm&r=g\",\"caption\":\"La Sentinelle\"},\"sameAs\":[\"http:\\\/\\\/www.lasentinelle.dz\"],\"url\":\"https:\\\/\\\/lasentinelle.dz\\\/author\\\/redaction\\\/\"}]}<\/script>\n<!-- \/ Yoast SEO plugin. -->","yoast_head_json":{"title":"Mercato estival : Du mouvement \u00e0 l&rsquo;USMA et \u00e0 la JSS - La Sentinelle","robots":{"index":"index","follow":"follow","max-snippet":"max-snippet:-1","max-image-preview":"max-image-preview:large","max-video-preview":"max-video-preview:-1"},"canonical":"https:\/\/lasentinelle.dz\/index.php\/2024\/07\/25\/mercato-estival-du-mouvement-a-lusma-et-a-la-jss\/","og_locale":"fr_FR","og_type":"article","og_title":"Mercato estival : Du mouvement \u00e0 l&rsquo;USMA et \u00e0 la JSS - La Sentinelle","og_description":"Alors que la saison 2024-2025 de la Ligue 1 Mobilis s&rsquo;annonce pour la mi-septembre, le march\u00e9 des transferts bat son","og_url":"https:\/\/lasentinelle.dz\/index.php\/2024\/07\/25\/mercato-estival-du-mouvement-a-lusma-et-a-la-jss\/","og_site_name":"La Sentinelle","article_publisher":"https:\/\/www.facebook.com\/La-Sentinelle-104059864394773","article_published_time":"2024-07-25T14:14:18+00:00","article_modified_time":"2024-07-25T14:14:20+00:00","og_image":[{"width":580,"height":350,"url":"https:\/\/lasentinelle.dz\/wp-content\/uploads\/2023\/07\/Ligue-1.jpeg","type":"image\/jpeg"}],"author":"La Sentinelle","twitter_card":"summary_large_image","twitter_misc":{"\u00c9crit par":"La Sentinelle","Dur\u00e9e de lecture estim\u00e9e":"4 minutes"},"schema":{"@context":"https:\/\/schema.org","@graph":[{"@type":"Article","@id":"https:\/\/lasentinelle.dz\/index.php\/2024\/07\/25\/mercato-estival-du-mouvement-a-lusma-et-a-la-jss\/#article","isPartOf":{"@id":"https:\/\/lasentinelle.dz\/index.php\/2024\/07\/25\/mercato-estival-du-mouvement-a-lusma-et-a-la-jss\/"},"author":{"name":"La Sentinelle","@id":"https:\/\/lasentinelle.dz\/#\/schema\/person\/d865044e22e70a75174ce8bcad3acfb3"},"headline":"Mercato estival : Du mouvement \u00e0 l&rsquo;USMA et \u00e0 la JSS","datePublished":"2024-07-25T14:14:18+00:00","dateModified":"2024-07-25T14:14:20+00:00","mainEntityOfPage":{"@id":"https:\/\/lasentinelle.dz\/index.php\/2024\/07\/25\/mercato-estival-du-mouvement-a-lusma-et-a-la-jss\/"},"wordCount":655,"commentCount":0,"publisher":{"@id":"https:\/\/lasentinelle.dz\/#organization"},"image":{"@id":"https:\/\/lasentinelle.dz\/index.php\/2024\/07\/25\/mercato-estival-du-mouvement-a-lusma-et-a-la-jss\/#primaryimage"},"thumbnailUrl":"https:\/\/lasentinelle.dz\/wp-content\/uploads\/2023\/07\/Ligue-1.jpeg","articleSection":["Sports"],"inLanguage":"fr-FR","potentialAction":[{"@type":"CommentAction","name":"Comment","target":["https:\/\/lasentinelle.dz\/index.php\/2024\/07\/25\/mercato-estival-du-mouvement-a-lusma-et-a-la-jss\/#respond"]}]},{"@type":"WebPage","@id":"https:\/\/lasentinelle.dz\/index.php\/2024\/07\/25\/mercato-estival-du-mouvement-a-lusma-et-a-la-jss\/","url":"https:\/\/lasentinelle.dz\/index.php\/2024\/07\/25\/mercato-estival-du-mouvement-a-lusma-et-a-la-jss\/","name":"Mercato estival : Du mouvement \u00e0 l&rsquo;USMA et \u00e0 la JSS - La Sentinelle","isPartOf":{"@id":"https:\/\/lasentinelle.dz\/#website"},"primaryImageOfPage":{"@id":"https:\/\/lasentinelle.dz\/index.php\/2024\/07\/25\/mercato-estival-du-mouvement-a-lusma-et-a-la-jss\/#primaryimage"},"image":{"@id":"https:\/\/lasentinelle.dz\/index.php\/2024\/07\/25\/mercato-estival-du-mouvement-a-lusma-et-a-la-jss\/#primaryimage"},"thumbnailUrl":"https:\/\/lasentinelle.dz\/wp-content\/uploads\/2023\/07\/Ligue-1.jpeg","datePublished":"2024-07-25T14:14:18+00:00","dateModified":"2024-07-25T14:14:20+00:00","breadcrumb":{"@id":"https:\/\/lasentinelle.dz\/index.php\/2024\/07\/25\/mercato-estival-du-mouvement-a-lusma-et-a-la-jss\/#breadcrumb"},"inLanguage":"fr-FR","potentialAction":[{"@type":"ReadAction","target":["https:\/\/lasentinelle.dz\/index.php\/2024\/07\/25\/mercato-estival-du-mouvement-a-lusma-et-a-la-jss\/"]}]},{"@type":"ImageObject","inLanguage":"fr-FR","@id":"https:\/\/lasentinelle.dz\/index.php\/2024\/07\/25\/mercato-estival-du-mouvement-a-lusma-et-a-la-jss\/#primaryimage","url":"https:\/\/lasentinelle.dz\/wp-content\/uploads\/2023\/07\/Ligue-1.jpeg","contentUrl":"https:\/\/lasentinelle.dz\/wp-content\/uploads\/2023\/07\/Ligue-1.jpeg","width":580,"height":350},{"@type":"BreadcrumbList","@id":"https:\/\/lasentinelle.dz\/index.php\/2024\/07\/25\/mercato-estival-du-mouvement-a-lusma-et-a-la-jss\/#breadcrumb","itemListElement":[{"@type":"ListItem","position":1,"name":"Accueil","item":"https:\/\/lasentinelle.dz\/"},{"@type":"ListItem","position":2,"name":"Mercato estival : Du mouvement \u00e0 l&rsquo;USMA et \u00e0 la JSS"}]},{"@type":"WebSite","@id":"https:\/\/lasentinelle.dz\/#website","url":"https:\/\/lasentinelle.dz\/","name":"La Sentinelle","description":"Quotidien national d&#039;information","publisher":{"@id":"https:\/\/lasentinelle.dz\/#organization"},"potentialAction":[{"@type":"SearchAction","target":{"@type":"EntryPoint","urlTemplate":"https:\/\/lasentinelle.dz\/?s={search_term_string}"},"query-input":{"@type":"PropertyValueSpecification","valueRequired":true,"valueName":"search_term_string"}}],"inLanguage":"fr-FR"},{"@type":"Organization","@id":"https:\/\/lasentinelle.dz\/#organization","name":"Quotidien La Sentinelle","url":"https:\/\/lasentinelle.dz\/","logo":{"@type":"ImageObject","inLanguage":"fr-FR","@id":"https:\/\/lasentinelle.dz\/#\/schema\/logo\/image\/","url":"https:\/\/lasentinelle.dz\/wp-content\/uploads\/2021\/09\/logo-sentinelleSLOGAN-1.png","contentUrl":"https:\/\/lasentinelle.dz\/wp-content\/uploads\/2021\/09\/logo-sentinelleSLOGAN-1.png","width":615,"height":142,"caption":"Quotidien La Sentinelle"},"image":{"@id":"https:\/\/lasentinelle.dz\/#\/schema\/logo\/image\/"},"sameAs":["https:\/\/www.facebook.com\/La-Sentinelle-104059864394773"]},{"@type":"Person","@id":"https:\/\/lasentinelle.dz\/#\/schema\/person\/d865044e22e70a75174ce8bcad3acfb3","name":"La Sentinelle","image":{"@type":"ImageObject","inLanguage":"fr-FR","@id":"https:\/\/secure.gravatar.com\/avatar\/57de8e5d4b15d43fb361a71fbb36338450fe67865b528a43dd10ef7c51a20392?s=96&d=mm&r=g","url":"https:\/\/secure.gravatar.com\/avatar\/57de8e5d4b15d43fb361a71fbb36338450fe67865b528a43dd10ef7c51a20392?s=96&d=mm&r=g","contentUrl":"https:\/\/secure.gravatar.com\/avatar\/57de8e5d4b15d43fb361a71fbb36338450fe67865b528a43dd10ef7c51a20392?s=96&d=mm&r=g","caption":"La Sentinelle"},"sameAs":["http:\/\/www.lasentinelle.dz"],"url":"https:\/\/lasentinelle.dz\/author\/redaction\/"}]}},"_links":{"self":[{"href":"https:\/\/lasentinelle.dz\/index.php\/wp-json\/wp\/v2\/posts\/54855","targetHints":{"allow":["GET"]}}],"collection":[{"href":"https:\/\/lasentinelle.dz\/index.php\/wp-json\/wp\/v2\/posts"}],"about":[{"href":"https:\/\/lasentinelle.dz\/index.php\/wp-json\/wp\/v2\/types\/post"}],"author":[{"embeddable":true,"href":"https:\/\/lasentinelle.dz\/index.php\/wp-json\/wp\/v2\/users\/3"}],"replies":[{"embeddable":true,"href":"https:\/\/lasentinelle.dz\/index.php\/wp-json\/wp\/v2\/comments?post=54855"}],"version-history":[{"count":2,"href":"https:\/\/lasentinelle.dz\/index.php\/wp-json\/wp\/v2\/posts\/54855\/revisions"}],"predecessor-version":[{"id":54857,"href":"https:\/\/lasentinelle.dz\/index.php\/wp-json\/wp\/v2\/posts\/54855\/revisions\/54857"}],"wp:featuredmedia":[{"embeddable":true,"href":"https:\/\/lasentinelle.dz\/index.php\/wp-json\/wp\/v2\/media\/43719"}],"wp:attachment":[{"href":"https:\/\/lasentinelle.dz\/index.php\/wp-json\/wp\/v2\/media?parent=54855"}],"wp:term":[{"taxonomy":"category","embeddable":true,"href":"https:\/\/lasentinelle.dz\/index.php\/wp-json\/wp\/v2\/categories?post=54855"},{"taxonomy":"post_tag","embeddable":true,"href":"https:\/\/lasentinelle.dz\/index.php\/wp-json\/wp\/v2\/tags?post=54855"}],"curies":[{"name":"wp","href":"https:\/\/api.w.org\/{rel}","templated":true}]}}