{"id":54858,"date":"2024-07-25T15:20:03","date_gmt":"2024-07-25T14:20:03","guid":{"rendered":"https:\/\/lasentinelle.dz\/?p=54858"},"modified":"2024-07-25T15:20:04","modified_gmt":"2024-07-25T14:20:04","slug":"jo-de-paris-2024-place-a-la-grand-messe-du-sport","status":"publish","type":"post","link":"https:\/\/lasentinelle.dz\/index.php\/2024\/07\/25\/jo-de-paris-2024-place-a-la-grand-messe-du-sport\/","title":{"rendered":"JO de Paris-2024: Place \u00e0 la grand-messe du sport"},"content":{"rendered":"\n<p>Paris se pr\u00e9pare \u00e0 l&rsquo;ouverture officielle des Jeux Olympiques d&rsquo;\u00e9t\u00e9 pr\u00e9vue demain. Pour la premi\u00e8re fois depuis 1900, la capitale fran\u00e7aise accueille cet \u00e9v\u00e9nement sportif majeur, marquant ainsi le retour des Jeux dans l&rsquo;Hexagone apr\u00e8s un si\u00e8cle d&rsquo;attente.<\/p>\n\n\n\n<p>Rompant avec la tradition des c\u00e9r\u00e9monies d&rsquo;ouverture dans un stade, Paris 2024 a choisi d&rsquo;innover en organisant un spectacle grandiose sur la Seine. Plus de 10 000 athl\u00e8tes d\u00e9fileront sur des bateaux le long du fleuve, offrant un panorama exceptionnel des monuments embl\u00e9matiques de la capitale. Les quais de Seine, transform\u00e9s en tribunes g\u00e9antes, pourront accueillir pr\u00e8s de 500 000 spectateurs.<\/p>\n\n\n\n<p>Des performances artistiques auront lieu sur les ponts et les berges, m\u00ealant danse, musique et acrobaties pour c\u00e9l\u00e9brer la culture fran\u00e7aise et les valeurs olympiques.<\/p>\n\n\n\n<p>Le point d&rsquo;orgue de la soir\u00e9e sera l&rsquo;allumage de la flamme olympique, dont l&#8217;emplacement et le porteur final restent encore secrets. On estime que plus de 15 millions de visiteurs sont attendus durant la p\u00e9riode olympique, g\u00e9n\u00e9rant des retomb\u00e9es \u00e9conomiques \u00e9valu\u00e9es \u00e0 plusieurs milliards d&rsquo;euros. Cependant, plusieurs obstacles de derni\u00e8re minute viennent assombrir le tableau. L&rsquo;ambitieuse c\u00e9r\u00e9monie d&rsquo;ouverture sur la Seine pourrait \u00eatre compromise par les pr\u00e9visions m\u00e9t\u00e9orologiques d\u00e9favorables. Les organisateurs surveillent de pr\u00e8s la situation, envisageant des plans de repli pour prot\u00e9ger athl\u00e8tes et public en cas d&rsquo;intemp\u00e9ries. Aussi, et \u00e0 quelques jours du d\u00e9but des comp\u00e9titions, certains sites soul\u00e8vent encore des inqui\u00e9tudes. Le pr\u00e9sident de la F\u00e9d\u00e9ration Internationale de Judo, Marius Vizer, a exprim\u00e9 son m\u00e9contentement concernant l&rsquo;Arena Champ-de-Mars, affirmant que le site \u00ab\u00a0n&rsquo;est pas pr\u00eat\u00a0\u00bb \u00e0 accueillir les \u00e9preuves de judo d\u00e8s le 27 juillet. Cette situation met en lumi\u00e8re les d\u00e9fis logistiques auxquels font face les organisateurs. La pand\u00e9mie de Covid-19 continue de planer sur l&rsquo;\u00e9v\u00e9nement. Plusieurs athl\u00e8tes belges ont \u00e9t\u00e9 test\u00e9s positifs, retardant leur arriv\u00e9e \u00e0 Paris. &nbsp;Cette situation ravive les craintes d&rsquo;une propagation du virus. Notons qu&rsquo;\u00e0 l&rsquo;occasion de ces jeux, le secr\u00e9taire g\u00e9n\u00e9ral de l\u2019ONU, Antonio Guterres, a appel\u00e9 mardi \u00ab tout le monde \u00e0 d\u00e9poser les armes \u00bb. Notons que les comp\u00e9titions pr\u00e9vues dans le cadre de la comp\u00e9tition olympique ont d\u00e9j\u00e0 commenc\u00e9 hier avec les premiers matchs du tournoi de football masculin, tandis que le tournoi de football f\u00e9minin commence aujourd&rsquo;hui.<\/p>\n\n\n\n<p><strong>L&rsquo;Alg\u00e9rie affiche de grandes ambitions<\/strong><\/p>\n\n\n\n<p>Notons que l&rsquo;Alg\u00e9rie esp\u00e8re, avec une d\u00e9l\u00e9gation de 46 athl\u00e8tes engag\u00e9s dans 15 disciplines, renouer avec les m\u00e9dailles apr\u00e8s une participation d\u00e9cevante \u00e0 Tokyo en 2020. Soixante ans apr\u00e8s sa premi\u00e8re participation aux Jeux de Tokyo en 1964, l\u2019Alg\u00e9rie aborde donc ces Jeux de Paris avec un m\u00e9lange d\u2019exp\u00e9rience et de jeunesse talentueuse. Le pays esp\u00e8re ainsi marquer de son empreinte cette 34e \u00e9dition des Jeux Olympiques d\u2019\u00e9t\u00e9 et confirmer sa place parmi les nations sportives majeures du continent africain. Les espoirs de m\u00e9dailles reposent sur plusieurs disciplines. En athl\u00e9tisme, Djamel Sedjati, meilleur performeur mondial de l\u2019ann\u00e9e au 800m, incarne les plus grandes chances de l\u2019Alg\u00e9rie. Outre Sedjati, l\u2019Alg\u00e9rie aura deux autres athl\u00e8tes de niveau mondial qui peuvent pr\u00e9tendre \u00e0 un podium olympique, Slimane Moula (800 m) et Mohamed-Yasser Triki (triple saut. La boxeuse Imane Khelif (66 kg) vise \u00e9galement le podium, tout comme la gymnaste prodige Kaylia Nemour (17 ans), qui domine la discipline des barres asym\u00e9triques. L\u2019halt\u00e9rophile Walid Bidani, priv\u00e9 de comp\u00e9tition \u00e0 Tokyo en raison du Covid-19, cherchera sa revanche \u00e0 Paris. La lutte, avec 8 athl\u00e8tes dont le duo prometteur Bachir Sid Azara et Abdelkarim Fergat, pourrait cr\u00e9er la surprise. Le Judo avec 3 repr\u00e9sentants dont une fille, aura pour mission de r\u00e9\u00e9diter les performances d\u2019un certain Amar Benikhlef (m\u00e9daill\u00e9 d\u2019argent) et Soraya Haddad (bronze) aux JO-2008 \u00e0 P\u00e9kin. La lourde tache reposera sur les \u00e9paules de Driss Messaoud (-73 kg), Amina Belkadi (-63 kg) et Mehdi Lili (+100 kg), une mission qui s\u2019annonce cependant ardue. Les autres disciplines: escrime, tir sportif, aviron, tennis de table, cyclisme, natation, badminton , cano\u00eb-kayak et voile, saisiront ce rendez-vous sportif plan\u00e9taire pour se mesurer aux grands champions, et gagner en maturit\u00e9 et exp\u00e9rience.<\/p>\n\n\n\n<p>Moncef Dahleb<\/p>\n","protected":false},"excerpt":{"rendered":"<p>Paris se pr\u00e9pare \u00e0 l&rsquo;ouverture officielle des Jeux Olympiques d&rsquo;\u00e9t\u00e9 pr\u00e9vue demain. Pour la premi\u00e8re fois depuis 1900, la capitale<\/p>\n","protected":false},"author":3,"featured_media":54859,"comment_status":"open","ping_status":"closed","sticky":false,"template":"","format":"standard","meta":{"colormag_page_container_layout":"default_layout","colormag_page_sidebar_layout":"default_layout","om_disable_all_campaigns":false,"_monsterinsights_skip_tracking":false,"_monsterinsights_sitenote_active":false,"_monsterinsights_sitenote_note":"","_monsterinsights_sitenote_category":0,"footnotes":"","_wpscppro_dont_share_socialmedia":false,"_wpscppro_custom_social_share_image":0,"_facebook_share_type":"default","_twitter_share_type":"default","_linkedin_share_type":"default","_pinterest_share_type":"default","_linkedin_share_type_page":"","_instagram_share_type":"default","_medium_share_type":"","_threads_share_type":"","_google_business_share_type":"","_selected_social_profile":[],"_wpsp_enable_custom_social_template":false,"_wpsp_social_scheduling":{"enabled":false,"datetime":null,"platforms":[],"status":"template_only","dateOption":"today","timeOption":"now","customDays":"","customHours":"","customDate":"","customTime":"","schedulingType":"absolute"},"_wpsp_active_default_template":true},"categories":[33],"tags":[],"class_list":["post-54858","post","type-post","status-publish","format-standard","has-post-thumbnail","hentry","category-sports"],"aioseo_notices":[],"yoast_head":"<!-- This site is optimized with the Yoast SEO plugin v27.4 - https:\/\/yoast.com\/product\/yoast-seo-wordpress\/ -->\n<title>JO de Paris-2024: Place \u00e0 la grand-messe du sport - La Sentinelle<\/title>\n<meta name=\"robots\" content=\"index, follow, max-snippet:-1, max-image-preview:large, max-video-preview:-1\" \/>\n<link rel=\"canonical\" href=\"https:\/\/lasentinelle.dz\/index.php\/2024\/07\/25\/jo-de-paris-2024-place-a-la-grand-messe-du-sport\/\" \/>\n<meta property=\"og:locale\" content=\"fr_FR\" \/>\n<meta property=\"og:type\" content=\"article\" \/>\n<meta property=\"og:title\" content=\"JO de Paris-2024: Place \u00e0 la grand-messe du sport - La Sentinelle\" \/>\n<meta property=\"og:description\" content=\"Paris se pr\u00e9pare \u00e0 l&rsquo;ouverture officielle des Jeux Olympiques d&rsquo;\u00e9t\u00e9 pr\u00e9vue demain. Pour la premi\u00e8re fois depuis 1900, la capitale\" \/>\n<meta property=\"og:url\" content=\"https:\/\/lasentinelle.dz\/index.php\/2024\/07\/25\/jo-de-paris-2024-place-a-la-grand-messe-du-sport\/\" \/>\n<meta property=\"og:site_name\" content=\"La Sentinelle\" \/>\n<meta property=\"article:publisher\" content=\"https:\/\/www.facebook.com\/La-Sentinelle-104059864394773\" \/>\n<meta property=\"article:published_time\" content=\"2024-07-25T14:20:03+00:00\" \/>\n<meta property=\"article:modified_time\" content=\"2024-07-25T14:20:04+00:00\" \/>\n<meta property=\"og:image\" content=\"https:\/\/lasentinelle.dz\/wp-content\/uploads\/2024\/07\/JO.jpg\" \/>\n\t<meta property=\"og:image:width\" content=\"1366\" \/>\n\t<meta property=\"og:image:height\" content=\"768\" \/>\n\t<meta property=\"og:image:type\" content=\"image\/jpeg\" \/>\n<meta name=\"author\" content=\"La Sentinelle\" \/>\n<meta name=\"twitter:card\" content=\"summary_large_image\" \/>\n<meta name=\"twitter:label1\" content=\"\u00c9crit par\" \/>\n\t<meta name=\"twitter:data1\" content=\"La Sentinelle\" \/>\n\t<meta name=\"twitter:label2\" content=\"Dur\u00e9e de lecture estim\u00e9e\" \/>\n\t<meta name=\"twitter:data2\" content=\"4 minutes\" \/>\n<script type=\"application\/ld+json\" class=\"yoast-schema-graph\">{\"@context\":\"https:\\\/\\\/schema.org\",\"@graph\":[{\"@type\":\"Article\",\"@id\":\"https:\\\/\\\/lasentinelle.dz\\\/index.php\\\/2024\\\/07\\\/25\\\/jo-de-paris-2024-place-a-la-grand-messe-du-sport\\\/#article\",\"isPartOf\":{\"@id\":\"https:\\\/\\\/lasentinelle.dz\\\/index.php\\\/2024\\\/07\\\/25\\\/jo-de-paris-2024-place-a-la-grand-messe-du-sport\\\/\"},\"author\":{\"name\":\"La Sentinelle\",\"@id\":\"https:\\\/\\\/lasentinelle.dz\\\/#\\\/schema\\\/person\\\/d865044e22e70a75174ce8bcad3acfb3\"},\"headline\":\"JO de Paris-2024: Place \u00e0 la grand-messe du sport\",\"datePublished\":\"2024-07-25T14:20:03+00:00\",\"dateModified\":\"2024-07-25T14:20:04+00:00\",\"mainEntityOfPage\":{\"@id\":\"https:\\\/\\\/lasentinelle.dz\\\/index.php\\\/2024\\\/07\\\/25\\\/jo-de-paris-2024-place-a-la-grand-messe-du-sport\\\/\"},\"wordCount\":761,\"commentCount\":0,\"publisher\":{\"@id\":\"https:\\\/\\\/lasentinelle.dz\\\/#organization\"},\"image\":{\"@id\":\"https:\\\/\\\/lasentinelle.dz\\\/index.php\\\/2024\\\/07\\\/25\\\/jo-de-paris-2024-place-a-la-grand-messe-du-sport\\\/#primaryimage\"},\"thumbnailUrl\":\"https:\\\/\\\/lasentinelle.dz\\\/wp-content\\\/uploads\\\/2024\\\/07\\\/JO.jpg\",\"articleSection\":[\"Sports\"],\"inLanguage\":\"fr-FR\",\"potentialAction\":[{\"@type\":\"CommentAction\",\"name\":\"Comment\",\"target\":[\"https:\\\/\\\/lasentinelle.dz\\\/index.php\\\/2024\\\/07\\\/25\\\/jo-de-paris-2024-place-a-la-grand-messe-du-sport\\\/#respond\"]}]},{\"@type\":\"WebPage\",\"@id\":\"https:\\\/\\\/lasentinelle.dz\\\/index.php\\\/2024\\\/07\\\/25\\\/jo-de-paris-2024-place-a-la-grand-messe-du-sport\\\/\",\"url\":\"https:\\\/\\\/lasentinelle.dz\\\/index.php\\\/2024\\\/07\\\/25\\\/jo-de-paris-2024-place-a-la-grand-messe-du-sport\\\/\",\"name\":\"JO de Paris-2024: Place \u00e0 la grand-messe du sport - La Sentinelle\",\"isPartOf\":{\"@id\":\"https:\\\/\\\/lasentinelle.dz\\\/#website\"},\"primaryImageOfPage\":{\"@id\":\"https:\\\/\\\/lasentinelle.dz\\\/index.php\\\/2024\\\/07\\\/25\\\/jo-de-paris-2024-place-a-la-grand-messe-du-sport\\\/#primaryimage\"},\"image\":{\"@id\":\"https:\\\/\\\/lasentinelle.dz\\\/index.php\\\/2024\\\/07\\\/25\\\/jo-de-paris-2024-place-a-la-grand-messe-du-sport\\\/#primaryimage\"},\"thumbnailUrl\":\"https:\\\/\\\/lasentinelle.dz\\\/wp-content\\\/uploads\\\/2024\\\/07\\\/JO.jpg\",\"datePublished\":\"2024-07-25T14:20:03+00:00\",\"dateModified\":\"2024-07-25T14:20:04+00:00\",\"breadcrumb\":{\"@id\":\"https:\\\/\\\/lasentinelle.dz\\\/index.php\\\/2024\\\/07\\\/25\\\/jo-de-paris-2024-place-a-la-grand-messe-du-sport\\\/#breadcrumb\"},\"inLanguage\":\"fr-FR\",\"potentialAction\":[{\"@type\":\"ReadAction\",\"target\":[\"https:\\\/\\\/lasentinelle.dz\\\/index.php\\\/2024\\\/07\\\/25\\\/jo-de-paris-2024-place-a-la-grand-messe-du-sport\\\/\"]}]},{\"@type\":\"ImageObject\",\"inLanguage\":\"fr-FR\",\"@id\":\"https:\\\/\\\/lasentinelle.dz\\\/index.php\\\/2024\\\/07\\\/25\\\/jo-de-paris-2024-place-a-la-grand-messe-du-sport\\\/#primaryimage\",\"url\":\"https:\\\/\\\/lasentinelle.dz\\\/wp-content\\\/uploads\\\/2024\\\/07\\\/JO.jpg\",\"contentUrl\":\"https:\\\/\\\/lasentinelle.dz\\\/wp-content\\\/uploads\\\/2024\\\/07\\\/JO.jpg\",\"width\":1366,\"height\":768},{\"@type\":\"BreadcrumbList\",\"@id\":\"https:\\\/\\\/lasentinelle.dz\\\/index.php\\\/2024\\\/07\\\/25\\\/jo-de-paris-2024-place-a-la-grand-messe-du-sport\\\/#breadcrumb\",\"itemListElement\":[{\"@type\":\"ListItem\",\"position\":1,\"name\":\"Accueil\",\"item\":\"https:\\\/\\\/lasentinelle.dz\\\/\"},{\"@type\":\"ListItem\",\"position\":2,\"name\":\"JO de Paris-2024: Place \u00e0 la grand-messe du sport\"}]},{\"@type\":\"WebSite\",\"@id\":\"https:\\\/\\\/lasentinelle.dz\\\/#website\",\"url\":\"https:\\\/\\\/lasentinelle.dz\\\/\",\"name\":\"La Sentinelle\",\"description\":\"Quotidien national d&#039;information\",\"publisher\":{\"@id\":\"https:\\\/\\\/lasentinelle.dz\\\/#organization\"},\"potentialAction\":[{\"@type\":\"SearchAction\",\"target\":{\"@type\":\"EntryPoint\",\"urlTemplate\":\"https:\\\/\\\/lasentinelle.dz\\\/?s={search_term_string}\"},\"query-input\":{\"@type\":\"PropertyValueSpecification\",\"valueRequired\":true,\"valueName\":\"search_term_string\"}}],\"inLanguage\":\"fr-FR\"},{\"@type\":\"Organization\",\"@id\":\"https:\\\/\\\/lasentinelle.dz\\\/#organization\",\"name\":\"Quotidien La Sentinelle\",\"url\":\"https:\\\/\\\/lasentinelle.dz\\\/\",\"logo\":{\"@type\":\"ImageObject\",\"inLanguage\":\"fr-FR\",\"@id\":\"https:\\\/\\\/lasentinelle.dz\\\/#\\\/schema\\\/logo\\\/image\\\/\",\"url\":\"https:\\\/\\\/lasentinelle.dz\\\/wp-content\\\/uploads\\\/2021\\\/09\\\/logo-sentinelleSLOGAN-1.png\",\"contentUrl\":\"https:\\\/\\\/lasentinelle.dz\\\/wp-content\\\/uploads\\\/2021\\\/09\\\/logo-sentinelleSLOGAN-1.png\",\"width\":615,\"height\":142,\"caption\":\"Quotidien La Sentinelle\"},\"image\":{\"@id\":\"https:\\\/\\\/lasentinelle.dz\\\/#\\\/schema\\\/logo\\\/image\\\/\"},\"sameAs\":[\"https:\\\/\\\/www.facebook.com\\\/La-Sentinelle-104059864394773\"]},{\"@type\":\"Person\",\"@id\":\"https:\\\/\\\/lasentinelle.dz\\\/#\\\/schema\\\/person\\\/d865044e22e70a75174ce8bcad3acfb3\",\"name\":\"La Sentinelle\",\"image\":{\"@type\":\"ImageObject\",\"inLanguage\":\"fr-FR\",\"@id\":\"https:\\\/\\\/secure.gravatar.com\\\/avatar\\\/57de8e5d4b15d43fb361a71fbb36338450fe67865b528a43dd10ef7c51a20392?s=96&d=mm&r=g\",\"url\":\"https:\\\/\\\/secure.gravatar.com\\\/avatar\\\/57de8e5d4b15d43fb361a71fbb36338450fe67865b528a43dd10ef7c51a20392?s=96&d=mm&r=g\",\"contentUrl\":\"https:\\\/\\\/secure.gravatar.com\\\/avatar\\\/57de8e5d4b15d43fb361a71fbb36338450fe67865b528a43dd10ef7c51a20392?s=96&d=mm&r=g\",\"caption\":\"La Sentinelle\"},\"sameAs\":[\"http:\\\/\\\/www.lasentinelle.dz\"],\"url\":\"https:\\\/\\\/lasentinelle.dz\\\/author\\\/redaction\\\/\"}]}<\/script>\n<!-- \/ Yoast SEO plugin. -->","yoast_head_json":{"title":"JO de Paris-2024: Place \u00e0 la grand-messe du sport - La Sentinelle","robots":{"index":"index","follow":"follow","max-snippet":"max-snippet:-1","max-image-preview":"max-image-preview:large","max-video-preview":"max-video-preview:-1"},"canonical":"https:\/\/lasentinelle.dz\/index.php\/2024\/07\/25\/jo-de-paris-2024-place-a-la-grand-messe-du-sport\/","og_locale":"fr_FR","og_type":"article","og_title":"JO de Paris-2024: Place \u00e0 la grand-messe du sport - La Sentinelle","og_description":"Paris se pr\u00e9pare \u00e0 l&rsquo;ouverture officielle des Jeux Olympiques d&rsquo;\u00e9t\u00e9 pr\u00e9vue demain. Pour la premi\u00e8re fois depuis 1900, la capitale","og_url":"https:\/\/lasentinelle.dz\/index.php\/2024\/07\/25\/jo-de-paris-2024-place-a-la-grand-messe-du-sport\/","og_site_name":"La Sentinelle","article_publisher":"https:\/\/www.facebook.com\/La-Sentinelle-104059864394773","article_published_time":"2024-07-25T14:20:03+00:00","article_modified_time":"2024-07-25T14:20:04+00:00","og_image":[{"width":1366,"height":768,"url":"https:\/\/lasentinelle.dz\/wp-content\/uploads\/2024\/07\/JO.jpg","type":"image\/jpeg"}],"author":"La Sentinelle","twitter_card":"summary_large_image","twitter_misc":{"\u00c9crit par":"La Sentinelle","Dur\u00e9e de lecture estim\u00e9e":"4 minutes"},"schema":{"@context":"https:\/\/schema.org","@graph":[{"@type":"Article","@id":"https:\/\/lasentinelle.dz\/index.php\/2024\/07\/25\/jo-de-paris-2024-place-a-la-grand-messe-du-sport\/#article","isPartOf":{"@id":"https:\/\/lasentinelle.dz\/index.php\/2024\/07\/25\/jo-de-paris-2024-place-a-la-grand-messe-du-sport\/"},"author":{"name":"La Sentinelle","@id":"https:\/\/lasentinelle.dz\/#\/schema\/person\/d865044e22e70a75174ce8bcad3acfb3"},"headline":"JO de Paris-2024: Place \u00e0 la grand-messe du sport","datePublished":"2024-07-25T14:20:03+00:00","dateModified":"2024-07-25T14:20:04+00:00","mainEntityOfPage":{"@id":"https:\/\/lasentinelle.dz\/index.php\/2024\/07\/25\/jo-de-paris-2024-place-a-la-grand-messe-du-sport\/"},"wordCount":761,"commentCount":0,"publisher":{"@id":"https:\/\/lasentinelle.dz\/#organization"},"image":{"@id":"https:\/\/lasentinelle.dz\/index.php\/2024\/07\/25\/jo-de-paris-2024-place-a-la-grand-messe-du-sport\/#primaryimage"},"thumbnailUrl":"https:\/\/lasentinelle.dz\/wp-content\/uploads\/2024\/07\/JO.jpg","articleSection":["Sports"],"inLanguage":"fr-FR","potentialAction":[{"@type":"CommentAction","name":"Comment","target":["https:\/\/lasentinelle.dz\/index.php\/2024\/07\/25\/jo-de-paris-2024-place-a-la-grand-messe-du-sport\/#respond"]}]},{"@type":"WebPage","@id":"https:\/\/lasentinelle.dz\/index.php\/2024\/07\/25\/jo-de-paris-2024-place-a-la-grand-messe-du-sport\/","url":"https:\/\/lasentinelle.dz\/index.php\/2024\/07\/25\/jo-de-paris-2024-place-a-la-grand-messe-du-sport\/","name":"JO de Paris-2024: Place \u00e0 la grand-messe du sport - La Sentinelle","isPartOf":{"@id":"https:\/\/lasentinelle.dz\/#website"},"primaryImageOfPage":{"@id":"https:\/\/lasentinelle.dz\/index.php\/2024\/07\/25\/jo-de-paris-2024-place-a-la-grand-messe-du-sport\/#primaryimage"},"image":{"@id":"https:\/\/lasentinelle.dz\/index.php\/2024\/07\/25\/jo-de-paris-2024-place-a-la-grand-messe-du-sport\/#primaryimage"},"thumbnailUrl":"https:\/\/lasentinelle.dz\/wp-content\/uploads\/2024\/07\/JO.jpg","datePublished":"2024-07-25T14:20:03+00:00","dateModified":"2024-07-25T14:20:04+00:00","breadcrumb":{"@id":"https:\/\/lasentinelle.dz\/index.php\/2024\/07\/25\/jo-de-paris-2024-place-a-la-grand-messe-du-sport\/#breadcrumb"},"inLanguage":"fr-FR","potentialAction":[{"@type":"ReadAction","target":["https:\/\/lasentinelle.dz\/index.php\/2024\/07\/25\/jo-de-paris-2024-place-a-la-grand-messe-du-sport\/"]}]},{"@type":"ImageObject","inLanguage":"fr-FR","@id":"https:\/\/lasentinelle.dz\/index.php\/2024\/07\/25\/jo-de-paris-2024-place-a-la-grand-messe-du-sport\/#primaryimage","url":"https:\/\/lasentinelle.dz\/wp-content\/uploads\/2024\/07\/JO.jpg","contentUrl":"https:\/\/lasentinelle.dz\/wp-content\/uploads\/2024\/07\/JO.jpg","width":1366,"height":768},{"@type":"BreadcrumbList","@id":"https:\/\/lasentinelle.dz\/index.php\/2024\/07\/25\/jo-de-paris-2024-place-a-la-grand-messe-du-sport\/#breadcrumb","itemListElement":[{"@type":"ListItem","position":1,"name":"Accueil","item":"https:\/\/lasentinelle.dz\/"},{"@type":"ListItem","position":2,"name":"JO de Paris-2024: Place \u00e0 la grand-messe du sport"}]},{"@type":"WebSite","@id":"https:\/\/lasentinelle.dz\/#website","url":"https:\/\/lasentinelle.dz\/","name":"La Sentinelle","description":"Quotidien national d&#039;information","publisher":{"@id":"https:\/\/lasentinelle.dz\/#organization"},"potentialAction":[{"@type":"SearchAction","target":{"@type":"EntryPoint","urlTemplate":"https:\/\/lasentinelle.dz\/?s={search_term_string}"},"query-input":{"@type":"PropertyValueSpecification","valueRequired":true,"valueName":"search_term_string"}}],"inLanguage":"fr-FR"},{"@type":"Organization","@id":"https:\/\/lasentinelle.dz\/#organization","name":"Quotidien La Sentinelle","url":"https:\/\/lasentinelle.dz\/","logo":{"@type":"ImageObject","inLanguage":"fr-FR","@id":"https:\/\/lasentinelle.dz\/#\/schema\/logo\/image\/","url":"https:\/\/lasentinelle.dz\/wp-content\/uploads\/2021\/09\/logo-sentinelleSLOGAN-1.png","contentUrl":"https:\/\/lasentinelle.dz\/wp-content\/uploads\/2021\/09\/logo-sentinelleSLOGAN-1.png","width":615,"height":142,"caption":"Quotidien La Sentinelle"},"image":{"@id":"https:\/\/lasentinelle.dz\/#\/schema\/logo\/image\/"},"sameAs":["https:\/\/www.facebook.com\/La-Sentinelle-104059864394773"]},{"@type":"Person","@id":"https:\/\/lasentinelle.dz\/#\/schema\/person\/d865044e22e70a75174ce8bcad3acfb3","name":"La Sentinelle","image":{"@type":"ImageObject","inLanguage":"fr-FR","@id":"https:\/\/secure.gravatar.com\/avatar\/57de8e5d4b15d43fb361a71fbb36338450fe67865b528a43dd10ef7c51a20392?s=96&d=mm&r=g","url":"https:\/\/secure.gravatar.com\/avatar\/57de8e5d4b15d43fb361a71fbb36338450fe67865b528a43dd10ef7c51a20392?s=96&d=mm&r=g","contentUrl":"https:\/\/secure.gravatar.com\/avatar\/57de8e5d4b15d43fb361a71fbb36338450fe67865b528a43dd10ef7c51a20392?s=96&d=mm&r=g","caption":"La Sentinelle"},"sameAs":["http:\/\/www.lasentinelle.dz"],"url":"https:\/\/lasentinelle.dz\/author\/redaction\/"}]}},"_links":{"self":[{"href":"https:\/\/lasentinelle.dz\/index.php\/wp-json\/wp\/v2\/posts\/54858","targetHints":{"allow":["GET"]}}],"collection":[{"href":"https:\/\/lasentinelle.dz\/index.php\/wp-json\/wp\/v2\/posts"}],"about":[{"href":"https:\/\/lasentinelle.dz\/index.php\/wp-json\/wp\/v2\/types\/post"}],"author":[{"embeddable":true,"href":"https:\/\/lasentinelle.dz\/index.php\/wp-json\/wp\/v2\/users\/3"}],"replies":[{"embeddable":true,"href":"https:\/\/lasentinelle.dz\/index.php\/wp-json\/wp\/v2\/comments?post=54858"}],"version-history":[{"count":1,"href":"https:\/\/lasentinelle.dz\/index.php\/wp-json\/wp\/v2\/posts\/54858\/revisions"}],"predecessor-version":[{"id":54860,"href":"https:\/\/lasentinelle.dz\/index.php\/wp-json\/wp\/v2\/posts\/54858\/revisions\/54860"}],"wp:featuredmedia":[{"embeddable":true,"href":"https:\/\/lasentinelle.dz\/index.php\/wp-json\/wp\/v2\/media\/54859"}],"wp:attachment":[{"href":"https:\/\/lasentinelle.dz\/index.php\/wp-json\/wp\/v2\/media?parent=54858"}],"wp:term":[{"taxonomy":"category","embeddable":true,"href":"https:\/\/lasentinelle.dz\/index.php\/wp-json\/wp\/v2\/categories?post=54858"},{"taxonomy":"post_tag","embeddable":true,"href":"https:\/\/lasentinelle.dz\/index.php\/wp-json\/wp\/v2\/tags?post=54858"}],"curies":[{"name":"wp","href":"https:\/\/api.w.org\/{rel}","templated":true}]}}