{"id":54894,"date":"2024-07-25T15:30:00","date_gmt":"2024-07-25T14:30:00","guid":{"rendered":"https:\/\/lasentinelle.dz\/?p=54894"},"modified":"2024-07-25T15:45:48","modified_gmt":"2024-07-25T14:45:48","slug":"lalgerie-defend-a-lonu-lacces-a-lenergie-nucleaire-pacifique","status":"publish","type":"post","link":"https:\/\/lasentinelle.dz\/index.php\/2024\/07\/25\/lalgerie-defend-a-lonu-lacces-a-lenergie-nucleaire-pacifique\/","title":{"rendered":"L&rsquo;Alg\u00e9rie d\u00e9fend \u00e0 l&rsquo;ONU l&rsquo;acc\u00e8s \u00e0 l&rsquo;\u00e9nergie nucl\u00e9aire pacifique"},"content":{"rendered":"\n<p>L&rsquo;Alg\u00e9rie a plaid\u00e9 pour le droit des pays en d\u00e9veloppement \u00e0 acc\u00e9der \u00e0 la technologie nucl\u00e9aire pacifique, lors de la deuxi\u00e8me commission pr\u00e9paratoire de la Conf\u00e9rence d&rsquo;examen du Trait\u00e9 sur la non-prolif\u00e9ration des armes nucl\u00e9aires (TNP) qui se tient actuellement \u00e0 Gen\u00e8ve. Rachid Baladhan, repr\u00e9sentant permanent de l&rsquo;Alg\u00e9rie aupr\u00e8s des Nations Unies \u00e0 Gen\u00e8ve, a r\u00e9affirm\u00e9 hier \u00ab\u00a0le droit inali\u00e9nable\u00a0\u00bb des \u00c9tats \u00e0 d\u00e9velopper et utiliser l&rsquo;\u00e9nergie nucl\u00e9aire \u00e0 des fins pacifiques, conform\u00e9ment \u00e0 l&rsquo;article IV du TNP.<\/p>\n\n\n\n<p>\u00ab\u00a0Nous insistons sur la lev\u00e9e des restrictions sur le transfert de connaissances et de technologies aux pays en d\u00e9veloppement pour l&rsquo;utilisation pacifique du nucl\u00e9aire\u00a0\u00bb, a d\u00e9clar\u00e9 M. Baladhan, soulignant l&rsquo;importance de cet acc\u00e8s pour le d\u00e9veloppement \u00e9conomique et social de ces nations. Cette prise de position s&rsquo;inscrit dans un contexte plus large o\u00f9 l&rsquo;Alg\u00e9rie d\u00e9fend une vision \u00e9quilibr\u00e9e du TNP, articul\u00e9e autour de trois piliers : le d\u00e9sarmement nucl\u00e9aire, la non-prolif\u00e9ration, et l&rsquo;utilisation pacifique de l&rsquo;\u00e9nergie nucl\u00e9aire. Le diplomate a \u00e9galement rappel\u00e9 l&rsquo;engagement de l&rsquo;Alg\u00e9rie envers la non-prolif\u00e9ration, citant la ratification pr\u00e9coce par l&rsquo;Alg\u00e9rie du Trait\u00e9 de Pelindaba, qui \u00e9tablit une zone exempte d&rsquo;armes nucl\u00e9aires en Afrique.<\/p>\n\n\n\n<p>Par ailleurs, l&rsquo;Alg\u00e9rie a exprim\u00e9 son inqui\u00e9tude quant \u00e0 l&rsquo;absence de progr\u00e8s dans la cr\u00e9ation d&rsquo;une zone exempte d&rsquo;armes nucl\u00e9aires au Moyen-Orient, appelant rappelant la n\u00e9cessit\u00e9 \u00e0 ce que l&rsquo;entit\u00e9 sioniste adh\u00e8re au TNP et de soumettre ses installations nucl\u00e9aires \u00e0 la surveillance internationale. \u00ab\u00a0La cr\u00e9ation de cette zone est aujourd&rsquo;hui d&rsquo;une importance cruciale, surtout apr\u00e8s les d\u00e9clarations irresponsables et les menaces graves faites en novembre 2023 par un responsable isra\u00e9lien sur l&rsquo;utilisation d&rsquo;armes nucl\u00e9aires contre les civils palestiniens\u00a0\u00bb, a soulign\u00e9 Baladhan.&nbsp; Il a ajout\u00e9: \u00ab\u00a0Nous r\u00e9affirmons que la d\u00e9cision de 1995 sur le Moyen-Orient reste en vigueur jusqu&rsquo;\u00e0 ce qu&rsquo;elle atteigne ses objectifs. La premi\u00e8re \u00e9tape pour y parvenir est l&rsquo;adh\u00e9sion d&rsquo;Isra\u00ebl au Trait\u00e9 sur la non-prolif\u00e9ration des armes nucl\u00e9aires et la soumission de toutes ses installations et programmes nucl\u00e9aires \u00e0 la surveillance internationale et au syst\u00e8me de garanties int\u00e9grales de l&rsquo;Agence internationale de l&rsquo;\u00e9nergie atomique.\u00a0\u00bb Dans ce contexte, la d\u00e9l\u00e9gation alg\u00e9rienne a salu\u00e9 l&rsquo;adoption par l&rsquo;Assembl\u00e9e g\u00e9n\u00e9rale des Nations Unies d&rsquo;une r\u00e9solution visant \u00e0 n\u00e9gocier, dans le cadre d&rsquo;une conf\u00e9rence annuelle sous les auspices des Nations Unies, un trait\u00e9 contraignant pour cr\u00e9er une zone exempte d&rsquo;armes nucl\u00e9aires et autres armes de destruction massive au Moyen-Orient.<\/p>\n\n\n\n<p>La conf\u00e9rence, qui se poursuit jusqu&rsquo;au 2 ao\u00fbt, vise \u00e0 pr\u00e9parer la onzi\u00e8me Conf\u00e9rence d&rsquo;examen du TNP pr\u00e9vue en 2026. Les discussions portent sur les moyens de renforcer le trait\u00e9 face aux d\u00e9fis actuels de la s\u00e9curit\u00e9 internationale.<\/p>\n\n\n\n<p>Chokri Hafed<\/p>\n","protected":false},"excerpt":{"rendered":"<p>L&rsquo;Alg\u00e9rie a plaid\u00e9 pour le droit des pays en d\u00e9veloppement \u00e0 acc\u00e9der \u00e0 la technologie nucl\u00e9aire pacifique, lors de la<\/p>\n","protected":false},"author":3,"featured_media":54895,"comment_status":"open","ping_status":"closed","sticky":false,"template":"","format":"standard","meta":{"colormag_page_container_layout":"default_layout","colormag_page_sidebar_layout":"default_layout","om_disable_all_campaigns":false,"_monsterinsights_skip_tracking":false,"_monsterinsights_sitenote_active":false,"_monsterinsights_sitenote_note":"","_monsterinsights_sitenote_category":0,"footnotes":"","_wpscppro_dont_share_socialmedia":false,"_wpscppro_custom_social_share_image":0,"_facebook_share_type":"default","_twitter_share_type":"default","_linkedin_share_type":"default","_pinterest_share_type":"default","_linkedin_share_type_page":"","_instagram_share_type":"default","_medium_share_type":"","_threads_share_type":"","_google_business_share_type":"","_selected_social_profile":[],"_wpsp_enable_custom_social_template":false,"_wpsp_social_scheduling":{"enabled":false,"datetime":null,"platforms":[],"status":"template_only","dateOption":"today","timeOption":"now","customDays":"","customHours":"","customDate":"","customTime":"","schedulingType":"absolute"},"_wpsp_active_default_template":true},"categories":[27],"tags":[],"class_list":["post-54894","post","type-post","status-publish","format-standard","has-post-thumbnail","hentry","category-actualite"],"aioseo_notices":[],"yoast_head":"<!-- This site is optimized with the Yoast SEO plugin v27.5 - https:\/\/yoast.com\/product\/yoast-seo-wordpress\/ -->\n<title>L&rsquo;Alg\u00e9rie d\u00e9fend \u00e0 l&rsquo;ONU l&rsquo;acc\u00e8s \u00e0 l&rsquo;\u00e9nergie nucl\u00e9aire pacifique - La Sentinelle<\/title>\n<meta name=\"robots\" content=\"index, follow, max-snippet:-1, max-image-preview:large, max-video-preview:-1\" \/>\n<link rel=\"canonical\" href=\"https:\/\/lasentinelle.dz\/index.php\/2024\/07\/25\/lalgerie-defend-a-lonu-lacces-a-lenergie-nucleaire-pacifique\/\" \/>\n<meta property=\"og:locale\" content=\"fr_FR\" \/>\n<meta property=\"og:type\" content=\"article\" \/>\n<meta property=\"og:title\" content=\"L&rsquo;Alg\u00e9rie d\u00e9fend \u00e0 l&rsquo;ONU l&rsquo;acc\u00e8s \u00e0 l&rsquo;\u00e9nergie nucl\u00e9aire pacifique - La Sentinelle\" \/>\n<meta property=\"og:description\" content=\"L&rsquo;Alg\u00e9rie a plaid\u00e9 pour le droit des pays en d\u00e9veloppement \u00e0 acc\u00e9der \u00e0 la technologie nucl\u00e9aire pacifique, lors de la\" \/>\n<meta property=\"og:url\" content=\"https:\/\/lasentinelle.dz\/index.php\/2024\/07\/25\/lalgerie-defend-a-lonu-lacces-a-lenergie-nucleaire-pacifique\/\" \/>\n<meta property=\"og:site_name\" content=\"La Sentinelle\" \/>\n<meta property=\"article:publisher\" content=\"https:\/\/www.facebook.com\/La-Sentinelle-104059864394773\" \/>\n<meta property=\"article:published_time\" content=\"2024-07-25T14:30:00+00:00\" \/>\n<meta property=\"article:modified_time\" content=\"2024-07-25T14:45:48+00:00\" \/>\n<meta property=\"og:image\" content=\"https:\/\/lasentinelle.dz\/wp-content\/uploads\/2024\/07\/beladhane.webp\" \/>\n\t<meta property=\"og:image:width\" content=\"900\" \/>\n\t<meta property=\"og:image:height\" content=\"675\" \/>\n\t<meta property=\"og:image:type\" content=\"image\/webp\" \/>\n<meta name=\"author\" content=\"La Sentinelle\" \/>\n<meta name=\"twitter:card\" content=\"summary_large_image\" \/>\n<meta name=\"twitter:label1\" content=\"\u00c9crit par\" \/>\n\t<meta name=\"twitter:data1\" content=\"La Sentinelle\" \/>\n\t<meta name=\"twitter:label2\" content=\"Dur\u00e9e de lecture estim\u00e9e\" \/>\n\t<meta name=\"twitter:data2\" content=\"3 minutes\" \/>\n<script type=\"application\/ld+json\" class=\"yoast-schema-graph\">{\"@context\":\"https:\\\/\\\/schema.org\",\"@graph\":[{\"@type\":\"Article\",\"@id\":\"https:\\\/\\\/lasentinelle.dz\\\/index.php\\\/2024\\\/07\\\/25\\\/lalgerie-defend-a-lonu-lacces-a-lenergie-nucleaire-pacifique\\\/#article\",\"isPartOf\":{\"@id\":\"https:\\\/\\\/lasentinelle.dz\\\/index.php\\\/2024\\\/07\\\/25\\\/lalgerie-defend-a-lonu-lacces-a-lenergie-nucleaire-pacifique\\\/\"},\"author\":{\"name\":\"La Sentinelle\",\"@id\":\"https:\\\/\\\/lasentinelle.dz\\\/#\\\/schema\\\/person\\\/d865044e22e70a75174ce8bcad3acfb3\"},\"headline\":\"L&rsquo;Alg\u00e9rie d\u00e9fend \u00e0 l&rsquo;ONU l&rsquo;acc\u00e8s \u00e0 l&rsquo;\u00e9nergie nucl\u00e9aire pacifique\",\"datePublished\":\"2024-07-25T14:30:00+00:00\",\"dateModified\":\"2024-07-25T14:45:48+00:00\",\"mainEntityOfPage\":{\"@id\":\"https:\\\/\\\/lasentinelle.dz\\\/index.php\\\/2024\\\/07\\\/25\\\/lalgerie-defend-a-lonu-lacces-a-lenergie-nucleaire-pacifique\\\/\"},\"wordCount\":540,\"commentCount\":0,\"publisher\":{\"@id\":\"https:\\\/\\\/lasentinelle.dz\\\/#organization\"},\"image\":{\"@id\":\"https:\\\/\\\/lasentinelle.dz\\\/index.php\\\/2024\\\/07\\\/25\\\/lalgerie-defend-a-lonu-lacces-a-lenergie-nucleaire-pacifique\\\/#primaryimage\"},\"thumbnailUrl\":\"https:\\\/\\\/lasentinelle.dz\\\/wp-content\\\/uploads\\\/2024\\\/07\\\/beladhane.webp\",\"articleSection\":[\"Actualit\u00e9\"],\"inLanguage\":\"fr-FR\",\"potentialAction\":[{\"@type\":\"CommentAction\",\"name\":\"Comment\",\"target\":[\"https:\\\/\\\/lasentinelle.dz\\\/index.php\\\/2024\\\/07\\\/25\\\/lalgerie-defend-a-lonu-lacces-a-lenergie-nucleaire-pacifique\\\/#respond\"]}]},{\"@type\":\"WebPage\",\"@id\":\"https:\\\/\\\/lasentinelle.dz\\\/index.php\\\/2024\\\/07\\\/25\\\/lalgerie-defend-a-lonu-lacces-a-lenergie-nucleaire-pacifique\\\/\",\"url\":\"https:\\\/\\\/lasentinelle.dz\\\/index.php\\\/2024\\\/07\\\/25\\\/lalgerie-defend-a-lonu-lacces-a-lenergie-nucleaire-pacifique\\\/\",\"name\":\"L&rsquo;Alg\u00e9rie d\u00e9fend \u00e0 l&rsquo;ONU l&rsquo;acc\u00e8s \u00e0 l&rsquo;\u00e9nergie nucl\u00e9aire pacifique - La Sentinelle\",\"isPartOf\":{\"@id\":\"https:\\\/\\\/lasentinelle.dz\\\/#website\"},\"primaryImageOfPage\":{\"@id\":\"https:\\\/\\\/lasentinelle.dz\\\/index.php\\\/2024\\\/07\\\/25\\\/lalgerie-defend-a-lonu-lacces-a-lenergie-nucleaire-pacifique\\\/#primaryimage\"},\"image\":{\"@id\":\"https:\\\/\\\/lasentinelle.dz\\\/index.php\\\/2024\\\/07\\\/25\\\/lalgerie-defend-a-lonu-lacces-a-lenergie-nucleaire-pacifique\\\/#primaryimage\"},\"thumbnailUrl\":\"https:\\\/\\\/lasentinelle.dz\\\/wp-content\\\/uploads\\\/2024\\\/07\\\/beladhane.webp\",\"datePublished\":\"2024-07-25T14:30:00+00:00\",\"dateModified\":\"2024-07-25T14:45:48+00:00\",\"breadcrumb\":{\"@id\":\"https:\\\/\\\/lasentinelle.dz\\\/index.php\\\/2024\\\/07\\\/25\\\/lalgerie-defend-a-lonu-lacces-a-lenergie-nucleaire-pacifique\\\/#breadcrumb\"},\"inLanguage\":\"fr-FR\",\"potentialAction\":[{\"@type\":\"ReadAction\",\"target\":[\"https:\\\/\\\/lasentinelle.dz\\\/index.php\\\/2024\\\/07\\\/25\\\/lalgerie-defend-a-lonu-lacces-a-lenergie-nucleaire-pacifique\\\/\"]}]},{\"@type\":\"ImageObject\",\"inLanguage\":\"fr-FR\",\"@id\":\"https:\\\/\\\/lasentinelle.dz\\\/index.php\\\/2024\\\/07\\\/25\\\/lalgerie-defend-a-lonu-lacces-a-lenergie-nucleaire-pacifique\\\/#primaryimage\",\"url\":\"https:\\\/\\\/lasentinelle.dz\\\/wp-content\\\/uploads\\\/2024\\\/07\\\/beladhane.webp\",\"contentUrl\":\"https:\\\/\\\/lasentinelle.dz\\\/wp-content\\\/uploads\\\/2024\\\/07\\\/beladhane.webp\",\"width\":900,\"height\":675},{\"@type\":\"BreadcrumbList\",\"@id\":\"https:\\\/\\\/lasentinelle.dz\\\/index.php\\\/2024\\\/07\\\/25\\\/lalgerie-defend-a-lonu-lacces-a-lenergie-nucleaire-pacifique\\\/#breadcrumb\",\"itemListElement\":[{\"@type\":\"ListItem\",\"position\":1,\"name\":\"Accueil\",\"item\":\"https:\\\/\\\/lasentinelle.dz\\\/\"},{\"@type\":\"ListItem\",\"position\":2,\"name\":\"L&rsquo;Alg\u00e9rie d\u00e9fend \u00e0 l&rsquo;ONU l&rsquo;acc\u00e8s \u00e0 l&rsquo;\u00e9nergie nucl\u00e9aire pacifique\"}]},{\"@type\":\"WebSite\",\"@id\":\"https:\\\/\\\/lasentinelle.dz\\\/#website\",\"url\":\"https:\\\/\\\/lasentinelle.dz\\\/\",\"name\":\"La Sentinelle\",\"description\":\"Quotidien national d&#039;information\",\"publisher\":{\"@id\":\"https:\\\/\\\/lasentinelle.dz\\\/#organization\"},\"potentialAction\":[{\"@type\":\"SearchAction\",\"target\":{\"@type\":\"EntryPoint\",\"urlTemplate\":\"https:\\\/\\\/lasentinelle.dz\\\/?s={search_term_string}\"},\"query-input\":{\"@type\":\"PropertyValueSpecification\",\"valueRequired\":true,\"valueName\":\"search_term_string\"}}],\"inLanguage\":\"fr-FR\"},{\"@type\":\"Organization\",\"@id\":\"https:\\\/\\\/lasentinelle.dz\\\/#organization\",\"name\":\"Quotidien La Sentinelle\",\"url\":\"https:\\\/\\\/lasentinelle.dz\\\/\",\"logo\":{\"@type\":\"ImageObject\",\"inLanguage\":\"fr-FR\",\"@id\":\"https:\\\/\\\/lasentinelle.dz\\\/#\\\/schema\\\/logo\\\/image\\\/\",\"url\":\"https:\\\/\\\/lasentinelle.dz\\\/wp-content\\\/uploads\\\/2021\\\/09\\\/logo-sentinelleSLOGAN-1.png\",\"contentUrl\":\"https:\\\/\\\/lasentinelle.dz\\\/wp-content\\\/uploads\\\/2021\\\/09\\\/logo-sentinelleSLOGAN-1.png\",\"width\":615,\"height\":142,\"caption\":\"Quotidien La Sentinelle\"},\"image\":{\"@id\":\"https:\\\/\\\/lasentinelle.dz\\\/#\\\/schema\\\/logo\\\/image\\\/\"},\"sameAs\":[\"https:\\\/\\\/www.facebook.com\\\/La-Sentinelle-104059864394773\"]},{\"@type\":\"Person\",\"@id\":\"https:\\\/\\\/lasentinelle.dz\\\/#\\\/schema\\\/person\\\/d865044e22e70a75174ce8bcad3acfb3\",\"name\":\"La Sentinelle\",\"image\":{\"@type\":\"ImageObject\",\"inLanguage\":\"fr-FR\",\"@id\":\"https:\\\/\\\/secure.gravatar.com\\\/avatar\\\/57de8e5d4b15d43fb361a71fbb36338450fe67865b528a43dd10ef7c51a20392?s=96&d=mm&r=g\",\"url\":\"https:\\\/\\\/secure.gravatar.com\\\/avatar\\\/57de8e5d4b15d43fb361a71fbb36338450fe67865b528a43dd10ef7c51a20392?s=96&d=mm&r=g\",\"contentUrl\":\"https:\\\/\\\/secure.gravatar.com\\\/avatar\\\/57de8e5d4b15d43fb361a71fbb36338450fe67865b528a43dd10ef7c51a20392?s=96&d=mm&r=g\",\"caption\":\"La Sentinelle\"},\"sameAs\":[\"http:\\\/\\\/www.lasentinelle.dz\"],\"url\":\"https:\\\/\\\/lasentinelle.dz\\\/author\\\/redaction\\\/\"}]}<\/script>\n<!-- \/ Yoast SEO plugin. -->","yoast_head_json":{"title":"L&rsquo;Alg\u00e9rie d\u00e9fend \u00e0 l&rsquo;ONU l&rsquo;acc\u00e8s \u00e0 l&rsquo;\u00e9nergie nucl\u00e9aire pacifique - La Sentinelle","robots":{"index":"index","follow":"follow","max-snippet":"max-snippet:-1","max-image-preview":"max-image-preview:large","max-video-preview":"max-video-preview:-1"},"canonical":"https:\/\/lasentinelle.dz\/index.php\/2024\/07\/25\/lalgerie-defend-a-lonu-lacces-a-lenergie-nucleaire-pacifique\/","og_locale":"fr_FR","og_type":"article","og_title":"L&rsquo;Alg\u00e9rie d\u00e9fend \u00e0 l&rsquo;ONU l&rsquo;acc\u00e8s \u00e0 l&rsquo;\u00e9nergie nucl\u00e9aire pacifique - La Sentinelle","og_description":"L&rsquo;Alg\u00e9rie a plaid\u00e9 pour le droit des pays en d\u00e9veloppement \u00e0 acc\u00e9der \u00e0 la technologie nucl\u00e9aire pacifique, lors de la","og_url":"https:\/\/lasentinelle.dz\/index.php\/2024\/07\/25\/lalgerie-defend-a-lonu-lacces-a-lenergie-nucleaire-pacifique\/","og_site_name":"La Sentinelle","article_publisher":"https:\/\/www.facebook.com\/La-Sentinelle-104059864394773","article_published_time":"2024-07-25T14:30:00+00:00","article_modified_time":"2024-07-25T14:45:48+00:00","og_image":[{"width":900,"height":675,"url":"https:\/\/lasentinelle.dz\/wp-content\/uploads\/2024\/07\/beladhane.webp","type":"image\/webp"}],"author":"La Sentinelle","twitter_card":"summary_large_image","twitter_misc":{"\u00c9crit par":"La Sentinelle","Dur\u00e9e de lecture estim\u00e9e":"3 minutes"},"schema":{"@context":"https:\/\/schema.org","@graph":[{"@type":"Article","@id":"https:\/\/lasentinelle.dz\/index.php\/2024\/07\/25\/lalgerie-defend-a-lonu-lacces-a-lenergie-nucleaire-pacifique\/#article","isPartOf":{"@id":"https:\/\/lasentinelle.dz\/index.php\/2024\/07\/25\/lalgerie-defend-a-lonu-lacces-a-lenergie-nucleaire-pacifique\/"},"author":{"name":"La Sentinelle","@id":"https:\/\/lasentinelle.dz\/#\/schema\/person\/d865044e22e70a75174ce8bcad3acfb3"},"headline":"L&rsquo;Alg\u00e9rie d\u00e9fend \u00e0 l&rsquo;ONU l&rsquo;acc\u00e8s \u00e0 l&rsquo;\u00e9nergie nucl\u00e9aire pacifique","datePublished":"2024-07-25T14:30:00+00:00","dateModified":"2024-07-25T14:45:48+00:00","mainEntityOfPage":{"@id":"https:\/\/lasentinelle.dz\/index.php\/2024\/07\/25\/lalgerie-defend-a-lonu-lacces-a-lenergie-nucleaire-pacifique\/"},"wordCount":540,"commentCount":0,"publisher":{"@id":"https:\/\/lasentinelle.dz\/#organization"},"image":{"@id":"https:\/\/lasentinelle.dz\/index.php\/2024\/07\/25\/lalgerie-defend-a-lonu-lacces-a-lenergie-nucleaire-pacifique\/#primaryimage"},"thumbnailUrl":"https:\/\/lasentinelle.dz\/wp-content\/uploads\/2024\/07\/beladhane.webp","articleSection":["Actualit\u00e9"],"inLanguage":"fr-FR","potentialAction":[{"@type":"CommentAction","name":"Comment","target":["https:\/\/lasentinelle.dz\/index.php\/2024\/07\/25\/lalgerie-defend-a-lonu-lacces-a-lenergie-nucleaire-pacifique\/#respond"]}]},{"@type":"WebPage","@id":"https:\/\/lasentinelle.dz\/index.php\/2024\/07\/25\/lalgerie-defend-a-lonu-lacces-a-lenergie-nucleaire-pacifique\/","url":"https:\/\/lasentinelle.dz\/index.php\/2024\/07\/25\/lalgerie-defend-a-lonu-lacces-a-lenergie-nucleaire-pacifique\/","name":"L&rsquo;Alg\u00e9rie d\u00e9fend \u00e0 l&rsquo;ONU l&rsquo;acc\u00e8s \u00e0 l&rsquo;\u00e9nergie nucl\u00e9aire pacifique - La Sentinelle","isPartOf":{"@id":"https:\/\/lasentinelle.dz\/#website"},"primaryImageOfPage":{"@id":"https:\/\/lasentinelle.dz\/index.php\/2024\/07\/25\/lalgerie-defend-a-lonu-lacces-a-lenergie-nucleaire-pacifique\/#primaryimage"},"image":{"@id":"https:\/\/lasentinelle.dz\/index.php\/2024\/07\/25\/lalgerie-defend-a-lonu-lacces-a-lenergie-nucleaire-pacifique\/#primaryimage"},"thumbnailUrl":"https:\/\/lasentinelle.dz\/wp-content\/uploads\/2024\/07\/beladhane.webp","datePublished":"2024-07-25T14:30:00+00:00","dateModified":"2024-07-25T14:45:48+00:00","breadcrumb":{"@id":"https:\/\/lasentinelle.dz\/index.php\/2024\/07\/25\/lalgerie-defend-a-lonu-lacces-a-lenergie-nucleaire-pacifique\/#breadcrumb"},"inLanguage":"fr-FR","potentialAction":[{"@type":"ReadAction","target":["https:\/\/lasentinelle.dz\/index.php\/2024\/07\/25\/lalgerie-defend-a-lonu-lacces-a-lenergie-nucleaire-pacifique\/"]}]},{"@type":"ImageObject","inLanguage":"fr-FR","@id":"https:\/\/lasentinelle.dz\/index.php\/2024\/07\/25\/lalgerie-defend-a-lonu-lacces-a-lenergie-nucleaire-pacifique\/#primaryimage","url":"https:\/\/lasentinelle.dz\/wp-content\/uploads\/2024\/07\/beladhane.webp","contentUrl":"https:\/\/lasentinelle.dz\/wp-content\/uploads\/2024\/07\/beladhane.webp","width":900,"height":675},{"@type":"BreadcrumbList","@id":"https:\/\/lasentinelle.dz\/index.php\/2024\/07\/25\/lalgerie-defend-a-lonu-lacces-a-lenergie-nucleaire-pacifique\/#breadcrumb","itemListElement":[{"@type":"ListItem","position":1,"name":"Accueil","item":"https:\/\/lasentinelle.dz\/"},{"@type":"ListItem","position":2,"name":"L&rsquo;Alg\u00e9rie d\u00e9fend \u00e0 l&rsquo;ONU l&rsquo;acc\u00e8s \u00e0 l&rsquo;\u00e9nergie nucl\u00e9aire pacifique"}]},{"@type":"WebSite","@id":"https:\/\/lasentinelle.dz\/#website","url":"https:\/\/lasentinelle.dz\/","name":"La Sentinelle","description":"Quotidien national d&#039;information","publisher":{"@id":"https:\/\/lasentinelle.dz\/#organization"},"potentialAction":[{"@type":"SearchAction","target":{"@type":"EntryPoint","urlTemplate":"https:\/\/lasentinelle.dz\/?s={search_term_string}"},"query-input":{"@type":"PropertyValueSpecification","valueRequired":true,"valueName":"search_term_string"}}],"inLanguage":"fr-FR"},{"@type":"Organization","@id":"https:\/\/lasentinelle.dz\/#organization","name":"Quotidien La Sentinelle","url":"https:\/\/lasentinelle.dz\/","logo":{"@type":"ImageObject","inLanguage":"fr-FR","@id":"https:\/\/lasentinelle.dz\/#\/schema\/logo\/image\/","url":"https:\/\/lasentinelle.dz\/wp-content\/uploads\/2021\/09\/logo-sentinelleSLOGAN-1.png","contentUrl":"https:\/\/lasentinelle.dz\/wp-content\/uploads\/2021\/09\/logo-sentinelleSLOGAN-1.png","width":615,"height":142,"caption":"Quotidien La Sentinelle"},"image":{"@id":"https:\/\/lasentinelle.dz\/#\/schema\/logo\/image\/"},"sameAs":["https:\/\/www.facebook.com\/La-Sentinelle-104059864394773"]},{"@type":"Person","@id":"https:\/\/lasentinelle.dz\/#\/schema\/person\/d865044e22e70a75174ce8bcad3acfb3","name":"La Sentinelle","image":{"@type":"ImageObject","inLanguage":"fr-FR","@id":"https:\/\/secure.gravatar.com\/avatar\/57de8e5d4b15d43fb361a71fbb36338450fe67865b528a43dd10ef7c51a20392?s=96&d=mm&r=g","url":"https:\/\/secure.gravatar.com\/avatar\/57de8e5d4b15d43fb361a71fbb36338450fe67865b528a43dd10ef7c51a20392?s=96&d=mm&r=g","contentUrl":"https:\/\/secure.gravatar.com\/avatar\/57de8e5d4b15d43fb361a71fbb36338450fe67865b528a43dd10ef7c51a20392?s=96&d=mm&r=g","caption":"La Sentinelle"},"sameAs":["http:\/\/www.lasentinelle.dz"],"url":"https:\/\/lasentinelle.dz\/author\/redaction\/"}]}},"_links":{"self":[{"href":"https:\/\/lasentinelle.dz\/index.php\/wp-json\/wp\/v2\/posts\/54894","targetHints":{"allow":["GET"]}}],"collection":[{"href":"https:\/\/lasentinelle.dz\/index.php\/wp-json\/wp\/v2\/posts"}],"about":[{"href":"https:\/\/lasentinelle.dz\/index.php\/wp-json\/wp\/v2\/types\/post"}],"author":[{"embeddable":true,"href":"https:\/\/lasentinelle.dz\/index.php\/wp-json\/wp\/v2\/users\/3"}],"replies":[{"embeddable":true,"href":"https:\/\/lasentinelle.dz\/index.php\/wp-json\/wp\/v2\/comments?post=54894"}],"version-history":[{"count":2,"href":"https:\/\/lasentinelle.dz\/index.php\/wp-json\/wp\/v2\/posts\/54894\/revisions"}],"predecessor-version":[{"id":54897,"href":"https:\/\/lasentinelle.dz\/index.php\/wp-json\/wp\/v2\/posts\/54894\/revisions\/54897"}],"wp:featuredmedia":[{"embeddable":true,"href":"https:\/\/lasentinelle.dz\/index.php\/wp-json\/wp\/v2\/media\/54895"}],"wp:attachment":[{"href":"https:\/\/lasentinelle.dz\/index.php\/wp-json\/wp\/v2\/media?parent=54894"}],"wp:term":[{"taxonomy":"category","embeddable":true,"href":"https:\/\/lasentinelle.dz\/index.php\/wp-json\/wp\/v2\/categories?post=54894"},{"taxonomy":"post_tag","embeddable":true,"href":"https:\/\/lasentinelle.dz\/index.php\/wp-json\/wp\/v2\/tags?post=54894"}],"curies":[{"name":"wp","href":"https:\/\/api.w.org\/{rel}","templated":true}]}}