{"id":54900,"date":"2024-07-25T15:48:24","date_gmt":"2024-07-25T14:48:24","guid":{"rendered":"https:\/\/lasentinelle.dz\/?p=54900"},"modified":"2024-07-25T15:48:24","modified_gmt":"2024-07-25T14:48:24","slug":"presidentielle-du-7-septembre-le-moment-de-verite","status":"publish","type":"post","link":"https:\/\/lasentinelle.dz\/index.php\/2024\/07\/25\/presidentielle-du-7-septembre-le-moment-de-verite\/","title":{"rendered":"Pr\u00e9sidentielle du 7 septembre : Le moment de v\u00e9rit\u00e9"},"content":{"rendered":"\n<p>L&rsquo;heure de v\u00e9rit\u00e9 approche pour les 16 pr\u00e9tendants \u00e0 la candidature pour la pr\u00e9sidentielle du 7 septembre prochain.<\/p>\n\n\n\n<p>L&rsquo;Autorit\u00e9 nationale ind\u00e9pendante des \u00e9lections (ANIE) s&rsquo;appr\u00eate \u00e0 cl\u00f4turer, aujourd&rsquo;hui, l&rsquo;examen des dossiers de candidature, marquant ainsi une \u00e9tape cruciale dans la course \u00e0 la magistrature supr\u00eame du pays. Depuis le 18 juillet, date de la cl\u00f4ture de l&rsquo;op\u00e9ration de d\u00e9p\u00f4t des dossiers, l&rsquo;ANIE scrute minutieusement chacun d&rsquo;entre eux, v\u00e9rifiant la conformit\u00e9 des d\u00e9clarations de candidature et des formulaires de signatures. Cette phase d\u00e9terminante, encadr\u00e9e par la loi organique relative au r\u00e9gime \u00e9lectoral, touche \u00e0 sa fin, laissant place \u00e0 une p\u00e9riode d&rsquo;attente tendue pour les aspirants pr\u00e9sidents.<\/p>\n\n\n\n<p>Les dispositions de la loi \u00e9lectorale sont clairs : dans les sept jours suivant la fin l&rsquo;op\u00e9ration de d\u00e9p\u00f4t des dossiers, l&rsquo;ANIE doit rendre son verdict. Chaque d\u00e9cision, qu&rsquo;elle soit favorable ou non, sera \u00ab\u00a0d\u00fbment motiv\u00e9e\u00a0\u00bb et imm\u00e9diatement notifi\u00e9e aux int\u00e9ress\u00e9s. Pour ceux qui verraient leurs espoirs pr\u00e9sidentiels s&rsquo;\u00e9vanouir, une ultime chance s&rsquo;offre \u00e0 eux : un recours aupr\u00e8s de la Cour constitutionnelle, \u00e0 d\u00e9poser dans les 48 heures suivant la notification.<\/p>\n\n\n\n<p>La Cour constitutionnelle aura le dernier mot. Dans un d\u00e9lai maximum de sept jours, elle validera la liste d\u00e9finitive des candidats, tranchant \u00e9galement sur les \u00e9ventuels recours. Rappelons dans ce contexte que 16 pr\u00e9tendants \u00e0 la candidature \u00e0 la pr\u00e9sidentielle ont d\u00e9pos\u00e9 leurs dossiers de d\u00e9claration de candidature au niveau de l&rsquo;ANIE. Il y a d&rsquo;abord le pr\u00e9sident de la R\u00e9publique Abdelmadjid Tebboune qui brigue un second mandat, ainsi que d&rsquo;importantes figures de l&rsquo;opposition \u00e0&nbsp; l&rsquo;image de Abdelali Hassani Cherif (Mouvement de la soci\u00e9t\u00e9 pour la paix &#8211; MSP), &nbsp;et de Youcef Aouchiche (Front des forces socialistes &#8211; FFS). Belkacem Sahli ( qui se pr\u00e9sente au nom d&rsquo;une alliance de micro-partis (Groupe stabilit\u00e9 et r\u00e9forme &#8211; GSR), esp\u00e8re aussi se porter candidat tout comme Tarek Zeghdoud (parti du Rassemblement alg\u00e9rien-RA) ou encore Zoubida Assoul (UCP) et Ahmed Gouraya (Front de la jeunesse d\u00e9mocratique pour la citoyennet\u00e9 &#8211; FJDC). Chaabi Salem, El Abadi Belabbas, M. Abdelhakim Hamadi, Raouf Aib, Bouamrioune Slimane, Kamel Hebbal, Amar Chekar, Hichem Baba Ahmed, et Sa\u00efda Neghza ont \u00e9galement d\u00e9pos\u00e9 des dossiers de d\u00e9claration de candidature. La diversit\u00e9 des profils promet une comp\u00e9tition \u00e9lectorale anim\u00e9e, si leurs candidatures sont valid\u00e9es.<\/p>\n\n\n\n<p>Pour ceux qui franchiront avec succ\u00e8s cette \u00e9tape d\u00e9cisive, un nouveau d\u00e9fi les attend : la campagne \u00e9lectorale. Pr\u00e9vue pour d\u00e9buter 23 jours avant le scrutin, elle sera l&rsquo;occasion pour les candidats de pr\u00e9senter leurs programmes et de convaincre les \u00e9lecteurs alg\u00e9riens.<\/p>\n\n\n\n<p>Hocine Fadheli<\/p>\n","protected":false},"excerpt":{"rendered":"<p>L&rsquo;heure de v\u00e9rit\u00e9 approche pour les 16 pr\u00e9tendants \u00e0 la candidature pour la pr\u00e9sidentielle du 7 septembre prochain. L&rsquo;Autorit\u00e9 nationale<\/p>\n","protected":false},"author":3,"featured_media":54901,"comment_status":"open","ping_status":"closed","sticky":false,"template":"","format":"standard","meta":{"colormag_page_container_layout":"default_layout","colormag_page_sidebar_layout":"default_layout","om_disable_all_campaigns":false,"_monsterinsights_skip_tracking":false,"_monsterinsights_sitenote_active":false,"_monsterinsights_sitenote_note":"","_monsterinsights_sitenote_category":0,"footnotes":"","_wpscppro_dont_share_socialmedia":false,"_wpscppro_custom_social_share_image":0,"_facebook_share_type":"default","_twitter_share_type":"default","_linkedin_share_type":"default","_pinterest_share_type":"default","_linkedin_share_type_page":"","_instagram_share_type":"default","_medium_share_type":"","_threads_share_type":"","_google_business_share_type":"","_selected_social_profile":[],"_wpsp_enable_custom_social_template":false,"_wpsp_social_scheduling":{"enabled":false,"datetime":null,"platforms":[],"status":"template_only","dateOption":"today","timeOption":"now","customDays":"","customHours":"","customDate":"","customTime":"","schedulingType":"absolute"},"_wpsp_active_default_template":true},"categories":[52,27],"tags":[],"class_list":["post-54900","post","type-post","status-publish","format-standard","has-post-thumbnail","hentry","category-a-la-une","category-actualite"],"aioseo_notices":[],"yoast_head":"<!-- This site is optimized with the Yoast SEO plugin v27.5 - https:\/\/yoast.com\/product\/yoast-seo-wordpress\/ -->\n<title>Pr\u00e9sidentielle du 7 septembre : Le moment de v\u00e9rit\u00e9 - La Sentinelle<\/title>\n<meta name=\"robots\" content=\"index, follow, max-snippet:-1, max-image-preview:large, max-video-preview:-1\" \/>\n<link rel=\"canonical\" href=\"https:\/\/lasentinelle.dz\/index.php\/2024\/07\/25\/presidentielle-du-7-septembre-le-moment-de-verite\/\" \/>\n<meta property=\"og:locale\" content=\"fr_FR\" \/>\n<meta property=\"og:type\" content=\"article\" \/>\n<meta property=\"og:title\" content=\"Pr\u00e9sidentielle du 7 septembre : Le moment de v\u00e9rit\u00e9 - La Sentinelle\" \/>\n<meta property=\"og:description\" content=\"L&rsquo;heure de v\u00e9rit\u00e9 approche pour les 16 pr\u00e9tendants \u00e0 la candidature pour la pr\u00e9sidentielle du 7 septembre prochain. L&rsquo;Autorit\u00e9 nationale\" \/>\n<meta property=\"og:url\" content=\"https:\/\/lasentinelle.dz\/index.php\/2024\/07\/25\/presidentielle-du-7-septembre-le-moment-de-verite\/\" \/>\n<meta property=\"og:site_name\" content=\"La Sentinelle\" \/>\n<meta property=\"article:publisher\" content=\"https:\/\/www.facebook.com\/La-Sentinelle-104059864394773\" \/>\n<meta property=\"article:published_time\" content=\"2024-07-25T14:48:24+00:00\" \/>\n<meta property=\"og:image\" content=\"https:\/\/lasentinelle.dz\/wp-content\/uploads\/2024\/07\/ANIE.jpg\" \/>\n\t<meta property=\"og:image:width\" content=\"745\" \/>\n\t<meta property=\"og:image:height\" content=\"470\" \/>\n\t<meta property=\"og:image:type\" content=\"image\/jpeg\" \/>\n<meta name=\"author\" content=\"La Sentinelle\" \/>\n<meta name=\"twitter:card\" content=\"summary_large_image\" \/>\n<meta name=\"twitter:label1\" content=\"\u00c9crit par\" \/>\n\t<meta name=\"twitter:data1\" content=\"La Sentinelle\" \/>\n\t<meta name=\"twitter:label2\" content=\"Dur\u00e9e de lecture estim\u00e9e\" \/>\n\t<meta name=\"twitter:data2\" content=\"3 minutes\" \/>\n<script type=\"application\/ld+json\" class=\"yoast-schema-graph\">{\"@context\":\"https:\\\/\\\/schema.org\",\"@graph\":[{\"@type\":\"Article\",\"@id\":\"https:\\\/\\\/lasentinelle.dz\\\/index.php\\\/2024\\\/07\\\/25\\\/presidentielle-du-7-septembre-le-moment-de-verite\\\/#article\",\"isPartOf\":{\"@id\":\"https:\\\/\\\/lasentinelle.dz\\\/index.php\\\/2024\\\/07\\\/25\\\/presidentielle-du-7-septembre-le-moment-de-verite\\\/\"},\"author\":{\"name\":\"La Sentinelle\",\"@id\":\"https:\\\/\\\/lasentinelle.dz\\\/#\\\/schema\\\/person\\\/d865044e22e70a75174ce8bcad3acfb3\"},\"headline\":\"Pr\u00e9sidentielle du 7 septembre : Le moment de v\u00e9rit\u00e9\",\"datePublished\":\"2024-07-25T14:48:24+00:00\",\"mainEntityOfPage\":{\"@id\":\"https:\\\/\\\/lasentinelle.dz\\\/index.php\\\/2024\\\/07\\\/25\\\/presidentielle-du-7-septembre-le-moment-de-verite\\\/\"},\"wordCount\":485,\"commentCount\":0,\"publisher\":{\"@id\":\"https:\\\/\\\/lasentinelle.dz\\\/#organization\"},\"image\":{\"@id\":\"https:\\\/\\\/lasentinelle.dz\\\/index.php\\\/2024\\\/07\\\/25\\\/presidentielle-du-7-septembre-le-moment-de-verite\\\/#primaryimage\"},\"thumbnailUrl\":\"https:\\\/\\\/lasentinelle.dz\\\/wp-content\\\/uploads\\\/2024\\\/07\\\/ANIE.jpg\",\"articleSection\":[\"\u00c0 la Une\",\"Actualit\u00e9\"],\"inLanguage\":\"fr-FR\",\"potentialAction\":[{\"@type\":\"CommentAction\",\"name\":\"Comment\",\"target\":[\"https:\\\/\\\/lasentinelle.dz\\\/index.php\\\/2024\\\/07\\\/25\\\/presidentielle-du-7-septembre-le-moment-de-verite\\\/#respond\"]}]},{\"@type\":\"WebPage\",\"@id\":\"https:\\\/\\\/lasentinelle.dz\\\/index.php\\\/2024\\\/07\\\/25\\\/presidentielle-du-7-septembre-le-moment-de-verite\\\/\",\"url\":\"https:\\\/\\\/lasentinelle.dz\\\/index.php\\\/2024\\\/07\\\/25\\\/presidentielle-du-7-septembre-le-moment-de-verite\\\/\",\"name\":\"Pr\u00e9sidentielle du 7 septembre : Le moment de v\u00e9rit\u00e9 - La Sentinelle\",\"isPartOf\":{\"@id\":\"https:\\\/\\\/lasentinelle.dz\\\/#website\"},\"primaryImageOfPage\":{\"@id\":\"https:\\\/\\\/lasentinelle.dz\\\/index.php\\\/2024\\\/07\\\/25\\\/presidentielle-du-7-septembre-le-moment-de-verite\\\/#primaryimage\"},\"image\":{\"@id\":\"https:\\\/\\\/lasentinelle.dz\\\/index.php\\\/2024\\\/07\\\/25\\\/presidentielle-du-7-septembre-le-moment-de-verite\\\/#primaryimage\"},\"thumbnailUrl\":\"https:\\\/\\\/lasentinelle.dz\\\/wp-content\\\/uploads\\\/2024\\\/07\\\/ANIE.jpg\",\"datePublished\":\"2024-07-25T14:48:24+00:00\",\"breadcrumb\":{\"@id\":\"https:\\\/\\\/lasentinelle.dz\\\/index.php\\\/2024\\\/07\\\/25\\\/presidentielle-du-7-septembre-le-moment-de-verite\\\/#breadcrumb\"},\"inLanguage\":\"fr-FR\",\"potentialAction\":[{\"@type\":\"ReadAction\",\"target\":[\"https:\\\/\\\/lasentinelle.dz\\\/index.php\\\/2024\\\/07\\\/25\\\/presidentielle-du-7-septembre-le-moment-de-verite\\\/\"]}]},{\"@type\":\"ImageObject\",\"inLanguage\":\"fr-FR\",\"@id\":\"https:\\\/\\\/lasentinelle.dz\\\/index.php\\\/2024\\\/07\\\/25\\\/presidentielle-du-7-septembre-le-moment-de-verite\\\/#primaryimage\",\"url\":\"https:\\\/\\\/lasentinelle.dz\\\/wp-content\\\/uploads\\\/2024\\\/07\\\/ANIE.jpg\",\"contentUrl\":\"https:\\\/\\\/lasentinelle.dz\\\/wp-content\\\/uploads\\\/2024\\\/07\\\/ANIE.jpg\",\"width\":745,\"height\":470},{\"@type\":\"BreadcrumbList\",\"@id\":\"https:\\\/\\\/lasentinelle.dz\\\/index.php\\\/2024\\\/07\\\/25\\\/presidentielle-du-7-septembre-le-moment-de-verite\\\/#breadcrumb\",\"itemListElement\":[{\"@type\":\"ListItem\",\"position\":1,\"name\":\"Accueil\",\"item\":\"https:\\\/\\\/lasentinelle.dz\\\/\"},{\"@type\":\"ListItem\",\"position\":2,\"name\":\"Pr\u00e9sidentielle du 7 septembre : Le moment de v\u00e9rit\u00e9\"}]},{\"@type\":\"WebSite\",\"@id\":\"https:\\\/\\\/lasentinelle.dz\\\/#website\",\"url\":\"https:\\\/\\\/lasentinelle.dz\\\/\",\"name\":\"La Sentinelle\",\"description\":\"Quotidien national d&#039;information\",\"publisher\":{\"@id\":\"https:\\\/\\\/lasentinelle.dz\\\/#organization\"},\"potentialAction\":[{\"@type\":\"SearchAction\",\"target\":{\"@type\":\"EntryPoint\",\"urlTemplate\":\"https:\\\/\\\/lasentinelle.dz\\\/?s={search_term_string}\"},\"query-input\":{\"@type\":\"PropertyValueSpecification\",\"valueRequired\":true,\"valueName\":\"search_term_string\"}}],\"inLanguage\":\"fr-FR\"},{\"@type\":\"Organization\",\"@id\":\"https:\\\/\\\/lasentinelle.dz\\\/#organization\",\"name\":\"Quotidien La Sentinelle\",\"url\":\"https:\\\/\\\/lasentinelle.dz\\\/\",\"logo\":{\"@type\":\"ImageObject\",\"inLanguage\":\"fr-FR\",\"@id\":\"https:\\\/\\\/lasentinelle.dz\\\/#\\\/schema\\\/logo\\\/image\\\/\",\"url\":\"https:\\\/\\\/lasentinelle.dz\\\/wp-content\\\/uploads\\\/2021\\\/09\\\/logo-sentinelleSLOGAN-1.png\",\"contentUrl\":\"https:\\\/\\\/lasentinelle.dz\\\/wp-content\\\/uploads\\\/2021\\\/09\\\/logo-sentinelleSLOGAN-1.png\",\"width\":615,\"height\":142,\"caption\":\"Quotidien La Sentinelle\"},\"image\":{\"@id\":\"https:\\\/\\\/lasentinelle.dz\\\/#\\\/schema\\\/logo\\\/image\\\/\"},\"sameAs\":[\"https:\\\/\\\/www.facebook.com\\\/La-Sentinelle-104059864394773\"]},{\"@type\":\"Person\",\"@id\":\"https:\\\/\\\/lasentinelle.dz\\\/#\\\/schema\\\/person\\\/d865044e22e70a75174ce8bcad3acfb3\",\"name\":\"La Sentinelle\",\"image\":{\"@type\":\"ImageObject\",\"inLanguage\":\"fr-FR\",\"@id\":\"https:\\\/\\\/secure.gravatar.com\\\/avatar\\\/57de8e5d4b15d43fb361a71fbb36338450fe67865b528a43dd10ef7c51a20392?s=96&d=mm&r=g\",\"url\":\"https:\\\/\\\/secure.gravatar.com\\\/avatar\\\/57de8e5d4b15d43fb361a71fbb36338450fe67865b528a43dd10ef7c51a20392?s=96&d=mm&r=g\",\"contentUrl\":\"https:\\\/\\\/secure.gravatar.com\\\/avatar\\\/57de8e5d4b15d43fb361a71fbb36338450fe67865b528a43dd10ef7c51a20392?s=96&d=mm&r=g\",\"caption\":\"La Sentinelle\"},\"sameAs\":[\"http:\\\/\\\/www.lasentinelle.dz\"],\"url\":\"https:\\\/\\\/lasentinelle.dz\\\/author\\\/redaction\\\/\"}]}<\/script>\n<!-- \/ Yoast SEO plugin. -->","yoast_head_json":{"title":"Pr\u00e9sidentielle du 7 septembre : Le moment de v\u00e9rit\u00e9 - La Sentinelle","robots":{"index":"index","follow":"follow","max-snippet":"max-snippet:-1","max-image-preview":"max-image-preview:large","max-video-preview":"max-video-preview:-1"},"canonical":"https:\/\/lasentinelle.dz\/index.php\/2024\/07\/25\/presidentielle-du-7-septembre-le-moment-de-verite\/","og_locale":"fr_FR","og_type":"article","og_title":"Pr\u00e9sidentielle du 7 septembre : Le moment de v\u00e9rit\u00e9 - La Sentinelle","og_description":"L&rsquo;heure de v\u00e9rit\u00e9 approche pour les 16 pr\u00e9tendants \u00e0 la candidature pour la pr\u00e9sidentielle du 7 septembre prochain. L&rsquo;Autorit\u00e9 nationale","og_url":"https:\/\/lasentinelle.dz\/index.php\/2024\/07\/25\/presidentielle-du-7-septembre-le-moment-de-verite\/","og_site_name":"La Sentinelle","article_publisher":"https:\/\/www.facebook.com\/La-Sentinelle-104059864394773","article_published_time":"2024-07-25T14:48:24+00:00","og_image":[{"width":745,"height":470,"url":"https:\/\/lasentinelle.dz\/wp-content\/uploads\/2024\/07\/ANIE.jpg","type":"image\/jpeg"}],"author":"La Sentinelle","twitter_card":"summary_large_image","twitter_misc":{"\u00c9crit par":"La Sentinelle","Dur\u00e9e de lecture estim\u00e9e":"3 minutes"},"schema":{"@context":"https:\/\/schema.org","@graph":[{"@type":"Article","@id":"https:\/\/lasentinelle.dz\/index.php\/2024\/07\/25\/presidentielle-du-7-septembre-le-moment-de-verite\/#article","isPartOf":{"@id":"https:\/\/lasentinelle.dz\/index.php\/2024\/07\/25\/presidentielle-du-7-septembre-le-moment-de-verite\/"},"author":{"name":"La Sentinelle","@id":"https:\/\/lasentinelle.dz\/#\/schema\/person\/d865044e22e70a75174ce8bcad3acfb3"},"headline":"Pr\u00e9sidentielle du 7 septembre : Le moment de v\u00e9rit\u00e9","datePublished":"2024-07-25T14:48:24+00:00","mainEntityOfPage":{"@id":"https:\/\/lasentinelle.dz\/index.php\/2024\/07\/25\/presidentielle-du-7-septembre-le-moment-de-verite\/"},"wordCount":485,"commentCount":0,"publisher":{"@id":"https:\/\/lasentinelle.dz\/#organization"},"image":{"@id":"https:\/\/lasentinelle.dz\/index.php\/2024\/07\/25\/presidentielle-du-7-septembre-le-moment-de-verite\/#primaryimage"},"thumbnailUrl":"https:\/\/lasentinelle.dz\/wp-content\/uploads\/2024\/07\/ANIE.jpg","articleSection":["\u00c0 la Une","Actualit\u00e9"],"inLanguage":"fr-FR","potentialAction":[{"@type":"CommentAction","name":"Comment","target":["https:\/\/lasentinelle.dz\/index.php\/2024\/07\/25\/presidentielle-du-7-septembre-le-moment-de-verite\/#respond"]}]},{"@type":"WebPage","@id":"https:\/\/lasentinelle.dz\/index.php\/2024\/07\/25\/presidentielle-du-7-septembre-le-moment-de-verite\/","url":"https:\/\/lasentinelle.dz\/index.php\/2024\/07\/25\/presidentielle-du-7-septembre-le-moment-de-verite\/","name":"Pr\u00e9sidentielle du 7 septembre : Le moment de v\u00e9rit\u00e9 - La Sentinelle","isPartOf":{"@id":"https:\/\/lasentinelle.dz\/#website"},"primaryImageOfPage":{"@id":"https:\/\/lasentinelle.dz\/index.php\/2024\/07\/25\/presidentielle-du-7-septembre-le-moment-de-verite\/#primaryimage"},"image":{"@id":"https:\/\/lasentinelle.dz\/index.php\/2024\/07\/25\/presidentielle-du-7-septembre-le-moment-de-verite\/#primaryimage"},"thumbnailUrl":"https:\/\/lasentinelle.dz\/wp-content\/uploads\/2024\/07\/ANIE.jpg","datePublished":"2024-07-25T14:48:24+00:00","breadcrumb":{"@id":"https:\/\/lasentinelle.dz\/index.php\/2024\/07\/25\/presidentielle-du-7-septembre-le-moment-de-verite\/#breadcrumb"},"inLanguage":"fr-FR","potentialAction":[{"@type":"ReadAction","target":["https:\/\/lasentinelle.dz\/index.php\/2024\/07\/25\/presidentielle-du-7-septembre-le-moment-de-verite\/"]}]},{"@type":"ImageObject","inLanguage":"fr-FR","@id":"https:\/\/lasentinelle.dz\/index.php\/2024\/07\/25\/presidentielle-du-7-septembre-le-moment-de-verite\/#primaryimage","url":"https:\/\/lasentinelle.dz\/wp-content\/uploads\/2024\/07\/ANIE.jpg","contentUrl":"https:\/\/lasentinelle.dz\/wp-content\/uploads\/2024\/07\/ANIE.jpg","width":745,"height":470},{"@type":"BreadcrumbList","@id":"https:\/\/lasentinelle.dz\/index.php\/2024\/07\/25\/presidentielle-du-7-septembre-le-moment-de-verite\/#breadcrumb","itemListElement":[{"@type":"ListItem","position":1,"name":"Accueil","item":"https:\/\/lasentinelle.dz\/"},{"@type":"ListItem","position":2,"name":"Pr\u00e9sidentielle du 7 septembre : Le moment de v\u00e9rit\u00e9"}]},{"@type":"WebSite","@id":"https:\/\/lasentinelle.dz\/#website","url":"https:\/\/lasentinelle.dz\/","name":"La Sentinelle","description":"Quotidien national d&#039;information","publisher":{"@id":"https:\/\/lasentinelle.dz\/#organization"},"potentialAction":[{"@type":"SearchAction","target":{"@type":"EntryPoint","urlTemplate":"https:\/\/lasentinelle.dz\/?s={search_term_string}"},"query-input":{"@type":"PropertyValueSpecification","valueRequired":true,"valueName":"search_term_string"}}],"inLanguage":"fr-FR"},{"@type":"Organization","@id":"https:\/\/lasentinelle.dz\/#organization","name":"Quotidien La Sentinelle","url":"https:\/\/lasentinelle.dz\/","logo":{"@type":"ImageObject","inLanguage":"fr-FR","@id":"https:\/\/lasentinelle.dz\/#\/schema\/logo\/image\/","url":"https:\/\/lasentinelle.dz\/wp-content\/uploads\/2021\/09\/logo-sentinelleSLOGAN-1.png","contentUrl":"https:\/\/lasentinelle.dz\/wp-content\/uploads\/2021\/09\/logo-sentinelleSLOGAN-1.png","width":615,"height":142,"caption":"Quotidien La Sentinelle"},"image":{"@id":"https:\/\/lasentinelle.dz\/#\/schema\/logo\/image\/"},"sameAs":["https:\/\/www.facebook.com\/La-Sentinelle-104059864394773"]},{"@type":"Person","@id":"https:\/\/lasentinelle.dz\/#\/schema\/person\/d865044e22e70a75174ce8bcad3acfb3","name":"La Sentinelle","image":{"@type":"ImageObject","inLanguage":"fr-FR","@id":"https:\/\/secure.gravatar.com\/avatar\/57de8e5d4b15d43fb361a71fbb36338450fe67865b528a43dd10ef7c51a20392?s=96&d=mm&r=g","url":"https:\/\/secure.gravatar.com\/avatar\/57de8e5d4b15d43fb361a71fbb36338450fe67865b528a43dd10ef7c51a20392?s=96&d=mm&r=g","contentUrl":"https:\/\/secure.gravatar.com\/avatar\/57de8e5d4b15d43fb361a71fbb36338450fe67865b528a43dd10ef7c51a20392?s=96&d=mm&r=g","caption":"La Sentinelle"},"sameAs":["http:\/\/www.lasentinelle.dz"],"url":"https:\/\/lasentinelle.dz\/author\/redaction\/"}]}},"_links":{"self":[{"href":"https:\/\/lasentinelle.dz\/index.php\/wp-json\/wp\/v2\/posts\/54900","targetHints":{"allow":["GET"]}}],"collection":[{"href":"https:\/\/lasentinelle.dz\/index.php\/wp-json\/wp\/v2\/posts"}],"about":[{"href":"https:\/\/lasentinelle.dz\/index.php\/wp-json\/wp\/v2\/types\/post"}],"author":[{"embeddable":true,"href":"https:\/\/lasentinelle.dz\/index.php\/wp-json\/wp\/v2\/users\/3"}],"replies":[{"embeddable":true,"href":"https:\/\/lasentinelle.dz\/index.php\/wp-json\/wp\/v2\/comments?post=54900"}],"version-history":[{"count":1,"href":"https:\/\/lasentinelle.dz\/index.php\/wp-json\/wp\/v2\/posts\/54900\/revisions"}],"predecessor-version":[{"id":54902,"href":"https:\/\/lasentinelle.dz\/index.php\/wp-json\/wp\/v2\/posts\/54900\/revisions\/54902"}],"wp:featuredmedia":[{"embeddable":true,"href":"https:\/\/lasentinelle.dz\/index.php\/wp-json\/wp\/v2\/media\/54901"}],"wp:attachment":[{"href":"https:\/\/lasentinelle.dz\/index.php\/wp-json\/wp\/v2\/media?parent=54900"}],"wp:term":[{"taxonomy":"category","embeddable":true,"href":"https:\/\/lasentinelle.dz\/index.php\/wp-json\/wp\/v2\/categories?post=54900"},{"taxonomy":"post_tag","embeddable":true,"href":"https:\/\/lasentinelle.dz\/index.php\/wp-json\/wp\/v2\/tags?post=54900"}],"curies":[{"name":"wp","href":"https:\/\/api.w.org\/{rel}","templated":true}]}}