{"id":54936,"date":"2024-07-28T14:10:00","date_gmt":"2024-07-28T13:10:00","guid":{"rendered":"https:\/\/lasentinelle.dz\/?p=54936"},"modified":"2024-07-28T14:10:00","modified_gmt":"2024-07-28T13:10:00","slug":"gymnastique-la-prodige-kaylia-nemour-fait-son-entree","status":"publish","type":"post","link":"https:\/\/lasentinelle.dz\/index.php\/2024\/07\/28\/gymnastique-la-prodige-kaylia-nemour-fait-son-entree\/","title":{"rendered":"Gymnastique: La prodige Kaylia Nemour fait son entr\u00e9e"},"content":{"rendered":"\n<p>L&rsquo;Alg\u00e9rie retient son souffle \u00e0 la veille des d\u00e9buts olympiques de sa nouvelle \u00e9toile de la gymnastique, Kaylia Nemour. \u00c0 seulement 17 ans, cette prodige incarnera dimanche les plus grands espoirs de m\u00e9daille du pays lors de la deuxi\u00e8me journ\u00e9e des Jeux Olympiques de Paris 2024.<\/p>\n\n\n\n<p>V\u00e9ritable ph\u00e9nom\u00e8ne aux barres asym\u00e9triques, Nemour a d\u00e9j\u00e0 marqu\u00e9 l&rsquo;histoire en devenant quadruple m\u00e9daill\u00e9e d&rsquo;or en Coupe du monde 2024. Son talent exceptionnel et sa maturit\u00e9 pr\u00e9coce en font la candidate id\u00e9ale pour offrir \u00e0 l&rsquo;Alg\u00e9rie sa toute premi\u00e8re m\u00e9daille olympique en gymnastique. \u00a0\u00bb Je me suis donn\u00e9e \u00e0 fond durant toute ma jeune carri\u00e8re pour participer aux Jeux olympiques, c&rsquo;est la comp\u00e9tition la plus prestigieuse et la plus importante. C&rsquo;est la cons\u00e9cration d&rsquo;un long travail\u00a0\u00bb, a-t-elle d\u00e9clar\u00e9 \u00e0 son arriv\u00e9e au village olympique. \u00ab\u00a0Je me sens pr\u00eate. Dimanche marquera le d\u00e9but des \u00e9tapes \u00e9liminatoires. Je ferai de mon mieux pour atteindre les finales. Je pars pour engranger de l&rsquo;exp\u00e9rience et pour appr\u00e9cier chaque seconde, si je d\u00e9croche une m\u00e9daille, \u00e7a serait quelque chose de merveilleux\u00a0\u00bb, a ajout\u00e9 la plus jeune athl\u00e8te de la d\u00e9l\u00e9gation alg\u00e9rienne aux JO 2024. L&rsquo;entr\u00e9e en lice de Nemour dans les qualifications par agr\u00e8s \u00e0 l&rsquo;Arena de Bercy est attendue avec une immense ferveur. Ses performances, particuli\u00e8rement aux barres asym\u00e9triques, pourraient bien marquer un tournant dans l&rsquo;histoire du sport alg\u00e9rien.<\/p>\n\n\n\n<p>Alors que d&rsquo;autres athl\u00e8tes alg\u00e9riens d\u00e9buteront \u00e9galement leur parcours olympique ce dimanche, notamment en voile et en aviron, c&rsquo;est sur les \u00e9paules de la jeune gymnaste que reposent les plus grands espoirs de gloire. Kaylia Nemour a non seulement la chance de marquer l&rsquo;histoire de son pays, mais aussi de s&rsquo;imposer comme l&rsquo;une des nouvelles stars mondiales de la gymnastique. La nation tout enti\u00e8re sera suspendue aux exploits de sa championne, dans l&rsquo;espoir de voir briller l&rsquo;or olympique aux couleurs de l&rsquo;Alg\u00e9rie. La deuxi\u00e8me journ\u00e9e de comp\u00e9tition des JO 2024, verra \u00e9galement l&rsquo;entr\u00e9e en lice du v\u00e9liplanchiste Ramy Boudrouma, dont les courses d&rsquo;IQ Foil se d\u00e9rouleront \u00e0 Marseille. En stage depuis le 4 juillet dans le Sud de la France, Boudrouma (23 ans) a qualifi\u00e9 de \u00ab\u00a0grand exploit\u00a0\u00bb sa pr\u00e9sence aux JO, assurant qu&rsquo;il y fera de son mieux pour r\u00e9ussir un bon parcours dans la sp\u00e9cialit\u00e9 IQ Foil, et ce, malgr\u00e9 la concurrence qui s&rsquo;annonce f\u00e9roce, surtout en pr\u00e9sence des meilleurs v\u00e9liplanchistes au monde. \u00ab\u00a0En tout cas, je me sens pr\u00eat \u00e0 relever le d\u00e9fi\u00a0\u00bb, a assur\u00e9 le natif de Skikda, dans une d\u00e9claration \u00e0 l&rsquo;APS. A raison de quatre courses par jour, les \u00e9preuves de planche \u00e0 voile (IQ Foil) se poursuivront jusqu&rsquo;au 1er aout \u00e0 la Marina de Marseille. Toujours en sports nautiques, les rameurs alg\u00e9riens Sid Ali Boudina et Nihed Benchadli, \u00e9limin\u00e9s samedi dans les courses de skiff (poids lourd), tenteront d&rsquo;arracher une place en quarts de finale lors des rep\u00eachages, programm\u00e9s dimanche matin au stade nautique de Vaires-Sur-Marne. Deux autres disciplines sont concern\u00e9es par les \u00e9preuves de la deuxi\u00e8me journ\u00e9e de comp\u00e9tition. Il s&rsquo;agit des disciplines de badminton (double mixte) et de tir sportif (carabine \u00e0 air comprim\u00e9 10 m, messieurs).&nbsp; En tir sportif, Koceila Adoul d\u00e9fendra les couleurs nationales dans l&rsquo;\u00e9preuve de carabine \u00e0 air comprim\u00e9 10 m. L&rsquo;athl\u00e8te alg\u00e9rien d\u00e9butera les \u00e9liminatoires \u00e0 partir de 10h15 au champ de tir de Ch\u00e2teauroux avec la participation de 39 tireurs. Les huit meilleurs athl\u00e8tes passeront en finale.<\/p>\n\n\n\n<p>R.S.<\/p>\n","protected":false},"excerpt":{"rendered":"<p>L&rsquo;Alg\u00e9rie retient son souffle \u00e0 la veille des d\u00e9buts olympiques de sa nouvelle \u00e9toile de la gymnastique, Kaylia Nemour. \u00c0<\/p>\n","protected":false},"author":3,"featured_media":54937,"comment_status":"open","ping_status":"closed","sticky":false,"template":"","format":"standard","meta":{"colormag_page_container_layout":"default_layout","colormag_page_sidebar_layout":"default_layout","om_disable_all_campaigns":false,"_monsterinsights_skip_tracking":false,"_monsterinsights_sitenote_active":false,"_monsterinsights_sitenote_note":"","_monsterinsights_sitenote_category":0,"footnotes":"","_wpscppro_dont_share_socialmedia":false,"_wpscppro_custom_social_share_image":0,"_facebook_share_type":"default","_twitter_share_type":"default","_linkedin_share_type":"default","_pinterest_share_type":"default","_linkedin_share_type_page":"","_instagram_share_type":"default","_medium_share_type":"","_threads_share_type":"","_google_business_share_type":"","_selected_social_profile":[],"_wpsp_enable_custom_social_template":false,"_wpsp_social_scheduling":{"enabled":false,"datetime":null,"platforms":[],"status":"template_only","dateOption":"today","timeOption":"now","customDays":"","customHours":"","customDate":"","customTime":"","schedulingType":"absolute"},"_wpsp_active_default_template":true},"categories":[33],"tags":[],"class_list":["post-54936","post","type-post","status-publish","format-standard","has-post-thumbnail","hentry","category-sports"],"aioseo_notices":[],"yoast_head":"<!-- This site is optimized with the Yoast SEO plugin v27.5 - https:\/\/yoast.com\/product\/yoast-seo-wordpress\/ -->\n<title>Gymnastique: La prodige Kaylia Nemour fait son entr\u00e9e - La Sentinelle<\/title>\n<meta name=\"robots\" content=\"index, follow, max-snippet:-1, max-image-preview:large, max-video-preview:-1\" \/>\n<link rel=\"canonical\" href=\"https:\/\/lasentinelle.dz\/index.php\/2024\/07\/28\/gymnastique-la-prodige-kaylia-nemour-fait-son-entree\/\" \/>\n<meta property=\"og:locale\" content=\"fr_FR\" \/>\n<meta property=\"og:type\" content=\"article\" \/>\n<meta property=\"og:title\" content=\"Gymnastique: La prodige Kaylia Nemour fait son entr\u00e9e - La Sentinelle\" \/>\n<meta property=\"og:description\" content=\"L&rsquo;Alg\u00e9rie retient son souffle \u00e0 la veille des d\u00e9buts olympiques de sa nouvelle \u00e9toile de la gymnastique, Kaylia Nemour. \u00c0\" \/>\n<meta property=\"og:url\" content=\"https:\/\/lasentinelle.dz\/index.php\/2024\/07\/28\/gymnastique-la-prodige-kaylia-nemour-fait-son-entree\/\" \/>\n<meta property=\"og:site_name\" content=\"La Sentinelle\" \/>\n<meta property=\"article:publisher\" content=\"https:\/\/www.facebook.com\/La-Sentinelle-104059864394773\" \/>\n<meta property=\"article:published_time\" content=\"2024-07-28T13:10:00+00:00\" \/>\n<meta property=\"og:image\" content=\"https:\/\/lasentinelle.dz\/wp-content\/uploads\/2024\/07\/Kaylia-Nemour-.jpg\" \/>\n\t<meta property=\"og:image:width\" content=\"1300\" \/>\n\t<meta property=\"og:image:height\" content=\"864\" \/>\n\t<meta property=\"og:image:type\" content=\"image\/jpeg\" \/>\n<meta name=\"author\" content=\"La Sentinelle\" \/>\n<meta name=\"twitter:card\" content=\"summary_large_image\" \/>\n<meta name=\"twitter:label1\" content=\"\u00c9crit par\" \/>\n\t<meta name=\"twitter:data1\" content=\"La Sentinelle\" \/>\n\t<meta name=\"twitter:label2\" content=\"Dur\u00e9e de lecture estim\u00e9e\" \/>\n\t<meta name=\"twitter:data2\" content=\"4 minutes\" \/>\n<script type=\"application\/ld+json\" class=\"yoast-schema-graph\">{\"@context\":\"https:\\\/\\\/schema.org\",\"@graph\":[{\"@type\":\"Article\",\"@id\":\"https:\\\/\\\/lasentinelle.dz\\\/index.php\\\/2024\\\/07\\\/28\\\/gymnastique-la-prodige-kaylia-nemour-fait-son-entree\\\/#article\",\"isPartOf\":{\"@id\":\"https:\\\/\\\/lasentinelle.dz\\\/index.php\\\/2024\\\/07\\\/28\\\/gymnastique-la-prodige-kaylia-nemour-fait-son-entree\\\/\"},\"author\":{\"name\":\"La Sentinelle\",\"@id\":\"https:\\\/\\\/lasentinelle.dz\\\/#\\\/schema\\\/person\\\/d865044e22e70a75174ce8bcad3acfb3\"},\"headline\":\"Gymnastique: La prodige Kaylia Nemour fait son entr\u00e9e\",\"datePublished\":\"2024-07-28T13:10:00+00:00\",\"mainEntityOfPage\":{\"@id\":\"https:\\\/\\\/lasentinelle.dz\\\/index.php\\\/2024\\\/07\\\/28\\\/gymnastique-la-prodige-kaylia-nemour-fait-son-entree\\\/\"},\"wordCount\":641,\"commentCount\":0,\"publisher\":{\"@id\":\"https:\\\/\\\/lasentinelle.dz\\\/#organization\"},\"image\":{\"@id\":\"https:\\\/\\\/lasentinelle.dz\\\/index.php\\\/2024\\\/07\\\/28\\\/gymnastique-la-prodige-kaylia-nemour-fait-son-entree\\\/#primaryimage\"},\"thumbnailUrl\":\"https:\\\/\\\/lasentinelle.dz\\\/wp-content\\\/uploads\\\/2024\\\/07\\\/Kaylia-Nemour-.jpg\",\"articleSection\":[\"Sports\"],\"inLanguage\":\"fr-FR\",\"potentialAction\":[{\"@type\":\"CommentAction\",\"name\":\"Comment\",\"target\":[\"https:\\\/\\\/lasentinelle.dz\\\/index.php\\\/2024\\\/07\\\/28\\\/gymnastique-la-prodige-kaylia-nemour-fait-son-entree\\\/#respond\"]}]},{\"@type\":\"WebPage\",\"@id\":\"https:\\\/\\\/lasentinelle.dz\\\/index.php\\\/2024\\\/07\\\/28\\\/gymnastique-la-prodige-kaylia-nemour-fait-son-entree\\\/\",\"url\":\"https:\\\/\\\/lasentinelle.dz\\\/index.php\\\/2024\\\/07\\\/28\\\/gymnastique-la-prodige-kaylia-nemour-fait-son-entree\\\/\",\"name\":\"Gymnastique: La prodige Kaylia Nemour fait son entr\u00e9e - La Sentinelle\",\"isPartOf\":{\"@id\":\"https:\\\/\\\/lasentinelle.dz\\\/#website\"},\"primaryImageOfPage\":{\"@id\":\"https:\\\/\\\/lasentinelle.dz\\\/index.php\\\/2024\\\/07\\\/28\\\/gymnastique-la-prodige-kaylia-nemour-fait-son-entree\\\/#primaryimage\"},\"image\":{\"@id\":\"https:\\\/\\\/lasentinelle.dz\\\/index.php\\\/2024\\\/07\\\/28\\\/gymnastique-la-prodige-kaylia-nemour-fait-son-entree\\\/#primaryimage\"},\"thumbnailUrl\":\"https:\\\/\\\/lasentinelle.dz\\\/wp-content\\\/uploads\\\/2024\\\/07\\\/Kaylia-Nemour-.jpg\",\"datePublished\":\"2024-07-28T13:10:00+00:00\",\"breadcrumb\":{\"@id\":\"https:\\\/\\\/lasentinelle.dz\\\/index.php\\\/2024\\\/07\\\/28\\\/gymnastique-la-prodige-kaylia-nemour-fait-son-entree\\\/#breadcrumb\"},\"inLanguage\":\"fr-FR\",\"potentialAction\":[{\"@type\":\"ReadAction\",\"target\":[\"https:\\\/\\\/lasentinelle.dz\\\/index.php\\\/2024\\\/07\\\/28\\\/gymnastique-la-prodige-kaylia-nemour-fait-son-entree\\\/\"]}]},{\"@type\":\"ImageObject\",\"inLanguage\":\"fr-FR\",\"@id\":\"https:\\\/\\\/lasentinelle.dz\\\/index.php\\\/2024\\\/07\\\/28\\\/gymnastique-la-prodige-kaylia-nemour-fait-son-entree\\\/#primaryimage\",\"url\":\"https:\\\/\\\/lasentinelle.dz\\\/wp-content\\\/uploads\\\/2024\\\/07\\\/Kaylia-Nemour-.jpg\",\"contentUrl\":\"https:\\\/\\\/lasentinelle.dz\\\/wp-content\\\/uploads\\\/2024\\\/07\\\/Kaylia-Nemour-.jpg\",\"width\":1300,\"height\":864,\"caption\":\"CREATOR: gd-jpeg v1.0 (using IJG JPEG v62), quality = 100\"},{\"@type\":\"BreadcrumbList\",\"@id\":\"https:\\\/\\\/lasentinelle.dz\\\/index.php\\\/2024\\\/07\\\/28\\\/gymnastique-la-prodige-kaylia-nemour-fait-son-entree\\\/#breadcrumb\",\"itemListElement\":[{\"@type\":\"ListItem\",\"position\":1,\"name\":\"Accueil\",\"item\":\"https:\\\/\\\/lasentinelle.dz\\\/\"},{\"@type\":\"ListItem\",\"position\":2,\"name\":\"Gymnastique: La prodige Kaylia Nemour fait son entr\u00e9e\"}]},{\"@type\":\"WebSite\",\"@id\":\"https:\\\/\\\/lasentinelle.dz\\\/#website\",\"url\":\"https:\\\/\\\/lasentinelle.dz\\\/\",\"name\":\"La Sentinelle\",\"description\":\"Quotidien national d&#039;information\",\"publisher\":{\"@id\":\"https:\\\/\\\/lasentinelle.dz\\\/#organization\"},\"potentialAction\":[{\"@type\":\"SearchAction\",\"target\":{\"@type\":\"EntryPoint\",\"urlTemplate\":\"https:\\\/\\\/lasentinelle.dz\\\/?s={search_term_string}\"},\"query-input\":{\"@type\":\"PropertyValueSpecification\",\"valueRequired\":true,\"valueName\":\"search_term_string\"}}],\"inLanguage\":\"fr-FR\"},{\"@type\":\"Organization\",\"@id\":\"https:\\\/\\\/lasentinelle.dz\\\/#organization\",\"name\":\"Quotidien La Sentinelle\",\"url\":\"https:\\\/\\\/lasentinelle.dz\\\/\",\"logo\":{\"@type\":\"ImageObject\",\"inLanguage\":\"fr-FR\",\"@id\":\"https:\\\/\\\/lasentinelle.dz\\\/#\\\/schema\\\/logo\\\/image\\\/\",\"url\":\"https:\\\/\\\/lasentinelle.dz\\\/wp-content\\\/uploads\\\/2021\\\/09\\\/logo-sentinelleSLOGAN-1.png\",\"contentUrl\":\"https:\\\/\\\/lasentinelle.dz\\\/wp-content\\\/uploads\\\/2021\\\/09\\\/logo-sentinelleSLOGAN-1.png\",\"width\":615,\"height\":142,\"caption\":\"Quotidien La Sentinelle\"},\"image\":{\"@id\":\"https:\\\/\\\/lasentinelle.dz\\\/#\\\/schema\\\/logo\\\/image\\\/\"},\"sameAs\":[\"https:\\\/\\\/www.facebook.com\\\/La-Sentinelle-104059864394773\"]},{\"@type\":\"Person\",\"@id\":\"https:\\\/\\\/lasentinelle.dz\\\/#\\\/schema\\\/person\\\/d865044e22e70a75174ce8bcad3acfb3\",\"name\":\"La Sentinelle\",\"image\":{\"@type\":\"ImageObject\",\"inLanguage\":\"fr-FR\",\"@id\":\"https:\\\/\\\/secure.gravatar.com\\\/avatar\\\/57de8e5d4b15d43fb361a71fbb36338450fe67865b528a43dd10ef7c51a20392?s=96&d=mm&r=g\",\"url\":\"https:\\\/\\\/secure.gravatar.com\\\/avatar\\\/57de8e5d4b15d43fb361a71fbb36338450fe67865b528a43dd10ef7c51a20392?s=96&d=mm&r=g\",\"contentUrl\":\"https:\\\/\\\/secure.gravatar.com\\\/avatar\\\/57de8e5d4b15d43fb361a71fbb36338450fe67865b528a43dd10ef7c51a20392?s=96&d=mm&r=g\",\"caption\":\"La Sentinelle\"},\"sameAs\":[\"http:\\\/\\\/www.lasentinelle.dz\"],\"url\":\"https:\\\/\\\/lasentinelle.dz\\\/author\\\/redaction\\\/\"}]}<\/script>\n<!-- \/ Yoast SEO plugin. -->","yoast_head_json":{"title":"Gymnastique: La prodige Kaylia Nemour fait son entr\u00e9e - La Sentinelle","robots":{"index":"index","follow":"follow","max-snippet":"max-snippet:-1","max-image-preview":"max-image-preview:large","max-video-preview":"max-video-preview:-1"},"canonical":"https:\/\/lasentinelle.dz\/index.php\/2024\/07\/28\/gymnastique-la-prodige-kaylia-nemour-fait-son-entree\/","og_locale":"fr_FR","og_type":"article","og_title":"Gymnastique: La prodige Kaylia Nemour fait son entr\u00e9e - La Sentinelle","og_description":"L&rsquo;Alg\u00e9rie retient son souffle \u00e0 la veille des d\u00e9buts olympiques de sa nouvelle \u00e9toile de la gymnastique, Kaylia Nemour. \u00c0","og_url":"https:\/\/lasentinelle.dz\/index.php\/2024\/07\/28\/gymnastique-la-prodige-kaylia-nemour-fait-son-entree\/","og_site_name":"La Sentinelle","article_publisher":"https:\/\/www.facebook.com\/La-Sentinelle-104059864394773","article_published_time":"2024-07-28T13:10:00+00:00","og_image":[{"width":1300,"height":864,"url":"https:\/\/lasentinelle.dz\/wp-content\/uploads\/2024\/07\/Kaylia-Nemour-.jpg","type":"image\/jpeg"}],"author":"La Sentinelle","twitter_card":"summary_large_image","twitter_misc":{"\u00c9crit par":"La Sentinelle","Dur\u00e9e de lecture estim\u00e9e":"4 minutes"},"schema":{"@context":"https:\/\/schema.org","@graph":[{"@type":"Article","@id":"https:\/\/lasentinelle.dz\/index.php\/2024\/07\/28\/gymnastique-la-prodige-kaylia-nemour-fait-son-entree\/#article","isPartOf":{"@id":"https:\/\/lasentinelle.dz\/index.php\/2024\/07\/28\/gymnastique-la-prodige-kaylia-nemour-fait-son-entree\/"},"author":{"name":"La Sentinelle","@id":"https:\/\/lasentinelle.dz\/#\/schema\/person\/d865044e22e70a75174ce8bcad3acfb3"},"headline":"Gymnastique: La prodige Kaylia Nemour fait son entr\u00e9e","datePublished":"2024-07-28T13:10:00+00:00","mainEntityOfPage":{"@id":"https:\/\/lasentinelle.dz\/index.php\/2024\/07\/28\/gymnastique-la-prodige-kaylia-nemour-fait-son-entree\/"},"wordCount":641,"commentCount":0,"publisher":{"@id":"https:\/\/lasentinelle.dz\/#organization"},"image":{"@id":"https:\/\/lasentinelle.dz\/index.php\/2024\/07\/28\/gymnastique-la-prodige-kaylia-nemour-fait-son-entree\/#primaryimage"},"thumbnailUrl":"https:\/\/lasentinelle.dz\/wp-content\/uploads\/2024\/07\/Kaylia-Nemour-.jpg","articleSection":["Sports"],"inLanguage":"fr-FR","potentialAction":[{"@type":"CommentAction","name":"Comment","target":["https:\/\/lasentinelle.dz\/index.php\/2024\/07\/28\/gymnastique-la-prodige-kaylia-nemour-fait-son-entree\/#respond"]}]},{"@type":"WebPage","@id":"https:\/\/lasentinelle.dz\/index.php\/2024\/07\/28\/gymnastique-la-prodige-kaylia-nemour-fait-son-entree\/","url":"https:\/\/lasentinelle.dz\/index.php\/2024\/07\/28\/gymnastique-la-prodige-kaylia-nemour-fait-son-entree\/","name":"Gymnastique: La prodige Kaylia Nemour fait son entr\u00e9e - La Sentinelle","isPartOf":{"@id":"https:\/\/lasentinelle.dz\/#website"},"primaryImageOfPage":{"@id":"https:\/\/lasentinelle.dz\/index.php\/2024\/07\/28\/gymnastique-la-prodige-kaylia-nemour-fait-son-entree\/#primaryimage"},"image":{"@id":"https:\/\/lasentinelle.dz\/index.php\/2024\/07\/28\/gymnastique-la-prodige-kaylia-nemour-fait-son-entree\/#primaryimage"},"thumbnailUrl":"https:\/\/lasentinelle.dz\/wp-content\/uploads\/2024\/07\/Kaylia-Nemour-.jpg","datePublished":"2024-07-28T13:10:00+00:00","breadcrumb":{"@id":"https:\/\/lasentinelle.dz\/index.php\/2024\/07\/28\/gymnastique-la-prodige-kaylia-nemour-fait-son-entree\/#breadcrumb"},"inLanguage":"fr-FR","potentialAction":[{"@type":"ReadAction","target":["https:\/\/lasentinelle.dz\/index.php\/2024\/07\/28\/gymnastique-la-prodige-kaylia-nemour-fait-son-entree\/"]}]},{"@type":"ImageObject","inLanguage":"fr-FR","@id":"https:\/\/lasentinelle.dz\/index.php\/2024\/07\/28\/gymnastique-la-prodige-kaylia-nemour-fait-son-entree\/#primaryimage","url":"https:\/\/lasentinelle.dz\/wp-content\/uploads\/2024\/07\/Kaylia-Nemour-.jpg","contentUrl":"https:\/\/lasentinelle.dz\/wp-content\/uploads\/2024\/07\/Kaylia-Nemour-.jpg","width":1300,"height":864,"caption":"CREATOR: gd-jpeg v1.0 (using IJG JPEG v62), quality = 100"},{"@type":"BreadcrumbList","@id":"https:\/\/lasentinelle.dz\/index.php\/2024\/07\/28\/gymnastique-la-prodige-kaylia-nemour-fait-son-entree\/#breadcrumb","itemListElement":[{"@type":"ListItem","position":1,"name":"Accueil","item":"https:\/\/lasentinelle.dz\/"},{"@type":"ListItem","position":2,"name":"Gymnastique: La prodige Kaylia Nemour fait son entr\u00e9e"}]},{"@type":"WebSite","@id":"https:\/\/lasentinelle.dz\/#website","url":"https:\/\/lasentinelle.dz\/","name":"La Sentinelle","description":"Quotidien national d&#039;information","publisher":{"@id":"https:\/\/lasentinelle.dz\/#organization"},"potentialAction":[{"@type":"SearchAction","target":{"@type":"EntryPoint","urlTemplate":"https:\/\/lasentinelle.dz\/?s={search_term_string}"},"query-input":{"@type":"PropertyValueSpecification","valueRequired":true,"valueName":"search_term_string"}}],"inLanguage":"fr-FR"},{"@type":"Organization","@id":"https:\/\/lasentinelle.dz\/#organization","name":"Quotidien La Sentinelle","url":"https:\/\/lasentinelle.dz\/","logo":{"@type":"ImageObject","inLanguage":"fr-FR","@id":"https:\/\/lasentinelle.dz\/#\/schema\/logo\/image\/","url":"https:\/\/lasentinelle.dz\/wp-content\/uploads\/2021\/09\/logo-sentinelleSLOGAN-1.png","contentUrl":"https:\/\/lasentinelle.dz\/wp-content\/uploads\/2021\/09\/logo-sentinelleSLOGAN-1.png","width":615,"height":142,"caption":"Quotidien La Sentinelle"},"image":{"@id":"https:\/\/lasentinelle.dz\/#\/schema\/logo\/image\/"},"sameAs":["https:\/\/www.facebook.com\/La-Sentinelle-104059864394773"]},{"@type":"Person","@id":"https:\/\/lasentinelle.dz\/#\/schema\/person\/d865044e22e70a75174ce8bcad3acfb3","name":"La Sentinelle","image":{"@type":"ImageObject","inLanguage":"fr-FR","@id":"https:\/\/secure.gravatar.com\/avatar\/57de8e5d4b15d43fb361a71fbb36338450fe67865b528a43dd10ef7c51a20392?s=96&d=mm&r=g","url":"https:\/\/secure.gravatar.com\/avatar\/57de8e5d4b15d43fb361a71fbb36338450fe67865b528a43dd10ef7c51a20392?s=96&d=mm&r=g","contentUrl":"https:\/\/secure.gravatar.com\/avatar\/57de8e5d4b15d43fb361a71fbb36338450fe67865b528a43dd10ef7c51a20392?s=96&d=mm&r=g","caption":"La Sentinelle"},"sameAs":["http:\/\/www.lasentinelle.dz"],"url":"https:\/\/lasentinelle.dz\/author\/redaction\/"}]}},"_links":{"self":[{"href":"https:\/\/lasentinelle.dz\/index.php\/wp-json\/wp\/v2\/posts\/54936","targetHints":{"allow":["GET"]}}],"collection":[{"href":"https:\/\/lasentinelle.dz\/index.php\/wp-json\/wp\/v2\/posts"}],"about":[{"href":"https:\/\/lasentinelle.dz\/index.php\/wp-json\/wp\/v2\/types\/post"}],"author":[{"embeddable":true,"href":"https:\/\/lasentinelle.dz\/index.php\/wp-json\/wp\/v2\/users\/3"}],"replies":[{"embeddable":true,"href":"https:\/\/lasentinelle.dz\/index.php\/wp-json\/wp\/v2\/comments?post=54936"}],"version-history":[{"count":1,"href":"https:\/\/lasentinelle.dz\/index.php\/wp-json\/wp\/v2\/posts\/54936\/revisions"}],"predecessor-version":[{"id":54938,"href":"https:\/\/lasentinelle.dz\/index.php\/wp-json\/wp\/v2\/posts\/54936\/revisions\/54938"}],"wp:featuredmedia":[{"embeddable":true,"href":"https:\/\/lasentinelle.dz\/index.php\/wp-json\/wp\/v2\/media\/54937"}],"wp:attachment":[{"href":"https:\/\/lasentinelle.dz\/index.php\/wp-json\/wp\/v2\/media?parent=54936"}],"wp:term":[{"taxonomy":"category","embeddable":true,"href":"https:\/\/lasentinelle.dz\/index.php\/wp-json\/wp\/v2\/categories?post=54936"},{"taxonomy":"post_tag","embeddable":true,"href":"https:\/\/lasentinelle.dz\/index.php\/wp-json\/wp\/v2\/tags?post=54936"}],"curies":[{"name":"wp","href":"https:\/\/api.w.org\/{rel}","templated":true}]}}