{"id":54943,"date":"2024-07-28T14:17:39","date_gmt":"2024-07-28T13:17:39","guid":{"rendered":"https:\/\/lasentinelle.dz\/?p=54943"},"modified":"2024-07-28T14:19:39","modified_gmt":"2024-07-28T13:19:39","slug":"annaba-lex-p-apc-del-hadjar-devant-la-justice","status":"publish","type":"post","link":"https:\/\/lasentinelle.dz\/index.php\/2024\/07\/28\/annaba-lex-p-apc-del-hadjar-devant-la-justice\/","title":{"rendered":"Annaba: L\u2019ex-P\/APC d\u2019El Hadjar devant la justice"},"content":{"rendered":"\n<p>Les faits reproch\u00e9s \u00e0 l\u2019ancien pr\u00e9sident de l\u2019Assembl\u00e9e populaire communale d\u2019El Hadjar se rapportent \u00e0 l\u2019octroi d\u2019indus avantages et \u00e0 la &nbsp;violation des dispositions du code des march\u00e9s.<\/p>\n\n\n\n<p>L\u2019ex P\/APC de la commune d\u2019El Hadjar ainsi que huit autres employ\u00e9s de la m\u00eame Assembl\u00e9e locale, dont le secr\u00e9taire g\u00e9n\u00e9ral, compara\u00eetront en septembre prochain devant le tribunal correctionnel d\u2019El Hadjar, apprend-on de source judiciaire.&nbsp; Les pr\u00e9venus vont r\u00e9pondre des accusations retenues \u00e0 leur encontre, \u00e0 savoir&nbsp;l&rsquo;octroi d\u2019indus avantages,&nbsp; passation de march\u00e9s en violation de la l\u00e9gislation relative \u00e0 l&rsquo;octroi de march\u00e9s publics et&nbsp; dilapidation des deniers publics, a pr\u00e9cis\u00e9 notre source. La gen\u00e8se de l\u2019affaire remonte, selon les informations fournies par notre source, au mandat \u00e9lectoral pr\u00e9c\u00e9dent, lorsque l&rsquo;ex-P\/APC, avait \u00e9t\u00e9 d\u00e9sign\u00e9 pour assurer la gestion par int\u00e9rim de cette commune. Il s&rsquo;agit, selon&nbsp; les m\u00eames sources, d\u2019une op\u00e9ration d\u2019octroi d\u2019un march\u00e9 de pi\u00e8ces d\u00e9tach\u00e9es et une op\u00e9ration de r\u00e9paration d\u2019\u00e9quipements du parc de l\u2019APC, attribu\u00e9s en violation&nbsp; des lois en vigueur. Aussit\u00f4t les services de s\u00e9curit\u00e9 ont ouvert une enqu\u00eate sur instruction des instances de justices, dont les r\u00e9sultats n\u2019ont laiss\u00e9 aucun doute quant aux d\u00e9passements de cet ex P\/APC et 8 autres employ\u00e9s. Suite \u00e0 quoi, le dossier de l\u2019affaire a \u00e9t\u00e9 transf\u00e9r\u00e9 au juge d\u2019instruction pr\u00e8s le parquet d\u2019El Hadjar&nbsp; qui, nous dit-on, a auditionn\u00e9 toutes les personnes, dont les noms ont \u00e9t\u00e9 port\u00e9s sur le rapport de l\u2019enqu\u00eate pr\u00e9liminaire.&nbsp; Au titre de cette instruction, le magistrat instructeur pr\u00e8s le tribunal de premi\u00e8re instance d\u2019El Hadjar a \u00e9galement auditionn\u00e9 plusieurs t\u00e9moins et&nbsp; des travailleurs du parc&nbsp; d\u2019\u00e9quipements communal de l\u2019APC.&nbsp; Ce panel d\u2019accus\u00e9s et de t\u00e9moins est appel\u00e9 \u00e0 compara\u00eetre en septembre prochain, pour r\u00e9pondre et apporter tous les \u00e9claircissements sur ces op\u00e9rations qui ont \u00e9t\u00e9 contract\u00e9es en violation du code des march\u00e9s et la r\u00e9glementation r\u00e9gissant l\u2019achat de pi\u00e8ces de rechange et la r\u00e9paration des \u00e9quipements du parc de l\u2019APC. En attendant l\u2019aboutissement de cette affaire, il est utile de rappeler que l\u2019assembl\u00e9e communale populaire d\u2019El Hadjar n&rsquo;est pas \u00e0 sa premi\u00e8re affaire.&nbsp; Ce m\u00eame&nbsp; P\/APC et le SG d\u2019El-Hadjar par int\u00e9rim sont poursuivis dans une affaire de dilapidation de deniers publics. Les deux \u00e9lus int\u00e9rimaires avaient&nbsp; \u00e9t\u00e9 plac\u00e9s&nbsp; en d\u00e9cembre 2022, sous contr\u00f4le judiciaire pour des faits de corruption. La mesure avait \u00e9t\u00e9 prise par le juge d\u2019instruction pr\u00e8s le tribunal d\u2019Annaba, \u00e0 l\u2019issue d\u2019une instruction dans une affaire de corruption, ayant&nbsp; trait \u00e0 la passation de march\u00e9s douteux et la dilapidation des deniers publics. Des membres de la commission des march\u00e9s et l\u2019ex-chef duparc communal avaient \u00e9t\u00e9 convoqu\u00e9s pour audition en tant que t\u00e9moins, rappelle-t-on encore. L\u2019affaire avait &nbsp;\u00e9t\u00e9 mise \u00e0 nu suite \u00e0 l\u2019interception par les services de s\u00e9curit\u00e9, sur le territoire de la commune d\u2019El Hadjar, d\u2019un camion-benne charg\u00e9 de marchandises. Le chauffeur du v\u00e9hicule avait pr\u00e9sent\u00e9 un document portant la signature du P\/APC int\u00e9rimaire. Une d\u00e9marche en contradiction &nbsp;avec les textes de loi en vigueur. Ce qui avait suscit\u00e9 les soup\u00e7ons des services de s\u00e9curit\u00e9, qui ont saisi le camion et la marchandise.&nbsp; Une information judiciaire avait \u00e9t\u00e9, d\u00e8s lors, ouverte. Les investigations avaient &nbsp;donn\u00e9 lieu \u00e0 la d\u00e9couverte d\u2019une passation de march\u00e9 ill\u00e9gal. Au-del\u00e0, de la passation de march\u00e9s douteux, il avait &nbsp;\u00e9t\u00e9 d\u00e9couvert plusieurs autres affaires de dilapidation&nbsp; de deniers publics, lors d\u2019un pr\u00e9c\u00e9dent mandat.&nbsp; Les noms de certains complices avaient \u00e9t\u00e9 cit\u00e9s dans ces affaires de corruption. Apr\u00e8s l\u2019ach\u00e8vement de l\u2019enqu\u00eate par les services de s\u00e9curit\u00e9 en charge de l\u2019affaire, le dossier a \u00e9t\u00e9 transf\u00e9r\u00e9 aux instances de justice du tribunal d\u2019Annaba. Les auditions&nbsp; se sont focalis\u00e9es sur les circonstances de l\u2019octroi&nbsp; de ce march\u00e9 des bennes \u00e0 ordure. Celui-ci qui, convient-il de rappeler, avait \u00e9t\u00e9 d\u00e9nonc\u00e9 moult fois par les \u00e9lus et autres employ\u00e9s de l\u2019APC d\u2019El Hadjar mais en vain. Plusieurs affaires li\u00e9es \u00e0 la dilapidation des fonds publics,&nbsp; impliquant ce P\/APC int\u00e9rimaire et son secr\u00e9taire g\u00e9n\u00e9ral, \u00e9galement&nbsp; par int\u00e9rim, avaient&nbsp; \u00e9t\u00e9 aussi &nbsp;au menu de cette instruction. Celle-ci avait \u00e0 l\u2019\u00e9poque &nbsp;abouti au placement des deux mis en&nbsp;cause&nbsp;sous contr\u00f4le judiciaire, en attendant leur comparution.<\/p>\n\n\n\n<p><strong>Sofia Chahine<\/strong><\/p>\n","protected":false},"excerpt":{"rendered":"<p>Les faits reproch\u00e9s \u00e0 l\u2019ancien pr\u00e9sident de l\u2019Assembl\u00e9e populaire communale d\u2019El Hadjar se rapportent \u00e0 l\u2019octroi d\u2019indus avantages et \u00e0<\/p>\n","protected":false},"author":3,"featured_media":41837,"comment_status":"open","ping_status":"closed","sticky":false,"template":"","format":"standard","meta":{"colormag_page_container_layout":"default_layout","colormag_page_sidebar_layout":"default_layout","om_disable_all_campaigns":false,"_monsterinsights_skip_tracking":false,"_monsterinsights_sitenote_active":false,"_monsterinsights_sitenote_note":"","_monsterinsights_sitenote_category":0,"footnotes":"","_wpscppro_dont_share_socialmedia":false,"_wpscppro_custom_social_share_image":0,"_facebook_share_type":"default","_twitter_share_type":"default","_linkedin_share_type":"default","_pinterest_share_type":"default","_linkedin_share_type_page":"","_instagram_share_type":"default","_medium_share_type":"","_threads_share_type":"","_google_business_share_type":"","_selected_social_profile":[],"_wpsp_enable_custom_social_template":false,"_wpsp_social_scheduling":{"enabled":false,"datetime":null,"platforms":[],"status":"template_only","dateOption":"today","timeOption":"now","customDays":"","customHours":"","customDate":"","customTime":"","schedulingType":"absolute"},"_wpsp_active_default_template":true},"categories":[31],"tags":[],"class_list":["post-54943","post","type-post","status-publish","format-standard","has-post-thumbnail","hentry","category-regions"],"aioseo_notices":[],"yoast_head":"<!-- This site is optimized with the Yoast SEO plugin v27.5 - https:\/\/yoast.com\/product\/yoast-seo-wordpress\/ -->\n<title>Annaba: L\u2019ex-P\/APC d\u2019El Hadjar devant la justice - La Sentinelle<\/title>\n<meta name=\"robots\" content=\"index, follow, max-snippet:-1, max-image-preview:large, max-video-preview:-1\" \/>\n<link rel=\"canonical\" href=\"https:\/\/lasentinelle.dz\/index.php\/2024\/07\/28\/annaba-lex-p-apc-del-hadjar-devant-la-justice\/\" \/>\n<meta property=\"og:locale\" content=\"fr_FR\" \/>\n<meta property=\"og:type\" content=\"article\" \/>\n<meta property=\"og:title\" content=\"Annaba: L\u2019ex-P\/APC d\u2019El Hadjar devant la justice - La Sentinelle\" \/>\n<meta property=\"og:description\" content=\"Les faits reproch\u00e9s \u00e0 l\u2019ancien pr\u00e9sident de l\u2019Assembl\u00e9e populaire communale d\u2019El Hadjar se rapportent \u00e0 l\u2019octroi d\u2019indus avantages et \u00e0\" \/>\n<meta property=\"og:url\" content=\"https:\/\/lasentinelle.dz\/index.php\/2024\/07\/28\/annaba-lex-p-apc-del-hadjar-devant-la-justice\/\" \/>\n<meta property=\"og:site_name\" content=\"La Sentinelle\" \/>\n<meta property=\"article:publisher\" content=\"https:\/\/www.facebook.com\/La-Sentinelle-104059864394773\" \/>\n<meta property=\"article:published_time\" content=\"2024-07-28T13:17:39+00:00\" \/>\n<meta property=\"article:modified_time\" content=\"2024-07-28T13:19:39+00:00\" \/>\n<meta property=\"og:image\" content=\"https:\/\/lasentinelle.dz\/wp-content\/uploads\/2023\/05\/Justice.png\" \/>\n\t<meta property=\"og:image:width\" content=\"1579\" \/>\n\t<meta property=\"og:image:height\" content=\"900\" \/>\n\t<meta property=\"og:image:type\" content=\"image\/png\" \/>\n<meta name=\"author\" content=\"La Sentinelle\" \/>\n<meta name=\"twitter:card\" content=\"summary_large_image\" \/>\n<meta name=\"twitter:label1\" content=\"\u00c9crit par\" \/>\n\t<meta name=\"twitter:data1\" content=\"La Sentinelle\" \/>\n\t<meta name=\"twitter:label2\" content=\"Dur\u00e9e de lecture estim\u00e9e\" \/>\n\t<meta name=\"twitter:data2\" content=\"4 minutes\" \/>\n<script type=\"application\/ld+json\" class=\"yoast-schema-graph\">{\"@context\":\"https:\\\/\\\/schema.org\",\"@graph\":[{\"@type\":\"Article\",\"@id\":\"https:\\\/\\\/lasentinelle.dz\\\/index.php\\\/2024\\\/07\\\/28\\\/annaba-lex-p-apc-del-hadjar-devant-la-justice\\\/#article\",\"isPartOf\":{\"@id\":\"https:\\\/\\\/lasentinelle.dz\\\/index.php\\\/2024\\\/07\\\/28\\\/annaba-lex-p-apc-del-hadjar-devant-la-justice\\\/\"},\"author\":{\"name\":\"La Sentinelle\",\"@id\":\"https:\\\/\\\/lasentinelle.dz\\\/#\\\/schema\\\/person\\\/d865044e22e70a75174ce8bcad3acfb3\"},\"headline\":\"Annaba: L\u2019ex-P\\\/APC d\u2019El Hadjar devant la justice\",\"datePublished\":\"2024-07-28T13:17:39+00:00\",\"dateModified\":\"2024-07-28T13:19:39+00:00\",\"mainEntityOfPage\":{\"@id\":\"https:\\\/\\\/lasentinelle.dz\\\/index.php\\\/2024\\\/07\\\/28\\\/annaba-lex-p-apc-del-hadjar-devant-la-justice\\\/\"},\"wordCount\":855,\"commentCount\":0,\"publisher\":{\"@id\":\"https:\\\/\\\/lasentinelle.dz\\\/#organization\"},\"image\":{\"@id\":\"https:\\\/\\\/lasentinelle.dz\\\/index.php\\\/2024\\\/07\\\/28\\\/annaba-lex-p-apc-del-hadjar-devant-la-justice\\\/#primaryimage\"},\"thumbnailUrl\":\"https:\\\/\\\/lasentinelle.dz\\\/wp-content\\\/uploads\\\/2023\\\/05\\\/Justice.png\",\"articleSection\":[\"R\u00e9gions\"],\"inLanguage\":\"fr-FR\",\"potentialAction\":[{\"@type\":\"CommentAction\",\"name\":\"Comment\",\"target\":[\"https:\\\/\\\/lasentinelle.dz\\\/index.php\\\/2024\\\/07\\\/28\\\/annaba-lex-p-apc-del-hadjar-devant-la-justice\\\/#respond\"]}]},{\"@type\":\"WebPage\",\"@id\":\"https:\\\/\\\/lasentinelle.dz\\\/index.php\\\/2024\\\/07\\\/28\\\/annaba-lex-p-apc-del-hadjar-devant-la-justice\\\/\",\"url\":\"https:\\\/\\\/lasentinelle.dz\\\/index.php\\\/2024\\\/07\\\/28\\\/annaba-lex-p-apc-del-hadjar-devant-la-justice\\\/\",\"name\":\"Annaba: L\u2019ex-P\\\/APC d\u2019El Hadjar devant la justice - La Sentinelle\",\"isPartOf\":{\"@id\":\"https:\\\/\\\/lasentinelle.dz\\\/#website\"},\"primaryImageOfPage\":{\"@id\":\"https:\\\/\\\/lasentinelle.dz\\\/index.php\\\/2024\\\/07\\\/28\\\/annaba-lex-p-apc-del-hadjar-devant-la-justice\\\/#primaryimage\"},\"image\":{\"@id\":\"https:\\\/\\\/lasentinelle.dz\\\/index.php\\\/2024\\\/07\\\/28\\\/annaba-lex-p-apc-del-hadjar-devant-la-justice\\\/#primaryimage\"},\"thumbnailUrl\":\"https:\\\/\\\/lasentinelle.dz\\\/wp-content\\\/uploads\\\/2023\\\/05\\\/Justice.png\",\"datePublished\":\"2024-07-28T13:17:39+00:00\",\"dateModified\":\"2024-07-28T13:19:39+00:00\",\"breadcrumb\":{\"@id\":\"https:\\\/\\\/lasentinelle.dz\\\/index.php\\\/2024\\\/07\\\/28\\\/annaba-lex-p-apc-del-hadjar-devant-la-justice\\\/#breadcrumb\"},\"inLanguage\":\"fr-FR\",\"potentialAction\":[{\"@type\":\"ReadAction\",\"target\":[\"https:\\\/\\\/lasentinelle.dz\\\/index.php\\\/2024\\\/07\\\/28\\\/annaba-lex-p-apc-del-hadjar-devant-la-justice\\\/\"]}]},{\"@type\":\"ImageObject\",\"inLanguage\":\"fr-FR\",\"@id\":\"https:\\\/\\\/lasentinelle.dz\\\/index.php\\\/2024\\\/07\\\/28\\\/annaba-lex-p-apc-del-hadjar-devant-la-justice\\\/#primaryimage\",\"url\":\"https:\\\/\\\/lasentinelle.dz\\\/wp-content\\\/uploads\\\/2023\\\/05\\\/Justice.png\",\"contentUrl\":\"https:\\\/\\\/lasentinelle.dz\\\/wp-content\\\/uploads\\\/2023\\\/05\\\/Justice.png\",\"width\":1579,\"height\":900},{\"@type\":\"BreadcrumbList\",\"@id\":\"https:\\\/\\\/lasentinelle.dz\\\/index.php\\\/2024\\\/07\\\/28\\\/annaba-lex-p-apc-del-hadjar-devant-la-justice\\\/#breadcrumb\",\"itemListElement\":[{\"@type\":\"ListItem\",\"position\":1,\"name\":\"Accueil\",\"item\":\"https:\\\/\\\/lasentinelle.dz\\\/\"},{\"@type\":\"ListItem\",\"position\":2,\"name\":\"Annaba: L\u2019ex-P\\\/APC d\u2019El Hadjar devant la justice\"}]},{\"@type\":\"WebSite\",\"@id\":\"https:\\\/\\\/lasentinelle.dz\\\/#website\",\"url\":\"https:\\\/\\\/lasentinelle.dz\\\/\",\"name\":\"La Sentinelle\",\"description\":\"Quotidien national d&#039;information\",\"publisher\":{\"@id\":\"https:\\\/\\\/lasentinelle.dz\\\/#organization\"},\"potentialAction\":[{\"@type\":\"SearchAction\",\"target\":{\"@type\":\"EntryPoint\",\"urlTemplate\":\"https:\\\/\\\/lasentinelle.dz\\\/?s={search_term_string}\"},\"query-input\":{\"@type\":\"PropertyValueSpecification\",\"valueRequired\":true,\"valueName\":\"search_term_string\"}}],\"inLanguage\":\"fr-FR\"},{\"@type\":\"Organization\",\"@id\":\"https:\\\/\\\/lasentinelle.dz\\\/#organization\",\"name\":\"Quotidien La Sentinelle\",\"url\":\"https:\\\/\\\/lasentinelle.dz\\\/\",\"logo\":{\"@type\":\"ImageObject\",\"inLanguage\":\"fr-FR\",\"@id\":\"https:\\\/\\\/lasentinelle.dz\\\/#\\\/schema\\\/logo\\\/image\\\/\",\"url\":\"https:\\\/\\\/lasentinelle.dz\\\/wp-content\\\/uploads\\\/2021\\\/09\\\/logo-sentinelleSLOGAN-1.png\",\"contentUrl\":\"https:\\\/\\\/lasentinelle.dz\\\/wp-content\\\/uploads\\\/2021\\\/09\\\/logo-sentinelleSLOGAN-1.png\",\"width\":615,\"height\":142,\"caption\":\"Quotidien La Sentinelle\"},\"image\":{\"@id\":\"https:\\\/\\\/lasentinelle.dz\\\/#\\\/schema\\\/logo\\\/image\\\/\"},\"sameAs\":[\"https:\\\/\\\/www.facebook.com\\\/La-Sentinelle-104059864394773\"]},{\"@type\":\"Person\",\"@id\":\"https:\\\/\\\/lasentinelle.dz\\\/#\\\/schema\\\/person\\\/d865044e22e70a75174ce8bcad3acfb3\",\"name\":\"La Sentinelle\",\"image\":{\"@type\":\"ImageObject\",\"inLanguage\":\"fr-FR\",\"@id\":\"https:\\\/\\\/secure.gravatar.com\\\/avatar\\\/57de8e5d4b15d43fb361a71fbb36338450fe67865b528a43dd10ef7c51a20392?s=96&d=mm&r=g\",\"url\":\"https:\\\/\\\/secure.gravatar.com\\\/avatar\\\/57de8e5d4b15d43fb361a71fbb36338450fe67865b528a43dd10ef7c51a20392?s=96&d=mm&r=g\",\"contentUrl\":\"https:\\\/\\\/secure.gravatar.com\\\/avatar\\\/57de8e5d4b15d43fb361a71fbb36338450fe67865b528a43dd10ef7c51a20392?s=96&d=mm&r=g\",\"caption\":\"La Sentinelle\"},\"sameAs\":[\"http:\\\/\\\/www.lasentinelle.dz\"],\"url\":\"https:\\\/\\\/lasentinelle.dz\\\/author\\\/redaction\\\/\"}]}<\/script>\n<!-- \/ Yoast SEO plugin. -->","yoast_head_json":{"title":"Annaba: L\u2019ex-P\/APC d\u2019El Hadjar devant la justice - La Sentinelle","robots":{"index":"index","follow":"follow","max-snippet":"max-snippet:-1","max-image-preview":"max-image-preview:large","max-video-preview":"max-video-preview:-1"},"canonical":"https:\/\/lasentinelle.dz\/index.php\/2024\/07\/28\/annaba-lex-p-apc-del-hadjar-devant-la-justice\/","og_locale":"fr_FR","og_type":"article","og_title":"Annaba: L\u2019ex-P\/APC d\u2019El Hadjar devant la justice - La Sentinelle","og_description":"Les faits reproch\u00e9s \u00e0 l\u2019ancien pr\u00e9sident de l\u2019Assembl\u00e9e populaire communale d\u2019El Hadjar se rapportent \u00e0 l\u2019octroi d\u2019indus avantages et \u00e0","og_url":"https:\/\/lasentinelle.dz\/index.php\/2024\/07\/28\/annaba-lex-p-apc-del-hadjar-devant-la-justice\/","og_site_name":"La Sentinelle","article_publisher":"https:\/\/www.facebook.com\/La-Sentinelle-104059864394773","article_published_time":"2024-07-28T13:17:39+00:00","article_modified_time":"2024-07-28T13:19:39+00:00","og_image":[{"width":1579,"height":900,"url":"https:\/\/lasentinelle.dz\/wp-content\/uploads\/2023\/05\/Justice.png","type":"image\/png"}],"author":"La Sentinelle","twitter_card":"summary_large_image","twitter_misc":{"\u00c9crit par":"La Sentinelle","Dur\u00e9e de lecture estim\u00e9e":"4 minutes"},"schema":{"@context":"https:\/\/schema.org","@graph":[{"@type":"Article","@id":"https:\/\/lasentinelle.dz\/index.php\/2024\/07\/28\/annaba-lex-p-apc-del-hadjar-devant-la-justice\/#article","isPartOf":{"@id":"https:\/\/lasentinelle.dz\/index.php\/2024\/07\/28\/annaba-lex-p-apc-del-hadjar-devant-la-justice\/"},"author":{"name":"La Sentinelle","@id":"https:\/\/lasentinelle.dz\/#\/schema\/person\/d865044e22e70a75174ce8bcad3acfb3"},"headline":"Annaba: L\u2019ex-P\/APC d\u2019El Hadjar devant la justice","datePublished":"2024-07-28T13:17:39+00:00","dateModified":"2024-07-28T13:19:39+00:00","mainEntityOfPage":{"@id":"https:\/\/lasentinelle.dz\/index.php\/2024\/07\/28\/annaba-lex-p-apc-del-hadjar-devant-la-justice\/"},"wordCount":855,"commentCount":0,"publisher":{"@id":"https:\/\/lasentinelle.dz\/#organization"},"image":{"@id":"https:\/\/lasentinelle.dz\/index.php\/2024\/07\/28\/annaba-lex-p-apc-del-hadjar-devant-la-justice\/#primaryimage"},"thumbnailUrl":"https:\/\/lasentinelle.dz\/wp-content\/uploads\/2023\/05\/Justice.png","articleSection":["R\u00e9gions"],"inLanguage":"fr-FR","potentialAction":[{"@type":"CommentAction","name":"Comment","target":["https:\/\/lasentinelle.dz\/index.php\/2024\/07\/28\/annaba-lex-p-apc-del-hadjar-devant-la-justice\/#respond"]}]},{"@type":"WebPage","@id":"https:\/\/lasentinelle.dz\/index.php\/2024\/07\/28\/annaba-lex-p-apc-del-hadjar-devant-la-justice\/","url":"https:\/\/lasentinelle.dz\/index.php\/2024\/07\/28\/annaba-lex-p-apc-del-hadjar-devant-la-justice\/","name":"Annaba: L\u2019ex-P\/APC d\u2019El Hadjar devant la justice - La Sentinelle","isPartOf":{"@id":"https:\/\/lasentinelle.dz\/#website"},"primaryImageOfPage":{"@id":"https:\/\/lasentinelle.dz\/index.php\/2024\/07\/28\/annaba-lex-p-apc-del-hadjar-devant-la-justice\/#primaryimage"},"image":{"@id":"https:\/\/lasentinelle.dz\/index.php\/2024\/07\/28\/annaba-lex-p-apc-del-hadjar-devant-la-justice\/#primaryimage"},"thumbnailUrl":"https:\/\/lasentinelle.dz\/wp-content\/uploads\/2023\/05\/Justice.png","datePublished":"2024-07-28T13:17:39+00:00","dateModified":"2024-07-28T13:19:39+00:00","breadcrumb":{"@id":"https:\/\/lasentinelle.dz\/index.php\/2024\/07\/28\/annaba-lex-p-apc-del-hadjar-devant-la-justice\/#breadcrumb"},"inLanguage":"fr-FR","potentialAction":[{"@type":"ReadAction","target":["https:\/\/lasentinelle.dz\/index.php\/2024\/07\/28\/annaba-lex-p-apc-del-hadjar-devant-la-justice\/"]}]},{"@type":"ImageObject","inLanguage":"fr-FR","@id":"https:\/\/lasentinelle.dz\/index.php\/2024\/07\/28\/annaba-lex-p-apc-del-hadjar-devant-la-justice\/#primaryimage","url":"https:\/\/lasentinelle.dz\/wp-content\/uploads\/2023\/05\/Justice.png","contentUrl":"https:\/\/lasentinelle.dz\/wp-content\/uploads\/2023\/05\/Justice.png","width":1579,"height":900},{"@type":"BreadcrumbList","@id":"https:\/\/lasentinelle.dz\/index.php\/2024\/07\/28\/annaba-lex-p-apc-del-hadjar-devant-la-justice\/#breadcrumb","itemListElement":[{"@type":"ListItem","position":1,"name":"Accueil","item":"https:\/\/lasentinelle.dz\/"},{"@type":"ListItem","position":2,"name":"Annaba: L\u2019ex-P\/APC d\u2019El Hadjar devant la justice"}]},{"@type":"WebSite","@id":"https:\/\/lasentinelle.dz\/#website","url":"https:\/\/lasentinelle.dz\/","name":"La Sentinelle","description":"Quotidien national d&#039;information","publisher":{"@id":"https:\/\/lasentinelle.dz\/#organization"},"potentialAction":[{"@type":"SearchAction","target":{"@type":"EntryPoint","urlTemplate":"https:\/\/lasentinelle.dz\/?s={search_term_string}"},"query-input":{"@type":"PropertyValueSpecification","valueRequired":true,"valueName":"search_term_string"}}],"inLanguage":"fr-FR"},{"@type":"Organization","@id":"https:\/\/lasentinelle.dz\/#organization","name":"Quotidien La Sentinelle","url":"https:\/\/lasentinelle.dz\/","logo":{"@type":"ImageObject","inLanguage":"fr-FR","@id":"https:\/\/lasentinelle.dz\/#\/schema\/logo\/image\/","url":"https:\/\/lasentinelle.dz\/wp-content\/uploads\/2021\/09\/logo-sentinelleSLOGAN-1.png","contentUrl":"https:\/\/lasentinelle.dz\/wp-content\/uploads\/2021\/09\/logo-sentinelleSLOGAN-1.png","width":615,"height":142,"caption":"Quotidien La Sentinelle"},"image":{"@id":"https:\/\/lasentinelle.dz\/#\/schema\/logo\/image\/"},"sameAs":["https:\/\/www.facebook.com\/La-Sentinelle-104059864394773"]},{"@type":"Person","@id":"https:\/\/lasentinelle.dz\/#\/schema\/person\/d865044e22e70a75174ce8bcad3acfb3","name":"La Sentinelle","image":{"@type":"ImageObject","inLanguage":"fr-FR","@id":"https:\/\/secure.gravatar.com\/avatar\/57de8e5d4b15d43fb361a71fbb36338450fe67865b528a43dd10ef7c51a20392?s=96&d=mm&r=g","url":"https:\/\/secure.gravatar.com\/avatar\/57de8e5d4b15d43fb361a71fbb36338450fe67865b528a43dd10ef7c51a20392?s=96&d=mm&r=g","contentUrl":"https:\/\/secure.gravatar.com\/avatar\/57de8e5d4b15d43fb361a71fbb36338450fe67865b528a43dd10ef7c51a20392?s=96&d=mm&r=g","caption":"La Sentinelle"},"sameAs":["http:\/\/www.lasentinelle.dz"],"url":"https:\/\/lasentinelle.dz\/author\/redaction\/"}]}},"_links":{"self":[{"href":"https:\/\/lasentinelle.dz\/index.php\/wp-json\/wp\/v2\/posts\/54943","targetHints":{"allow":["GET"]}}],"collection":[{"href":"https:\/\/lasentinelle.dz\/index.php\/wp-json\/wp\/v2\/posts"}],"about":[{"href":"https:\/\/lasentinelle.dz\/index.php\/wp-json\/wp\/v2\/types\/post"}],"author":[{"embeddable":true,"href":"https:\/\/lasentinelle.dz\/index.php\/wp-json\/wp\/v2\/users\/3"}],"replies":[{"embeddable":true,"href":"https:\/\/lasentinelle.dz\/index.php\/wp-json\/wp\/v2\/comments?post=54943"}],"version-history":[{"count":1,"href":"https:\/\/lasentinelle.dz\/index.php\/wp-json\/wp\/v2\/posts\/54943\/revisions"}],"predecessor-version":[{"id":54944,"href":"https:\/\/lasentinelle.dz\/index.php\/wp-json\/wp\/v2\/posts\/54943\/revisions\/54944"}],"wp:featuredmedia":[{"embeddable":true,"href":"https:\/\/lasentinelle.dz\/index.php\/wp-json\/wp\/v2\/media\/41837"}],"wp:attachment":[{"href":"https:\/\/lasentinelle.dz\/index.php\/wp-json\/wp\/v2\/media?parent=54943"}],"wp:term":[{"taxonomy":"category","embeddable":true,"href":"https:\/\/lasentinelle.dz\/index.php\/wp-json\/wp\/v2\/categories?post=54943"},{"taxonomy":"post_tag","embeddable":true,"href":"https:\/\/lasentinelle.dz\/index.php\/wp-json\/wp\/v2\/tags?post=54943"}],"curies":[{"name":"wp","href":"https:\/\/api.w.org\/{rel}","templated":true}]}}