{"id":54960,"date":"2024-07-28T14:28:23","date_gmt":"2024-07-28T13:28:23","guid":{"rendered":"https:\/\/lasentinelle.dz\/?p=54960"},"modified":"2024-07-28T14:28:24","modified_gmt":"2024-07-28T13:28:24","slug":"ghaza-30-morts-dans-une-attaques-contre-des-refugies","status":"publish","type":"post","link":"https:\/\/lasentinelle.dz\/index.php\/2024\/07\/28\/ghaza-30-morts-dans-une-attaques-contre-des-refugies\/","title":{"rendered":"Ghaza: 30 morts dans une attaques contre des r\u00e9fugi\u00e9s"},"content":{"rendered":"\n<p>&nbsp;La situation h \u00e0 Ghaza continue de se d\u00e9t\u00e9riorer de mani\u00e8re alarmante, alors que les forces d&rsquo;occupation sionistes intensifient leur agression, for\u00e7ant des centaines de milliers de civils palestiniens \u00e0 se d\u00e9placer dans des conditions de plus en plus pr\u00e9caires.&nbsp; Hier, de nouveaux ordres d&rsquo;\u00e9vacuation ont \u00e9t\u00e9 \u00e9mis par l&rsquo;occupant pour la deuxi\u00e8me fois en une semaine, ciblant cette fois la zone pr\u00e9tendument \u00ab\u00a0humanitaire et s\u00fbre\u00a0\u00bb \u00e0 l&rsquo;ouest et au sud de Khan Youn\u00e8s. Selon l&rsquo;ONU, plus de 180 000 Palestiniens ont d\u00e9j\u00e0 \u00e9t\u00e9 d\u00e9plac\u00e9s dans cette r\u00e9gion depuis le d\u00e9but de la semaine. \u00ab\u00a0Ces d\u00e9placements successifs aggravent consid\u00e9rablement la situation humanitaire\u00a0\u00bb, d\u00e9clare un porte-parole de l&rsquo;UNRWA. \u00ab\u00a0Les populations sont contraintes de se d\u00e9placer dans des zones de plus en plus restreintes, sans acc\u00e8s ad\u00e9quat \u00e0 l&rsquo;eau, \u00e0 la nourriture ou aux soins m\u00e9dicaux.\u00a0\u00bb Dans ce contexte de chaos, les attaques contre les civils se multiplient. Un raid isra\u00e9lien sur une \u00e9cole abritant des d\u00e9plac\u00e9s \u00e0 Deir al Balah a fait au moins 30 morts samedi, dont 15 enfants et 8 femmes, selon le minist\u00e8re palestinien de la Sant\u00e9. \u00c0 Khan Youn\u00e8s, au moins 14 Palestiniens ont \u00e9t\u00e9 tu\u00e9s dans des frappes depuis l&rsquo;aube. L&rsquo;UNRWA, agence des Nations Unies pour les r\u00e9fugi\u00e9s palestiniens, rapporte que pr\u00e8s de 200 de ses employ\u00e9s ont \u00e9t\u00e9 tu\u00e9s depuis le d\u00e9but du conflit. \u00ab\u00a0Malgr\u00e9 les risques, 1 100 de nos collaborateurs continuent de fournir une aide vitale aux d\u00e9plac\u00e9s\u00a0\u00bb, souligne un responsable de l&rsquo;agence. Depuis le 7 octobre 2023, l&rsquo;agression g\u00e9nocidaire sioniste contre Ghaza a fait au moins 39 258 morts et 90 403 bless\u00e9s, majoritairement des femmes et des enfants, selon les derniers chiffres des autorit\u00e9s sanitaires palestiniennes. Face \u00e0 cette situation dramatique, la pression monte sur la communaut\u00e9 internationale. La Cour p\u00e9nale internationale (CPI) a requis en mai des mandats d&rsquo;arr\u00eat internationaux contre le Premier ministre isra\u00e9lien Benjamin Netanyahu et d&rsquo;autres responsables pour crimes de guerre et crimes contre l&rsquo;humanit\u00e9. Le Royaume-Uni a r\u00e9cemment annonc\u00e9 qu&rsquo;il ne s&rsquo;opposerait pas \u00e0 cette d\u00e9marche, marquant un potentiel tournant diplomatique.<\/p>\n\n\n\n<p>Chokri Hafed<\/p>\n","protected":false},"excerpt":{"rendered":"<p>&nbsp;La situation h \u00e0 Ghaza continue de se d\u00e9t\u00e9riorer de mani\u00e8re alarmante, alors que les forces d&rsquo;occupation sionistes intensifient leur<\/p>\n","protected":false},"author":3,"featured_media":54181,"comment_status":"open","ping_status":"closed","sticky":false,"template":"","format":"standard","meta":{"colormag_page_container_layout":"default_layout","colormag_page_sidebar_layout":"default_layout","om_disable_all_campaigns":false,"_monsterinsights_skip_tracking":false,"_monsterinsights_sitenote_active":false,"_monsterinsights_sitenote_note":"","_monsterinsights_sitenote_category":0,"footnotes":"","_wpscppro_dont_share_socialmedia":false,"_wpscppro_custom_social_share_image":0,"_facebook_share_type":"default","_twitter_share_type":"default","_linkedin_share_type":"default","_pinterest_share_type":"default","_linkedin_share_type_page":"","_instagram_share_type":"default","_medium_share_type":"","_threads_share_type":"","_google_business_share_type":"","_selected_social_profile":[],"_wpsp_enable_custom_social_template":false,"_wpsp_social_scheduling":{"enabled":false,"datetime":null,"platforms":[],"status":"template_only","dateOption":"today","timeOption":"now","customDays":"","customHours":"","customDate":"","customTime":"","schedulingType":"absolute"},"_wpsp_active_default_template":true},"categories":[27],"tags":[],"class_list":["post-54960","post","type-post","status-publish","format-standard","has-post-thumbnail","hentry","category-actualite"],"aioseo_notices":[],"yoast_head":"<!-- This site is optimized with the Yoast SEO plugin v27.5 - https:\/\/yoast.com\/product\/yoast-seo-wordpress\/ -->\n<title>Ghaza: 30 morts dans une attaques contre des r\u00e9fugi\u00e9s - La Sentinelle<\/title>\n<meta name=\"robots\" content=\"index, follow, max-snippet:-1, max-image-preview:large, max-video-preview:-1\" \/>\n<link rel=\"canonical\" href=\"https:\/\/lasentinelle.dz\/index.php\/2024\/07\/28\/ghaza-30-morts-dans-une-attaques-contre-des-refugies\/\" \/>\n<meta property=\"og:locale\" content=\"fr_FR\" \/>\n<meta property=\"og:type\" content=\"article\" \/>\n<meta property=\"og:title\" content=\"Ghaza: 30 morts dans une attaques contre des r\u00e9fugi\u00e9s - La Sentinelle\" \/>\n<meta property=\"og:description\" content=\"&nbsp;La situation h \u00e0 Ghaza continue de se d\u00e9t\u00e9riorer de mani\u00e8re alarmante, alors que les forces d&rsquo;occupation sionistes intensifient leur\" \/>\n<meta property=\"og:url\" content=\"https:\/\/lasentinelle.dz\/index.php\/2024\/07\/28\/ghaza-30-morts-dans-une-attaques-contre-des-refugies\/\" \/>\n<meta property=\"og:site_name\" content=\"La Sentinelle\" \/>\n<meta property=\"article:publisher\" content=\"https:\/\/www.facebook.com\/La-Sentinelle-104059864394773\" \/>\n<meta property=\"article:published_time\" content=\"2024-07-28T13:28:23+00:00\" \/>\n<meta property=\"article:modified_time\" content=\"2024-07-28T13:28:24+00:00\" \/>\n<meta property=\"og:image\" content=\"https:\/\/lasentinelle.dz\/wp-content\/uploads\/2024\/07\/ghaza-morts.jpeg\" \/>\n\t<meta property=\"og:image:width\" content=\"1175\" \/>\n\t<meta property=\"og:image:height\" content=\"631\" \/>\n\t<meta property=\"og:image:type\" content=\"image\/jpeg\" \/>\n<meta name=\"author\" content=\"La Sentinelle\" \/>\n<meta name=\"twitter:card\" content=\"summary_large_image\" \/>\n<meta name=\"twitter:label1\" content=\"\u00c9crit par\" \/>\n\t<meta name=\"twitter:data1\" content=\"La Sentinelle\" \/>\n\t<meta name=\"twitter:label2\" content=\"Dur\u00e9e de lecture estim\u00e9e\" \/>\n\t<meta name=\"twitter:data2\" content=\"2 minutes\" \/>\n<script type=\"application\/ld+json\" class=\"yoast-schema-graph\">{\"@context\":\"https:\\\/\\\/schema.org\",\"@graph\":[{\"@type\":\"Article\",\"@id\":\"https:\\\/\\\/lasentinelle.dz\\\/index.php\\\/2024\\\/07\\\/28\\\/ghaza-30-morts-dans-une-attaques-contre-des-refugies\\\/#article\",\"isPartOf\":{\"@id\":\"https:\\\/\\\/lasentinelle.dz\\\/index.php\\\/2024\\\/07\\\/28\\\/ghaza-30-morts-dans-une-attaques-contre-des-refugies\\\/\"},\"author\":{\"name\":\"La Sentinelle\",\"@id\":\"https:\\\/\\\/lasentinelle.dz\\\/#\\\/schema\\\/person\\\/d865044e22e70a75174ce8bcad3acfb3\"},\"headline\":\"Ghaza: 30 morts dans une attaques contre des r\u00e9fugi\u00e9s\",\"datePublished\":\"2024-07-28T13:28:23+00:00\",\"dateModified\":\"2024-07-28T13:28:24+00:00\",\"mainEntityOfPage\":{\"@id\":\"https:\\\/\\\/lasentinelle.dz\\\/index.php\\\/2024\\\/07\\\/28\\\/ghaza-30-morts-dans-une-attaques-contre-des-refugies\\\/\"},\"wordCount\":385,\"commentCount\":0,\"publisher\":{\"@id\":\"https:\\\/\\\/lasentinelle.dz\\\/#organization\"},\"image\":{\"@id\":\"https:\\\/\\\/lasentinelle.dz\\\/index.php\\\/2024\\\/07\\\/28\\\/ghaza-30-morts-dans-une-attaques-contre-des-refugies\\\/#primaryimage\"},\"thumbnailUrl\":\"https:\\\/\\\/lasentinelle.dz\\\/wp-content\\\/uploads\\\/2024\\\/07\\\/ghaza-morts.jpeg\",\"articleSection\":[\"Actualit\u00e9\"],\"inLanguage\":\"fr-FR\",\"potentialAction\":[{\"@type\":\"CommentAction\",\"name\":\"Comment\",\"target\":[\"https:\\\/\\\/lasentinelle.dz\\\/index.php\\\/2024\\\/07\\\/28\\\/ghaza-30-morts-dans-une-attaques-contre-des-refugies\\\/#respond\"]}]},{\"@type\":\"WebPage\",\"@id\":\"https:\\\/\\\/lasentinelle.dz\\\/index.php\\\/2024\\\/07\\\/28\\\/ghaza-30-morts-dans-une-attaques-contre-des-refugies\\\/\",\"url\":\"https:\\\/\\\/lasentinelle.dz\\\/index.php\\\/2024\\\/07\\\/28\\\/ghaza-30-morts-dans-une-attaques-contre-des-refugies\\\/\",\"name\":\"Ghaza: 30 morts dans une attaques contre des r\u00e9fugi\u00e9s - La Sentinelle\",\"isPartOf\":{\"@id\":\"https:\\\/\\\/lasentinelle.dz\\\/#website\"},\"primaryImageOfPage\":{\"@id\":\"https:\\\/\\\/lasentinelle.dz\\\/index.php\\\/2024\\\/07\\\/28\\\/ghaza-30-morts-dans-une-attaques-contre-des-refugies\\\/#primaryimage\"},\"image\":{\"@id\":\"https:\\\/\\\/lasentinelle.dz\\\/index.php\\\/2024\\\/07\\\/28\\\/ghaza-30-morts-dans-une-attaques-contre-des-refugies\\\/#primaryimage\"},\"thumbnailUrl\":\"https:\\\/\\\/lasentinelle.dz\\\/wp-content\\\/uploads\\\/2024\\\/07\\\/ghaza-morts.jpeg\",\"datePublished\":\"2024-07-28T13:28:23+00:00\",\"dateModified\":\"2024-07-28T13:28:24+00:00\",\"breadcrumb\":{\"@id\":\"https:\\\/\\\/lasentinelle.dz\\\/index.php\\\/2024\\\/07\\\/28\\\/ghaza-30-morts-dans-une-attaques-contre-des-refugies\\\/#breadcrumb\"},\"inLanguage\":\"fr-FR\",\"potentialAction\":[{\"@type\":\"ReadAction\",\"target\":[\"https:\\\/\\\/lasentinelle.dz\\\/index.php\\\/2024\\\/07\\\/28\\\/ghaza-30-morts-dans-une-attaques-contre-des-refugies\\\/\"]}]},{\"@type\":\"ImageObject\",\"inLanguage\":\"fr-FR\",\"@id\":\"https:\\\/\\\/lasentinelle.dz\\\/index.php\\\/2024\\\/07\\\/28\\\/ghaza-30-morts-dans-une-attaques-contre-des-refugies\\\/#primaryimage\",\"url\":\"https:\\\/\\\/lasentinelle.dz\\\/wp-content\\\/uploads\\\/2024\\\/07\\\/ghaza-morts.jpeg\",\"contentUrl\":\"https:\\\/\\\/lasentinelle.dz\\\/wp-content\\\/uploads\\\/2024\\\/07\\\/ghaza-morts.jpeg\",\"width\":1175,\"height\":631},{\"@type\":\"BreadcrumbList\",\"@id\":\"https:\\\/\\\/lasentinelle.dz\\\/index.php\\\/2024\\\/07\\\/28\\\/ghaza-30-morts-dans-une-attaques-contre-des-refugies\\\/#breadcrumb\",\"itemListElement\":[{\"@type\":\"ListItem\",\"position\":1,\"name\":\"Accueil\",\"item\":\"https:\\\/\\\/lasentinelle.dz\\\/\"},{\"@type\":\"ListItem\",\"position\":2,\"name\":\"Ghaza: 30 morts dans une attaques contre des r\u00e9fugi\u00e9s\"}]},{\"@type\":\"WebSite\",\"@id\":\"https:\\\/\\\/lasentinelle.dz\\\/#website\",\"url\":\"https:\\\/\\\/lasentinelle.dz\\\/\",\"name\":\"La Sentinelle\",\"description\":\"Quotidien national d&#039;information\",\"publisher\":{\"@id\":\"https:\\\/\\\/lasentinelle.dz\\\/#organization\"},\"potentialAction\":[{\"@type\":\"SearchAction\",\"target\":{\"@type\":\"EntryPoint\",\"urlTemplate\":\"https:\\\/\\\/lasentinelle.dz\\\/?s={search_term_string}\"},\"query-input\":{\"@type\":\"PropertyValueSpecification\",\"valueRequired\":true,\"valueName\":\"search_term_string\"}}],\"inLanguage\":\"fr-FR\"},{\"@type\":\"Organization\",\"@id\":\"https:\\\/\\\/lasentinelle.dz\\\/#organization\",\"name\":\"Quotidien La Sentinelle\",\"url\":\"https:\\\/\\\/lasentinelle.dz\\\/\",\"logo\":{\"@type\":\"ImageObject\",\"inLanguage\":\"fr-FR\",\"@id\":\"https:\\\/\\\/lasentinelle.dz\\\/#\\\/schema\\\/logo\\\/image\\\/\",\"url\":\"https:\\\/\\\/lasentinelle.dz\\\/wp-content\\\/uploads\\\/2021\\\/09\\\/logo-sentinelleSLOGAN-1.png\",\"contentUrl\":\"https:\\\/\\\/lasentinelle.dz\\\/wp-content\\\/uploads\\\/2021\\\/09\\\/logo-sentinelleSLOGAN-1.png\",\"width\":615,\"height\":142,\"caption\":\"Quotidien La Sentinelle\"},\"image\":{\"@id\":\"https:\\\/\\\/lasentinelle.dz\\\/#\\\/schema\\\/logo\\\/image\\\/\"},\"sameAs\":[\"https:\\\/\\\/www.facebook.com\\\/La-Sentinelle-104059864394773\"]},{\"@type\":\"Person\",\"@id\":\"https:\\\/\\\/lasentinelle.dz\\\/#\\\/schema\\\/person\\\/d865044e22e70a75174ce8bcad3acfb3\",\"name\":\"La Sentinelle\",\"image\":{\"@type\":\"ImageObject\",\"inLanguage\":\"fr-FR\",\"@id\":\"https:\\\/\\\/secure.gravatar.com\\\/avatar\\\/57de8e5d4b15d43fb361a71fbb36338450fe67865b528a43dd10ef7c51a20392?s=96&d=mm&r=g\",\"url\":\"https:\\\/\\\/secure.gravatar.com\\\/avatar\\\/57de8e5d4b15d43fb361a71fbb36338450fe67865b528a43dd10ef7c51a20392?s=96&d=mm&r=g\",\"contentUrl\":\"https:\\\/\\\/secure.gravatar.com\\\/avatar\\\/57de8e5d4b15d43fb361a71fbb36338450fe67865b528a43dd10ef7c51a20392?s=96&d=mm&r=g\",\"caption\":\"La Sentinelle\"},\"sameAs\":[\"http:\\\/\\\/www.lasentinelle.dz\"],\"url\":\"https:\\\/\\\/lasentinelle.dz\\\/author\\\/redaction\\\/\"}]}<\/script>\n<!-- \/ Yoast SEO plugin. -->","yoast_head_json":{"title":"Ghaza: 30 morts dans une attaques contre des r\u00e9fugi\u00e9s - La Sentinelle","robots":{"index":"index","follow":"follow","max-snippet":"max-snippet:-1","max-image-preview":"max-image-preview:large","max-video-preview":"max-video-preview:-1"},"canonical":"https:\/\/lasentinelle.dz\/index.php\/2024\/07\/28\/ghaza-30-morts-dans-une-attaques-contre-des-refugies\/","og_locale":"fr_FR","og_type":"article","og_title":"Ghaza: 30 morts dans une attaques contre des r\u00e9fugi\u00e9s - La Sentinelle","og_description":"&nbsp;La situation h \u00e0 Ghaza continue de se d\u00e9t\u00e9riorer de mani\u00e8re alarmante, alors que les forces d&rsquo;occupation sionistes intensifient leur","og_url":"https:\/\/lasentinelle.dz\/index.php\/2024\/07\/28\/ghaza-30-morts-dans-une-attaques-contre-des-refugies\/","og_site_name":"La Sentinelle","article_publisher":"https:\/\/www.facebook.com\/La-Sentinelle-104059864394773","article_published_time":"2024-07-28T13:28:23+00:00","article_modified_time":"2024-07-28T13:28:24+00:00","og_image":[{"width":1175,"height":631,"url":"https:\/\/lasentinelle.dz\/wp-content\/uploads\/2024\/07\/ghaza-morts.jpeg","type":"image\/jpeg"}],"author":"La Sentinelle","twitter_card":"summary_large_image","twitter_misc":{"\u00c9crit par":"La Sentinelle","Dur\u00e9e de lecture estim\u00e9e":"2 minutes"},"schema":{"@context":"https:\/\/schema.org","@graph":[{"@type":"Article","@id":"https:\/\/lasentinelle.dz\/index.php\/2024\/07\/28\/ghaza-30-morts-dans-une-attaques-contre-des-refugies\/#article","isPartOf":{"@id":"https:\/\/lasentinelle.dz\/index.php\/2024\/07\/28\/ghaza-30-morts-dans-une-attaques-contre-des-refugies\/"},"author":{"name":"La Sentinelle","@id":"https:\/\/lasentinelle.dz\/#\/schema\/person\/d865044e22e70a75174ce8bcad3acfb3"},"headline":"Ghaza: 30 morts dans une attaques contre des r\u00e9fugi\u00e9s","datePublished":"2024-07-28T13:28:23+00:00","dateModified":"2024-07-28T13:28:24+00:00","mainEntityOfPage":{"@id":"https:\/\/lasentinelle.dz\/index.php\/2024\/07\/28\/ghaza-30-morts-dans-une-attaques-contre-des-refugies\/"},"wordCount":385,"commentCount":0,"publisher":{"@id":"https:\/\/lasentinelle.dz\/#organization"},"image":{"@id":"https:\/\/lasentinelle.dz\/index.php\/2024\/07\/28\/ghaza-30-morts-dans-une-attaques-contre-des-refugies\/#primaryimage"},"thumbnailUrl":"https:\/\/lasentinelle.dz\/wp-content\/uploads\/2024\/07\/ghaza-morts.jpeg","articleSection":["Actualit\u00e9"],"inLanguage":"fr-FR","potentialAction":[{"@type":"CommentAction","name":"Comment","target":["https:\/\/lasentinelle.dz\/index.php\/2024\/07\/28\/ghaza-30-morts-dans-une-attaques-contre-des-refugies\/#respond"]}]},{"@type":"WebPage","@id":"https:\/\/lasentinelle.dz\/index.php\/2024\/07\/28\/ghaza-30-morts-dans-une-attaques-contre-des-refugies\/","url":"https:\/\/lasentinelle.dz\/index.php\/2024\/07\/28\/ghaza-30-morts-dans-une-attaques-contre-des-refugies\/","name":"Ghaza: 30 morts dans une attaques contre des r\u00e9fugi\u00e9s - La Sentinelle","isPartOf":{"@id":"https:\/\/lasentinelle.dz\/#website"},"primaryImageOfPage":{"@id":"https:\/\/lasentinelle.dz\/index.php\/2024\/07\/28\/ghaza-30-morts-dans-une-attaques-contre-des-refugies\/#primaryimage"},"image":{"@id":"https:\/\/lasentinelle.dz\/index.php\/2024\/07\/28\/ghaza-30-morts-dans-une-attaques-contre-des-refugies\/#primaryimage"},"thumbnailUrl":"https:\/\/lasentinelle.dz\/wp-content\/uploads\/2024\/07\/ghaza-morts.jpeg","datePublished":"2024-07-28T13:28:23+00:00","dateModified":"2024-07-28T13:28:24+00:00","breadcrumb":{"@id":"https:\/\/lasentinelle.dz\/index.php\/2024\/07\/28\/ghaza-30-morts-dans-une-attaques-contre-des-refugies\/#breadcrumb"},"inLanguage":"fr-FR","potentialAction":[{"@type":"ReadAction","target":["https:\/\/lasentinelle.dz\/index.php\/2024\/07\/28\/ghaza-30-morts-dans-une-attaques-contre-des-refugies\/"]}]},{"@type":"ImageObject","inLanguage":"fr-FR","@id":"https:\/\/lasentinelle.dz\/index.php\/2024\/07\/28\/ghaza-30-morts-dans-une-attaques-contre-des-refugies\/#primaryimage","url":"https:\/\/lasentinelle.dz\/wp-content\/uploads\/2024\/07\/ghaza-morts.jpeg","contentUrl":"https:\/\/lasentinelle.dz\/wp-content\/uploads\/2024\/07\/ghaza-morts.jpeg","width":1175,"height":631},{"@type":"BreadcrumbList","@id":"https:\/\/lasentinelle.dz\/index.php\/2024\/07\/28\/ghaza-30-morts-dans-une-attaques-contre-des-refugies\/#breadcrumb","itemListElement":[{"@type":"ListItem","position":1,"name":"Accueil","item":"https:\/\/lasentinelle.dz\/"},{"@type":"ListItem","position":2,"name":"Ghaza: 30 morts dans une attaques contre des r\u00e9fugi\u00e9s"}]},{"@type":"WebSite","@id":"https:\/\/lasentinelle.dz\/#website","url":"https:\/\/lasentinelle.dz\/","name":"La Sentinelle","description":"Quotidien national d&#039;information","publisher":{"@id":"https:\/\/lasentinelle.dz\/#organization"},"potentialAction":[{"@type":"SearchAction","target":{"@type":"EntryPoint","urlTemplate":"https:\/\/lasentinelle.dz\/?s={search_term_string}"},"query-input":{"@type":"PropertyValueSpecification","valueRequired":true,"valueName":"search_term_string"}}],"inLanguage":"fr-FR"},{"@type":"Organization","@id":"https:\/\/lasentinelle.dz\/#organization","name":"Quotidien La Sentinelle","url":"https:\/\/lasentinelle.dz\/","logo":{"@type":"ImageObject","inLanguage":"fr-FR","@id":"https:\/\/lasentinelle.dz\/#\/schema\/logo\/image\/","url":"https:\/\/lasentinelle.dz\/wp-content\/uploads\/2021\/09\/logo-sentinelleSLOGAN-1.png","contentUrl":"https:\/\/lasentinelle.dz\/wp-content\/uploads\/2021\/09\/logo-sentinelleSLOGAN-1.png","width":615,"height":142,"caption":"Quotidien La Sentinelle"},"image":{"@id":"https:\/\/lasentinelle.dz\/#\/schema\/logo\/image\/"},"sameAs":["https:\/\/www.facebook.com\/La-Sentinelle-104059864394773"]},{"@type":"Person","@id":"https:\/\/lasentinelle.dz\/#\/schema\/person\/d865044e22e70a75174ce8bcad3acfb3","name":"La Sentinelle","image":{"@type":"ImageObject","inLanguage":"fr-FR","@id":"https:\/\/secure.gravatar.com\/avatar\/57de8e5d4b15d43fb361a71fbb36338450fe67865b528a43dd10ef7c51a20392?s=96&d=mm&r=g","url":"https:\/\/secure.gravatar.com\/avatar\/57de8e5d4b15d43fb361a71fbb36338450fe67865b528a43dd10ef7c51a20392?s=96&d=mm&r=g","contentUrl":"https:\/\/secure.gravatar.com\/avatar\/57de8e5d4b15d43fb361a71fbb36338450fe67865b528a43dd10ef7c51a20392?s=96&d=mm&r=g","caption":"La Sentinelle"},"sameAs":["http:\/\/www.lasentinelle.dz"],"url":"https:\/\/lasentinelle.dz\/author\/redaction\/"}]}},"_links":{"self":[{"href":"https:\/\/lasentinelle.dz\/index.php\/wp-json\/wp\/v2\/posts\/54960","targetHints":{"allow":["GET"]}}],"collection":[{"href":"https:\/\/lasentinelle.dz\/index.php\/wp-json\/wp\/v2\/posts"}],"about":[{"href":"https:\/\/lasentinelle.dz\/index.php\/wp-json\/wp\/v2\/types\/post"}],"author":[{"embeddable":true,"href":"https:\/\/lasentinelle.dz\/index.php\/wp-json\/wp\/v2\/users\/3"}],"replies":[{"embeddable":true,"href":"https:\/\/lasentinelle.dz\/index.php\/wp-json\/wp\/v2\/comments?post=54960"}],"version-history":[{"count":1,"href":"https:\/\/lasentinelle.dz\/index.php\/wp-json\/wp\/v2\/posts\/54960\/revisions"}],"predecessor-version":[{"id":54961,"href":"https:\/\/lasentinelle.dz\/index.php\/wp-json\/wp\/v2\/posts\/54960\/revisions\/54961"}],"wp:featuredmedia":[{"embeddable":true,"href":"https:\/\/lasentinelle.dz\/index.php\/wp-json\/wp\/v2\/media\/54181"}],"wp:attachment":[{"href":"https:\/\/lasentinelle.dz\/index.php\/wp-json\/wp\/v2\/media?parent=54960"}],"wp:term":[{"taxonomy":"category","embeddable":true,"href":"https:\/\/lasentinelle.dz\/index.php\/wp-json\/wp\/v2\/categories?post=54960"},{"taxonomy":"post_tag","embeddable":true,"href":"https:\/\/lasentinelle.dz\/index.php\/wp-json\/wp\/v2\/tags?post=54960"}],"curies":[{"name":"wp","href":"https:\/\/api.w.org\/{rel}","templated":true}]}}