{"id":54980,"date":"2024-07-29T13:31:09","date_gmt":"2024-07-29T12:31:09","guid":{"rendered":"https:\/\/lasentinelle.dz\/?p=54980"},"modified":"2024-07-29T13:31:10","modified_gmt":"2024-07-29T12:31:10","slug":"ligue-1-mobilis-belaili-quitte-le-mca","status":"publish","type":"post","link":"https:\/\/lasentinelle.dz\/index.php\/2024\/07\/29\/ligue-1-mobilis-belaili-quitte-le-mca\/","title":{"rendered":"Ligue 1 mobilis: Belaili quitte le MCA"},"content":{"rendered":"\n<p>Alors que l&rsquo;\u00e9t\u00e9 bat son plein, les clubs de la Ligue 1 Mobilis alg\u00e9rienne sont d\u00e9j\u00e0 en pleine effervescence, pr\u00e9parant activement la saison 2024-2025. Entre transferts majeurs, stages de pr\u00e9paration et ambitions continentales, le point sur l&rsquo;actualit\u00e9 du championnat.<\/p>\n\n\n\n<p>Le Mouloudia Club d&rsquo;Alger, sacr\u00e9 champion d&rsquo;Alg\u00e9rie 2023-2024 apr\u00e8s 14 ans d&rsquo;attente, fait face \u00e0 un d\u00e9part de taille. Youcef Bela\u00efli, co-meilleur buteur et meilleur passeur du championnat la saison derni\u00e8re, quitte le club pour rejoindre l&rsquo;Esp\u00e9rance de Tunis. Une perte significative pour les \u00ab\u00a0Vert et Rouge\u00a0\u00bb, qui devront d\u00e9fendre leur titre sans leur maestro offensif. Malgr\u00e9 ce d\u00e9part, le MCA se renforce avec l&rsquo;arriv\u00e9e de quatre nouveaux joueurs, dont le gardien Toufik Moussaoui et le d\u00e9fenseur ivoirien Serge Anthony Badjo. Le club alg\u00e9rois se pr\u00e9pare \u00e9galement pour la Ligue des champions d&rsquo;Afrique, avec un premier tour pr\u00e9liminaire contre les Lib\u00e9riens de Watanga FC mi-ao\u00fbt. De son c\u00f4t\u00e9, l&rsquo;USM Alger, Quatri\u00e8me du dernier championnat, ne ch\u00f4me pas sur le march\u00e9 des transferts. Le club de Soustara a d\u00e9j\u00e0 enregistr\u00e9 cinq recrues, dont l&rsquo;ailier gauche Ghiles Guenaoui en provenance d&rsquo;\u00c9gypte. Les \u00ab\u00a0Rouge et Noir\u00a0\u00bb ont entam\u00e9 leur pr\u00e9paration au stade Nelson-Mandela de Baraki sous la houlette de leur nouvel entra\u00eeneur tunisien, Nabil Ma\u00e2loul. L&rsquo;USMA repr\u00e9sentera l&rsquo;Alg\u00e9rie en Coupe de la Conf\u00e9d\u00e9ration CAF, avec un deuxi\u00e8me tour pr\u00e9liminaire pr\u00e9vu en septembre. Sixi\u00e8me la saison derni\u00e8re, la Jeunesse Sportive de Kabylie ambitionne de retrouver les sommets. Les Canaris ont entam\u00e9 leur deuxi\u00e8me stage de pr\u00e9paration \u00e0 A\u00efn B\u00e9nian, pr\u00e8s d&rsquo;Alger, sous la direction du nouvel entra\u00eeneur Abdelhak Benchikha. Le club a recrut\u00e9 huit nouveaux joueurs, dont deux \u00e9trangers : le Malien Sadio Kanout\u00e9 et le S\u00e9n\u00e9galais Babacar Sarr. Outre ces mouvements, d&rsquo;autres transferts notables ont marqu\u00e9 ce d\u00e9but de mercato. Le CS Constantine, troisi\u00e8me du dernier championnat, s&rsquo;est \u00e9galement qualifi\u00e9 pour la Coupe de la Conf\u00e9d\u00e9ration CAF. Le CR Belouizdad, dauphin du MCA la saison pass\u00e9e, tentera de reconqu\u00e9rir le titre apr\u00e8s avoir remport\u00e9 la Coupe d&rsquo;Alg\u00e9rie 2024. La saison 2024-2025 de la Ligue 1 Mobilis s&rsquo;annonce passionnante, avec des clubs historiques cherchant \u00e0 se relancer et des \u00e9quipes ambitieuses visant les comp\u00e9titions continentales. Le coup d&rsquo;envoi du championnat est attendu avec impatience par les supporters alg\u00e9riens.<\/p>\n\n\n\n<p><strong>R.S.<\/strong><\/p>\n","protected":false},"excerpt":{"rendered":"<p>Alors que l&rsquo;\u00e9t\u00e9 bat son plein, les clubs de la Ligue 1 Mobilis alg\u00e9rienne sont d\u00e9j\u00e0 en pleine effervescence, pr\u00e9parant<\/p>\n","protected":false},"author":3,"featured_media":47207,"comment_status":"open","ping_status":"closed","sticky":false,"template":"","format":"standard","meta":{"colormag_page_container_layout":"default_layout","colormag_page_sidebar_layout":"default_layout","om_disable_all_campaigns":false,"_monsterinsights_skip_tracking":false,"_monsterinsights_sitenote_active":false,"_monsterinsights_sitenote_note":"","_monsterinsights_sitenote_category":0,"footnotes":"","_wpscppro_dont_share_socialmedia":false,"_wpscppro_custom_social_share_image":0,"_facebook_share_type":"default","_twitter_share_type":"default","_linkedin_share_type":"default","_pinterest_share_type":"default","_linkedin_share_type_page":"","_instagram_share_type":"default","_medium_share_type":"","_threads_share_type":"","_google_business_share_type":"","_selected_social_profile":[],"_wpsp_enable_custom_social_template":false,"_wpsp_social_scheduling":{"enabled":false,"datetime":null,"platforms":[],"status":"template_only","dateOption":"today","timeOption":"now","customDays":"","customHours":"","customDate":"","customTime":"","schedulingType":"absolute"},"_wpsp_active_default_template":true},"categories":[33],"tags":[],"class_list":["post-54980","post","type-post","status-publish","format-standard","has-post-thumbnail","hentry","category-sports"],"aioseo_notices":[],"yoast_head":"<!-- This site is optimized with the Yoast SEO plugin v27.5 - https:\/\/yoast.com\/product\/yoast-seo-wordpress\/ -->\n<title>Ligue 1 mobilis: Belaili quitte le MCA - La Sentinelle<\/title>\n<meta name=\"robots\" content=\"index, follow, max-snippet:-1, max-image-preview:large, max-video-preview:-1\" \/>\n<link rel=\"canonical\" href=\"https:\/\/lasentinelle.dz\/index.php\/2024\/07\/29\/ligue-1-mobilis-belaili-quitte-le-mca\/\" \/>\n<meta property=\"og:locale\" content=\"fr_FR\" \/>\n<meta property=\"og:type\" content=\"article\" \/>\n<meta property=\"og:title\" content=\"Ligue 1 mobilis: Belaili quitte le MCA - La Sentinelle\" \/>\n<meta property=\"og:description\" content=\"Alors que l&rsquo;\u00e9t\u00e9 bat son plein, les clubs de la Ligue 1 Mobilis alg\u00e9rienne sont d\u00e9j\u00e0 en pleine effervescence, pr\u00e9parant\" \/>\n<meta property=\"og:url\" content=\"https:\/\/lasentinelle.dz\/index.php\/2024\/07\/29\/ligue-1-mobilis-belaili-quitte-le-mca\/\" \/>\n<meta property=\"og:site_name\" content=\"La Sentinelle\" \/>\n<meta property=\"article:publisher\" content=\"https:\/\/www.facebook.com\/La-Sentinelle-104059864394773\" \/>\n<meta property=\"article:published_time\" content=\"2024-07-29T12:31:09+00:00\" \/>\n<meta property=\"article:modified_time\" content=\"2024-07-29T12:31:10+00:00\" \/>\n<meta property=\"og:image\" content=\"https:\/\/lasentinelle.dz\/wp-content\/uploads\/2023\/11\/belaili.jpeg\" \/>\n\t<meta property=\"og:image:width\" content=\"715\" \/>\n\t<meta property=\"og:image:height\" content=\"494\" \/>\n\t<meta property=\"og:image:type\" content=\"image\/jpeg\" \/>\n<meta name=\"author\" content=\"La Sentinelle\" \/>\n<meta name=\"twitter:card\" content=\"summary_large_image\" \/>\n<meta name=\"twitter:label1\" content=\"\u00c9crit par\" \/>\n\t<meta name=\"twitter:data1\" content=\"La Sentinelle\" \/>\n\t<meta name=\"twitter:label2\" content=\"Dur\u00e9e de lecture estim\u00e9e\" \/>\n\t<meta name=\"twitter:data2\" content=\"3 minutes\" \/>\n<script type=\"application\/ld+json\" class=\"yoast-schema-graph\">{\"@context\":\"https:\\\/\\\/schema.org\",\"@graph\":[{\"@type\":\"Article\",\"@id\":\"https:\\\/\\\/lasentinelle.dz\\\/index.php\\\/2024\\\/07\\\/29\\\/ligue-1-mobilis-belaili-quitte-le-mca\\\/#article\",\"isPartOf\":{\"@id\":\"https:\\\/\\\/lasentinelle.dz\\\/index.php\\\/2024\\\/07\\\/29\\\/ligue-1-mobilis-belaili-quitte-le-mca\\\/\"},\"author\":{\"name\":\"La Sentinelle\",\"@id\":\"https:\\\/\\\/lasentinelle.dz\\\/#\\\/schema\\\/person\\\/d865044e22e70a75174ce8bcad3acfb3\"},\"headline\":\"Ligue 1 mobilis: Belaili quitte le MCA\",\"datePublished\":\"2024-07-29T12:31:09+00:00\",\"dateModified\":\"2024-07-29T12:31:10+00:00\",\"mainEntityOfPage\":{\"@id\":\"https:\\\/\\\/lasentinelle.dz\\\/index.php\\\/2024\\\/07\\\/29\\\/ligue-1-mobilis-belaili-quitte-le-mca\\\/\"},\"wordCount\":435,\"commentCount\":0,\"publisher\":{\"@id\":\"https:\\\/\\\/lasentinelle.dz\\\/#organization\"},\"image\":{\"@id\":\"https:\\\/\\\/lasentinelle.dz\\\/index.php\\\/2024\\\/07\\\/29\\\/ligue-1-mobilis-belaili-quitte-le-mca\\\/#primaryimage\"},\"thumbnailUrl\":\"https:\\\/\\\/lasentinelle.dz\\\/wp-content\\\/uploads\\\/2023\\\/11\\\/belaili.jpeg\",\"articleSection\":[\"Sports\"],\"inLanguage\":\"fr-FR\",\"potentialAction\":[{\"@type\":\"CommentAction\",\"name\":\"Comment\",\"target\":[\"https:\\\/\\\/lasentinelle.dz\\\/index.php\\\/2024\\\/07\\\/29\\\/ligue-1-mobilis-belaili-quitte-le-mca\\\/#respond\"]}]},{\"@type\":\"WebPage\",\"@id\":\"https:\\\/\\\/lasentinelle.dz\\\/index.php\\\/2024\\\/07\\\/29\\\/ligue-1-mobilis-belaili-quitte-le-mca\\\/\",\"url\":\"https:\\\/\\\/lasentinelle.dz\\\/index.php\\\/2024\\\/07\\\/29\\\/ligue-1-mobilis-belaili-quitte-le-mca\\\/\",\"name\":\"Ligue 1 mobilis: Belaili quitte le MCA - La Sentinelle\",\"isPartOf\":{\"@id\":\"https:\\\/\\\/lasentinelle.dz\\\/#website\"},\"primaryImageOfPage\":{\"@id\":\"https:\\\/\\\/lasentinelle.dz\\\/index.php\\\/2024\\\/07\\\/29\\\/ligue-1-mobilis-belaili-quitte-le-mca\\\/#primaryimage\"},\"image\":{\"@id\":\"https:\\\/\\\/lasentinelle.dz\\\/index.php\\\/2024\\\/07\\\/29\\\/ligue-1-mobilis-belaili-quitte-le-mca\\\/#primaryimage\"},\"thumbnailUrl\":\"https:\\\/\\\/lasentinelle.dz\\\/wp-content\\\/uploads\\\/2023\\\/11\\\/belaili.jpeg\",\"datePublished\":\"2024-07-29T12:31:09+00:00\",\"dateModified\":\"2024-07-29T12:31:10+00:00\",\"breadcrumb\":{\"@id\":\"https:\\\/\\\/lasentinelle.dz\\\/index.php\\\/2024\\\/07\\\/29\\\/ligue-1-mobilis-belaili-quitte-le-mca\\\/#breadcrumb\"},\"inLanguage\":\"fr-FR\",\"potentialAction\":[{\"@type\":\"ReadAction\",\"target\":[\"https:\\\/\\\/lasentinelle.dz\\\/index.php\\\/2024\\\/07\\\/29\\\/ligue-1-mobilis-belaili-quitte-le-mca\\\/\"]}]},{\"@type\":\"ImageObject\",\"inLanguage\":\"fr-FR\",\"@id\":\"https:\\\/\\\/lasentinelle.dz\\\/index.php\\\/2024\\\/07\\\/29\\\/ligue-1-mobilis-belaili-quitte-le-mca\\\/#primaryimage\",\"url\":\"https:\\\/\\\/lasentinelle.dz\\\/wp-content\\\/uploads\\\/2023\\\/11\\\/belaili.jpeg\",\"contentUrl\":\"https:\\\/\\\/lasentinelle.dz\\\/wp-content\\\/uploads\\\/2023\\\/11\\\/belaili.jpeg\",\"width\":715,\"height\":494},{\"@type\":\"BreadcrumbList\",\"@id\":\"https:\\\/\\\/lasentinelle.dz\\\/index.php\\\/2024\\\/07\\\/29\\\/ligue-1-mobilis-belaili-quitte-le-mca\\\/#breadcrumb\",\"itemListElement\":[{\"@type\":\"ListItem\",\"position\":1,\"name\":\"Accueil\",\"item\":\"https:\\\/\\\/lasentinelle.dz\\\/\"},{\"@type\":\"ListItem\",\"position\":2,\"name\":\"Ligue 1 mobilis: Belaili quitte le MCA\"}]},{\"@type\":\"WebSite\",\"@id\":\"https:\\\/\\\/lasentinelle.dz\\\/#website\",\"url\":\"https:\\\/\\\/lasentinelle.dz\\\/\",\"name\":\"La Sentinelle\",\"description\":\"Quotidien national d&#039;information\",\"publisher\":{\"@id\":\"https:\\\/\\\/lasentinelle.dz\\\/#organization\"},\"potentialAction\":[{\"@type\":\"SearchAction\",\"target\":{\"@type\":\"EntryPoint\",\"urlTemplate\":\"https:\\\/\\\/lasentinelle.dz\\\/?s={search_term_string}\"},\"query-input\":{\"@type\":\"PropertyValueSpecification\",\"valueRequired\":true,\"valueName\":\"search_term_string\"}}],\"inLanguage\":\"fr-FR\"},{\"@type\":\"Organization\",\"@id\":\"https:\\\/\\\/lasentinelle.dz\\\/#organization\",\"name\":\"Quotidien La Sentinelle\",\"url\":\"https:\\\/\\\/lasentinelle.dz\\\/\",\"logo\":{\"@type\":\"ImageObject\",\"inLanguage\":\"fr-FR\",\"@id\":\"https:\\\/\\\/lasentinelle.dz\\\/#\\\/schema\\\/logo\\\/image\\\/\",\"url\":\"https:\\\/\\\/lasentinelle.dz\\\/wp-content\\\/uploads\\\/2021\\\/09\\\/logo-sentinelleSLOGAN-1.png\",\"contentUrl\":\"https:\\\/\\\/lasentinelle.dz\\\/wp-content\\\/uploads\\\/2021\\\/09\\\/logo-sentinelleSLOGAN-1.png\",\"width\":615,\"height\":142,\"caption\":\"Quotidien La Sentinelle\"},\"image\":{\"@id\":\"https:\\\/\\\/lasentinelle.dz\\\/#\\\/schema\\\/logo\\\/image\\\/\"},\"sameAs\":[\"https:\\\/\\\/www.facebook.com\\\/La-Sentinelle-104059864394773\"]},{\"@type\":\"Person\",\"@id\":\"https:\\\/\\\/lasentinelle.dz\\\/#\\\/schema\\\/person\\\/d865044e22e70a75174ce8bcad3acfb3\",\"name\":\"La Sentinelle\",\"image\":{\"@type\":\"ImageObject\",\"inLanguage\":\"fr-FR\",\"@id\":\"https:\\\/\\\/secure.gravatar.com\\\/avatar\\\/57de8e5d4b15d43fb361a71fbb36338450fe67865b528a43dd10ef7c51a20392?s=96&d=mm&r=g\",\"url\":\"https:\\\/\\\/secure.gravatar.com\\\/avatar\\\/57de8e5d4b15d43fb361a71fbb36338450fe67865b528a43dd10ef7c51a20392?s=96&d=mm&r=g\",\"contentUrl\":\"https:\\\/\\\/secure.gravatar.com\\\/avatar\\\/57de8e5d4b15d43fb361a71fbb36338450fe67865b528a43dd10ef7c51a20392?s=96&d=mm&r=g\",\"caption\":\"La Sentinelle\"},\"sameAs\":[\"http:\\\/\\\/www.lasentinelle.dz\"],\"url\":\"https:\\\/\\\/lasentinelle.dz\\\/author\\\/redaction\\\/\"}]}<\/script>\n<!-- \/ Yoast SEO plugin. -->","yoast_head_json":{"title":"Ligue 1 mobilis: Belaili quitte le MCA - La Sentinelle","robots":{"index":"index","follow":"follow","max-snippet":"max-snippet:-1","max-image-preview":"max-image-preview:large","max-video-preview":"max-video-preview:-1"},"canonical":"https:\/\/lasentinelle.dz\/index.php\/2024\/07\/29\/ligue-1-mobilis-belaili-quitte-le-mca\/","og_locale":"fr_FR","og_type":"article","og_title":"Ligue 1 mobilis: Belaili quitte le MCA - La Sentinelle","og_description":"Alors que l&rsquo;\u00e9t\u00e9 bat son plein, les clubs de la Ligue 1 Mobilis alg\u00e9rienne sont d\u00e9j\u00e0 en pleine effervescence, pr\u00e9parant","og_url":"https:\/\/lasentinelle.dz\/index.php\/2024\/07\/29\/ligue-1-mobilis-belaili-quitte-le-mca\/","og_site_name":"La Sentinelle","article_publisher":"https:\/\/www.facebook.com\/La-Sentinelle-104059864394773","article_published_time":"2024-07-29T12:31:09+00:00","article_modified_time":"2024-07-29T12:31:10+00:00","og_image":[{"width":715,"height":494,"url":"https:\/\/lasentinelle.dz\/wp-content\/uploads\/2023\/11\/belaili.jpeg","type":"image\/jpeg"}],"author":"La Sentinelle","twitter_card":"summary_large_image","twitter_misc":{"\u00c9crit par":"La Sentinelle","Dur\u00e9e de lecture estim\u00e9e":"3 minutes"},"schema":{"@context":"https:\/\/schema.org","@graph":[{"@type":"Article","@id":"https:\/\/lasentinelle.dz\/index.php\/2024\/07\/29\/ligue-1-mobilis-belaili-quitte-le-mca\/#article","isPartOf":{"@id":"https:\/\/lasentinelle.dz\/index.php\/2024\/07\/29\/ligue-1-mobilis-belaili-quitte-le-mca\/"},"author":{"name":"La Sentinelle","@id":"https:\/\/lasentinelle.dz\/#\/schema\/person\/d865044e22e70a75174ce8bcad3acfb3"},"headline":"Ligue 1 mobilis: Belaili quitte le MCA","datePublished":"2024-07-29T12:31:09+00:00","dateModified":"2024-07-29T12:31:10+00:00","mainEntityOfPage":{"@id":"https:\/\/lasentinelle.dz\/index.php\/2024\/07\/29\/ligue-1-mobilis-belaili-quitte-le-mca\/"},"wordCount":435,"commentCount":0,"publisher":{"@id":"https:\/\/lasentinelle.dz\/#organization"},"image":{"@id":"https:\/\/lasentinelle.dz\/index.php\/2024\/07\/29\/ligue-1-mobilis-belaili-quitte-le-mca\/#primaryimage"},"thumbnailUrl":"https:\/\/lasentinelle.dz\/wp-content\/uploads\/2023\/11\/belaili.jpeg","articleSection":["Sports"],"inLanguage":"fr-FR","potentialAction":[{"@type":"CommentAction","name":"Comment","target":["https:\/\/lasentinelle.dz\/index.php\/2024\/07\/29\/ligue-1-mobilis-belaili-quitte-le-mca\/#respond"]}]},{"@type":"WebPage","@id":"https:\/\/lasentinelle.dz\/index.php\/2024\/07\/29\/ligue-1-mobilis-belaili-quitte-le-mca\/","url":"https:\/\/lasentinelle.dz\/index.php\/2024\/07\/29\/ligue-1-mobilis-belaili-quitte-le-mca\/","name":"Ligue 1 mobilis: Belaili quitte le MCA - La Sentinelle","isPartOf":{"@id":"https:\/\/lasentinelle.dz\/#website"},"primaryImageOfPage":{"@id":"https:\/\/lasentinelle.dz\/index.php\/2024\/07\/29\/ligue-1-mobilis-belaili-quitte-le-mca\/#primaryimage"},"image":{"@id":"https:\/\/lasentinelle.dz\/index.php\/2024\/07\/29\/ligue-1-mobilis-belaili-quitte-le-mca\/#primaryimage"},"thumbnailUrl":"https:\/\/lasentinelle.dz\/wp-content\/uploads\/2023\/11\/belaili.jpeg","datePublished":"2024-07-29T12:31:09+00:00","dateModified":"2024-07-29T12:31:10+00:00","breadcrumb":{"@id":"https:\/\/lasentinelle.dz\/index.php\/2024\/07\/29\/ligue-1-mobilis-belaili-quitte-le-mca\/#breadcrumb"},"inLanguage":"fr-FR","potentialAction":[{"@type":"ReadAction","target":["https:\/\/lasentinelle.dz\/index.php\/2024\/07\/29\/ligue-1-mobilis-belaili-quitte-le-mca\/"]}]},{"@type":"ImageObject","inLanguage":"fr-FR","@id":"https:\/\/lasentinelle.dz\/index.php\/2024\/07\/29\/ligue-1-mobilis-belaili-quitte-le-mca\/#primaryimage","url":"https:\/\/lasentinelle.dz\/wp-content\/uploads\/2023\/11\/belaili.jpeg","contentUrl":"https:\/\/lasentinelle.dz\/wp-content\/uploads\/2023\/11\/belaili.jpeg","width":715,"height":494},{"@type":"BreadcrumbList","@id":"https:\/\/lasentinelle.dz\/index.php\/2024\/07\/29\/ligue-1-mobilis-belaili-quitte-le-mca\/#breadcrumb","itemListElement":[{"@type":"ListItem","position":1,"name":"Accueil","item":"https:\/\/lasentinelle.dz\/"},{"@type":"ListItem","position":2,"name":"Ligue 1 mobilis: Belaili quitte le MCA"}]},{"@type":"WebSite","@id":"https:\/\/lasentinelle.dz\/#website","url":"https:\/\/lasentinelle.dz\/","name":"La Sentinelle","description":"Quotidien national d&#039;information","publisher":{"@id":"https:\/\/lasentinelle.dz\/#organization"},"potentialAction":[{"@type":"SearchAction","target":{"@type":"EntryPoint","urlTemplate":"https:\/\/lasentinelle.dz\/?s={search_term_string}"},"query-input":{"@type":"PropertyValueSpecification","valueRequired":true,"valueName":"search_term_string"}}],"inLanguage":"fr-FR"},{"@type":"Organization","@id":"https:\/\/lasentinelle.dz\/#organization","name":"Quotidien La Sentinelle","url":"https:\/\/lasentinelle.dz\/","logo":{"@type":"ImageObject","inLanguage":"fr-FR","@id":"https:\/\/lasentinelle.dz\/#\/schema\/logo\/image\/","url":"https:\/\/lasentinelle.dz\/wp-content\/uploads\/2021\/09\/logo-sentinelleSLOGAN-1.png","contentUrl":"https:\/\/lasentinelle.dz\/wp-content\/uploads\/2021\/09\/logo-sentinelleSLOGAN-1.png","width":615,"height":142,"caption":"Quotidien La Sentinelle"},"image":{"@id":"https:\/\/lasentinelle.dz\/#\/schema\/logo\/image\/"},"sameAs":["https:\/\/www.facebook.com\/La-Sentinelle-104059864394773"]},{"@type":"Person","@id":"https:\/\/lasentinelle.dz\/#\/schema\/person\/d865044e22e70a75174ce8bcad3acfb3","name":"La Sentinelle","image":{"@type":"ImageObject","inLanguage":"fr-FR","@id":"https:\/\/secure.gravatar.com\/avatar\/57de8e5d4b15d43fb361a71fbb36338450fe67865b528a43dd10ef7c51a20392?s=96&d=mm&r=g","url":"https:\/\/secure.gravatar.com\/avatar\/57de8e5d4b15d43fb361a71fbb36338450fe67865b528a43dd10ef7c51a20392?s=96&d=mm&r=g","contentUrl":"https:\/\/secure.gravatar.com\/avatar\/57de8e5d4b15d43fb361a71fbb36338450fe67865b528a43dd10ef7c51a20392?s=96&d=mm&r=g","caption":"La Sentinelle"},"sameAs":["http:\/\/www.lasentinelle.dz"],"url":"https:\/\/lasentinelle.dz\/author\/redaction\/"}]}},"_links":{"self":[{"href":"https:\/\/lasentinelle.dz\/index.php\/wp-json\/wp\/v2\/posts\/54980","targetHints":{"allow":["GET"]}}],"collection":[{"href":"https:\/\/lasentinelle.dz\/index.php\/wp-json\/wp\/v2\/posts"}],"about":[{"href":"https:\/\/lasentinelle.dz\/index.php\/wp-json\/wp\/v2\/types\/post"}],"author":[{"embeddable":true,"href":"https:\/\/lasentinelle.dz\/index.php\/wp-json\/wp\/v2\/users\/3"}],"replies":[{"embeddable":true,"href":"https:\/\/lasentinelle.dz\/index.php\/wp-json\/wp\/v2\/comments?post=54980"}],"version-history":[{"count":1,"href":"https:\/\/lasentinelle.dz\/index.php\/wp-json\/wp\/v2\/posts\/54980\/revisions"}],"predecessor-version":[{"id":54981,"href":"https:\/\/lasentinelle.dz\/index.php\/wp-json\/wp\/v2\/posts\/54980\/revisions\/54981"}],"wp:featuredmedia":[{"embeddable":true,"href":"https:\/\/lasentinelle.dz\/index.php\/wp-json\/wp\/v2\/media\/47207"}],"wp:attachment":[{"href":"https:\/\/lasentinelle.dz\/index.php\/wp-json\/wp\/v2\/media?parent=54980"}],"wp:term":[{"taxonomy":"category","embeddable":true,"href":"https:\/\/lasentinelle.dz\/index.php\/wp-json\/wp\/v2\/categories?post=54980"},{"taxonomy":"post_tag","embeddable":true,"href":"https:\/\/lasentinelle.dz\/index.php\/wp-json\/wp\/v2\/tags?post=54980"}],"curies":[{"name":"wp","href":"https:\/\/api.w.org\/{rel}","templated":true}]}}