{"id":54990,"date":"2024-07-29T13:51:06","date_gmt":"2024-07-29T12:51:06","guid":{"rendered":"https:\/\/lasentinelle.dz\/?p=54990"},"modified":"2024-07-29T13:51:08","modified_gmt":"2024-07-29T12:51:08","slug":"forum-de-lasean-pekin-insiste-sur-le-maintien-de-la-paix-washington-renforce-les-alliances-militaires","status":"publish","type":"post","link":"https:\/\/lasentinelle.dz\/index.php\/2024\/07\/29\/forum-de-lasean-pekin-insiste-sur-le-maintien-de-la-paix-washington-renforce-les-alliances-militaires\/","title":{"rendered":"Forum de l&rsquo;ASEAN: P\u00e9kin insiste sur le maintien de la paix, Washington renforce les alliances militaires"},"content":{"rendered":"\n<p><\/p>\n\n\n\n<p>Le ministre chinois des Affaires \u00e9trang\u00e8res Wang Yi a appel\u00e9 samedi les pays de l&rsquo;Association des nations de l&rsquo;Asie du Sud-Est (ASEAN) \u00e0 rester attach\u00e9s \u00e0 la vision de la paix et \u00e0 la voie de l&rsquo;organisation pour maintenir la paix et la stabilit\u00e9 r\u00e9gionales. Il a fait ces remarques lors de la r\u00e9union des ministres des Affaires \u00e9trang\u00e8res du 31e Forum r\u00e9gional de l&rsquo;ASEAN (ARF) \u00e0 Vientiane (Laos) qui pr\u00e9side actuellement l&rsquo;ASEAN. M. Wang, \u00e9galement membre du Bureau politique du Comit\u00e9 central du Parti communiste chinois (PCC), a soulign\u00e9, lors de la r\u00e9union, que \u00ab\u00a0le monde actuel est marqu\u00e9 par des turbulences et le chaos, avec des conflits r\u00e9gionaux prolong\u00e9s, des confrontations g\u00e9opolitiques accrues et des d\u00e9fis s\u00e9curitaires \u00e9mergents tels que le changement climatique, le terrorisme et la cybers\u00e9curit\u00e9\u00a0\u00bb. \u00ab\u00a0L&rsquo;unilat\u00e9ralisme et la mentalit\u00e9 de la guerre froide progressent, et les petits cercles militaires et de s\u00e9curit\u00e9 se multiplient\u00a0\u00bb, a-t-il d\u00e9clar\u00e9. M. Wang a la soulign\u00e9 la n\u00e9cessit\u00e9 de \u00ab\u00a0prendre en compte les int\u00e9r\u00eats et les aspirations de toutes les parties et de poursuivre une s\u00e9curit\u00e9 commune, globale, coop\u00e9rative et durable\u00a0\u00bb. En parall\u00e8le, les Etats-Unis ont annonc\u00e9 dimanche le renforcement de leur dispositif militaire au Japon afin de renforcer la coordination entre les forces des deux pays . Cette annonce est intervenue \u00e0 la suite d&rsquo;entretiens de s\u00e9curit\u00e9 entre le secr\u00e9taire d&rsquo;Etat am\u00e9ricain Antony Blinken, le secr\u00e9taire am\u00e9ricain \u00e0 la D\u00e9fense Lloyd Austin et leurs homologues japonais respectifs, Yoko Kamikawa et Minoru Kihara. Le commandement militaire am\u00e9ricain au Japon (US Forces Japan) va devenir un \u00ab\u00a0\u00e9tat-major conjoint avec des missions plus larges et des responsabilit\u00e9s op\u00e9rationnelles\u00a0\u00bb, a d\u00e9clar\u00e9 Lloyd Austin. Dans un communiqu\u00e9 commun, les ministres de la D\u00e9fense des deux pays ont d\u00e9clar\u00e9 que la nouvelle structure de commandement am\u00e9ricaine serait mise en place parall\u00e8lement \u00e0 la cr\u00e9ation par le Japon d&rsquo;un \u00e9tat-major conjoint de ses propres forces d&rsquo;ici mars 2025.<\/p>\n\n\n\n<p>R.I.<\/p>\n","protected":false},"excerpt":{"rendered":"<p>Le ministre chinois des Affaires \u00e9trang\u00e8res Wang Yi a appel\u00e9 samedi les pays de l&rsquo;Association des nations de l&rsquo;Asie du<\/p>\n","protected":false},"author":3,"featured_media":54991,"comment_status":"open","ping_status":"closed","sticky":false,"template":"","format":"standard","meta":{"colormag_page_container_layout":"default_layout","colormag_page_sidebar_layout":"default_layout","om_disable_all_campaigns":false,"_monsterinsights_skip_tracking":false,"_monsterinsights_sitenote_active":false,"_monsterinsights_sitenote_note":"","_monsterinsights_sitenote_category":0,"footnotes":"","_wpscppro_dont_share_socialmedia":false,"_wpscppro_custom_social_share_image":0,"_facebook_share_type":"default","_twitter_share_type":"default","_linkedin_share_type":"default","_pinterest_share_type":"default","_linkedin_share_type_page":"","_instagram_share_type":"default","_medium_share_type":"","_threads_share_type":"","_google_business_share_type":"","_selected_social_profile":[],"_wpsp_enable_custom_social_template":false,"_wpsp_social_scheduling":{"enabled":false,"datetime":null,"platforms":[],"status":"template_only","dateOption":"today","timeOption":"now","customDays":"","customHours":"","customDate":"","customTime":"","schedulingType":"absolute"},"_wpsp_active_default_template":true},"categories":[37],"tags":[],"class_list":["post-54990","post","type-post","status-publish","format-standard","has-post-thumbnail","hentry","category-monde"],"aioseo_notices":[],"yoast_head":"<!-- This site is optimized with the Yoast SEO plugin v27.5 - https:\/\/yoast.com\/product\/yoast-seo-wordpress\/ -->\n<title>Forum de l&rsquo;ASEAN: P\u00e9kin insiste sur le maintien de la paix, Washington renforce les alliances militaires - La Sentinelle<\/title>\n<meta name=\"robots\" content=\"index, follow, max-snippet:-1, max-image-preview:large, max-video-preview:-1\" \/>\n<link rel=\"canonical\" href=\"https:\/\/lasentinelle.dz\/index.php\/2024\/07\/29\/forum-de-lasean-pekin-insiste-sur-le-maintien-de-la-paix-washington-renforce-les-alliances-militaires\/\" \/>\n<meta property=\"og:locale\" content=\"fr_FR\" \/>\n<meta property=\"og:type\" content=\"article\" \/>\n<meta property=\"og:title\" content=\"Forum de l&rsquo;ASEAN: P\u00e9kin insiste sur le maintien de la paix, Washington renforce les alliances militaires - La Sentinelle\" \/>\n<meta property=\"og:description\" content=\"Le ministre chinois des Affaires \u00e9trang\u00e8res Wang Yi a appel\u00e9 samedi les pays de l&rsquo;Association des nations de l&rsquo;Asie du\" \/>\n<meta property=\"og:url\" content=\"https:\/\/lasentinelle.dz\/index.php\/2024\/07\/29\/forum-de-lasean-pekin-insiste-sur-le-maintien-de-la-paix-washington-renforce-les-alliances-militaires\/\" \/>\n<meta property=\"og:site_name\" content=\"La Sentinelle\" \/>\n<meta property=\"article:publisher\" content=\"https:\/\/www.facebook.com\/La-Sentinelle-104059864394773\" \/>\n<meta property=\"article:published_time\" content=\"2024-07-29T12:51:06+00:00\" \/>\n<meta property=\"article:modified_time\" content=\"2024-07-29T12:51:08+00:00\" \/>\n<meta property=\"og:image\" content=\"https:\/\/lasentinelle.dz\/wp-content\/uploads\/2024\/07\/asean.jpg\" \/>\n\t<meta property=\"og:image:width\" content=\"1140\" \/>\n\t<meta property=\"og:image:height\" content=\"759\" \/>\n\t<meta property=\"og:image:type\" content=\"image\/jpeg\" \/>\n<meta name=\"author\" content=\"La Sentinelle\" \/>\n<meta name=\"twitter:card\" content=\"summary_large_image\" \/>\n<meta name=\"twitter:label1\" content=\"\u00c9crit par\" \/>\n\t<meta name=\"twitter:data1\" content=\"La Sentinelle\" \/>\n\t<meta name=\"twitter:label2\" content=\"Dur\u00e9e de lecture estim\u00e9e\" \/>\n\t<meta name=\"twitter:data2\" content=\"2 minutes\" \/>\n<script type=\"application\/ld+json\" class=\"yoast-schema-graph\">{\"@context\":\"https:\\\/\\\/schema.org\",\"@graph\":[{\"@type\":\"Article\",\"@id\":\"https:\\\/\\\/lasentinelle.dz\\\/index.php\\\/2024\\\/07\\\/29\\\/forum-de-lasean-pekin-insiste-sur-le-maintien-de-la-paix-washington-renforce-les-alliances-militaires\\\/#article\",\"isPartOf\":{\"@id\":\"https:\\\/\\\/lasentinelle.dz\\\/index.php\\\/2024\\\/07\\\/29\\\/forum-de-lasean-pekin-insiste-sur-le-maintien-de-la-paix-washington-renforce-les-alliances-militaires\\\/\"},\"author\":{\"name\":\"La Sentinelle\",\"@id\":\"https:\\\/\\\/lasentinelle.dz\\\/#\\\/schema\\\/person\\\/d865044e22e70a75174ce8bcad3acfb3\"},\"headline\":\"Forum de l&rsquo;ASEAN: P\u00e9kin insiste sur le maintien de la paix, Washington renforce les alliances militaires\",\"datePublished\":\"2024-07-29T12:51:06+00:00\",\"dateModified\":\"2024-07-29T12:51:08+00:00\",\"mainEntityOfPage\":{\"@id\":\"https:\\\/\\\/lasentinelle.dz\\\/index.php\\\/2024\\\/07\\\/29\\\/forum-de-lasean-pekin-insiste-sur-le-maintien-de-la-paix-washington-renforce-les-alliances-militaires\\\/\"},\"wordCount\":372,\"commentCount\":0,\"publisher\":{\"@id\":\"https:\\\/\\\/lasentinelle.dz\\\/#organization\"},\"image\":{\"@id\":\"https:\\\/\\\/lasentinelle.dz\\\/index.php\\\/2024\\\/07\\\/29\\\/forum-de-lasean-pekin-insiste-sur-le-maintien-de-la-paix-washington-renforce-les-alliances-militaires\\\/#primaryimage\"},\"thumbnailUrl\":\"https:\\\/\\\/lasentinelle.dz\\\/wp-content\\\/uploads\\\/2024\\\/07\\\/asean.jpg\",\"articleSection\":[\"Monde\"],\"inLanguage\":\"fr-FR\",\"potentialAction\":[{\"@type\":\"CommentAction\",\"name\":\"Comment\",\"target\":[\"https:\\\/\\\/lasentinelle.dz\\\/index.php\\\/2024\\\/07\\\/29\\\/forum-de-lasean-pekin-insiste-sur-le-maintien-de-la-paix-washington-renforce-les-alliances-militaires\\\/#respond\"]}]},{\"@type\":\"WebPage\",\"@id\":\"https:\\\/\\\/lasentinelle.dz\\\/index.php\\\/2024\\\/07\\\/29\\\/forum-de-lasean-pekin-insiste-sur-le-maintien-de-la-paix-washington-renforce-les-alliances-militaires\\\/\",\"url\":\"https:\\\/\\\/lasentinelle.dz\\\/index.php\\\/2024\\\/07\\\/29\\\/forum-de-lasean-pekin-insiste-sur-le-maintien-de-la-paix-washington-renforce-les-alliances-militaires\\\/\",\"name\":\"Forum de l&rsquo;ASEAN: P\u00e9kin insiste sur le maintien de la paix, Washington renforce les alliances militaires - La Sentinelle\",\"isPartOf\":{\"@id\":\"https:\\\/\\\/lasentinelle.dz\\\/#website\"},\"primaryImageOfPage\":{\"@id\":\"https:\\\/\\\/lasentinelle.dz\\\/index.php\\\/2024\\\/07\\\/29\\\/forum-de-lasean-pekin-insiste-sur-le-maintien-de-la-paix-washington-renforce-les-alliances-militaires\\\/#primaryimage\"},\"image\":{\"@id\":\"https:\\\/\\\/lasentinelle.dz\\\/index.php\\\/2024\\\/07\\\/29\\\/forum-de-lasean-pekin-insiste-sur-le-maintien-de-la-paix-washington-renforce-les-alliances-militaires\\\/#primaryimage\"},\"thumbnailUrl\":\"https:\\\/\\\/lasentinelle.dz\\\/wp-content\\\/uploads\\\/2024\\\/07\\\/asean.jpg\",\"datePublished\":\"2024-07-29T12:51:06+00:00\",\"dateModified\":\"2024-07-29T12:51:08+00:00\",\"breadcrumb\":{\"@id\":\"https:\\\/\\\/lasentinelle.dz\\\/index.php\\\/2024\\\/07\\\/29\\\/forum-de-lasean-pekin-insiste-sur-le-maintien-de-la-paix-washington-renforce-les-alliances-militaires\\\/#breadcrumb\"},\"inLanguage\":\"fr-FR\",\"potentialAction\":[{\"@type\":\"ReadAction\",\"target\":[\"https:\\\/\\\/lasentinelle.dz\\\/index.php\\\/2024\\\/07\\\/29\\\/forum-de-lasean-pekin-insiste-sur-le-maintien-de-la-paix-washington-renforce-les-alliances-militaires\\\/\"]}]},{\"@type\":\"ImageObject\",\"inLanguage\":\"fr-FR\",\"@id\":\"https:\\\/\\\/lasentinelle.dz\\\/index.php\\\/2024\\\/07\\\/29\\\/forum-de-lasean-pekin-insiste-sur-le-maintien-de-la-paix-washington-renforce-les-alliances-militaires\\\/#primaryimage\",\"url\":\"https:\\\/\\\/lasentinelle.dz\\\/wp-content\\\/uploads\\\/2024\\\/07\\\/asean.jpg\",\"contentUrl\":\"https:\\\/\\\/lasentinelle.dz\\\/wp-content\\\/uploads\\\/2024\\\/07\\\/asean.jpg\",\"width\":1140,\"height\":759},{\"@type\":\"BreadcrumbList\",\"@id\":\"https:\\\/\\\/lasentinelle.dz\\\/index.php\\\/2024\\\/07\\\/29\\\/forum-de-lasean-pekin-insiste-sur-le-maintien-de-la-paix-washington-renforce-les-alliances-militaires\\\/#breadcrumb\",\"itemListElement\":[{\"@type\":\"ListItem\",\"position\":1,\"name\":\"Accueil\",\"item\":\"https:\\\/\\\/lasentinelle.dz\\\/\"},{\"@type\":\"ListItem\",\"position\":2,\"name\":\"Forum de l&rsquo;ASEAN: P\u00e9kin insiste sur le maintien de la paix, Washington renforce les alliances militaires\"}]},{\"@type\":\"WebSite\",\"@id\":\"https:\\\/\\\/lasentinelle.dz\\\/#website\",\"url\":\"https:\\\/\\\/lasentinelle.dz\\\/\",\"name\":\"La Sentinelle\",\"description\":\"Quotidien national d&#039;information\",\"publisher\":{\"@id\":\"https:\\\/\\\/lasentinelle.dz\\\/#organization\"},\"potentialAction\":[{\"@type\":\"SearchAction\",\"target\":{\"@type\":\"EntryPoint\",\"urlTemplate\":\"https:\\\/\\\/lasentinelle.dz\\\/?s={search_term_string}\"},\"query-input\":{\"@type\":\"PropertyValueSpecification\",\"valueRequired\":true,\"valueName\":\"search_term_string\"}}],\"inLanguage\":\"fr-FR\"},{\"@type\":\"Organization\",\"@id\":\"https:\\\/\\\/lasentinelle.dz\\\/#organization\",\"name\":\"Quotidien La Sentinelle\",\"url\":\"https:\\\/\\\/lasentinelle.dz\\\/\",\"logo\":{\"@type\":\"ImageObject\",\"inLanguage\":\"fr-FR\",\"@id\":\"https:\\\/\\\/lasentinelle.dz\\\/#\\\/schema\\\/logo\\\/image\\\/\",\"url\":\"https:\\\/\\\/lasentinelle.dz\\\/wp-content\\\/uploads\\\/2021\\\/09\\\/logo-sentinelleSLOGAN-1.png\",\"contentUrl\":\"https:\\\/\\\/lasentinelle.dz\\\/wp-content\\\/uploads\\\/2021\\\/09\\\/logo-sentinelleSLOGAN-1.png\",\"width\":615,\"height\":142,\"caption\":\"Quotidien La Sentinelle\"},\"image\":{\"@id\":\"https:\\\/\\\/lasentinelle.dz\\\/#\\\/schema\\\/logo\\\/image\\\/\"},\"sameAs\":[\"https:\\\/\\\/www.facebook.com\\\/La-Sentinelle-104059864394773\"]},{\"@type\":\"Person\",\"@id\":\"https:\\\/\\\/lasentinelle.dz\\\/#\\\/schema\\\/person\\\/d865044e22e70a75174ce8bcad3acfb3\",\"name\":\"La Sentinelle\",\"image\":{\"@type\":\"ImageObject\",\"inLanguage\":\"fr-FR\",\"@id\":\"https:\\\/\\\/secure.gravatar.com\\\/avatar\\\/57de8e5d4b15d43fb361a71fbb36338450fe67865b528a43dd10ef7c51a20392?s=96&d=mm&r=g\",\"url\":\"https:\\\/\\\/secure.gravatar.com\\\/avatar\\\/57de8e5d4b15d43fb361a71fbb36338450fe67865b528a43dd10ef7c51a20392?s=96&d=mm&r=g\",\"contentUrl\":\"https:\\\/\\\/secure.gravatar.com\\\/avatar\\\/57de8e5d4b15d43fb361a71fbb36338450fe67865b528a43dd10ef7c51a20392?s=96&d=mm&r=g\",\"caption\":\"La Sentinelle\"},\"sameAs\":[\"http:\\\/\\\/www.lasentinelle.dz\"],\"url\":\"https:\\\/\\\/lasentinelle.dz\\\/author\\\/redaction\\\/\"}]}<\/script>\n<!-- \/ Yoast SEO plugin. -->","yoast_head_json":{"title":"Forum de l&rsquo;ASEAN: P\u00e9kin insiste sur le maintien de la paix, Washington renforce les alliances militaires - La Sentinelle","robots":{"index":"index","follow":"follow","max-snippet":"max-snippet:-1","max-image-preview":"max-image-preview:large","max-video-preview":"max-video-preview:-1"},"canonical":"https:\/\/lasentinelle.dz\/index.php\/2024\/07\/29\/forum-de-lasean-pekin-insiste-sur-le-maintien-de-la-paix-washington-renforce-les-alliances-militaires\/","og_locale":"fr_FR","og_type":"article","og_title":"Forum de l&rsquo;ASEAN: P\u00e9kin insiste sur le maintien de la paix, Washington renforce les alliances militaires - La Sentinelle","og_description":"Le ministre chinois des Affaires \u00e9trang\u00e8res Wang Yi a appel\u00e9 samedi les pays de l&rsquo;Association des nations de l&rsquo;Asie du","og_url":"https:\/\/lasentinelle.dz\/index.php\/2024\/07\/29\/forum-de-lasean-pekin-insiste-sur-le-maintien-de-la-paix-washington-renforce-les-alliances-militaires\/","og_site_name":"La Sentinelle","article_publisher":"https:\/\/www.facebook.com\/La-Sentinelle-104059864394773","article_published_time":"2024-07-29T12:51:06+00:00","article_modified_time":"2024-07-29T12:51:08+00:00","og_image":[{"width":1140,"height":759,"url":"https:\/\/lasentinelle.dz\/wp-content\/uploads\/2024\/07\/asean.jpg","type":"image\/jpeg"}],"author":"La Sentinelle","twitter_card":"summary_large_image","twitter_misc":{"\u00c9crit par":"La Sentinelle","Dur\u00e9e de lecture estim\u00e9e":"2 minutes"},"schema":{"@context":"https:\/\/schema.org","@graph":[{"@type":"Article","@id":"https:\/\/lasentinelle.dz\/index.php\/2024\/07\/29\/forum-de-lasean-pekin-insiste-sur-le-maintien-de-la-paix-washington-renforce-les-alliances-militaires\/#article","isPartOf":{"@id":"https:\/\/lasentinelle.dz\/index.php\/2024\/07\/29\/forum-de-lasean-pekin-insiste-sur-le-maintien-de-la-paix-washington-renforce-les-alliances-militaires\/"},"author":{"name":"La Sentinelle","@id":"https:\/\/lasentinelle.dz\/#\/schema\/person\/d865044e22e70a75174ce8bcad3acfb3"},"headline":"Forum de l&rsquo;ASEAN: P\u00e9kin insiste sur le maintien de la paix, Washington renforce les alliances militaires","datePublished":"2024-07-29T12:51:06+00:00","dateModified":"2024-07-29T12:51:08+00:00","mainEntityOfPage":{"@id":"https:\/\/lasentinelle.dz\/index.php\/2024\/07\/29\/forum-de-lasean-pekin-insiste-sur-le-maintien-de-la-paix-washington-renforce-les-alliances-militaires\/"},"wordCount":372,"commentCount":0,"publisher":{"@id":"https:\/\/lasentinelle.dz\/#organization"},"image":{"@id":"https:\/\/lasentinelle.dz\/index.php\/2024\/07\/29\/forum-de-lasean-pekin-insiste-sur-le-maintien-de-la-paix-washington-renforce-les-alliances-militaires\/#primaryimage"},"thumbnailUrl":"https:\/\/lasentinelle.dz\/wp-content\/uploads\/2024\/07\/asean.jpg","articleSection":["Monde"],"inLanguage":"fr-FR","potentialAction":[{"@type":"CommentAction","name":"Comment","target":["https:\/\/lasentinelle.dz\/index.php\/2024\/07\/29\/forum-de-lasean-pekin-insiste-sur-le-maintien-de-la-paix-washington-renforce-les-alliances-militaires\/#respond"]}]},{"@type":"WebPage","@id":"https:\/\/lasentinelle.dz\/index.php\/2024\/07\/29\/forum-de-lasean-pekin-insiste-sur-le-maintien-de-la-paix-washington-renforce-les-alliances-militaires\/","url":"https:\/\/lasentinelle.dz\/index.php\/2024\/07\/29\/forum-de-lasean-pekin-insiste-sur-le-maintien-de-la-paix-washington-renforce-les-alliances-militaires\/","name":"Forum de l&rsquo;ASEAN: P\u00e9kin insiste sur le maintien de la paix, Washington renforce les alliances militaires - La Sentinelle","isPartOf":{"@id":"https:\/\/lasentinelle.dz\/#website"},"primaryImageOfPage":{"@id":"https:\/\/lasentinelle.dz\/index.php\/2024\/07\/29\/forum-de-lasean-pekin-insiste-sur-le-maintien-de-la-paix-washington-renforce-les-alliances-militaires\/#primaryimage"},"image":{"@id":"https:\/\/lasentinelle.dz\/index.php\/2024\/07\/29\/forum-de-lasean-pekin-insiste-sur-le-maintien-de-la-paix-washington-renforce-les-alliances-militaires\/#primaryimage"},"thumbnailUrl":"https:\/\/lasentinelle.dz\/wp-content\/uploads\/2024\/07\/asean.jpg","datePublished":"2024-07-29T12:51:06+00:00","dateModified":"2024-07-29T12:51:08+00:00","breadcrumb":{"@id":"https:\/\/lasentinelle.dz\/index.php\/2024\/07\/29\/forum-de-lasean-pekin-insiste-sur-le-maintien-de-la-paix-washington-renforce-les-alliances-militaires\/#breadcrumb"},"inLanguage":"fr-FR","potentialAction":[{"@type":"ReadAction","target":["https:\/\/lasentinelle.dz\/index.php\/2024\/07\/29\/forum-de-lasean-pekin-insiste-sur-le-maintien-de-la-paix-washington-renforce-les-alliances-militaires\/"]}]},{"@type":"ImageObject","inLanguage":"fr-FR","@id":"https:\/\/lasentinelle.dz\/index.php\/2024\/07\/29\/forum-de-lasean-pekin-insiste-sur-le-maintien-de-la-paix-washington-renforce-les-alliances-militaires\/#primaryimage","url":"https:\/\/lasentinelle.dz\/wp-content\/uploads\/2024\/07\/asean.jpg","contentUrl":"https:\/\/lasentinelle.dz\/wp-content\/uploads\/2024\/07\/asean.jpg","width":1140,"height":759},{"@type":"BreadcrumbList","@id":"https:\/\/lasentinelle.dz\/index.php\/2024\/07\/29\/forum-de-lasean-pekin-insiste-sur-le-maintien-de-la-paix-washington-renforce-les-alliances-militaires\/#breadcrumb","itemListElement":[{"@type":"ListItem","position":1,"name":"Accueil","item":"https:\/\/lasentinelle.dz\/"},{"@type":"ListItem","position":2,"name":"Forum de l&rsquo;ASEAN: P\u00e9kin insiste sur le maintien de la paix, Washington renforce les alliances militaires"}]},{"@type":"WebSite","@id":"https:\/\/lasentinelle.dz\/#website","url":"https:\/\/lasentinelle.dz\/","name":"La Sentinelle","description":"Quotidien national d&#039;information","publisher":{"@id":"https:\/\/lasentinelle.dz\/#organization"},"potentialAction":[{"@type":"SearchAction","target":{"@type":"EntryPoint","urlTemplate":"https:\/\/lasentinelle.dz\/?s={search_term_string}"},"query-input":{"@type":"PropertyValueSpecification","valueRequired":true,"valueName":"search_term_string"}}],"inLanguage":"fr-FR"},{"@type":"Organization","@id":"https:\/\/lasentinelle.dz\/#organization","name":"Quotidien La Sentinelle","url":"https:\/\/lasentinelle.dz\/","logo":{"@type":"ImageObject","inLanguage":"fr-FR","@id":"https:\/\/lasentinelle.dz\/#\/schema\/logo\/image\/","url":"https:\/\/lasentinelle.dz\/wp-content\/uploads\/2021\/09\/logo-sentinelleSLOGAN-1.png","contentUrl":"https:\/\/lasentinelle.dz\/wp-content\/uploads\/2021\/09\/logo-sentinelleSLOGAN-1.png","width":615,"height":142,"caption":"Quotidien La Sentinelle"},"image":{"@id":"https:\/\/lasentinelle.dz\/#\/schema\/logo\/image\/"},"sameAs":["https:\/\/www.facebook.com\/La-Sentinelle-104059864394773"]},{"@type":"Person","@id":"https:\/\/lasentinelle.dz\/#\/schema\/person\/d865044e22e70a75174ce8bcad3acfb3","name":"La Sentinelle","image":{"@type":"ImageObject","inLanguage":"fr-FR","@id":"https:\/\/secure.gravatar.com\/avatar\/57de8e5d4b15d43fb361a71fbb36338450fe67865b528a43dd10ef7c51a20392?s=96&d=mm&r=g","url":"https:\/\/secure.gravatar.com\/avatar\/57de8e5d4b15d43fb361a71fbb36338450fe67865b528a43dd10ef7c51a20392?s=96&d=mm&r=g","contentUrl":"https:\/\/secure.gravatar.com\/avatar\/57de8e5d4b15d43fb361a71fbb36338450fe67865b528a43dd10ef7c51a20392?s=96&d=mm&r=g","caption":"La Sentinelle"},"sameAs":["http:\/\/www.lasentinelle.dz"],"url":"https:\/\/lasentinelle.dz\/author\/redaction\/"}]}},"_links":{"self":[{"href":"https:\/\/lasentinelle.dz\/index.php\/wp-json\/wp\/v2\/posts\/54990","targetHints":{"allow":["GET"]}}],"collection":[{"href":"https:\/\/lasentinelle.dz\/index.php\/wp-json\/wp\/v2\/posts"}],"about":[{"href":"https:\/\/lasentinelle.dz\/index.php\/wp-json\/wp\/v2\/types\/post"}],"author":[{"embeddable":true,"href":"https:\/\/lasentinelle.dz\/index.php\/wp-json\/wp\/v2\/users\/3"}],"replies":[{"embeddable":true,"href":"https:\/\/lasentinelle.dz\/index.php\/wp-json\/wp\/v2\/comments?post=54990"}],"version-history":[{"count":2,"href":"https:\/\/lasentinelle.dz\/index.php\/wp-json\/wp\/v2\/posts\/54990\/revisions"}],"predecessor-version":[{"id":54993,"href":"https:\/\/lasentinelle.dz\/index.php\/wp-json\/wp\/v2\/posts\/54990\/revisions\/54993"}],"wp:featuredmedia":[{"embeddable":true,"href":"https:\/\/lasentinelle.dz\/index.php\/wp-json\/wp\/v2\/media\/54991"}],"wp:attachment":[{"href":"https:\/\/lasentinelle.dz\/index.php\/wp-json\/wp\/v2\/media?parent=54990"}],"wp:term":[{"taxonomy":"category","embeddable":true,"href":"https:\/\/lasentinelle.dz\/index.php\/wp-json\/wp\/v2\/categories?post=54990"},{"taxonomy":"post_tag","embeddable":true,"href":"https:\/\/lasentinelle.dz\/index.php\/wp-json\/wp\/v2\/tags?post=54990"}],"curies":[{"name":"wp","href":"https:\/\/api.w.org\/{rel}","templated":true}]}}