{"id":54997,"date":"2024-07-29T13:53:26","date_gmt":"2024-07-29T12:53:26","guid":{"rendered":"https:\/\/lasentinelle.dz\/?p=54997"},"modified":"2024-07-29T13:53:27","modified_gmt":"2024-07-29T12:53:27","slug":"centre-hospitalo-universitaire-dannaba-rehabilitation-des-systemes-de-climatisation","status":"publish","type":"post","link":"https:\/\/lasentinelle.dz\/index.php\/2024\/07\/29\/centre-hospitalo-universitaire-dannaba-rehabilitation-des-systemes-de-climatisation\/","title":{"rendered":"Centre hospitalo-universitaire d&rsquo;Annaba: R\u00e9habilitation des syst\u00e8mes de climatisation"},"content":{"rendered":"\n<p>Le nouveau directeur g\u00e9n\u00e9ral du CHU d&rsquo;Annaba vient de d\u00e9cider de la remise en \u00e9tat des climatiseurs centraux et des unit\u00e9s d\u00e9fectueuses depuis plusieurs ann\u00e9es. Une action qui vient \u00e0 point nomm\u00e9, notamment en cette p\u00e9riode de forte chaleur. En effet, le Centre Hospitalier Universitaire (CHU) d&rsquo;Annaba vient d&rsquo;engager une vaste op\u00e9ration de r\u00e9habilitation de ses syst\u00e8mes de climatisation.<\/p>\n\n\n\n<p>L&rsquo;op\u00e9ration de r\u00e9paration a touch\u00e9 plusieurs services n\u00e9vralgiques du CHU d&rsquo;Annaba, dont, entre autres, le Centre de Lutte Contre le Cancer (CAC), les services de r\u00e9animation et d&rsquo;anesth\u00e9sie ainsi que ceux des services de chirurgie plastique et des grands br\u00fbl\u00e9s de l&rsquo;h\u00f4pital Ibn Sina. Les \u00e9quipements du syst\u00e8me de climatisation \u00e9taient \u00e0 l&rsquo;arr\u00eat dans ces services dont les patients sont class\u00e9s vuln\u00e9rables en raison de leur pathologie grave. La remise en \u00e9tat et en service du syst\u00e8me de climatisation t\u00e9moigne de la volont\u00e9 de la direction du CHU d&rsquo;Annaba d&rsquo;assurer les meilleures conditions de prise en charge des malades.<\/p>\n\n\n\n<p>Il en est de m\u00eame pour l&rsquo;h\u00f4pital p\u00e9diatrique \u00ab\u00a0Sainte-Th\u00e9r\u00e8se\u00a0\u00bb, dont le service de r\u00e9animation m\u00e9dicale a \u00e9galement b\u00e9n\u00e9fici\u00e9 de la r\u00e9habilitation de son syst\u00e8me de climatisation. Les m\u00eames travaux ont \u00e9t\u00e9 enregistr\u00e9s dans le service des maladies du sang en mode diurne au niveau de l&rsquo;h\u00f4pital Dorban.<\/p>\n\n\n\n<p>Par ailleurs, une vaste op\u00e9ration pour les \u00e9quipements Steri-Bloc de la maternit\u00e9, utilis\u00e9s pour la st\u00e9rilisation et la ventilation des salles d&rsquo;op\u00e9ration, a \u00e9galement \u00e9t\u00e9 engag\u00e9e dans le cadre de cette campagne. Les unit\u00e9s de laboratoire, le service de dermatologie et le service d&rsquo;imagerie m\u00e9dicale ont re\u00e7u des syst\u00e8mes de climatisation apr\u00e8s avoir \u00e9t\u00e9 r\u00e9habilit\u00e9s.<\/p>\n\n\n\n<p>Cette campagne, lanc\u00e9e par la direction g\u00e9n\u00e9rale du CHU d&rsquo;Annaba, et qui se poursuit encore, vise \u00e0 garantir un environnement de soins sain et confortable pour les patients, ainsi que pour le personnel m\u00e9dical et param\u00e9dical du Centre hospitalier. Il convient de noter que le co\u00fbt de la r\u00e9habilitation du syst\u00e8me de climatisation de l&rsquo;ensemble des services relevant du CHU a \u00e9pargn\u00e9 \u00e0 la tr\u00e9sorerie de l&rsquo;\u00e9tablissement l&rsquo;achat de nouveaux \u00e9quipements, alors que les anciens ont encore une longue dur\u00e9e de vie.<\/p>\n\n\n\n<p><strong>Sofia C.<\/strong><\/p>\n","protected":false},"excerpt":{"rendered":"<p>Le nouveau directeur g\u00e9n\u00e9ral du CHU d&rsquo;Annaba vient de d\u00e9cider de la remise en \u00e9tat des climatiseurs centraux et des<\/p>\n","protected":false},"author":3,"featured_media":35484,"comment_status":"open","ping_status":"closed","sticky":false,"template":"","format":"standard","meta":{"colormag_page_container_layout":"default_layout","colormag_page_sidebar_layout":"default_layout","om_disable_all_campaigns":false,"_monsterinsights_skip_tracking":false,"_monsterinsights_sitenote_active":false,"_monsterinsights_sitenote_note":"","_monsterinsights_sitenote_category":0,"footnotes":"","_wpscppro_dont_share_socialmedia":false,"_wpscppro_custom_social_share_image":0,"_facebook_share_type":"default","_twitter_share_type":"default","_linkedin_share_type":"default","_pinterest_share_type":"default","_linkedin_share_type_page":"","_instagram_share_type":"default","_medium_share_type":"","_threads_share_type":"","_google_business_share_type":"","_selected_social_profile":[],"_wpsp_enable_custom_social_template":false,"_wpsp_social_scheduling":{"enabled":false,"datetime":null,"platforms":[],"status":"template_only","dateOption":"today","timeOption":"now","customDays":"","customHours":"","customDate":"","customTime":"","schedulingType":"absolute"},"_wpsp_active_default_template":true},"categories":[31],"tags":[],"class_list":["post-54997","post","type-post","status-publish","format-standard","has-post-thumbnail","hentry","category-regions"],"aioseo_notices":[],"yoast_head":"<!-- This site is optimized with the Yoast SEO plugin v27.5 - https:\/\/yoast.com\/product\/yoast-seo-wordpress\/ -->\n<title>Centre hospitalo-universitaire d&rsquo;Annaba: R\u00e9habilitation des syst\u00e8mes de climatisation - La Sentinelle<\/title>\n<meta name=\"robots\" content=\"index, follow, max-snippet:-1, max-image-preview:large, max-video-preview:-1\" \/>\n<link rel=\"canonical\" href=\"https:\/\/lasentinelle.dz\/index.php\/2024\/07\/29\/centre-hospitalo-universitaire-dannaba-rehabilitation-des-systemes-de-climatisation\/\" \/>\n<meta property=\"og:locale\" content=\"fr_FR\" \/>\n<meta property=\"og:type\" content=\"article\" \/>\n<meta property=\"og:title\" content=\"Centre hospitalo-universitaire d&rsquo;Annaba: R\u00e9habilitation des syst\u00e8mes de climatisation - La Sentinelle\" \/>\n<meta property=\"og:description\" content=\"Le nouveau directeur g\u00e9n\u00e9ral du CHU d&rsquo;Annaba vient de d\u00e9cider de la remise en \u00e9tat des climatiseurs centraux et des\" \/>\n<meta property=\"og:url\" content=\"https:\/\/lasentinelle.dz\/index.php\/2024\/07\/29\/centre-hospitalo-universitaire-dannaba-rehabilitation-des-systemes-de-climatisation\/\" \/>\n<meta property=\"og:site_name\" content=\"La Sentinelle\" \/>\n<meta property=\"article:publisher\" content=\"https:\/\/www.facebook.com\/La-Sentinelle-104059864394773\" \/>\n<meta property=\"article:published_time\" content=\"2024-07-29T12:53:26+00:00\" \/>\n<meta property=\"article:modified_time\" content=\"2024-07-29T12:53:27+00:00\" \/>\n<meta property=\"og:image\" content=\"https:\/\/lasentinelle.dz\/wp-content\/uploads\/2023\/02\/CHU-Ibn-Rochd.png\" \/>\n\t<meta property=\"og:image:width\" content=\"1278\" \/>\n\t<meta property=\"og:image:height\" content=\"900\" \/>\n\t<meta property=\"og:image:type\" content=\"image\/png\" \/>\n<meta name=\"author\" content=\"La Sentinelle\" \/>\n<meta name=\"twitter:card\" content=\"summary_large_image\" \/>\n<meta name=\"twitter:label1\" content=\"\u00c9crit par\" \/>\n\t<meta name=\"twitter:data1\" content=\"La Sentinelle\" \/>\n\t<meta name=\"twitter:label2\" content=\"Dur\u00e9e de lecture estim\u00e9e\" \/>\n\t<meta name=\"twitter:data2\" content=\"2 minutes\" \/>\n<script type=\"application\/ld+json\" class=\"yoast-schema-graph\">{\"@context\":\"https:\\\/\\\/schema.org\",\"@graph\":[{\"@type\":\"Article\",\"@id\":\"https:\\\/\\\/lasentinelle.dz\\\/index.php\\\/2024\\\/07\\\/29\\\/centre-hospitalo-universitaire-dannaba-rehabilitation-des-systemes-de-climatisation\\\/#article\",\"isPartOf\":{\"@id\":\"https:\\\/\\\/lasentinelle.dz\\\/index.php\\\/2024\\\/07\\\/29\\\/centre-hospitalo-universitaire-dannaba-rehabilitation-des-systemes-de-climatisation\\\/\"},\"author\":{\"name\":\"La Sentinelle\",\"@id\":\"https:\\\/\\\/lasentinelle.dz\\\/#\\\/schema\\\/person\\\/d865044e22e70a75174ce8bcad3acfb3\"},\"headline\":\"Centre hospitalo-universitaire d&rsquo;Annaba: R\u00e9habilitation des syst\u00e8mes de climatisation\",\"datePublished\":\"2024-07-29T12:53:26+00:00\",\"dateModified\":\"2024-07-29T12:53:27+00:00\",\"mainEntityOfPage\":{\"@id\":\"https:\\\/\\\/lasentinelle.dz\\\/index.php\\\/2024\\\/07\\\/29\\\/centre-hospitalo-universitaire-dannaba-rehabilitation-des-systemes-de-climatisation\\\/\"},\"wordCount\":430,\"commentCount\":0,\"publisher\":{\"@id\":\"https:\\\/\\\/lasentinelle.dz\\\/#organization\"},\"image\":{\"@id\":\"https:\\\/\\\/lasentinelle.dz\\\/index.php\\\/2024\\\/07\\\/29\\\/centre-hospitalo-universitaire-dannaba-rehabilitation-des-systemes-de-climatisation\\\/#primaryimage\"},\"thumbnailUrl\":\"https:\\\/\\\/lasentinelle.dz\\\/wp-content\\\/uploads\\\/2023\\\/02\\\/CHU-Ibn-Rochd.png\",\"articleSection\":[\"R\u00e9gions\"],\"inLanguage\":\"fr-FR\",\"potentialAction\":[{\"@type\":\"CommentAction\",\"name\":\"Comment\",\"target\":[\"https:\\\/\\\/lasentinelle.dz\\\/index.php\\\/2024\\\/07\\\/29\\\/centre-hospitalo-universitaire-dannaba-rehabilitation-des-systemes-de-climatisation\\\/#respond\"]}]},{\"@type\":\"WebPage\",\"@id\":\"https:\\\/\\\/lasentinelle.dz\\\/index.php\\\/2024\\\/07\\\/29\\\/centre-hospitalo-universitaire-dannaba-rehabilitation-des-systemes-de-climatisation\\\/\",\"url\":\"https:\\\/\\\/lasentinelle.dz\\\/index.php\\\/2024\\\/07\\\/29\\\/centre-hospitalo-universitaire-dannaba-rehabilitation-des-systemes-de-climatisation\\\/\",\"name\":\"Centre hospitalo-universitaire d&rsquo;Annaba: R\u00e9habilitation des syst\u00e8mes de climatisation - La Sentinelle\",\"isPartOf\":{\"@id\":\"https:\\\/\\\/lasentinelle.dz\\\/#website\"},\"primaryImageOfPage\":{\"@id\":\"https:\\\/\\\/lasentinelle.dz\\\/index.php\\\/2024\\\/07\\\/29\\\/centre-hospitalo-universitaire-dannaba-rehabilitation-des-systemes-de-climatisation\\\/#primaryimage\"},\"image\":{\"@id\":\"https:\\\/\\\/lasentinelle.dz\\\/index.php\\\/2024\\\/07\\\/29\\\/centre-hospitalo-universitaire-dannaba-rehabilitation-des-systemes-de-climatisation\\\/#primaryimage\"},\"thumbnailUrl\":\"https:\\\/\\\/lasentinelle.dz\\\/wp-content\\\/uploads\\\/2023\\\/02\\\/CHU-Ibn-Rochd.png\",\"datePublished\":\"2024-07-29T12:53:26+00:00\",\"dateModified\":\"2024-07-29T12:53:27+00:00\",\"breadcrumb\":{\"@id\":\"https:\\\/\\\/lasentinelle.dz\\\/index.php\\\/2024\\\/07\\\/29\\\/centre-hospitalo-universitaire-dannaba-rehabilitation-des-systemes-de-climatisation\\\/#breadcrumb\"},\"inLanguage\":\"fr-FR\",\"potentialAction\":[{\"@type\":\"ReadAction\",\"target\":[\"https:\\\/\\\/lasentinelle.dz\\\/index.php\\\/2024\\\/07\\\/29\\\/centre-hospitalo-universitaire-dannaba-rehabilitation-des-systemes-de-climatisation\\\/\"]}]},{\"@type\":\"ImageObject\",\"inLanguage\":\"fr-FR\",\"@id\":\"https:\\\/\\\/lasentinelle.dz\\\/index.php\\\/2024\\\/07\\\/29\\\/centre-hospitalo-universitaire-dannaba-rehabilitation-des-systemes-de-climatisation\\\/#primaryimage\",\"url\":\"https:\\\/\\\/lasentinelle.dz\\\/wp-content\\\/uploads\\\/2023\\\/02\\\/CHU-Ibn-Rochd.png\",\"contentUrl\":\"https:\\\/\\\/lasentinelle.dz\\\/wp-content\\\/uploads\\\/2023\\\/02\\\/CHU-Ibn-Rochd.png\",\"width\":1278,\"height\":900},{\"@type\":\"BreadcrumbList\",\"@id\":\"https:\\\/\\\/lasentinelle.dz\\\/index.php\\\/2024\\\/07\\\/29\\\/centre-hospitalo-universitaire-dannaba-rehabilitation-des-systemes-de-climatisation\\\/#breadcrumb\",\"itemListElement\":[{\"@type\":\"ListItem\",\"position\":1,\"name\":\"Accueil\",\"item\":\"https:\\\/\\\/lasentinelle.dz\\\/\"},{\"@type\":\"ListItem\",\"position\":2,\"name\":\"Centre hospitalo-universitaire d&rsquo;Annaba: R\u00e9habilitation des syst\u00e8mes de climatisation\"}]},{\"@type\":\"WebSite\",\"@id\":\"https:\\\/\\\/lasentinelle.dz\\\/#website\",\"url\":\"https:\\\/\\\/lasentinelle.dz\\\/\",\"name\":\"La Sentinelle\",\"description\":\"Quotidien national d&#039;information\",\"publisher\":{\"@id\":\"https:\\\/\\\/lasentinelle.dz\\\/#organization\"},\"potentialAction\":[{\"@type\":\"SearchAction\",\"target\":{\"@type\":\"EntryPoint\",\"urlTemplate\":\"https:\\\/\\\/lasentinelle.dz\\\/?s={search_term_string}\"},\"query-input\":{\"@type\":\"PropertyValueSpecification\",\"valueRequired\":true,\"valueName\":\"search_term_string\"}}],\"inLanguage\":\"fr-FR\"},{\"@type\":\"Organization\",\"@id\":\"https:\\\/\\\/lasentinelle.dz\\\/#organization\",\"name\":\"Quotidien La Sentinelle\",\"url\":\"https:\\\/\\\/lasentinelle.dz\\\/\",\"logo\":{\"@type\":\"ImageObject\",\"inLanguage\":\"fr-FR\",\"@id\":\"https:\\\/\\\/lasentinelle.dz\\\/#\\\/schema\\\/logo\\\/image\\\/\",\"url\":\"https:\\\/\\\/lasentinelle.dz\\\/wp-content\\\/uploads\\\/2021\\\/09\\\/logo-sentinelleSLOGAN-1.png\",\"contentUrl\":\"https:\\\/\\\/lasentinelle.dz\\\/wp-content\\\/uploads\\\/2021\\\/09\\\/logo-sentinelleSLOGAN-1.png\",\"width\":615,\"height\":142,\"caption\":\"Quotidien La Sentinelle\"},\"image\":{\"@id\":\"https:\\\/\\\/lasentinelle.dz\\\/#\\\/schema\\\/logo\\\/image\\\/\"},\"sameAs\":[\"https:\\\/\\\/www.facebook.com\\\/La-Sentinelle-104059864394773\"]},{\"@type\":\"Person\",\"@id\":\"https:\\\/\\\/lasentinelle.dz\\\/#\\\/schema\\\/person\\\/d865044e22e70a75174ce8bcad3acfb3\",\"name\":\"La Sentinelle\",\"image\":{\"@type\":\"ImageObject\",\"inLanguage\":\"fr-FR\",\"@id\":\"https:\\\/\\\/secure.gravatar.com\\\/avatar\\\/57de8e5d4b15d43fb361a71fbb36338450fe67865b528a43dd10ef7c51a20392?s=96&d=mm&r=g\",\"url\":\"https:\\\/\\\/secure.gravatar.com\\\/avatar\\\/57de8e5d4b15d43fb361a71fbb36338450fe67865b528a43dd10ef7c51a20392?s=96&d=mm&r=g\",\"contentUrl\":\"https:\\\/\\\/secure.gravatar.com\\\/avatar\\\/57de8e5d4b15d43fb361a71fbb36338450fe67865b528a43dd10ef7c51a20392?s=96&d=mm&r=g\",\"caption\":\"La Sentinelle\"},\"sameAs\":[\"http:\\\/\\\/www.lasentinelle.dz\"],\"url\":\"https:\\\/\\\/lasentinelle.dz\\\/author\\\/redaction\\\/\"}]}<\/script>\n<!-- \/ Yoast SEO plugin. -->","yoast_head_json":{"title":"Centre hospitalo-universitaire d&rsquo;Annaba: R\u00e9habilitation des syst\u00e8mes de climatisation - La Sentinelle","robots":{"index":"index","follow":"follow","max-snippet":"max-snippet:-1","max-image-preview":"max-image-preview:large","max-video-preview":"max-video-preview:-1"},"canonical":"https:\/\/lasentinelle.dz\/index.php\/2024\/07\/29\/centre-hospitalo-universitaire-dannaba-rehabilitation-des-systemes-de-climatisation\/","og_locale":"fr_FR","og_type":"article","og_title":"Centre hospitalo-universitaire d&rsquo;Annaba: R\u00e9habilitation des syst\u00e8mes de climatisation - La Sentinelle","og_description":"Le nouveau directeur g\u00e9n\u00e9ral du CHU d&rsquo;Annaba vient de d\u00e9cider de la remise en \u00e9tat des climatiseurs centraux et des","og_url":"https:\/\/lasentinelle.dz\/index.php\/2024\/07\/29\/centre-hospitalo-universitaire-dannaba-rehabilitation-des-systemes-de-climatisation\/","og_site_name":"La Sentinelle","article_publisher":"https:\/\/www.facebook.com\/La-Sentinelle-104059864394773","article_published_time":"2024-07-29T12:53:26+00:00","article_modified_time":"2024-07-29T12:53:27+00:00","og_image":[{"width":1278,"height":900,"url":"https:\/\/lasentinelle.dz\/wp-content\/uploads\/2023\/02\/CHU-Ibn-Rochd.png","type":"image\/png"}],"author":"La Sentinelle","twitter_card":"summary_large_image","twitter_misc":{"\u00c9crit par":"La Sentinelle","Dur\u00e9e de lecture estim\u00e9e":"2 minutes"},"schema":{"@context":"https:\/\/schema.org","@graph":[{"@type":"Article","@id":"https:\/\/lasentinelle.dz\/index.php\/2024\/07\/29\/centre-hospitalo-universitaire-dannaba-rehabilitation-des-systemes-de-climatisation\/#article","isPartOf":{"@id":"https:\/\/lasentinelle.dz\/index.php\/2024\/07\/29\/centre-hospitalo-universitaire-dannaba-rehabilitation-des-systemes-de-climatisation\/"},"author":{"name":"La Sentinelle","@id":"https:\/\/lasentinelle.dz\/#\/schema\/person\/d865044e22e70a75174ce8bcad3acfb3"},"headline":"Centre hospitalo-universitaire d&rsquo;Annaba: R\u00e9habilitation des syst\u00e8mes de climatisation","datePublished":"2024-07-29T12:53:26+00:00","dateModified":"2024-07-29T12:53:27+00:00","mainEntityOfPage":{"@id":"https:\/\/lasentinelle.dz\/index.php\/2024\/07\/29\/centre-hospitalo-universitaire-dannaba-rehabilitation-des-systemes-de-climatisation\/"},"wordCount":430,"commentCount":0,"publisher":{"@id":"https:\/\/lasentinelle.dz\/#organization"},"image":{"@id":"https:\/\/lasentinelle.dz\/index.php\/2024\/07\/29\/centre-hospitalo-universitaire-dannaba-rehabilitation-des-systemes-de-climatisation\/#primaryimage"},"thumbnailUrl":"https:\/\/lasentinelle.dz\/wp-content\/uploads\/2023\/02\/CHU-Ibn-Rochd.png","articleSection":["R\u00e9gions"],"inLanguage":"fr-FR","potentialAction":[{"@type":"CommentAction","name":"Comment","target":["https:\/\/lasentinelle.dz\/index.php\/2024\/07\/29\/centre-hospitalo-universitaire-dannaba-rehabilitation-des-systemes-de-climatisation\/#respond"]}]},{"@type":"WebPage","@id":"https:\/\/lasentinelle.dz\/index.php\/2024\/07\/29\/centre-hospitalo-universitaire-dannaba-rehabilitation-des-systemes-de-climatisation\/","url":"https:\/\/lasentinelle.dz\/index.php\/2024\/07\/29\/centre-hospitalo-universitaire-dannaba-rehabilitation-des-systemes-de-climatisation\/","name":"Centre hospitalo-universitaire d&rsquo;Annaba: R\u00e9habilitation des syst\u00e8mes de climatisation - La Sentinelle","isPartOf":{"@id":"https:\/\/lasentinelle.dz\/#website"},"primaryImageOfPage":{"@id":"https:\/\/lasentinelle.dz\/index.php\/2024\/07\/29\/centre-hospitalo-universitaire-dannaba-rehabilitation-des-systemes-de-climatisation\/#primaryimage"},"image":{"@id":"https:\/\/lasentinelle.dz\/index.php\/2024\/07\/29\/centre-hospitalo-universitaire-dannaba-rehabilitation-des-systemes-de-climatisation\/#primaryimage"},"thumbnailUrl":"https:\/\/lasentinelle.dz\/wp-content\/uploads\/2023\/02\/CHU-Ibn-Rochd.png","datePublished":"2024-07-29T12:53:26+00:00","dateModified":"2024-07-29T12:53:27+00:00","breadcrumb":{"@id":"https:\/\/lasentinelle.dz\/index.php\/2024\/07\/29\/centre-hospitalo-universitaire-dannaba-rehabilitation-des-systemes-de-climatisation\/#breadcrumb"},"inLanguage":"fr-FR","potentialAction":[{"@type":"ReadAction","target":["https:\/\/lasentinelle.dz\/index.php\/2024\/07\/29\/centre-hospitalo-universitaire-dannaba-rehabilitation-des-systemes-de-climatisation\/"]}]},{"@type":"ImageObject","inLanguage":"fr-FR","@id":"https:\/\/lasentinelle.dz\/index.php\/2024\/07\/29\/centre-hospitalo-universitaire-dannaba-rehabilitation-des-systemes-de-climatisation\/#primaryimage","url":"https:\/\/lasentinelle.dz\/wp-content\/uploads\/2023\/02\/CHU-Ibn-Rochd.png","contentUrl":"https:\/\/lasentinelle.dz\/wp-content\/uploads\/2023\/02\/CHU-Ibn-Rochd.png","width":1278,"height":900},{"@type":"BreadcrumbList","@id":"https:\/\/lasentinelle.dz\/index.php\/2024\/07\/29\/centre-hospitalo-universitaire-dannaba-rehabilitation-des-systemes-de-climatisation\/#breadcrumb","itemListElement":[{"@type":"ListItem","position":1,"name":"Accueil","item":"https:\/\/lasentinelle.dz\/"},{"@type":"ListItem","position":2,"name":"Centre hospitalo-universitaire d&rsquo;Annaba: R\u00e9habilitation des syst\u00e8mes de climatisation"}]},{"@type":"WebSite","@id":"https:\/\/lasentinelle.dz\/#website","url":"https:\/\/lasentinelle.dz\/","name":"La Sentinelle","description":"Quotidien national d&#039;information","publisher":{"@id":"https:\/\/lasentinelle.dz\/#organization"},"potentialAction":[{"@type":"SearchAction","target":{"@type":"EntryPoint","urlTemplate":"https:\/\/lasentinelle.dz\/?s={search_term_string}"},"query-input":{"@type":"PropertyValueSpecification","valueRequired":true,"valueName":"search_term_string"}}],"inLanguage":"fr-FR"},{"@type":"Organization","@id":"https:\/\/lasentinelle.dz\/#organization","name":"Quotidien La Sentinelle","url":"https:\/\/lasentinelle.dz\/","logo":{"@type":"ImageObject","inLanguage":"fr-FR","@id":"https:\/\/lasentinelle.dz\/#\/schema\/logo\/image\/","url":"https:\/\/lasentinelle.dz\/wp-content\/uploads\/2021\/09\/logo-sentinelleSLOGAN-1.png","contentUrl":"https:\/\/lasentinelle.dz\/wp-content\/uploads\/2021\/09\/logo-sentinelleSLOGAN-1.png","width":615,"height":142,"caption":"Quotidien La Sentinelle"},"image":{"@id":"https:\/\/lasentinelle.dz\/#\/schema\/logo\/image\/"},"sameAs":["https:\/\/www.facebook.com\/La-Sentinelle-104059864394773"]},{"@type":"Person","@id":"https:\/\/lasentinelle.dz\/#\/schema\/person\/d865044e22e70a75174ce8bcad3acfb3","name":"La Sentinelle","image":{"@type":"ImageObject","inLanguage":"fr-FR","@id":"https:\/\/secure.gravatar.com\/avatar\/57de8e5d4b15d43fb361a71fbb36338450fe67865b528a43dd10ef7c51a20392?s=96&d=mm&r=g","url":"https:\/\/secure.gravatar.com\/avatar\/57de8e5d4b15d43fb361a71fbb36338450fe67865b528a43dd10ef7c51a20392?s=96&d=mm&r=g","contentUrl":"https:\/\/secure.gravatar.com\/avatar\/57de8e5d4b15d43fb361a71fbb36338450fe67865b528a43dd10ef7c51a20392?s=96&d=mm&r=g","caption":"La Sentinelle"},"sameAs":["http:\/\/www.lasentinelle.dz"],"url":"https:\/\/lasentinelle.dz\/author\/redaction\/"}]}},"_links":{"self":[{"href":"https:\/\/lasentinelle.dz\/index.php\/wp-json\/wp\/v2\/posts\/54997","targetHints":{"allow":["GET"]}}],"collection":[{"href":"https:\/\/lasentinelle.dz\/index.php\/wp-json\/wp\/v2\/posts"}],"about":[{"href":"https:\/\/lasentinelle.dz\/index.php\/wp-json\/wp\/v2\/types\/post"}],"author":[{"embeddable":true,"href":"https:\/\/lasentinelle.dz\/index.php\/wp-json\/wp\/v2\/users\/3"}],"replies":[{"embeddable":true,"href":"https:\/\/lasentinelle.dz\/index.php\/wp-json\/wp\/v2\/comments?post=54997"}],"version-history":[{"count":2,"href":"https:\/\/lasentinelle.dz\/index.php\/wp-json\/wp\/v2\/posts\/54997\/revisions"}],"predecessor-version":[{"id":54999,"href":"https:\/\/lasentinelle.dz\/index.php\/wp-json\/wp\/v2\/posts\/54997\/revisions\/54999"}],"wp:featuredmedia":[{"embeddable":true,"href":"https:\/\/lasentinelle.dz\/index.php\/wp-json\/wp\/v2\/media\/35484"}],"wp:attachment":[{"href":"https:\/\/lasentinelle.dz\/index.php\/wp-json\/wp\/v2\/media?parent=54997"}],"wp:term":[{"taxonomy":"category","embeddable":true,"href":"https:\/\/lasentinelle.dz\/index.php\/wp-json\/wp\/v2\/categories?post=54997"},{"taxonomy":"post_tag","embeddable":true,"href":"https:\/\/lasentinelle.dz\/index.php\/wp-json\/wp\/v2\/tags?post=54997"}],"curies":[{"name":"wp","href":"https:\/\/api.w.org\/{rel}","templated":true}]}}