{"id":55008,"date":"2024-07-29T14:00:23","date_gmt":"2024-07-29T13:00:23","guid":{"rendered":"https:\/\/lasentinelle.dz\/?p=55008"},"modified":"2024-07-29T14:00:24","modified_gmt":"2024-07-29T13:00:24","slug":"financement-du-logement-des-taux-bonifies-pour-le-credit-islamique","status":"publish","type":"post","link":"https:\/\/lasentinelle.dz\/index.php\/2024\/07\/29\/financement-du-logement-des-taux-bonifies-pour-le-credit-islamique\/","title":{"rendered":"Financement du logement : Des taux bonifi\u00e9s pour le cr\u00e9dit islamique"},"content":{"rendered":"\n<p>Un nouveau texte d\u00e9finit la marge b\u00e9n\u00e9ficiaire des produits de financement islamique dans le cadre du cr\u00e9dit immobilier.<\/p>\n\n\n\n<p>Le Premier ministre, Nadir Larbaoui a sign\u00e9 un d\u00e9cret ex\u00e9cutif portant, selon le texte publi\u00e9 au journal officiel n\u00b048, sur la bonification du taux d&rsquo;int\u00e9r\u00eat ainsi que du pourcentage de la marge b\u00e9n\u00e9ficiaire des pr\u00eats immobiliers accord\u00e9s par les banques et les \u00e9tablissements financiers. &nbsp;Ce texte r\u00e9glementaire est consacr\u00e9, selon la m\u00eame source, \u00e0 la d\u00e9termination des niveaux et des modalit\u00e9s d&rsquo;octroi de la bonification du taux d&rsquo;int\u00e9r\u00eat des pr\u00eats accord\u00e9s par les banques et les \u00e9tablissements financiers, ainsi qu&rsquo;un pourcentage de la marge b\u00e9n\u00e9ficiaire au titre des op\u00e9rations bancaires ex\u00e9cut\u00e9es dans le cadre des produits de financement islamique, et ce pour l&rsquo;acquisition d&rsquo;un logement collectif, la construction d&rsquo;un logement rural, ainsi que d&rsquo;un logement individuel r\u00e9alis\u00e9 sous la forme group\u00e9e dans des zones d\u00e9finies des wilayas du Sud et des Hauts-Plateaux. Autrement dit, ce texte d\u00e9finit, la marge b\u00e9n\u00e9ficiaire des produits de financement islamique, qui est constitu\u00e9 notamment de la diff\u00e9rence entre le co\u00fbt d&rsquo;achat d&rsquo;un actif par une institution financi\u00e8re et le prix de vente ou de location convenu avec un client dans le cadre d&rsquo;une transaction de financement conforme aux principes de la finance islamique.<\/p>\n\n\n\n<p>Ainsi, la bonification du taux d&rsquo;int\u00e9r\u00eat des pr\u00eats accord\u00e9s par les banques et les \u00e9tablissements financiers ainsi que du pourcentage de la marge b\u00e9n\u00e9ficiaire applicable aux produits de financement islamique pour l&rsquo;acquisition d&rsquo;un logement collectif pris en charge par le Tr\u00e9sor, sont fix\u00e9s \u00e0&nbsp; 5% lorsque les revenus du b\u00e9n\u00e9ficiaire, augment\u00e9s le cas \u00e9ch\u00e9ant, par ceux de son conjoint, sont sup\u00e9rieurs \u00e0 une fois le SNMG et inf\u00e9rieurs ou \u00e9gaux \u00e0 six&nbsp; fois le SNMG et \u00e0 3%, lorsque les revenus du b\u00e9n\u00e9ficiaire, augment\u00e9s le cas \u00e9ch\u00e9ant, par ceux de son conjoint, sont sup\u00e9rieurs \u00e0 six fois le SNMG et inf\u00e9rieurs ou \u00e9gaux \u00e0 douze fois le SNMG.<\/p>\n\n\n\n<p>Plus explicite, ce texte a soulign\u00e9 que la bonification du taux d&rsquo;int\u00e9r\u00eat des pr\u00eats accord\u00e9s par les banques et les \u00e9tablissements financiers ainsi que du pourcentage de la marge b\u00e9n\u00e9ficiaire applicable aux produits de financement islamique pour la construction d&rsquo;un logement rural ou d&rsquo;un logement individuel r\u00e9alis\u00e9 sous la forme group\u00e9e ou dans le cadre de l&rsquo;offre fonci\u00e8re publique, dans des zones d\u00e9finies des wilayas du Sud et des Hauts-Plateaux, pris en charge par le Tr\u00e9sor, sont fix\u00e9s \u00e0 5%, lorsque les revenus du b\u00e9n\u00e9ficiaire, augment\u00e9s le cas \u00e9ch\u00e9ant, par ceux de son conjoint, sont sup\u00e9rieurs \u00e0 une fois le SNMG et inf\u00e9rieurs ou \u00e9gaux \u00e0 six fois le SNMG et \u00e0 3%, lorsque les revenus du b\u00e9n\u00e9ficiaire, augment\u00e9s le cas \u00e9ch\u00e9ant, par ceux de son conjoint, sont sup\u00e9rieurs \u00e0 six fois le SNMG et inf\u00e9rieurs ou \u00e9gaux \u00e0 douze fois le SNMG. Et d\u2019ajouter : le logement individuel, sous la forme group\u00e9e ou dans le cadre de l&rsquo;offre fonci\u00e8re publique, ne peut \u00eatre r\u00e9alis\u00e9 que dans des zones d\u00e9finies des wilayas du Sud et des Hauts-Plateaux, telles que d\u00e9finies par arr\u00eat\u00e9 du ministre charg\u00e9 de l&rsquo;habitat.<\/p>\n\n\n\n<p>Par ailleurs, ledit texte a pr\u00e9cis\u00e9 que&nbsp; le taux d&rsquo;int\u00e9r\u00eat et le pourcentage de la marge b\u00e9n\u00e9ficiaire \u00e0 la charge du b\u00e9n\u00e9ficiaire, ne peuvent \u00eatre inf\u00e9rieurs \u00e0 1%, lorsque les revenus du b\u00e9n\u00e9ficiaire, augment\u00e9s le cas \u00e9ch\u00e9ant, par ceux de son conjoint, sont sup\u00e9rieurs \u00e0 une fois le SNMG et inf\u00e9rieurs ou \u00e9gaux \u00e0 six fois le SNMG et \u00e0 3% lorsque les revenus du b\u00e9n\u00e9ficiaire, augment\u00e9s le cas \u00e9ch\u00e9ant, par ceux de son conjoint, sont sup\u00e9rieurs \u00e0 six fois le SNMG et inf\u00e9rieurs ou \u00e9gaux \u00e0 douze fois le SNMG.<\/p>\n\n\n\n<p>Dans le m\u00eame sens, les r\u00e9dacteurs de ce texte ont affirm\u00e9 que les contrats de financement, ex\u00e9cut\u00e9s dans le cadre du financement islamique, \u00e9ligibles \u00e0 la prise en charge du pourcentage de la marge b\u00e9n\u00e9ficiaire par le Tr\u00e9sor, sont la Mourabaha, l&rsquo;Ijara et l&rsquo;Istisna&rsquo;a alors que la marge b\u00e9n\u00e9ficiaire, au titre des contrats du financement islamique est fix\u00e9e au pr\u00e9alable dans le contrat et selon les modalit\u00e9s de paiement arr\u00eat\u00e9es entre les deux parties.<\/p>\n\n\n\n<p>Ces r\u00e9dacteurs ont indiqu\u00e9, \u00e9galement, que le co\u00fbt de la bonification du taux d&rsquo;int\u00e9r\u00eat et du pourcentage de la marge b\u00e9n\u00e9ficiaire, pr\u00e9compt\u00e9 par les banques et les \u00e9tablissements financiers, est imput\u00e9 par le Tr\u00e9sor sur le titre de d\u00e9penses qui lui est d\u00e9di\u00e9, pr\u00e9cisant dans la foul\u00e9e que la personne ayant d\u00e9j\u00e0 b\u00e9n\u00e9fici\u00e9 de cet avantage, conform\u00e9ment aux dispositions r\u00e9glementaires pr\u00e9vues en la mati\u00e8re \u00ab ne peut pr\u00e9tendre au b\u00e9n\u00e9fice de la bonification du taux d&rsquo;int\u00e9r\u00eat et du pourcentage de la marge b\u00e9n\u00e9ficiaire \u00bb.<\/p>\n\n\n\n<p><strong>Hakim Aomar<\/strong><\/p>\n","protected":false},"excerpt":{"rendered":"<p>Un nouveau texte d\u00e9finit la marge b\u00e9n\u00e9ficiaire des produits de financement islamique dans le cadre du cr\u00e9dit immobilier. Le Premier<\/p>\n","protected":false},"author":2,"featured_media":43736,"comment_status":"open","ping_status":"closed","sticky":false,"template":"","format":"standard","meta":{"colormag_page_container_layout":"default_layout","colormag_page_sidebar_layout":"default_layout","om_disable_all_campaigns":false,"_monsterinsights_skip_tracking":false,"_monsterinsights_sitenote_active":false,"_monsterinsights_sitenote_note":"","_monsterinsights_sitenote_category":0,"footnotes":"","_wpscppro_dont_share_socialmedia":false,"_wpscppro_custom_social_share_image":0,"_facebook_share_type":"default","_twitter_share_type":"default","_linkedin_share_type":"default","_pinterest_share_type":"default","_linkedin_share_type_page":"","_instagram_share_type":"default","_medium_share_type":"","_threads_share_type":"","_google_business_share_type":"","_selected_social_profile":[],"_wpsp_enable_custom_social_template":false,"_wpsp_social_scheduling":{"enabled":false,"datetime":null,"platforms":[],"status":"template_only","dateOption":"today","timeOption":"now","customDays":"","customHours":"","customDate":"","customTime":"","schedulingType":"absolute"},"_wpsp_active_default_template":true},"categories":[52,29],"tags":[],"class_list":["post-55008","post","type-post","status-publish","format-standard","has-post-thumbnail","hentry","category-a-la-une","category-economie"],"aioseo_notices":[],"yoast_head":"<!-- This site is optimized with the Yoast SEO plugin v27.5 - https:\/\/yoast.com\/product\/yoast-seo-wordpress\/ -->\n<title>Financement du logement : Des taux bonifi\u00e9s pour le cr\u00e9dit islamique - La Sentinelle<\/title>\n<meta name=\"robots\" content=\"index, follow, max-snippet:-1, max-image-preview:large, max-video-preview:-1\" \/>\n<link rel=\"canonical\" href=\"https:\/\/lasentinelle.dz\/index.php\/2024\/07\/29\/financement-du-logement-des-taux-bonifies-pour-le-credit-islamique\/\" \/>\n<meta property=\"og:locale\" content=\"fr_FR\" \/>\n<meta property=\"og:type\" content=\"article\" \/>\n<meta property=\"og:title\" content=\"Financement du logement : Des taux bonifi\u00e9s pour le cr\u00e9dit islamique - La Sentinelle\" \/>\n<meta property=\"og:description\" content=\"Un nouveau texte d\u00e9finit la marge b\u00e9n\u00e9ficiaire des produits de financement islamique dans le cadre du cr\u00e9dit immobilier. Le Premier\" \/>\n<meta property=\"og:url\" content=\"https:\/\/lasentinelle.dz\/index.php\/2024\/07\/29\/financement-du-logement-des-taux-bonifies-pour-le-credit-islamique\/\" \/>\n<meta property=\"og:site_name\" content=\"La Sentinelle\" \/>\n<meta property=\"article:publisher\" content=\"https:\/\/www.facebook.com\/La-Sentinelle-104059864394773\" \/>\n<meta property=\"article:published_time\" content=\"2024-07-29T13:00:23+00:00\" \/>\n<meta property=\"article:modified_time\" content=\"2024-07-29T13:00:24+00:00\" \/>\n<meta property=\"og:image\" content=\"https:\/\/lasentinelle.dz\/wp-content\/uploads\/2023\/07\/finance-islamique.jpeg\" \/>\n\t<meta property=\"og:image:width\" content=\"310\" \/>\n\t<meta property=\"og:image:height\" content=\"163\" \/>\n\t<meta property=\"og:image:type\" content=\"image\/jpeg\" \/>\n<meta name=\"author\" content=\"Azzedine Belferag\" \/>\n<meta name=\"twitter:card\" content=\"summary_large_image\" \/>\n<meta name=\"twitter:label1\" content=\"\u00c9crit par\" \/>\n\t<meta name=\"twitter:data1\" content=\"Azzedine Belferag\" \/>\n\t<meta name=\"twitter:label2\" content=\"Dur\u00e9e de lecture estim\u00e9e\" \/>\n\t<meta name=\"twitter:data2\" content=\"5 minutes\" \/>\n<script type=\"application\/ld+json\" class=\"yoast-schema-graph\">{\"@context\":\"https:\\\/\\\/schema.org\",\"@graph\":[{\"@type\":\"Article\",\"@id\":\"https:\\\/\\\/lasentinelle.dz\\\/index.php\\\/2024\\\/07\\\/29\\\/financement-du-logement-des-taux-bonifies-pour-le-credit-islamique\\\/#article\",\"isPartOf\":{\"@id\":\"https:\\\/\\\/lasentinelle.dz\\\/index.php\\\/2024\\\/07\\\/29\\\/financement-du-logement-des-taux-bonifies-pour-le-credit-islamique\\\/\"},\"author\":{\"name\":\"Azzedine Belferag\",\"@id\":\"https:\\\/\\\/lasentinelle.dz\\\/#\\\/schema\\\/person\\\/e22c868643946ece5f328ac9d185b29f\"},\"headline\":\"Financement du logement : Des taux bonifi\u00e9s pour le cr\u00e9dit islamique\",\"datePublished\":\"2024-07-29T13:00:23+00:00\",\"dateModified\":\"2024-07-29T13:00:24+00:00\",\"mainEntityOfPage\":{\"@id\":\"https:\\\/\\\/lasentinelle.dz\\\/index.php\\\/2024\\\/07\\\/29\\\/financement-du-logement-des-taux-bonifies-pour-le-credit-islamique\\\/\"},\"wordCount\":909,\"commentCount\":0,\"publisher\":{\"@id\":\"https:\\\/\\\/lasentinelle.dz\\\/#organization\"},\"image\":{\"@id\":\"https:\\\/\\\/lasentinelle.dz\\\/index.php\\\/2024\\\/07\\\/29\\\/financement-du-logement-des-taux-bonifies-pour-le-credit-islamique\\\/#primaryimage\"},\"thumbnailUrl\":\"https:\\\/\\\/lasentinelle.dz\\\/wp-content\\\/uploads\\\/2023\\\/07\\\/finance-islamique.jpeg\",\"articleSection\":[\"\u00c0 la Une\",\"\u00c9conomie\"],\"inLanguage\":\"fr-FR\",\"potentialAction\":[{\"@type\":\"CommentAction\",\"name\":\"Comment\",\"target\":[\"https:\\\/\\\/lasentinelle.dz\\\/index.php\\\/2024\\\/07\\\/29\\\/financement-du-logement-des-taux-bonifies-pour-le-credit-islamique\\\/#respond\"]}]},{\"@type\":\"WebPage\",\"@id\":\"https:\\\/\\\/lasentinelle.dz\\\/index.php\\\/2024\\\/07\\\/29\\\/financement-du-logement-des-taux-bonifies-pour-le-credit-islamique\\\/\",\"url\":\"https:\\\/\\\/lasentinelle.dz\\\/index.php\\\/2024\\\/07\\\/29\\\/financement-du-logement-des-taux-bonifies-pour-le-credit-islamique\\\/\",\"name\":\"Financement du logement : Des taux bonifi\u00e9s pour le cr\u00e9dit islamique - La Sentinelle\",\"isPartOf\":{\"@id\":\"https:\\\/\\\/lasentinelle.dz\\\/#website\"},\"primaryImageOfPage\":{\"@id\":\"https:\\\/\\\/lasentinelle.dz\\\/index.php\\\/2024\\\/07\\\/29\\\/financement-du-logement-des-taux-bonifies-pour-le-credit-islamique\\\/#primaryimage\"},\"image\":{\"@id\":\"https:\\\/\\\/lasentinelle.dz\\\/index.php\\\/2024\\\/07\\\/29\\\/financement-du-logement-des-taux-bonifies-pour-le-credit-islamique\\\/#primaryimage\"},\"thumbnailUrl\":\"https:\\\/\\\/lasentinelle.dz\\\/wp-content\\\/uploads\\\/2023\\\/07\\\/finance-islamique.jpeg\",\"datePublished\":\"2024-07-29T13:00:23+00:00\",\"dateModified\":\"2024-07-29T13:00:24+00:00\",\"breadcrumb\":{\"@id\":\"https:\\\/\\\/lasentinelle.dz\\\/index.php\\\/2024\\\/07\\\/29\\\/financement-du-logement-des-taux-bonifies-pour-le-credit-islamique\\\/#breadcrumb\"},\"inLanguage\":\"fr-FR\",\"potentialAction\":[{\"@type\":\"ReadAction\",\"target\":[\"https:\\\/\\\/lasentinelle.dz\\\/index.php\\\/2024\\\/07\\\/29\\\/financement-du-logement-des-taux-bonifies-pour-le-credit-islamique\\\/\"]}]},{\"@type\":\"ImageObject\",\"inLanguage\":\"fr-FR\",\"@id\":\"https:\\\/\\\/lasentinelle.dz\\\/index.php\\\/2024\\\/07\\\/29\\\/financement-du-logement-des-taux-bonifies-pour-le-credit-islamique\\\/#primaryimage\",\"url\":\"https:\\\/\\\/lasentinelle.dz\\\/wp-content\\\/uploads\\\/2023\\\/07\\\/finance-islamique.jpeg\",\"contentUrl\":\"https:\\\/\\\/lasentinelle.dz\\\/wp-content\\\/uploads\\\/2023\\\/07\\\/finance-islamique.jpeg\",\"width\":310,\"height\":163},{\"@type\":\"BreadcrumbList\",\"@id\":\"https:\\\/\\\/lasentinelle.dz\\\/index.php\\\/2024\\\/07\\\/29\\\/financement-du-logement-des-taux-bonifies-pour-le-credit-islamique\\\/#breadcrumb\",\"itemListElement\":[{\"@type\":\"ListItem\",\"position\":1,\"name\":\"Accueil\",\"item\":\"https:\\\/\\\/lasentinelle.dz\\\/\"},{\"@type\":\"ListItem\",\"position\":2,\"name\":\"Financement du logement : Des taux bonifi\u00e9s pour le cr\u00e9dit islamique\"}]},{\"@type\":\"WebSite\",\"@id\":\"https:\\\/\\\/lasentinelle.dz\\\/#website\",\"url\":\"https:\\\/\\\/lasentinelle.dz\\\/\",\"name\":\"La Sentinelle\",\"description\":\"Quotidien national d&#039;information\",\"publisher\":{\"@id\":\"https:\\\/\\\/lasentinelle.dz\\\/#organization\"},\"potentialAction\":[{\"@type\":\"SearchAction\",\"target\":{\"@type\":\"EntryPoint\",\"urlTemplate\":\"https:\\\/\\\/lasentinelle.dz\\\/?s={search_term_string}\"},\"query-input\":{\"@type\":\"PropertyValueSpecification\",\"valueRequired\":true,\"valueName\":\"search_term_string\"}}],\"inLanguage\":\"fr-FR\"},{\"@type\":\"Organization\",\"@id\":\"https:\\\/\\\/lasentinelle.dz\\\/#organization\",\"name\":\"Quotidien La Sentinelle\",\"url\":\"https:\\\/\\\/lasentinelle.dz\\\/\",\"logo\":{\"@type\":\"ImageObject\",\"inLanguage\":\"fr-FR\",\"@id\":\"https:\\\/\\\/lasentinelle.dz\\\/#\\\/schema\\\/logo\\\/image\\\/\",\"url\":\"https:\\\/\\\/lasentinelle.dz\\\/wp-content\\\/uploads\\\/2021\\\/09\\\/logo-sentinelleSLOGAN-1.png\",\"contentUrl\":\"https:\\\/\\\/lasentinelle.dz\\\/wp-content\\\/uploads\\\/2021\\\/09\\\/logo-sentinelleSLOGAN-1.png\",\"width\":615,\"height\":142,\"caption\":\"Quotidien La Sentinelle\"},\"image\":{\"@id\":\"https:\\\/\\\/lasentinelle.dz\\\/#\\\/schema\\\/logo\\\/image\\\/\"},\"sameAs\":[\"https:\\\/\\\/www.facebook.com\\\/La-Sentinelle-104059864394773\"]},{\"@type\":\"Person\",\"@id\":\"https:\\\/\\\/lasentinelle.dz\\\/#\\\/schema\\\/person\\\/e22c868643946ece5f328ac9d185b29f\",\"name\":\"Azzedine Belferag\",\"image\":{\"@type\":\"ImageObject\",\"inLanguage\":\"fr-FR\",\"@id\":\"https:\\\/\\\/secure.gravatar.com\\\/avatar\\\/767ecc3bfcf23cd6d0dae1705f124feb13a88fded1daa56498e4fb3aa3fc36a1?s=96&d=mm&r=g\",\"url\":\"https:\\\/\\\/secure.gravatar.com\\\/avatar\\\/767ecc3bfcf23cd6d0dae1705f124feb13a88fded1daa56498e4fb3aa3fc36a1?s=96&d=mm&r=g\",\"contentUrl\":\"https:\\\/\\\/secure.gravatar.com\\\/avatar\\\/767ecc3bfcf23cd6d0dae1705f124feb13a88fded1daa56498e4fb3aa3fc36a1?s=96&d=mm&r=g\",\"caption\":\"Azzedine Belferag\"},\"sameAs\":[\"http:\\\/\\\/www.lasentinelle.dz\"],\"url\":\"https:\\\/\\\/lasentinelle.dz\\\/author\\\/belferag\\\/\"}]}<\/script>\n<!-- \/ Yoast SEO plugin. -->","yoast_head_json":{"title":"Financement du logement : Des taux bonifi\u00e9s pour le cr\u00e9dit islamique - La Sentinelle","robots":{"index":"index","follow":"follow","max-snippet":"max-snippet:-1","max-image-preview":"max-image-preview:large","max-video-preview":"max-video-preview:-1"},"canonical":"https:\/\/lasentinelle.dz\/index.php\/2024\/07\/29\/financement-du-logement-des-taux-bonifies-pour-le-credit-islamique\/","og_locale":"fr_FR","og_type":"article","og_title":"Financement du logement : Des taux bonifi\u00e9s pour le cr\u00e9dit islamique - La Sentinelle","og_description":"Un nouveau texte d\u00e9finit la marge b\u00e9n\u00e9ficiaire des produits de financement islamique dans le cadre du cr\u00e9dit immobilier. Le Premier","og_url":"https:\/\/lasentinelle.dz\/index.php\/2024\/07\/29\/financement-du-logement-des-taux-bonifies-pour-le-credit-islamique\/","og_site_name":"La Sentinelle","article_publisher":"https:\/\/www.facebook.com\/La-Sentinelle-104059864394773","article_published_time":"2024-07-29T13:00:23+00:00","article_modified_time":"2024-07-29T13:00:24+00:00","og_image":[{"width":310,"height":163,"url":"https:\/\/lasentinelle.dz\/wp-content\/uploads\/2023\/07\/finance-islamique.jpeg","type":"image\/jpeg"}],"author":"Azzedine Belferag","twitter_card":"summary_large_image","twitter_misc":{"\u00c9crit par":"Azzedine Belferag","Dur\u00e9e de lecture estim\u00e9e":"5 minutes"},"schema":{"@context":"https:\/\/schema.org","@graph":[{"@type":"Article","@id":"https:\/\/lasentinelle.dz\/index.php\/2024\/07\/29\/financement-du-logement-des-taux-bonifies-pour-le-credit-islamique\/#article","isPartOf":{"@id":"https:\/\/lasentinelle.dz\/index.php\/2024\/07\/29\/financement-du-logement-des-taux-bonifies-pour-le-credit-islamique\/"},"author":{"name":"Azzedine Belferag","@id":"https:\/\/lasentinelle.dz\/#\/schema\/person\/e22c868643946ece5f328ac9d185b29f"},"headline":"Financement du logement : Des taux bonifi\u00e9s pour le cr\u00e9dit islamique","datePublished":"2024-07-29T13:00:23+00:00","dateModified":"2024-07-29T13:00:24+00:00","mainEntityOfPage":{"@id":"https:\/\/lasentinelle.dz\/index.php\/2024\/07\/29\/financement-du-logement-des-taux-bonifies-pour-le-credit-islamique\/"},"wordCount":909,"commentCount":0,"publisher":{"@id":"https:\/\/lasentinelle.dz\/#organization"},"image":{"@id":"https:\/\/lasentinelle.dz\/index.php\/2024\/07\/29\/financement-du-logement-des-taux-bonifies-pour-le-credit-islamique\/#primaryimage"},"thumbnailUrl":"https:\/\/lasentinelle.dz\/wp-content\/uploads\/2023\/07\/finance-islamique.jpeg","articleSection":["\u00c0 la Une","\u00c9conomie"],"inLanguage":"fr-FR","potentialAction":[{"@type":"CommentAction","name":"Comment","target":["https:\/\/lasentinelle.dz\/index.php\/2024\/07\/29\/financement-du-logement-des-taux-bonifies-pour-le-credit-islamique\/#respond"]}]},{"@type":"WebPage","@id":"https:\/\/lasentinelle.dz\/index.php\/2024\/07\/29\/financement-du-logement-des-taux-bonifies-pour-le-credit-islamique\/","url":"https:\/\/lasentinelle.dz\/index.php\/2024\/07\/29\/financement-du-logement-des-taux-bonifies-pour-le-credit-islamique\/","name":"Financement du logement : Des taux bonifi\u00e9s pour le cr\u00e9dit islamique - La Sentinelle","isPartOf":{"@id":"https:\/\/lasentinelle.dz\/#website"},"primaryImageOfPage":{"@id":"https:\/\/lasentinelle.dz\/index.php\/2024\/07\/29\/financement-du-logement-des-taux-bonifies-pour-le-credit-islamique\/#primaryimage"},"image":{"@id":"https:\/\/lasentinelle.dz\/index.php\/2024\/07\/29\/financement-du-logement-des-taux-bonifies-pour-le-credit-islamique\/#primaryimage"},"thumbnailUrl":"https:\/\/lasentinelle.dz\/wp-content\/uploads\/2023\/07\/finance-islamique.jpeg","datePublished":"2024-07-29T13:00:23+00:00","dateModified":"2024-07-29T13:00:24+00:00","breadcrumb":{"@id":"https:\/\/lasentinelle.dz\/index.php\/2024\/07\/29\/financement-du-logement-des-taux-bonifies-pour-le-credit-islamique\/#breadcrumb"},"inLanguage":"fr-FR","potentialAction":[{"@type":"ReadAction","target":["https:\/\/lasentinelle.dz\/index.php\/2024\/07\/29\/financement-du-logement-des-taux-bonifies-pour-le-credit-islamique\/"]}]},{"@type":"ImageObject","inLanguage":"fr-FR","@id":"https:\/\/lasentinelle.dz\/index.php\/2024\/07\/29\/financement-du-logement-des-taux-bonifies-pour-le-credit-islamique\/#primaryimage","url":"https:\/\/lasentinelle.dz\/wp-content\/uploads\/2023\/07\/finance-islamique.jpeg","contentUrl":"https:\/\/lasentinelle.dz\/wp-content\/uploads\/2023\/07\/finance-islamique.jpeg","width":310,"height":163},{"@type":"BreadcrumbList","@id":"https:\/\/lasentinelle.dz\/index.php\/2024\/07\/29\/financement-du-logement-des-taux-bonifies-pour-le-credit-islamique\/#breadcrumb","itemListElement":[{"@type":"ListItem","position":1,"name":"Accueil","item":"https:\/\/lasentinelle.dz\/"},{"@type":"ListItem","position":2,"name":"Financement du logement : Des taux bonifi\u00e9s pour le cr\u00e9dit islamique"}]},{"@type":"WebSite","@id":"https:\/\/lasentinelle.dz\/#website","url":"https:\/\/lasentinelle.dz\/","name":"La Sentinelle","description":"Quotidien national d&#039;information","publisher":{"@id":"https:\/\/lasentinelle.dz\/#organization"},"potentialAction":[{"@type":"SearchAction","target":{"@type":"EntryPoint","urlTemplate":"https:\/\/lasentinelle.dz\/?s={search_term_string}"},"query-input":{"@type":"PropertyValueSpecification","valueRequired":true,"valueName":"search_term_string"}}],"inLanguage":"fr-FR"},{"@type":"Organization","@id":"https:\/\/lasentinelle.dz\/#organization","name":"Quotidien La Sentinelle","url":"https:\/\/lasentinelle.dz\/","logo":{"@type":"ImageObject","inLanguage":"fr-FR","@id":"https:\/\/lasentinelle.dz\/#\/schema\/logo\/image\/","url":"https:\/\/lasentinelle.dz\/wp-content\/uploads\/2021\/09\/logo-sentinelleSLOGAN-1.png","contentUrl":"https:\/\/lasentinelle.dz\/wp-content\/uploads\/2021\/09\/logo-sentinelleSLOGAN-1.png","width":615,"height":142,"caption":"Quotidien La Sentinelle"},"image":{"@id":"https:\/\/lasentinelle.dz\/#\/schema\/logo\/image\/"},"sameAs":["https:\/\/www.facebook.com\/La-Sentinelle-104059864394773"]},{"@type":"Person","@id":"https:\/\/lasentinelle.dz\/#\/schema\/person\/e22c868643946ece5f328ac9d185b29f","name":"Azzedine Belferag","image":{"@type":"ImageObject","inLanguage":"fr-FR","@id":"https:\/\/secure.gravatar.com\/avatar\/767ecc3bfcf23cd6d0dae1705f124feb13a88fded1daa56498e4fb3aa3fc36a1?s=96&d=mm&r=g","url":"https:\/\/secure.gravatar.com\/avatar\/767ecc3bfcf23cd6d0dae1705f124feb13a88fded1daa56498e4fb3aa3fc36a1?s=96&d=mm&r=g","contentUrl":"https:\/\/secure.gravatar.com\/avatar\/767ecc3bfcf23cd6d0dae1705f124feb13a88fded1daa56498e4fb3aa3fc36a1?s=96&d=mm&r=g","caption":"Azzedine Belferag"},"sameAs":["http:\/\/www.lasentinelle.dz"],"url":"https:\/\/lasentinelle.dz\/author\/belferag\/"}]}},"_links":{"self":[{"href":"https:\/\/lasentinelle.dz\/index.php\/wp-json\/wp\/v2\/posts\/55008","targetHints":{"allow":["GET"]}}],"collection":[{"href":"https:\/\/lasentinelle.dz\/index.php\/wp-json\/wp\/v2\/posts"}],"about":[{"href":"https:\/\/lasentinelle.dz\/index.php\/wp-json\/wp\/v2\/types\/post"}],"author":[{"embeddable":true,"href":"https:\/\/lasentinelle.dz\/index.php\/wp-json\/wp\/v2\/users\/2"}],"replies":[{"embeddable":true,"href":"https:\/\/lasentinelle.dz\/index.php\/wp-json\/wp\/v2\/comments?post=55008"}],"version-history":[{"count":1,"href":"https:\/\/lasentinelle.dz\/index.php\/wp-json\/wp\/v2\/posts\/55008\/revisions"}],"predecessor-version":[{"id":55009,"href":"https:\/\/lasentinelle.dz\/index.php\/wp-json\/wp\/v2\/posts\/55008\/revisions\/55009"}],"wp:featuredmedia":[{"embeddable":true,"href":"https:\/\/lasentinelle.dz\/index.php\/wp-json\/wp\/v2\/media\/43736"}],"wp:attachment":[{"href":"https:\/\/lasentinelle.dz\/index.php\/wp-json\/wp\/v2\/media?parent=55008"}],"wp:term":[{"taxonomy":"category","embeddable":true,"href":"https:\/\/lasentinelle.dz\/index.php\/wp-json\/wp\/v2\/categories?post=55008"},{"taxonomy":"post_tag","embeddable":true,"href":"https:\/\/lasentinelle.dz\/index.php\/wp-json\/wp\/v2\/tags?post=55008"}],"curies":[{"name":"wp","href":"https:\/\/api.w.org\/{rel}","templated":true}]}}