{"id":55034,"date":"2024-07-30T13:38:08","date_gmt":"2024-07-30T12:38:08","guid":{"rendered":"https:\/\/lasentinelle.dz\/?p=55034"},"modified":"2024-07-30T13:38:09","modified_gmt":"2024-07-30T12:38:09","slug":"quel-avenir-pour-lafrique-au-sein-de-leconomie-mondiale-premiere-partie","status":"publish","type":"post","link":"https:\/\/lasentinelle.dz\/index.php\/2024\/07\/30\/quel-avenir-pour-lafrique-au-sein-de-leconomie-mondiale-premiere-partie\/","title":{"rendered":"Quel avenir pour l\u2019Afrique au sein de l\u2019\u00e9conomie mondiale ? (Premi\u00e8re partie)"},"content":{"rendered":"\n<p><strong>Par Abderrahmane Mebtoul<\/strong><strong> *&nbsp;<\/strong><\/p>\n\n\n\n<p><strong>Professeur des universit\u00e9s, expert international<\/strong><\/p>\n\n\n\n<p>Pour \u00e9viter toute mauvaise interpr\u00e9tation, les donn\u00e9es chiffr\u00e9es \u00e9conomiques doivent \u00eatre ins\u00e9r\u00e9es dans le cadre de la dynamique sociale, l&rsquo;\u00c9conomique \u00e9tant avant tout Politique.<\/p>\n\n\n\n<p>Tout processus de d\u00e9veloppement doit avoir pour finalit\u00e9 l\u2019am\u00e9lioration de la situation sociale de la majorit\u00e9 des citoyens : brandir le PIB, une balance commerciale exc\u00e9dentaire, le niveau de r\u00e9serves de change est une condition n\u00e9cessaire mais non suffisante, si on assiste \u00e0 la d\u00e9t\u00e9rioration du niveau de vie des populations frapp\u00e9es par l\u2019inflation et le ch\u00f4mage, tout comme il existe un lien dialectique entre s\u00e9curit\u00e9 et d\u00e9veloppement<\/p>\n\n\n\n<p>1.-La situation de l\u2019\u00e9conomie mondiale et de l\u2019Afrique<\/p>\n\n\n\n<p>Selon le FMI, la croissance mondiale se maintiendra \u00e0 3,2\u202f% en 2024 et 2025, le m\u00eame rythme qu\u2019en 2023. La l\u00e9g\u00e8re acc\u00e9l\u00e9ration dans les pays avanc\u00e9s (o\u00f9 la croissance devrait passer de 1,6\u202f% en 2023 \u00e0 1,7\u202f% en 2024 et \u00e0 1,8\u202f% en 2025) sera neutralis\u00e9e par une l\u00e9g\u00e8re d\u00e9c\u00e9l\u00e9ration dans les pays \u00e9mergents et les pays en d\u00e9veloppement\u202f(4,3\u202f% en 2023 \u00e0 4,2\u202f% en 2024 et 2025). La croissance mondiale devrait s\u2019\u00e9tablir \u00e0 3,1\u202f% d\u2019ici 5\u202fans, le niveau le plus faible enregistr\u00e9 depuis plusieurs d\u00e9cennies. L\u2019inflation mondiale devrait r\u00e9guli\u00e8rement reculer de 6,8\u202f% en 2023 \u00e0 5,9\u202f% en 2024, puis \u00e0 4,5\u202f% en 2025. Les pays avanc\u00e9s trouveront leur niveau cible plus rapidement que les pays \u00e9mergents et les pays en d\u00e9veloppement. Globalement, l\u2019inflation hors \u00e9nergie et alimentation devrait ralentir plus progressivement. L\u2019\u00e9conomie mondiale a fait preuve d\u2019une r\u00e9silience \u00e9tonnante, en d\u00e9pit des rel\u00e8vements consid\u00e9rables de taux par les banques centrales pour r\u00e9tablir la stabilit\u00e9 des prix. Selon la Data World Bank de juillet 2023, nous avons pour le PIB en milliards de dollars le classement suivant pour les 10 premiers pays : 1.-USA 25.462 milliards de dollars- 2.- Chine 17963 milliards de dollars &#8211;3.- Japon 4261 milliards de dollars &#8211;4.-Allemagne 4072 milliards de dollars &#8211;5.-inde 3385 milliards de dollars &#8211;6.-Royaume Unis 3070 milliards de dollars &#8211; 7 -France 2782 milliards de dollars &#8211; 8.- Russie 2240 milliards de dollars &#8211;9.- 2139 \u2013-10.-Italie 2010 milliards de dollars . Sur un PIB mondial en 2022 101.300 milliards de dollars , le total des 10 premiers pays ont un PIB de 67.384 milliards de dollars soit pr\u00e8s de 66,51% du PIB mondial. Et si l\u2019on ajoute les 15 suivants donc pour 25 pays nous avons 82,57% , plus de 168 pays se partageant 17,43% montrant l\u2019importance de l\u2019in\u00e9galit\u00e9 des richesses au niveau mondial, la Chine plus les USA donnent un PIB de 43425 milliards de dollars soit 42,86% du PIB mondial encore que la population pour reprendre la m\u00eame ann\u00e9e 2022, des USA \u00e9tait estim\u00e9e en 2022 \u00e0 333 millions et celle de la Chine \u00e0 1,41 milliard . Cependant, si l&rsquo;on prend le PIB par habitant nous avons pour les 10 premiers en dollars courants : 1.Luxembourg 127.579 dollars 2.-Norv\u00e8ge 106.328 dollars &#8211; 3-Irlande 103.175 dollars 4&#8211;Suisse 92.371 dollars &#8211; 5-Qatar 84.424 dollars &#8211; 6-Singapour 82.807 dollars 7&#8211;USA 76.348 dollars &#8211; &#8211; 8.-Danemark 66.516 dollars &#8211; 9.-Australie 65.526 dollars &#8211; 10 -Pays-Bas 56.489 dollars &#8211; 11.- Su\u00e8de 55.689 dollars 12-Canada 55085 dollars -(&#8230;) 14-Autriche 52264 dollars &#8211; 15- les \u00c9mirats arabes unis 51305 dollars. Certains pays sont loin derri\u00e8re comme la Finlande 50655 dollars &#8211; Belgique 50114 dollars &#8211; Allemagne 48636 dollars &#8211; Nouvelle Z\u00e9lande 4720 dollars, le Royaume Unis 45294 dollars &#8211; France 42409 dollars &#8211; et la Chine 12720 dollars.<\/p>\n\n\n\n<p>Pour l\u2019Afrique, qui couvre 30,353 millions de km 2 avec une population estim\u00e9e \u00e0 1,494 milliard d\u2019habitants au 01 janvier 2024, elle repr\u00e9sentera entre 2040\/2050 le quart de la population mondiale. Comme rappel\u00e9 pr\u00e9c\u00e9demment, le PIB de l\u2019Afrique en 2023 est estim\u00e9 \u00e0 2.700 milliards de dollars environ 2,7% du PIB mondial , l\u2019\u00e9quivalent de celui de la France qui a une population de 68 millions d\u2019habitants. Les \u00e9changes commerciaux intra-africains ont enregistr\u00e9 une croissance de 18,6% en 2022, \u00e0 193,17 milliards de dollars en 2023, selon la Banque africaine d&rsquo;import-export (Afreximbank), le commerce intra-r\u00e9gional a ainsi repr\u00e9sent\u00e9 15% du total des \u00e9changes commerciaux du continent. Les \u00e9changes commerciaux intra-africains ont enregistr\u00e9 une croissance de 18,6% en 2022, \u00e0 193,17 milliards de dollars en 2023, selon la Banque africaine d&rsquo;import-export (Afreximbank). Le commerce intra-r\u00e9gional a ainsi repr\u00e9sent\u00e9 15% du total des \u00e9changes commerciaux du continent. Le rapport souligne \u00e9galement qu\u2019un important potentiel reste inexploit\u00e9 dans ce domaine dans la plupart des sous-r\u00e9gions du continent. Les exportations du continent ont totalis\u00e9 724,1 milliards de dollars en 2022 (+26,8% par rapport \u00e0 2021), alors que ses importations se sont \u00e9tablies \u00e0 706 milliards de dollars (+15,5%) . Afreximbank fait cependant remarquer que les exportations africaines se caract\u00e9risent par une forte pr\u00e9dominance des mati\u00e8res premi\u00e8res alors que les exportations de produits manufactur\u00e9s restent concentr\u00e9es dans un nombre limit\u00e9 de pays et de secteurs. Le poids de l&rsquo;Afrique dans la production et les \u00e9changes de marchandises reste cependant marginal \u00e9tant \u00e0 l&rsquo;origine de seulement 1 % de la production mondiale et de 4 % des \u00e9changes de marchandises. En plus, 80 % des exportations africaines concernent des mati\u00e8res premi\u00e8res. En reprenant les m\u00eames comparaisons en r\u00e9f\u00e9rence \u00e0 l\u2019ann\u00e9e 2022 ( source FMI), pour le PIB courant nous avons :1.- Nigeria 473 milliards de dollars -2.-Egypte 471 milliards de dollars &#8211; 3.-Afrique du Sud 422 milliards de dollars \u2013 4.-Alg\u00e9rie 190 milliards de dollars 5. \u2013 Maroc 150 milliards de dollars \u2013 6.-Angola 135 milliards de dollars &#8211; 7.- Kenya- 126 milliards de dollars &#8211; 8.- Ethiopie 117 milliards de dollars &#8211; 9.-Tanzanie 85 milliards de dollars &#8211; 10 Ghana \u2013 74 milliards de dollars &#8211; 11.- C\u00f4te d\u2019Ivoire 70 milliards de dollars \u201312 RDC 64 milliards de dollars soit un total pour ces douze pays 2377 soit 95% sur les 2500 de PIB , 2,5% du PIB mondial en 2022 et trois pays Nigeria, Egypte et Afrique du Sud 1366 milliards de dollars soit 54,64% .Comme pour les pays d\u00e9velopp\u00e9s le classement change si l\u2019on prend le PIB par t\u00eate d\u2019habitant encore que cet agr\u00e9gat voile les disparit\u00e9s des revenus par couches sociales dont la concentration au profit souvent d\u2019une minorit\u00e9. Pour les 10 premiers pays nous avons pour 2022, ces donn\u00e9es devant \u00e9voluer selon le FMI pour 2024 : 1.-Seychelles 13250 dollars -2.-Maurice 10256 dollars -3.-Gabon 8820 dollars -4.-Bostwana 7738 dollars -5.-Guin\u00e9e Equatoriale 7182 dollars -6.- Afrique du Sud 6766 dollars -7.-Libye 6716 dollars -8.-Alg\u00e9rie 5320 dollars -9..-Egypte 4295 dollars 10 Eswatini 3986 dollars . Cependant pour 2024 selon le Fonds Mon\u00e9taire International (FMI) pour les pr\u00e9visions de 2024, (rapport d\u2019avril 2024) , donn\u00e9es actualis\u00e9es, la premi\u00e8re place c\u2019est l\u2019Afrique du Sud avec PIB 373 milliards de dollars suivi de l\u2019Egypte, avec un PIB de 347,60 milliards de dollars, l\u2019Alg\u00e9rie occupant le 3\u00e8me rang, avec un PIB de 266,80 milliards de dollars et le Nigeria avec un PIB qui \u00e9tait de 375 milliards de dollars en 2023 devrait tomber \u00e0 253 milliards de dollars en 2024, ces quatre pays devraient repr\u00e9senter plus de 40% du PIB de l\u2019Afrique qui compte 55 pays montrant d\u2019importantes disparit\u00e9s , existant des Afriques et non une Afrique. Certains pays, notamment le Nigeria, le Gabon, le Tchad, la R\u00e9publique d\u00e9mocratique du Congo, l&rsquo;Alg\u00e9rie, la Libye sont sp\u00e9cialis\u00e9s dans le p\u00e9trole, le gaz et les mati\u00e8res premi\u00e8res, qui connaissent une forte demande et un prix \u00e9lev\u00e9 sur le march\u00e9 mondial leur permettant une relative aisance financi\u00e8re, mais d\u00e9pendant des cours mondiaux \u00c0 l&rsquo;inverse, des pays comme le B\u00e9nin, le Malawi, l&rsquo;Ile Maurice, le Swaziland, l&rsquo;Ethiopie, le Togo, le Mali, qui sont p\u00e9nalis\u00e9s dans des produits dont les prix sont volatils ce qui accentuent la mis\u00e8re et les flux migratoires. La structuration par r\u00e9gion selon le FMI pour 2024 donnerait pour l\u2019Afrique du Nord du fait que les conditions m\u00e9t\u00e9orologiques d\u00e9favorables et les d\u00e9fis macro\u00e9conomiques qui se succ\u00e8dent maintiendraient la croissance de la r\u00e9gion \u00e0 3,9 % , avec une l\u00e9g\u00e8re am\u00e9lioration \u00e0 4,1 % en 2025. L\u2019Afrique de l\u2019Est continuera de porter l\u2019\u00e9lan de croissance du continent, avec une croissance pr\u00e9vue de son PIB de 5,1 % en 2024 et de 5,7 % en 2025, soutenue par de solides investissements strat\u00e9giques visant \u00e0 am\u00e9liorer la connectivit\u00e9 internet et \u00e0 approfondir le commerce intrar\u00e9gional ; la croissance de l\u2019Afrique centrale devrait ralentir \u00e0 3,5 % en 2024, mais la reprise pr\u00e9vue de la consommation priv\u00e9e et l\u2019augmentation des investissements miniers et des exportations pourraient contribuer \u00e0 porter la croissance \u00e0 4,1 % en 2025 ; la croissance de l\u2019Afrique australe restera faible, en progression de 2,2 % en 2024 et 2,6 % en 2025 et celle de l\u2019Afrique de l\u2019Ouest devrait acc\u00e9l\u00e9rer pour atteindre 4 % en 2024 et 4,4 % en 2025. Selon le FMI, le retrait annonc\u00e9 du Burkina Faso, du Mali et du Niger de la Communaut\u00e9 \u00e9conomique des \u00c9tats de l\u2019Afrique de l\u2019Ouest (CEDEAO) jette une ombre sur la durabilit\u00e9 des gains dans un contexte d\u2019incertitude croissante. Nous avons donc ce constat un continent riche mais une population majoritairement pauvre avec des rivalit\u00e9s des grandes puissances pour contr\u00f4ler ses richesses. Car la carte du monde semble se reconstruire autour des ressources naturelles rares. L\u2019Afrique compte 24 pour cent des terres arables mondiales, d\u2019o\u00f9 les rivalit\u00e9s des grandes puissances notamment le trio Europe\/Chine \/USA, la Russie \u00e9tant bien dot\u00e9e relevant d\u2019enjeux g\u00e9ostrat\u00e9giques travers son bras arm\u00e9e Wagner. Selon la Commission \u00e9conomique des Nations unies, l&rsquo;Afrique est riche en ressources naturelles ,repr\u00e9sentant \u00e0 l&rsquo;\u00e9chelle mondiale, 40 % des r\u00e9serves d&rsquo;or, 30 % des r\u00e9serves de minerais dont 30 % des r\u00e9serves mondiales en p\u00e9trole, en gaz , 54 % des r\u00e9serves mondiales de platine, 78 % de celles de diamant, 40 % de celles de chrome et 28 % de celles de mangan\u00e8se. Cela explique les diff\u00e9rentes rencontres USA\/ Afrique, Chine\/ Afrique, Europe\/Afrique, Russie \/Afrique, ainsi que d\u2019autres pays comme les rencontres Japon\/ Afrique, Turquie\/ Afrique qui s\u2019ins\u00e8rent dans le cadre d\u2019une lutte pour la reconfiguration g\u00e9ostrat\u00e9gique du monde. \u00c9tant illusoire en ce XXI\u00e8me si\u00e8cle de raisonner en termes d&rsquo;\u00c9tats-Nations, toute politique locale doit prendre en compte les nouvelles mutations mondiales. La Chine est devenue la derni\u00e8re d\u00e9cennie, un partenaire commercial en croissance de l&rsquo;Afrique. Le commerce bilat\u00e9ral a totalis\u00e9 283 milliards de dollars en 2022, soit une hausse de 14,8% sur un an , encore que l\u2019Europe reste dominant la valeur des \u00e9changes ayant augment\u00e9 en 2021 pour atteindre 288 milliards d\u2019euros, contre une valeur de 225 milliards d\u2019euros en 2020, o\u00f9 la mont\u00e9e des prix des mati\u00e8res premi\u00e8res et donc des exportations \u00e9nerg\u00e9tiques vers l&rsquo;Europe a permis \u00e0 l&rsquo;Afrique d&rsquo;enregistrer un exc\u00e9dent commercial de 18,1 milliards de dollars en 2022. Mais plus de 65 % des marchandises import\u00e9es dans l\u2019Union depuis l\u2019Afrique \u00e9taient des produits de base, tels que des produits alimentaires et des boissons, des mati\u00e8res premi\u00e8res et de l\u2019\u00e9nergie, et que 68 % des marchandises export\u00e9es de l\u2019Union vers l\u2019Afrique en 2021 \u00e9taient des produits manufactur\u00e9s, montrant que cette structure commerciale refl\u00e8te le d\u00e9s\u00e9quilibre structurel du continent africain qui reste encore au bas des cha\u00eenes des valeur mondiales. Pour les USA apr\u00e8s le sommet USA\/Afrique, constatant le retard pris notamment avec la Chine, en 2023, des accords commerciaux records avec l&rsquo;Afrique, ont \u00e9t\u00e9 enregistr\u00e9s d\u2019un montant total de 14,2 milliards de dollars et pr\u00e8s de 550 nouveaux accords commerciaux et d&rsquo;investissement ont \u00e9t\u00e9 sign\u00e9s, repr\u00e9sentant une augmentation de 67 % par rapport \u00e0 2022. Mais bon nombre d\u2019autres pays courtisent l\u2019Afrique dont les pays du Golfe, la Turquie o\u00f9 pour ce pays le volume commercial passant de 5,4 milliards de dollars en 2003 \u00e0 40,7 en 2023 .Cependant les diff\u00e9rents trafics entravent fortement \u00e0 la fois la s\u00e9curit\u00e9 et le d\u00e9veloppement de l\u2019Afrique notamment au niveau de l\u2019espace sah\u00e9lien<\/p>\n\n\n\n<p><strong>L\u2019espace sah\u00e9lien<\/strong><strong> min\u00e9 par les trafics<\/strong><\/p>\n\n\n\n<p>Les relations entre les deux rives du Sahara et les dynamiques de la conflictualit\u00e9 saharienne actuelle interpellent, notamment la p\u00e9n\u00e9tration de l\u2019islamisme radical \u00e0 ne pas confondre avec l\u2019Islam religion de tol\u00e9rance. Il ne faut pas non plus oublier qu\u2019il existe des influences religieuses autour de la conception de l\u2019Islam qui influencent largement les dirigeants politiques au niveau du Sahel. Nous avons assist\u00e9 dans la r\u00e9gion \u00e0 de profondes mutations de la g\u00e9opolitique saharienne apr\u00e8s l\u2019effondrement du r\u00e9gime Libyen et les tensions au Mali. De plus en plus nombreux, des migrants subsahariens s\u2019installent d\u00e9sormais dans les pays du Maghreb avec l\u2019intensification de la contrebande. Bien avant et surtout depuis la chute du r\u00e9gime de Kadhafi, le Sahel est l\u2019un de ces espaces \u00e9chappant \u00e0 toute autorit\u00e9 centrale, o\u00f9 se sont install\u00e9s groupes arm\u00e9s et contrebandiers. Kadhafi disparu, ce pays n\u2019ayant jamais eu d\u2019Etat au sens hegelien du terme, le pouvoir s\u2019\u00e9tant appuy\u00e9 sur des relations tribales, ,des centaines de milliers d&rsquo;armes, dont 15 000 missiles sol-air qui \u00e9taient dans les entrep\u00f4ts de l\u2019arm\u00e9e libyenne, ont \u00e9quip\u00e9 les milices au fur et \u00e0 mesure de leur avanc\u00e9e dont une partie a \u00e9t\u00e9 accapar\u00e9 par de diff\u00e9rents groupes qui op\u00e8rent au Sahel, auxquels il faut ajouter les armements introduits massivement en Libye puis au Sahel dans une contexte de d\u00e9stabilisation de la Libye et de l&rsquo;ensemble de la r\u00e9gion. D\u2019o\u00f9 l\u2019urgence de mettre en application une strat\u00e9gie interr\u00e9gionale qui associe l\u2019ensemble des pays de la zone en plus des institutions internationales, du fait que la r\u00e9gion est devenue un espace ouvert pour divers mouvements terroristes et autres groupes qui prosp\u00e8rent via le trafic d\u2019armes ou de drogue, mena\u00e7ant la s\u00e9curit\u00e9 r\u00e9gionale surtout r\u00e9cemment avec la venue de djihadistes d\u2019Irak et de Syrie. Il s\u2019agit donc de lever les contraintes du fait que la corruptibilit\u00e9 g\u00e9n\u00e9rale des institutions, p\u00e8sent lourdement sur les syst\u00e8mes charg\u00e9s de l\u2019application des lois et la justice p\u00e9nale en g\u00e9n\u00e9ral qui ont des difficult\u00e9s \u00e0 s\u2019adapter aux nouveaux d\u00e9fis pos\u00e9s par la sophistication des r\u00e9seaux du crime organis\u00e9. La collaboration inter-juridictionnelle est ralentie par l\u2019h\u00e9t\u00e9rog\u00e9n\u00e9it\u00e9 des syst\u00e8mes juridiques notamment en Afrique. De plus, la porosit\u00e9 des fronti\u00e8res aussi bien que la coordination entre un grand nombre d\u2019agences charg\u00e9es de la s\u00e9curit\u00e9 aux fronti\u00e8res posent de grands probl\u00e8mes. Sur le court terme, les tensions dans la r\u00e9gion, la situation en Libye, au Mali et accessoirement les actions terroristes \u00e0 la fronti\u00e8re en Tunisie ont impos\u00e9 \u00e0 l\u2019Alg\u00e9rie des d\u00e9penses suppl\u00e9mentaires s\u2019expliquant en partie par l\u2019ins\u00e9curit\u00e9 r\u00e9gionale, d\u2019o\u00f9 l\u2019importance \u00e0 l\u2019avenir de mutualiser les d\u00e9penses afin de ne pas freiner le d\u00e9veloppement. Ce qui m\u2019am\u00e8ne \u00e0 analyser les diff\u00e9rents trafics aux fronti\u00e8res au nombre de sept.<\/p>\n\n\n\n<p>Premi\u00e8rement, nous avons le trafic de marchandises . Pour l\u2019Alg\u00e9rie par exemple, il existe des trafics via les r\u00e9seaux de contrebande de diff\u00e9rentes marchandises subventionn\u00e9es comme le lait et la farine achet\u00e9s en devises fortes, le trafic de carburant repr\u00e9senterait un manque \u00e0 gagner de plusieurs centaines de millions de dollars pour le Tr\u00e9sor public, c\u2019est \u00e9norme. Cela est li\u00e9 globalement \u00e0 la politique des subventions g\u00e9n\u00e9ralis\u00e9es sans ciblage et \u00e0 la distorsion des taux de change par rapport aux pays voisins. Mais le trafic important est celui de faux m\u00e9dicaments g\u00e9n\u00e9rant environ 200 milliards de dollars de retomb\u00e9es \u00e9conomiques par an, contre 75 milliards en 2006, rapportant jusqu&rsquo;\u00e0 500 fois leur mise initiale aux mafias du faux m\u00e9dicament, selon l\u2019Institut de recherche anti-contrefa\u00e7on de m\u00e9dicaments. En cinq ans, le nombre de signalements d&rsquo;incidents li\u00e9s \u00e0 la prise de m\u00e9dicaments contrefaits a augment\u00e9 de 60%, selon le Pharmaceutical Security Institute, une ONG de sant\u00e9 publique. La copie touche toutes les sortes de m\u00e9dicaments : les \u00ab\u00a0princeps\u00a0\u00bb, qui sont couverts par un brevet, aussi bien que les g\u00e9n\u00e9riques, les mol\u00e9cules les plus co\u00fbteuses des traitements contre le cancer aussi bien que des antidouleurs tr\u00e8s abordables. Et le m\u00e9dicament le plus contrefait reste le Viagra, la petite pilule bleue de Pfizer. Avec des cons\u00e9quences sanitaires gravissimes : plusieurs centaines de milliers de personnes p\u00e9rissent dans le monde chaque ann\u00e9e \u00e0 cause de faux m\u00e9dicaments.<\/p>\n\n\n\n<p>Deuxi\u00e8mement, nous avons le march\u00e9 \u00abnoir\u00bb des armes et de leurs munitions, issu n\u00e9cessairement du march\u00e9 \u00abblanc\u00bb puisque, rappelons-le, chaque arme est fabriqu\u00e9e dans une usine l\u00e9gale, une th\u00e9matique qui permet de comprendre les volont\u00e9s de puissance des divers acteurs g\u00e9opolitiques \u00e0 travers le monde. Tandis que le trafic de drogues est r\u00e9prim\u00e9 internationalement, le trafic d\u2019armes est r\u00e9gl\u00e9 par les Etats qui en font leurs b\u00e9n\u00e9fices. La vente d\u2019armes s\u2019effectue r\u00e9guli\u00e8rement entre plusieurs partenaires priv\u00e9s et publics. Sur un total des d\u00e9penses militaires mondiales s&rsquo;\u00e9l\u00e8ve \u00e0 2443 milliards de dollars en 2023, soit une augmentation de 6,8 % par rapport \u00e0 2022, le march\u00e9 international du trafic d&rsquo;armes est \u00e9valu\u00e9 \u00e0 1 200 milliards de dollars par an.<\/p>\n\n\n\n<p>Troisi\u00e8mement, nous avons la mont\u00e9e en puissance du trafic de drogue o\u00f9 les narcotrafiquants cr\u00e9ent de nouveaux march\u00e9s nationaux et r\u00e9gionaux pour acheminer leurs produits. Afin de s\u00e9curiser le transit de leurs marchandises, ces narcotrafiquants recourent \u00e0 la protection que peuvent apporter, par leur parfaite connaissance du terrain, les groupes terroristes et les diff\u00e9rentes dissidences, concourant ainsi \u00e0 leur financement. Dans le monde chaque ann\u00e9e, le chiffre d&rsquo;affaires du trafic de drogue s&rsquo;\u00e9l\u00e8ve \u00e0 pr\u00e8s de 250 milliards de dollars.<\/p>\n\n\n\n<p>Quatri\u00e8mement, nous avons la traite des \u00eatres humains qui est une activit\u00e9 criminelle internationale dans laquelle des hommes, des femmes et des enfants sont soumis \u00e0 l\u2019exploitation sexuelle ou \u00e0 l\u2019exploitation par le travail \u00e0 ne confondre avec les flux migratoires encore qu\u2019existent des liens. Mais contrairement \u00e0 une id\u00e9e faussement r\u00e9pandue v\u00e9hicul\u00e9e par les pays d\u00e9velopp\u00e9s, qui d\u2019ailleurs pompent l\u2019\u00e9lite de l\u2019Afrique, la vidant de sa substance, l&rsquo;ampleur de la migration circulaire au sein du continent africain d\u00e9passe de loin celle de la migration internationale ; plus de 80 % des r\u00e9fugi\u00e9s africains ayant trouv\u00e9 asile dans d&rsquo;autres pays africains. Selon le Rapport sur la migration en Afrique 2021 de l&rsquo;Organisation internationale pour les migrations (OIM, l\u2019Afrique australe devant conna\u00eetre la plus forte augmentation de la mobilit\u00e9 transfrontali\u00e8re avec entre 200\u2009000 et 800\u2009000 personnes susceptibles de se rendre dans un pays voisin d\u2019ici 2050. Mais la migration la plus importante en Afrique a toujours lieu \u00e0 l\u2019int\u00e9rieur des pays, le plus souvent des zones rurales vers les zones urbaines . Cela est accentu\u00e9 par les conflits internes , comme par exemple en 2023 du conflit entre factions militaires au Soudan qui a entra\u00een\u00e9 six millions de d\u00e9placements et bien d\u2019autres pays comme en R\u00e9publique d\u00e9mocratique du Congo, en R\u00e9publique centrafricaine et en Somalie. Le changement climatique qui serait selon l\u2019ONU \u00e0 l\u2019origine de 10% de l\u2019ensemble des migrations transfrontali\u00e8res en Afrique d\u2019ici le milieu du si\u00e8cle, a entra\u00een\u00e9 une r\u00e9duction de 34 % de la croissance de la productivit\u00e9 agricole en Afrique subsaharienne depuis 1961 ; ce qui contribue \u00e0 une ins\u00e9curit\u00e9 alimentaire sans pr\u00e9c\u00e9dent sur le continent ces derni\u00e8res ann\u00e9es les rapports internationaux estimant que 35 % de la population de l\u2019Afrique subsaharienne vit dans la pauvret\u00e9, ce qui cr\u00e9e une pression \u00e9norme sur les membres des m\u00e9nages ayant un revenu pour qu\u2019ils trouvent un emploi afin de r\u00e9pondre aux besoins essentiels. Quant au trafic de migrants, c\u2019est une activit\u00e9 bien organis\u00e9e dans laquelle des personnes sont d\u00e9plac\u00e9es dans le monde en utilisant des r\u00e9seaux criminels, des groupes et des itin\u00e9raires. En soulignant que les transferts de fonds vers le pays d\u2019origine g\u00e9n\u00e9ralement pauvre et en incluant les travailleurs l\u00e9gaux le montant officiel des envois de fonds vers les pays \u00e0 revenu faible et interm\u00e9diaire s&rsquo;est \u00e9lev\u00e9 \u00e0 environ \u00e0 860 milliards de dollars en 2023, mais les revenus criminels g\u00e9n\u00e9r\u00e9s par le trafic des \u00eatres humains sont estim\u00e9s \u00e0 10 milliards de dollars\/an rien que le long des deux routes principales utilis\u00e9es pour ce trafic &#8211; respectivement de l&rsquo;Afrique de l&rsquo;Est, du Nord et de l&rsquo;Ouest vers l&rsquo;Europe et de l&rsquo;Am\u00e9rique du Sud vers l&rsquo;Am\u00e9rique du Nord, et que le montant global d\u00e9passerait les 32 milliards de dollars .Selon, l\u2019ONU, le trafic de migrants, en tant que forme de criminalit\u00e9 organis\u00e9e, toucherait 49,6 millions de personnes dont 70% de femmes, permettant un gain 3 milliards de dollars par an et que la traite des \u00eatres humains fait chaque ann\u00e9e des millions de victimes dans le monde, avec un profit annuel estim\u00e9 \u00e0 32 milliards de dollars par Grow Think Tank.<\/p>\n\n\n\n<p>Cinqui\u00e8mement, nous avons le trafic de ressources naturelles qui inclut la contrebande de mati\u00e8res premi\u00e8res telles que diamants et m\u00e9taux rares (provenant souvent de zones de conflits). La criminalit\u00e9 environnementale concerne \u00e9galement le trafic d&rsquo;esp\u00e8ces sauvages et de bois et on estime la valeur totale entrant sur le march\u00e9 \u00e0 environ 100 millions de dollars par an.<\/p>\n\n\n\n<p>Sixi\u00e8mement , nous avons la cybercriminalit\u00e9, qui est li\u00e9e \u00e0 la r\u00e9volution dans le domaine des syst\u00e8mes d\u2019information et peut d\u00e9stabiliser tout un pays tant sur le plan militaire, s\u00e9curitaire qu\u2019\u00e9conomique. Il englobe plusieurs domaines exploitant notamment de plus en plus internet pour d\u00e9rober des donn\u00e9es priv\u00e9es, acc\u00e9der \u00e0 des comptes bancaires et obtenir frauduleusement parfois des donn\u00e9es strat\u00e9giques pour le pays. Le num\u00e9rique a transform\u00e9 \u00e0 peu pr\u00e8s tous les aspects de notre vie, notamment la notion de risque et la criminalit\u00e9, de sorte que l\u2019activit\u00e9 criminelle est plus efficace, moins risqu\u00e9e, plus rentable et plus facile que jamais. Selon Cybercriminalit\u00e9, les individus ont perdu entre 208\/2019 perdent 318 milliards de dollars chaque ann\u00e9e \u00e0 cause de la cybercriminalit\u00e9. Plus de 71 millions de personnes en sont victimes par an Globalement, on estime que le co\u00fbt des cyberattaques en 2025 d\u00e9passera les 1000 milliards de dollars (9.3 billions d&rsquo;euros), selon Cybersecurity Ventures favoris\u00e9 par l\u2019intelligence artificielle. Ainsi, le co\u00fbt moyen d\u2019une atteinte \u00e0 la protection des donn\u00e9es des PME peut varier entre 120 000 et 1.24 millions de dollars (110 000 euros et 1,15 million d&rsquo;euros). Les recherches men\u00e9es par la soci\u00e9t\u00e9 de donn\u00e9es blockchain ont permis de constater qu&rsquo;en 2023, les crypto-criminels ont r\u00e9ussi \u00e0 blanchir 22,2 milliards de dollars de gains illicites contre le record absolu de 31,5 milliards de dollars en 2022.<\/p>\n\n\n\n<p>&nbsp;Septi\u00e8mement, en synth\u00e8se de tous ces trafics, nous avons le blanchiment d\u2019argent qui est un processus durant lequel l\u2019argent gagn\u00e9 par un crime ou par un acte ill\u00e9gal est lav\u00e9. Il s\u2019agit en fait de voiler l\u2019origine de l\u2019argent pour s\u2019en servir apr\u00e8s l\u00e9galement. Les multiples paradis fiscaux, des soci\u00e9t\u00e9s de clearing (aussi Offshore) permettent de cacher l\u2019origine de l\u2019argent. Le blanchiment d\u2019argent est une pratique qui permet aux criminels de s\u2019enrichir en finan\u00e7ant des activit\u00e9s ill\u00e9gales telles que les ventes d\u2019armes et de stup\u00e9fiants, le trafic d\u2019\u00eatres humains, la contrebande, les malversations, les d\u00e9lits d\u2019initi\u00e9, la corruption et les op\u00e9rations frauduleuses. Outre les groupes criminels organis\u00e9s, les blanchisseurs d\u2019argent professionnels ont pour vocation de fournir des services de blanchiment pour le compte de tiers.\u202f\u202f M\u00eame si l\u2019ampleur du blanchiment d\u2019argent dans le monde est difficile \u00e0 \u00e9valuer, ces op\u00e9rations repr\u00e9sentent entre 2 et 5% du PIB total mondial selon l\u2019Office des Nations Unies contre les drogues et le crime (ONUDC).\u202f Selon une enqu\u00eate r\u00e9alis\u00e9e en 2020 , du Consortium international des journalistes d\u2019investigation (ICIJ), d\u00e9j\u00e0 \u00e0 l\u2019origine des Panama Papers, les grandes banques mondiales auraient particip\u00e9 au blanchiment de 2000 milliards de dollars pendant plus de deux d\u00e9cennies. La mise en circulation des fonds blanchis dans le syst\u00e8me financier l\u00e9gal s\u2019effectue par le biais d\u2019un processus de blanchiment d\u2019argent g\u00e9n\u00e9ralement organis\u00e9 en trois \u00e9tapes, \u00e0 savoir\u202f:\u202fpremi\u00e8rement, le placement\u202f : l\u2019argent sale est introduit dans le syst\u00e8me financier ; deuxi\u00e8mement, \u202fl\u2019 empilement\u202f\u202f: les fonds illicites circulent pour dissimuler leur origine\u202f et troisi\u00e8mement, l\u2019 int\u00e9gration\/l\u2019extraction\u202f : l\u2019argent est r\u00e9introduit dans l\u2019\u00e9conomie l\u00e9gitime via des investissements \u00ab\u202fpropres\u202f\u00bb\u202f. Tenant compte de nos analyses pr\u00e9c\u00e9dentes, qui interpellent tant la communaut\u00e9 internationale que les dirigeants de l\u2019Afrique o\u00f9 en ce d\u00e9but du 21\u00e8me si\u00e8cle, des disparit\u00e9s de niveau de vie criantes font de notre plan\u00e8te un monde particuli\u00e8rement cruel et dangereusement d\u00e9s\u00e9quilibr\u00e9. L\u2019abondance et l\u2019opulence y c\u00f4toient d\u2019une mani\u00e8re absolument insupportable la pauvret\u00e9 \u00e0 due \u00e0 une r\u00e9partition in\u00e9quitable des richesses mais aussi \u00e0 la gouvernance, des plus discutable, qu\u2019exercent les \u00e9lites politiques des pays du continent Afrique, je pr\u00e9conise dix actions afin de r\u00e9g\u00e9n\u00e9rer le continent Afrique dont le fondement est une bonne gouvernance et la valorisation du savoir<\/p>\n\n\n\n<p>*&nbsp;Cette pr\u00e9sente contribution relate mon intervention \u00e0 ALTERNATV ATV Qu\u00e9bec\/ Canada 28 juillet 2024 15h30 Montr\u00e9al &#8211; 20h30 heure alg\u00e9rienne qui a dur\u00e9 1h30 disponible sur YouTube https:\/\/www.youtube.com\/live\/9yrHB-EqdXE?si=Le_vG5dEFFq6ugED sur le th\u00e8me strat\u00e9gique \u00ab l\u2019avenir de l\u2019Afrique au sein de l\u2019\u00e9conomie mondiale , face aux convoitises des grandes puissances et les diff\u00e9rents trafics au niveau de la r\u00e9gion sah\u00e9lienne et leurs impacts sur la s\u00e9curit\u00e9 et le d\u00e9veloppement \u00bb , conf\u00e9rence qui fait suit suite \u00e0 mes diff\u00e9rentes conf\u00e9rences largement publi\u00e9es au niveau national et international, donn\u00e9es durant les cinq derni\u00e8res ann\u00e9es \u00e0 l\u2019Ecole sup\u00e9rieure de Guerre \u2013 ESG, \u00e0 l\u2019institut militaire de prospectives IMPED, \u00e0 l\u2019Etat- major de la gendarmerie nationale, \u00e0 la DGSN, au s\u00e9nat fran\u00e7ais et devant les ambassadeurs accr\u00e9dit\u00e9s \u00e0 l\u2019Alger au si\u00e8ge de l\u2019Union europ\u00e9enne, en trois parties interd\u00e9pendances, premi\u00e8rement, l\u2019 Afrique au sein de l\u2019\u00e9conomie mondiale, deuxi\u00e8mement les diff\u00e9rents trafics facteur de d\u00e9stabilisation de l\u2019Afrique au niveau de la r\u00e9gion sah\u00e9lienne et troisi\u00e8mement les dix axes directeurs du d\u00e9veloppement de l\u2019Afrique 2025\/2030\/2040 .<\/p>\n","protected":false},"excerpt":{"rendered":"<p>Par Abderrahmane Mebtoul *&nbsp; Professeur des universit\u00e9s, expert international Pour \u00e9viter toute mauvaise interpr\u00e9tation, les donn\u00e9es chiffr\u00e9es \u00e9conomiques doivent \u00eatre<\/p>\n","protected":false},"author":3,"featured_media":7876,"comment_status":"open","ping_status":"closed","sticky":false,"template":"","format":"standard","meta":{"colormag_page_container_layout":"default_layout","colormag_page_sidebar_layout":"default_layout","om_disable_all_campaigns":false,"_monsterinsights_skip_tracking":false,"_monsterinsights_sitenote_active":false,"_monsterinsights_sitenote_note":"","_monsterinsights_sitenote_category":0,"footnotes":"","_wpscppro_dont_share_socialmedia":false,"_wpscppro_custom_social_share_image":0,"_facebook_share_type":"default","_twitter_share_type":"default","_linkedin_share_type":"default","_pinterest_share_type":"default","_linkedin_share_type_page":"","_instagram_share_type":"default","_medium_share_type":"","_threads_share_type":"","_google_business_share_type":"","_selected_social_profile":[],"_wpsp_enable_custom_social_template":false,"_wpsp_social_scheduling":{"enabled":false,"datetime":null,"platforms":[],"status":"template_only","dateOption":"today","timeOption":"now","customDays":"","customHours":"","customDate":"","customTime":"","schedulingType":"absolute"},"_wpsp_active_default_template":true},"categories":[56,38],"tags":[],"class_list":["post-55034","post","type-post","status-publish","format-standard","has-post-thumbnail","hentry","category-contribution","category-debats"],"aioseo_notices":[],"yoast_head":"<!-- This site is optimized with the Yoast SEO plugin v27.5 - https:\/\/yoast.com\/product\/yoast-seo-wordpress\/ -->\n<title>Quel avenir pour l\u2019Afrique au sein de l\u2019\u00e9conomie mondiale ? (Premi\u00e8re partie) - La Sentinelle<\/title>\n<meta name=\"robots\" content=\"index, follow, max-snippet:-1, max-image-preview:large, max-video-preview:-1\" \/>\n<link rel=\"canonical\" href=\"https:\/\/lasentinelle.dz\/index.php\/2024\/07\/30\/quel-avenir-pour-lafrique-au-sein-de-leconomie-mondiale-premiere-partie\/\" \/>\n<meta property=\"og:locale\" content=\"fr_FR\" \/>\n<meta property=\"og:type\" content=\"article\" \/>\n<meta property=\"og:title\" content=\"Quel avenir pour l\u2019Afrique au sein de l\u2019\u00e9conomie mondiale ? (Premi\u00e8re partie) - La Sentinelle\" \/>\n<meta property=\"og:description\" content=\"Par Abderrahmane Mebtoul *&nbsp; Professeur des universit\u00e9s, expert international Pour \u00e9viter toute mauvaise interpr\u00e9tation, les donn\u00e9es chiffr\u00e9es \u00e9conomiques doivent \u00eatre\" \/>\n<meta property=\"og:url\" content=\"https:\/\/lasentinelle.dz\/index.php\/2024\/07\/30\/quel-avenir-pour-lafrique-au-sein-de-leconomie-mondiale-premiere-partie\/\" \/>\n<meta property=\"og:site_name\" content=\"La Sentinelle\" \/>\n<meta property=\"article:publisher\" content=\"https:\/\/www.facebook.com\/La-Sentinelle-104059864394773\" \/>\n<meta property=\"article:published_time\" content=\"2024-07-30T12:38:08+00:00\" \/>\n<meta property=\"article:modified_time\" content=\"2024-07-30T12:38:09+00:00\" \/>\n<meta property=\"og:image\" content=\"https:\/\/lasentinelle.dz\/wp-content\/uploads\/2021\/09\/contribution.png\" \/>\n\t<meta property=\"og:image:width\" content=\"1600\" \/>\n\t<meta property=\"og:image:height\" content=\"900\" \/>\n\t<meta property=\"og:image:type\" content=\"image\/png\" \/>\n<meta name=\"author\" content=\"La Sentinelle\" \/>\n<meta name=\"twitter:card\" content=\"summary_large_image\" \/>\n<meta name=\"twitter:label1\" content=\"\u00c9crit par\" \/>\n\t<meta name=\"twitter:data1\" content=\"La Sentinelle\" \/>\n\t<meta name=\"twitter:label2\" content=\"Dur\u00e9e de lecture estim\u00e9e\" \/>\n\t<meta name=\"twitter:data2\" content=\"22 minutes\" \/>\n<script type=\"application\/ld+json\" class=\"yoast-schema-graph\">{\"@context\":\"https:\\\/\\\/schema.org\",\"@graph\":[{\"@type\":\"Article\",\"@id\":\"https:\\\/\\\/lasentinelle.dz\\\/index.php\\\/2024\\\/07\\\/30\\\/quel-avenir-pour-lafrique-au-sein-de-leconomie-mondiale-premiere-partie\\\/#article\",\"isPartOf\":{\"@id\":\"https:\\\/\\\/lasentinelle.dz\\\/index.php\\\/2024\\\/07\\\/30\\\/quel-avenir-pour-lafrique-au-sein-de-leconomie-mondiale-premiere-partie\\\/\"},\"author\":{\"name\":\"La Sentinelle\",\"@id\":\"https:\\\/\\\/lasentinelle.dz\\\/#\\\/schema\\\/person\\\/d865044e22e70a75174ce8bcad3acfb3\"},\"headline\":\"Quel avenir pour l\u2019Afrique au sein de l\u2019\u00e9conomie mondiale ? (Premi\u00e8re partie)\",\"datePublished\":\"2024-07-30T12:38:08+00:00\",\"dateModified\":\"2024-07-30T12:38:09+00:00\",\"mainEntityOfPage\":{\"@id\":\"https:\\\/\\\/lasentinelle.dz\\\/index.php\\\/2024\\\/07\\\/30\\\/quel-avenir-pour-lafrique-au-sein-de-leconomie-mondiale-premiere-partie\\\/\"},\"wordCount\":4445,\"commentCount\":0,\"publisher\":{\"@id\":\"https:\\\/\\\/lasentinelle.dz\\\/#organization\"},\"image\":{\"@id\":\"https:\\\/\\\/lasentinelle.dz\\\/index.php\\\/2024\\\/07\\\/30\\\/quel-avenir-pour-lafrique-au-sein-de-leconomie-mondiale-premiere-partie\\\/#primaryimage\"},\"thumbnailUrl\":\"https:\\\/\\\/lasentinelle.dz\\\/wp-content\\\/uploads\\\/2021\\\/09\\\/contribution.png\",\"articleSection\":[\"Contribution\",\"D\u00e9bats\"],\"inLanguage\":\"fr-FR\",\"potentialAction\":[{\"@type\":\"CommentAction\",\"name\":\"Comment\",\"target\":[\"https:\\\/\\\/lasentinelle.dz\\\/index.php\\\/2024\\\/07\\\/30\\\/quel-avenir-pour-lafrique-au-sein-de-leconomie-mondiale-premiere-partie\\\/#respond\"]}]},{\"@type\":\"WebPage\",\"@id\":\"https:\\\/\\\/lasentinelle.dz\\\/index.php\\\/2024\\\/07\\\/30\\\/quel-avenir-pour-lafrique-au-sein-de-leconomie-mondiale-premiere-partie\\\/\",\"url\":\"https:\\\/\\\/lasentinelle.dz\\\/index.php\\\/2024\\\/07\\\/30\\\/quel-avenir-pour-lafrique-au-sein-de-leconomie-mondiale-premiere-partie\\\/\",\"name\":\"Quel avenir pour l\u2019Afrique au sein de l\u2019\u00e9conomie mondiale ? (Premi\u00e8re partie) - La Sentinelle\",\"isPartOf\":{\"@id\":\"https:\\\/\\\/lasentinelle.dz\\\/#website\"},\"primaryImageOfPage\":{\"@id\":\"https:\\\/\\\/lasentinelle.dz\\\/index.php\\\/2024\\\/07\\\/30\\\/quel-avenir-pour-lafrique-au-sein-de-leconomie-mondiale-premiere-partie\\\/#primaryimage\"},\"image\":{\"@id\":\"https:\\\/\\\/lasentinelle.dz\\\/index.php\\\/2024\\\/07\\\/30\\\/quel-avenir-pour-lafrique-au-sein-de-leconomie-mondiale-premiere-partie\\\/#primaryimage\"},\"thumbnailUrl\":\"https:\\\/\\\/lasentinelle.dz\\\/wp-content\\\/uploads\\\/2021\\\/09\\\/contribution.png\",\"datePublished\":\"2024-07-30T12:38:08+00:00\",\"dateModified\":\"2024-07-30T12:38:09+00:00\",\"breadcrumb\":{\"@id\":\"https:\\\/\\\/lasentinelle.dz\\\/index.php\\\/2024\\\/07\\\/30\\\/quel-avenir-pour-lafrique-au-sein-de-leconomie-mondiale-premiere-partie\\\/#breadcrumb\"},\"inLanguage\":\"fr-FR\",\"potentialAction\":[{\"@type\":\"ReadAction\",\"target\":[\"https:\\\/\\\/lasentinelle.dz\\\/index.php\\\/2024\\\/07\\\/30\\\/quel-avenir-pour-lafrique-au-sein-de-leconomie-mondiale-premiere-partie\\\/\"]}]},{\"@type\":\"ImageObject\",\"inLanguage\":\"fr-FR\",\"@id\":\"https:\\\/\\\/lasentinelle.dz\\\/index.php\\\/2024\\\/07\\\/30\\\/quel-avenir-pour-lafrique-au-sein-de-leconomie-mondiale-premiere-partie\\\/#primaryimage\",\"url\":\"https:\\\/\\\/lasentinelle.dz\\\/wp-content\\\/uploads\\\/2021\\\/09\\\/contribution.png\",\"contentUrl\":\"https:\\\/\\\/lasentinelle.dz\\\/wp-content\\\/uploads\\\/2021\\\/09\\\/contribution.png\",\"width\":1600,\"height\":900},{\"@type\":\"BreadcrumbList\",\"@id\":\"https:\\\/\\\/lasentinelle.dz\\\/index.php\\\/2024\\\/07\\\/30\\\/quel-avenir-pour-lafrique-au-sein-de-leconomie-mondiale-premiere-partie\\\/#breadcrumb\",\"itemListElement\":[{\"@type\":\"ListItem\",\"position\":1,\"name\":\"Accueil\",\"item\":\"https:\\\/\\\/lasentinelle.dz\\\/\"},{\"@type\":\"ListItem\",\"position\":2,\"name\":\"Quel avenir pour l\u2019Afrique au sein de l\u2019\u00e9conomie mondiale ? (Premi\u00e8re partie)\"}]},{\"@type\":\"WebSite\",\"@id\":\"https:\\\/\\\/lasentinelle.dz\\\/#website\",\"url\":\"https:\\\/\\\/lasentinelle.dz\\\/\",\"name\":\"La Sentinelle\",\"description\":\"Quotidien national d&#039;information\",\"publisher\":{\"@id\":\"https:\\\/\\\/lasentinelle.dz\\\/#organization\"},\"potentialAction\":[{\"@type\":\"SearchAction\",\"target\":{\"@type\":\"EntryPoint\",\"urlTemplate\":\"https:\\\/\\\/lasentinelle.dz\\\/?s={search_term_string}\"},\"query-input\":{\"@type\":\"PropertyValueSpecification\",\"valueRequired\":true,\"valueName\":\"search_term_string\"}}],\"inLanguage\":\"fr-FR\"},{\"@type\":\"Organization\",\"@id\":\"https:\\\/\\\/lasentinelle.dz\\\/#organization\",\"name\":\"Quotidien La Sentinelle\",\"url\":\"https:\\\/\\\/lasentinelle.dz\\\/\",\"logo\":{\"@type\":\"ImageObject\",\"inLanguage\":\"fr-FR\",\"@id\":\"https:\\\/\\\/lasentinelle.dz\\\/#\\\/schema\\\/logo\\\/image\\\/\",\"url\":\"https:\\\/\\\/lasentinelle.dz\\\/wp-content\\\/uploads\\\/2021\\\/09\\\/logo-sentinelleSLOGAN-1.png\",\"contentUrl\":\"https:\\\/\\\/lasentinelle.dz\\\/wp-content\\\/uploads\\\/2021\\\/09\\\/logo-sentinelleSLOGAN-1.png\",\"width\":615,\"height\":142,\"caption\":\"Quotidien La Sentinelle\"},\"image\":{\"@id\":\"https:\\\/\\\/lasentinelle.dz\\\/#\\\/schema\\\/logo\\\/image\\\/\"},\"sameAs\":[\"https:\\\/\\\/www.facebook.com\\\/La-Sentinelle-104059864394773\"]},{\"@type\":\"Person\",\"@id\":\"https:\\\/\\\/lasentinelle.dz\\\/#\\\/schema\\\/person\\\/d865044e22e70a75174ce8bcad3acfb3\",\"name\":\"La Sentinelle\",\"image\":{\"@type\":\"ImageObject\",\"inLanguage\":\"fr-FR\",\"@id\":\"https:\\\/\\\/secure.gravatar.com\\\/avatar\\\/57de8e5d4b15d43fb361a71fbb36338450fe67865b528a43dd10ef7c51a20392?s=96&d=mm&r=g\",\"url\":\"https:\\\/\\\/secure.gravatar.com\\\/avatar\\\/57de8e5d4b15d43fb361a71fbb36338450fe67865b528a43dd10ef7c51a20392?s=96&d=mm&r=g\",\"contentUrl\":\"https:\\\/\\\/secure.gravatar.com\\\/avatar\\\/57de8e5d4b15d43fb361a71fbb36338450fe67865b528a43dd10ef7c51a20392?s=96&d=mm&r=g\",\"caption\":\"La Sentinelle\"},\"sameAs\":[\"http:\\\/\\\/www.lasentinelle.dz\"],\"url\":\"https:\\\/\\\/lasentinelle.dz\\\/author\\\/redaction\\\/\"}]}<\/script>\n<!-- \/ Yoast SEO plugin. -->","yoast_head_json":{"title":"Quel avenir pour l\u2019Afrique au sein de l\u2019\u00e9conomie mondiale ? (Premi\u00e8re partie) - La Sentinelle","robots":{"index":"index","follow":"follow","max-snippet":"max-snippet:-1","max-image-preview":"max-image-preview:large","max-video-preview":"max-video-preview:-1"},"canonical":"https:\/\/lasentinelle.dz\/index.php\/2024\/07\/30\/quel-avenir-pour-lafrique-au-sein-de-leconomie-mondiale-premiere-partie\/","og_locale":"fr_FR","og_type":"article","og_title":"Quel avenir pour l\u2019Afrique au sein de l\u2019\u00e9conomie mondiale ? (Premi\u00e8re partie) - La Sentinelle","og_description":"Par Abderrahmane Mebtoul *&nbsp; Professeur des universit\u00e9s, expert international Pour \u00e9viter toute mauvaise interpr\u00e9tation, les donn\u00e9es chiffr\u00e9es \u00e9conomiques doivent \u00eatre","og_url":"https:\/\/lasentinelle.dz\/index.php\/2024\/07\/30\/quel-avenir-pour-lafrique-au-sein-de-leconomie-mondiale-premiere-partie\/","og_site_name":"La Sentinelle","article_publisher":"https:\/\/www.facebook.com\/La-Sentinelle-104059864394773","article_published_time":"2024-07-30T12:38:08+00:00","article_modified_time":"2024-07-30T12:38:09+00:00","og_image":[{"width":1600,"height":900,"url":"https:\/\/lasentinelle.dz\/wp-content\/uploads\/2021\/09\/contribution.png","type":"image\/png"}],"author":"La Sentinelle","twitter_card":"summary_large_image","twitter_misc":{"\u00c9crit par":"La Sentinelle","Dur\u00e9e de lecture estim\u00e9e":"22 minutes"},"schema":{"@context":"https:\/\/schema.org","@graph":[{"@type":"Article","@id":"https:\/\/lasentinelle.dz\/index.php\/2024\/07\/30\/quel-avenir-pour-lafrique-au-sein-de-leconomie-mondiale-premiere-partie\/#article","isPartOf":{"@id":"https:\/\/lasentinelle.dz\/index.php\/2024\/07\/30\/quel-avenir-pour-lafrique-au-sein-de-leconomie-mondiale-premiere-partie\/"},"author":{"name":"La Sentinelle","@id":"https:\/\/lasentinelle.dz\/#\/schema\/person\/d865044e22e70a75174ce8bcad3acfb3"},"headline":"Quel avenir pour l\u2019Afrique au sein de l\u2019\u00e9conomie mondiale ? (Premi\u00e8re partie)","datePublished":"2024-07-30T12:38:08+00:00","dateModified":"2024-07-30T12:38:09+00:00","mainEntityOfPage":{"@id":"https:\/\/lasentinelle.dz\/index.php\/2024\/07\/30\/quel-avenir-pour-lafrique-au-sein-de-leconomie-mondiale-premiere-partie\/"},"wordCount":4445,"commentCount":0,"publisher":{"@id":"https:\/\/lasentinelle.dz\/#organization"},"image":{"@id":"https:\/\/lasentinelle.dz\/index.php\/2024\/07\/30\/quel-avenir-pour-lafrique-au-sein-de-leconomie-mondiale-premiere-partie\/#primaryimage"},"thumbnailUrl":"https:\/\/lasentinelle.dz\/wp-content\/uploads\/2021\/09\/contribution.png","articleSection":["Contribution","D\u00e9bats"],"inLanguage":"fr-FR","potentialAction":[{"@type":"CommentAction","name":"Comment","target":["https:\/\/lasentinelle.dz\/index.php\/2024\/07\/30\/quel-avenir-pour-lafrique-au-sein-de-leconomie-mondiale-premiere-partie\/#respond"]}]},{"@type":"WebPage","@id":"https:\/\/lasentinelle.dz\/index.php\/2024\/07\/30\/quel-avenir-pour-lafrique-au-sein-de-leconomie-mondiale-premiere-partie\/","url":"https:\/\/lasentinelle.dz\/index.php\/2024\/07\/30\/quel-avenir-pour-lafrique-au-sein-de-leconomie-mondiale-premiere-partie\/","name":"Quel avenir pour l\u2019Afrique au sein de l\u2019\u00e9conomie mondiale ? (Premi\u00e8re partie) - La Sentinelle","isPartOf":{"@id":"https:\/\/lasentinelle.dz\/#website"},"primaryImageOfPage":{"@id":"https:\/\/lasentinelle.dz\/index.php\/2024\/07\/30\/quel-avenir-pour-lafrique-au-sein-de-leconomie-mondiale-premiere-partie\/#primaryimage"},"image":{"@id":"https:\/\/lasentinelle.dz\/index.php\/2024\/07\/30\/quel-avenir-pour-lafrique-au-sein-de-leconomie-mondiale-premiere-partie\/#primaryimage"},"thumbnailUrl":"https:\/\/lasentinelle.dz\/wp-content\/uploads\/2021\/09\/contribution.png","datePublished":"2024-07-30T12:38:08+00:00","dateModified":"2024-07-30T12:38:09+00:00","breadcrumb":{"@id":"https:\/\/lasentinelle.dz\/index.php\/2024\/07\/30\/quel-avenir-pour-lafrique-au-sein-de-leconomie-mondiale-premiere-partie\/#breadcrumb"},"inLanguage":"fr-FR","potentialAction":[{"@type":"ReadAction","target":["https:\/\/lasentinelle.dz\/index.php\/2024\/07\/30\/quel-avenir-pour-lafrique-au-sein-de-leconomie-mondiale-premiere-partie\/"]}]},{"@type":"ImageObject","inLanguage":"fr-FR","@id":"https:\/\/lasentinelle.dz\/index.php\/2024\/07\/30\/quel-avenir-pour-lafrique-au-sein-de-leconomie-mondiale-premiere-partie\/#primaryimage","url":"https:\/\/lasentinelle.dz\/wp-content\/uploads\/2021\/09\/contribution.png","contentUrl":"https:\/\/lasentinelle.dz\/wp-content\/uploads\/2021\/09\/contribution.png","width":1600,"height":900},{"@type":"BreadcrumbList","@id":"https:\/\/lasentinelle.dz\/index.php\/2024\/07\/30\/quel-avenir-pour-lafrique-au-sein-de-leconomie-mondiale-premiere-partie\/#breadcrumb","itemListElement":[{"@type":"ListItem","position":1,"name":"Accueil","item":"https:\/\/lasentinelle.dz\/"},{"@type":"ListItem","position":2,"name":"Quel avenir pour l\u2019Afrique au sein de l\u2019\u00e9conomie mondiale ? (Premi\u00e8re partie)"}]},{"@type":"WebSite","@id":"https:\/\/lasentinelle.dz\/#website","url":"https:\/\/lasentinelle.dz\/","name":"La Sentinelle","description":"Quotidien national d&#039;information","publisher":{"@id":"https:\/\/lasentinelle.dz\/#organization"},"potentialAction":[{"@type":"SearchAction","target":{"@type":"EntryPoint","urlTemplate":"https:\/\/lasentinelle.dz\/?s={search_term_string}"},"query-input":{"@type":"PropertyValueSpecification","valueRequired":true,"valueName":"search_term_string"}}],"inLanguage":"fr-FR"},{"@type":"Organization","@id":"https:\/\/lasentinelle.dz\/#organization","name":"Quotidien La Sentinelle","url":"https:\/\/lasentinelle.dz\/","logo":{"@type":"ImageObject","inLanguage":"fr-FR","@id":"https:\/\/lasentinelle.dz\/#\/schema\/logo\/image\/","url":"https:\/\/lasentinelle.dz\/wp-content\/uploads\/2021\/09\/logo-sentinelleSLOGAN-1.png","contentUrl":"https:\/\/lasentinelle.dz\/wp-content\/uploads\/2021\/09\/logo-sentinelleSLOGAN-1.png","width":615,"height":142,"caption":"Quotidien La Sentinelle"},"image":{"@id":"https:\/\/lasentinelle.dz\/#\/schema\/logo\/image\/"},"sameAs":["https:\/\/www.facebook.com\/La-Sentinelle-104059864394773"]},{"@type":"Person","@id":"https:\/\/lasentinelle.dz\/#\/schema\/person\/d865044e22e70a75174ce8bcad3acfb3","name":"La Sentinelle","image":{"@type":"ImageObject","inLanguage":"fr-FR","@id":"https:\/\/secure.gravatar.com\/avatar\/57de8e5d4b15d43fb361a71fbb36338450fe67865b528a43dd10ef7c51a20392?s=96&d=mm&r=g","url":"https:\/\/secure.gravatar.com\/avatar\/57de8e5d4b15d43fb361a71fbb36338450fe67865b528a43dd10ef7c51a20392?s=96&d=mm&r=g","contentUrl":"https:\/\/secure.gravatar.com\/avatar\/57de8e5d4b15d43fb361a71fbb36338450fe67865b528a43dd10ef7c51a20392?s=96&d=mm&r=g","caption":"La Sentinelle"},"sameAs":["http:\/\/www.lasentinelle.dz"],"url":"https:\/\/lasentinelle.dz\/author\/redaction\/"}]}},"_links":{"self":[{"href":"https:\/\/lasentinelle.dz\/index.php\/wp-json\/wp\/v2\/posts\/55034","targetHints":{"allow":["GET"]}}],"collection":[{"href":"https:\/\/lasentinelle.dz\/index.php\/wp-json\/wp\/v2\/posts"}],"about":[{"href":"https:\/\/lasentinelle.dz\/index.php\/wp-json\/wp\/v2\/types\/post"}],"author":[{"embeddable":true,"href":"https:\/\/lasentinelle.dz\/index.php\/wp-json\/wp\/v2\/users\/3"}],"replies":[{"embeddable":true,"href":"https:\/\/lasentinelle.dz\/index.php\/wp-json\/wp\/v2\/comments?post=55034"}],"version-history":[{"count":1,"href":"https:\/\/lasentinelle.dz\/index.php\/wp-json\/wp\/v2\/posts\/55034\/revisions"}],"predecessor-version":[{"id":55035,"href":"https:\/\/lasentinelle.dz\/index.php\/wp-json\/wp\/v2\/posts\/55034\/revisions\/55035"}],"wp:featuredmedia":[{"embeddable":true,"href":"https:\/\/lasentinelle.dz\/index.php\/wp-json\/wp\/v2\/media\/7876"}],"wp:attachment":[{"href":"https:\/\/lasentinelle.dz\/index.php\/wp-json\/wp\/v2\/media?parent=55034"}],"wp:term":[{"taxonomy":"category","embeddable":true,"href":"https:\/\/lasentinelle.dz\/index.php\/wp-json\/wp\/v2\/categories?post=55034"},{"taxonomy":"post_tag","embeddable":true,"href":"https:\/\/lasentinelle.dz\/index.php\/wp-json\/wp\/v2\/tags?post=55034"}],"curies":[{"name":"wp","href":"https:\/\/api.w.org\/{rel}","templated":true}]}}